{"id":93490,"date":"2020-01-21T09:57:23","date_gmt":"2020-01-21T08:57:23","guid":{"rendered":"http:\/\/newsestlyonnais.fr\/site\/?p=93490"},"modified":"2020-11-10T20:49:58","modified_gmt":"2020-11-10T19:49:58","slug":"bron-lyon-nouvelle-qualif-des-m17-du-vbll-en-coupe-de-france-de-volley","status":"publish","type":"post","link":"https:\/\/newsestlyonnais.fr\/site\/2020\/01\/21\/bron-lyon-nouvelle-qualif-des-m17-du-vbll-en-coupe-de-france-de-volley\/","title":{"rendered":"BRON \u2013 LYON | Nouvelle qualif des M17 du Vb@ll en Coupe de France de volley"},"content":{"rendered":"<p>\u00a0\u00bb Face \u00e0 d&rsquo; \u00e9normes cylindr\u00e9es, dans deux rencontres intenses, les jeunes du coach Fabien Di Riscio arrachent la qualification au tie-break face au Pradetan Gard\u00e9en \u00a0\u00bb confie <strong>Anne-Marie Aubert, co-pr\u00e9sidente<\/strong> du club.<\/p>\n<p><strong>David Matile, membre du CA<\/strong> du club et pr\u00e9sent sur place, revient sur ce week-end de comp\u00e9tition :<\/p>\n<p>\u00a0\u00bb Pour un jeune volleyeur, la Coupe de France a toujours cette saveur unique de qu\u00eate vers un sacre. Nos jeunes moins de 17 ans de VBall ont bien cette culture puisque par le pass\u00e9 la majorit\u00e9 de cet effectif a particip\u00e9 dans cette comp\u00e9tition aux phases finales M13 et M15.<\/p>\n<p>Mais pour ce faire cette ann\u00e9e encore, il faudra, suite \u00e0 des tours \u00e9liminatoires, <strong>rester dans les 12 meilleures \u00e9quipes de France parmi les 124 engag\u00e9es initialement<\/strong>. Ce 4\u00b0 tour menait donc les joueurs lyonno-brondillants vers le soleil de Mougins (Alpes-Maritimes) afin d\u2019y affronter, dans une rencontre tripartite, les locaux et le club de Pradetan-Gard\u00e9en (Le Pradet et La Garde dans le Var).<\/p>\n<p>La premi\u00e8re rencontre opposa les sudistes et vit la victoire de Mougins 2 sets \u00e0 1, les varois ayant valeureusement d\u00e9fendu leurs chances.<\/p>\n<p>Nos g\u00f4nes entraient donc en lice face aux frais vainqueurs, qui sur leur lanc\u00e9e, entamaient pied au plancher ce match. A la moiti\u00e9 du set, nos jeunes intimid\u00e9s et en mode diesel comptaient 7 points de retard, et durent s\u2019incliner (25-19). Le second set d\u00e9marra sur un faux rythme mais la combativit\u00e9 lyonnaise pointa dans le regard des joueurs. Men\u00e9s de 3 points jusqu\u2019\u00e0 14, ils recoll\u00e8rent \u00e0 19 gr\u00e2ce \u00e0 une r\u00e9ception retrouv\u00e9e et un bloc d\u00e9fensif bien en place qui permit de construire de magnifiques points. De beaux services vari\u00e9s et risqu\u00e9s permettaient d\u2019esp\u00e9rer le gain en menant (20-23). Les locaux d\u00e9fendirent 2 balles de set avant d\u2019\u00e9galiser \u00e0 25, puis d\u2019inverser la tendance <strong>pour remporter le match (28-26).<\/strong><\/p>\n<p>Les varois et les rhodaniens, devaient se d\u00e9partager dans un match ouvrant \u00e0 une seule de ces 2 \u00e9quipes l\u2019\u00e9ch\u00e9ance suivante de cette comp\u00e9tition.<\/p>\n<p>Nos jeunes revanchards d\u00e9but\u00e8rent ce match sans vouloir s\u2019en laisser compter dans une ambiance, bien du sud, mais o\u00f9 les supporters \u00ab du nord \u00bb n\u2019\u00e9taient pas en reste. La prestation collective pris une autre tournure. Les encouragements, hourras et soutiens entre joueurs consolid\u00e8rent les prestations individuelles. Dans cet esprit, les 2 \u00e9quipes d\u00e9marr\u00e8rent et leur mano \u00e0 mano sans pouvoir se d\u00e9tacher jusqu\u2019au 12\u00b0 point du set. Mais \u00e0 ce moment Le Pradet se mit \u00e0 marquer 2 points chaque fois que Vball en marquait un. Les \u00e9changes \u00e9taient tendus, longs, haletants et des fautes minimes firent la diff\u00e9rence. Le score de 25-20 encaiss\u00e9 par les lyonnais parait tr\u00e8s s\u00e9v\u00e8re tant ils avaient r\u00e9ussis \u00e0 hausser leur niveau de jeu.<\/p>\n<p>Le second set ne permettait plus le droit \u00e0 l\u2019erreur, et apr\u00e8s un court premier tiers, les brondillants se d\u00e9tachaient progressivement et s\u00fbrement, en ne l\u00e2chant aucun point, en se battant sur tous les ballons, en recherchant les ressources morales n\u00e9cessaires. Accul\u00e9s, les jeunes d\u00e9montraient leur envie et leur combattivit\u00e9 pour s\u2019imposer largement au nombre de points mais avec une forte adversit\u00e9 dans le jeu sur le score de 25-15. Les 15 points du tie- break devenaient le score convoit\u00e9 par les deux \u00e9quipes pour ce dernier set. Certains de leur volley, avec application et d\u00e9termination, les g\u00f4nes reproduisaient le sc\u00e9nario du second set dans une ambiance irrespirable <strong>pour s\u2019imposer 15-10. <\/strong>Sous pression pendant les 5 sets jou\u00e9s, ils purent laisser exploser leur joie et savourer leur qualification.<\/p>\n<p>Si tout n\u2019a pas \u00e9t\u00e9 parfait dans le jeu de cette journ\u00e9e, la valeur des adversaires y \u00e9tait certainement pour beaucoup, mais nos jeunes volleyeurs ont su faire preuve d\u2019un mental qu\u2019on ne leur connait que trop peu et d\u2019une combattivit\u00e9 exemplaire !<\/p>\n<p><strong>La prochaine lev\u00e9e se jouera dans notre agglom\u00e9ration dimanche 9 f\u00e9vrier o\u00f9 ils accueilleront l\u2019AS Cannes, et les jeunes d\u2019Illzach Mondeheim<\/strong>, de vieilles connaissances\u2026 de &#8211; 17 ans d\u00e9j\u00e0 rencontr\u00e9es dans les pr\u00e9c\u00e9dentes Coupe de France qui ont forg\u00e9es des amiti\u00e9s comme le sport sait le faire ! \u00a0\u00bb<\/p>\n<ul>\n<li><strong>Retrouvez l\u2019ACTU du club sur : <a href=\"https:\/\/www.vball-leclub.org\">https:\/\/www.vball-leclub.org<\/a><\/strong><\/li>\n<\/ul>\n<div id='gallery-1' class='gallery galleryid-93490 gallery-columns-3 gallery-size-thumbnail'><figure class='gallery-item'>\n\t\t\t<div class='gallery-icon landscape'>\n\t\t\t\t<a href='https:\/\/newsestlyonnais.fr\/site\/2020\/01\/21\/bron-lyon-nouvelle-qualif-des-m17-du-vbll-en-coupe-de-france-de-volley\/newsestlyonnais-volley-bron-02\/'><img loading=\"lazy\" decoding=\"async\" width=\"150\" height=\"100\" src=\"https:\/\/newsestlyonnais.fr\/site\/wp-content\/uploads\/2020\/01\/NEWSESTLYONNAIS-VOLLEY-BRON-02-250x167.jpg\" class=\"attachment-thumbnail size-thumbnail\" alt=\"\" srcset=\"https:\/\/newsestlyonnais.fr\/site\/wp-content\/uploads\/2020\/01\/NEWSESTLYONNAIS-VOLLEY-BRON-02-250x167.jpg 250w, https:\/\/newsestlyonnais.fr\/site\/wp-content\/uploads\/2020\/01\/NEWSESTLYONNAIS-VOLLEY-BRON-02-400x267.jpg 400w, https:\/\/newsestlyonnais.fr\/site\/wp-content\/uploads\/2020\/01\/NEWSESTLYONNAIS-VOLLEY-BRON-02-650x433.jpg 650w, https:\/\/newsestlyonnais.fr\/site\/wp-content\/uploads\/2020\/01\/NEWSESTLYONNAIS-VOLLEY-BRON-02-768x512.jpg 768w, https:\/\/newsestlyonnais.fr\/site\/wp-content\/uploads\/2020\/01\/NEWSESTLYONNAIS-VOLLEY-BRON-02-150x100.jpg 150w, https:\/\/newsestlyonnais.fr\/site\/wp-content\/uploads\/2020\/01\/NEWSESTLYONNAIS-VOLLEY-BRON-02-50x33.jpg 50w, https:\/\/newsestlyonnais.fr\/site\/wp-content\/uploads\/2020\/01\/NEWSESTLYONNAIS-VOLLEY-BRON-02-100x67.jpg 100w, https:\/\/newsestlyonnais.fr\/site\/wp-content\/uploads\/2020\/01\/NEWSESTLYONNAIS-VOLLEY-BRON-02-200x133.jpg 200w, https:\/\/newsestlyonnais.fr\/site\/wp-content\/uploads\/2020\/01\/NEWSESTLYONNAIS-VOLLEY-BRON-02-300x200.jpg 300w, https:\/\/newsestlyonnais.fr\/site\/wp-content\/uploads\/2020\/01\/NEWSESTLYONNAIS-VOLLEY-BRON-02-350x233.jpg 350w, https:\/\/newsestlyonnais.fr\/site\/wp-content\/uploads\/2020\/01\/NEWSESTLYONNAIS-VOLLEY-BRON-02-450x300.jpg 450w, https:\/\/newsestlyonnais.fr\/site\/wp-content\/uploads\/2020\/01\/NEWSESTLYONNAIS-VOLLEY-BRON-02-500x333.jpg 500w, https:\/\/newsestlyonnais.fr\/site\/wp-content\/uploads\/2020\/01\/NEWSESTLYONNAIS-VOLLEY-BRON-02-550x367.jpg 550w, https:\/\/newsestlyonnais.fr\/site\/wp-content\/uploads\/2020\/01\/NEWSESTLYONNAIS-VOLLEY-BRON-02-800x533.jpg 800w, https:\/\/newsestlyonnais.fr\/site\/wp-content\/uploads\/2020\/01\/NEWSESTLYONNAIS-VOLLEY-BRON-02.jpg 1200w\" sizes=\"auto, (max-width: 150px) 100vw, 150px\" \/><\/a>\n\t\t\t<\/div><\/figure><figure class='gallery-item'>\n\t\t\t<div class='gallery-icon portrait'>\n\t\t\t\t<a href='https:\/\/newsestlyonnais.fr\/site\/2020\/01\/21\/bron-lyon-nouvelle-qualif-des-m17-du-vbll-en-coupe-de-france-de-volley\/newsestlyonnais-volley-bron-03-2\/'><img loading=\"lazy\" decoding=\"async\" width=\"100\" height=\"150\" src=\"https:\/\/newsestlyonnais.fr\/site\/wp-content\/uploads\/2020\/01\/NEWSESTLYONNAIS-VOLLEY-BRON-03-250x375.jpg\" class=\"attachment-thumbnail size-thumbnail\" alt=\"\" srcset=\"https:\/\/newsestlyonnais.fr\/site\/wp-content\/uploads\/2020\/01\/NEWSESTLYONNAIS-VOLLEY-BRON-03-250x375.jpg 250w, https:\/\/newsestlyonnais.fr\/site\/wp-content\/uploads\/2020\/01\/NEWSESTLYONNAIS-VOLLEY-BRON-03-400x600.jpg 400w, https:\/\/newsestlyonnais.fr\/site\/wp-content\/uploads\/2020\/01\/NEWSESTLYONNAIS-VOLLEY-BRON-03-650x975.jpg 650w, https:\/\/newsestlyonnais.fr\/site\/wp-content\/uploads\/2020\/01\/NEWSESTLYONNAIS-VOLLEY-BRON-03-768x1152.jpg 768w, https:\/\/newsestlyonnais.fr\/site\/wp-content\/uploads\/2020\/01\/NEWSESTLYONNAIS-VOLLEY-BRON-03-150x225.jpg 150w, https:\/\/newsestlyonnais.fr\/site\/wp-content\/uploads\/2020\/01\/NEWSESTLYONNAIS-VOLLEY-BRON-03-50x75.jpg 50w, https:\/\/newsestlyonnais.fr\/site\/wp-content\/uploads\/2020\/01\/NEWSESTLYONNAIS-VOLLEY-BRON-03-100x150.jpg 100w, https:\/\/newsestlyonnais.fr\/site\/wp-content\/uploads\/2020\/01\/NEWSESTLYONNAIS-VOLLEY-BRON-03-200x300.jpg 200w, https:\/\/newsestlyonnais.fr\/site\/wp-content\/uploads\/2020\/01\/NEWSESTLYONNAIS-VOLLEY-BRON-03-300x450.jpg 300w, https:\/\/newsestlyonnais.fr\/site\/wp-content\/uploads\/2020\/01\/NEWSESTLYONNAIS-VOLLEY-BRON-03-350x525.jpg 350w, https:\/\/newsestlyonnais.fr\/site\/wp-content\/uploads\/2020\/01\/NEWSESTLYONNAIS-VOLLEY-BRON-03-450x675.jpg 450w, https:\/\/newsestlyonnais.fr\/site\/wp-content\/uploads\/2020\/01\/NEWSESTLYONNAIS-VOLLEY-BRON-03-500x750.jpg 500w, https:\/\/newsestlyonnais.fr\/site\/wp-content\/uploads\/2020\/01\/NEWSESTLYONNAIS-VOLLEY-BRON-03-550x825.jpg 550w, https:\/\/newsestlyonnais.fr\/site\/wp-content\/uploads\/2020\/01\/NEWSESTLYONNAIS-VOLLEY-BRON-03.jpg 800w\" sizes=\"auto, (max-width: 100px) 100vw, 100px\" \/><\/a>\n\t\t\t<\/div><\/figure>\n\t\t<\/div>\n\n<p>&nbsp;<\/p>\n","protected":false},"excerpt":{"rendered":"<p>Apr\u00e8s la qualification d\u00e9croch\u00e9e \u00e0 domicile, mi-d\u00e9cembre dernier, les M17 Gar\u00e7ons du Volley Bron Lyon Lumi\u00e8re \u00e9taient \u00e0 Mougins pour le 4\u00b0 tour.<\/p>\n","protected":false},"author":4,"featured_media":93502,"comment_status":"open","ping_status":"open","sticky":false,"template":"","format":"standard","meta":{"footnotes":""},"categories":[2975,19,1625,2,2976],"tags":[2072,2077,2507],"class_list":["post-93490","post","type-post","status-publish","format-standard","has-post-thumbnail","hentry","category-basket-hand-volley-sports","category-bron","category-lyon","category-sports","category-volley-sports","tag-bron","tag-lyon","tag-volley"],"yoast_head":"<!-- This site is optimized with the Yoast SEO plugin v27.2 - https:\/\/yoast.com\/product\/yoast-seo-wordpress\/ -->\n<title>BRON \u2013 LYON | Nouvelle qualif des M17 du Vb@ll en Coupe de France de volley - News Est Lyonnais<\/title>\n<meta name=\"description\" content=\"BRON \u2013 LYON | Nouvelle qualif des M17 du Vb@ll en Coupe de France de volley\" \/>\n<meta name=\"robots\" content=\"index, follow, max-snippet:-1, max-image-preview:large, max-video-preview:-1\" \/>\n<link rel=\"canonical\" href=\"https:\/\/newsestlyonnais.fr\/site\/2020\/01\/21\/bron-lyon-nouvelle-qualif-des-m17-du-vbll-en-coupe-de-france-de-volley\/\" \/>\n<meta property=\"og:locale\" content=\"fr_FR\" \/>\n<meta property=\"og:type\" content=\"article\" \/>\n<meta property=\"og:title\" content=\"BRON \u2013 LYON | Nouvelle qualif des M17 du Vb@ll en Coupe de France de volley - News Est Lyonnais\" \/>\n<meta property=\"og:description\" content=\"BRON \u2013 LYON | Nouvelle qualif des M17 du Vb@ll en Coupe de France de volley\" \/>\n<meta property=\"og:url\" content=\"https:\/\/newsestlyonnais.fr\/site\/2020\/01\/21\/bron-lyon-nouvelle-qualif-des-m17-du-vbll-en-coupe-de-france-de-volley\/\" \/>\n<meta property=\"og:site_name\" content=\"News Est Lyonnais\" \/>\n<meta property=\"article:author\" content=\"https:\/\/www.facebook.com\/pascal.oberson.1?fref=ts\" \/>\n<meta property=\"article:published_time\" content=\"2020-01-21T08:57:23+00:00\" \/>\n<meta property=\"article:modified_time\" content=\"2020-11-10T19:49:58+00:00\" \/>\n<meta property=\"og:image\" content=\"https:\/\/i1.wp.com\/newsestlyonnais.fr\/site\/wp-content\/uploads\/2020\/01\/NEWSESTLYONNAIS-VOLLEY-BRON-01-.jpg?fit=1200%2C800&ssl=1\" \/>\n\t<meta property=\"og:image:width\" content=\"1200\" \/>\n\t<meta property=\"og:image:height\" content=\"800\" \/>\n\t<meta property=\"og:image:type\" content=\"image\/jpeg\" \/>\n<meta name=\"author\" content=\"R\u00e9dac. NEWS\" \/>\n<meta name=\"twitter:card\" content=\"summary_large_image\" \/>\n<meta name=\"twitter:label1\" content=\"\u00c9crit par\" \/>\n\t<meta name=\"twitter:data1\" content=\"R\u00e9dac. NEWS\" \/>\n\t<meta name=\"twitter:label2\" content=\"Dur\u00e9e de lecture estim\u00e9e\" \/>\n\t<meta name=\"twitter:data2\" content=\"4 minutes\" \/>\n<script type=\"application\/ld+json\" class=\"yoast-schema-graph\">{\"@context\":\"https:\/\/schema.org\",\"@graph\":[{\"@type\":\"Article\",\"@id\":\"https:\/\/newsestlyonnais.fr\/site\/2020\/01\/21\/bron-lyon-nouvelle-qualif-des-m17-du-vbll-en-coupe-de-france-de-volley\/#article\",\"isPartOf\":{\"@id\":\"https:\/\/newsestlyonnais.fr\/site\/2020\/01\/21\/bron-lyon-nouvelle-qualif-des-m17-du-vbll-en-coupe-de-france-de-volley\/\"},\"author\":{\"name\":\"R\u00e9dac. NEWS\",\"@id\":\"https:\/\/newsestlyonnais.fr\/site\/#\/schema\/person\/3230d5615f390bb808365d673001e887\"},\"headline\":\"BRON \u2013 LYON | Nouvelle qualif des M17 du Vb@ll en Coupe de France de volley\",\"datePublished\":\"2020-01-21T08:57:23+00:00\",\"dateModified\":\"2020-11-10T19:49:58+00:00\",\"mainEntityOfPage\":{\"@id\":\"https:\/\/newsestlyonnais.fr\/site\/2020\/01\/21\/bron-lyon-nouvelle-qualif-des-m17-du-vbll-en-coupe-de-france-de-volley\/\"},\"wordCount\":742,\"commentCount\":0,\"publisher\":{\"@id\":\"https:\/\/newsestlyonnais.fr\/site\/#organization\"},\"image\":{\"@id\":\"https:\/\/newsestlyonnais.fr\/site\/2020\/01\/21\/bron-lyon-nouvelle-qualif-des-m17-du-vbll-en-coupe-de-france-de-volley\/#primaryimage\"},\"thumbnailUrl\":\"https:\/\/newsestlyonnais.fr\/site\/wp-content\/uploads\/2020\/01\/NEWSESTLYONNAIS-VOLLEY-BRON-01-.jpg\",\"keywords\":[\"BRON\",\"LYON\",\"VOLLEY\"],\"articleSection\":[\"Basket | Hand | Volley\",\"Bron\",\"Lyon\",\"Sports\",\"Volley\"],\"inLanguage\":\"fr-FR\",\"potentialAction\":[{\"@type\":\"CommentAction\",\"name\":\"Comment\",\"target\":[\"https:\/\/newsestlyonnais.fr\/site\/2020\/01\/21\/bron-lyon-nouvelle-qualif-des-m17-du-vbll-en-coupe-de-france-de-volley\/#respond\"]}]},{\"@type\":\"WebPage\",\"@id\":\"https:\/\/newsestlyonnais.fr\/site\/2020\/01\/21\/bron-lyon-nouvelle-qualif-des-m17-du-vbll-en-coupe-de-france-de-volley\/\",\"url\":\"https:\/\/newsestlyonnais.fr\/site\/2020\/01\/21\/bron-lyon-nouvelle-qualif-des-m17-du-vbll-en-coupe-de-france-de-volley\/\",\"name\":\"BRON \u2013 LYON | Nouvelle qualif des M17 du Vb@ll en Coupe de France de volley - News Est Lyonnais\",\"isPartOf\":{\"@id\":\"https:\/\/newsestlyonnais.fr\/site\/#website\"},\"primaryImageOfPage\":{\"@id\":\"https:\/\/newsestlyonnais.fr\/site\/2020\/01\/21\/bron-lyon-nouvelle-qualif-des-m17-du-vbll-en-coupe-de-france-de-volley\/#primaryimage\"},\"image\":{\"@id\":\"https:\/\/newsestlyonnais.fr\/site\/2020\/01\/21\/bron-lyon-nouvelle-qualif-des-m17-du-vbll-en-coupe-de-france-de-volley\/#primaryimage\"},\"thumbnailUrl\":\"https:\/\/newsestlyonnais.fr\/site\/wp-content\/uploads\/2020\/01\/NEWSESTLYONNAIS-VOLLEY-BRON-01-.jpg\",\"datePublished\":\"2020-01-21T08:57:23+00:00\",\"dateModified\":\"2020-11-10T19:49:58+00:00\",\"description\":\"BRON \u2013 LYON | Nouvelle qualif des M17 du Vb@ll en Coupe de France de volley\",\"breadcrumb\":{\"@id\":\"https:\/\/newsestlyonnais.fr\/site\/2020\/01\/21\/bron-lyon-nouvelle-qualif-des-m17-du-vbll-en-coupe-de-france-de-volley\/#breadcrumb\"},\"inLanguage\":\"fr-FR\",\"potentialAction\":[{\"@type\":\"ReadAction\",\"target\":[\"https:\/\/newsestlyonnais.fr\/site\/2020\/01\/21\/bron-lyon-nouvelle-qualif-des-m17-du-vbll-en-coupe-de-france-de-volley\/\"]}]},{\"@type\":\"ImageObject\",\"inLanguage\":\"fr-FR\",\"@id\":\"https:\/\/newsestlyonnais.fr\/site\/2020\/01\/21\/bron-lyon-nouvelle-qualif-des-m17-du-vbll-en-coupe-de-france-de-volley\/#primaryimage\",\"url\":\"https:\/\/newsestlyonnais.fr\/site\/wp-content\/uploads\/2020\/01\/NEWSESTLYONNAIS-VOLLEY-BRON-01-.jpg\",\"contentUrl\":\"https:\/\/newsestlyonnais.fr\/site\/wp-content\/uploads\/2020\/01\/NEWSESTLYONNAIS-VOLLEY-BRON-01-.jpg\",\"width\":1200,\"height\":800},{\"@type\":\"BreadcrumbList\",\"@id\":\"https:\/\/newsestlyonnais.fr\/site\/2020\/01\/21\/bron-lyon-nouvelle-qualif-des-m17-du-vbll-en-coupe-de-france-de-volley\/#breadcrumb\",\"itemListElement\":[{\"@type\":\"ListItem\",\"position\":1,\"name\":\"Accueil\",\"item\":\"https:\/\/newsestlyonnais.fr\/site\/\"},{\"@type\":\"ListItem\",\"position\":2,\"name\":\"BRON \u2013 LYON | Nouvelle qualif des M17 du Vb@ll en Coupe de France de volley\"}]},{\"@type\":\"WebSite\",\"@id\":\"https:\/\/newsestlyonnais.fr\/site\/#website\",\"url\":\"https:\/\/newsestlyonnais.fr\/site\/\",\"name\":\"News Est Lyonnais\",\"description\":\"L&#039;actualit\u00e9 au plus pr\u00e8s\",\"publisher\":{\"@id\":\"https:\/\/newsestlyonnais.fr\/site\/#organization\"},\"potentialAction\":[{\"@type\":\"SearchAction\",\"target\":{\"@type\":\"EntryPoint\",\"urlTemplate\":\"https:\/\/newsestlyonnais.fr\/site\/?s={search_term_string}\"},\"query-input\":{\"@type\":\"PropertyValueSpecification\",\"valueRequired\":true,\"valueName\":\"search_term_string\"}}],\"inLanguage\":\"fr-FR\"},{\"@type\":\"Organization\",\"@id\":\"https:\/\/newsestlyonnais.fr\/site\/#organization\",\"name\":\"News EST LYONNAIS\",\"url\":\"https:\/\/newsestlyonnais.fr\/site\/\",\"logo\":{\"@type\":\"ImageObject\",\"inLanguage\":\"fr-FR\",\"@id\":\"https:\/\/newsestlyonnais.fr\/site\/#\/schema\/logo\/image\/\",\"url\":\"\",\"contentUrl\":\"\",\"caption\":\"News EST LYONNAIS\"},\"image\":{\"@id\":\"https:\/\/newsestlyonnais.fr\/site\/#\/schema\/logo\/image\/\"}},{\"@type\":\"Person\",\"@id\":\"https:\/\/newsestlyonnais.fr\/site\/#\/schema\/person\/3230d5615f390bb808365d673001e887\",\"name\":\"R\u00e9dac. NEWS\",\"sameAs\":[\"http:\/\/www.newsestlyonnais.fr\",\"https:\/\/www.facebook.com\/pascal.oberson.1?fref=ts\",\"https:\/\/fr.linkedin.com\/in\/pascal-oberson-b17045113\"],\"url\":\"https:\/\/newsestlyonnais.fr\/site\/author\/nel\/\"}]}<\/script>\n<!-- \/ Yoast SEO plugin. -->","yoast_head_json":{"title":"BRON \u2013 LYON | Nouvelle qualif des M17 du Vb@ll en Coupe de France de volley - News Est Lyonnais","description":"BRON \u2013 LYON | Nouvelle qualif des M17 du Vb@ll en Coupe de France de volley","robots":{"index":"index","follow":"follow","max-snippet":"max-snippet:-1","max-image-preview":"max-image-preview:large","max-video-preview":"max-video-preview:-1"},"canonical":"https:\/\/newsestlyonnais.fr\/site\/2020\/01\/21\/bron-lyon-nouvelle-qualif-des-m17-du-vbll-en-coupe-de-france-de-volley\/","og_locale":"fr_FR","og_type":"article","og_title":"BRON \u2013 LYON | Nouvelle qualif des M17 du Vb@ll en Coupe de France de volley - News Est Lyonnais","og_description":"BRON \u2013 LYON | Nouvelle qualif des M17 du Vb@ll en Coupe de France de volley","og_url":"https:\/\/newsestlyonnais.fr\/site\/2020\/01\/21\/bron-lyon-nouvelle-qualif-des-m17-du-vbll-en-coupe-de-france-de-volley\/","og_site_name":"News Est Lyonnais","article_author":"https:\/\/www.facebook.com\/pascal.oberson.1?fref=ts","article_published_time":"2020-01-21T08:57:23+00:00","article_modified_time":"2020-11-10T19:49:58+00:00","og_image":[{"width":1200,"height":800,"url":"https:\/\/i1.wp.com\/newsestlyonnais.fr\/site\/wp-content\/uploads\/2020\/01\/NEWSESTLYONNAIS-VOLLEY-BRON-01-.jpg?fit=1200%2C800&ssl=1","type":"image\/jpeg"}],"author":"R\u00e9dac. NEWS","twitter_card":"summary_large_image","twitter_misc":{"\u00c9crit par":"R\u00e9dac. NEWS","Dur\u00e9e de lecture estim\u00e9e":"4 minutes"},"schema":{"@context":"https:\/\/schema.org","@graph":[{"@type":"Article","@id":"https:\/\/newsestlyonnais.fr\/site\/2020\/01\/21\/bron-lyon-nouvelle-qualif-des-m17-du-vbll-en-coupe-de-france-de-volley\/#article","isPartOf":{"@id":"https:\/\/newsestlyonnais.fr\/site\/2020\/01\/21\/bron-lyon-nouvelle-qualif-des-m17-du-vbll-en-coupe-de-france-de-volley\/"},"author":{"name":"R\u00e9dac. NEWS","@id":"https:\/\/newsestlyonnais.fr\/site\/#\/schema\/person\/3230d5615f390bb808365d673001e887"},"headline":"BRON \u2013 LYON | Nouvelle qualif des M17 du Vb@ll en Coupe de France de volley","datePublished":"2020-01-21T08:57:23+00:00","dateModified":"2020-11-10T19:49:58+00:00","mainEntityOfPage":{"@id":"https:\/\/newsestlyonnais.fr\/site\/2020\/01\/21\/bron-lyon-nouvelle-qualif-des-m17-du-vbll-en-coupe-de-france-de-volley\/"},"wordCount":742,"commentCount":0,"publisher":{"@id":"https:\/\/newsestlyonnais.fr\/site\/#organization"},"image":{"@id":"https:\/\/newsestlyonnais.fr\/site\/2020\/01\/21\/bron-lyon-nouvelle-qualif-des-m17-du-vbll-en-coupe-de-france-de-volley\/#primaryimage"},"thumbnailUrl":"https:\/\/newsestlyonnais.fr\/site\/wp-content\/uploads\/2020\/01\/NEWSESTLYONNAIS-VOLLEY-BRON-01-.jpg","keywords":["BRON","LYON","VOLLEY"],"articleSection":["Basket | Hand | Volley","Bron","Lyon","Sports","Volley"],"inLanguage":"fr-FR","potentialAction":[{"@type":"CommentAction","name":"Comment","target":["https:\/\/newsestlyonnais.fr\/site\/2020\/01\/21\/bron-lyon-nouvelle-qualif-des-m17-du-vbll-en-coupe-de-france-de-volley\/#respond"]}]},{"@type":"WebPage","@id":"https:\/\/newsestlyonnais.fr\/site\/2020\/01\/21\/bron-lyon-nouvelle-qualif-des-m17-du-vbll-en-coupe-de-france-de-volley\/","url":"https:\/\/newsestlyonnais.fr\/site\/2020\/01\/21\/bron-lyon-nouvelle-qualif-des-m17-du-vbll-en-coupe-de-france-de-volley\/","name":"BRON \u2013 LYON | Nouvelle qualif des M17 du Vb@ll en Coupe de France de volley - News Est Lyonnais","isPartOf":{"@id":"https:\/\/newsestlyonnais.fr\/site\/#website"},"primaryImageOfPage":{"@id":"https:\/\/newsestlyonnais.fr\/site\/2020\/01\/21\/bron-lyon-nouvelle-qualif-des-m17-du-vbll-en-coupe-de-france-de-volley\/#primaryimage"},"image":{"@id":"https:\/\/newsestlyonnais.fr\/site\/2020\/01\/21\/bron-lyon-nouvelle-qualif-des-m17-du-vbll-en-coupe-de-france-de-volley\/#primaryimage"},"thumbnailUrl":"https:\/\/newsestlyonnais.fr\/site\/wp-content\/uploads\/2020\/01\/NEWSESTLYONNAIS-VOLLEY-BRON-01-.jpg","datePublished":"2020-01-21T08:57:23+00:00","dateModified":"2020-11-10T19:49:58+00:00","description":"BRON \u2013 LYON | Nouvelle qualif des M17 du Vb@ll en Coupe de France de volley","breadcrumb":{"@id":"https:\/\/newsestlyonnais.fr\/site\/2020\/01\/21\/bron-lyon-nouvelle-qualif-des-m17-du-vbll-en-coupe-de-france-de-volley\/#breadcrumb"},"inLanguage":"fr-FR","potentialAction":[{"@type":"ReadAction","target":["https:\/\/newsestlyonnais.fr\/site\/2020\/01\/21\/bron-lyon-nouvelle-qualif-des-m17-du-vbll-en-coupe-de-france-de-volley\/"]}]},{"@type":"ImageObject","inLanguage":"fr-FR","@id":"https:\/\/newsestlyonnais.fr\/site\/2020\/01\/21\/bron-lyon-nouvelle-qualif-des-m17-du-vbll-en-coupe-de-france-de-volley\/#primaryimage","url":"https:\/\/newsestlyonnais.fr\/site\/wp-content\/uploads\/2020\/01\/NEWSESTLYONNAIS-VOLLEY-BRON-01-.jpg","contentUrl":"https:\/\/newsestlyonnais.fr\/site\/wp-content\/uploads\/2020\/01\/NEWSESTLYONNAIS-VOLLEY-BRON-01-.jpg","width":1200,"height":800},{"@type":"BreadcrumbList","@id":"https:\/\/newsestlyonnais.fr\/site\/2020\/01\/21\/bron-lyon-nouvelle-qualif-des-m17-du-vbll-en-coupe-de-france-de-volley\/#breadcrumb","itemListElement":[{"@type":"ListItem","position":1,"name":"Accueil","item":"https:\/\/newsestlyonnais.fr\/site\/"},{"@type":"ListItem","position":2,"name":"BRON \u2013 LYON | Nouvelle qualif des M17 du Vb@ll en Coupe de France de volley"}]},{"@type":"WebSite","@id":"https:\/\/newsestlyonnais.fr\/site\/#website","url":"https:\/\/newsestlyonnais.fr\/site\/","name":"News Est Lyonnais","description":"L&#039;actualit\u00e9 au plus pr\u00e8s","publisher":{"@id":"https:\/\/newsestlyonnais.fr\/site\/#organization"},"potentialAction":[{"@type":"SearchAction","target":{"@type":"EntryPoint","urlTemplate":"https:\/\/newsestlyonnais.fr\/site\/?s={search_term_string}"},"query-input":{"@type":"PropertyValueSpecification","valueRequired":true,"valueName":"search_term_string"}}],"inLanguage":"fr-FR"},{"@type":"Organization","@id":"https:\/\/newsestlyonnais.fr\/site\/#organization","name":"News EST LYONNAIS","url":"https:\/\/newsestlyonnais.fr\/site\/","logo":{"@type":"ImageObject","inLanguage":"fr-FR","@id":"https:\/\/newsestlyonnais.fr\/site\/#\/schema\/logo\/image\/","url":"","contentUrl":"","caption":"News EST LYONNAIS"},"image":{"@id":"https:\/\/newsestlyonnais.fr\/site\/#\/schema\/logo\/image\/"}},{"@type":"Person","@id":"https:\/\/newsestlyonnais.fr\/site\/#\/schema\/person\/3230d5615f390bb808365d673001e887","name":"R\u00e9dac. NEWS","sameAs":["http:\/\/www.newsestlyonnais.fr","https:\/\/www.facebook.com\/pascal.oberson.1?fref=ts","https:\/\/fr.linkedin.com\/in\/pascal-oberson-b17045113"],"url":"https:\/\/newsestlyonnais.fr\/site\/author\/nel\/"}]}},"_links":{"self":[{"href":"https:\/\/newsestlyonnais.fr\/site\/wp-json\/wp\/v2\/posts\/93490","targetHints":{"allow":["GET"]}}],"collection":[{"href":"https:\/\/newsestlyonnais.fr\/site\/wp-json\/wp\/v2\/posts"}],"about":[{"href":"https:\/\/newsestlyonnais.fr\/site\/wp-json\/wp\/v2\/types\/post"}],"author":[{"embeddable":true,"href":"https:\/\/newsestlyonnais.fr\/site\/wp-json\/wp\/v2\/users\/4"}],"replies":[{"embeddable":true,"href":"https:\/\/newsestlyonnais.fr\/site\/wp-json\/wp\/v2\/comments?post=93490"}],"version-history":[{"count":0,"href":"https:\/\/newsestlyonnais.fr\/site\/wp-json\/wp\/v2\/posts\/93490\/revisions"}],"wp:featuredmedia":[{"embeddable":true,"href":"https:\/\/newsestlyonnais.fr\/site\/wp-json\/wp\/v2\/media\/93502"}],"wp:attachment":[{"href":"https:\/\/newsestlyonnais.fr\/site\/wp-json\/wp\/v2\/media?parent=93490"}],"wp:term":[{"taxonomy":"category","embeddable":true,"href":"https:\/\/newsestlyonnais.fr\/site\/wp-json\/wp\/v2\/categories?post=93490"},{"taxonomy":"post_tag","embeddable":true,"href":"https:\/\/newsestlyonnais.fr\/site\/wp-json\/wp\/v2\/tags?post=93490"}],"curies":[{"name":"wp","href":"https:\/\/api.w.org\/{rel}","templated":true}]}}