{"id":93671,"date":"2020-01-22T18:01:16","date_gmt":"2020-01-22T17:01:16","guid":{"rendered":"http:\/\/newsestlyonnais.fr\/site\/?p=93671"},"modified":"2020-01-27T06:58:44","modified_gmt":"2020-01-27T05:58:44","slug":"pic-de-pollution-tcl-deploie-tickair","status":"publish","type":"post","link":"https:\/\/newsestlyonnais.fr\/site\/2020\/01\/22\/pic-de-pollution-tcl-deploie-tickair\/","title":{"rendered":"PIC DE POLLUTION | TCL d\u00e9ploie \u00ab\u00a0TICK\u2019AIR\u00a0\u00bb"},"content":{"rendered":"<p>Ainsi, la Pr\u00e9fecture du Rh\u00f4ne vient d\u2019instituer <strong>une liste de mesures d\u2019urgence<\/strong> visant \u00e0 limiter la pollution en partie li\u00e9e au trafic automobile.<\/p>\n<p>En lien avec ces mesures d\u2019urgence et pour inciter les automobilistes \u00e0 emprunter les transports en commun, <strong>TCL propose un titre sp\u00e9cial<\/strong> qui sera disponible tout au long de l\u2019\u00e9pisode de pic de pollution.<\/p>\n<p><strong>Propos\u00e9 au prix de 3 \u20ac, Tick\u2019Air,<\/strong> permet de voyager toute la journ\u00e9e sur l\u2019ensemble du r\u00e9seau. <strong>En vente \u00e0 partir de jeudi 23 janvier<\/strong>, ce titre est disponible dans les distributeurs TCL, les agences commerciales, \u00e0 bord des bus ainsi que sur smartphone, en version d\u00e9mat\u00e9rialis\u00e9e via la nouvelle application TCL E-Ticket (sur Google Play Store).<\/p>\n<p>Implant\u00e9s \u00e0 proximit\u00e9 imm\u00e9diate du m\u00e9tro, du tramway et\/ou d\u2019un p\u00f4le d\u2019\u00e9changes bus<strong>,<\/strong> <strong>les 21 parcs relais<\/strong> <strong>permettent de conjuguer voiture et transports en commun<\/strong>. <strong>Plus de 7.000 places de stationnement <\/strong>sont<strong> mises \u00e0 disposition des clients TCL<\/strong> ayant effectu\u00e9 un aller-retour sur le r\u00e9seau avec un titre de transport (dont \u00ab Tick\u2019Air \u00bb) valid\u00e9 dans la journ\u00e9e.<\/p>\n","protected":false},"excerpt":{"rendered":"<p>Le bassin lyonnais traverse un \u00e9pisode de pollution aux particules fines qui devrait s\u2019intensifier dans les prochains jours.<\/p>\n","protected":false},"author":4,"featured_media":84714,"comment_status":"open","ping_status":"open","sticky":false,"template":"","format":"standard","meta":{"footnotes":""},"categories":[13],"tags":[2051,2914,2050],"class_list":["post-93671","post","type-post","status-publish","format-standard","has-post-thumbnail","hentry","category-transports-circulation","tag-tcl","tag-tickair","tag-transports"],"yoast_head":"<!-- This site is optimized with the Yoast SEO plugin v27.2 - https:\/\/yoast.com\/product\/yoast-seo-wordpress\/ -->\n<title>PIC DE POLLUTION | TCL d\u00e9ploie &quot;TICK\u2019AIR&quot; - News Est Lyonnais<\/title>\n<meta name=\"robots\" content=\"index, follow, max-snippet:-1, max-image-preview:large, max-video-preview:-1\" \/>\n<link rel=\"canonical\" href=\"https:\/\/newsestlyonnais.fr\/site\/2020\/01\/22\/pic-de-pollution-tcl-deploie-tickair\/\" \/>\n<meta property=\"og:locale\" content=\"fr_FR\" \/>\n<meta property=\"og:type\" content=\"article\" \/>\n<meta property=\"og:title\" content=\"PIC DE POLLUTION | TCL d\u00e9ploie &quot;TICK\u2019AIR&quot; - News Est Lyonnais\" \/>\n<meta property=\"og:description\" content=\"Le bassin lyonnais traverse un \u00e9pisode de pollution aux particules fines qui devrait s\u2019intensifier dans les prochains jours.\" \/>\n<meta property=\"og:url\" content=\"https:\/\/newsestlyonnais.fr\/site\/2020\/01\/22\/pic-de-pollution-tcl-deploie-tickair\/\" \/>\n<meta property=\"og:site_name\" content=\"News Est Lyonnais\" \/>\n<meta property=\"article:author\" content=\"https:\/\/www.facebook.com\/pascal.oberson.1?fref=ts\" \/>\n<meta property=\"article:published_time\" content=\"2020-01-22T17:01:16+00:00\" \/>\n<meta property=\"article:modified_time\" content=\"2020-01-27T05:58:44+00:00\" \/>\n<meta property=\"og:image\" content=\"https:\/\/i0.wp.com\/newsestlyonnais.fr\/site\/wp-content\/uploads\/2019\/10\/NEWSESTLYONNAIS-BUS-TCL-BIS.jpg?fit=1200%2C800&ssl=1\" \/>\n\t<meta property=\"og:image:width\" content=\"1200\" \/>\n\t<meta property=\"og:image:height\" content=\"800\" \/>\n\t<meta property=\"og:image:type\" content=\"image\/jpeg\" \/>\n<meta name=\"author\" content=\"R\u00e9dac. NEWS\" \/>\n<meta name=\"twitter:card\" content=\"summary_large_image\" \/>\n<meta name=\"twitter:label1\" content=\"\u00c9crit par\" \/>\n\t<meta name=\"twitter:data1\" content=\"R\u00e9dac. NEWS\" \/>\n\t<meta name=\"twitter:label2\" content=\"Dur\u00e9e de lecture estim\u00e9e\" \/>\n\t<meta name=\"twitter:data2\" content=\"1 minute\" \/>\n<script type=\"application\/ld+json\" class=\"yoast-schema-graph\">{\"@context\":\"https:\/\/schema.org\",\"@graph\":[{\"@type\":\"Article\",\"@id\":\"https:\/\/newsestlyonnais.fr\/site\/2020\/01\/22\/pic-de-pollution-tcl-deploie-tickair\/#article\",\"isPartOf\":{\"@id\":\"https:\/\/newsestlyonnais.fr\/site\/2020\/01\/22\/pic-de-pollution-tcl-deploie-tickair\/\"},\"author\":{\"name\":\"R\u00e9dac. NEWS\",\"@id\":\"https:\/\/newsestlyonnais.fr\/site\/#\/schema\/person\/3230d5615f390bb808365d673001e887\"},\"headline\":\"PIC DE POLLUTION | TCL d\u00e9ploie \u00ab\u00a0TICK\u2019AIR\u00a0\u00bb\",\"datePublished\":\"2020-01-22T17:01:16+00:00\",\"dateModified\":\"2020-01-27T05:58:44+00:00\",\"mainEntityOfPage\":{\"@id\":\"https:\/\/newsestlyonnais.fr\/site\/2020\/01\/22\/pic-de-pollution-tcl-deploie-tickair\/\"},\"wordCount\":192,\"commentCount\":0,\"publisher\":{\"@id\":\"https:\/\/newsestlyonnais.fr\/site\/#organization\"},\"image\":{\"@id\":\"https:\/\/newsestlyonnais.fr\/site\/2020\/01\/22\/pic-de-pollution-tcl-deploie-tickair\/#primaryimage\"},\"thumbnailUrl\":\"https:\/\/newsestlyonnais.fr\/site\/wp-content\/uploads\/2019\/10\/NEWSESTLYONNAIS-BUS-TCL-BIS.jpg\",\"keywords\":[\"TCL\",\"TICK\u2019AIR\",\"TRANSPORTS\"],\"articleSection\":[\"Transports | Circulation\"],\"inLanguage\":\"fr-FR\",\"potentialAction\":[{\"@type\":\"CommentAction\",\"name\":\"Comment\",\"target\":[\"https:\/\/newsestlyonnais.fr\/site\/2020\/01\/22\/pic-de-pollution-tcl-deploie-tickair\/#respond\"]}]},{\"@type\":\"WebPage\",\"@id\":\"https:\/\/newsestlyonnais.fr\/site\/2020\/01\/22\/pic-de-pollution-tcl-deploie-tickair\/\",\"url\":\"https:\/\/newsestlyonnais.fr\/site\/2020\/01\/22\/pic-de-pollution-tcl-deploie-tickair\/\",\"name\":\"PIC DE POLLUTION | TCL d\u00e9ploie \\\"TICK\u2019AIR\\\" - News Est Lyonnais\",\"isPartOf\":{\"@id\":\"https:\/\/newsestlyonnais.fr\/site\/#website\"},\"primaryImageOfPage\":{\"@id\":\"https:\/\/newsestlyonnais.fr\/site\/2020\/01\/22\/pic-de-pollution-tcl-deploie-tickair\/#primaryimage\"},\"image\":{\"@id\":\"https:\/\/newsestlyonnais.fr\/site\/2020\/01\/22\/pic-de-pollution-tcl-deploie-tickair\/#primaryimage\"},\"thumbnailUrl\":\"https:\/\/newsestlyonnais.fr\/site\/wp-content\/uploads\/2019\/10\/NEWSESTLYONNAIS-BUS-TCL-BIS.jpg\",\"datePublished\":\"2020-01-22T17:01:16+00:00\",\"dateModified\":\"2020-01-27T05:58:44+00:00\",\"breadcrumb\":{\"@id\":\"https:\/\/newsestlyonnais.fr\/site\/2020\/01\/22\/pic-de-pollution-tcl-deploie-tickair\/#breadcrumb\"},\"inLanguage\":\"fr-FR\",\"potentialAction\":[{\"@type\":\"ReadAction\",\"target\":[\"https:\/\/newsestlyonnais.fr\/site\/2020\/01\/22\/pic-de-pollution-tcl-deploie-tickair\/\"]}]},{\"@type\":\"ImageObject\",\"inLanguage\":\"fr-FR\",\"@id\":\"https:\/\/newsestlyonnais.fr\/site\/2020\/01\/22\/pic-de-pollution-tcl-deploie-tickair\/#primaryimage\",\"url\":\"https:\/\/newsestlyonnais.fr\/site\/wp-content\/uploads\/2019\/10\/NEWSESTLYONNAIS-BUS-TCL-BIS.jpg\",\"contentUrl\":\"https:\/\/newsestlyonnais.fr\/site\/wp-content\/uploads\/2019\/10\/NEWSESTLYONNAIS-BUS-TCL-BIS.jpg\",\"width\":1200,\"height\":800},{\"@type\":\"BreadcrumbList\",\"@id\":\"https:\/\/newsestlyonnais.fr\/site\/2020\/01\/22\/pic-de-pollution-tcl-deploie-tickair\/#breadcrumb\",\"itemListElement\":[{\"@type\":\"ListItem\",\"position\":1,\"name\":\"Accueil\",\"item\":\"https:\/\/newsestlyonnais.fr\/site\/\"},{\"@type\":\"ListItem\",\"position\":2,\"name\":\"PIC DE POLLUTION | TCL d\u00e9ploie \u00ab\u00a0TICK\u2019AIR\u00a0\u00bb\"}]},{\"@type\":\"WebSite\",\"@id\":\"https:\/\/newsestlyonnais.fr\/site\/#website\",\"url\":\"https:\/\/newsestlyonnais.fr\/site\/\",\"name\":\"News Est Lyonnais\",\"description\":\"L&#039;actualit\u00e9 au plus pr\u00e8s\",\"publisher\":{\"@id\":\"https:\/\/newsestlyonnais.fr\/site\/#organization\"},\"potentialAction\":[{\"@type\":\"SearchAction\",\"target\":{\"@type\":\"EntryPoint\",\"urlTemplate\":\"https:\/\/newsestlyonnais.fr\/site\/?s={search_term_string}\"},\"query-input\":{\"@type\":\"PropertyValueSpecification\",\"valueRequired\":true,\"valueName\":\"search_term_string\"}}],\"inLanguage\":\"fr-FR\"},{\"@type\":\"Organization\",\"@id\":\"https:\/\/newsestlyonnais.fr\/site\/#organization\",\"name\":\"News EST LYONNAIS\",\"url\":\"https:\/\/newsestlyonnais.fr\/site\/\",\"logo\":{\"@type\":\"ImageObject\",\"inLanguage\":\"fr-FR\",\"@id\":\"https:\/\/newsestlyonnais.fr\/site\/#\/schema\/logo\/image\/\",\"url\":\"\",\"contentUrl\":\"\",\"caption\":\"News EST LYONNAIS\"},\"image\":{\"@id\":\"https:\/\/newsestlyonnais.fr\/site\/#\/schema\/logo\/image\/\"}},{\"@type\":\"Person\",\"@id\":\"https:\/\/newsestlyonnais.fr\/site\/#\/schema\/person\/3230d5615f390bb808365d673001e887\",\"name\":\"R\u00e9dac. NEWS\",\"sameAs\":[\"http:\/\/www.newsestlyonnais.fr\",\"https:\/\/www.facebook.com\/pascal.oberson.1?fref=ts\",\"https:\/\/fr.linkedin.com\/in\/pascal-oberson-b17045113\"],\"url\":\"https:\/\/newsestlyonnais.fr\/site\/author\/nel\/\"}]}<\/script>\n<!-- \/ Yoast SEO plugin. -->","yoast_head_json":{"title":"PIC DE POLLUTION | TCL d\u00e9ploie \"TICK\u2019AIR\" - News Est Lyonnais","robots":{"index":"index","follow":"follow","max-snippet":"max-snippet:-1","max-image-preview":"max-image-preview:large","max-video-preview":"max-video-preview:-1"},"canonical":"https:\/\/newsestlyonnais.fr\/site\/2020\/01\/22\/pic-de-pollution-tcl-deploie-tickair\/","og_locale":"fr_FR","og_type":"article","og_title":"PIC DE POLLUTION | TCL d\u00e9ploie \"TICK\u2019AIR\" - News Est Lyonnais","og_description":"Le bassin lyonnais traverse un \u00e9pisode de pollution aux particules fines qui devrait s\u2019intensifier dans les prochains jours.","og_url":"https:\/\/newsestlyonnais.fr\/site\/2020\/01\/22\/pic-de-pollution-tcl-deploie-tickair\/","og_site_name":"News Est Lyonnais","article_author":"https:\/\/www.facebook.com\/pascal.oberson.1?fref=ts","article_published_time":"2020-01-22T17:01:16+00:00","article_modified_time":"2020-01-27T05:58:44+00:00","og_image":[{"width":1200,"height":800,"url":"https:\/\/i0.wp.com\/newsestlyonnais.fr\/site\/wp-content\/uploads\/2019\/10\/NEWSESTLYONNAIS-BUS-TCL-BIS.jpg?fit=1200%2C800&ssl=1","type":"image\/jpeg"}],"author":"R\u00e9dac. NEWS","twitter_card":"summary_large_image","twitter_misc":{"\u00c9crit par":"R\u00e9dac. NEWS","Dur\u00e9e de lecture estim\u00e9e":"1 minute"},"schema":{"@context":"https:\/\/schema.org","@graph":[{"@type":"Article","@id":"https:\/\/newsestlyonnais.fr\/site\/2020\/01\/22\/pic-de-pollution-tcl-deploie-tickair\/#article","isPartOf":{"@id":"https:\/\/newsestlyonnais.fr\/site\/2020\/01\/22\/pic-de-pollution-tcl-deploie-tickair\/"},"author":{"name":"R\u00e9dac. NEWS","@id":"https:\/\/newsestlyonnais.fr\/site\/#\/schema\/person\/3230d5615f390bb808365d673001e887"},"headline":"PIC DE POLLUTION | TCL d\u00e9ploie \u00ab\u00a0TICK\u2019AIR\u00a0\u00bb","datePublished":"2020-01-22T17:01:16+00:00","dateModified":"2020-01-27T05:58:44+00:00","mainEntityOfPage":{"@id":"https:\/\/newsestlyonnais.fr\/site\/2020\/01\/22\/pic-de-pollution-tcl-deploie-tickair\/"},"wordCount":192,"commentCount":0,"publisher":{"@id":"https:\/\/newsestlyonnais.fr\/site\/#organization"},"image":{"@id":"https:\/\/newsestlyonnais.fr\/site\/2020\/01\/22\/pic-de-pollution-tcl-deploie-tickair\/#primaryimage"},"thumbnailUrl":"https:\/\/newsestlyonnais.fr\/site\/wp-content\/uploads\/2019\/10\/NEWSESTLYONNAIS-BUS-TCL-BIS.jpg","keywords":["TCL","TICK\u2019AIR","TRANSPORTS"],"articleSection":["Transports | Circulation"],"inLanguage":"fr-FR","potentialAction":[{"@type":"CommentAction","name":"Comment","target":["https:\/\/newsestlyonnais.fr\/site\/2020\/01\/22\/pic-de-pollution-tcl-deploie-tickair\/#respond"]}]},{"@type":"WebPage","@id":"https:\/\/newsestlyonnais.fr\/site\/2020\/01\/22\/pic-de-pollution-tcl-deploie-tickair\/","url":"https:\/\/newsestlyonnais.fr\/site\/2020\/01\/22\/pic-de-pollution-tcl-deploie-tickair\/","name":"PIC DE POLLUTION | TCL d\u00e9ploie \"TICK\u2019AIR\" - News Est Lyonnais","isPartOf":{"@id":"https:\/\/newsestlyonnais.fr\/site\/#website"},"primaryImageOfPage":{"@id":"https:\/\/newsestlyonnais.fr\/site\/2020\/01\/22\/pic-de-pollution-tcl-deploie-tickair\/#primaryimage"},"image":{"@id":"https:\/\/newsestlyonnais.fr\/site\/2020\/01\/22\/pic-de-pollution-tcl-deploie-tickair\/#primaryimage"},"thumbnailUrl":"https:\/\/newsestlyonnais.fr\/site\/wp-content\/uploads\/2019\/10\/NEWSESTLYONNAIS-BUS-TCL-BIS.jpg","datePublished":"2020-01-22T17:01:16+00:00","dateModified":"2020-01-27T05:58:44+00:00","breadcrumb":{"@id":"https:\/\/newsestlyonnais.fr\/site\/2020\/01\/22\/pic-de-pollution-tcl-deploie-tickair\/#breadcrumb"},"inLanguage":"fr-FR","potentialAction":[{"@type":"ReadAction","target":["https:\/\/newsestlyonnais.fr\/site\/2020\/01\/22\/pic-de-pollution-tcl-deploie-tickair\/"]}]},{"@type":"ImageObject","inLanguage":"fr-FR","@id":"https:\/\/newsestlyonnais.fr\/site\/2020\/01\/22\/pic-de-pollution-tcl-deploie-tickair\/#primaryimage","url":"https:\/\/newsestlyonnais.fr\/site\/wp-content\/uploads\/2019\/10\/NEWSESTLYONNAIS-BUS-TCL-BIS.jpg","contentUrl":"https:\/\/newsestlyonnais.fr\/site\/wp-content\/uploads\/2019\/10\/NEWSESTLYONNAIS-BUS-TCL-BIS.jpg","width":1200,"height":800},{"@type":"BreadcrumbList","@id":"https:\/\/newsestlyonnais.fr\/site\/2020\/01\/22\/pic-de-pollution-tcl-deploie-tickair\/#breadcrumb","itemListElement":[{"@type":"ListItem","position":1,"name":"Accueil","item":"https:\/\/newsestlyonnais.fr\/site\/"},{"@type":"ListItem","position":2,"name":"PIC DE POLLUTION | TCL d\u00e9ploie \u00ab\u00a0TICK\u2019AIR\u00a0\u00bb"}]},{"@type":"WebSite","@id":"https:\/\/newsestlyonnais.fr\/site\/#website","url":"https:\/\/newsestlyonnais.fr\/site\/","name":"News Est Lyonnais","description":"L&#039;actualit\u00e9 au plus pr\u00e8s","publisher":{"@id":"https:\/\/newsestlyonnais.fr\/site\/#organization"},"potentialAction":[{"@type":"SearchAction","target":{"@type":"EntryPoint","urlTemplate":"https:\/\/newsestlyonnais.fr\/site\/?s={search_term_string}"},"query-input":{"@type":"PropertyValueSpecification","valueRequired":true,"valueName":"search_term_string"}}],"inLanguage":"fr-FR"},{"@type":"Organization","@id":"https:\/\/newsestlyonnais.fr\/site\/#organization","name":"News EST LYONNAIS","url":"https:\/\/newsestlyonnais.fr\/site\/","logo":{"@type":"ImageObject","inLanguage":"fr-FR","@id":"https:\/\/newsestlyonnais.fr\/site\/#\/schema\/logo\/image\/","url":"","contentUrl":"","caption":"News EST LYONNAIS"},"image":{"@id":"https:\/\/newsestlyonnais.fr\/site\/#\/schema\/logo\/image\/"}},{"@type":"Person","@id":"https:\/\/newsestlyonnais.fr\/site\/#\/schema\/person\/3230d5615f390bb808365d673001e887","name":"R\u00e9dac. NEWS","sameAs":["http:\/\/www.newsestlyonnais.fr","https:\/\/www.facebook.com\/pascal.oberson.1?fref=ts","https:\/\/fr.linkedin.com\/in\/pascal-oberson-b17045113"],"url":"https:\/\/newsestlyonnais.fr\/site\/author\/nel\/"}]}},"_links":{"self":[{"href":"https:\/\/newsestlyonnais.fr\/site\/wp-json\/wp\/v2\/posts\/93671","targetHints":{"allow":["GET"]}}],"collection":[{"href":"https:\/\/newsestlyonnais.fr\/site\/wp-json\/wp\/v2\/posts"}],"about":[{"href":"https:\/\/newsestlyonnais.fr\/site\/wp-json\/wp\/v2\/types\/post"}],"author":[{"embeddable":true,"href":"https:\/\/newsestlyonnais.fr\/site\/wp-json\/wp\/v2\/users\/4"}],"replies":[{"embeddable":true,"href":"https:\/\/newsestlyonnais.fr\/site\/wp-json\/wp\/v2\/comments?post=93671"}],"version-history":[{"count":0,"href":"https:\/\/newsestlyonnais.fr\/site\/wp-json\/wp\/v2\/posts\/93671\/revisions"}],"wp:featuredmedia":[{"embeddable":true,"href":"https:\/\/newsestlyonnais.fr\/site\/wp-json\/wp\/v2\/media\/84714"}],"wp:attachment":[{"href":"https:\/\/newsestlyonnais.fr\/site\/wp-json\/wp\/v2\/media?parent=93671"}],"wp:term":[{"taxonomy":"category","embeddable":true,"href":"https:\/\/newsestlyonnais.fr\/site\/wp-json\/wp\/v2\/categories?post=93671"},{"taxonomy":"post_tag","embeddable":true,"href":"https:\/\/newsestlyonnais.fr\/site\/wp-json\/wp\/v2\/tags?post=93671"}],"curies":[{"name":"wp","href":"https:\/\/api.w.org\/{rel}","templated":true}]}}