{"id":93825,"date":"2020-01-25T11:45:19","date_gmt":"2020-01-25T10:45:19","guid":{"rendered":"http:\/\/newsestlyonnais.fr\/site\/?p=93825"},"modified":"2020-03-26T16:11:33","modified_gmt":"2020-03-26T15:11:33","slug":"vaulx-en-velin-un-nouveau-president-au-club-de-triathlon","status":"publish","type":"post","link":"https:\/\/newsestlyonnais.fr\/site\/2020\/01\/25\/vaulx-en-velin-un-nouveau-president-au-club-de-triathlon\/","title":{"rendered":"VAULX-EN-VELIN | Un nouveau pr\u00e9sident au club de triathlon"},"content":{"rendered":"<p>Parmi les faits marquants de cette soir\u00e9e, figurait <strong>l&rsquo;\u00e9lection de 2 membres du Comit\u00e9 Directeur et du pr\u00e9sident<\/strong> de la section. C. Coulon et S. Rochet (d\u00e9j\u00e0 responsable de l&rsquo;\u00e9cole de triathlon) rejoignant le C.D. qui s&rsquo;est ensuite r\u00e9uni en apart\u00e9 et a choisi <strong>Nicolas Pournin comme nouveau pr\u00e9sident<\/strong> du club vaudais. Il devient ainsi le <strong>5\u00b0 pr\u00e9sident du V.V.T. fond\u00e9 en 1991<\/strong>, apr\u00e8s Jean-Marc Grosset\u00eate (devenu pr\u00e9sident de la ligue r\u00e9gionale de triathlon), Christine Gardon, Fella Oumeddour et Didier Roche.<\/p>\n<p>Ce dernier d\u00e9clarant lors du traditionnel mot du pr\u00e9sident \u00a0\u00bb C&rsquo;est une derni\u00e8re pour moi \u00e0 ce poste que j&rsquo;occupe depuis 2 ans. Je pars avec la satisfaction du travail accompli en restant au comit\u00e9 directeur et comme responsable de l&rsquo;\u00e9preuve du triathlon de Vaulx en Velin. Le futur pr\u00e9sident pourra toujours compter sur moi \u00ab\u00a0. Pour Nicolas Pournin, tout frais \u00e9lu \u00a0\u00bb Je ne m&rsquo;engage pas seul dans cette aventure. Il n&rsquo; y avait pas de volontaires pour succ\u00e9der \u00e0 Didier et le club devait continuer, c&rsquo;est ce qui a motiv\u00e9 ma d\u00e9cision \u00ab\u00a0.<\/p>\n<p>&#8212;&#8212;&#8212;&#8212;&#8212;&#8212;&#8212;&#8212;&#8212;&#8212;&#8212;&#8212;&#8212;&#8212;&#8212;&#8212;&#8212;&#8212;&#8212;&#8212;&#8212;&#8212;&#8212;&#8212;&#8212;&#8212;&#8212;&#8212;&#8212;&#8212;&#8212;&#8212;&#8212;&#8212;&#8212;&#8212;&#8212;&#8212;&#8212;&#8212;&#8212;&#8212;&#8212;&#8212;&#8212;&#8211;<\/p>\n<p><span style=\"text-decoration: underline\"><em><strong>PHOTO A LA UNE<\/strong><\/em><\/span> : Nicolas Pournin (\u00e0 gauche) succ\u00e8de \u00e0 Didier Roche \u00e0 la pr\u00e9sidence du V.V.T.<\/p>\n<p>________________________________________________________________________________<\/p>\n","protected":false},"excerpt":{"rendered":"<p>Le Vaulx-en-Velin Triathlon tenait ce vendredi soir son assembl\u00e9e g\u00e9n\u00e9rale annuelle \u00e0 l&rsquo;Atol du Grand Parc de Miribel-Jonage. <\/p>\n","protected":false},"author":4,"featured_media":93827,"comment_status":"open","ping_status":"open","sticky":false,"template":"","format":"standard","meta":{"footnotes":""},"categories":[2988,2,2990,28],"tags":[2528,2006,2961],"class_list":["post-93825","post","type-post","status-publish","format-standard","has-post-thumbnail","hentry","category-natation-triathlon","category-sports","category-triathlon","category-vaulx-en-velin","tag-triathlon","tag-vaulx-en-velin","tag-vaulx-en-velin-triathlon"],"yoast_head":"<!-- This site is optimized with the Yoast SEO plugin v27.2 - https:\/\/yoast.com\/product\/yoast-seo-wordpress\/ -->\n<title>VAULX-EN-VELIN | Un nouveau pr\u00e9sident au club de triathlon - News Est Lyonnais<\/title>\n<meta name=\"description\" content=\"VAULX-EN-VELIN | Un nouveau pr\u00e9sident au club de triathlon\" \/>\n<meta name=\"robots\" content=\"index, follow, max-snippet:-1, max-image-preview:large, max-video-preview:-1\" \/>\n<link rel=\"canonical\" href=\"https:\/\/newsestlyonnais.fr\/site\/2020\/01\/25\/vaulx-en-velin-un-nouveau-president-au-club-de-triathlon\/\" \/>\n<meta property=\"og:locale\" content=\"fr_FR\" \/>\n<meta property=\"og:type\" content=\"article\" \/>\n<meta property=\"og:title\" content=\"VAULX-EN-VELIN | Un nouveau pr\u00e9sident au club de triathlon - News Est Lyonnais\" \/>\n<meta property=\"og:description\" content=\"VAULX-EN-VELIN | Un nouveau pr\u00e9sident au club de triathlon\" \/>\n<meta property=\"og:url\" content=\"https:\/\/newsestlyonnais.fr\/site\/2020\/01\/25\/vaulx-en-velin-un-nouveau-president-au-club-de-triathlon\/\" \/>\n<meta property=\"og:site_name\" content=\"News Est Lyonnais\" \/>\n<meta property=\"article:author\" content=\"https:\/\/www.facebook.com\/pascal.oberson.1?fref=ts\" \/>\n<meta property=\"article:published_time\" content=\"2020-01-25T10:45:19+00:00\" \/>\n<meta property=\"article:modified_time\" content=\"2020-03-26T15:11:33+00:00\" \/>\n<meta property=\"og:image\" content=\"https:\/\/i1.wp.com\/newsestlyonnais.fr\/site\/wp-content\/uploads\/2020\/01\/NEWSESTLYONNAIS-AG-VAUX-TRI-01.jpg?fit=1200%2C800&ssl=1\" \/>\n\t<meta property=\"og:image:width\" content=\"1200\" \/>\n\t<meta property=\"og:image:height\" content=\"800\" \/>\n\t<meta property=\"og:image:type\" content=\"image\/jpeg\" \/>\n<meta name=\"author\" content=\"R\u00e9dac. NEWS\" \/>\n<meta name=\"twitter:card\" content=\"summary_large_image\" \/>\n<meta name=\"twitter:label1\" content=\"\u00c9crit par\" \/>\n\t<meta name=\"twitter:data1\" content=\"R\u00e9dac. NEWS\" \/>\n\t<meta name=\"twitter:label2\" content=\"Dur\u00e9e de lecture estim\u00e9e\" \/>\n\t<meta name=\"twitter:data2\" content=\"1 minute\" \/>\n<script type=\"application\/ld+json\" class=\"yoast-schema-graph\">{\"@context\":\"https:\/\/schema.org\",\"@graph\":[{\"@type\":\"Article\",\"@id\":\"https:\/\/newsestlyonnais.fr\/site\/2020\/01\/25\/vaulx-en-velin-un-nouveau-president-au-club-de-triathlon\/#article\",\"isPartOf\":{\"@id\":\"https:\/\/newsestlyonnais.fr\/site\/2020\/01\/25\/vaulx-en-velin-un-nouveau-president-au-club-de-triathlon\/\"},\"author\":{\"name\":\"R\u00e9dac. NEWS\",\"@id\":\"https:\/\/newsestlyonnais.fr\/site\/#\/schema\/person\/3230d5615f390bb808365d673001e887\"},\"headline\":\"VAULX-EN-VELIN | Un nouveau pr\u00e9sident au club de triathlon\",\"datePublished\":\"2020-01-25T10:45:19+00:00\",\"dateModified\":\"2020-03-26T15:11:33+00:00\",\"mainEntityOfPage\":{\"@id\":\"https:\/\/newsestlyonnais.fr\/site\/2020\/01\/25\/vaulx-en-velin-un-nouveau-president-au-club-de-triathlon\/\"},\"wordCount\":221,\"commentCount\":0,\"publisher\":{\"@id\":\"https:\/\/newsestlyonnais.fr\/site\/#organization\"},\"image\":{\"@id\":\"https:\/\/newsestlyonnais.fr\/site\/2020\/01\/25\/vaulx-en-velin-un-nouveau-president-au-club-de-triathlon\/#primaryimage\"},\"thumbnailUrl\":\"https:\/\/newsestlyonnais.fr\/site\/wp-content\/uploads\/2020\/01\/NEWSESTLYONNAIS-AG-VAUX-TRI-01.jpg\",\"keywords\":[\"TRIATHLON\",\"VAULX EN VELIN\",\"VAULX EN VELIN TRIATHLON\"],\"articleSection\":[\"Natation | Triathlon\",\"Sports\",\"Triathlon\",\"Vaulx-en-Velin\"],\"inLanguage\":\"fr-FR\",\"potentialAction\":[{\"@type\":\"CommentAction\",\"name\":\"Comment\",\"target\":[\"https:\/\/newsestlyonnais.fr\/site\/2020\/01\/25\/vaulx-en-velin-un-nouveau-president-au-club-de-triathlon\/#respond\"]}]},{\"@type\":\"WebPage\",\"@id\":\"https:\/\/newsestlyonnais.fr\/site\/2020\/01\/25\/vaulx-en-velin-un-nouveau-president-au-club-de-triathlon\/\",\"url\":\"https:\/\/newsestlyonnais.fr\/site\/2020\/01\/25\/vaulx-en-velin-un-nouveau-president-au-club-de-triathlon\/\",\"name\":\"VAULX-EN-VELIN | Un nouveau pr\u00e9sident au club de triathlon - News Est Lyonnais\",\"isPartOf\":{\"@id\":\"https:\/\/newsestlyonnais.fr\/site\/#website\"},\"primaryImageOfPage\":{\"@id\":\"https:\/\/newsestlyonnais.fr\/site\/2020\/01\/25\/vaulx-en-velin-un-nouveau-president-au-club-de-triathlon\/#primaryimage\"},\"image\":{\"@id\":\"https:\/\/newsestlyonnais.fr\/site\/2020\/01\/25\/vaulx-en-velin-un-nouveau-president-au-club-de-triathlon\/#primaryimage\"},\"thumbnailUrl\":\"https:\/\/newsestlyonnais.fr\/site\/wp-content\/uploads\/2020\/01\/NEWSESTLYONNAIS-AG-VAUX-TRI-01.jpg\",\"datePublished\":\"2020-01-25T10:45:19+00:00\",\"dateModified\":\"2020-03-26T15:11:33+00:00\",\"description\":\"VAULX-EN-VELIN | Un nouveau pr\u00e9sident au club de triathlon\",\"breadcrumb\":{\"@id\":\"https:\/\/newsestlyonnais.fr\/site\/2020\/01\/25\/vaulx-en-velin-un-nouveau-president-au-club-de-triathlon\/#breadcrumb\"},\"inLanguage\":\"fr-FR\",\"potentialAction\":[{\"@type\":\"ReadAction\",\"target\":[\"https:\/\/newsestlyonnais.fr\/site\/2020\/01\/25\/vaulx-en-velin-un-nouveau-president-au-club-de-triathlon\/\"]}]},{\"@type\":\"ImageObject\",\"inLanguage\":\"fr-FR\",\"@id\":\"https:\/\/newsestlyonnais.fr\/site\/2020\/01\/25\/vaulx-en-velin-un-nouveau-president-au-club-de-triathlon\/#primaryimage\",\"url\":\"https:\/\/newsestlyonnais.fr\/site\/wp-content\/uploads\/2020\/01\/NEWSESTLYONNAIS-AG-VAUX-TRI-01.jpg\",\"contentUrl\":\"https:\/\/newsestlyonnais.fr\/site\/wp-content\/uploads\/2020\/01\/NEWSESTLYONNAIS-AG-VAUX-TRI-01.jpg\",\"width\":1200,\"height\":800},{\"@type\":\"BreadcrumbList\",\"@id\":\"https:\/\/newsestlyonnais.fr\/site\/2020\/01\/25\/vaulx-en-velin-un-nouveau-president-au-club-de-triathlon\/#breadcrumb\",\"itemListElement\":[{\"@type\":\"ListItem\",\"position\":1,\"name\":\"Accueil\",\"item\":\"https:\/\/newsestlyonnais.fr\/site\/\"},{\"@type\":\"ListItem\",\"position\":2,\"name\":\"VAULX-EN-VELIN | Un nouveau pr\u00e9sident au club de triathlon\"}]},{\"@type\":\"WebSite\",\"@id\":\"https:\/\/newsestlyonnais.fr\/site\/#website\",\"url\":\"https:\/\/newsestlyonnais.fr\/site\/\",\"name\":\"News Est Lyonnais\",\"description\":\"L&#039;actualit\u00e9 au plus pr\u00e8s\",\"publisher\":{\"@id\":\"https:\/\/newsestlyonnais.fr\/site\/#organization\"},\"potentialAction\":[{\"@type\":\"SearchAction\",\"target\":{\"@type\":\"EntryPoint\",\"urlTemplate\":\"https:\/\/newsestlyonnais.fr\/site\/?s={search_term_string}\"},\"query-input\":{\"@type\":\"PropertyValueSpecification\",\"valueRequired\":true,\"valueName\":\"search_term_string\"}}],\"inLanguage\":\"fr-FR\"},{\"@type\":\"Organization\",\"@id\":\"https:\/\/newsestlyonnais.fr\/site\/#organization\",\"name\":\"News EST LYONNAIS\",\"url\":\"https:\/\/newsestlyonnais.fr\/site\/\",\"logo\":{\"@type\":\"ImageObject\",\"inLanguage\":\"fr-FR\",\"@id\":\"https:\/\/newsestlyonnais.fr\/site\/#\/schema\/logo\/image\/\",\"url\":\"\",\"contentUrl\":\"\",\"caption\":\"News EST LYONNAIS\"},\"image\":{\"@id\":\"https:\/\/newsestlyonnais.fr\/site\/#\/schema\/logo\/image\/\"}},{\"@type\":\"Person\",\"@id\":\"https:\/\/newsestlyonnais.fr\/site\/#\/schema\/person\/3230d5615f390bb808365d673001e887\",\"name\":\"R\u00e9dac. NEWS\",\"sameAs\":[\"http:\/\/www.newsestlyonnais.fr\",\"https:\/\/www.facebook.com\/pascal.oberson.1?fref=ts\",\"https:\/\/fr.linkedin.com\/in\/pascal-oberson-b17045113\"],\"url\":\"https:\/\/newsestlyonnais.fr\/site\/author\/nel\/\"}]}<\/script>\n<!-- \/ Yoast SEO plugin. -->","yoast_head_json":{"title":"VAULX-EN-VELIN | Un nouveau pr\u00e9sident au club de triathlon - News Est Lyonnais","description":"VAULX-EN-VELIN | Un nouveau pr\u00e9sident au club de triathlon","robots":{"index":"index","follow":"follow","max-snippet":"max-snippet:-1","max-image-preview":"max-image-preview:large","max-video-preview":"max-video-preview:-1"},"canonical":"https:\/\/newsestlyonnais.fr\/site\/2020\/01\/25\/vaulx-en-velin-un-nouveau-president-au-club-de-triathlon\/","og_locale":"fr_FR","og_type":"article","og_title":"VAULX-EN-VELIN | Un nouveau pr\u00e9sident au club de triathlon - News Est Lyonnais","og_description":"VAULX-EN-VELIN | Un nouveau pr\u00e9sident au club de triathlon","og_url":"https:\/\/newsestlyonnais.fr\/site\/2020\/01\/25\/vaulx-en-velin-un-nouveau-president-au-club-de-triathlon\/","og_site_name":"News Est Lyonnais","article_author":"https:\/\/www.facebook.com\/pascal.oberson.1?fref=ts","article_published_time":"2020-01-25T10:45:19+00:00","article_modified_time":"2020-03-26T15:11:33+00:00","og_image":[{"width":1200,"height":800,"url":"https:\/\/i1.wp.com\/newsestlyonnais.fr\/site\/wp-content\/uploads\/2020\/01\/NEWSESTLYONNAIS-AG-VAUX-TRI-01.jpg?fit=1200%2C800&ssl=1","type":"image\/jpeg"}],"author":"R\u00e9dac. NEWS","twitter_card":"summary_large_image","twitter_misc":{"\u00c9crit par":"R\u00e9dac. NEWS","Dur\u00e9e de lecture estim\u00e9e":"1 minute"},"schema":{"@context":"https:\/\/schema.org","@graph":[{"@type":"Article","@id":"https:\/\/newsestlyonnais.fr\/site\/2020\/01\/25\/vaulx-en-velin-un-nouveau-president-au-club-de-triathlon\/#article","isPartOf":{"@id":"https:\/\/newsestlyonnais.fr\/site\/2020\/01\/25\/vaulx-en-velin-un-nouveau-president-au-club-de-triathlon\/"},"author":{"name":"R\u00e9dac. NEWS","@id":"https:\/\/newsestlyonnais.fr\/site\/#\/schema\/person\/3230d5615f390bb808365d673001e887"},"headline":"VAULX-EN-VELIN | Un nouveau pr\u00e9sident au club de triathlon","datePublished":"2020-01-25T10:45:19+00:00","dateModified":"2020-03-26T15:11:33+00:00","mainEntityOfPage":{"@id":"https:\/\/newsestlyonnais.fr\/site\/2020\/01\/25\/vaulx-en-velin-un-nouveau-president-au-club-de-triathlon\/"},"wordCount":221,"commentCount":0,"publisher":{"@id":"https:\/\/newsestlyonnais.fr\/site\/#organization"},"image":{"@id":"https:\/\/newsestlyonnais.fr\/site\/2020\/01\/25\/vaulx-en-velin-un-nouveau-president-au-club-de-triathlon\/#primaryimage"},"thumbnailUrl":"https:\/\/newsestlyonnais.fr\/site\/wp-content\/uploads\/2020\/01\/NEWSESTLYONNAIS-AG-VAUX-TRI-01.jpg","keywords":["TRIATHLON","VAULX EN VELIN","VAULX EN VELIN TRIATHLON"],"articleSection":["Natation | Triathlon","Sports","Triathlon","Vaulx-en-Velin"],"inLanguage":"fr-FR","potentialAction":[{"@type":"CommentAction","name":"Comment","target":["https:\/\/newsestlyonnais.fr\/site\/2020\/01\/25\/vaulx-en-velin-un-nouveau-president-au-club-de-triathlon\/#respond"]}]},{"@type":"WebPage","@id":"https:\/\/newsestlyonnais.fr\/site\/2020\/01\/25\/vaulx-en-velin-un-nouveau-president-au-club-de-triathlon\/","url":"https:\/\/newsestlyonnais.fr\/site\/2020\/01\/25\/vaulx-en-velin-un-nouveau-president-au-club-de-triathlon\/","name":"VAULX-EN-VELIN | Un nouveau pr\u00e9sident au club de triathlon - News Est Lyonnais","isPartOf":{"@id":"https:\/\/newsestlyonnais.fr\/site\/#website"},"primaryImageOfPage":{"@id":"https:\/\/newsestlyonnais.fr\/site\/2020\/01\/25\/vaulx-en-velin-un-nouveau-president-au-club-de-triathlon\/#primaryimage"},"image":{"@id":"https:\/\/newsestlyonnais.fr\/site\/2020\/01\/25\/vaulx-en-velin-un-nouveau-president-au-club-de-triathlon\/#primaryimage"},"thumbnailUrl":"https:\/\/newsestlyonnais.fr\/site\/wp-content\/uploads\/2020\/01\/NEWSESTLYONNAIS-AG-VAUX-TRI-01.jpg","datePublished":"2020-01-25T10:45:19+00:00","dateModified":"2020-03-26T15:11:33+00:00","description":"VAULX-EN-VELIN | Un nouveau pr\u00e9sident au club de triathlon","breadcrumb":{"@id":"https:\/\/newsestlyonnais.fr\/site\/2020\/01\/25\/vaulx-en-velin-un-nouveau-president-au-club-de-triathlon\/#breadcrumb"},"inLanguage":"fr-FR","potentialAction":[{"@type":"ReadAction","target":["https:\/\/newsestlyonnais.fr\/site\/2020\/01\/25\/vaulx-en-velin-un-nouveau-president-au-club-de-triathlon\/"]}]},{"@type":"ImageObject","inLanguage":"fr-FR","@id":"https:\/\/newsestlyonnais.fr\/site\/2020\/01\/25\/vaulx-en-velin-un-nouveau-president-au-club-de-triathlon\/#primaryimage","url":"https:\/\/newsestlyonnais.fr\/site\/wp-content\/uploads\/2020\/01\/NEWSESTLYONNAIS-AG-VAUX-TRI-01.jpg","contentUrl":"https:\/\/newsestlyonnais.fr\/site\/wp-content\/uploads\/2020\/01\/NEWSESTLYONNAIS-AG-VAUX-TRI-01.jpg","width":1200,"height":800},{"@type":"BreadcrumbList","@id":"https:\/\/newsestlyonnais.fr\/site\/2020\/01\/25\/vaulx-en-velin-un-nouveau-president-au-club-de-triathlon\/#breadcrumb","itemListElement":[{"@type":"ListItem","position":1,"name":"Accueil","item":"https:\/\/newsestlyonnais.fr\/site\/"},{"@type":"ListItem","position":2,"name":"VAULX-EN-VELIN | Un nouveau pr\u00e9sident au club de triathlon"}]},{"@type":"WebSite","@id":"https:\/\/newsestlyonnais.fr\/site\/#website","url":"https:\/\/newsestlyonnais.fr\/site\/","name":"News Est Lyonnais","description":"L&#039;actualit\u00e9 au plus pr\u00e8s","publisher":{"@id":"https:\/\/newsestlyonnais.fr\/site\/#organization"},"potentialAction":[{"@type":"SearchAction","target":{"@type":"EntryPoint","urlTemplate":"https:\/\/newsestlyonnais.fr\/site\/?s={search_term_string}"},"query-input":{"@type":"PropertyValueSpecification","valueRequired":true,"valueName":"search_term_string"}}],"inLanguage":"fr-FR"},{"@type":"Organization","@id":"https:\/\/newsestlyonnais.fr\/site\/#organization","name":"News EST LYONNAIS","url":"https:\/\/newsestlyonnais.fr\/site\/","logo":{"@type":"ImageObject","inLanguage":"fr-FR","@id":"https:\/\/newsestlyonnais.fr\/site\/#\/schema\/logo\/image\/","url":"","contentUrl":"","caption":"News EST LYONNAIS"},"image":{"@id":"https:\/\/newsestlyonnais.fr\/site\/#\/schema\/logo\/image\/"}},{"@type":"Person","@id":"https:\/\/newsestlyonnais.fr\/site\/#\/schema\/person\/3230d5615f390bb808365d673001e887","name":"R\u00e9dac. NEWS","sameAs":["http:\/\/www.newsestlyonnais.fr","https:\/\/www.facebook.com\/pascal.oberson.1?fref=ts","https:\/\/fr.linkedin.com\/in\/pascal-oberson-b17045113"],"url":"https:\/\/newsestlyonnais.fr\/site\/author\/nel\/"}]}},"_links":{"self":[{"href":"https:\/\/newsestlyonnais.fr\/site\/wp-json\/wp\/v2\/posts\/93825","targetHints":{"allow":["GET"]}}],"collection":[{"href":"https:\/\/newsestlyonnais.fr\/site\/wp-json\/wp\/v2\/posts"}],"about":[{"href":"https:\/\/newsestlyonnais.fr\/site\/wp-json\/wp\/v2\/types\/post"}],"author":[{"embeddable":true,"href":"https:\/\/newsestlyonnais.fr\/site\/wp-json\/wp\/v2\/users\/4"}],"replies":[{"embeddable":true,"href":"https:\/\/newsestlyonnais.fr\/site\/wp-json\/wp\/v2\/comments?post=93825"}],"version-history":[{"count":0,"href":"https:\/\/newsestlyonnais.fr\/site\/wp-json\/wp\/v2\/posts\/93825\/revisions"}],"wp:featuredmedia":[{"embeddable":true,"href":"https:\/\/newsestlyonnais.fr\/site\/wp-json\/wp\/v2\/media\/93827"}],"wp:attachment":[{"href":"https:\/\/newsestlyonnais.fr\/site\/wp-json\/wp\/v2\/media?parent=93825"}],"wp:term":[{"taxonomy":"category","embeddable":true,"href":"https:\/\/newsestlyonnais.fr\/site\/wp-json\/wp\/v2\/categories?post=93825"},{"taxonomy":"post_tag","embeddable":true,"href":"https:\/\/newsestlyonnais.fr\/site\/wp-json\/wp\/v2\/tags?post=93825"}],"curies":[{"name":"wp","href":"https:\/\/api.w.org\/{rel}","templated":true}]}}