{"id":93894,"date":"2020-01-27T06:30:48","date_gmt":"2020-01-27T05:30:48","guid":{"rendered":"http:\/\/newsestlyonnais.fr\/site\/?p=93894"},"modified":"2020-01-29T14:36:39","modified_gmt":"2020-01-29T13:36:39","slug":"vaulx-en-velin-les-evenements-au-1-fevrier","status":"publish","type":"post","link":"https:\/\/newsestlyonnais.fr\/site\/2020\/01\/27\/vaulx-en-velin-les-evenements-au-1-fevrier\/","title":{"rendered":"VAULX-EN-VELIN | Les \u00e9v\u00e8nements au 1\u00b0 f\u00e9vrier"},"content":{"rendered":"<ul>\n<li><strong>Jusqu\u2019au samedi 22 f\u00e9vrier : Recensement de la Population<\/strong>. Des agents recenseurs vont rendre visite \u00e0 1.565 logements vaudais s\u00e9lectionn\u00e9s par <a href=\"https:\/\/www.insee.fr\/\" target=\"_blank\" rel=\"noopener noreferrer\">l\u2019INSEE<\/a>. Plus de 3.000 personnes concern\u00e9es !<\/li>\n<li><b>Lundi 27 janvier d<\/b><b>e 9 h 30 \u00e0 13 h : <\/b><strong>Ateliers Cuisine<\/strong><b>, <\/b>sur inscription. Gratuit et ouvert \u00e0 tous. (Centre social J. &amp; J. Peyri, rue Joseph-Blein) &amp; <b>entre 15 h et 19 h : <\/b><b>Diab\u00e8te, Surpoids : Venez en Parler ! <\/b>Rendez-vous individuels sur inscription. (Centre social J. &amp; J. Peyri, rue Joseph-Blein). <b><br \/>\n<\/b><\/li>\n<li><b>Mardi 28 janvier \u00e0 19 h : Conseil Municipal. <\/b>(Mairie annexe du Sud, rue Joseph-Blein).<\/li>\n<li><b>Mercredi 29 janvier de 9 h \u00e0 17 h : <\/b><b>Permanence Juridique. <\/b>(Espace Carmagnole, 8 avenue Bataillon-Carmagnole-Libert\u00e9).<\/li>\n<li><b>Jeudi 30 janvier \u00e0 18 h 30 : Conf\u00e9rence : Les besoins physiologiques de l&rsquo;enfant.<\/b> (Mairie annexe, 4 rue Joseph-Blein).<\/li>\n<li><b>Du jeudi 30 janvier au samedi 1\u00b0 f\u00e9vrier : Festival des Musiques Actuelles Amplifi\u00e9es. <\/b>(Salle \u00ab Le Cube \u00bb \u2013 MJC de Vaulx-en-Velin, 13 avenue Henri-Barbusse).<\/li>\n<li><b>Samedi 1\u00b0 f\u00e9vrier \u00e0 20 h : <\/b><b>Basket seniors 1 NM3 : Vaulx Basket Club \/ Aix Maurienne.<\/b> (Gymnase Edouard-Aubert, rue Alfred-de-Musset).<\/li>\n<\/ul>\n<p><b><span style=\"text-decoration: underline\">ACTIVIT\u00c9S SENIORS<\/span> :<\/b><\/p>\n<ul>\n<li><b>Repas des Seniors :<\/b> lundi 24 ou mardi 25 f\u00e9vrier, d\u00e8s 12 h (Centre Charlie-Chaplin). <b>Inscriptions jusqu&rsquo;au vendredi 7 f\u00e9vrier,<\/b> aupr\u00e8s du service municipal des retrait\u00e9s ou de la mairie annexe.<\/li>\n<li><b>Jeux &amp; Convivialit\u00e9<\/b> \/ Conseil des Seniors <b>:<\/b> <strong>lundi 27 janvier, de 13 h 30 \u00e0 16 h 30<\/strong>. (salle \u00c9dith-Piaf).<\/li>\n<li><b>Cin\u00e9\u00a0 \u00a0\u00bb Chanson Douce \u00ab\u00a0<\/b> :<strong> lundi 27 janvier \u00e0 14 h.<\/strong><\/li>\n<li><b>Duplicate de Scrabble :<\/b> <b>mercredi 29 janvier \u00e0 13 h 30. <\/b>(Salle \u00c9dith-Piaf).<\/li>\n<li><b>Repas \u00e0 Th\u00e8me \u00a0\u00bb Moules frites \u00a0\u00bb : <\/b><strong>jeudi 30 janvier \u00e0 12 h. <\/strong>(R\u00e9sidence Croizat).<\/li>\n<\/ul>\n<p><strong>Retrouvez toute l\u2019ACTU de la commune sur : <a href=\"https:\/\/vaulx-en-velin.net\">https:\/\/vaulx-en-velin.net<\/a><\/strong><\/p>\n<div id='gallery-1' class='gallery galleryid-93894 gallery-columns-3 gallery-size-thumbnail'><figure class='gallery-item'>\n\t\t\t<div class='gallery-icon landscape'>\n\t\t\t\t<a href='https:\/\/newsestlyonnais.fr\/site\/2020\/01\/19\/est-lyonnais-les-recensements-en-2020\/visu-site-13002x\/'><img loading=\"lazy\" decoding=\"async\" width=\"150\" height=\"75\" src=\"https:\/\/newsestlyonnais.fr\/site\/wp-content\/uploads\/2019\/12\/visu-site-13002x-250x125.jpg\" class=\"attachment-thumbnail size-thumbnail\" alt=\"\" aria-describedby=\"gallery-1-90899\" srcset=\"https:\/\/newsestlyonnais.fr\/site\/wp-content\/uploads\/2019\/12\/visu-site-13002x-250x125.jpg 250w, https:\/\/newsestlyonnais.fr\/site\/wp-content\/uploads\/2019\/12\/visu-site-13002x-400x200.jpg 400w, https:\/\/newsestlyonnais.fr\/site\/wp-content\/uploads\/2019\/12\/visu-site-13002x-150x75.jpg 150w, https:\/\/newsestlyonnais.fr\/site\/wp-content\/uploads\/2019\/12\/visu-site-13002x-50x25.jpg 50w, https:\/\/newsestlyonnais.fr\/site\/wp-content\/uploads\/2019\/12\/visu-site-13002x-100x50.jpg 100w, https:\/\/newsestlyonnais.fr\/site\/wp-content\/uploads\/2019\/12\/visu-site-13002x-200x100.jpg 200w, https:\/\/newsestlyonnais.fr\/site\/wp-content\/uploads\/2019\/12\/visu-site-13002x-300x150.jpg 300w, https:\/\/newsestlyonnais.fr\/site\/wp-content\/uploads\/2019\/12\/visu-site-13002x-350x175.jpg 350w, https:\/\/newsestlyonnais.fr\/site\/wp-content\/uploads\/2019\/12\/visu-site-13002x-450x225.jpg 450w, https:\/\/newsestlyonnais.fr\/site\/wp-content\/uploads\/2019\/12\/visu-site-13002x-500x250.jpg 500w, https:\/\/newsestlyonnais.fr\/site\/wp-content\/uploads\/2019\/12\/visu-site-13002x-550x275.jpg 550w, https:\/\/newsestlyonnais.fr\/site\/wp-content\/uploads\/2019\/12\/visu-site-13002x.jpg 650w\" sizes=\"auto, (max-width: 150px) 100vw, 150px\" \/><\/a>\n\t\t\t<\/div>\n\t\t\t\t<figcaption class='wp-caption-text gallery-caption' id='gallery-1-90899'>\n\t\t\t\t    Recensement 2020\n\t\t\t\t<\/figcaption><\/figure><figure class='gallery-item'>\n\t\t\t<div class='gallery-icon landscape'>\n\t\t\t\t<a href='https:\/\/newsestlyonnais.fr\/site\/2020\/01\/27\/vaulx-en-velin-les-evenements-au-1-fevrier\/newsestlyonnais-fest-musiques-amp-actu\/'><img loading=\"lazy\" decoding=\"async\" width=\"150\" height=\"62\" src=\"https:\/\/newsestlyonnais.fr\/site\/wp-content\/uploads\/2020\/01\/NEWSESTLYONNAIS-FEST-MUSIQUES-AMP-ACTU-250x104.jpg\" class=\"attachment-thumbnail size-thumbnail\" alt=\"\" aria-describedby=\"gallery-1-93910\" srcset=\"https:\/\/newsestlyonnais.fr\/site\/wp-content\/uploads\/2020\/01\/NEWSESTLYONNAIS-FEST-MUSIQUES-AMP-ACTU-250x104.jpg 250w, https:\/\/newsestlyonnais.fr\/site\/wp-content\/uploads\/2020\/01\/NEWSESTLYONNAIS-FEST-MUSIQUES-AMP-ACTU-400x167.jpg 400w, https:\/\/newsestlyonnais.fr\/site\/wp-content\/uploads\/2020\/01\/NEWSESTLYONNAIS-FEST-MUSIQUES-AMP-ACTU-650x271.jpg 650w, https:\/\/newsestlyonnais.fr\/site\/wp-content\/uploads\/2020\/01\/NEWSESTLYONNAIS-FEST-MUSIQUES-AMP-ACTU-150x63.jpg 150w, https:\/\/newsestlyonnais.fr\/site\/wp-content\/uploads\/2020\/01\/NEWSESTLYONNAIS-FEST-MUSIQUES-AMP-ACTU-50x21.jpg 50w, https:\/\/newsestlyonnais.fr\/site\/wp-content\/uploads\/2020\/01\/NEWSESTLYONNAIS-FEST-MUSIQUES-AMP-ACTU-100x42.jpg 100w, https:\/\/newsestlyonnais.fr\/site\/wp-content\/uploads\/2020\/01\/NEWSESTLYONNAIS-FEST-MUSIQUES-AMP-ACTU-200x83.jpg 200w, https:\/\/newsestlyonnais.fr\/site\/wp-content\/uploads\/2020\/01\/NEWSESTLYONNAIS-FEST-MUSIQUES-AMP-ACTU-300x125.jpg 300w, https:\/\/newsestlyonnais.fr\/site\/wp-content\/uploads\/2020\/01\/NEWSESTLYONNAIS-FEST-MUSIQUES-AMP-ACTU-350x146.jpg 350w, https:\/\/newsestlyonnais.fr\/site\/wp-content\/uploads\/2020\/01\/NEWSESTLYONNAIS-FEST-MUSIQUES-AMP-ACTU-450x188.jpg 450w, https:\/\/newsestlyonnais.fr\/site\/wp-content\/uploads\/2020\/01\/NEWSESTLYONNAIS-FEST-MUSIQUES-AMP-ACTU-500x208.jpg 500w, https:\/\/newsestlyonnais.fr\/site\/wp-content\/uploads\/2020\/01\/NEWSESTLYONNAIS-FEST-MUSIQUES-AMP-ACTU-550x229.jpg 550w, https:\/\/newsestlyonnais.fr\/site\/wp-content\/uploads\/2020\/01\/NEWSESTLYONNAIS-FEST-MUSIQUES-AMP-ACTU.jpg 768w\" sizes=\"auto, (max-width: 150px) 100vw, 150px\" \/><\/a>\n\t\t\t<\/div>\n\t\t\t\t<figcaption class='wp-caption-text gallery-caption' id='gallery-1-93910'>\n\t\t\t\t Festival de Musiques\n\t\t\t\t<\/figcaption><\/figure><figure class='gallery-item'>\n\t\t\t<div class='gallery-icon landscape'>\n\t\t\t\t<a href='https:\/\/newsestlyonnais.fr\/site\/newsestlyonanis-vbc-aix\/'><img loading=\"lazy\" decoding=\"async\" width=\"150\" height=\"114\" src=\"https:\/\/newsestlyonnais.fr\/site\/wp-content\/uploads\/2020\/01\/NEWSESTLYONANIS-VBC-AIX--250x190.png\" class=\"attachment-thumbnail size-thumbnail\" alt=\"\" aria-describedby=\"gallery-1-93354\" srcset=\"https:\/\/newsestlyonnais.fr\/site\/wp-content\/uploads\/2020\/01\/NEWSESTLYONANIS-VBC-AIX--250x190.png 250w, https:\/\/newsestlyonnais.fr\/site\/wp-content\/uploads\/2020\/01\/NEWSESTLYONANIS-VBC-AIX--400x304.png 400w, https:\/\/newsestlyonnais.fr\/site\/wp-content\/uploads\/2020\/01\/NEWSESTLYONANIS-VBC-AIX--650x495.png 650w, https:\/\/newsestlyonnais.fr\/site\/wp-content\/uploads\/2020\/01\/NEWSESTLYONANIS-VBC-AIX--768x584.png 768w, https:\/\/newsestlyonnais.fr\/site\/wp-content\/uploads\/2020\/01\/NEWSESTLYONANIS-VBC-AIX--150x114.png 150w, https:\/\/newsestlyonnais.fr\/site\/wp-content\/uploads\/2020\/01\/NEWSESTLYONANIS-VBC-AIX--50x38.png 50w, https:\/\/newsestlyonnais.fr\/site\/wp-content\/uploads\/2020\/01\/NEWSESTLYONANIS-VBC-AIX--100x76.png 100w, https:\/\/newsestlyonnais.fr\/site\/wp-content\/uploads\/2020\/01\/NEWSESTLYONANIS-VBC-AIX--200x152.png 200w, https:\/\/newsestlyonnais.fr\/site\/wp-content\/uploads\/2020\/01\/NEWSESTLYONANIS-VBC-AIX--300x228.png 300w, https:\/\/newsestlyonnais.fr\/site\/wp-content\/uploads\/2020\/01\/NEWSESTLYONANIS-VBC-AIX--350x266.png 350w, https:\/\/newsestlyonnais.fr\/site\/wp-content\/uploads\/2020\/01\/NEWSESTLYONANIS-VBC-AIX--450x342.png 450w, https:\/\/newsestlyonnais.fr\/site\/wp-content\/uploads\/2020\/01\/NEWSESTLYONANIS-VBC-AIX--500x381.png 500w, https:\/\/newsestlyonnais.fr\/site\/wp-content\/uploads\/2020\/01\/NEWSESTLYONANIS-VBC-AIX--550x419.png 550w, https:\/\/newsestlyonnais.fr\/site\/wp-content\/uploads\/2020\/01\/NEWSESTLYONANIS-VBC-AIX--800x609.png 800w, https:\/\/newsestlyonnais.fr\/site\/wp-content\/uploads\/2020\/01\/NEWSESTLYONANIS-VBC-AIX-.png 1000w\" sizes=\"auto, (max-width: 150px) 100vw, 150px\" \/><\/a>\n\t\t\t<\/div>\n\t\t\t\t<figcaption class='wp-caption-text gallery-caption' id='gallery-1-93354'>\n\t\t\t\tBASKET : VBC \/ AIX\n\t\t\t\t<\/figcaption><\/figure>\n\t\t<\/div>\n\n","protected":false},"excerpt":{"rendered":"<p>Plusieurs \u00e9v\u00e8nements sont programm\u00e9s dans les prochains jours sur la commune vaudaise :<\/p>\n","protected":false},"author":4,"featured_media":85535,"comment_status":"open","ping_status":"open","sticky":false,"template":"","format":"standard","meta":{"footnotes":""},"categories":[28],"tags":[2006],"class_list":["post-93894","post","type-post","status-publish","format-standard","has-post-thumbnail","hentry","category-vaulx-en-velin","tag-vaulx-en-velin"],"yoast_head":"<!-- This site is optimized with the Yoast SEO plugin v27.2 - https:\/\/yoast.com\/product\/yoast-seo-wordpress\/ -->\n<title>VAULX-EN-VELIN | Les \u00e9v\u00e8nements au 1\u00b0 f\u00e9vrier - News Est Lyonnais<\/title>\n<meta name=\"description\" content=\"VAULX-EN-VELIN | Les \u00e9v\u00e8nements au 1\u00b0 f\u00e9vrier\" \/>\n<meta name=\"robots\" content=\"index, follow, max-snippet:-1, max-image-preview:large, max-video-preview:-1\" \/>\n<link rel=\"canonical\" href=\"https:\/\/newsestlyonnais.fr\/site\/2020\/01\/27\/vaulx-en-velin-les-evenements-au-1-fevrier\/\" \/>\n<meta property=\"og:locale\" content=\"fr_FR\" \/>\n<meta property=\"og:type\" content=\"article\" \/>\n<meta property=\"og:title\" content=\"VAULX-EN-VELIN | Les \u00e9v\u00e8nements au 1\u00b0 f\u00e9vrier - News Est Lyonnais\" \/>\n<meta property=\"og:description\" content=\"VAULX-EN-VELIN | Les \u00e9v\u00e8nements au 1\u00b0 f\u00e9vrier\" \/>\n<meta property=\"og:url\" content=\"https:\/\/newsestlyonnais.fr\/site\/2020\/01\/27\/vaulx-en-velin-les-evenements-au-1-fevrier\/\" \/>\n<meta property=\"og:site_name\" content=\"News Est Lyonnais\" \/>\n<meta property=\"article:author\" content=\"https:\/\/www.facebook.com\/pascal.oberson.1?fref=ts\" \/>\n<meta property=\"article:published_time\" content=\"2020-01-27T05:30:48+00:00\" \/>\n<meta property=\"article:modified_time\" content=\"2020-01-29T13:36:39+00:00\" \/>\n<meta property=\"og:image\" content=\"https:\/\/i1.wp.com\/newsestlyonnais.fr\/site\/wp-content\/uploads\/2019\/09\/NEWSESTLYONNAIS-MAIRIE-VAULX.jpg?fit=1200%2C800&ssl=1\" \/>\n\t<meta property=\"og:image:width\" content=\"1200\" \/>\n\t<meta property=\"og:image:height\" content=\"800\" \/>\n\t<meta property=\"og:image:type\" content=\"image\/jpeg\" \/>\n<meta name=\"author\" content=\"R\u00e9dac. NEWS\" \/>\n<meta name=\"twitter:card\" content=\"summary_large_image\" \/>\n<meta name=\"twitter:label1\" content=\"\u00c9crit par\" \/>\n\t<meta name=\"twitter:data1\" content=\"R\u00e9dac. NEWS\" \/>\n\t<meta name=\"twitter:label2\" content=\"Dur\u00e9e de lecture estim\u00e9e\" \/>\n\t<meta name=\"twitter:data2\" content=\"1 minute\" \/>\n<script type=\"application\/ld+json\" class=\"yoast-schema-graph\">{\"@context\":\"https:\/\/schema.org\",\"@graph\":[{\"@type\":\"Article\",\"@id\":\"https:\/\/newsestlyonnais.fr\/site\/2020\/01\/27\/vaulx-en-velin-les-evenements-au-1-fevrier\/#article\",\"isPartOf\":{\"@id\":\"https:\/\/newsestlyonnais.fr\/site\/2020\/01\/27\/vaulx-en-velin-les-evenements-au-1-fevrier\/\"},\"author\":{\"name\":\"R\u00e9dac. NEWS\",\"@id\":\"https:\/\/newsestlyonnais.fr\/site\/#\/schema\/person\/3230d5615f390bb808365d673001e887\"},\"headline\":\"VAULX-EN-VELIN | Les \u00e9v\u00e8nements au 1\u00b0 f\u00e9vrier\",\"datePublished\":\"2020-01-27T05:30:48+00:00\",\"dateModified\":\"2020-01-29T13:36:39+00:00\",\"mainEntityOfPage\":{\"@id\":\"https:\/\/newsestlyonnais.fr\/site\/2020\/01\/27\/vaulx-en-velin-les-evenements-au-1-fevrier\/\"},\"wordCount\":242,\"commentCount\":0,\"publisher\":{\"@id\":\"https:\/\/newsestlyonnais.fr\/site\/#organization\"},\"image\":{\"@id\":\"https:\/\/newsestlyonnais.fr\/site\/2020\/01\/27\/vaulx-en-velin-les-evenements-au-1-fevrier\/#primaryimage\"},\"thumbnailUrl\":\"https:\/\/newsestlyonnais.fr\/site\/wp-content\/uploads\/2019\/09\/NEWSESTLYONNAIS-MAIRIE-VAULX.jpg\",\"keywords\":[\"VAULX EN VELIN\"],\"articleSection\":[\"Vaulx-en-Velin\"],\"inLanguage\":\"fr-FR\",\"potentialAction\":[{\"@type\":\"CommentAction\",\"name\":\"Comment\",\"target\":[\"https:\/\/newsestlyonnais.fr\/site\/2020\/01\/27\/vaulx-en-velin-les-evenements-au-1-fevrier\/#respond\"]}]},{\"@type\":\"WebPage\",\"@id\":\"https:\/\/newsestlyonnais.fr\/site\/2020\/01\/27\/vaulx-en-velin-les-evenements-au-1-fevrier\/\",\"url\":\"https:\/\/newsestlyonnais.fr\/site\/2020\/01\/27\/vaulx-en-velin-les-evenements-au-1-fevrier\/\",\"name\":\"VAULX-EN-VELIN | Les \u00e9v\u00e8nements au 1\u00b0 f\u00e9vrier - News Est Lyonnais\",\"isPartOf\":{\"@id\":\"https:\/\/newsestlyonnais.fr\/site\/#website\"},\"primaryImageOfPage\":{\"@id\":\"https:\/\/newsestlyonnais.fr\/site\/2020\/01\/27\/vaulx-en-velin-les-evenements-au-1-fevrier\/#primaryimage\"},\"image\":{\"@id\":\"https:\/\/newsestlyonnais.fr\/site\/2020\/01\/27\/vaulx-en-velin-les-evenements-au-1-fevrier\/#primaryimage\"},\"thumbnailUrl\":\"https:\/\/newsestlyonnais.fr\/site\/wp-content\/uploads\/2019\/09\/NEWSESTLYONNAIS-MAIRIE-VAULX.jpg\",\"datePublished\":\"2020-01-27T05:30:48+00:00\",\"dateModified\":\"2020-01-29T13:36:39+00:00\",\"description\":\"VAULX-EN-VELIN | Les \u00e9v\u00e8nements au 1\u00b0 f\u00e9vrier\",\"breadcrumb\":{\"@id\":\"https:\/\/newsestlyonnais.fr\/site\/2020\/01\/27\/vaulx-en-velin-les-evenements-au-1-fevrier\/#breadcrumb\"},\"inLanguage\":\"fr-FR\",\"potentialAction\":[{\"@type\":\"ReadAction\",\"target\":[\"https:\/\/newsestlyonnais.fr\/site\/2020\/01\/27\/vaulx-en-velin-les-evenements-au-1-fevrier\/\"]}]},{\"@type\":\"ImageObject\",\"inLanguage\":\"fr-FR\",\"@id\":\"https:\/\/newsestlyonnais.fr\/site\/2020\/01\/27\/vaulx-en-velin-les-evenements-au-1-fevrier\/#primaryimage\",\"url\":\"https:\/\/newsestlyonnais.fr\/site\/wp-content\/uploads\/2019\/09\/NEWSESTLYONNAIS-MAIRIE-VAULX.jpg\",\"contentUrl\":\"https:\/\/newsestlyonnais.fr\/site\/wp-content\/uploads\/2019\/09\/NEWSESTLYONNAIS-MAIRIE-VAULX.jpg\",\"width\":1200,\"height\":800},{\"@type\":\"BreadcrumbList\",\"@id\":\"https:\/\/newsestlyonnais.fr\/site\/2020\/01\/27\/vaulx-en-velin-les-evenements-au-1-fevrier\/#breadcrumb\",\"itemListElement\":[{\"@type\":\"ListItem\",\"position\":1,\"name\":\"Accueil\",\"item\":\"https:\/\/newsestlyonnais.fr\/site\/\"},{\"@type\":\"ListItem\",\"position\":2,\"name\":\"VAULX-EN-VELIN | Les \u00e9v\u00e8nements au 1\u00b0 f\u00e9vrier\"}]},{\"@type\":\"WebSite\",\"@id\":\"https:\/\/newsestlyonnais.fr\/site\/#website\",\"url\":\"https:\/\/newsestlyonnais.fr\/site\/\",\"name\":\"News Est Lyonnais\",\"description\":\"L&#039;actualit\u00e9 au plus pr\u00e8s\",\"publisher\":{\"@id\":\"https:\/\/newsestlyonnais.fr\/site\/#organization\"},\"potentialAction\":[{\"@type\":\"SearchAction\",\"target\":{\"@type\":\"EntryPoint\",\"urlTemplate\":\"https:\/\/newsestlyonnais.fr\/site\/?s={search_term_string}\"},\"query-input\":{\"@type\":\"PropertyValueSpecification\",\"valueRequired\":true,\"valueName\":\"search_term_string\"}}],\"inLanguage\":\"fr-FR\"},{\"@type\":\"Organization\",\"@id\":\"https:\/\/newsestlyonnais.fr\/site\/#organization\",\"name\":\"News EST LYONNAIS\",\"url\":\"https:\/\/newsestlyonnais.fr\/site\/\",\"logo\":{\"@type\":\"ImageObject\",\"inLanguage\":\"fr-FR\",\"@id\":\"https:\/\/newsestlyonnais.fr\/site\/#\/schema\/logo\/image\/\",\"url\":\"\",\"contentUrl\":\"\",\"caption\":\"News EST LYONNAIS\"},\"image\":{\"@id\":\"https:\/\/newsestlyonnais.fr\/site\/#\/schema\/logo\/image\/\"}},{\"@type\":\"Person\",\"@id\":\"https:\/\/newsestlyonnais.fr\/site\/#\/schema\/person\/3230d5615f390bb808365d673001e887\",\"name\":\"R\u00e9dac. NEWS\",\"sameAs\":[\"http:\/\/www.newsestlyonnais.fr\",\"https:\/\/www.facebook.com\/pascal.oberson.1?fref=ts\",\"https:\/\/fr.linkedin.com\/in\/pascal-oberson-b17045113\"],\"url\":\"https:\/\/newsestlyonnais.fr\/site\/author\/nel\/\"}]}<\/script>\n<!-- \/ Yoast SEO plugin. -->","yoast_head_json":{"title":"VAULX-EN-VELIN | Les \u00e9v\u00e8nements au 1\u00b0 f\u00e9vrier - News Est Lyonnais","description":"VAULX-EN-VELIN | Les \u00e9v\u00e8nements au 1\u00b0 f\u00e9vrier","robots":{"index":"index","follow":"follow","max-snippet":"max-snippet:-1","max-image-preview":"max-image-preview:large","max-video-preview":"max-video-preview:-1"},"canonical":"https:\/\/newsestlyonnais.fr\/site\/2020\/01\/27\/vaulx-en-velin-les-evenements-au-1-fevrier\/","og_locale":"fr_FR","og_type":"article","og_title":"VAULX-EN-VELIN | Les \u00e9v\u00e8nements au 1\u00b0 f\u00e9vrier - News Est Lyonnais","og_description":"VAULX-EN-VELIN | Les \u00e9v\u00e8nements au 1\u00b0 f\u00e9vrier","og_url":"https:\/\/newsestlyonnais.fr\/site\/2020\/01\/27\/vaulx-en-velin-les-evenements-au-1-fevrier\/","og_site_name":"News Est Lyonnais","article_author":"https:\/\/www.facebook.com\/pascal.oberson.1?fref=ts","article_published_time":"2020-01-27T05:30:48+00:00","article_modified_time":"2020-01-29T13:36:39+00:00","og_image":[{"width":1200,"height":800,"url":"https:\/\/i1.wp.com\/newsestlyonnais.fr\/site\/wp-content\/uploads\/2019\/09\/NEWSESTLYONNAIS-MAIRIE-VAULX.jpg?fit=1200%2C800&ssl=1","type":"image\/jpeg"}],"author":"R\u00e9dac. NEWS","twitter_card":"summary_large_image","twitter_misc":{"\u00c9crit par":"R\u00e9dac. NEWS","Dur\u00e9e de lecture estim\u00e9e":"1 minute"},"schema":{"@context":"https:\/\/schema.org","@graph":[{"@type":"Article","@id":"https:\/\/newsestlyonnais.fr\/site\/2020\/01\/27\/vaulx-en-velin-les-evenements-au-1-fevrier\/#article","isPartOf":{"@id":"https:\/\/newsestlyonnais.fr\/site\/2020\/01\/27\/vaulx-en-velin-les-evenements-au-1-fevrier\/"},"author":{"name":"R\u00e9dac. NEWS","@id":"https:\/\/newsestlyonnais.fr\/site\/#\/schema\/person\/3230d5615f390bb808365d673001e887"},"headline":"VAULX-EN-VELIN | Les \u00e9v\u00e8nements au 1\u00b0 f\u00e9vrier","datePublished":"2020-01-27T05:30:48+00:00","dateModified":"2020-01-29T13:36:39+00:00","mainEntityOfPage":{"@id":"https:\/\/newsestlyonnais.fr\/site\/2020\/01\/27\/vaulx-en-velin-les-evenements-au-1-fevrier\/"},"wordCount":242,"commentCount":0,"publisher":{"@id":"https:\/\/newsestlyonnais.fr\/site\/#organization"},"image":{"@id":"https:\/\/newsestlyonnais.fr\/site\/2020\/01\/27\/vaulx-en-velin-les-evenements-au-1-fevrier\/#primaryimage"},"thumbnailUrl":"https:\/\/newsestlyonnais.fr\/site\/wp-content\/uploads\/2019\/09\/NEWSESTLYONNAIS-MAIRIE-VAULX.jpg","keywords":["VAULX EN VELIN"],"articleSection":["Vaulx-en-Velin"],"inLanguage":"fr-FR","potentialAction":[{"@type":"CommentAction","name":"Comment","target":["https:\/\/newsestlyonnais.fr\/site\/2020\/01\/27\/vaulx-en-velin-les-evenements-au-1-fevrier\/#respond"]}]},{"@type":"WebPage","@id":"https:\/\/newsestlyonnais.fr\/site\/2020\/01\/27\/vaulx-en-velin-les-evenements-au-1-fevrier\/","url":"https:\/\/newsestlyonnais.fr\/site\/2020\/01\/27\/vaulx-en-velin-les-evenements-au-1-fevrier\/","name":"VAULX-EN-VELIN | Les \u00e9v\u00e8nements au 1\u00b0 f\u00e9vrier - News Est Lyonnais","isPartOf":{"@id":"https:\/\/newsestlyonnais.fr\/site\/#website"},"primaryImageOfPage":{"@id":"https:\/\/newsestlyonnais.fr\/site\/2020\/01\/27\/vaulx-en-velin-les-evenements-au-1-fevrier\/#primaryimage"},"image":{"@id":"https:\/\/newsestlyonnais.fr\/site\/2020\/01\/27\/vaulx-en-velin-les-evenements-au-1-fevrier\/#primaryimage"},"thumbnailUrl":"https:\/\/newsestlyonnais.fr\/site\/wp-content\/uploads\/2019\/09\/NEWSESTLYONNAIS-MAIRIE-VAULX.jpg","datePublished":"2020-01-27T05:30:48+00:00","dateModified":"2020-01-29T13:36:39+00:00","description":"VAULX-EN-VELIN | Les \u00e9v\u00e8nements au 1\u00b0 f\u00e9vrier","breadcrumb":{"@id":"https:\/\/newsestlyonnais.fr\/site\/2020\/01\/27\/vaulx-en-velin-les-evenements-au-1-fevrier\/#breadcrumb"},"inLanguage":"fr-FR","potentialAction":[{"@type":"ReadAction","target":["https:\/\/newsestlyonnais.fr\/site\/2020\/01\/27\/vaulx-en-velin-les-evenements-au-1-fevrier\/"]}]},{"@type":"ImageObject","inLanguage":"fr-FR","@id":"https:\/\/newsestlyonnais.fr\/site\/2020\/01\/27\/vaulx-en-velin-les-evenements-au-1-fevrier\/#primaryimage","url":"https:\/\/newsestlyonnais.fr\/site\/wp-content\/uploads\/2019\/09\/NEWSESTLYONNAIS-MAIRIE-VAULX.jpg","contentUrl":"https:\/\/newsestlyonnais.fr\/site\/wp-content\/uploads\/2019\/09\/NEWSESTLYONNAIS-MAIRIE-VAULX.jpg","width":1200,"height":800},{"@type":"BreadcrumbList","@id":"https:\/\/newsestlyonnais.fr\/site\/2020\/01\/27\/vaulx-en-velin-les-evenements-au-1-fevrier\/#breadcrumb","itemListElement":[{"@type":"ListItem","position":1,"name":"Accueil","item":"https:\/\/newsestlyonnais.fr\/site\/"},{"@type":"ListItem","position":2,"name":"VAULX-EN-VELIN | Les \u00e9v\u00e8nements au 1\u00b0 f\u00e9vrier"}]},{"@type":"WebSite","@id":"https:\/\/newsestlyonnais.fr\/site\/#website","url":"https:\/\/newsestlyonnais.fr\/site\/","name":"News Est Lyonnais","description":"L&#039;actualit\u00e9 au plus pr\u00e8s","publisher":{"@id":"https:\/\/newsestlyonnais.fr\/site\/#organization"},"potentialAction":[{"@type":"SearchAction","target":{"@type":"EntryPoint","urlTemplate":"https:\/\/newsestlyonnais.fr\/site\/?s={search_term_string}"},"query-input":{"@type":"PropertyValueSpecification","valueRequired":true,"valueName":"search_term_string"}}],"inLanguage":"fr-FR"},{"@type":"Organization","@id":"https:\/\/newsestlyonnais.fr\/site\/#organization","name":"News EST LYONNAIS","url":"https:\/\/newsestlyonnais.fr\/site\/","logo":{"@type":"ImageObject","inLanguage":"fr-FR","@id":"https:\/\/newsestlyonnais.fr\/site\/#\/schema\/logo\/image\/","url":"","contentUrl":"","caption":"News EST LYONNAIS"},"image":{"@id":"https:\/\/newsestlyonnais.fr\/site\/#\/schema\/logo\/image\/"}},{"@type":"Person","@id":"https:\/\/newsestlyonnais.fr\/site\/#\/schema\/person\/3230d5615f390bb808365d673001e887","name":"R\u00e9dac. NEWS","sameAs":["http:\/\/www.newsestlyonnais.fr","https:\/\/www.facebook.com\/pascal.oberson.1?fref=ts","https:\/\/fr.linkedin.com\/in\/pascal-oberson-b17045113"],"url":"https:\/\/newsestlyonnais.fr\/site\/author\/nel\/"}]}},"_links":{"self":[{"href":"https:\/\/newsestlyonnais.fr\/site\/wp-json\/wp\/v2\/posts\/93894","targetHints":{"allow":["GET"]}}],"collection":[{"href":"https:\/\/newsestlyonnais.fr\/site\/wp-json\/wp\/v2\/posts"}],"about":[{"href":"https:\/\/newsestlyonnais.fr\/site\/wp-json\/wp\/v2\/types\/post"}],"author":[{"embeddable":true,"href":"https:\/\/newsestlyonnais.fr\/site\/wp-json\/wp\/v2\/users\/4"}],"replies":[{"embeddable":true,"href":"https:\/\/newsestlyonnais.fr\/site\/wp-json\/wp\/v2\/comments?post=93894"}],"version-history":[{"count":0,"href":"https:\/\/newsestlyonnais.fr\/site\/wp-json\/wp\/v2\/posts\/93894\/revisions"}],"wp:featuredmedia":[{"embeddable":true,"href":"https:\/\/newsestlyonnais.fr\/site\/wp-json\/wp\/v2\/media\/85535"}],"wp:attachment":[{"href":"https:\/\/newsestlyonnais.fr\/site\/wp-json\/wp\/v2\/media?parent=93894"}],"wp:term":[{"taxonomy":"category","embeddable":true,"href":"https:\/\/newsestlyonnais.fr\/site\/wp-json\/wp\/v2\/categories?post=93894"},{"taxonomy":"post_tag","embeddable":true,"href":"https:\/\/newsestlyonnais.fr\/site\/wp-json\/wp\/v2\/tags?post=93894"}],"curies":[{"name":"wp","href":"https:\/\/api.w.org\/{rel}","templated":true}]}}