{"id":94169,"date":"2020-01-30T06:54:01","date_gmt":"2020-01-30T05:54:01","guid":{"rendered":"http:\/\/newsestlyonnais.fr\/site\/?p=94169"},"modified":"2020-01-30T06:57:52","modified_gmt":"2020-01-30T05:57:52","slug":"travaux-automatisation-de-la-ligne-de-metro-b","status":"publish","type":"post","link":"https:\/\/newsestlyonnais.fr\/site\/2020\/01\/30\/travaux-automatisation-de-la-ligne-de-metro-b\/","title":{"rendered":"TRAVAUX | Automatisation de la ligne de M\u00e9tro B"},"content":{"rendered":"<p><strong>D\u00e8s l\u2019automne 2020, la ligne B sera progressivement exploit\u00e9e en pilotage automatique int\u00e9gral<\/strong> avec les nouvelles rames de m\u00e9tro.<\/p>\n<p>La mise en \u0153uvre de <strong>ce nouveau syst\u00e8me permettra d\u2019augmenter la fr\u00e9quence de passage<\/strong> et donc la capacit\u00e9 de la ligne.<\/p>\n<p>Alors que les travaux d\u2019automatisation se poursuivent quotidiennement en tunnel sur les heures de fermeture du m\u00e9tro, <strong>des \u00ab nuits longues \u00bb<\/strong> sont organis\u00e9es pour permettre aux entreprises d\u2019intervenir sur de plus grandes plages horaires.<\/p>\n<p>Dans le cadre de ces interventions prolong\u00e9es,<strong> le trafic de la ligne sera interrompu<\/strong> :<\/p>\n<p><strong>De mani\u00e8re anticip\u00e9e, en soir\u00e9e, les lundis 3, 10, 17 et 24 et mardis 11, 18 et 25 f\u00e9vrier<\/strong> :<\/p>\n<ul>\n<li>Dernier d\u00e9part de Charpennes (direction Gare d\u2019Oullins) \u00e0 21 h 15.<\/li>\n<li>Dernier d\u00e9part de Gare d\u2019Oullins (direction Charpennes) \u00e0 21 h 25.<\/li>\n<\/ul>\n<p><strong>Les samedis 8, 15, 22 et 29 f\u00e9vrier matin de 4 h 50 \u00e0 7 h<\/strong> :<\/p>\n<ul>\n<li>Premier d\u00e9part de Charpennes (direction Gare d\u2019Oullins) \u00e0 7 h.<\/li>\n<li>Premier d\u00e9part de Gare d\u2019Oullins (direction Charpennes) \u00e0 7 h 05.<\/li>\n<\/ul>\n<p><strong>MISE EN PLACE DE BUS RELAIS : <\/strong>Pour assurer la continuit\u00e9 de service, des bus relais desserviront l\u2019ensemble des stations de la ligne avec une <strong>fr\u00e9quence de 10 minutes<\/strong>.<\/p>\n","protected":false},"excerpt":{"rendered":"<p>Pour permettre cette automatisation, les travaux de nuit vont se poursuivre en tunnel au cours du mois de f\u00e9vrier.<\/p>\n","protected":false},"author":4,"featured_media":85628,"comment_status":"open","ping_status":"open","sticky":false,"template":"","format":"standard","meta":{"footnotes":""},"categories":[2217,1625,13,172,29],"tags":[2051],"class_list":["post-94169","post","type-post","status-publish","format-standard","has-post-thumbnail","hentry","category-breves-de-lest-lyonnais","category-lyon","category-transports-circulation","category-travaux-amenagements","category-villeurbanne","tag-tcl"],"yoast_head":"<!-- This site is optimized with the Yoast SEO plugin v27.2 - https:\/\/yoast.com\/product\/yoast-seo-wordpress\/ -->\n<title>TRAVAUX | Automatisation de la ligne de M\u00e9tro B - News Est Lyonnais<\/title>\n<meta name=\"description\" content=\"TRAVAUX | Automatisation de la ligne de M\u00e9tro B\" \/>\n<meta name=\"robots\" content=\"index, follow, max-snippet:-1, max-image-preview:large, max-video-preview:-1\" \/>\n<link rel=\"canonical\" href=\"https:\/\/newsestlyonnais.fr\/site\/2020\/01\/30\/travaux-automatisation-de-la-ligne-de-metro-b\/\" \/>\n<meta property=\"og:locale\" content=\"fr_FR\" \/>\n<meta property=\"og:type\" content=\"article\" \/>\n<meta property=\"og:title\" content=\"TRAVAUX | Automatisation de la ligne de M\u00e9tro B - News Est Lyonnais\" \/>\n<meta property=\"og:description\" content=\"TRAVAUX | Automatisation de la ligne de M\u00e9tro B\" \/>\n<meta property=\"og:url\" content=\"https:\/\/newsestlyonnais.fr\/site\/2020\/01\/30\/travaux-automatisation-de-la-ligne-de-metro-b\/\" \/>\n<meta property=\"og:site_name\" content=\"News Est Lyonnais\" \/>\n<meta property=\"article:author\" content=\"https:\/\/www.facebook.com\/pascal.oberson.1?fref=ts\" \/>\n<meta property=\"article:published_time\" content=\"2020-01-30T05:54:01+00:00\" \/>\n<meta property=\"article:modified_time\" content=\"2020-01-30T05:57:52+00:00\" \/>\n<meta property=\"og:image\" content=\"https:\/\/i0.wp.com\/newsestlyonnais.fr\/site\/wp-content\/uploads\/2019\/10\/NEWSESTLYONNAIS-TRAM-T2.jpg?fit=1200%2C800&ssl=1\" \/>\n\t<meta property=\"og:image:width\" content=\"1200\" \/>\n\t<meta property=\"og:image:height\" content=\"800\" \/>\n\t<meta property=\"og:image:type\" content=\"image\/jpeg\" \/>\n<meta name=\"author\" content=\"R\u00e9dac. NEWS\" \/>\n<meta name=\"twitter:card\" content=\"summary_large_image\" \/>\n<meta name=\"twitter:label1\" content=\"\u00c9crit par\" \/>\n\t<meta name=\"twitter:data1\" content=\"R\u00e9dac. NEWS\" \/>\n\t<meta name=\"twitter:label2\" content=\"Dur\u00e9e de lecture estim\u00e9e\" \/>\n\t<meta name=\"twitter:data2\" content=\"1 minute\" \/>\n<script type=\"application\/ld+json\" class=\"yoast-schema-graph\">{\"@context\":\"https:\/\/schema.org\",\"@graph\":[{\"@type\":\"Article\",\"@id\":\"https:\/\/newsestlyonnais.fr\/site\/2020\/01\/30\/travaux-automatisation-de-la-ligne-de-metro-b\/#article\",\"isPartOf\":{\"@id\":\"https:\/\/newsestlyonnais.fr\/site\/2020\/01\/30\/travaux-automatisation-de-la-ligne-de-metro-b\/\"},\"author\":{\"name\":\"R\u00e9dac. NEWS\",\"@id\":\"https:\/\/newsestlyonnais.fr\/site\/#\/schema\/person\/3230d5615f390bb808365d673001e887\"},\"headline\":\"TRAVAUX | Automatisation de la ligne de M\u00e9tro B\",\"datePublished\":\"2020-01-30T05:54:01+00:00\",\"dateModified\":\"2020-01-30T05:57:52+00:00\",\"mainEntityOfPage\":{\"@id\":\"https:\/\/newsestlyonnais.fr\/site\/2020\/01\/30\/travaux-automatisation-de-la-ligne-de-metro-b\/\"},\"wordCount\":202,\"commentCount\":0,\"publisher\":{\"@id\":\"https:\/\/newsestlyonnais.fr\/site\/#organization\"},\"image\":{\"@id\":\"https:\/\/newsestlyonnais.fr\/site\/2020\/01\/30\/travaux-automatisation-de-la-ligne-de-metro-b\/#primaryimage\"},\"thumbnailUrl\":\"https:\/\/newsestlyonnais.fr\/site\/wp-content\/uploads\/2019\/10\/NEWSESTLYONNAIS-TRAM-T2.jpg\",\"keywords\":[\"TCL\"],\"articleSection\":[\"Br\u00e8ves de l'Est lyonnais\",\"Lyon\",\"Transports | Circulation\",\"Travaux | Am\u00e9nagements\",\"Villeurbanne\"],\"inLanguage\":\"fr-FR\",\"potentialAction\":[{\"@type\":\"CommentAction\",\"name\":\"Comment\",\"target\":[\"https:\/\/newsestlyonnais.fr\/site\/2020\/01\/30\/travaux-automatisation-de-la-ligne-de-metro-b\/#respond\"]}]},{\"@type\":\"WebPage\",\"@id\":\"https:\/\/newsestlyonnais.fr\/site\/2020\/01\/30\/travaux-automatisation-de-la-ligne-de-metro-b\/\",\"url\":\"https:\/\/newsestlyonnais.fr\/site\/2020\/01\/30\/travaux-automatisation-de-la-ligne-de-metro-b\/\",\"name\":\"TRAVAUX | Automatisation de la ligne de M\u00e9tro B - News Est Lyonnais\",\"isPartOf\":{\"@id\":\"https:\/\/newsestlyonnais.fr\/site\/#website\"},\"primaryImageOfPage\":{\"@id\":\"https:\/\/newsestlyonnais.fr\/site\/2020\/01\/30\/travaux-automatisation-de-la-ligne-de-metro-b\/#primaryimage\"},\"image\":{\"@id\":\"https:\/\/newsestlyonnais.fr\/site\/2020\/01\/30\/travaux-automatisation-de-la-ligne-de-metro-b\/#primaryimage\"},\"thumbnailUrl\":\"https:\/\/newsestlyonnais.fr\/site\/wp-content\/uploads\/2019\/10\/NEWSESTLYONNAIS-TRAM-T2.jpg\",\"datePublished\":\"2020-01-30T05:54:01+00:00\",\"dateModified\":\"2020-01-30T05:57:52+00:00\",\"description\":\"TRAVAUX | Automatisation de la ligne de M\u00e9tro B\",\"breadcrumb\":{\"@id\":\"https:\/\/newsestlyonnais.fr\/site\/2020\/01\/30\/travaux-automatisation-de-la-ligne-de-metro-b\/#breadcrumb\"},\"inLanguage\":\"fr-FR\",\"potentialAction\":[{\"@type\":\"ReadAction\",\"target\":[\"https:\/\/newsestlyonnais.fr\/site\/2020\/01\/30\/travaux-automatisation-de-la-ligne-de-metro-b\/\"]}]},{\"@type\":\"ImageObject\",\"inLanguage\":\"fr-FR\",\"@id\":\"https:\/\/newsestlyonnais.fr\/site\/2020\/01\/30\/travaux-automatisation-de-la-ligne-de-metro-b\/#primaryimage\",\"url\":\"https:\/\/newsestlyonnais.fr\/site\/wp-content\/uploads\/2019\/10\/NEWSESTLYONNAIS-TRAM-T2.jpg\",\"contentUrl\":\"https:\/\/newsestlyonnais.fr\/site\/wp-content\/uploads\/2019\/10\/NEWSESTLYONNAIS-TRAM-T2.jpg\",\"width\":1200,\"height\":800},{\"@type\":\"BreadcrumbList\",\"@id\":\"https:\/\/newsestlyonnais.fr\/site\/2020\/01\/30\/travaux-automatisation-de-la-ligne-de-metro-b\/#breadcrumb\",\"itemListElement\":[{\"@type\":\"ListItem\",\"position\":1,\"name\":\"Accueil\",\"item\":\"https:\/\/newsestlyonnais.fr\/site\/\"},{\"@type\":\"ListItem\",\"position\":2,\"name\":\"TRAVAUX | Automatisation de la ligne de M\u00e9tro B\"}]},{\"@type\":\"WebSite\",\"@id\":\"https:\/\/newsestlyonnais.fr\/site\/#website\",\"url\":\"https:\/\/newsestlyonnais.fr\/site\/\",\"name\":\"News Est Lyonnais\",\"description\":\"L&#039;actualit\u00e9 au plus pr\u00e8s\",\"publisher\":{\"@id\":\"https:\/\/newsestlyonnais.fr\/site\/#organization\"},\"potentialAction\":[{\"@type\":\"SearchAction\",\"target\":{\"@type\":\"EntryPoint\",\"urlTemplate\":\"https:\/\/newsestlyonnais.fr\/site\/?s={search_term_string}\"},\"query-input\":{\"@type\":\"PropertyValueSpecification\",\"valueRequired\":true,\"valueName\":\"search_term_string\"}}],\"inLanguage\":\"fr-FR\"},{\"@type\":\"Organization\",\"@id\":\"https:\/\/newsestlyonnais.fr\/site\/#organization\",\"name\":\"News EST LYONNAIS\",\"url\":\"https:\/\/newsestlyonnais.fr\/site\/\",\"logo\":{\"@type\":\"ImageObject\",\"inLanguage\":\"fr-FR\",\"@id\":\"https:\/\/newsestlyonnais.fr\/site\/#\/schema\/logo\/image\/\",\"url\":\"\",\"contentUrl\":\"\",\"caption\":\"News EST LYONNAIS\"},\"image\":{\"@id\":\"https:\/\/newsestlyonnais.fr\/site\/#\/schema\/logo\/image\/\"}},{\"@type\":\"Person\",\"@id\":\"https:\/\/newsestlyonnais.fr\/site\/#\/schema\/person\/3230d5615f390bb808365d673001e887\",\"name\":\"R\u00e9dac. NEWS\",\"sameAs\":[\"http:\/\/www.newsestlyonnais.fr\",\"https:\/\/www.facebook.com\/pascal.oberson.1?fref=ts\",\"https:\/\/fr.linkedin.com\/in\/pascal-oberson-b17045113\"],\"url\":\"https:\/\/newsestlyonnais.fr\/site\/author\/nel\/\"}]}<\/script>\n<!-- \/ Yoast SEO plugin. -->","yoast_head_json":{"title":"TRAVAUX | Automatisation de la ligne de M\u00e9tro B - News Est Lyonnais","description":"TRAVAUX | Automatisation de la ligne de M\u00e9tro B","robots":{"index":"index","follow":"follow","max-snippet":"max-snippet:-1","max-image-preview":"max-image-preview:large","max-video-preview":"max-video-preview:-1"},"canonical":"https:\/\/newsestlyonnais.fr\/site\/2020\/01\/30\/travaux-automatisation-de-la-ligne-de-metro-b\/","og_locale":"fr_FR","og_type":"article","og_title":"TRAVAUX | Automatisation de la ligne de M\u00e9tro B - News Est Lyonnais","og_description":"TRAVAUX | Automatisation de la ligne de M\u00e9tro B","og_url":"https:\/\/newsestlyonnais.fr\/site\/2020\/01\/30\/travaux-automatisation-de-la-ligne-de-metro-b\/","og_site_name":"News Est Lyonnais","article_author":"https:\/\/www.facebook.com\/pascal.oberson.1?fref=ts","article_published_time":"2020-01-30T05:54:01+00:00","article_modified_time":"2020-01-30T05:57:52+00:00","og_image":[{"width":1200,"height":800,"url":"https:\/\/i0.wp.com\/newsestlyonnais.fr\/site\/wp-content\/uploads\/2019\/10\/NEWSESTLYONNAIS-TRAM-T2.jpg?fit=1200%2C800&ssl=1","type":"image\/jpeg"}],"author":"R\u00e9dac. NEWS","twitter_card":"summary_large_image","twitter_misc":{"\u00c9crit par":"R\u00e9dac. NEWS","Dur\u00e9e de lecture estim\u00e9e":"1 minute"},"schema":{"@context":"https:\/\/schema.org","@graph":[{"@type":"Article","@id":"https:\/\/newsestlyonnais.fr\/site\/2020\/01\/30\/travaux-automatisation-de-la-ligne-de-metro-b\/#article","isPartOf":{"@id":"https:\/\/newsestlyonnais.fr\/site\/2020\/01\/30\/travaux-automatisation-de-la-ligne-de-metro-b\/"},"author":{"name":"R\u00e9dac. NEWS","@id":"https:\/\/newsestlyonnais.fr\/site\/#\/schema\/person\/3230d5615f390bb808365d673001e887"},"headline":"TRAVAUX | Automatisation de la ligne de M\u00e9tro B","datePublished":"2020-01-30T05:54:01+00:00","dateModified":"2020-01-30T05:57:52+00:00","mainEntityOfPage":{"@id":"https:\/\/newsestlyonnais.fr\/site\/2020\/01\/30\/travaux-automatisation-de-la-ligne-de-metro-b\/"},"wordCount":202,"commentCount":0,"publisher":{"@id":"https:\/\/newsestlyonnais.fr\/site\/#organization"},"image":{"@id":"https:\/\/newsestlyonnais.fr\/site\/2020\/01\/30\/travaux-automatisation-de-la-ligne-de-metro-b\/#primaryimage"},"thumbnailUrl":"https:\/\/newsestlyonnais.fr\/site\/wp-content\/uploads\/2019\/10\/NEWSESTLYONNAIS-TRAM-T2.jpg","keywords":["TCL"],"articleSection":["Br\u00e8ves de l'Est lyonnais","Lyon","Transports | Circulation","Travaux | Am\u00e9nagements","Villeurbanne"],"inLanguage":"fr-FR","potentialAction":[{"@type":"CommentAction","name":"Comment","target":["https:\/\/newsestlyonnais.fr\/site\/2020\/01\/30\/travaux-automatisation-de-la-ligne-de-metro-b\/#respond"]}]},{"@type":"WebPage","@id":"https:\/\/newsestlyonnais.fr\/site\/2020\/01\/30\/travaux-automatisation-de-la-ligne-de-metro-b\/","url":"https:\/\/newsestlyonnais.fr\/site\/2020\/01\/30\/travaux-automatisation-de-la-ligne-de-metro-b\/","name":"TRAVAUX | Automatisation de la ligne de M\u00e9tro B - News Est Lyonnais","isPartOf":{"@id":"https:\/\/newsestlyonnais.fr\/site\/#website"},"primaryImageOfPage":{"@id":"https:\/\/newsestlyonnais.fr\/site\/2020\/01\/30\/travaux-automatisation-de-la-ligne-de-metro-b\/#primaryimage"},"image":{"@id":"https:\/\/newsestlyonnais.fr\/site\/2020\/01\/30\/travaux-automatisation-de-la-ligne-de-metro-b\/#primaryimage"},"thumbnailUrl":"https:\/\/newsestlyonnais.fr\/site\/wp-content\/uploads\/2019\/10\/NEWSESTLYONNAIS-TRAM-T2.jpg","datePublished":"2020-01-30T05:54:01+00:00","dateModified":"2020-01-30T05:57:52+00:00","description":"TRAVAUX | Automatisation de la ligne de M\u00e9tro B","breadcrumb":{"@id":"https:\/\/newsestlyonnais.fr\/site\/2020\/01\/30\/travaux-automatisation-de-la-ligne-de-metro-b\/#breadcrumb"},"inLanguage":"fr-FR","potentialAction":[{"@type":"ReadAction","target":["https:\/\/newsestlyonnais.fr\/site\/2020\/01\/30\/travaux-automatisation-de-la-ligne-de-metro-b\/"]}]},{"@type":"ImageObject","inLanguage":"fr-FR","@id":"https:\/\/newsestlyonnais.fr\/site\/2020\/01\/30\/travaux-automatisation-de-la-ligne-de-metro-b\/#primaryimage","url":"https:\/\/newsestlyonnais.fr\/site\/wp-content\/uploads\/2019\/10\/NEWSESTLYONNAIS-TRAM-T2.jpg","contentUrl":"https:\/\/newsestlyonnais.fr\/site\/wp-content\/uploads\/2019\/10\/NEWSESTLYONNAIS-TRAM-T2.jpg","width":1200,"height":800},{"@type":"BreadcrumbList","@id":"https:\/\/newsestlyonnais.fr\/site\/2020\/01\/30\/travaux-automatisation-de-la-ligne-de-metro-b\/#breadcrumb","itemListElement":[{"@type":"ListItem","position":1,"name":"Accueil","item":"https:\/\/newsestlyonnais.fr\/site\/"},{"@type":"ListItem","position":2,"name":"TRAVAUX | Automatisation de la ligne de M\u00e9tro B"}]},{"@type":"WebSite","@id":"https:\/\/newsestlyonnais.fr\/site\/#website","url":"https:\/\/newsestlyonnais.fr\/site\/","name":"News Est Lyonnais","description":"L&#039;actualit\u00e9 au plus pr\u00e8s","publisher":{"@id":"https:\/\/newsestlyonnais.fr\/site\/#organization"},"potentialAction":[{"@type":"SearchAction","target":{"@type":"EntryPoint","urlTemplate":"https:\/\/newsestlyonnais.fr\/site\/?s={search_term_string}"},"query-input":{"@type":"PropertyValueSpecification","valueRequired":true,"valueName":"search_term_string"}}],"inLanguage":"fr-FR"},{"@type":"Organization","@id":"https:\/\/newsestlyonnais.fr\/site\/#organization","name":"News EST LYONNAIS","url":"https:\/\/newsestlyonnais.fr\/site\/","logo":{"@type":"ImageObject","inLanguage":"fr-FR","@id":"https:\/\/newsestlyonnais.fr\/site\/#\/schema\/logo\/image\/","url":"","contentUrl":"","caption":"News EST LYONNAIS"},"image":{"@id":"https:\/\/newsestlyonnais.fr\/site\/#\/schema\/logo\/image\/"}},{"@type":"Person","@id":"https:\/\/newsestlyonnais.fr\/site\/#\/schema\/person\/3230d5615f390bb808365d673001e887","name":"R\u00e9dac. NEWS","sameAs":["http:\/\/www.newsestlyonnais.fr","https:\/\/www.facebook.com\/pascal.oberson.1?fref=ts","https:\/\/fr.linkedin.com\/in\/pascal-oberson-b17045113"],"url":"https:\/\/newsestlyonnais.fr\/site\/author\/nel\/"}]}},"_links":{"self":[{"href":"https:\/\/newsestlyonnais.fr\/site\/wp-json\/wp\/v2\/posts\/94169","targetHints":{"allow":["GET"]}}],"collection":[{"href":"https:\/\/newsestlyonnais.fr\/site\/wp-json\/wp\/v2\/posts"}],"about":[{"href":"https:\/\/newsestlyonnais.fr\/site\/wp-json\/wp\/v2\/types\/post"}],"author":[{"embeddable":true,"href":"https:\/\/newsestlyonnais.fr\/site\/wp-json\/wp\/v2\/users\/4"}],"replies":[{"embeddable":true,"href":"https:\/\/newsestlyonnais.fr\/site\/wp-json\/wp\/v2\/comments?post=94169"}],"version-history":[{"count":0,"href":"https:\/\/newsestlyonnais.fr\/site\/wp-json\/wp\/v2\/posts\/94169\/revisions"}],"wp:featuredmedia":[{"embeddable":true,"href":"https:\/\/newsestlyonnais.fr\/site\/wp-json\/wp\/v2\/media\/85628"}],"wp:attachment":[{"href":"https:\/\/newsestlyonnais.fr\/site\/wp-json\/wp\/v2\/media?parent=94169"}],"wp:term":[{"taxonomy":"category","embeddable":true,"href":"https:\/\/newsestlyonnais.fr\/site\/wp-json\/wp\/v2\/categories?post=94169"},{"taxonomy":"post_tag","embeddable":true,"href":"https:\/\/newsestlyonnais.fr\/site\/wp-json\/wp\/v2\/tags?post=94169"}],"curies":[{"name":"wp","href":"https:\/\/api.w.org\/{rel}","templated":true}]}}