{"id":94768,"date":"2020-02-05T15:26:19","date_gmt":"2020-02-05T14:26:19","guid":{"rendered":"http:\/\/newsestlyonnais.fr\/site\/?p=94768"},"modified":"2020-03-27T18:31:30","modified_gmt":"2020-03-27T17:31:30","slug":"bron-ville-internet-5-pour-la-10-annee-consecutive","status":"publish","type":"post","link":"https:\/\/newsestlyonnais.fr\/site\/2020\/02\/05\/bron-ville-internet-5-pour-la-10-annee-consecutive\/","title":{"rendered":"BRON | Ville Internet 5@ pour la 10\u00b0 ann\u00e9e cons\u00e9cutive !"},"content":{"rendered":"<p>Ce prix, d\u00e8s ses origines, \u00e9tabli sur des crit\u00e8res scientifiques, est d\u00e9cern\u00e9 par un jury compos\u00e9 de chercheurs universitaires et d\u2019associations dont l\u2019expertise est reconnue dans le monde de l\u2019Internet.<strong> Bron d\u00e9croche ainsi pour la dixi\u00e8me ann\u00e9e cons\u00e9cutive la plus haute note de ce palmar\u00e8s dans un classement de 1 \u00e0 5@<\/strong>. Elle est l\u2019<strong>une des 2 communes du Rh\u00f4ne class\u00e9e 5@<\/strong>. <span style=\"text-decoration: underline\">La Ville se f\u00e9licite de partager, en R\u00e9gion Auvergne-Rh\u00f4ne-Alpes, ces 5@ avec les villes d\u2019Oullins, Grenoble, Aix-Les-Bains et Lamastre.<\/span><\/p>\n<p>________________________________________________________________________________<\/p>\n<p>La Ville de Bron partage cette reconnaissance avec tous ses partenaires, et en premier lieu avec la Cyber-base, g\u00e9r\u00e9e par la MJC de Bron en lien avec la Ville. En effet, pour tous les amateurs et curieux de la (r)\u00e9volution num\u00e9rique, Bron, Ville Internet 5@ depuis 2010, dispose d\u2019EPN (la Cyber-base depuis 2005 \u2013 la premi\u00e8re dans le d\u00e9partement du Rh\u00f4ne ! \u2013 et l\u2019@robase \u00e0 la M\u00e9diath\u00e8que Jean Pr\u00e9vost depuis 2014), v\u00e9ritables lieux d\u2019\u00e9changes, de loisirs, de culture et de formation qui permettent de donner les moyens \u00e0 tous les citoyens, notamment aux plus fragilis\u00e9s, quels que soient leur \u00e2ge ou le quartier o\u00f9 ils habitent, d\u2019acc\u00e9der aux technologies num\u00e9riques, de les conna\u00eetre, de les d\u00e9crypter et de les sensibiliser \u00e0 la compr\u00e9hension critique de leurs usages.<\/p>\n<p>Une r\u00e9flexion qui se poursuit par la pratique artistique lors de sa Biennale des Arts num\u00e9riques, RVBn dont la derni\u00e8re \u00e9dition s\u2019est tenue en avril 2019. En r\u00e9sum\u00e9, la politique num\u00e9rique de Bron se veut dans la lign\u00e9e de la th\u00e9matique de ses Rencontres Scientifiques Nationales, au service d\u2019une \u201cVille durable, sociale et citoyenne\u201d.<\/p>\n<p>Parall\u00e8lement, forte de cette exp\u00e9rience, du d\u00e9veloppement continu de l\u2019utilisation par la population des outils num\u00e9riques et de la part croissante qu\u2019occupent ces outils dans le fonctionnement quotidien de l\u2019administration, la Ville de Bron a cr\u00e9\u00e9 un comit\u00e9 de pilotage d\u2019une politique num\u00e9rique regroupant les principaux acteurs et mis en place \u201cBron num\u00e9rique\u201d, le Projet d\u2019Administration 2014-2020.<\/p>\n<p>________________________________________________________________________________<\/p>\n<p><strong>7\u00a0 axes ont ainsi \u00e9t\u00e9 d\u00e9finis<\/strong>. Parmi ceux-ci, le num\u00e9rique dans les \u00e9coles, avec des tableaux num\u00e9riques interactifs et des vid\u00e9oprojecteurs dans tous les groupes scolaires, et la cr\u00e9ation de l\u2019Espace \u00c9coles, une plateforme de t\u00e9l\u00e9services disponible 24h\/24 permettant aux familles d\u2019effectuer leurs d\u00e9marches dans les domaines scolaires et p\u00e9riscolaires. Autre axe, l\u2019accueil num\u00e9rique du public pour am\u00e9liorer le service qui lui est rendu, en compl\u00e9mentarit\u00e9 avec la pr\u00e9sence humaine et physique des agents, avec notamment la refonte du site Internet responsive et accessible \u00e0 l\u2019automne 2017, la mise en oeuvre de nouveaux outils (Espace Associations en 2018, logiciel de prise de rendez-vous en 2017&#8230;) et le d\u00e9veloppement en cours d\u2019un syst\u00e8me de Gestion de la Relation Usagers (GRU). Un accueil connect\u00e9 pour tous !<\/p>\n<p>________________________________________________________________________________<\/p>\n<ul>\n<li><span style=\"font-size: 14pt\"><strong><em>Retrouvez l\u2019ensemble du palmar\u00e8s sur <a href=\"http:\/\/www.villes-internet.net\">http:\/\/www.villes-internet.net<\/a><\/em><\/strong><\/span><\/li>\n<\/ul>\n<p>&nbsp;<\/p>\n","protected":false},"excerpt":{"rendered":"<p>5@ ont \u00e9t\u00e9 attribu\u00e9es \u00e0 la Ville de Bron \u00e0 l\u2019occasion de la 21\u00b0 \u00e9dition du label national \u201cTerritoires, Villes et Villages Internet 2020\u201d  d\u00e9roul\u00e9e mardi \u00e0 Martigues.<\/p>\n","protected":false},"author":4,"featured_media":94772,"comment_status":"open","ping_status":"open","sticky":false,"template":"","format":"standard","meta":{"footnotes":""},"categories":[2217,19,2172],"tags":[],"class_list":["post-94768","post","type-post","status-publish","format-standard","has-post-thumbnail","hentry","category-breves-de-lest-lyonnais","category-bron","category-informatique-numerique"],"yoast_head":"<!-- This site is optimized with the Yoast SEO plugin v27.2 - https:\/\/yoast.com\/product\/yoast-seo-wordpress\/ -->\n<title>BRON | Ville Internet 5@ pour la 10\u00b0 ann\u00e9e cons\u00e9cutive ! - News Est Lyonnais<\/title>\n<meta name=\"description\" content=\"BRON | Ville Internet 5@ pour la 10\u00b0 ann\u00e9e cons\u00e9cutive !\" \/>\n<meta name=\"robots\" content=\"index, follow, max-snippet:-1, max-image-preview:large, max-video-preview:-1\" \/>\n<link rel=\"canonical\" href=\"https:\/\/newsestlyonnais.fr\/site\/2020\/02\/05\/bron-ville-internet-5-pour-la-10-annee-consecutive\/\" \/>\n<meta property=\"og:locale\" content=\"fr_FR\" \/>\n<meta property=\"og:type\" content=\"article\" \/>\n<meta property=\"og:title\" content=\"BRON | Ville Internet 5@ pour la 10\u00b0 ann\u00e9e cons\u00e9cutive ! - News Est Lyonnais\" \/>\n<meta property=\"og:description\" content=\"BRON | Ville Internet 5@ pour la 10\u00b0 ann\u00e9e cons\u00e9cutive !\" \/>\n<meta property=\"og:url\" content=\"https:\/\/newsestlyonnais.fr\/site\/2020\/02\/05\/bron-ville-internet-5-pour-la-10-annee-consecutive\/\" \/>\n<meta property=\"og:site_name\" content=\"News Est Lyonnais\" \/>\n<meta property=\"article:author\" content=\"https:\/\/www.facebook.com\/pascal.oberson.1?fref=ts\" \/>\n<meta property=\"article:published_time\" content=\"2020-02-05T14:26:19+00:00\" \/>\n<meta property=\"article:modified_time\" content=\"2020-03-27T17:31:30+00:00\" \/>\n<meta property=\"og:image\" content=\"https:\/\/i0.wp.com\/newsestlyonnais.fr\/site\/wp-content\/uploads\/2020\/02\/NEWSESTLYONNAIS-LOGO-VILLE-INTERNET.jpg?fit=710%2C400&ssl=1\" \/>\n\t<meta property=\"og:image:width\" content=\"710\" \/>\n\t<meta property=\"og:image:height\" content=\"400\" \/>\n\t<meta property=\"og:image:type\" content=\"image\/jpeg\" \/>\n<meta name=\"author\" content=\"R\u00e9dac. NEWS\" \/>\n<meta name=\"twitter:card\" content=\"summary_large_image\" \/>\n<meta name=\"twitter:label1\" content=\"\u00c9crit par\" \/>\n\t<meta name=\"twitter:data1\" content=\"R\u00e9dac. NEWS\" \/>\n\t<meta name=\"twitter:label2\" content=\"Dur\u00e9e de lecture estim\u00e9e\" \/>\n\t<meta name=\"twitter:data2\" content=\"3 minutes\" \/>\n<script type=\"application\/ld+json\" class=\"yoast-schema-graph\">{\"@context\":\"https:\/\/schema.org\",\"@graph\":[{\"@type\":\"Article\",\"@id\":\"https:\/\/newsestlyonnais.fr\/site\/2020\/02\/05\/bron-ville-internet-5-pour-la-10-annee-consecutive\/#article\",\"isPartOf\":{\"@id\":\"https:\/\/newsestlyonnais.fr\/site\/2020\/02\/05\/bron-ville-internet-5-pour-la-10-annee-consecutive\/\"},\"author\":{\"name\":\"R\u00e9dac. NEWS\",\"@id\":\"https:\/\/newsestlyonnais.fr\/site\/#\/schema\/person\/3230d5615f390bb808365d673001e887\"},\"headline\":\"BRON | Ville Internet 5@ pour la 10\u00b0 ann\u00e9e cons\u00e9cutive !\",\"datePublished\":\"2020-02-05T14:26:19+00:00\",\"dateModified\":\"2020-03-27T17:31:30+00:00\",\"mainEntityOfPage\":{\"@id\":\"https:\/\/newsestlyonnais.fr\/site\/2020\/02\/05\/bron-ville-internet-5-pour-la-10-annee-consecutive\/\"},\"wordCount\":522,\"commentCount\":0,\"publisher\":{\"@id\":\"https:\/\/newsestlyonnais.fr\/site\/#organization\"},\"image\":{\"@id\":\"https:\/\/newsestlyonnais.fr\/site\/2020\/02\/05\/bron-ville-internet-5-pour-la-10-annee-consecutive\/#primaryimage\"},\"thumbnailUrl\":\"https:\/\/newsestlyonnais.fr\/site\/wp-content\/uploads\/2020\/02\/NEWSESTLYONNAIS-LOGO-VILLE-INTERNET.jpg\",\"articleSection\":[\"Br\u00e8ves de l'Est lyonnais\",\"Bron\",\"Informatique | Num\u00e9rique\"],\"inLanguage\":\"fr-FR\",\"potentialAction\":[{\"@type\":\"CommentAction\",\"name\":\"Comment\",\"target\":[\"https:\/\/newsestlyonnais.fr\/site\/2020\/02\/05\/bron-ville-internet-5-pour-la-10-annee-consecutive\/#respond\"]}]},{\"@type\":\"WebPage\",\"@id\":\"https:\/\/newsestlyonnais.fr\/site\/2020\/02\/05\/bron-ville-internet-5-pour-la-10-annee-consecutive\/\",\"url\":\"https:\/\/newsestlyonnais.fr\/site\/2020\/02\/05\/bron-ville-internet-5-pour-la-10-annee-consecutive\/\",\"name\":\"BRON | Ville Internet 5@ pour la 10\u00b0 ann\u00e9e cons\u00e9cutive ! - News Est Lyonnais\",\"isPartOf\":{\"@id\":\"https:\/\/newsestlyonnais.fr\/site\/#website\"},\"primaryImageOfPage\":{\"@id\":\"https:\/\/newsestlyonnais.fr\/site\/2020\/02\/05\/bron-ville-internet-5-pour-la-10-annee-consecutive\/#primaryimage\"},\"image\":{\"@id\":\"https:\/\/newsestlyonnais.fr\/site\/2020\/02\/05\/bron-ville-internet-5-pour-la-10-annee-consecutive\/#primaryimage\"},\"thumbnailUrl\":\"https:\/\/newsestlyonnais.fr\/site\/wp-content\/uploads\/2020\/02\/NEWSESTLYONNAIS-LOGO-VILLE-INTERNET.jpg\",\"datePublished\":\"2020-02-05T14:26:19+00:00\",\"dateModified\":\"2020-03-27T17:31:30+00:00\",\"description\":\"BRON | Ville Internet 5@ pour la 10\u00b0 ann\u00e9e cons\u00e9cutive !\",\"breadcrumb\":{\"@id\":\"https:\/\/newsestlyonnais.fr\/site\/2020\/02\/05\/bron-ville-internet-5-pour-la-10-annee-consecutive\/#breadcrumb\"},\"inLanguage\":\"fr-FR\",\"potentialAction\":[{\"@type\":\"ReadAction\",\"target\":[\"https:\/\/newsestlyonnais.fr\/site\/2020\/02\/05\/bron-ville-internet-5-pour-la-10-annee-consecutive\/\"]}]},{\"@type\":\"ImageObject\",\"inLanguage\":\"fr-FR\",\"@id\":\"https:\/\/newsestlyonnais.fr\/site\/2020\/02\/05\/bron-ville-internet-5-pour-la-10-annee-consecutive\/#primaryimage\",\"url\":\"https:\/\/newsestlyonnais.fr\/site\/wp-content\/uploads\/2020\/02\/NEWSESTLYONNAIS-LOGO-VILLE-INTERNET.jpg\",\"contentUrl\":\"https:\/\/newsestlyonnais.fr\/site\/wp-content\/uploads\/2020\/02\/NEWSESTLYONNAIS-LOGO-VILLE-INTERNET.jpg\",\"width\":710,\"height\":400},{\"@type\":\"BreadcrumbList\",\"@id\":\"https:\/\/newsestlyonnais.fr\/site\/2020\/02\/05\/bron-ville-internet-5-pour-la-10-annee-consecutive\/#breadcrumb\",\"itemListElement\":[{\"@type\":\"ListItem\",\"position\":1,\"name\":\"Accueil\",\"item\":\"https:\/\/newsestlyonnais.fr\/site\/\"},{\"@type\":\"ListItem\",\"position\":2,\"name\":\"BRON | Ville Internet 5@ pour la 10\u00b0 ann\u00e9e cons\u00e9cutive !\"}]},{\"@type\":\"WebSite\",\"@id\":\"https:\/\/newsestlyonnais.fr\/site\/#website\",\"url\":\"https:\/\/newsestlyonnais.fr\/site\/\",\"name\":\"News Est Lyonnais\",\"description\":\"L&#039;actualit\u00e9 au plus pr\u00e8s\",\"publisher\":{\"@id\":\"https:\/\/newsestlyonnais.fr\/site\/#organization\"},\"potentialAction\":[{\"@type\":\"SearchAction\",\"target\":{\"@type\":\"EntryPoint\",\"urlTemplate\":\"https:\/\/newsestlyonnais.fr\/site\/?s={search_term_string}\"},\"query-input\":{\"@type\":\"PropertyValueSpecification\",\"valueRequired\":true,\"valueName\":\"search_term_string\"}}],\"inLanguage\":\"fr-FR\"},{\"@type\":\"Organization\",\"@id\":\"https:\/\/newsestlyonnais.fr\/site\/#organization\",\"name\":\"News EST LYONNAIS\",\"url\":\"https:\/\/newsestlyonnais.fr\/site\/\",\"logo\":{\"@type\":\"ImageObject\",\"inLanguage\":\"fr-FR\",\"@id\":\"https:\/\/newsestlyonnais.fr\/site\/#\/schema\/logo\/image\/\",\"url\":\"\",\"contentUrl\":\"\",\"caption\":\"News EST LYONNAIS\"},\"image\":{\"@id\":\"https:\/\/newsestlyonnais.fr\/site\/#\/schema\/logo\/image\/\"}},{\"@type\":\"Person\",\"@id\":\"https:\/\/newsestlyonnais.fr\/site\/#\/schema\/person\/3230d5615f390bb808365d673001e887\",\"name\":\"R\u00e9dac. NEWS\",\"sameAs\":[\"http:\/\/www.newsestlyonnais.fr\",\"https:\/\/www.facebook.com\/pascal.oberson.1?fref=ts\",\"https:\/\/fr.linkedin.com\/in\/pascal-oberson-b17045113\"],\"url\":\"https:\/\/newsestlyonnais.fr\/site\/author\/nel\/\"}]}<\/script>\n<!-- \/ Yoast SEO plugin. -->","yoast_head_json":{"title":"BRON | Ville Internet 5@ pour la 10\u00b0 ann\u00e9e cons\u00e9cutive ! - News Est Lyonnais","description":"BRON | Ville Internet 5@ pour la 10\u00b0 ann\u00e9e cons\u00e9cutive !","robots":{"index":"index","follow":"follow","max-snippet":"max-snippet:-1","max-image-preview":"max-image-preview:large","max-video-preview":"max-video-preview:-1"},"canonical":"https:\/\/newsestlyonnais.fr\/site\/2020\/02\/05\/bron-ville-internet-5-pour-la-10-annee-consecutive\/","og_locale":"fr_FR","og_type":"article","og_title":"BRON | Ville Internet 5@ pour la 10\u00b0 ann\u00e9e cons\u00e9cutive ! - News Est Lyonnais","og_description":"BRON | Ville Internet 5@ pour la 10\u00b0 ann\u00e9e cons\u00e9cutive !","og_url":"https:\/\/newsestlyonnais.fr\/site\/2020\/02\/05\/bron-ville-internet-5-pour-la-10-annee-consecutive\/","og_site_name":"News Est Lyonnais","article_author":"https:\/\/www.facebook.com\/pascal.oberson.1?fref=ts","article_published_time":"2020-02-05T14:26:19+00:00","article_modified_time":"2020-03-27T17:31:30+00:00","og_image":[{"width":710,"height":400,"url":"https:\/\/i0.wp.com\/newsestlyonnais.fr\/site\/wp-content\/uploads\/2020\/02\/NEWSESTLYONNAIS-LOGO-VILLE-INTERNET.jpg?fit=710%2C400&ssl=1","type":"image\/jpeg"}],"author":"R\u00e9dac. NEWS","twitter_card":"summary_large_image","twitter_misc":{"\u00c9crit par":"R\u00e9dac. NEWS","Dur\u00e9e de lecture estim\u00e9e":"3 minutes"},"schema":{"@context":"https:\/\/schema.org","@graph":[{"@type":"Article","@id":"https:\/\/newsestlyonnais.fr\/site\/2020\/02\/05\/bron-ville-internet-5-pour-la-10-annee-consecutive\/#article","isPartOf":{"@id":"https:\/\/newsestlyonnais.fr\/site\/2020\/02\/05\/bron-ville-internet-5-pour-la-10-annee-consecutive\/"},"author":{"name":"R\u00e9dac. NEWS","@id":"https:\/\/newsestlyonnais.fr\/site\/#\/schema\/person\/3230d5615f390bb808365d673001e887"},"headline":"BRON | Ville Internet 5@ pour la 10\u00b0 ann\u00e9e cons\u00e9cutive !","datePublished":"2020-02-05T14:26:19+00:00","dateModified":"2020-03-27T17:31:30+00:00","mainEntityOfPage":{"@id":"https:\/\/newsestlyonnais.fr\/site\/2020\/02\/05\/bron-ville-internet-5-pour-la-10-annee-consecutive\/"},"wordCount":522,"commentCount":0,"publisher":{"@id":"https:\/\/newsestlyonnais.fr\/site\/#organization"},"image":{"@id":"https:\/\/newsestlyonnais.fr\/site\/2020\/02\/05\/bron-ville-internet-5-pour-la-10-annee-consecutive\/#primaryimage"},"thumbnailUrl":"https:\/\/newsestlyonnais.fr\/site\/wp-content\/uploads\/2020\/02\/NEWSESTLYONNAIS-LOGO-VILLE-INTERNET.jpg","articleSection":["Br\u00e8ves de l'Est lyonnais","Bron","Informatique | Num\u00e9rique"],"inLanguage":"fr-FR","potentialAction":[{"@type":"CommentAction","name":"Comment","target":["https:\/\/newsestlyonnais.fr\/site\/2020\/02\/05\/bron-ville-internet-5-pour-la-10-annee-consecutive\/#respond"]}]},{"@type":"WebPage","@id":"https:\/\/newsestlyonnais.fr\/site\/2020\/02\/05\/bron-ville-internet-5-pour-la-10-annee-consecutive\/","url":"https:\/\/newsestlyonnais.fr\/site\/2020\/02\/05\/bron-ville-internet-5-pour-la-10-annee-consecutive\/","name":"BRON | Ville Internet 5@ pour la 10\u00b0 ann\u00e9e cons\u00e9cutive ! - News Est Lyonnais","isPartOf":{"@id":"https:\/\/newsestlyonnais.fr\/site\/#website"},"primaryImageOfPage":{"@id":"https:\/\/newsestlyonnais.fr\/site\/2020\/02\/05\/bron-ville-internet-5-pour-la-10-annee-consecutive\/#primaryimage"},"image":{"@id":"https:\/\/newsestlyonnais.fr\/site\/2020\/02\/05\/bron-ville-internet-5-pour-la-10-annee-consecutive\/#primaryimage"},"thumbnailUrl":"https:\/\/newsestlyonnais.fr\/site\/wp-content\/uploads\/2020\/02\/NEWSESTLYONNAIS-LOGO-VILLE-INTERNET.jpg","datePublished":"2020-02-05T14:26:19+00:00","dateModified":"2020-03-27T17:31:30+00:00","description":"BRON | Ville Internet 5@ pour la 10\u00b0 ann\u00e9e cons\u00e9cutive !","breadcrumb":{"@id":"https:\/\/newsestlyonnais.fr\/site\/2020\/02\/05\/bron-ville-internet-5-pour-la-10-annee-consecutive\/#breadcrumb"},"inLanguage":"fr-FR","potentialAction":[{"@type":"ReadAction","target":["https:\/\/newsestlyonnais.fr\/site\/2020\/02\/05\/bron-ville-internet-5-pour-la-10-annee-consecutive\/"]}]},{"@type":"ImageObject","inLanguage":"fr-FR","@id":"https:\/\/newsestlyonnais.fr\/site\/2020\/02\/05\/bron-ville-internet-5-pour-la-10-annee-consecutive\/#primaryimage","url":"https:\/\/newsestlyonnais.fr\/site\/wp-content\/uploads\/2020\/02\/NEWSESTLYONNAIS-LOGO-VILLE-INTERNET.jpg","contentUrl":"https:\/\/newsestlyonnais.fr\/site\/wp-content\/uploads\/2020\/02\/NEWSESTLYONNAIS-LOGO-VILLE-INTERNET.jpg","width":710,"height":400},{"@type":"BreadcrumbList","@id":"https:\/\/newsestlyonnais.fr\/site\/2020\/02\/05\/bron-ville-internet-5-pour-la-10-annee-consecutive\/#breadcrumb","itemListElement":[{"@type":"ListItem","position":1,"name":"Accueil","item":"https:\/\/newsestlyonnais.fr\/site\/"},{"@type":"ListItem","position":2,"name":"BRON | Ville Internet 5@ pour la 10\u00b0 ann\u00e9e cons\u00e9cutive !"}]},{"@type":"WebSite","@id":"https:\/\/newsestlyonnais.fr\/site\/#website","url":"https:\/\/newsestlyonnais.fr\/site\/","name":"News Est Lyonnais","description":"L&#039;actualit\u00e9 au plus pr\u00e8s","publisher":{"@id":"https:\/\/newsestlyonnais.fr\/site\/#organization"},"potentialAction":[{"@type":"SearchAction","target":{"@type":"EntryPoint","urlTemplate":"https:\/\/newsestlyonnais.fr\/site\/?s={search_term_string}"},"query-input":{"@type":"PropertyValueSpecification","valueRequired":true,"valueName":"search_term_string"}}],"inLanguage":"fr-FR"},{"@type":"Organization","@id":"https:\/\/newsestlyonnais.fr\/site\/#organization","name":"News EST LYONNAIS","url":"https:\/\/newsestlyonnais.fr\/site\/","logo":{"@type":"ImageObject","inLanguage":"fr-FR","@id":"https:\/\/newsestlyonnais.fr\/site\/#\/schema\/logo\/image\/","url":"","contentUrl":"","caption":"News EST LYONNAIS"},"image":{"@id":"https:\/\/newsestlyonnais.fr\/site\/#\/schema\/logo\/image\/"}},{"@type":"Person","@id":"https:\/\/newsestlyonnais.fr\/site\/#\/schema\/person\/3230d5615f390bb808365d673001e887","name":"R\u00e9dac. NEWS","sameAs":["http:\/\/www.newsestlyonnais.fr","https:\/\/www.facebook.com\/pascal.oberson.1?fref=ts","https:\/\/fr.linkedin.com\/in\/pascal-oberson-b17045113"],"url":"https:\/\/newsestlyonnais.fr\/site\/author\/nel\/"}]}},"_links":{"self":[{"href":"https:\/\/newsestlyonnais.fr\/site\/wp-json\/wp\/v2\/posts\/94768","targetHints":{"allow":["GET"]}}],"collection":[{"href":"https:\/\/newsestlyonnais.fr\/site\/wp-json\/wp\/v2\/posts"}],"about":[{"href":"https:\/\/newsestlyonnais.fr\/site\/wp-json\/wp\/v2\/types\/post"}],"author":[{"embeddable":true,"href":"https:\/\/newsestlyonnais.fr\/site\/wp-json\/wp\/v2\/users\/4"}],"replies":[{"embeddable":true,"href":"https:\/\/newsestlyonnais.fr\/site\/wp-json\/wp\/v2\/comments?post=94768"}],"version-history":[{"count":0,"href":"https:\/\/newsestlyonnais.fr\/site\/wp-json\/wp\/v2\/posts\/94768\/revisions"}],"wp:featuredmedia":[{"embeddable":true,"href":"https:\/\/newsestlyonnais.fr\/site\/wp-json\/wp\/v2\/media\/94772"}],"wp:attachment":[{"href":"https:\/\/newsestlyonnais.fr\/site\/wp-json\/wp\/v2\/media?parent=94768"}],"wp:term":[{"taxonomy":"category","embeddable":true,"href":"https:\/\/newsestlyonnais.fr\/site\/wp-json\/wp\/v2\/categories?post=94768"},{"taxonomy":"post_tag","embeddable":true,"href":"https:\/\/newsestlyonnais.fr\/site\/wp-json\/wp\/v2\/tags?post=94768"}],"curies":[{"name":"wp","href":"https:\/\/api.w.org\/{rel}","templated":true}]}}