{"id":95075,"date":"2020-02-10T10:53:59","date_gmt":"2020-02-10T09:53:59","guid":{"rendered":"http:\/\/newsestlyonnais.fr\/site\/?p=95075"},"modified":"2022-05-02T18:30:14","modified_gmt":"2022-05-02T17:30:14","slug":"villeurbanne-53-participants-a-la-journee-regionale-de-natation-handisport","status":"publish","type":"post","link":"https:\/\/newsestlyonnais.fr\/site\/2020\/02\/10\/villeurbanne-53-participants-a-la-journee-regionale-de-natation-handisport\/","title":{"rendered":"VILLEURBANNE | 53 nageurs \u00e0 la journ\u00e9e r\u00e9gionale handisport"},"content":{"rendered":"<p>53 nageuses et nageurs porteurs de divers handicaps physiques et licenci\u00e9s dans 15 clubs (ligue AURA et autres) ont particip\u00e9 \u00e0 cette comp\u00e9tition : qualificative pour le championnat inter-r\u00e9gional (28 &amp; 29 mars \u00e0 Aix en Provence) puis au championnat de France (Saint-Germain-en-Laye (78) en mai).<\/p>\n<hr \/>\n<p>Cette journ\u00e9e r\u00e9gionale est organis\u00e9e tous les 2 ans, par Jean-Pierre Hyvernat (entraineur des nageurs comp\u00e9tition) du club d&rsquo;HandiSport Lyonnais, dont la section natation est pr\u00e9sid\u00e9e par son \u00e9pouse Franciane. Parmi les comp\u00e9titeurs de samedi, on pouvait trouver :<\/p>\n<ul>\n<li>une dizaine de membres (4 adultes &amp;\u00a0 3\u00a0jeunes) du club organisateur d&rsquo;Handisport Lyonnais.<\/li>\n<li><strong>Th\u00e9o Curin<\/strong> (20 ans et vice-champion du monde sur 100 &amp; 200 m libre). Ce jeune nageur membre d&rsquo;\n<div data-canvas-width=\"114.69600000000003\">Handisport Luneville et qui a d\u00e9but\u00e9 la discipline \u00e0 l&rsquo;\u00e2ge de 10 ans s&rsquo;entraine 4 heures par jour, du lundi au vendredi. Il va passer son bac sanitaire et social et va tenter de se qualifier pour les Jeux de Tokyo.<\/div>\n<\/li>\n<\/ul>\n<hr \/>\n<div id='gallery-1' class='gallery galleryid-95075 gallery-columns-3 gallery-size-thumbnail'><figure class='gallery-item'>\n\t\t\t<div class='gallery-icon landscape'>\n\t\t\t\t<a href='https:\/\/newsestlyonnais.fr\/site\/2020\/02\/10\/villeurbanne-53-participants-a-la-journee-regionale-de-natation-handisport\/newsestlyonnais-compe-nat-handi-04\/'><img loading=\"lazy\" decoding=\"async\" width=\"150\" height=\"100\" src=\"https:\/\/newsestlyonnais.fr\/site\/wp-content\/uploads\/2020\/02\/NEWSESTLYONNAIS-COMPE-NAT-HANDI-04-250x167.jpg\" class=\"attachment-thumbnail size-thumbnail\" alt=\"\" aria-describedby=\"gallery-1-95127\" srcset=\"https:\/\/newsestlyonnais.fr\/site\/wp-content\/uploads\/2020\/02\/NEWSESTLYONNAIS-COMPE-NAT-HANDI-04-250x167.jpg 250w, https:\/\/newsestlyonnais.fr\/site\/wp-content\/uploads\/2020\/02\/NEWSESTLYONNAIS-COMPE-NAT-HANDI-04-400x267.jpg 400w, https:\/\/newsestlyonnais.fr\/site\/wp-content\/uploads\/2020\/02\/NEWSESTLYONNAIS-COMPE-NAT-HANDI-04-650x433.jpg 650w, https:\/\/newsestlyonnais.fr\/site\/wp-content\/uploads\/2020\/02\/NEWSESTLYONNAIS-COMPE-NAT-HANDI-04-768x512.jpg 768w, https:\/\/newsestlyonnais.fr\/site\/wp-content\/uploads\/2020\/02\/NEWSESTLYONNAIS-COMPE-NAT-HANDI-04-150x100.jpg 150w, https:\/\/newsestlyonnais.fr\/site\/wp-content\/uploads\/2020\/02\/NEWSESTLYONNAIS-COMPE-NAT-HANDI-04-50x33.jpg 50w, https:\/\/newsestlyonnais.fr\/site\/wp-content\/uploads\/2020\/02\/NEWSESTLYONNAIS-COMPE-NAT-HANDI-04-100x67.jpg 100w, https:\/\/newsestlyonnais.fr\/site\/wp-content\/uploads\/2020\/02\/NEWSESTLYONNAIS-COMPE-NAT-HANDI-04-200x133.jpg 200w, https:\/\/newsestlyonnais.fr\/site\/wp-content\/uploads\/2020\/02\/NEWSESTLYONNAIS-COMPE-NAT-HANDI-04-300x200.jpg 300w, https:\/\/newsestlyonnais.fr\/site\/wp-content\/uploads\/2020\/02\/NEWSESTLYONNAIS-COMPE-NAT-HANDI-04-350x233.jpg 350w, https:\/\/newsestlyonnais.fr\/site\/wp-content\/uploads\/2020\/02\/NEWSESTLYONNAIS-COMPE-NAT-HANDI-04-450x300.jpg 450w, https:\/\/newsestlyonnais.fr\/site\/wp-content\/uploads\/2020\/02\/NEWSESTLYONNAIS-COMPE-NAT-HANDI-04-500x333.jpg 500w, https:\/\/newsestlyonnais.fr\/site\/wp-content\/uploads\/2020\/02\/NEWSESTLYONNAIS-COMPE-NAT-HANDI-04-550x367.jpg 550w, https:\/\/newsestlyonnais.fr\/site\/wp-content\/uploads\/2020\/02\/NEWSESTLYONNAIS-COMPE-NAT-HANDI-04-800x533.jpg 800w, https:\/\/newsestlyonnais.fr\/site\/wp-content\/uploads\/2020\/02\/NEWSESTLYONNAIS-COMPE-NAT-HANDI-04.jpg 1200w\" sizes=\"auto, (max-width: 150px) 100vw, 150px\" \/><\/a>\n\t\t\t<\/div>\n\t\t\t\t<figcaption class='wp-caption-text gallery-caption' id='gallery-1-95127'>\n\t\t\t\tJP Hyvernat, Th\u00e9o Curin et In\u00e8s Ducatillon\n\t\t\t\t<\/figcaption><\/figure><figure class='gallery-item'>\n\t\t\t<div class='gallery-icon landscape'>\n\t\t\t\t<a href='https:\/\/newsestlyonnais.fr\/site\/2020\/02\/10\/villeurbanne-53-participants-a-la-journee-regionale-de-natation-handisport\/newsestlyonnais-compe-nat-handi-03\/'><img loading=\"lazy\" decoding=\"async\" width=\"150\" height=\"100\" src=\"https:\/\/newsestlyonnais.fr\/site\/wp-content\/uploads\/2020\/02\/NEWSESTLYONNAIS-COMPE-NAT-HANDI-03-250x167.jpg\" class=\"attachment-thumbnail size-thumbnail\" alt=\"\" aria-describedby=\"gallery-1-95125\" srcset=\"https:\/\/newsestlyonnais.fr\/site\/wp-content\/uploads\/2020\/02\/NEWSESTLYONNAIS-COMPE-NAT-HANDI-03-250x167.jpg 250w, https:\/\/newsestlyonnais.fr\/site\/wp-content\/uploads\/2020\/02\/NEWSESTLYONNAIS-COMPE-NAT-HANDI-03-400x267.jpg 400w, https:\/\/newsestlyonnais.fr\/site\/wp-content\/uploads\/2020\/02\/NEWSESTLYONNAIS-COMPE-NAT-HANDI-03-650x433.jpg 650w, https:\/\/newsestlyonnais.fr\/site\/wp-content\/uploads\/2020\/02\/NEWSESTLYONNAIS-COMPE-NAT-HANDI-03-768x512.jpg 768w, https:\/\/newsestlyonnais.fr\/site\/wp-content\/uploads\/2020\/02\/NEWSESTLYONNAIS-COMPE-NAT-HANDI-03-150x100.jpg 150w, https:\/\/newsestlyonnais.fr\/site\/wp-content\/uploads\/2020\/02\/NEWSESTLYONNAIS-COMPE-NAT-HANDI-03-50x33.jpg 50w, https:\/\/newsestlyonnais.fr\/site\/wp-content\/uploads\/2020\/02\/NEWSESTLYONNAIS-COMPE-NAT-HANDI-03-100x67.jpg 100w, https:\/\/newsestlyonnais.fr\/site\/wp-content\/uploads\/2020\/02\/NEWSESTLYONNAIS-COMPE-NAT-HANDI-03-200x133.jpg 200w, https:\/\/newsestlyonnais.fr\/site\/wp-content\/uploads\/2020\/02\/NEWSESTLYONNAIS-COMPE-NAT-HANDI-03-300x200.jpg 300w, https:\/\/newsestlyonnais.fr\/site\/wp-content\/uploads\/2020\/02\/NEWSESTLYONNAIS-COMPE-NAT-HANDI-03-350x233.jpg 350w, https:\/\/newsestlyonnais.fr\/site\/wp-content\/uploads\/2020\/02\/NEWSESTLYONNAIS-COMPE-NAT-HANDI-03-450x300.jpg 450w, https:\/\/newsestlyonnais.fr\/site\/wp-content\/uploads\/2020\/02\/NEWSESTLYONNAIS-COMPE-NAT-HANDI-03-500x333.jpg 500w, https:\/\/newsestlyonnais.fr\/site\/wp-content\/uploads\/2020\/02\/NEWSESTLYONNAIS-COMPE-NAT-HANDI-03-550x367.jpg 550w, https:\/\/newsestlyonnais.fr\/site\/wp-content\/uploads\/2020\/02\/NEWSESTLYONNAIS-COMPE-NAT-HANDI-03-800x533.jpg 800w, https:\/\/newsestlyonnais.fr\/site\/wp-content\/uploads\/2020\/02\/NEWSESTLYONNAIS-COMPE-NAT-HANDI-03.jpg 1200w\" sizes=\"auto, (max-width: 150px) 100vw, 150px\" \/><\/a>\n\t\t\t<\/div>\n\t\t\t\t<figcaption class='wp-caption-text gallery-caption' id='gallery-1-95125'>\n\t\t\t\tLe club d&rsquo;HandiVienne pr\u00e9sent \u00e0 cette comp\u00e9tition\n\t\t\t\t<\/figcaption><\/figure><figure class='gallery-item'>\n\t\t\t<div class='gallery-icon landscape'>\n\t\t\t\t<a href='https:\/\/newsestlyonnais.fr\/site\/2020\/02\/10\/villeurbanne-53-participants-a-la-journee-regionale-de-natation-handisport\/newsestlyonnais-compe-nat-handi-02\/'><img loading=\"lazy\" decoding=\"async\" width=\"150\" height=\"100\" src=\"https:\/\/newsestlyonnais.fr\/site\/wp-content\/uploads\/2020\/02\/NEWSESTLYONNAIS-COMPE-NAT-HANDI-02-250x167.jpg\" class=\"attachment-thumbnail size-thumbnail\" alt=\"\" aria-describedby=\"gallery-1-95123\" srcset=\"https:\/\/newsestlyonnais.fr\/site\/wp-content\/uploads\/2020\/02\/NEWSESTLYONNAIS-COMPE-NAT-HANDI-02-250x167.jpg 250w, https:\/\/newsestlyonnais.fr\/site\/wp-content\/uploads\/2020\/02\/NEWSESTLYONNAIS-COMPE-NAT-HANDI-02-400x267.jpg 400w, https:\/\/newsestlyonnais.fr\/site\/wp-content\/uploads\/2020\/02\/NEWSESTLYONNAIS-COMPE-NAT-HANDI-02-650x433.jpg 650w, https:\/\/newsestlyonnais.fr\/site\/wp-content\/uploads\/2020\/02\/NEWSESTLYONNAIS-COMPE-NAT-HANDI-02-768x512.jpg 768w, https:\/\/newsestlyonnais.fr\/site\/wp-content\/uploads\/2020\/02\/NEWSESTLYONNAIS-COMPE-NAT-HANDI-02-150x100.jpg 150w, https:\/\/newsestlyonnais.fr\/site\/wp-content\/uploads\/2020\/02\/NEWSESTLYONNAIS-COMPE-NAT-HANDI-02-50x33.jpg 50w, https:\/\/newsestlyonnais.fr\/site\/wp-content\/uploads\/2020\/02\/NEWSESTLYONNAIS-COMPE-NAT-HANDI-02-100x67.jpg 100w, https:\/\/newsestlyonnais.fr\/site\/wp-content\/uploads\/2020\/02\/NEWSESTLYONNAIS-COMPE-NAT-HANDI-02-200x133.jpg 200w, https:\/\/newsestlyonnais.fr\/site\/wp-content\/uploads\/2020\/02\/NEWSESTLYONNAIS-COMPE-NAT-HANDI-02-300x200.jpg 300w, https:\/\/newsestlyonnais.fr\/site\/wp-content\/uploads\/2020\/02\/NEWSESTLYONNAIS-COMPE-NAT-HANDI-02-350x233.jpg 350w, https:\/\/newsestlyonnais.fr\/site\/wp-content\/uploads\/2020\/02\/NEWSESTLYONNAIS-COMPE-NAT-HANDI-02-450x300.jpg 450w, https:\/\/newsestlyonnais.fr\/site\/wp-content\/uploads\/2020\/02\/NEWSESTLYONNAIS-COMPE-NAT-HANDI-02-500x333.jpg 500w, https:\/\/newsestlyonnais.fr\/site\/wp-content\/uploads\/2020\/02\/NEWSESTLYONNAIS-COMPE-NAT-HANDI-02-550x367.jpg 550w, https:\/\/newsestlyonnais.fr\/site\/wp-content\/uploads\/2020\/02\/NEWSESTLYONNAIS-COMPE-NAT-HANDI-02-800x533.jpg 800w, https:\/\/newsestlyonnais.fr\/site\/wp-content\/uploads\/2020\/02\/NEWSESTLYONNAIS-COMPE-NAT-HANDI-02.jpg 1200w\" sizes=\"auto, (max-width: 150px) 100vw, 150px\" \/><\/a>\n\t\t\t<\/div>\n\t\t\t\t<figcaption class='wp-caption-text gallery-caption' id='gallery-1-95123'>\n\t\t\t\tPierre Mathieu (CDOS) et Fred Dubowyj (HandiVienne) \n\t\t\t\t<\/figcaption><\/figure>\n\t\t<\/div>\n\n","protected":false},"excerpt":{"rendered":"<p>Ce 2\u00b0 plot du Challenge Natation Course (CNC) se d\u00e9roulait samedi au centre nautique Etienne Gagnaire.<\/p>\n","protected":false},"author":4,"featured_media":95077,"comment_status":"open","ping_status":"open","sticky":false,"template":"","format":"standard","meta":{"footnotes":""},"categories":[3015,1625,1350,2988,29],"tags":[],"class_list":["post-95075","post","type-post","status-publish","format-standard","has-post-thumbnail","hentry","category-handi-adapte","category-lyon","category-natation-plongeon","category-natation-triathlon","category-villeurbanne"],"yoast_head":"<!-- This site is optimized with the Yoast SEO plugin v27.2 - https:\/\/yoast.com\/product\/yoast-seo-wordpress\/ -->\n<title>VILLEURBANNE | 53 nageurs \u00e0 la journ\u00e9e r\u00e9gionale handisport - News Est Lyonnais<\/title>\n<meta name=\"description\" content=\"VILLEURBANNE | 53 participants \u00e0 la journ\u00e9e r\u00e9gionale de natation handisport\" \/>\n<meta name=\"robots\" content=\"index, follow, max-snippet:-1, max-image-preview:large, max-video-preview:-1\" \/>\n<link rel=\"canonical\" href=\"https:\/\/newsestlyonnais.fr\/site\/2020\/02\/10\/villeurbanne-53-participants-a-la-journee-regionale-de-natation-handisport\/\" \/>\n<meta property=\"og:locale\" content=\"fr_FR\" \/>\n<meta property=\"og:type\" content=\"article\" \/>\n<meta property=\"og:title\" content=\"VILLEURBANNE | 53 nageurs \u00e0 la journ\u00e9e r\u00e9gionale handisport - News Est Lyonnais\" \/>\n<meta property=\"og:description\" content=\"VILLEURBANNE | 53 participants \u00e0 la journ\u00e9e r\u00e9gionale de natation handisport\" \/>\n<meta property=\"og:url\" content=\"https:\/\/newsestlyonnais.fr\/site\/2020\/02\/10\/villeurbanne-53-participants-a-la-journee-regionale-de-natation-handisport\/\" \/>\n<meta property=\"og:site_name\" content=\"News Est Lyonnais\" \/>\n<meta property=\"article:author\" content=\"https:\/\/www.facebook.com\/pascal.oberson.1?fref=ts\" \/>\n<meta property=\"article:published_time\" content=\"2020-02-10T09:53:59+00:00\" \/>\n<meta property=\"article:modified_time\" content=\"2022-05-02T17:30:14+00:00\" \/>\n<meta property=\"og:image\" content=\"https:\/\/newsestlyonnais.fr\/site\/wp-content\/uploads\/2020\/02\/NEWSESTLYONNAIS-COMPE-NAT-HANDI-01.jpg\" \/>\n\t<meta property=\"og:image:width\" content=\"1200\" \/>\n\t<meta property=\"og:image:height\" content=\"800\" \/>\n\t<meta property=\"og:image:type\" content=\"image\/jpeg\" \/>\n<meta name=\"author\" content=\"R\u00e9dac. NEWS\" \/>\n<meta name=\"twitter:card\" content=\"summary_large_image\" \/>\n<meta name=\"twitter:label1\" content=\"\u00c9crit par\" \/>\n\t<meta name=\"twitter:data1\" content=\"R\u00e9dac. NEWS\" \/>\n\t<meta name=\"twitter:label2\" content=\"Dur\u00e9e de lecture estim\u00e9e\" \/>\n\t<meta name=\"twitter:data2\" content=\"1 minute\" \/>\n<script type=\"application\/ld+json\" class=\"yoast-schema-graph\">{\"@context\":\"https:\/\/schema.org\",\"@graph\":[{\"@type\":\"Article\",\"@id\":\"https:\/\/newsestlyonnais.fr\/site\/2020\/02\/10\/villeurbanne-53-participants-a-la-journee-regionale-de-natation-handisport\/#article\",\"isPartOf\":{\"@id\":\"https:\/\/newsestlyonnais.fr\/site\/2020\/02\/10\/villeurbanne-53-participants-a-la-journee-regionale-de-natation-handisport\/\"},\"author\":{\"name\":\"R\u00e9dac. NEWS\",\"@id\":\"https:\/\/newsestlyonnais.fr\/site\/#\/schema\/person\/3230d5615f390bb808365d673001e887\"},\"headline\":\"VILLEURBANNE | 53 nageurs \u00e0 la journ\u00e9e r\u00e9gionale handisport\",\"datePublished\":\"2020-02-10T09:53:59+00:00\",\"dateModified\":\"2022-05-02T17:30:14+00:00\",\"mainEntityOfPage\":{\"@id\":\"https:\/\/newsestlyonnais.fr\/site\/2020\/02\/10\/villeurbanne-53-participants-a-la-journee-regionale-de-natation-handisport\/\"},\"wordCount\":169,\"commentCount\":0,\"publisher\":{\"@id\":\"https:\/\/newsestlyonnais.fr\/site\/#organization\"},\"image\":{\"@id\":\"https:\/\/newsestlyonnais.fr\/site\/2020\/02\/10\/villeurbanne-53-participants-a-la-journee-regionale-de-natation-handisport\/#primaryimage\"},\"thumbnailUrl\":\"https:\/\/newsestlyonnais.fr\/site\/wp-content\/uploads\/2020\/02\/NEWSESTLYONNAIS-COMPE-NAT-HANDI-01.jpg\",\"articleSection\":[\"Handi &amp; adapt\u00e9\",\"Lyon\",\"Natation | Plongeon\",\"Natation | Triathlon\",\"Villeurbanne\"],\"inLanguage\":\"fr-FR\",\"potentialAction\":[{\"@type\":\"CommentAction\",\"name\":\"Comment\",\"target\":[\"https:\/\/newsestlyonnais.fr\/site\/2020\/02\/10\/villeurbanne-53-participants-a-la-journee-regionale-de-natation-handisport\/#respond\"]}]},{\"@type\":\"WebPage\",\"@id\":\"https:\/\/newsestlyonnais.fr\/site\/2020\/02\/10\/villeurbanne-53-participants-a-la-journee-regionale-de-natation-handisport\/\",\"url\":\"https:\/\/newsestlyonnais.fr\/site\/2020\/02\/10\/villeurbanne-53-participants-a-la-journee-regionale-de-natation-handisport\/\",\"name\":\"VILLEURBANNE | 53 nageurs \u00e0 la journ\u00e9e r\u00e9gionale handisport - News Est Lyonnais\",\"isPartOf\":{\"@id\":\"https:\/\/newsestlyonnais.fr\/site\/#website\"},\"primaryImageOfPage\":{\"@id\":\"https:\/\/newsestlyonnais.fr\/site\/2020\/02\/10\/villeurbanne-53-participants-a-la-journee-regionale-de-natation-handisport\/#primaryimage\"},\"image\":{\"@id\":\"https:\/\/newsestlyonnais.fr\/site\/2020\/02\/10\/villeurbanne-53-participants-a-la-journee-regionale-de-natation-handisport\/#primaryimage\"},\"thumbnailUrl\":\"https:\/\/newsestlyonnais.fr\/site\/wp-content\/uploads\/2020\/02\/NEWSESTLYONNAIS-COMPE-NAT-HANDI-01.jpg\",\"datePublished\":\"2020-02-10T09:53:59+00:00\",\"dateModified\":\"2022-05-02T17:30:14+00:00\",\"description\":\"VILLEURBANNE | 53 participants \u00e0 la journ\u00e9e r\u00e9gionale de natation handisport\",\"breadcrumb\":{\"@id\":\"https:\/\/newsestlyonnais.fr\/site\/2020\/02\/10\/villeurbanne-53-participants-a-la-journee-regionale-de-natation-handisport\/#breadcrumb\"},\"inLanguage\":\"fr-FR\",\"potentialAction\":[{\"@type\":\"ReadAction\",\"target\":[\"https:\/\/newsestlyonnais.fr\/site\/2020\/02\/10\/villeurbanne-53-participants-a-la-journee-regionale-de-natation-handisport\/\"]}]},{\"@type\":\"ImageObject\",\"inLanguage\":\"fr-FR\",\"@id\":\"https:\/\/newsestlyonnais.fr\/site\/2020\/02\/10\/villeurbanne-53-participants-a-la-journee-regionale-de-natation-handisport\/#primaryimage\",\"url\":\"https:\/\/newsestlyonnais.fr\/site\/wp-content\/uploads\/2020\/02\/NEWSESTLYONNAIS-COMPE-NAT-HANDI-01.jpg\",\"contentUrl\":\"https:\/\/newsestlyonnais.fr\/site\/wp-content\/uploads\/2020\/02\/NEWSESTLYONNAIS-COMPE-NAT-HANDI-01.jpg\",\"width\":1200,\"height\":800},{\"@type\":\"BreadcrumbList\",\"@id\":\"https:\/\/newsestlyonnais.fr\/site\/2020\/02\/10\/villeurbanne-53-participants-a-la-journee-regionale-de-natation-handisport\/#breadcrumb\",\"itemListElement\":[{\"@type\":\"ListItem\",\"position\":1,\"name\":\"Accueil\",\"item\":\"https:\/\/newsestlyonnais.fr\/site\/\"},{\"@type\":\"ListItem\",\"position\":2,\"name\":\"VILLEURBANNE | 53 nageurs \u00e0 la journ\u00e9e r\u00e9gionale handisport\"}]},{\"@type\":\"WebSite\",\"@id\":\"https:\/\/newsestlyonnais.fr\/site\/#website\",\"url\":\"https:\/\/newsestlyonnais.fr\/site\/\",\"name\":\"News Est Lyonnais\",\"description\":\"L&#039;actualit\u00e9 au plus pr\u00e8s\",\"publisher\":{\"@id\":\"https:\/\/newsestlyonnais.fr\/site\/#organization\"},\"potentialAction\":[{\"@type\":\"SearchAction\",\"target\":{\"@type\":\"EntryPoint\",\"urlTemplate\":\"https:\/\/newsestlyonnais.fr\/site\/?s={search_term_string}\"},\"query-input\":{\"@type\":\"PropertyValueSpecification\",\"valueRequired\":true,\"valueName\":\"search_term_string\"}}],\"inLanguage\":\"fr-FR\"},{\"@type\":\"Organization\",\"@id\":\"https:\/\/newsestlyonnais.fr\/site\/#organization\",\"name\":\"News EST LYONNAIS\",\"url\":\"https:\/\/newsestlyonnais.fr\/site\/\",\"logo\":{\"@type\":\"ImageObject\",\"inLanguage\":\"fr-FR\",\"@id\":\"https:\/\/newsestlyonnais.fr\/site\/#\/schema\/logo\/image\/\",\"url\":\"\",\"contentUrl\":\"\",\"caption\":\"News EST LYONNAIS\"},\"image\":{\"@id\":\"https:\/\/newsestlyonnais.fr\/site\/#\/schema\/logo\/image\/\"}},{\"@type\":\"Person\",\"@id\":\"https:\/\/newsestlyonnais.fr\/site\/#\/schema\/person\/3230d5615f390bb808365d673001e887\",\"name\":\"R\u00e9dac. NEWS\",\"sameAs\":[\"http:\/\/www.newsestlyonnais.fr\",\"https:\/\/www.facebook.com\/pascal.oberson.1?fref=ts\",\"https:\/\/fr.linkedin.com\/in\/pascal-oberson-b17045113\"],\"url\":\"https:\/\/newsestlyonnais.fr\/site\/author\/nel\/\"}]}<\/script>\n<!-- \/ Yoast SEO plugin. -->","yoast_head_json":{"title":"VILLEURBANNE | 53 nageurs \u00e0 la journ\u00e9e r\u00e9gionale handisport - News Est Lyonnais","description":"VILLEURBANNE | 53 participants \u00e0 la journ\u00e9e r\u00e9gionale de natation handisport","robots":{"index":"index","follow":"follow","max-snippet":"max-snippet:-1","max-image-preview":"max-image-preview:large","max-video-preview":"max-video-preview:-1"},"canonical":"https:\/\/newsestlyonnais.fr\/site\/2020\/02\/10\/villeurbanne-53-participants-a-la-journee-regionale-de-natation-handisport\/","og_locale":"fr_FR","og_type":"article","og_title":"VILLEURBANNE | 53 nageurs \u00e0 la journ\u00e9e r\u00e9gionale handisport - News Est Lyonnais","og_description":"VILLEURBANNE | 53 participants \u00e0 la journ\u00e9e r\u00e9gionale de natation handisport","og_url":"https:\/\/newsestlyonnais.fr\/site\/2020\/02\/10\/villeurbanne-53-participants-a-la-journee-regionale-de-natation-handisport\/","og_site_name":"News Est Lyonnais","article_author":"https:\/\/www.facebook.com\/pascal.oberson.1?fref=ts","article_published_time":"2020-02-10T09:53:59+00:00","article_modified_time":"2022-05-02T17:30:14+00:00","og_image":[{"width":1200,"height":800,"url":"https:\/\/newsestlyonnais.fr\/site\/wp-content\/uploads\/2020\/02\/NEWSESTLYONNAIS-COMPE-NAT-HANDI-01.jpg","type":"image\/jpeg"}],"author":"R\u00e9dac. NEWS","twitter_card":"summary_large_image","twitter_misc":{"\u00c9crit par":"R\u00e9dac. NEWS","Dur\u00e9e de lecture estim\u00e9e":"1 minute"},"schema":{"@context":"https:\/\/schema.org","@graph":[{"@type":"Article","@id":"https:\/\/newsestlyonnais.fr\/site\/2020\/02\/10\/villeurbanne-53-participants-a-la-journee-regionale-de-natation-handisport\/#article","isPartOf":{"@id":"https:\/\/newsestlyonnais.fr\/site\/2020\/02\/10\/villeurbanne-53-participants-a-la-journee-regionale-de-natation-handisport\/"},"author":{"name":"R\u00e9dac. NEWS","@id":"https:\/\/newsestlyonnais.fr\/site\/#\/schema\/person\/3230d5615f390bb808365d673001e887"},"headline":"VILLEURBANNE | 53 nageurs \u00e0 la journ\u00e9e r\u00e9gionale handisport","datePublished":"2020-02-10T09:53:59+00:00","dateModified":"2022-05-02T17:30:14+00:00","mainEntityOfPage":{"@id":"https:\/\/newsestlyonnais.fr\/site\/2020\/02\/10\/villeurbanne-53-participants-a-la-journee-regionale-de-natation-handisport\/"},"wordCount":169,"commentCount":0,"publisher":{"@id":"https:\/\/newsestlyonnais.fr\/site\/#organization"},"image":{"@id":"https:\/\/newsestlyonnais.fr\/site\/2020\/02\/10\/villeurbanne-53-participants-a-la-journee-regionale-de-natation-handisport\/#primaryimage"},"thumbnailUrl":"https:\/\/newsestlyonnais.fr\/site\/wp-content\/uploads\/2020\/02\/NEWSESTLYONNAIS-COMPE-NAT-HANDI-01.jpg","articleSection":["Handi &amp; adapt\u00e9","Lyon","Natation | Plongeon","Natation | Triathlon","Villeurbanne"],"inLanguage":"fr-FR","potentialAction":[{"@type":"CommentAction","name":"Comment","target":["https:\/\/newsestlyonnais.fr\/site\/2020\/02\/10\/villeurbanne-53-participants-a-la-journee-regionale-de-natation-handisport\/#respond"]}]},{"@type":"WebPage","@id":"https:\/\/newsestlyonnais.fr\/site\/2020\/02\/10\/villeurbanne-53-participants-a-la-journee-regionale-de-natation-handisport\/","url":"https:\/\/newsestlyonnais.fr\/site\/2020\/02\/10\/villeurbanne-53-participants-a-la-journee-regionale-de-natation-handisport\/","name":"VILLEURBANNE | 53 nageurs \u00e0 la journ\u00e9e r\u00e9gionale handisport - News Est Lyonnais","isPartOf":{"@id":"https:\/\/newsestlyonnais.fr\/site\/#website"},"primaryImageOfPage":{"@id":"https:\/\/newsestlyonnais.fr\/site\/2020\/02\/10\/villeurbanne-53-participants-a-la-journee-regionale-de-natation-handisport\/#primaryimage"},"image":{"@id":"https:\/\/newsestlyonnais.fr\/site\/2020\/02\/10\/villeurbanne-53-participants-a-la-journee-regionale-de-natation-handisport\/#primaryimage"},"thumbnailUrl":"https:\/\/newsestlyonnais.fr\/site\/wp-content\/uploads\/2020\/02\/NEWSESTLYONNAIS-COMPE-NAT-HANDI-01.jpg","datePublished":"2020-02-10T09:53:59+00:00","dateModified":"2022-05-02T17:30:14+00:00","description":"VILLEURBANNE | 53 participants \u00e0 la journ\u00e9e r\u00e9gionale de natation handisport","breadcrumb":{"@id":"https:\/\/newsestlyonnais.fr\/site\/2020\/02\/10\/villeurbanne-53-participants-a-la-journee-regionale-de-natation-handisport\/#breadcrumb"},"inLanguage":"fr-FR","potentialAction":[{"@type":"ReadAction","target":["https:\/\/newsestlyonnais.fr\/site\/2020\/02\/10\/villeurbanne-53-participants-a-la-journee-regionale-de-natation-handisport\/"]}]},{"@type":"ImageObject","inLanguage":"fr-FR","@id":"https:\/\/newsestlyonnais.fr\/site\/2020\/02\/10\/villeurbanne-53-participants-a-la-journee-regionale-de-natation-handisport\/#primaryimage","url":"https:\/\/newsestlyonnais.fr\/site\/wp-content\/uploads\/2020\/02\/NEWSESTLYONNAIS-COMPE-NAT-HANDI-01.jpg","contentUrl":"https:\/\/newsestlyonnais.fr\/site\/wp-content\/uploads\/2020\/02\/NEWSESTLYONNAIS-COMPE-NAT-HANDI-01.jpg","width":1200,"height":800},{"@type":"BreadcrumbList","@id":"https:\/\/newsestlyonnais.fr\/site\/2020\/02\/10\/villeurbanne-53-participants-a-la-journee-regionale-de-natation-handisport\/#breadcrumb","itemListElement":[{"@type":"ListItem","position":1,"name":"Accueil","item":"https:\/\/newsestlyonnais.fr\/site\/"},{"@type":"ListItem","position":2,"name":"VILLEURBANNE | 53 nageurs \u00e0 la journ\u00e9e r\u00e9gionale handisport"}]},{"@type":"WebSite","@id":"https:\/\/newsestlyonnais.fr\/site\/#website","url":"https:\/\/newsestlyonnais.fr\/site\/","name":"News Est Lyonnais","description":"L&#039;actualit\u00e9 au plus pr\u00e8s","publisher":{"@id":"https:\/\/newsestlyonnais.fr\/site\/#organization"},"potentialAction":[{"@type":"SearchAction","target":{"@type":"EntryPoint","urlTemplate":"https:\/\/newsestlyonnais.fr\/site\/?s={search_term_string}"},"query-input":{"@type":"PropertyValueSpecification","valueRequired":true,"valueName":"search_term_string"}}],"inLanguage":"fr-FR"},{"@type":"Organization","@id":"https:\/\/newsestlyonnais.fr\/site\/#organization","name":"News EST LYONNAIS","url":"https:\/\/newsestlyonnais.fr\/site\/","logo":{"@type":"ImageObject","inLanguage":"fr-FR","@id":"https:\/\/newsestlyonnais.fr\/site\/#\/schema\/logo\/image\/","url":"","contentUrl":"","caption":"News EST LYONNAIS"},"image":{"@id":"https:\/\/newsestlyonnais.fr\/site\/#\/schema\/logo\/image\/"}},{"@type":"Person","@id":"https:\/\/newsestlyonnais.fr\/site\/#\/schema\/person\/3230d5615f390bb808365d673001e887","name":"R\u00e9dac. NEWS","sameAs":["http:\/\/www.newsestlyonnais.fr","https:\/\/www.facebook.com\/pascal.oberson.1?fref=ts","https:\/\/fr.linkedin.com\/in\/pascal-oberson-b17045113"],"url":"https:\/\/newsestlyonnais.fr\/site\/author\/nel\/"}]}},"_links":{"self":[{"href":"https:\/\/newsestlyonnais.fr\/site\/wp-json\/wp\/v2\/posts\/95075","targetHints":{"allow":["GET"]}}],"collection":[{"href":"https:\/\/newsestlyonnais.fr\/site\/wp-json\/wp\/v2\/posts"}],"about":[{"href":"https:\/\/newsestlyonnais.fr\/site\/wp-json\/wp\/v2\/types\/post"}],"author":[{"embeddable":true,"href":"https:\/\/newsestlyonnais.fr\/site\/wp-json\/wp\/v2\/users\/4"}],"replies":[{"embeddable":true,"href":"https:\/\/newsestlyonnais.fr\/site\/wp-json\/wp\/v2\/comments?post=95075"}],"version-history":[{"count":0,"href":"https:\/\/newsestlyonnais.fr\/site\/wp-json\/wp\/v2\/posts\/95075\/revisions"}],"wp:featuredmedia":[{"embeddable":true,"href":"https:\/\/newsestlyonnais.fr\/site\/wp-json\/wp\/v2\/media\/95077"}],"wp:attachment":[{"href":"https:\/\/newsestlyonnais.fr\/site\/wp-json\/wp\/v2\/media?parent=95075"}],"wp:term":[{"taxonomy":"category","embeddable":true,"href":"https:\/\/newsestlyonnais.fr\/site\/wp-json\/wp\/v2\/categories?post=95075"},{"taxonomy":"post_tag","embeddable":true,"href":"https:\/\/newsestlyonnais.fr\/site\/wp-json\/wp\/v2\/tags?post=95075"}],"curies":[{"name":"wp","href":"https:\/\/api.w.org\/{rel}","templated":true}]}}