{"id":95101,"date":"2020-02-10T08:04:04","date_gmt":"2020-02-10T07:04:04","guid":{"rendered":"http:\/\/newsestlyonnais.fr\/site\/?p=95101"},"modified":"2020-03-27T18:26:17","modified_gmt":"2020-03-27T17:26:17","slug":"bron-de-belles-perfs-ce-week-end-pour-la-petanque-de-bron-terraillon","status":"publish","type":"post","link":"https:\/\/newsestlyonnais.fr\/site\/2020\/02\/10\/bron-de-belles-perfs-ce-week-end-pour-la-petanque-de-bron-terraillon\/","title":{"rendered":"BRON | De belles perfs ce week-end pour la p\u00e9tanque de Bron-Terraillon"},"content":{"rendered":"<p>Le <strong>Bol d&rsquo;Or f\u00e9minin<\/strong> se disputait conjointement ce week-end aux boulodromes Henri Bayada (Bron) &amp; des Brosses (Villeurbanne). A l&rsquo;issue de 10 parties jou\u00e9es, <strong>2 \u00e9quipes du C.P.B.T. (PHOTO A LA UNE) sont qualifi\u00e9es pour le Bol d\u2019Or Ligue <\/strong>qui aura lieu \u00e0 Annemasse (Haute-Savoie), <span class=\"_5yl5\">les 29 f\u00e9vrier &amp; 1\u00b0 mars<\/span> :<\/p>\n<ul>\n<li><strong>Claudine Gorini, Angeline Bezandry &amp; Emilie Tauban<\/strong> qui terminent \u00e0 la <strong>2\u00b0 place<\/strong>.<\/li>\n<li><strong>Nadine Magnus, Kassandra Gorini &amp; Pascale Choron<\/strong> class\u00e9es <strong>3\u00b0<\/strong>.<\/li>\n<\/ul>\n<p>L\u2019\u00e9quipe compos\u00e9e de <strong>Julie Gonnelle, Jennifer Rollet &amp; Nathalie Colombet<\/strong> terminent d&rsquo;autre part \u00e0 la <strong>7\u00b0 place<\/strong>. Enfin, <strong>Emma Picard associ\u00e9e \u00e0 Manon Mahe &amp; Chlo\u00e9 Roux ont \u00e9t\u00e9 finalistes<\/strong> dimanche du concours de la Roche\/Yon (Vend\u00e9e).<\/p>\n<p>_______________________________________________________________________________<\/p>\n<ul>\n<li><em>Toute l&rsquo;ACTU du club est sur : <a href=\"http:\/\/club.quomodo.com\/petanquebronterraillon\">http:\/\/club.quomodo.com\/petanquebronterraillon<\/a><\/em><\/li>\n<\/ul>\n<div id='gallery-1' class='gallery galleryid-95101 gallery-columns-3 gallery-size-thumbnail'><figure class='gallery-item'>\n\t\t\t<div class='gallery-icon landscape'>\n\t\t\t\t<a href='https:\/\/newsestlyonnais.fr\/site\/2020\/02\/10\/bron-de-belles-perfs-ce-week-end-pour-la-petanque-de-bron-terraillon\/newsestlyonnais-bol-or-feminin-2020-b\/'><img loading=\"lazy\" decoding=\"async\" width=\"150\" height=\"85\" src=\"https:\/\/newsestlyonnais.fr\/site\/wp-content\/uploads\/2020\/02\/NEWSESTLYONNAIS-BOL-OR-FEMININ-2020-B-250x141.jpg\" class=\"attachment-thumbnail size-thumbnail\" alt=\"\" aria-describedby=\"gallery-1-95115\" srcset=\"https:\/\/newsestlyonnais.fr\/site\/wp-content\/uploads\/2020\/02\/NEWSESTLYONNAIS-BOL-OR-FEMININ-2020-B-250x141.jpg 250w, https:\/\/newsestlyonnais.fr\/site\/wp-content\/uploads\/2020\/02\/NEWSESTLYONNAIS-BOL-OR-FEMININ-2020-B-400x225.jpg 400w, https:\/\/newsestlyonnais.fr\/site\/wp-content\/uploads\/2020\/02\/NEWSESTLYONNAIS-BOL-OR-FEMININ-2020-B-650x366.jpg 650w, https:\/\/newsestlyonnais.fr\/site\/wp-content\/uploads\/2020\/02\/NEWSESTLYONNAIS-BOL-OR-FEMININ-2020-B-768x432.jpg 768w, https:\/\/newsestlyonnais.fr\/site\/wp-content\/uploads\/2020\/02\/NEWSESTLYONNAIS-BOL-OR-FEMININ-2020-B-150x84.jpg 150w, https:\/\/newsestlyonnais.fr\/site\/wp-content\/uploads\/2020\/02\/NEWSESTLYONNAIS-BOL-OR-FEMININ-2020-B-50x28.jpg 50w, https:\/\/newsestlyonnais.fr\/site\/wp-content\/uploads\/2020\/02\/NEWSESTLYONNAIS-BOL-OR-FEMININ-2020-B-100x56.jpg 100w, https:\/\/newsestlyonnais.fr\/site\/wp-content\/uploads\/2020\/02\/NEWSESTLYONNAIS-BOL-OR-FEMININ-2020-B-200x113.jpg 200w, https:\/\/newsestlyonnais.fr\/site\/wp-content\/uploads\/2020\/02\/NEWSESTLYONNAIS-BOL-OR-FEMININ-2020-B-300x169.jpg 300w, https:\/\/newsestlyonnais.fr\/site\/wp-content\/uploads\/2020\/02\/NEWSESTLYONNAIS-BOL-OR-FEMININ-2020-B-350x197.jpg 350w, https:\/\/newsestlyonnais.fr\/site\/wp-content\/uploads\/2020\/02\/NEWSESTLYONNAIS-BOL-OR-FEMININ-2020-B-450x253.jpg 450w, https:\/\/newsestlyonnais.fr\/site\/wp-content\/uploads\/2020\/02\/NEWSESTLYONNAIS-BOL-OR-FEMININ-2020-B-500x281.jpg 500w, https:\/\/newsestlyonnais.fr\/site\/wp-content\/uploads\/2020\/02\/NEWSESTLYONNAIS-BOL-OR-FEMININ-2020-B-550x309.jpg 550w, https:\/\/newsestlyonnais.fr\/site\/wp-content\/uploads\/2020\/02\/NEWSESTLYONNAIS-BOL-OR-FEMININ-2020-B-800x450.jpg 800w, https:\/\/newsestlyonnais.fr\/site\/wp-content\/uploads\/2020\/02\/NEWSESTLYONNAIS-BOL-OR-FEMININ-2020-B.jpg 960w\" sizes=\"auto, (max-width: 150px) 100vw, 150px\" \/><\/a>\n\t\t\t<\/div>\n\t\t\t\t<figcaption class='wp-caption-text gallery-caption' id='gallery-1-95115'>\n\t\t\t\tDes brondillantes performantes au Bol d&rsquo;Or\n\t\t\t\t<\/figcaption><\/figure><figure class='gallery-item'>\n\t\t\t<div class='gallery-icon landscape'>\n\t\t\t\t<a href='https:\/\/newsestlyonnais.fr\/site\/2020\/02\/10\/bron-de-belles-perfs-ce-week-end-pour-la-petanque-de-bron-terraillon\/newsestlyonnais-emma-picard-roche\/'><img loading=\"lazy\" decoding=\"async\" width=\"150\" height=\"71\" src=\"https:\/\/newsestlyonnais.fr\/site\/wp-content\/uploads\/2020\/02\/NEWSESTLYONNAIS-EMMA-PICARD-ROCHE-250x118.jpg\" class=\"attachment-thumbnail size-thumbnail\" alt=\"\" aria-describedby=\"gallery-1-95111\" srcset=\"https:\/\/newsestlyonnais.fr\/site\/wp-content\/uploads\/2020\/02\/NEWSESTLYONNAIS-EMMA-PICARD-ROCHE-250x118.jpg 250w, https:\/\/newsestlyonnais.fr\/site\/wp-content\/uploads\/2020\/02\/NEWSESTLYONNAIS-EMMA-PICARD-ROCHE-400x189.jpg 400w, https:\/\/newsestlyonnais.fr\/site\/wp-content\/uploads\/2020\/02\/NEWSESTLYONNAIS-EMMA-PICARD-ROCHE-650x307.jpg 650w, https:\/\/newsestlyonnais.fr\/site\/wp-content\/uploads\/2020\/02\/NEWSESTLYONNAIS-EMMA-PICARD-ROCHE-768x363.jpg 768w, https:\/\/newsestlyonnais.fr\/site\/wp-content\/uploads\/2020\/02\/NEWSESTLYONNAIS-EMMA-PICARD-ROCHE-150x71.jpg 150w, https:\/\/newsestlyonnais.fr\/site\/wp-content\/uploads\/2020\/02\/NEWSESTLYONNAIS-EMMA-PICARD-ROCHE-50x24.jpg 50w, https:\/\/newsestlyonnais.fr\/site\/wp-content\/uploads\/2020\/02\/NEWSESTLYONNAIS-EMMA-PICARD-ROCHE-100x47.jpg 100w, https:\/\/newsestlyonnais.fr\/site\/wp-content\/uploads\/2020\/02\/NEWSESTLYONNAIS-EMMA-PICARD-ROCHE-200x95.jpg 200w, https:\/\/newsestlyonnais.fr\/site\/wp-content\/uploads\/2020\/02\/NEWSESTLYONNAIS-EMMA-PICARD-ROCHE-300x142.jpg 300w, https:\/\/newsestlyonnais.fr\/site\/wp-content\/uploads\/2020\/02\/NEWSESTLYONNAIS-EMMA-PICARD-ROCHE-350x166.jpg 350w, https:\/\/newsestlyonnais.fr\/site\/wp-content\/uploads\/2020\/02\/NEWSESTLYONNAIS-EMMA-PICARD-ROCHE-450x213.jpg 450w, https:\/\/newsestlyonnais.fr\/site\/wp-content\/uploads\/2020\/02\/NEWSESTLYONNAIS-EMMA-PICARD-ROCHE-500x236.jpg 500w, https:\/\/newsestlyonnais.fr\/site\/wp-content\/uploads\/2020\/02\/NEWSESTLYONNAIS-EMMA-PICARD-ROCHE-550x260.jpg 550w, https:\/\/newsestlyonnais.fr\/site\/wp-content\/uploads\/2020\/02\/NEWSESTLYONNAIS-EMMA-PICARD-ROCHE-800x378.jpg 800w, https:\/\/newsestlyonnais.fr\/site\/wp-content\/uploads\/2020\/02\/NEWSESTLYONNAIS-EMMA-PICARD-ROCHE.jpg 960w\" sizes=\"auto, (max-width: 150px) 100vw, 150px\" \/><\/a>\n\t\t\t<\/div>\n\t\t\t\t<figcaption class='wp-caption-text gallery-caption' id='gallery-1-95111'>\n\t\t\t\tEmma Picard (au centre) finaliste \u00e0 la Roche sur Yon\n\t\t\t\t<\/figcaption><\/figure>\n\t\t<\/div>\n\n","protected":false},"excerpt":{"rendered":"<p>Du Bol d&rsquo;Or \u00e0 la Roche sur Yon, les f\u00e9minines ont fait briller les couleurs du club  <\/p>\n","protected":false},"author":4,"featured_media":95113,"comment_status":"open","ping_status":"open","sticky":false,"template":"","format":"standard","meta":{"footnotes":""},"categories":[2977,19,2978,2],"tags":[],"class_list":["post-95101","post","type-post","status-publish","format-standard","has-post-thumbnail","hentry","category-boules-petanque-sports","category-bron","category-petanque-sports","category-sports"],"yoast_head":"<!-- This site is optimized with the Yoast SEO plugin v27.2 - https:\/\/yoast.com\/product\/yoast-seo-wordpress\/ -->\n<title>BRON | De belles perfs ce week-end pour la p\u00e9tanque de Bron-Terraillon - News Est Lyonnais<\/title>\n<meta name=\"description\" content=\"BRON | De belles perfs ce week-end pour la p\u00e9tanque de Bron-Terraillon\" \/>\n<meta name=\"robots\" content=\"index, follow, max-snippet:-1, max-image-preview:large, max-video-preview:-1\" \/>\n<link rel=\"canonical\" href=\"https:\/\/newsestlyonnais.fr\/site\/2020\/02\/10\/bron-de-belles-perfs-ce-week-end-pour-la-petanque-de-bron-terraillon\/\" \/>\n<meta property=\"og:locale\" content=\"fr_FR\" \/>\n<meta property=\"og:type\" content=\"article\" \/>\n<meta property=\"og:title\" content=\"BRON | De belles perfs ce week-end pour la p\u00e9tanque de Bron-Terraillon - News Est Lyonnais\" \/>\n<meta property=\"og:description\" content=\"BRON | De belles perfs ce week-end pour la p\u00e9tanque de Bron-Terraillon\" \/>\n<meta property=\"og:url\" content=\"https:\/\/newsestlyonnais.fr\/site\/2020\/02\/10\/bron-de-belles-perfs-ce-week-end-pour-la-petanque-de-bron-terraillon\/\" \/>\n<meta property=\"og:site_name\" content=\"News Est Lyonnais\" \/>\n<meta property=\"article:author\" content=\"https:\/\/www.facebook.com\/pascal.oberson.1?fref=ts\" \/>\n<meta property=\"article:published_time\" content=\"2020-02-10T07:04:04+00:00\" \/>\n<meta property=\"article:modified_time\" content=\"2020-03-27T17:26:17+00:00\" \/>\n<meta property=\"og:image\" content=\"https:\/\/i2.wp.com\/newsestlyonnais.fr\/site\/wp-content\/uploads\/2020\/02\/NEWSESTLYONNAIS-BOL-OR-FEMININ-2020-A.jpg?fit=960%2C542&ssl=1\" \/>\n\t<meta property=\"og:image:width\" content=\"960\" \/>\n\t<meta property=\"og:image:height\" content=\"542\" \/>\n\t<meta property=\"og:image:type\" content=\"image\/jpeg\" \/>\n<meta name=\"author\" content=\"R\u00e9dac. NEWS\" \/>\n<meta name=\"twitter:card\" content=\"summary_large_image\" \/>\n<meta name=\"twitter:label1\" content=\"\u00c9crit par\" \/>\n\t<meta name=\"twitter:data1\" content=\"R\u00e9dac. NEWS\" \/>\n\t<meta name=\"twitter:label2\" content=\"Dur\u00e9e de lecture estim\u00e9e\" \/>\n\t<meta name=\"twitter:data2\" content=\"1 minute\" \/>\n<script type=\"application\/ld+json\" class=\"yoast-schema-graph\">{\"@context\":\"https:\/\/schema.org\",\"@graph\":[{\"@type\":\"Article\",\"@id\":\"https:\/\/newsestlyonnais.fr\/site\/2020\/02\/10\/bron-de-belles-perfs-ce-week-end-pour-la-petanque-de-bron-terraillon\/#article\",\"isPartOf\":{\"@id\":\"https:\/\/newsestlyonnais.fr\/site\/2020\/02\/10\/bron-de-belles-perfs-ce-week-end-pour-la-petanque-de-bron-terraillon\/\"},\"author\":{\"name\":\"R\u00e9dac. NEWS\",\"@id\":\"https:\/\/newsestlyonnais.fr\/site\/#\/schema\/person\/3230d5615f390bb808365d673001e887\"},\"headline\":\"BRON | De belles perfs ce week-end pour la p\u00e9tanque de Bron-Terraillon\",\"datePublished\":\"2020-02-10T07:04:04+00:00\",\"dateModified\":\"2020-03-27T17:26:17+00:00\",\"mainEntityOfPage\":{\"@id\":\"https:\/\/newsestlyonnais.fr\/site\/2020\/02\/10\/bron-de-belles-perfs-ce-week-end-pour-la-petanque-de-bron-terraillon\/\"},\"wordCount\":144,\"commentCount\":0,\"publisher\":{\"@id\":\"https:\/\/newsestlyonnais.fr\/site\/#organization\"},\"image\":{\"@id\":\"https:\/\/newsestlyonnais.fr\/site\/2020\/02\/10\/bron-de-belles-perfs-ce-week-end-pour-la-petanque-de-bron-terraillon\/#primaryimage\"},\"thumbnailUrl\":\"https:\/\/newsestlyonnais.fr\/site\/wp-content\/uploads\/2020\/02\/NEWSESTLYONNAIS-BOL-OR-FEMININ-2020-A.jpg\",\"articleSection\":[\"Boules | P\u00e9tanque\",\"Bron\",\"P\u00e9tanque\",\"Sports\"],\"inLanguage\":\"fr-FR\",\"potentialAction\":[{\"@type\":\"CommentAction\",\"name\":\"Comment\",\"target\":[\"https:\/\/newsestlyonnais.fr\/site\/2020\/02\/10\/bron-de-belles-perfs-ce-week-end-pour-la-petanque-de-bron-terraillon\/#respond\"]}]},{\"@type\":\"WebPage\",\"@id\":\"https:\/\/newsestlyonnais.fr\/site\/2020\/02\/10\/bron-de-belles-perfs-ce-week-end-pour-la-petanque-de-bron-terraillon\/\",\"url\":\"https:\/\/newsestlyonnais.fr\/site\/2020\/02\/10\/bron-de-belles-perfs-ce-week-end-pour-la-petanque-de-bron-terraillon\/\",\"name\":\"BRON | De belles perfs ce week-end pour la p\u00e9tanque de Bron-Terraillon - News Est Lyonnais\",\"isPartOf\":{\"@id\":\"https:\/\/newsestlyonnais.fr\/site\/#website\"},\"primaryImageOfPage\":{\"@id\":\"https:\/\/newsestlyonnais.fr\/site\/2020\/02\/10\/bron-de-belles-perfs-ce-week-end-pour-la-petanque-de-bron-terraillon\/#primaryimage\"},\"image\":{\"@id\":\"https:\/\/newsestlyonnais.fr\/site\/2020\/02\/10\/bron-de-belles-perfs-ce-week-end-pour-la-petanque-de-bron-terraillon\/#primaryimage\"},\"thumbnailUrl\":\"https:\/\/newsestlyonnais.fr\/site\/wp-content\/uploads\/2020\/02\/NEWSESTLYONNAIS-BOL-OR-FEMININ-2020-A.jpg\",\"datePublished\":\"2020-02-10T07:04:04+00:00\",\"dateModified\":\"2020-03-27T17:26:17+00:00\",\"description\":\"BRON | De belles perfs ce week-end pour la p\u00e9tanque de Bron-Terraillon\",\"breadcrumb\":{\"@id\":\"https:\/\/newsestlyonnais.fr\/site\/2020\/02\/10\/bron-de-belles-perfs-ce-week-end-pour-la-petanque-de-bron-terraillon\/#breadcrumb\"},\"inLanguage\":\"fr-FR\",\"potentialAction\":[{\"@type\":\"ReadAction\",\"target\":[\"https:\/\/newsestlyonnais.fr\/site\/2020\/02\/10\/bron-de-belles-perfs-ce-week-end-pour-la-petanque-de-bron-terraillon\/\"]}]},{\"@type\":\"ImageObject\",\"inLanguage\":\"fr-FR\",\"@id\":\"https:\/\/newsestlyonnais.fr\/site\/2020\/02\/10\/bron-de-belles-perfs-ce-week-end-pour-la-petanque-de-bron-terraillon\/#primaryimage\",\"url\":\"https:\/\/newsestlyonnais.fr\/site\/wp-content\/uploads\/2020\/02\/NEWSESTLYONNAIS-BOL-OR-FEMININ-2020-A.jpg\",\"contentUrl\":\"https:\/\/newsestlyonnais.fr\/site\/wp-content\/uploads\/2020\/02\/NEWSESTLYONNAIS-BOL-OR-FEMININ-2020-A.jpg\",\"width\":960,\"height\":542},{\"@type\":\"BreadcrumbList\",\"@id\":\"https:\/\/newsestlyonnais.fr\/site\/2020\/02\/10\/bron-de-belles-perfs-ce-week-end-pour-la-petanque-de-bron-terraillon\/#breadcrumb\",\"itemListElement\":[{\"@type\":\"ListItem\",\"position\":1,\"name\":\"Accueil\",\"item\":\"https:\/\/newsestlyonnais.fr\/site\/\"},{\"@type\":\"ListItem\",\"position\":2,\"name\":\"BRON | De belles perfs ce week-end pour la p\u00e9tanque de Bron-Terraillon\"}]},{\"@type\":\"WebSite\",\"@id\":\"https:\/\/newsestlyonnais.fr\/site\/#website\",\"url\":\"https:\/\/newsestlyonnais.fr\/site\/\",\"name\":\"News Est Lyonnais\",\"description\":\"L&#039;actualit\u00e9 au plus pr\u00e8s\",\"publisher\":{\"@id\":\"https:\/\/newsestlyonnais.fr\/site\/#organization\"},\"potentialAction\":[{\"@type\":\"SearchAction\",\"target\":{\"@type\":\"EntryPoint\",\"urlTemplate\":\"https:\/\/newsestlyonnais.fr\/site\/?s={search_term_string}\"},\"query-input\":{\"@type\":\"PropertyValueSpecification\",\"valueRequired\":true,\"valueName\":\"search_term_string\"}}],\"inLanguage\":\"fr-FR\"},{\"@type\":\"Organization\",\"@id\":\"https:\/\/newsestlyonnais.fr\/site\/#organization\",\"name\":\"News EST LYONNAIS\",\"url\":\"https:\/\/newsestlyonnais.fr\/site\/\",\"logo\":{\"@type\":\"ImageObject\",\"inLanguage\":\"fr-FR\",\"@id\":\"https:\/\/newsestlyonnais.fr\/site\/#\/schema\/logo\/image\/\",\"url\":\"\",\"contentUrl\":\"\",\"caption\":\"News EST LYONNAIS\"},\"image\":{\"@id\":\"https:\/\/newsestlyonnais.fr\/site\/#\/schema\/logo\/image\/\"}},{\"@type\":\"Person\",\"@id\":\"https:\/\/newsestlyonnais.fr\/site\/#\/schema\/person\/3230d5615f390bb808365d673001e887\",\"name\":\"R\u00e9dac. NEWS\",\"sameAs\":[\"http:\/\/www.newsestlyonnais.fr\",\"https:\/\/www.facebook.com\/pascal.oberson.1?fref=ts\",\"https:\/\/fr.linkedin.com\/in\/pascal-oberson-b17045113\"],\"url\":\"https:\/\/newsestlyonnais.fr\/site\/author\/nel\/\"}]}<\/script>\n<!-- \/ Yoast SEO plugin. -->","yoast_head_json":{"title":"BRON | De belles perfs ce week-end pour la p\u00e9tanque de Bron-Terraillon - News Est Lyonnais","description":"BRON | De belles perfs ce week-end pour la p\u00e9tanque de Bron-Terraillon","robots":{"index":"index","follow":"follow","max-snippet":"max-snippet:-1","max-image-preview":"max-image-preview:large","max-video-preview":"max-video-preview:-1"},"canonical":"https:\/\/newsestlyonnais.fr\/site\/2020\/02\/10\/bron-de-belles-perfs-ce-week-end-pour-la-petanque-de-bron-terraillon\/","og_locale":"fr_FR","og_type":"article","og_title":"BRON | De belles perfs ce week-end pour la p\u00e9tanque de Bron-Terraillon - News Est Lyonnais","og_description":"BRON | De belles perfs ce week-end pour la p\u00e9tanque de Bron-Terraillon","og_url":"https:\/\/newsestlyonnais.fr\/site\/2020\/02\/10\/bron-de-belles-perfs-ce-week-end-pour-la-petanque-de-bron-terraillon\/","og_site_name":"News Est Lyonnais","article_author":"https:\/\/www.facebook.com\/pascal.oberson.1?fref=ts","article_published_time":"2020-02-10T07:04:04+00:00","article_modified_time":"2020-03-27T17:26:17+00:00","og_image":[{"width":960,"height":542,"url":"https:\/\/i2.wp.com\/newsestlyonnais.fr\/site\/wp-content\/uploads\/2020\/02\/NEWSESTLYONNAIS-BOL-OR-FEMININ-2020-A.jpg?fit=960%2C542&ssl=1","type":"image\/jpeg"}],"author":"R\u00e9dac. NEWS","twitter_card":"summary_large_image","twitter_misc":{"\u00c9crit par":"R\u00e9dac. NEWS","Dur\u00e9e de lecture estim\u00e9e":"1 minute"},"schema":{"@context":"https:\/\/schema.org","@graph":[{"@type":"Article","@id":"https:\/\/newsestlyonnais.fr\/site\/2020\/02\/10\/bron-de-belles-perfs-ce-week-end-pour-la-petanque-de-bron-terraillon\/#article","isPartOf":{"@id":"https:\/\/newsestlyonnais.fr\/site\/2020\/02\/10\/bron-de-belles-perfs-ce-week-end-pour-la-petanque-de-bron-terraillon\/"},"author":{"name":"R\u00e9dac. NEWS","@id":"https:\/\/newsestlyonnais.fr\/site\/#\/schema\/person\/3230d5615f390bb808365d673001e887"},"headline":"BRON | De belles perfs ce week-end pour la p\u00e9tanque de Bron-Terraillon","datePublished":"2020-02-10T07:04:04+00:00","dateModified":"2020-03-27T17:26:17+00:00","mainEntityOfPage":{"@id":"https:\/\/newsestlyonnais.fr\/site\/2020\/02\/10\/bron-de-belles-perfs-ce-week-end-pour-la-petanque-de-bron-terraillon\/"},"wordCount":144,"commentCount":0,"publisher":{"@id":"https:\/\/newsestlyonnais.fr\/site\/#organization"},"image":{"@id":"https:\/\/newsestlyonnais.fr\/site\/2020\/02\/10\/bron-de-belles-perfs-ce-week-end-pour-la-petanque-de-bron-terraillon\/#primaryimage"},"thumbnailUrl":"https:\/\/newsestlyonnais.fr\/site\/wp-content\/uploads\/2020\/02\/NEWSESTLYONNAIS-BOL-OR-FEMININ-2020-A.jpg","articleSection":["Boules | P\u00e9tanque","Bron","P\u00e9tanque","Sports"],"inLanguage":"fr-FR","potentialAction":[{"@type":"CommentAction","name":"Comment","target":["https:\/\/newsestlyonnais.fr\/site\/2020\/02\/10\/bron-de-belles-perfs-ce-week-end-pour-la-petanque-de-bron-terraillon\/#respond"]}]},{"@type":"WebPage","@id":"https:\/\/newsestlyonnais.fr\/site\/2020\/02\/10\/bron-de-belles-perfs-ce-week-end-pour-la-petanque-de-bron-terraillon\/","url":"https:\/\/newsestlyonnais.fr\/site\/2020\/02\/10\/bron-de-belles-perfs-ce-week-end-pour-la-petanque-de-bron-terraillon\/","name":"BRON | De belles perfs ce week-end pour la p\u00e9tanque de Bron-Terraillon - News Est Lyonnais","isPartOf":{"@id":"https:\/\/newsestlyonnais.fr\/site\/#website"},"primaryImageOfPage":{"@id":"https:\/\/newsestlyonnais.fr\/site\/2020\/02\/10\/bron-de-belles-perfs-ce-week-end-pour-la-petanque-de-bron-terraillon\/#primaryimage"},"image":{"@id":"https:\/\/newsestlyonnais.fr\/site\/2020\/02\/10\/bron-de-belles-perfs-ce-week-end-pour-la-petanque-de-bron-terraillon\/#primaryimage"},"thumbnailUrl":"https:\/\/newsestlyonnais.fr\/site\/wp-content\/uploads\/2020\/02\/NEWSESTLYONNAIS-BOL-OR-FEMININ-2020-A.jpg","datePublished":"2020-02-10T07:04:04+00:00","dateModified":"2020-03-27T17:26:17+00:00","description":"BRON | De belles perfs ce week-end pour la p\u00e9tanque de Bron-Terraillon","breadcrumb":{"@id":"https:\/\/newsestlyonnais.fr\/site\/2020\/02\/10\/bron-de-belles-perfs-ce-week-end-pour-la-petanque-de-bron-terraillon\/#breadcrumb"},"inLanguage":"fr-FR","potentialAction":[{"@type":"ReadAction","target":["https:\/\/newsestlyonnais.fr\/site\/2020\/02\/10\/bron-de-belles-perfs-ce-week-end-pour-la-petanque-de-bron-terraillon\/"]}]},{"@type":"ImageObject","inLanguage":"fr-FR","@id":"https:\/\/newsestlyonnais.fr\/site\/2020\/02\/10\/bron-de-belles-perfs-ce-week-end-pour-la-petanque-de-bron-terraillon\/#primaryimage","url":"https:\/\/newsestlyonnais.fr\/site\/wp-content\/uploads\/2020\/02\/NEWSESTLYONNAIS-BOL-OR-FEMININ-2020-A.jpg","contentUrl":"https:\/\/newsestlyonnais.fr\/site\/wp-content\/uploads\/2020\/02\/NEWSESTLYONNAIS-BOL-OR-FEMININ-2020-A.jpg","width":960,"height":542},{"@type":"BreadcrumbList","@id":"https:\/\/newsestlyonnais.fr\/site\/2020\/02\/10\/bron-de-belles-perfs-ce-week-end-pour-la-petanque-de-bron-terraillon\/#breadcrumb","itemListElement":[{"@type":"ListItem","position":1,"name":"Accueil","item":"https:\/\/newsestlyonnais.fr\/site\/"},{"@type":"ListItem","position":2,"name":"BRON | De belles perfs ce week-end pour la p\u00e9tanque de Bron-Terraillon"}]},{"@type":"WebSite","@id":"https:\/\/newsestlyonnais.fr\/site\/#website","url":"https:\/\/newsestlyonnais.fr\/site\/","name":"News Est Lyonnais","description":"L&#039;actualit\u00e9 au plus pr\u00e8s","publisher":{"@id":"https:\/\/newsestlyonnais.fr\/site\/#organization"},"potentialAction":[{"@type":"SearchAction","target":{"@type":"EntryPoint","urlTemplate":"https:\/\/newsestlyonnais.fr\/site\/?s={search_term_string}"},"query-input":{"@type":"PropertyValueSpecification","valueRequired":true,"valueName":"search_term_string"}}],"inLanguage":"fr-FR"},{"@type":"Organization","@id":"https:\/\/newsestlyonnais.fr\/site\/#organization","name":"News EST LYONNAIS","url":"https:\/\/newsestlyonnais.fr\/site\/","logo":{"@type":"ImageObject","inLanguage":"fr-FR","@id":"https:\/\/newsestlyonnais.fr\/site\/#\/schema\/logo\/image\/","url":"","contentUrl":"","caption":"News EST LYONNAIS"},"image":{"@id":"https:\/\/newsestlyonnais.fr\/site\/#\/schema\/logo\/image\/"}},{"@type":"Person","@id":"https:\/\/newsestlyonnais.fr\/site\/#\/schema\/person\/3230d5615f390bb808365d673001e887","name":"R\u00e9dac. NEWS","sameAs":["http:\/\/www.newsestlyonnais.fr","https:\/\/www.facebook.com\/pascal.oberson.1?fref=ts","https:\/\/fr.linkedin.com\/in\/pascal-oberson-b17045113"],"url":"https:\/\/newsestlyonnais.fr\/site\/author\/nel\/"}]}},"_links":{"self":[{"href":"https:\/\/newsestlyonnais.fr\/site\/wp-json\/wp\/v2\/posts\/95101","targetHints":{"allow":["GET"]}}],"collection":[{"href":"https:\/\/newsestlyonnais.fr\/site\/wp-json\/wp\/v2\/posts"}],"about":[{"href":"https:\/\/newsestlyonnais.fr\/site\/wp-json\/wp\/v2\/types\/post"}],"author":[{"embeddable":true,"href":"https:\/\/newsestlyonnais.fr\/site\/wp-json\/wp\/v2\/users\/4"}],"replies":[{"embeddable":true,"href":"https:\/\/newsestlyonnais.fr\/site\/wp-json\/wp\/v2\/comments?post=95101"}],"version-history":[{"count":0,"href":"https:\/\/newsestlyonnais.fr\/site\/wp-json\/wp\/v2\/posts\/95101\/revisions"}],"wp:featuredmedia":[{"embeddable":true,"href":"https:\/\/newsestlyonnais.fr\/site\/wp-json\/wp\/v2\/media\/95113"}],"wp:attachment":[{"href":"https:\/\/newsestlyonnais.fr\/site\/wp-json\/wp\/v2\/media?parent=95101"}],"wp:term":[{"taxonomy":"category","embeddable":true,"href":"https:\/\/newsestlyonnais.fr\/site\/wp-json\/wp\/v2\/categories?post=95101"},{"taxonomy":"post_tag","embeddable":true,"href":"https:\/\/newsestlyonnais.fr\/site\/wp-json\/wp\/v2\/tags?post=95101"}],"curies":[{"name":"wp","href":"https:\/\/api.w.org\/{rel}","templated":true}]}}