{"id":95226,"date":"2020-02-10T16:12:11","date_gmt":"2020-02-10T15:12:11","guid":{"rendered":"http:\/\/newsestlyonnais.fr\/site\/?p=95226"},"modified":"2020-05-16T18:35:17","modified_gmt":"2020-05-16T17:35:17","slug":"lyon-2-4-salon-veggieworld","status":"publish","type":"post","link":"https:\/\/newsestlyonnais.fr\/site\/2020\/02\/10\/lyon-2-4-salon-veggieworld\/","title":{"rendered":"LYON 2 | 4\u00b0 salon VeggieWorld"},"content":{"rendered":"<p>D\u00e9couvrez plus de 700 produits v\u00e9ganes de 70 exposants nationaux et internationaux dans les cat\u00e9gories : <em>Alimentation \/ <\/em><em>Boissons \/ <\/em><em>Cosm\u00e9tiques \/ <\/em><em>Hygi\u00e8ne \/ <\/em><em>Mode \/<\/em><em>Accessoires \/ <\/em><em>Maison \/ <\/em><em>D\u00e9coration \/ <\/em><em>Lifestyle \/ <\/em><em>Associations \/ <\/em><em>Restaurants.<\/em><\/p>\n<p>Pendant deux jours, vous avez l\u2019opportunit\u00e9 de d\u00e9couvrir facilement le mode de vie v\u00e9gane, profitez des offres exceptionnelles et participez \u00e0 une ou plusieurs des 25 conf\u00e9rences autour du v\u00e9ganisme.<\/p>\n<p>___________________________________________________________________________________<\/p>\n<p><em><strong><span style=\"text-decoration: underline\">Les 15 &amp; 16 f\u00e9vrier 2020 \/ 70 quai Perrache \u00e0 LYON 2<\/span> : 70 exposants, 700 produits v\u00e9ganes et 5.000 visiteurs attendus.<br \/>\n<\/strong><\/em><\/p>\n<ul>\n<li><strong>Plus d&rsquo;infos sur :\u00a0<a href=\"https:\/\/veggieworld.de\/fr\/event\/veggieworld-lyon\/\">https:\/\/veggieworld.de\/fr\/event\/veggieworld-lyon\/<\/a> <\/strong><\/li>\n<\/ul>\n","protected":false},"excerpt":{"rendered":"<p>C\u2019est l\u2018occasion de d\u00e9couvrir un style de vie alternatif, plus sain, plus respectueux de l\u2019environnement, des animaux et des ressources.<\/p>\n","protected":false},"author":4,"featured_media":95225,"comment_status":"open","ping_status":"open","sticky":false,"template":"","format":"standard","meta":{"footnotes":""},"categories":[2217,3329,1625,3330],"tags":[],"class_list":["post-95226","post","type-post","status-publish","format-standard","has-post-thumbnail","hentry","category-breves-de-lest-lyonnais","category-expos-foires-musees-salons","category-lyon","category-mode-spectacle"],"yoast_head":"<!-- This site is optimized with the Yoast SEO plugin v27.2 - https:\/\/yoast.com\/product\/yoast-seo-wordpress\/ -->\n<title>LYON 2 | 4\u00b0 salon VeggieWorld - News Est Lyonnais<\/title>\n<meta name=\"description\" content=\"LYON 2 | 4\u00b0 salon VeggieWorld\" \/>\n<meta name=\"robots\" content=\"index, follow, max-snippet:-1, max-image-preview:large, max-video-preview:-1\" \/>\n<link rel=\"canonical\" href=\"https:\/\/newsestlyonnais.fr\/site\/2020\/02\/10\/lyon-2-4-salon-veggieworld\/\" \/>\n<meta property=\"og:locale\" content=\"fr_FR\" \/>\n<meta property=\"og:type\" content=\"article\" \/>\n<meta property=\"og:title\" content=\"LYON 2 | 4\u00b0 salon VeggieWorld - News Est Lyonnais\" \/>\n<meta property=\"og:description\" content=\"LYON 2 | 4\u00b0 salon VeggieWorld\" \/>\n<meta property=\"og:url\" content=\"https:\/\/newsestlyonnais.fr\/site\/2020\/02\/10\/lyon-2-4-salon-veggieworld\/\" \/>\n<meta property=\"og:site_name\" content=\"News Est Lyonnais\" \/>\n<meta property=\"article:author\" content=\"https:\/\/www.facebook.com\/pascal.oberson.1?fref=ts\" \/>\n<meta property=\"article:published_time\" content=\"2020-02-10T15:12:11+00:00\" \/>\n<meta property=\"article:modified_time\" content=\"2020-05-16T17:35:17+00:00\" \/>\n<meta property=\"og:image\" content=\"https:\/\/i1.wp.com\/newsestlyonnais.fr\/site\/wp-content\/uploads\/2020\/02\/82464888_2704582999635975_2546674804891582464_n.jpg?fit=800%2C450&ssl=1\" \/>\n\t<meta property=\"og:image:width\" content=\"800\" \/>\n\t<meta property=\"og:image:height\" content=\"450\" \/>\n\t<meta property=\"og:image:type\" content=\"image\/jpeg\" \/>\n<meta name=\"author\" content=\"R\u00e9dac. NEWS\" \/>\n<meta name=\"twitter:card\" content=\"summary_large_image\" \/>\n<meta name=\"twitter:label1\" content=\"\u00c9crit par\" \/>\n\t<meta name=\"twitter:data1\" content=\"R\u00e9dac. NEWS\" \/>\n<script type=\"application\/ld+json\" class=\"yoast-schema-graph\">{\"@context\":\"https:\/\/schema.org\",\"@graph\":[{\"@type\":\"Article\",\"@id\":\"https:\/\/newsestlyonnais.fr\/site\/2020\/02\/10\/lyon-2-4-salon-veggieworld\/#article\",\"isPartOf\":{\"@id\":\"https:\/\/newsestlyonnais.fr\/site\/2020\/02\/10\/lyon-2-4-salon-veggieworld\/\"},\"author\":{\"name\":\"R\u00e9dac. NEWS\",\"@id\":\"https:\/\/newsestlyonnais.fr\/site\/#\/schema\/person\/3230d5615f390bb808365d673001e887\"},\"headline\":\"LYON 2 | 4\u00b0 salon VeggieWorld\",\"datePublished\":\"2020-02-10T15:12:11+00:00\",\"dateModified\":\"2020-05-16T17:35:17+00:00\",\"mainEntityOfPage\":{\"@id\":\"https:\/\/newsestlyonnais.fr\/site\/2020\/02\/10\/lyon-2-4-salon-veggieworld\/\"},\"wordCount\":90,\"commentCount\":0,\"publisher\":{\"@id\":\"https:\/\/newsestlyonnais.fr\/site\/#organization\"},\"image\":{\"@id\":\"https:\/\/newsestlyonnais.fr\/site\/2020\/02\/10\/lyon-2-4-salon-veggieworld\/#primaryimage\"},\"thumbnailUrl\":\"https:\/\/newsestlyonnais.fr\/site\/wp-content\/uploads\/2020\/02\/82464888_2704582999635975_2546674804891582464_n.jpg\",\"articleSection\":[\"Br\u00e8ves de l'Est lyonnais\",\"Expos | Foires | Mus\u00e9es | Salons\",\"Lyon\",\"Mode | Spectacle\"],\"inLanguage\":\"fr-FR\",\"potentialAction\":[{\"@type\":\"CommentAction\",\"name\":\"Comment\",\"target\":[\"https:\/\/newsestlyonnais.fr\/site\/2020\/02\/10\/lyon-2-4-salon-veggieworld\/#respond\"]}]},{\"@type\":\"WebPage\",\"@id\":\"https:\/\/newsestlyonnais.fr\/site\/2020\/02\/10\/lyon-2-4-salon-veggieworld\/\",\"url\":\"https:\/\/newsestlyonnais.fr\/site\/2020\/02\/10\/lyon-2-4-salon-veggieworld\/\",\"name\":\"LYON 2 | 4\u00b0 salon VeggieWorld - News Est Lyonnais\",\"isPartOf\":{\"@id\":\"https:\/\/newsestlyonnais.fr\/site\/#website\"},\"primaryImageOfPage\":{\"@id\":\"https:\/\/newsestlyonnais.fr\/site\/2020\/02\/10\/lyon-2-4-salon-veggieworld\/#primaryimage\"},\"image\":{\"@id\":\"https:\/\/newsestlyonnais.fr\/site\/2020\/02\/10\/lyon-2-4-salon-veggieworld\/#primaryimage\"},\"thumbnailUrl\":\"https:\/\/newsestlyonnais.fr\/site\/wp-content\/uploads\/2020\/02\/82464888_2704582999635975_2546674804891582464_n.jpg\",\"datePublished\":\"2020-02-10T15:12:11+00:00\",\"dateModified\":\"2020-05-16T17:35:17+00:00\",\"description\":\"LYON 2 | 4\u00b0 salon VeggieWorld\",\"breadcrumb\":{\"@id\":\"https:\/\/newsestlyonnais.fr\/site\/2020\/02\/10\/lyon-2-4-salon-veggieworld\/#breadcrumb\"},\"inLanguage\":\"fr-FR\",\"potentialAction\":[{\"@type\":\"ReadAction\",\"target\":[\"https:\/\/newsestlyonnais.fr\/site\/2020\/02\/10\/lyon-2-4-salon-veggieworld\/\"]}]},{\"@type\":\"ImageObject\",\"inLanguage\":\"fr-FR\",\"@id\":\"https:\/\/newsestlyonnais.fr\/site\/2020\/02\/10\/lyon-2-4-salon-veggieworld\/#primaryimage\",\"url\":\"https:\/\/newsestlyonnais.fr\/site\/wp-content\/uploads\/2020\/02\/82464888_2704582999635975_2546674804891582464_n.jpg\",\"contentUrl\":\"https:\/\/newsestlyonnais.fr\/site\/wp-content\/uploads\/2020\/02\/82464888_2704582999635975_2546674804891582464_n.jpg\",\"width\":800,\"height\":450},{\"@type\":\"BreadcrumbList\",\"@id\":\"https:\/\/newsestlyonnais.fr\/site\/2020\/02\/10\/lyon-2-4-salon-veggieworld\/#breadcrumb\",\"itemListElement\":[{\"@type\":\"ListItem\",\"position\":1,\"name\":\"Accueil\",\"item\":\"https:\/\/newsestlyonnais.fr\/site\/\"},{\"@type\":\"ListItem\",\"position\":2,\"name\":\"LYON 2 | 4\u00b0 salon VeggieWorld\"}]},{\"@type\":\"WebSite\",\"@id\":\"https:\/\/newsestlyonnais.fr\/site\/#website\",\"url\":\"https:\/\/newsestlyonnais.fr\/site\/\",\"name\":\"News Est Lyonnais\",\"description\":\"L&#039;actualit\u00e9 au plus pr\u00e8s\",\"publisher\":{\"@id\":\"https:\/\/newsestlyonnais.fr\/site\/#organization\"},\"potentialAction\":[{\"@type\":\"SearchAction\",\"target\":{\"@type\":\"EntryPoint\",\"urlTemplate\":\"https:\/\/newsestlyonnais.fr\/site\/?s={search_term_string}\"},\"query-input\":{\"@type\":\"PropertyValueSpecification\",\"valueRequired\":true,\"valueName\":\"search_term_string\"}}],\"inLanguage\":\"fr-FR\"},{\"@type\":\"Organization\",\"@id\":\"https:\/\/newsestlyonnais.fr\/site\/#organization\",\"name\":\"News EST LYONNAIS\",\"url\":\"https:\/\/newsestlyonnais.fr\/site\/\",\"logo\":{\"@type\":\"ImageObject\",\"inLanguage\":\"fr-FR\",\"@id\":\"https:\/\/newsestlyonnais.fr\/site\/#\/schema\/logo\/image\/\",\"url\":\"\",\"contentUrl\":\"\",\"caption\":\"News EST LYONNAIS\"},\"image\":{\"@id\":\"https:\/\/newsestlyonnais.fr\/site\/#\/schema\/logo\/image\/\"}},{\"@type\":\"Person\",\"@id\":\"https:\/\/newsestlyonnais.fr\/site\/#\/schema\/person\/3230d5615f390bb808365d673001e887\",\"name\":\"R\u00e9dac. NEWS\",\"sameAs\":[\"http:\/\/www.newsestlyonnais.fr\",\"https:\/\/www.facebook.com\/pascal.oberson.1?fref=ts\",\"https:\/\/fr.linkedin.com\/in\/pascal-oberson-b17045113\"],\"url\":\"https:\/\/newsestlyonnais.fr\/site\/author\/nel\/\"}]}<\/script>\n<!-- \/ Yoast SEO plugin. -->","yoast_head_json":{"title":"LYON 2 | 4\u00b0 salon VeggieWorld - News Est Lyonnais","description":"LYON 2 | 4\u00b0 salon VeggieWorld","robots":{"index":"index","follow":"follow","max-snippet":"max-snippet:-1","max-image-preview":"max-image-preview:large","max-video-preview":"max-video-preview:-1"},"canonical":"https:\/\/newsestlyonnais.fr\/site\/2020\/02\/10\/lyon-2-4-salon-veggieworld\/","og_locale":"fr_FR","og_type":"article","og_title":"LYON 2 | 4\u00b0 salon VeggieWorld - News Est Lyonnais","og_description":"LYON 2 | 4\u00b0 salon VeggieWorld","og_url":"https:\/\/newsestlyonnais.fr\/site\/2020\/02\/10\/lyon-2-4-salon-veggieworld\/","og_site_name":"News Est Lyonnais","article_author":"https:\/\/www.facebook.com\/pascal.oberson.1?fref=ts","article_published_time":"2020-02-10T15:12:11+00:00","article_modified_time":"2020-05-16T17:35:17+00:00","og_image":[{"width":800,"height":450,"url":"https:\/\/i1.wp.com\/newsestlyonnais.fr\/site\/wp-content\/uploads\/2020\/02\/82464888_2704582999635975_2546674804891582464_n.jpg?fit=800%2C450&ssl=1","type":"image\/jpeg"}],"author":"R\u00e9dac. NEWS","twitter_card":"summary_large_image","twitter_misc":{"\u00c9crit par":"R\u00e9dac. NEWS"},"schema":{"@context":"https:\/\/schema.org","@graph":[{"@type":"Article","@id":"https:\/\/newsestlyonnais.fr\/site\/2020\/02\/10\/lyon-2-4-salon-veggieworld\/#article","isPartOf":{"@id":"https:\/\/newsestlyonnais.fr\/site\/2020\/02\/10\/lyon-2-4-salon-veggieworld\/"},"author":{"name":"R\u00e9dac. NEWS","@id":"https:\/\/newsestlyonnais.fr\/site\/#\/schema\/person\/3230d5615f390bb808365d673001e887"},"headline":"LYON 2 | 4\u00b0 salon VeggieWorld","datePublished":"2020-02-10T15:12:11+00:00","dateModified":"2020-05-16T17:35:17+00:00","mainEntityOfPage":{"@id":"https:\/\/newsestlyonnais.fr\/site\/2020\/02\/10\/lyon-2-4-salon-veggieworld\/"},"wordCount":90,"commentCount":0,"publisher":{"@id":"https:\/\/newsestlyonnais.fr\/site\/#organization"},"image":{"@id":"https:\/\/newsestlyonnais.fr\/site\/2020\/02\/10\/lyon-2-4-salon-veggieworld\/#primaryimage"},"thumbnailUrl":"https:\/\/newsestlyonnais.fr\/site\/wp-content\/uploads\/2020\/02\/82464888_2704582999635975_2546674804891582464_n.jpg","articleSection":["Br\u00e8ves de l'Est lyonnais","Expos | Foires | Mus\u00e9es | Salons","Lyon","Mode | Spectacle"],"inLanguage":"fr-FR","potentialAction":[{"@type":"CommentAction","name":"Comment","target":["https:\/\/newsestlyonnais.fr\/site\/2020\/02\/10\/lyon-2-4-salon-veggieworld\/#respond"]}]},{"@type":"WebPage","@id":"https:\/\/newsestlyonnais.fr\/site\/2020\/02\/10\/lyon-2-4-salon-veggieworld\/","url":"https:\/\/newsestlyonnais.fr\/site\/2020\/02\/10\/lyon-2-4-salon-veggieworld\/","name":"LYON 2 | 4\u00b0 salon VeggieWorld - News Est Lyonnais","isPartOf":{"@id":"https:\/\/newsestlyonnais.fr\/site\/#website"},"primaryImageOfPage":{"@id":"https:\/\/newsestlyonnais.fr\/site\/2020\/02\/10\/lyon-2-4-salon-veggieworld\/#primaryimage"},"image":{"@id":"https:\/\/newsestlyonnais.fr\/site\/2020\/02\/10\/lyon-2-4-salon-veggieworld\/#primaryimage"},"thumbnailUrl":"https:\/\/newsestlyonnais.fr\/site\/wp-content\/uploads\/2020\/02\/82464888_2704582999635975_2546674804891582464_n.jpg","datePublished":"2020-02-10T15:12:11+00:00","dateModified":"2020-05-16T17:35:17+00:00","description":"LYON 2 | 4\u00b0 salon VeggieWorld","breadcrumb":{"@id":"https:\/\/newsestlyonnais.fr\/site\/2020\/02\/10\/lyon-2-4-salon-veggieworld\/#breadcrumb"},"inLanguage":"fr-FR","potentialAction":[{"@type":"ReadAction","target":["https:\/\/newsestlyonnais.fr\/site\/2020\/02\/10\/lyon-2-4-salon-veggieworld\/"]}]},{"@type":"ImageObject","inLanguage":"fr-FR","@id":"https:\/\/newsestlyonnais.fr\/site\/2020\/02\/10\/lyon-2-4-salon-veggieworld\/#primaryimage","url":"https:\/\/newsestlyonnais.fr\/site\/wp-content\/uploads\/2020\/02\/82464888_2704582999635975_2546674804891582464_n.jpg","contentUrl":"https:\/\/newsestlyonnais.fr\/site\/wp-content\/uploads\/2020\/02\/82464888_2704582999635975_2546674804891582464_n.jpg","width":800,"height":450},{"@type":"BreadcrumbList","@id":"https:\/\/newsestlyonnais.fr\/site\/2020\/02\/10\/lyon-2-4-salon-veggieworld\/#breadcrumb","itemListElement":[{"@type":"ListItem","position":1,"name":"Accueil","item":"https:\/\/newsestlyonnais.fr\/site\/"},{"@type":"ListItem","position":2,"name":"LYON 2 | 4\u00b0 salon VeggieWorld"}]},{"@type":"WebSite","@id":"https:\/\/newsestlyonnais.fr\/site\/#website","url":"https:\/\/newsestlyonnais.fr\/site\/","name":"News Est Lyonnais","description":"L&#039;actualit\u00e9 au plus pr\u00e8s","publisher":{"@id":"https:\/\/newsestlyonnais.fr\/site\/#organization"},"potentialAction":[{"@type":"SearchAction","target":{"@type":"EntryPoint","urlTemplate":"https:\/\/newsestlyonnais.fr\/site\/?s={search_term_string}"},"query-input":{"@type":"PropertyValueSpecification","valueRequired":true,"valueName":"search_term_string"}}],"inLanguage":"fr-FR"},{"@type":"Organization","@id":"https:\/\/newsestlyonnais.fr\/site\/#organization","name":"News EST LYONNAIS","url":"https:\/\/newsestlyonnais.fr\/site\/","logo":{"@type":"ImageObject","inLanguage":"fr-FR","@id":"https:\/\/newsestlyonnais.fr\/site\/#\/schema\/logo\/image\/","url":"","contentUrl":"","caption":"News EST LYONNAIS"},"image":{"@id":"https:\/\/newsestlyonnais.fr\/site\/#\/schema\/logo\/image\/"}},{"@type":"Person","@id":"https:\/\/newsestlyonnais.fr\/site\/#\/schema\/person\/3230d5615f390bb808365d673001e887","name":"R\u00e9dac. NEWS","sameAs":["http:\/\/www.newsestlyonnais.fr","https:\/\/www.facebook.com\/pascal.oberson.1?fref=ts","https:\/\/fr.linkedin.com\/in\/pascal-oberson-b17045113"],"url":"https:\/\/newsestlyonnais.fr\/site\/author\/nel\/"}]}},"_links":{"self":[{"href":"https:\/\/newsestlyonnais.fr\/site\/wp-json\/wp\/v2\/posts\/95226","targetHints":{"allow":["GET"]}}],"collection":[{"href":"https:\/\/newsestlyonnais.fr\/site\/wp-json\/wp\/v2\/posts"}],"about":[{"href":"https:\/\/newsestlyonnais.fr\/site\/wp-json\/wp\/v2\/types\/post"}],"author":[{"embeddable":true,"href":"https:\/\/newsestlyonnais.fr\/site\/wp-json\/wp\/v2\/users\/4"}],"replies":[{"embeddable":true,"href":"https:\/\/newsestlyonnais.fr\/site\/wp-json\/wp\/v2\/comments?post=95226"}],"version-history":[{"count":0,"href":"https:\/\/newsestlyonnais.fr\/site\/wp-json\/wp\/v2\/posts\/95226\/revisions"}],"wp:featuredmedia":[{"embeddable":true,"href":"https:\/\/newsestlyonnais.fr\/site\/wp-json\/wp\/v2\/media\/95225"}],"wp:attachment":[{"href":"https:\/\/newsestlyonnais.fr\/site\/wp-json\/wp\/v2\/media?parent=95226"}],"wp:term":[{"taxonomy":"category","embeddable":true,"href":"https:\/\/newsestlyonnais.fr\/site\/wp-json\/wp\/v2\/categories?post=95226"},{"taxonomy":"post_tag","embeddable":true,"href":"https:\/\/newsestlyonnais.fr\/site\/wp-json\/wp\/v2\/tags?post=95226"}],"curies":[{"name":"wp","href":"https:\/\/api.w.org\/{rel}","templated":true}]}}