{"id":95347,"date":"2020-02-12T09:02:10","date_gmt":"2020-02-12T08:02:10","guid":{"rendered":"http:\/\/newsestlyonnais.fr\/site\/?p=95347"},"modified":"2020-02-14T15:59:49","modified_gmt":"2020-02-14T14:59:49","slug":"meyzieu-stage-de-clown-avec-les-desaxes","status":"publish","type":"post","link":"https:\/\/newsestlyonnais.fr\/site\/2020\/02\/12\/meyzieu-stage-de-clown-avec-les-desaxes\/","title":{"rendered":"MEYZIEU | Stage de clown avec \u00a0\u00bb Les D\u00e9sax\u00e9s \u00ab\u00a0"},"content":{"rendered":"<p>Il s&rsquo;ag\u00eet par la pratique de l&rsquo;art th\u00e9\u00e2tral et plus particuli\u00e8rement de l&rsquo;improvisation, de partir \u00e0 la rencontre de soi pour mieux rencontrer l&rsquo;autre,\u00a0les autres,\u00a0le public, de consid\u00e9rer l&rsquo;aire de jeu, au fur et \u00e0 mesure du travail comme un espace o\u00f9 libert\u00e9, simplicit\u00e9 et g\u00e9n\u00e9rosit\u00e9 peuvent s&rsquo;exprimer. Le clown est en chacun de nous comme un compagnon, un fr\u00e8re, un autre qui serait nous, un double si diff\u00e9rent qu&rsquo;il nous demande beaucoup de patiente, d&rsquo;\u00e9coute, d&rsquo;humilit\u00e9 et d&rsquo;exigence pour accepter de s&rsquo;incarner. Il est touchant, fragile, puissant et dr\u00f4le tellement il est humain.<\/p>\n<p>La compagnie propose de vous accompagner, gr\u00e2ce \u00e0 l&rsquo;improvisation dans la belle aventure de la rencontre avec votre clown.<\/p>\n<p><strong>Stage de Clown \/ 14 &amp; 15 Mars 2020 de 10 H \u00e0 13 H &amp; de 14 h \u00e0 17 h. \/ <\/strong>12 av. Lucien Buisson \u00e0 Meyzieu<br \/>\n<strong>Intervenant :<\/strong> Jean-Luc Bosc<br \/>\n<strong>Tarif : 100 \u20ac<\/strong><\/p>\n<p>Renseignements et inscription avant le 10 mars dans la limite des places disponibles <a href=\"mailto:contact@desaxestheatre.fr\"><strong>contact@desaxestheatre.fr<\/strong><\/a><strong> ou 04.78.04.20.62.<\/strong><\/p>\n<ul>\n<li><strong><em>Retrouvez l&rsquo;ACTU de la Compagnie sur :\u00a0<a href=\"http:\/\/www.desaxestheatre.com\">http:\/\/www.desaxestheatre.com<\/a> <\/em><\/strong><\/li>\n<\/ul>\n","protected":false},"excerpt":{"rendered":"<p>La compagnie Les D\u00e9sax\u00e9s Th\u00e9\u00e2tre accueille Jean-Luc Bosc et la compagnie \u00a0\u00bb Le voyageur Debout \u00a0\u00bb pour un stage d\u00e9couverte du clown.<\/p>\n","protected":false},"author":4,"featured_media":95349,"comment_status":"open","ping_status":"open","sticky":false,"template":"","format":"standard","meta":{"footnotes":""},"categories":[30,221,24],"tags":[],"class_list":["post-95347","post","type-post","status-publish","format-standard","has-post-thumbnail","hentry","category-a-la-une","category-cine-radio-theatre","category-meyzieu"],"yoast_head":"<!-- This site is optimized with the Yoast SEO plugin v27.2 - https:\/\/yoast.com\/product\/yoast-seo-wordpress\/ -->\n<title>MEYZIEU | Stage de clown avec &quot; Les D\u00e9sax\u00e9s &quot; - News Est Lyonnais<\/title>\n<meta name=\"description\" content=\"MEYZIEU | Stage de clown avec &quot; Les D\u00e9sax\u00e9s &quot;\" \/>\n<meta name=\"robots\" content=\"index, follow, max-snippet:-1, max-image-preview:large, max-video-preview:-1\" \/>\n<link rel=\"canonical\" href=\"https:\/\/newsestlyonnais.fr\/site\/2020\/02\/12\/meyzieu-stage-de-clown-avec-les-desaxes\/\" \/>\n<meta property=\"og:locale\" content=\"fr_FR\" \/>\n<meta property=\"og:type\" content=\"article\" \/>\n<meta property=\"og:title\" content=\"MEYZIEU | Stage de clown avec &quot; Les D\u00e9sax\u00e9s &quot; - News Est Lyonnais\" \/>\n<meta property=\"og:description\" content=\"MEYZIEU | Stage de clown avec &quot; Les D\u00e9sax\u00e9s &quot;\" \/>\n<meta property=\"og:url\" content=\"https:\/\/newsestlyonnais.fr\/site\/2020\/02\/12\/meyzieu-stage-de-clown-avec-les-desaxes\/\" \/>\n<meta property=\"og:site_name\" content=\"News Est Lyonnais\" \/>\n<meta property=\"article:author\" content=\"https:\/\/www.facebook.com\/pascal.oberson.1?fref=ts\" \/>\n<meta property=\"article:published_time\" content=\"2020-02-12T08:02:10+00:00\" \/>\n<meta property=\"article:modified_time\" content=\"2020-02-14T14:59:49+00:00\" \/>\n<meta property=\"og:image\" content=\"https:\/\/i0.wp.com\/newsestlyonnais.fr\/site\/wp-content\/uploads\/2020\/02\/NEWSESTLYONNAIS-DESAXES.jpg?fit=1200%2C800&ssl=1\" \/>\n\t<meta property=\"og:image:width\" content=\"1200\" \/>\n\t<meta property=\"og:image:height\" content=\"800\" \/>\n\t<meta property=\"og:image:type\" content=\"image\/jpeg\" \/>\n<meta name=\"author\" content=\"R\u00e9dac. NEWS\" \/>\n<meta name=\"twitter:card\" content=\"summary_large_image\" \/>\n<meta name=\"twitter:label1\" content=\"\u00c9crit par\" \/>\n\t<meta name=\"twitter:data1\" content=\"R\u00e9dac. NEWS\" \/>\n\t<meta name=\"twitter:label2\" content=\"Dur\u00e9e de lecture estim\u00e9e\" \/>\n\t<meta name=\"twitter:data2\" content=\"1 minute\" \/>\n<script type=\"application\/ld+json\" class=\"yoast-schema-graph\">{\"@context\":\"https:\/\/schema.org\",\"@graph\":[{\"@type\":\"Article\",\"@id\":\"https:\/\/newsestlyonnais.fr\/site\/2020\/02\/12\/meyzieu-stage-de-clown-avec-les-desaxes\/#article\",\"isPartOf\":{\"@id\":\"https:\/\/newsestlyonnais.fr\/site\/2020\/02\/12\/meyzieu-stage-de-clown-avec-les-desaxes\/\"},\"author\":{\"name\":\"R\u00e9dac. NEWS\",\"@id\":\"https:\/\/newsestlyonnais.fr\/site\/#\/schema\/person\/3230d5615f390bb808365d673001e887\"},\"headline\":\"MEYZIEU | Stage de clown avec \u00a0\u00bb Les D\u00e9sax\u00e9s \u00ab\u00a0\",\"datePublished\":\"2020-02-12T08:02:10+00:00\",\"dateModified\":\"2020-02-14T14:59:49+00:00\",\"mainEntityOfPage\":{\"@id\":\"https:\/\/newsestlyonnais.fr\/site\/2020\/02\/12\/meyzieu-stage-de-clown-avec-les-desaxes\/\"},\"wordCount\":190,\"commentCount\":0,\"publisher\":{\"@id\":\"https:\/\/newsestlyonnais.fr\/site\/#organization\"},\"image\":{\"@id\":\"https:\/\/newsestlyonnais.fr\/site\/2020\/02\/12\/meyzieu-stage-de-clown-avec-les-desaxes\/#primaryimage\"},\"thumbnailUrl\":\"https:\/\/newsestlyonnais.fr\/site\/wp-content\/uploads\/2020\/02\/NEWSESTLYONNAIS-DESAXES.jpg\",\"articleSection\":[\"\u00e0 la une\",\"Cin\u00e9 | Radio | Th\u00e9\u00e2tre\",\"Meyzieu\"],\"inLanguage\":\"fr-FR\",\"potentialAction\":[{\"@type\":\"CommentAction\",\"name\":\"Comment\",\"target\":[\"https:\/\/newsestlyonnais.fr\/site\/2020\/02\/12\/meyzieu-stage-de-clown-avec-les-desaxes\/#respond\"]}]},{\"@type\":\"WebPage\",\"@id\":\"https:\/\/newsestlyonnais.fr\/site\/2020\/02\/12\/meyzieu-stage-de-clown-avec-les-desaxes\/\",\"url\":\"https:\/\/newsestlyonnais.fr\/site\/2020\/02\/12\/meyzieu-stage-de-clown-avec-les-desaxes\/\",\"name\":\"MEYZIEU | Stage de clown avec \\\" Les D\u00e9sax\u00e9s \\\" - News Est Lyonnais\",\"isPartOf\":{\"@id\":\"https:\/\/newsestlyonnais.fr\/site\/#website\"},\"primaryImageOfPage\":{\"@id\":\"https:\/\/newsestlyonnais.fr\/site\/2020\/02\/12\/meyzieu-stage-de-clown-avec-les-desaxes\/#primaryimage\"},\"image\":{\"@id\":\"https:\/\/newsestlyonnais.fr\/site\/2020\/02\/12\/meyzieu-stage-de-clown-avec-les-desaxes\/#primaryimage\"},\"thumbnailUrl\":\"https:\/\/newsestlyonnais.fr\/site\/wp-content\/uploads\/2020\/02\/NEWSESTLYONNAIS-DESAXES.jpg\",\"datePublished\":\"2020-02-12T08:02:10+00:00\",\"dateModified\":\"2020-02-14T14:59:49+00:00\",\"description\":\"MEYZIEU | Stage de clown avec \\\" Les D\u00e9sax\u00e9s \\\"\",\"breadcrumb\":{\"@id\":\"https:\/\/newsestlyonnais.fr\/site\/2020\/02\/12\/meyzieu-stage-de-clown-avec-les-desaxes\/#breadcrumb\"},\"inLanguage\":\"fr-FR\",\"potentialAction\":[{\"@type\":\"ReadAction\",\"target\":[\"https:\/\/newsestlyonnais.fr\/site\/2020\/02\/12\/meyzieu-stage-de-clown-avec-les-desaxes\/\"]}]},{\"@type\":\"ImageObject\",\"inLanguage\":\"fr-FR\",\"@id\":\"https:\/\/newsestlyonnais.fr\/site\/2020\/02\/12\/meyzieu-stage-de-clown-avec-les-desaxes\/#primaryimage\",\"url\":\"https:\/\/newsestlyonnais.fr\/site\/wp-content\/uploads\/2020\/02\/NEWSESTLYONNAIS-DESAXES.jpg\",\"contentUrl\":\"https:\/\/newsestlyonnais.fr\/site\/wp-content\/uploads\/2020\/02\/NEWSESTLYONNAIS-DESAXES.jpg\",\"width\":1200,\"height\":800},{\"@type\":\"BreadcrumbList\",\"@id\":\"https:\/\/newsestlyonnais.fr\/site\/2020\/02\/12\/meyzieu-stage-de-clown-avec-les-desaxes\/#breadcrumb\",\"itemListElement\":[{\"@type\":\"ListItem\",\"position\":1,\"name\":\"Accueil\",\"item\":\"https:\/\/newsestlyonnais.fr\/site\/\"},{\"@type\":\"ListItem\",\"position\":2,\"name\":\"MEYZIEU | Stage de clown avec \u00a0\u00bb Les D\u00e9sax\u00e9s \u00ab\u00a0\"}]},{\"@type\":\"WebSite\",\"@id\":\"https:\/\/newsestlyonnais.fr\/site\/#website\",\"url\":\"https:\/\/newsestlyonnais.fr\/site\/\",\"name\":\"News Est Lyonnais\",\"description\":\"L&#039;actualit\u00e9 au plus pr\u00e8s\",\"publisher\":{\"@id\":\"https:\/\/newsestlyonnais.fr\/site\/#organization\"},\"potentialAction\":[{\"@type\":\"SearchAction\",\"target\":{\"@type\":\"EntryPoint\",\"urlTemplate\":\"https:\/\/newsestlyonnais.fr\/site\/?s={search_term_string}\"},\"query-input\":{\"@type\":\"PropertyValueSpecification\",\"valueRequired\":true,\"valueName\":\"search_term_string\"}}],\"inLanguage\":\"fr-FR\"},{\"@type\":\"Organization\",\"@id\":\"https:\/\/newsestlyonnais.fr\/site\/#organization\",\"name\":\"News EST LYONNAIS\",\"url\":\"https:\/\/newsestlyonnais.fr\/site\/\",\"logo\":{\"@type\":\"ImageObject\",\"inLanguage\":\"fr-FR\",\"@id\":\"https:\/\/newsestlyonnais.fr\/site\/#\/schema\/logo\/image\/\",\"url\":\"\",\"contentUrl\":\"\",\"caption\":\"News EST LYONNAIS\"},\"image\":{\"@id\":\"https:\/\/newsestlyonnais.fr\/site\/#\/schema\/logo\/image\/\"}},{\"@type\":\"Person\",\"@id\":\"https:\/\/newsestlyonnais.fr\/site\/#\/schema\/person\/3230d5615f390bb808365d673001e887\",\"name\":\"R\u00e9dac. NEWS\",\"sameAs\":[\"http:\/\/www.newsestlyonnais.fr\",\"https:\/\/www.facebook.com\/pascal.oberson.1?fref=ts\",\"https:\/\/fr.linkedin.com\/in\/pascal-oberson-b17045113\"],\"url\":\"https:\/\/newsestlyonnais.fr\/site\/author\/nel\/\"}]}<\/script>\n<!-- \/ Yoast SEO plugin. -->","yoast_head_json":{"title":"MEYZIEU | Stage de clown avec \" Les D\u00e9sax\u00e9s \" - News Est Lyonnais","description":"MEYZIEU | Stage de clown avec \" Les D\u00e9sax\u00e9s \"","robots":{"index":"index","follow":"follow","max-snippet":"max-snippet:-1","max-image-preview":"max-image-preview:large","max-video-preview":"max-video-preview:-1"},"canonical":"https:\/\/newsestlyonnais.fr\/site\/2020\/02\/12\/meyzieu-stage-de-clown-avec-les-desaxes\/","og_locale":"fr_FR","og_type":"article","og_title":"MEYZIEU | Stage de clown avec \" Les D\u00e9sax\u00e9s \" - News Est Lyonnais","og_description":"MEYZIEU | Stage de clown avec \" Les D\u00e9sax\u00e9s \"","og_url":"https:\/\/newsestlyonnais.fr\/site\/2020\/02\/12\/meyzieu-stage-de-clown-avec-les-desaxes\/","og_site_name":"News Est Lyonnais","article_author":"https:\/\/www.facebook.com\/pascal.oberson.1?fref=ts","article_published_time":"2020-02-12T08:02:10+00:00","article_modified_time":"2020-02-14T14:59:49+00:00","og_image":[{"width":1200,"height":800,"url":"https:\/\/i0.wp.com\/newsestlyonnais.fr\/site\/wp-content\/uploads\/2020\/02\/NEWSESTLYONNAIS-DESAXES.jpg?fit=1200%2C800&ssl=1","type":"image\/jpeg"}],"author":"R\u00e9dac. NEWS","twitter_card":"summary_large_image","twitter_misc":{"\u00c9crit par":"R\u00e9dac. NEWS","Dur\u00e9e de lecture estim\u00e9e":"1 minute"},"schema":{"@context":"https:\/\/schema.org","@graph":[{"@type":"Article","@id":"https:\/\/newsestlyonnais.fr\/site\/2020\/02\/12\/meyzieu-stage-de-clown-avec-les-desaxes\/#article","isPartOf":{"@id":"https:\/\/newsestlyonnais.fr\/site\/2020\/02\/12\/meyzieu-stage-de-clown-avec-les-desaxes\/"},"author":{"name":"R\u00e9dac. NEWS","@id":"https:\/\/newsestlyonnais.fr\/site\/#\/schema\/person\/3230d5615f390bb808365d673001e887"},"headline":"MEYZIEU | Stage de clown avec \u00a0\u00bb Les D\u00e9sax\u00e9s \u00ab\u00a0","datePublished":"2020-02-12T08:02:10+00:00","dateModified":"2020-02-14T14:59:49+00:00","mainEntityOfPage":{"@id":"https:\/\/newsestlyonnais.fr\/site\/2020\/02\/12\/meyzieu-stage-de-clown-avec-les-desaxes\/"},"wordCount":190,"commentCount":0,"publisher":{"@id":"https:\/\/newsestlyonnais.fr\/site\/#organization"},"image":{"@id":"https:\/\/newsestlyonnais.fr\/site\/2020\/02\/12\/meyzieu-stage-de-clown-avec-les-desaxes\/#primaryimage"},"thumbnailUrl":"https:\/\/newsestlyonnais.fr\/site\/wp-content\/uploads\/2020\/02\/NEWSESTLYONNAIS-DESAXES.jpg","articleSection":["\u00e0 la une","Cin\u00e9 | Radio | Th\u00e9\u00e2tre","Meyzieu"],"inLanguage":"fr-FR","potentialAction":[{"@type":"CommentAction","name":"Comment","target":["https:\/\/newsestlyonnais.fr\/site\/2020\/02\/12\/meyzieu-stage-de-clown-avec-les-desaxes\/#respond"]}]},{"@type":"WebPage","@id":"https:\/\/newsestlyonnais.fr\/site\/2020\/02\/12\/meyzieu-stage-de-clown-avec-les-desaxes\/","url":"https:\/\/newsestlyonnais.fr\/site\/2020\/02\/12\/meyzieu-stage-de-clown-avec-les-desaxes\/","name":"MEYZIEU | Stage de clown avec \" Les D\u00e9sax\u00e9s \" - News Est Lyonnais","isPartOf":{"@id":"https:\/\/newsestlyonnais.fr\/site\/#website"},"primaryImageOfPage":{"@id":"https:\/\/newsestlyonnais.fr\/site\/2020\/02\/12\/meyzieu-stage-de-clown-avec-les-desaxes\/#primaryimage"},"image":{"@id":"https:\/\/newsestlyonnais.fr\/site\/2020\/02\/12\/meyzieu-stage-de-clown-avec-les-desaxes\/#primaryimage"},"thumbnailUrl":"https:\/\/newsestlyonnais.fr\/site\/wp-content\/uploads\/2020\/02\/NEWSESTLYONNAIS-DESAXES.jpg","datePublished":"2020-02-12T08:02:10+00:00","dateModified":"2020-02-14T14:59:49+00:00","description":"MEYZIEU | Stage de clown avec \" Les D\u00e9sax\u00e9s \"","breadcrumb":{"@id":"https:\/\/newsestlyonnais.fr\/site\/2020\/02\/12\/meyzieu-stage-de-clown-avec-les-desaxes\/#breadcrumb"},"inLanguage":"fr-FR","potentialAction":[{"@type":"ReadAction","target":["https:\/\/newsestlyonnais.fr\/site\/2020\/02\/12\/meyzieu-stage-de-clown-avec-les-desaxes\/"]}]},{"@type":"ImageObject","inLanguage":"fr-FR","@id":"https:\/\/newsestlyonnais.fr\/site\/2020\/02\/12\/meyzieu-stage-de-clown-avec-les-desaxes\/#primaryimage","url":"https:\/\/newsestlyonnais.fr\/site\/wp-content\/uploads\/2020\/02\/NEWSESTLYONNAIS-DESAXES.jpg","contentUrl":"https:\/\/newsestlyonnais.fr\/site\/wp-content\/uploads\/2020\/02\/NEWSESTLYONNAIS-DESAXES.jpg","width":1200,"height":800},{"@type":"BreadcrumbList","@id":"https:\/\/newsestlyonnais.fr\/site\/2020\/02\/12\/meyzieu-stage-de-clown-avec-les-desaxes\/#breadcrumb","itemListElement":[{"@type":"ListItem","position":1,"name":"Accueil","item":"https:\/\/newsestlyonnais.fr\/site\/"},{"@type":"ListItem","position":2,"name":"MEYZIEU | Stage de clown avec \u00a0\u00bb Les D\u00e9sax\u00e9s \u00ab\u00a0"}]},{"@type":"WebSite","@id":"https:\/\/newsestlyonnais.fr\/site\/#website","url":"https:\/\/newsestlyonnais.fr\/site\/","name":"News Est Lyonnais","description":"L&#039;actualit\u00e9 au plus pr\u00e8s","publisher":{"@id":"https:\/\/newsestlyonnais.fr\/site\/#organization"},"potentialAction":[{"@type":"SearchAction","target":{"@type":"EntryPoint","urlTemplate":"https:\/\/newsestlyonnais.fr\/site\/?s={search_term_string}"},"query-input":{"@type":"PropertyValueSpecification","valueRequired":true,"valueName":"search_term_string"}}],"inLanguage":"fr-FR"},{"@type":"Organization","@id":"https:\/\/newsestlyonnais.fr\/site\/#organization","name":"News EST LYONNAIS","url":"https:\/\/newsestlyonnais.fr\/site\/","logo":{"@type":"ImageObject","inLanguage":"fr-FR","@id":"https:\/\/newsestlyonnais.fr\/site\/#\/schema\/logo\/image\/","url":"","contentUrl":"","caption":"News EST LYONNAIS"},"image":{"@id":"https:\/\/newsestlyonnais.fr\/site\/#\/schema\/logo\/image\/"}},{"@type":"Person","@id":"https:\/\/newsestlyonnais.fr\/site\/#\/schema\/person\/3230d5615f390bb808365d673001e887","name":"R\u00e9dac. NEWS","sameAs":["http:\/\/www.newsestlyonnais.fr","https:\/\/www.facebook.com\/pascal.oberson.1?fref=ts","https:\/\/fr.linkedin.com\/in\/pascal-oberson-b17045113"],"url":"https:\/\/newsestlyonnais.fr\/site\/author\/nel\/"}]}},"_links":{"self":[{"href":"https:\/\/newsestlyonnais.fr\/site\/wp-json\/wp\/v2\/posts\/95347","targetHints":{"allow":["GET"]}}],"collection":[{"href":"https:\/\/newsestlyonnais.fr\/site\/wp-json\/wp\/v2\/posts"}],"about":[{"href":"https:\/\/newsestlyonnais.fr\/site\/wp-json\/wp\/v2\/types\/post"}],"author":[{"embeddable":true,"href":"https:\/\/newsestlyonnais.fr\/site\/wp-json\/wp\/v2\/users\/4"}],"replies":[{"embeddable":true,"href":"https:\/\/newsestlyonnais.fr\/site\/wp-json\/wp\/v2\/comments?post=95347"}],"version-history":[{"count":0,"href":"https:\/\/newsestlyonnais.fr\/site\/wp-json\/wp\/v2\/posts\/95347\/revisions"}],"wp:featuredmedia":[{"embeddable":true,"href":"https:\/\/newsestlyonnais.fr\/site\/wp-json\/wp\/v2\/media\/95349"}],"wp:attachment":[{"href":"https:\/\/newsestlyonnais.fr\/site\/wp-json\/wp\/v2\/media?parent=95347"}],"wp:term":[{"taxonomy":"category","embeddable":true,"href":"https:\/\/newsestlyonnais.fr\/site\/wp-json\/wp\/v2\/categories?post=95347"},{"taxonomy":"post_tag","embeddable":true,"href":"https:\/\/newsestlyonnais.fr\/site\/wp-json\/wp\/v2\/tags?post=95347"}],"curies":[{"name":"wp","href":"https:\/\/api.w.org\/{rel}","templated":true}]}}