{"id":95368,"date":"2020-02-13T09:05:59","date_gmt":"2020-02-13T08:05:59","guid":{"rendered":"http:\/\/newsestlyonnais.fr\/site\/?p=95368"},"modified":"2020-03-27T18:03:01","modified_gmt":"2020-03-27T17:03:01","slug":"bron-lyon-les-volleyeurs-m17-continuent-en-coupe-de-france","status":"publish","type":"post","link":"https:\/\/newsestlyonnais.fr\/site\/2020\/02\/13\/bron-lyon-les-volleyeurs-m17-continuent-en-coupe-de-france\/","title":{"rendered":"BRON-LYON | Les volleyeurs M17 continuent en coupe de France"},"content":{"rendered":"<div>\n<p>\u00bb Chez les jeunes, et comme dans de nombreux sports collectifs, la Coupe de France est une comp\u00e9tition qui les fait r\u00eaver. Si 124 \u00e9quipes \u00e9taient inscrites dans cet \u00e9liminatoire, les jeunes du <strong>Volley Bron Lyon Lumi\u00e8re <\/strong>souhaitaient au terme de ce 5\u00b0 tour rester parmi les 18 derni\u00e8res.<\/p>\n<p>Ainsi, pour les gar\u00e7ons (moins de 17 ans), les tours successifs de cette comp\u00e9tition sont autant d\u2019\u00e9v\u00e9nements cl\u00e9s pour leur saison. Deux mots r\u00e9sument parfaitement cette journ\u00e9e de dimanche : \u00ab ambition \u00bb et \u00ab ambiance \u00bb.<\/p>\n<p>Il fallait de l\u2019ambition pour recevoir et <strong>battre 2 sets \u00e0 1 nos amis d\u2019Illzach Modenheim<\/strong>, crois\u00e9s chaque ann\u00e9e depuis 5 saisons dans diff\u00e9rentes cat\u00e9gories jeunes jusqu\u2019\u00e0 ce que des liens d\u2019amiti\u00e9 soient tiss\u00e9s entre joueurs. Ce collectif tr\u00e8s solide en d\u00e9fense, a su prendre un set en faisant douter nos jeunes joueurs et les pousser au tie-break n\u00e9anmoins remport\u00e9.<\/p>\n<p>Mais malgr\u00e9 cette victoire la volont\u00e9 de <strong>vaincre l\u2019AS Cannes 2 sets \u00e0 0<\/strong> en \u00e9tant men\u00e9s dans chaque set (14\/20 &amp; 17\/20) d\u00e9montrait toute l\u2019ambition collective \u00e9tay\u00e9e par le discours du coach Fabien. De l\u2019ambiance, il y en a eu avec 150 spectateurs claquant, hurlant, chantant, quasiment tous derri\u00e8re VBALL, y compris les alsaciens qui ne nous accompagnerons malheureusement pas au 6\u00b0 tour. Cette ambiance a \u00e9t\u00e9 galvanis\u00e9e par l\u2019intensit\u00e9 des rencontres, du suspense au sein de chaque match et des renversements de sets que nos joueurs rhodaniens ont su orchestrer.<\/p>\n<p>La mascotte de l\u2019UNICEF, partenaire de VBALL, ainsi que leurs \u00e9tudiants b\u00e9n\u00e9voles, ont \u00e9galement su animer le public. L\u2019 ambition est encore pr\u00e9sente dans l\u2019attente du tirage au sort du prochain tour du dimanche 8 mars, en esp\u00e9rant atteindre le Top 12 final \u00e0 Besan\u00e7on le premier week-end de juin ! \u00a0\u00bb <strong>indique David Matile, membre du CA du club.<\/strong><\/p>\n<p>________________________________________________________________________________<\/p>\n<p>Une belle performance sportive mais aussi un beau geste solidaire puisqu\u2019<strong>une collecte de fonds pour l\u2019Unicef<\/strong> a eu lieu sur place \u00e0 l\u2019occasion de ces rencontres. \u00a0\u00bb Caf\u00e9 chaud contre contribution libre pour l\u2019achat de vaccins, les b\u00e9n\u00e9voles de l\u2019<span style=\"color: #0000ff\">Unicef Rh\u00f4ne<\/span> \u00e9taient pr\u00e9sents toute la journ\u00e9e. Nous avons collect\u00e9 la somme de 110 \u20ac, ce qui est une belle somme par rapport aux op\u00e9rations similaires de 2019 \u00a0\u00bb <strong>confie Anne-Marie Aubert, co-pr\u00e9sidente du Vball.<\/strong><\/p>\n<p>________________________________________________________________________________<\/p>\n<ul>\n<li><em><strong>Toute l&rsquo;ACTU du club est sur : <a href=\"https:\/\/www.vball-leclub.org\">https:\/\/www.vball-leclub.org<\/a><\/strong><\/em><\/li>\n<\/ul>\n<\/div>\n<div><\/div>\n<div>\n<div id='gallery-1' class='gallery galleryid-95368 gallery-columns-3 gallery-size-thumbnail'><figure class='gallery-item'>\n\t\t\t<div class='gallery-icon landscape'>\n\t\t\t\t<a href='https:\/\/newsestlyonnais.fr\/site\/newsestlyonnais-coupe-france-volley\/'><img loading=\"lazy\" decoding=\"async\" width=\"150\" height=\"85\" src=\"https:\/\/newsestlyonnais.fr\/site\/wp-content\/uploads\/2020\/02\/NEWSESTLYONNAIS-COUPE-FRANCE-VOLLEY-250x141.jpg\" class=\"attachment-thumbnail size-thumbnail\" alt=\"\" srcset=\"https:\/\/newsestlyonnais.fr\/site\/wp-content\/uploads\/2020\/02\/NEWSESTLYONNAIS-COUPE-FRANCE-VOLLEY-250x141.jpg 250w, https:\/\/newsestlyonnais.fr\/site\/wp-content\/uploads\/2020\/02\/NEWSESTLYONNAIS-COUPE-FRANCE-VOLLEY-400x225.jpg 400w, https:\/\/newsestlyonnais.fr\/site\/wp-content\/uploads\/2020\/02\/NEWSESTLYONNAIS-COUPE-FRANCE-VOLLEY-650x366.jpg 650w, https:\/\/newsestlyonnais.fr\/site\/wp-content\/uploads\/2020\/02\/NEWSESTLYONNAIS-COUPE-FRANCE-VOLLEY-768x432.jpg 768w, https:\/\/newsestlyonnais.fr\/site\/wp-content\/uploads\/2020\/02\/NEWSESTLYONNAIS-COUPE-FRANCE-VOLLEY-150x84.jpg 150w, https:\/\/newsestlyonnais.fr\/site\/wp-content\/uploads\/2020\/02\/NEWSESTLYONNAIS-COUPE-FRANCE-VOLLEY-50x28.jpg 50w, https:\/\/newsestlyonnais.fr\/site\/wp-content\/uploads\/2020\/02\/NEWSESTLYONNAIS-COUPE-FRANCE-VOLLEY-100x56.jpg 100w, https:\/\/newsestlyonnais.fr\/site\/wp-content\/uploads\/2020\/02\/NEWSESTLYONNAIS-COUPE-FRANCE-VOLLEY-200x113.jpg 200w, https:\/\/newsestlyonnais.fr\/site\/wp-content\/uploads\/2020\/02\/NEWSESTLYONNAIS-COUPE-FRANCE-VOLLEY-300x169.jpg 300w, https:\/\/newsestlyonnais.fr\/site\/wp-content\/uploads\/2020\/02\/NEWSESTLYONNAIS-COUPE-FRANCE-VOLLEY-350x197.jpg 350w, https:\/\/newsestlyonnais.fr\/site\/wp-content\/uploads\/2020\/02\/NEWSESTLYONNAIS-COUPE-FRANCE-VOLLEY-450x253.jpg 450w, https:\/\/newsestlyonnais.fr\/site\/wp-content\/uploads\/2020\/02\/NEWSESTLYONNAIS-COUPE-FRANCE-VOLLEY-500x281.jpg 500w, https:\/\/newsestlyonnais.fr\/site\/wp-content\/uploads\/2020\/02\/NEWSESTLYONNAIS-COUPE-FRANCE-VOLLEY-550x309.jpg 550w, https:\/\/newsestlyonnais.fr\/site\/wp-content\/uploads\/2020\/02\/NEWSESTLYONNAIS-COUPE-FRANCE-VOLLEY-800x450.jpg 800w, https:\/\/newsestlyonnais.fr\/site\/wp-content\/uploads\/2020\/02\/NEWSESTLYONNAIS-COUPE-FRANCE-VOLLEY.jpg 960w\" sizes=\"auto, (max-width: 150px) 100vw, 150px\" \/><\/a>\n\t\t\t<\/div><\/figure><figure class='gallery-item'>\n\t\t\t<div class='gallery-icon landscape'>\n\t\t\t\t<a href='https:\/\/newsestlyonnais.fr\/site\/2020\/02\/13\/bron-lyon-les-volleyeurs-m17-continuent-en-coupe-de-france\/newsestlyonnais-vball-coupe-03\/'><img loading=\"lazy\" decoding=\"async\" width=\"150\" height=\"100\" src=\"https:\/\/newsestlyonnais.fr\/site\/wp-content\/uploads\/2020\/02\/NEWSESTLYONNAIS-VBALL-COUPE-03-250x167.jpg\" class=\"attachment-thumbnail size-thumbnail\" alt=\"\" srcset=\"https:\/\/newsestlyonnais.fr\/site\/wp-content\/uploads\/2020\/02\/NEWSESTLYONNAIS-VBALL-COUPE-03-250x167.jpg 250w, https:\/\/newsestlyonnais.fr\/site\/wp-content\/uploads\/2020\/02\/NEWSESTLYONNAIS-VBALL-COUPE-03-400x267.jpg 400w, https:\/\/newsestlyonnais.fr\/site\/wp-content\/uploads\/2020\/02\/NEWSESTLYONNAIS-VBALL-COUPE-03-650x433.jpg 650w, https:\/\/newsestlyonnais.fr\/site\/wp-content\/uploads\/2020\/02\/NEWSESTLYONNAIS-VBALL-COUPE-03-768x512.jpg 768w, https:\/\/newsestlyonnais.fr\/site\/wp-content\/uploads\/2020\/02\/NEWSESTLYONNAIS-VBALL-COUPE-03-150x100.jpg 150w, https:\/\/newsestlyonnais.fr\/site\/wp-content\/uploads\/2020\/02\/NEWSESTLYONNAIS-VBALL-COUPE-03-50x33.jpg 50w, https:\/\/newsestlyonnais.fr\/site\/wp-content\/uploads\/2020\/02\/NEWSESTLYONNAIS-VBALL-COUPE-03-100x67.jpg 100w, https:\/\/newsestlyonnais.fr\/site\/wp-content\/uploads\/2020\/02\/NEWSESTLYONNAIS-VBALL-COUPE-03-200x133.jpg 200w, https:\/\/newsestlyonnais.fr\/site\/wp-content\/uploads\/2020\/02\/NEWSESTLYONNAIS-VBALL-COUPE-03-300x200.jpg 300w, https:\/\/newsestlyonnais.fr\/site\/wp-content\/uploads\/2020\/02\/NEWSESTLYONNAIS-VBALL-COUPE-03-350x233.jpg 350w, https:\/\/newsestlyonnais.fr\/site\/wp-content\/uploads\/2020\/02\/NEWSESTLYONNAIS-VBALL-COUPE-03-450x300.jpg 450w, https:\/\/newsestlyonnais.fr\/site\/wp-content\/uploads\/2020\/02\/NEWSESTLYONNAIS-VBALL-COUPE-03-500x333.jpg 500w, https:\/\/newsestlyonnais.fr\/site\/wp-content\/uploads\/2020\/02\/NEWSESTLYONNAIS-VBALL-COUPE-03-550x367.jpg 550w, https:\/\/newsestlyonnais.fr\/site\/wp-content\/uploads\/2020\/02\/NEWSESTLYONNAIS-VBALL-COUPE-03-800x533.jpg 800w, https:\/\/newsestlyonnais.fr\/site\/wp-content\/uploads\/2020\/02\/NEWSESTLYONNAIS-VBALL-COUPE-03.jpg 1200w\" sizes=\"auto, (max-width: 150px) 100vw, 150px\" \/><\/a>\n\t\t\t<\/div><\/figure><figure class='gallery-item'>\n\t\t\t<div class='gallery-icon portrait'>\n\t\t\t\t<a href='https:\/\/newsestlyonnais.fr\/site\/2020\/02\/13\/bron-lyon-les-volleyeurs-m17-continuent-en-coupe-de-france\/newsestlyonnais-vball-coupe-02\/'><img loading=\"lazy\" decoding=\"async\" width=\"100\" height=\"150\" src=\"https:\/\/newsestlyonnais.fr\/site\/wp-content\/uploads\/2020\/02\/NEWSESTLYONNAIS-VBALL-COUPE-02-250x375.jpg\" class=\"attachment-thumbnail size-thumbnail\" alt=\"\" srcset=\"https:\/\/newsestlyonnais.fr\/site\/wp-content\/uploads\/2020\/02\/NEWSESTLYONNAIS-VBALL-COUPE-02-250x375.jpg 250w, https:\/\/newsestlyonnais.fr\/site\/wp-content\/uploads\/2020\/02\/NEWSESTLYONNAIS-VBALL-COUPE-02-400x600.jpg 400w, https:\/\/newsestlyonnais.fr\/site\/wp-content\/uploads\/2020\/02\/NEWSESTLYONNAIS-VBALL-COUPE-02-650x975.jpg 650w, https:\/\/newsestlyonnais.fr\/site\/wp-content\/uploads\/2020\/02\/NEWSESTLYONNAIS-VBALL-COUPE-02-768x1152.jpg 768w, https:\/\/newsestlyonnais.fr\/site\/wp-content\/uploads\/2020\/02\/NEWSESTLYONNAIS-VBALL-COUPE-02-150x225.jpg 150w, https:\/\/newsestlyonnais.fr\/site\/wp-content\/uploads\/2020\/02\/NEWSESTLYONNAIS-VBALL-COUPE-02-50x75.jpg 50w, https:\/\/newsestlyonnais.fr\/site\/wp-content\/uploads\/2020\/02\/NEWSESTLYONNAIS-VBALL-COUPE-02-100x150.jpg 100w, https:\/\/newsestlyonnais.fr\/site\/wp-content\/uploads\/2020\/02\/NEWSESTLYONNAIS-VBALL-COUPE-02-200x300.jpg 200w, https:\/\/newsestlyonnais.fr\/site\/wp-content\/uploads\/2020\/02\/NEWSESTLYONNAIS-VBALL-COUPE-02-300x450.jpg 300w, https:\/\/newsestlyonnais.fr\/site\/wp-content\/uploads\/2020\/02\/NEWSESTLYONNAIS-VBALL-COUPE-02-350x525.jpg 350w, https:\/\/newsestlyonnais.fr\/site\/wp-content\/uploads\/2020\/02\/NEWSESTLYONNAIS-VBALL-COUPE-02-450x675.jpg 450w, https:\/\/newsestlyonnais.fr\/site\/wp-content\/uploads\/2020\/02\/NEWSESTLYONNAIS-VBALL-COUPE-02-500x750.jpg 500w, https:\/\/newsestlyonnais.fr\/site\/wp-content\/uploads\/2020\/02\/NEWSESTLYONNAIS-VBALL-COUPE-02-550x825.jpg 550w, https:\/\/newsestlyonnais.fr\/site\/wp-content\/uploads\/2020\/02\/NEWSESTLYONNAIS-VBALL-COUPE-02.jpg 800w\" sizes=\"auto, (max-width: 100px) 100vw, 100px\" \/><\/a>\n\t\t\t<\/div><\/figure><figure class='gallery-item'>\n\t\t\t<div class='gallery-icon landscape'>\n\t\t\t\t<a href='https:\/\/newsestlyonnais.fr\/site\/2020\/02\/13\/bron-lyon-les-volleyeurs-m17-continuent-en-coupe-de-france\/newsestlyonnais-vball-coupe-04\/'><img loading=\"lazy\" decoding=\"async\" width=\"150\" height=\"134\" src=\"https:\/\/newsestlyonnais.fr\/site\/wp-content\/uploads\/2020\/02\/NEWSESTLYONNAIS-VBALL-COUPE-04-250x224.jpg\" class=\"attachment-thumbnail size-thumbnail\" alt=\"\" aria-describedby=\"gallery-1-95421\" srcset=\"https:\/\/newsestlyonnais.fr\/site\/wp-content\/uploads\/2020\/02\/NEWSESTLYONNAIS-VBALL-COUPE-04-250x224.jpg 250w, https:\/\/newsestlyonnais.fr\/site\/wp-content\/uploads\/2020\/02\/NEWSESTLYONNAIS-VBALL-COUPE-04-400x359.jpg 400w, https:\/\/newsestlyonnais.fr\/site\/wp-content\/uploads\/2020\/02\/NEWSESTLYONNAIS-VBALL-COUPE-04-650x583.jpg 650w, https:\/\/newsestlyonnais.fr\/site\/wp-content\/uploads\/2020\/02\/NEWSESTLYONNAIS-VBALL-COUPE-04-768x689.jpg 768w, https:\/\/newsestlyonnais.fr\/site\/wp-content\/uploads\/2020\/02\/NEWSESTLYONNAIS-VBALL-COUPE-04-150x135.jpg 150w, https:\/\/newsestlyonnais.fr\/site\/wp-content\/uploads\/2020\/02\/NEWSESTLYONNAIS-VBALL-COUPE-04-50x45.jpg 50w, https:\/\/newsestlyonnais.fr\/site\/wp-content\/uploads\/2020\/02\/NEWSESTLYONNAIS-VBALL-COUPE-04-100x90.jpg 100w, https:\/\/newsestlyonnais.fr\/site\/wp-content\/uploads\/2020\/02\/NEWSESTLYONNAIS-VBALL-COUPE-04-200x179.jpg 200w, https:\/\/newsestlyonnais.fr\/site\/wp-content\/uploads\/2020\/02\/NEWSESTLYONNAIS-VBALL-COUPE-04-300x269.jpg 300w, https:\/\/newsestlyonnais.fr\/site\/wp-content\/uploads\/2020\/02\/NEWSESTLYONNAIS-VBALL-COUPE-04-350x314.jpg 350w, https:\/\/newsestlyonnais.fr\/site\/wp-content\/uploads\/2020\/02\/NEWSESTLYONNAIS-VBALL-COUPE-04-450x404.jpg 450w, https:\/\/newsestlyonnais.fr\/site\/wp-content\/uploads\/2020\/02\/NEWSESTLYONNAIS-VBALL-COUPE-04-500x448.jpg 500w, https:\/\/newsestlyonnais.fr\/site\/wp-content\/uploads\/2020\/02\/NEWSESTLYONNAIS-VBALL-COUPE-04-550x493.jpg 550w, https:\/\/newsestlyonnais.fr\/site\/wp-content\/uploads\/2020\/02\/NEWSESTLYONNAIS-VBALL-COUPE-04-800x718.jpg 800w, https:\/\/newsestlyonnais.fr\/site\/wp-content\/uploads\/2020\/02\/NEWSESTLYONNAIS-VBALL-COUPE-04.jpg 960w\" sizes=\"auto, (max-width: 150px) 100vw, 150px\" \/><\/a>\n\t\t\t<\/div>\n\t\t\t\t<figcaption class='wp-caption-text gallery-caption' id='gallery-1-95421'>\n\t\t\t\tLes b\u00e9n\u00e9voles de l&rsquo;UNICEF\n\t\t\t\t<\/figcaption><\/figure>\n\t\t<\/div>\n\n<\/div>\n<div><\/div>\n","protected":false},"excerpt":{"rendered":"<p>Apr\u00e8s le p\u00e9rilleux d\u00e9placement \u00e0 Mougins en janvier, le Vb@ll accueillait dimanche au Gymnase lyonnais Alice Milliat, les \u00e9quipes de Modenheim et de l\u2019AS Cannes.<\/p>\n","protected":false},"author":4,"featured_media":95409,"comment_status":"open","ping_status":"open","sticky":false,"template":"","format":"standard","meta":{"footnotes":""},"categories":[2975,19,1625,2,2976],"tags":[],"class_list":["post-95368","post","type-post","status-publish","format-standard","has-post-thumbnail","hentry","category-basket-hand-volley-sports","category-bron","category-lyon","category-sports","category-volley-sports"],"yoast_head":"<!-- This site is optimized with the Yoast SEO plugin v27.2 - https:\/\/yoast.com\/product\/yoast-seo-wordpress\/ -->\n<title>BRON-LYON | Les volleyeurs M17 continuent en coupe de France - News Est Lyonnais<\/title>\n<meta name=\"description\" content=\"BRON-LYON | Les volleyeurs M17 continuent en coupe de France\" \/>\n<meta name=\"robots\" content=\"index, follow, max-snippet:-1, max-image-preview:large, max-video-preview:-1\" \/>\n<link rel=\"canonical\" href=\"https:\/\/newsestlyonnais.fr\/site\/2020\/02\/13\/bron-lyon-les-volleyeurs-m17-continuent-en-coupe-de-france\/\" \/>\n<meta property=\"og:locale\" content=\"fr_FR\" \/>\n<meta property=\"og:type\" content=\"article\" \/>\n<meta property=\"og:title\" content=\"BRON-LYON | Les volleyeurs M17 continuent en coupe de France - News Est Lyonnais\" \/>\n<meta property=\"og:description\" content=\"BRON-LYON | Les volleyeurs M17 continuent en coupe de France\" \/>\n<meta property=\"og:url\" content=\"https:\/\/newsestlyonnais.fr\/site\/2020\/02\/13\/bron-lyon-les-volleyeurs-m17-continuent-en-coupe-de-france\/\" \/>\n<meta property=\"og:site_name\" content=\"News Est Lyonnais\" \/>\n<meta property=\"article:author\" content=\"https:\/\/www.facebook.com\/pascal.oberson.1?fref=ts\" \/>\n<meta property=\"article:published_time\" content=\"2020-02-13T08:05:59+00:00\" \/>\n<meta property=\"article:modified_time\" content=\"2020-03-27T17:03:01+00:00\" \/>\n<meta property=\"og:image\" content=\"https:\/\/i1.wp.com\/newsestlyonnais.fr\/site\/wp-content\/uploads\/2020\/02\/NEWSESTLYONNAIS-VBALL-COUPE-01.jpg?fit=1200%2C800&ssl=1\" \/>\n\t<meta property=\"og:image:width\" content=\"1200\" \/>\n\t<meta property=\"og:image:height\" content=\"800\" \/>\n\t<meta property=\"og:image:type\" content=\"image\/jpeg\" \/>\n<meta name=\"author\" content=\"R\u00e9dac. NEWS\" \/>\n<meta name=\"twitter:card\" content=\"summary_large_image\" \/>\n<meta name=\"twitter:label1\" content=\"\u00c9crit par\" \/>\n\t<meta name=\"twitter:data1\" content=\"R\u00e9dac. NEWS\" \/>\n\t<meta name=\"twitter:label2\" content=\"Dur\u00e9e de lecture estim\u00e9e\" \/>\n\t<meta name=\"twitter:data2\" content=\"2 minutes\" \/>\n<script type=\"application\/ld+json\" class=\"yoast-schema-graph\">{\"@context\":\"https:\/\/schema.org\",\"@graph\":[{\"@type\":\"Article\",\"@id\":\"https:\/\/newsestlyonnais.fr\/site\/2020\/02\/13\/bron-lyon-les-volleyeurs-m17-continuent-en-coupe-de-france\/#article\",\"isPartOf\":{\"@id\":\"https:\/\/newsestlyonnais.fr\/site\/2020\/02\/13\/bron-lyon-les-volleyeurs-m17-continuent-en-coupe-de-france\/\"},\"author\":{\"name\":\"R\u00e9dac. NEWS\",\"@id\":\"https:\/\/newsestlyonnais.fr\/site\/#\/schema\/person\/3230d5615f390bb808365d673001e887\"},\"headline\":\"BRON-LYON | Les volleyeurs M17 continuent en coupe de France\",\"datePublished\":\"2020-02-13T08:05:59+00:00\",\"dateModified\":\"2020-03-27T17:03:01+00:00\",\"mainEntityOfPage\":{\"@id\":\"https:\/\/newsestlyonnais.fr\/site\/2020\/02\/13\/bron-lyon-les-volleyeurs-m17-continuent-en-coupe-de-france\/\"},\"wordCount\":414,\"commentCount\":0,\"publisher\":{\"@id\":\"https:\/\/newsestlyonnais.fr\/site\/#organization\"},\"image\":{\"@id\":\"https:\/\/newsestlyonnais.fr\/site\/2020\/02\/13\/bron-lyon-les-volleyeurs-m17-continuent-en-coupe-de-france\/#primaryimage\"},\"thumbnailUrl\":\"https:\/\/newsestlyonnais.fr\/site\/wp-content\/uploads\/2020\/02\/NEWSESTLYONNAIS-VBALL-COUPE-01.jpg\",\"articleSection\":[\"Basket | Hand | Volley\",\"Bron\",\"Lyon\",\"Sports\",\"Volley\"],\"inLanguage\":\"fr-FR\",\"potentialAction\":[{\"@type\":\"CommentAction\",\"name\":\"Comment\",\"target\":[\"https:\/\/newsestlyonnais.fr\/site\/2020\/02\/13\/bron-lyon-les-volleyeurs-m17-continuent-en-coupe-de-france\/#respond\"]}]},{\"@type\":\"WebPage\",\"@id\":\"https:\/\/newsestlyonnais.fr\/site\/2020\/02\/13\/bron-lyon-les-volleyeurs-m17-continuent-en-coupe-de-france\/\",\"url\":\"https:\/\/newsestlyonnais.fr\/site\/2020\/02\/13\/bron-lyon-les-volleyeurs-m17-continuent-en-coupe-de-france\/\",\"name\":\"BRON-LYON | Les volleyeurs M17 continuent en coupe de France - News Est Lyonnais\",\"isPartOf\":{\"@id\":\"https:\/\/newsestlyonnais.fr\/site\/#website\"},\"primaryImageOfPage\":{\"@id\":\"https:\/\/newsestlyonnais.fr\/site\/2020\/02\/13\/bron-lyon-les-volleyeurs-m17-continuent-en-coupe-de-france\/#primaryimage\"},\"image\":{\"@id\":\"https:\/\/newsestlyonnais.fr\/site\/2020\/02\/13\/bron-lyon-les-volleyeurs-m17-continuent-en-coupe-de-france\/#primaryimage\"},\"thumbnailUrl\":\"https:\/\/newsestlyonnais.fr\/site\/wp-content\/uploads\/2020\/02\/NEWSESTLYONNAIS-VBALL-COUPE-01.jpg\",\"datePublished\":\"2020-02-13T08:05:59+00:00\",\"dateModified\":\"2020-03-27T17:03:01+00:00\",\"description\":\"BRON-LYON | Les volleyeurs M17 continuent en coupe de France\",\"breadcrumb\":{\"@id\":\"https:\/\/newsestlyonnais.fr\/site\/2020\/02\/13\/bron-lyon-les-volleyeurs-m17-continuent-en-coupe-de-france\/#breadcrumb\"},\"inLanguage\":\"fr-FR\",\"potentialAction\":[{\"@type\":\"ReadAction\",\"target\":[\"https:\/\/newsestlyonnais.fr\/site\/2020\/02\/13\/bron-lyon-les-volleyeurs-m17-continuent-en-coupe-de-france\/\"]}]},{\"@type\":\"ImageObject\",\"inLanguage\":\"fr-FR\",\"@id\":\"https:\/\/newsestlyonnais.fr\/site\/2020\/02\/13\/bron-lyon-les-volleyeurs-m17-continuent-en-coupe-de-france\/#primaryimage\",\"url\":\"https:\/\/newsestlyonnais.fr\/site\/wp-content\/uploads\/2020\/02\/NEWSESTLYONNAIS-VBALL-COUPE-01.jpg\",\"contentUrl\":\"https:\/\/newsestlyonnais.fr\/site\/wp-content\/uploads\/2020\/02\/NEWSESTLYONNAIS-VBALL-COUPE-01.jpg\",\"width\":1200,\"height\":800},{\"@type\":\"BreadcrumbList\",\"@id\":\"https:\/\/newsestlyonnais.fr\/site\/2020\/02\/13\/bron-lyon-les-volleyeurs-m17-continuent-en-coupe-de-france\/#breadcrumb\",\"itemListElement\":[{\"@type\":\"ListItem\",\"position\":1,\"name\":\"Accueil\",\"item\":\"https:\/\/newsestlyonnais.fr\/site\/\"},{\"@type\":\"ListItem\",\"position\":2,\"name\":\"BRON-LYON | Les volleyeurs M17 continuent en coupe de France\"}]},{\"@type\":\"WebSite\",\"@id\":\"https:\/\/newsestlyonnais.fr\/site\/#website\",\"url\":\"https:\/\/newsestlyonnais.fr\/site\/\",\"name\":\"News Est Lyonnais\",\"description\":\"L&#039;actualit\u00e9 au plus pr\u00e8s\",\"publisher\":{\"@id\":\"https:\/\/newsestlyonnais.fr\/site\/#organization\"},\"potentialAction\":[{\"@type\":\"SearchAction\",\"target\":{\"@type\":\"EntryPoint\",\"urlTemplate\":\"https:\/\/newsestlyonnais.fr\/site\/?s={search_term_string}\"},\"query-input\":{\"@type\":\"PropertyValueSpecification\",\"valueRequired\":true,\"valueName\":\"search_term_string\"}}],\"inLanguage\":\"fr-FR\"},{\"@type\":\"Organization\",\"@id\":\"https:\/\/newsestlyonnais.fr\/site\/#organization\",\"name\":\"News EST LYONNAIS\",\"url\":\"https:\/\/newsestlyonnais.fr\/site\/\",\"logo\":{\"@type\":\"ImageObject\",\"inLanguage\":\"fr-FR\",\"@id\":\"https:\/\/newsestlyonnais.fr\/site\/#\/schema\/logo\/image\/\",\"url\":\"\",\"contentUrl\":\"\",\"caption\":\"News EST LYONNAIS\"},\"image\":{\"@id\":\"https:\/\/newsestlyonnais.fr\/site\/#\/schema\/logo\/image\/\"}},{\"@type\":\"Person\",\"@id\":\"https:\/\/newsestlyonnais.fr\/site\/#\/schema\/person\/3230d5615f390bb808365d673001e887\",\"name\":\"R\u00e9dac. NEWS\",\"sameAs\":[\"http:\/\/www.newsestlyonnais.fr\",\"https:\/\/www.facebook.com\/pascal.oberson.1?fref=ts\",\"https:\/\/fr.linkedin.com\/in\/pascal-oberson-b17045113\"],\"url\":\"https:\/\/newsestlyonnais.fr\/site\/author\/nel\/\"}]}<\/script>\n<!-- \/ Yoast SEO plugin. -->","yoast_head_json":{"title":"BRON-LYON | Les volleyeurs M17 continuent en coupe de France - News Est Lyonnais","description":"BRON-LYON | Les volleyeurs M17 continuent en coupe de France","robots":{"index":"index","follow":"follow","max-snippet":"max-snippet:-1","max-image-preview":"max-image-preview:large","max-video-preview":"max-video-preview:-1"},"canonical":"https:\/\/newsestlyonnais.fr\/site\/2020\/02\/13\/bron-lyon-les-volleyeurs-m17-continuent-en-coupe-de-france\/","og_locale":"fr_FR","og_type":"article","og_title":"BRON-LYON | Les volleyeurs M17 continuent en coupe de France - News Est Lyonnais","og_description":"BRON-LYON | Les volleyeurs M17 continuent en coupe de France","og_url":"https:\/\/newsestlyonnais.fr\/site\/2020\/02\/13\/bron-lyon-les-volleyeurs-m17-continuent-en-coupe-de-france\/","og_site_name":"News Est Lyonnais","article_author":"https:\/\/www.facebook.com\/pascal.oberson.1?fref=ts","article_published_time":"2020-02-13T08:05:59+00:00","article_modified_time":"2020-03-27T17:03:01+00:00","og_image":[{"width":1200,"height":800,"url":"https:\/\/i1.wp.com\/newsestlyonnais.fr\/site\/wp-content\/uploads\/2020\/02\/NEWSESTLYONNAIS-VBALL-COUPE-01.jpg?fit=1200%2C800&ssl=1","type":"image\/jpeg"}],"author":"R\u00e9dac. NEWS","twitter_card":"summary_large_image","twitter_misc":{"\u00c9crit par":"R\u00e9dac. NEWS","Dur\u00e9e de lecture estim\u00e9e":"2 minutes"},"schema":{"@context":"https:\/\/schema.org","@graph":[{"@type":"Article","@id":"https:\/\/newsestlyonnais.fr\/site\/2020\/02\/13\/bron-lyon-les-volleyeurs-m17-continuent-en-coupe-de-france\/#article","isPartOf":{"@id":"https:\/\/newsestlyonnais.fr\/site\/2020\/02\/13\/bron-lyon-les-volleyeurs-m17-continuent-en-coupe-de-france\/"},"author":{"name":"R\u00e9dac. NEWS","@id":"https:\/\/newsestlyonnais.fr\/site\/#\/schema\/person\/3230d5615f390bb808365d673001e887"},"headline":"BRON-LYON | Les volleyeurs M17 continuent en coupe de France","datePublished":"2020-02-13T08:05:59+00:00","dateModified":"2020-03-27T17:03:01+00:00","mainEntityOfPage":{"@id":"https:\/\/newsestlyonnais.fr\/site\/2020\/02\/13\/bron-lyon-les-volleyeurs-m17-continuent-en-coupe-de-france\/"},"wordCount":414,"commentCount":0,"publisher":{"@id":"https:\/\/newsestlyonnais.fr\/site\/#organization"},"image":{"@id":"https:\/\/newsestlyonnais.fr\/site\/2020\/02\/13\/bron-lyon-les-volleyeurs-m17-continuent-en-coupe-de-france\/#primaryimage"},"thumbnailUrl":"https:\/\/newsestlyonnais.fr\/site\/wp-content\/uploads\/2020\/02\/NEWSESTLYONNAIS-VBALL-COUPE-01.jpg","articleSection":["Basket | Hand | Volley","Bron","Lyon","Sports","Volley"],"inLanguage":"fr-FR","potentialAction":[{"@type":"CommentAction","name":"Comment","target":["https:\/\/newsestlyonnais.fr\/site\/2020\/02\/13\/bron-lyon-les-volleyeurs-m17-continuent-en-coupe-de-france\/#respond"]}]},{"@type":"WebPage","@id":"https:\/\/newsestlyonnais.fr\/site\/2020\/02\/13\/bron-lyon-les-volleyeurs-m17-continuent-en-coupe-de-france\/","url":"https:\/\/newsestlyonnais.fr\/site\/2020\/02\/13\/bron-lyon-les-volleyeurs-m17-continuent-en-coupe-de-france\/","name":"BRON-LYON | Les volleyeurs M17 continuent en coupe de France - News Est Lyonnais","isPartOf":{"@id":"https:\/\/newsestlyonnais.fr\/site\/#website"},"primaryImageOfPage":{"@id":"https:\/\/newsestlyonnais.fr\/site\/2020\/02\/13\/bron-lyon-les-volleyeurs-m17-continuent-en-coupe-de-france\/#primaryimage"},"image":{"@id":"https:\/\/newsestlyonnais.fr\/site\/2020\/02\/13\/bron-lyon-les-volleyeurs-m17-continuent-en-coupe-de-france\/#primaryimage"},"thumbnailUrl":"https:\/\/newsestlyonnais.fr\/site\/wp-content\/uploads\/2020\/02\/NEWSESTLYONNAIS-VBALL-COUPE-01.jpg","datePublished":"2020-02-13T08:05:59+00:00","dateModified":"2020-03-27T17:03:01+00:00","description":"BRON-LYON | Les volleyeurs M17 continuent en coupe de France","breadcrumb":{"@id":"https:\/\/newsestlyonnais.fr\/site\/2020\/02\/13\/bron-lyon-les-volleyeurs-m17-continuent-en-coupe-de-france\/#breadcrumb"},"inLanguage":"fr-FR","potentialAction":[{"@type":"ReadAction","target":["https:\/\/newsestlyonnais.fr\/site\/2020\/02\/13\/bron-lyon-les-volleyeurs-m17-continuent-en-coupe-de-france\/"]}]},{"@type":"ImageObject","inLanguage":"fr-FR","@id":"https:\/\/newsestlyonnais.fr\/site\/2020\/02\/13\/bron-lyon-les-volleyeurs-m17-continuent-en-coupe-de-france\/#primaryimage","url":"https:\/\/newsestlyonnais.fr\/site\/wp-content\/uploads\/2020\/02\/NEWSESTLYONNAIS-VBALL-COUPE-01.jpg","contentUrl":"https:\/\/newsestlyonnais.fr\/site\/wp-content\/uploads\/2020\/02\/NEWSESTLYONNAIS-VBALL-COUPE-01.jpg","width":1200,"height":800},{"@type":"BreadcrumbList","@id":"https:\/\/newsestlyonnais.fr\/site\/2020\/02\/13\/bron-lyon-les-volleyeurs-m17-continuent-en-coupe-de-france\/#breadcrumb","itemListElement":[{"@type":"ListItem","position":1,"name":"Accueil","item":"https:\/\/newsestlyonnais.fr\/site\/"},{"@type":"ListItem","position":2,"name":"BRON-LYON | Les volleyeurs M17 continuent en coupe de France"}]},{"@type":"WebSite","@id":"https:\/\/newsestlyonnais.fr\/site\/#website","url":"https:\/\/newsestlyonnais.fr\/site\/","name":"News Est Lyonnais","description":"L&#039;actualit\u00e9 au plus pr\u00e8s","publisher":{"@id":"https:\/\/newsestlyonnais.fr\/site\/#organization"},"potentialAction":[{"@type":"SearchAction","target":{"@type":"EntryPoint","urlTemplate":"https:\/\/newsestlyonnais.fr\/site\/?s={search_term_string}"},"query-input":{"@type":"PropertyValueSpecification","valueRequired":true,"valueName":"search_term_string"}}],"inLanguage":"fr-FR"},{"@type":"Organization","@id":"https:\/\/newsestlyonnais.fr\/site\/#organization","name":"News EST LYONNAIS","url":"https:\/\/newsestlyonnais.fr\/site\/","logo":{"@type":"ImageObject","inLanguage":"fr-FR","@id":"https:\/\/newsestlyonnais.fr\/site\/#\/schema\/logo\/image\/","url":"","contentUrl":"","caption":"News EST LYONNAIS"},"image":{"@id":"https:\/\/newsestlyonnais.fr\/site\/#\/schema\/logo\/image\/"}},{"@type":"Person","@id":"https:\/\/newsestlyonnais.fr\/site\/#\/schema\/person\/3230d5615f390bb808365d673001e887","name":"R\u00e9dac. NEWS","sameAs":["http:\/\/www.newsestlyonnais.fr","https:\/\/www.facebook.com\/pascal.oberson.1?fref=ts","https:\/\/fr.linkedin.com\/in\/pascal-oberson-b17045113"],"url":"https:\/\/newsestlyonnais.fr\/site\/author\/nel\/"}]}},"_links":{"self":[{"href":"https:\/\/newsestlyonnais.fr\/site\/wp-json\/wp\/v2\/posts\/95368","targetHints":{"allow":["GET"]}}],"collection":[{"href":"https:\/\/newsestlyonnais.fr\/site\/wp-json\/wp\/v2\/posts"}],"about":[{"href":"https:\/\/newsestlyonnais.fr\/site\/wp-json\/wp\/v2\/types\/post"}],"author":[{"embeddable":true,"href":"https:\/\/newsestlyonnais.fr\/site\/wp-json\/wp\/v2\/users\/4"}],"replies":[{"embeddable":true,"href":"https:\/\/newsestlyonnais.fr\/site\/wp-json\/wp\/v2\/comments?post=95368"}],"version-history":[{"count":0,"href":"https:\/\/newsestlyonnais.fr\/site\/wp-json\/wp\/v2\/posts\/95368\/revisions"}],"wp:featuredmedia":[{"embeddable":true,"href":"https:\/\/newsestlyonnais.fr\/site\/wp-json\/wp\/v2\/media\/95409"}],"wp:attachment":[{"href":"https:\/\/newsestlyonnais.fr\/site\/wp-json\/wp\/v2\/media?parent=95368"}],"wp:term":[{"taxonomy":"category","embeddable":true,"href":"https:\/\/newsestlyonnais.fr\/site\/wp-json\/wp\/v2\/categories?post=95368"},{"taxonomy":"post_tag","embeddable":true,"href":"https:\/\/newsestlyonnais.fr\/site\/wp-json\/wp\/v2\/tags?post=95368"}],"curies":[{"name":"wp","href":"https:\/\/api.w.org\/{rel}","templated":true}]}}