{"id":95372,"date":"2020-02-17T09:54:45","date_gmt":"2020-02-17T08:54:45","guid":{"rendered":"http:\/\/newsestlyonnais.fr\/site\/?p=95372"},"modified":"2020-02-23T20:34:42","modified_gmt":"2020-02-23T19:34:42","slug":"villeurbanne-compet-interdepartementale-de-gym-artistique","status":"publish","type":"post","link":"https:\/\/newsestlyonnais.fr\/site\/2020\/02\/17\/villeurbanne-compet-interdepartementale-de-gym-artistique\/","title":{"rendered":"VILLEURBANNE | Comp\u00e9t interd\u00e9partementale de gym artistique"},"content":{"rendered":"<p>Environ 600 gymnastes (f\u00e9minines et masculins) seront accueillis le <strong>week-end des 22 &amp; 23 F\u00e9vrier <\/strong>sur cette comp\u00e9tition dans les cat\u00e9gories suivantes :<\/p>\n<ul>\n<li><strong>GAF<\/strong> : Performance, Performance R\u00e9gion, F\u00e9d\u00e9rale A et A1 (en individuel). La GAF permet <strong>aux jeunes filles<\/strong> de pratiquer <strong>4 agr\u00e8s<\/strong> : le sol, le saut, les barres asym\u00e9triques et la poutre.<\/li>\n<li><strong>GAM<\/strong> : Performance et F\u00e9d\u00e9rale A en individuel et Performance R\u00e9gion (en \u00e9quipe). Le GAM est une discipline alliant force, puissance, et agilit\u00e9 et se d\u00e9cline<strong> sur 6 agr\u00e8s<\/strong> : le sol, le saut, le cheval d&rsquo;ar\u00e7on, les anneaux, les barres parall\u00e8les et la barre fixe.<\/li>\n<\/ul>\n<p>Le comit\u00e9 Auvergne Rh\u00f4ne-Alpes de gymnastique a confi\u00e9 en 2020 \u00e0 la JFV, l\u2019organisation de <strong>cette \u00e9tape qualificative pour la comp\u00e9tition r\u00e9gionale<\/strong> qui se d\u00e9roulera les 4 &amp; 5 avril \u00e0 Cusset (Allier) pour les cat\u00e9gories Performance et les 11 &amp; 12 avril \u00e0 Oyonnax (Ain) pour les f\u00e9d\u00e9rales A et A1.<\/p>\n<p><strong><span style=\"text-decoration: underline\">La FFGYM au sein de la r\u00e9gion AUVERGNE-RHONE-ALPES<\/span> :<\/strong><br \/>\nLe Comit\u00e9 R\u00e9gional Auvergne-Rh\u00f4ne-Alpes de Gymnastique est une structure d\u00e9concentr\u00e9e, affili\u00e9e \u00e0 la F\u00e9d\u00e9ration Fran\u00e7aise de Gymnastique (fusion des comit\u00e9s Auvergne et Rh\u00f4ne-Alpes le 2 septembre 2017). L&rsquo;association compte actuellement 161 clubs FFGym r\u00e9partis dans 12\u00a0 d\u00e9partements (Ain, Allier, Ard\u00e8che, Cantal, Dr\u00f4me, Haute\ufffeLoire, Haute-Savoie, Is\u00e8re, Loire, Puy-de-D\u00f4me, Rh\u00f4ne et Savoie).<\/p>\n<p><span style=\"text-decoration: underline\"><strong>Le Comit\u00e9 en quelques chiffres <\/strong><\/span>:<br \/>\n<strong>2\u00b0 comit\u00e9 r\u00e9gional le plus important du pays en nombre de licences<\/strong> (derri\u00e8re l\u2019Ile-de-France) : 38.068, toutes disciplines gymniques confondues. Les clubs accueillant des pratiquants \u00e2g\u00e9s de 15 mois \u00e0 92 ans.<br \/>\nEn 2019-2020, 30 comp\u00e9titions seront organis\u00e9es en r\u00e9gion Auvergne-Rh\u00f4ne-Alpes (niveaux : interd\u00e9partemental, r\u00e9gional et inter-r\u00e9gional).<\/p>\n<p><span style=\"text-decoration: underline\"><strong>LA JEUNE FRANCE DE VILLEURBANNE<\/strong><\/span> : Un club associatif \u00e0 taille humaine dans lequel se c\u00f4toient des gymnastes du dimanche et des champions de France ! <strong>Fond\u00e9 le 15 janvier 1888<\/strong>, le club de gymnastique de la Jeune France est l\u2019un des plus anciens clubs de Villeurbanne. Association r\u00e9gie par la loi de 1901 et reconnue d\u2019int\u00e9r\u00eat g\u00e9n\u00e9ral, <strong>JFV, c\u2019est plus de 450 licenci\u00e9s,<\/strong> gar\u00e7ons et filles, de 15 mois \u00e0 77 ans !<\/p>\n<p><span style=\"text-decoration: underline\"><strong>BILLETTERIE<\/strong><\/span> :<\/p>\n<ul>\n<li>Tarifs des entr\u00e9es : (1 jour \/ 2 jours)<\/li>\n<li>Licenci\u00e9 F.F.G. sur pr\u00e9sentation d\u2019un justificatif : (3 \u20ac \/ 5 \u20ac)<\/li>\n<li>Non licenci\u00e9 : (5 \u20ac \/ 8 \u20ac)<\/li>\n<li>Enfant (- 10 ans) : Gratuit<\/li>\n<\/ul>\n<p><span style=\"text-decoration: underline\"><strong>Samedi 22 &amp; Dimanche 23 F\u00e9vrier \/ Gymnase des Gratte-Ciel \/ 98 rue Francis de Pr\u00e9ssens\u00e9 \/ Villeurbanne.<\/strong><\/span><\/p>\n<ul>\n<li><em><strong>Toute l&rsquo;ACTU du club est sur : <a href=\"https:\/\/www.jfvilleurbannegym.fr\">https:\/\/www.jfvilleurbannegym.fr<\/a><\/strong><\/em><\/li>\n<\/ul>\n","protected":false},"excerpt":{"rendered":"<p>Le comit\u00e9 r\u00e9gional de gymnastique a confi\u00e9 l\u2019organisation d\u2019une des 3 comp\u00e9titions interd\u00e9partementales de gym artistique \u00e0 la Jeune France de Villeurbanne.<\/p>\n","protected":false},"author":4,"featured_media":95388,"comment_status":"open","ping_status":"open","sticky":false,"template":"","format":"standard","meta":{"footnotes":""},"categories":[166,1319,29],"tags":[],"class_list":["post-95372","post","type-post","status-publish","format-standard","has-post-thumbnail","hentry","category-divers-sports","category-gymnastique-grs-gv","category-villeurbanne"],"yoast_head":"<!-- This site is optimized with the Yoast SEO plugin v27.2 - https:\/\/yoast.com\/product\/yoast-seo-wordpress\/ -->\n<title>VILLEURBANNE | Comp\u00e9t interd\u00e9partementale de gym artistique - News Est Lyonnais<\/title>\n<meta name=\"description\" content=\"VILLEURBANNE | Comp\u00e9t interd\u00e9partementale de gym artistique\" \/>\n<meta name=\"robots\" content=\"index, follow, max-snippet:-1, max-image-preview:large, max-video-preview:-1\" \/>\n<link rel=\"canonical\" href=\"https:\/\/newsestlyonnais.fr\/site\/2020\/02\/17\/villeurbanne-compet-interdepartementale-de-gym-artistique\/\" \/>\n<meta property=\"og:locale\" content=\"fr_FR\" \/>\n<meta property=\"og:type\" content=\"article\" \/>\n<meta property=\"og:title\" content=\"VILLEURBANNE | Comp\u00e9t interd\u00e9partementale de gym artistique - News Est Lyonnais\" \/>\n<meta property=\"og:description\" content=\"VILLEURBANNE | Comp\u00e9t interd\u00e9partementale de gym artistique\" \/>\n<meta property=\"og:url\" content=\"https:\/\/newsestlyonnais.fr\/site\/2020\/02\/17\/villeurbanne-compet-interdepartementale-de-gym-artistique\/\" \/>\n<meta property=\"og:site_name\" content=\"News Est Lyonnais\" \/>\n<meta property=\"article:author\" content=\"https:\/\/www.facebook.com\/pascal.oberson.1?fref=ts\" \/>\n<meta property=\"article:published_time\" content=\"2020-02-17T08:54:45+00:00\" \/>\n<meta property=\"article:modified_time\" content=\"2020-02-23T19:34:42+00:00\" \/>\n<meta property=\"og:image\" content=\"https:\/\/i2.wp.com\/newsestlyonnais.fr\/site\/wp-content\/uploads\/2020\/02\/NEWSESTLYONNAIS-COMEP-GYM.jpg?fit=500%2C707&ssl=1\" \/>\n\t<meta property=\"og:image:width\" content=\"500\" \/>\n\t<meta property=\"og:image:height\" content=\"707\" \/>\n\t<meta property=\"og:image:type\" content=\"image\/jpeg\" \/>\n<meta name=\"author\" content=\"R\u00e9dac. NEWS\" \/>\n<meta name=\"twitter:card\" content=\"summary_large_image\" \/>\n<meta name=\"twitter:label1\" content=\"\u00c9crit par\" \/>\n\t<meta name=\"twitter:data1\" content=\"R\u00e9dac. NEWS\" \/>\n\t<meta name=\"twitter:label2\" content=\"Dur\u00e9e de lecture estim\u00e9e\" \/>\n\t<meta name=\"twitter:data2\" content=\"2 minutes\" \/>\n<script type=\"application\/ld+json\" class=\"yoast-schema-graph\">{\"@context\":\"https:\/\/schema.org\",\"@graph\":[{\"@type\":\"Article\",\"@id\":\"https:\/\/newsestlyonnais.fr\/site\/2020\/02\/17\/villeurbanne-compet-interdepartementale-de-gym-artistique\/#article\",\"isPartOf\":{\"@id\":\"https:\/\/newsestlyonnais.fr\/site\/2020\/02\/17\/villeurbanne-compet-interdepartementale-de-gym-artistique\/\"},\"author\":{\"name\":\"R\u00e9dac. NEWS\",\"@id\":\"https:\/\/newsestlyonnais.fr\/site\/#\/schema\/person\/3230d5615f390bb808365d673001e887\"},\"headline\":\"VILLEURBANNE | Comp\u00e9t interd\u00e9partementale de gym artistique\",\"datePublished\":\"2020-02-17T08:54:45+00:00\",\"dateModified\":\"2020-02-23T19:34:42+00:00\",\"mainEntityOfPage\":{\"@id\":\"https:\/\/newsestlyonnais.fr\/site\/2020\/02\/17\/villeurbanne-compet-interdepartementale-de-gym-artistique\/\"},\"wordCount\":418,\"commentCount\":0,\"publisher\":{\"@id\":\"https:\/\/newsestlyonnais.fr\/site\/#organization\"},\"image\":{\"@id\":\"https:\/\/newsestlyonnais.fr\/site\/2020\/02\/17\/villeurbanne-compet-interdepartementale-de-gym-artistique\/#primaryimage\"},\"thumbnailUrl\":\"https:\/\/newsestlyonnais.fr\/site\/wp-content\/uploads\/2020\/02\/NEWSESTLYONNAIS-COMEP-GYM.jpg\",\"articleSection\":[\"Divers Sports\",\"Gymnastique | Grs | Gv\",\"Villeurbanne\"],\"inLanguage\":\"fr-FR\",\"potentialAction\":[{\"@type\":\"CommentAction\",\"name\":\"Comment\",\"target\":[\"https:\/\/newsestlyonnais.fr\/site\/2020\/02\/17\/villeurbanne-compet-interdepartementale-de-gym-artistique\/#respond\"]}]},{\"@type\":\"WebPage\",\"@id\":\"https:\/\/newsestlyonnais.fr\/site\/2020\/02\/17\/villeurbanne-compet-interdepartementale-de-gym-artistique\/\",\"url\":\"https:\/\/newsestlyonnais.fr\/site\/2020\/02\/17\/villeurbanne-compet-interdepartementale-de-gym-artistique\/\",\"name\":\"VILLEURBANNE | Comp\u00e9t interd\u00e9partementale de gym artistique - News Est Lyonnais\",\"isPartOf\":{\"@id\":\"https:\/\/newsestlyonnais.fr\/site\/#website\"},\"primaryImageOfPage\":{\"@id\":\"https:\/\/newsestlyonnais.fr\/site\/2020\/02\/17\/villeurbanne-compet-interdepartementale-de-gym-artistique\/#primaryimage\"},\"image\":{\"@id\":\"https:\/\/newsestlyonnais.fr\/site\/2020\/02\/17\/villeurbanne-compet-interdepartementale-de-gym-artistique\/#primaryimage\"},\"thumbnailUrl\":\"https:\/\/newsestlyonnais.fr\/site\/wp-content\/uploads\/2020\/02\/NEWSESTLYONNAIS-COMEP-GYM.jpg\",\"datePublished\":\"2020-02-17T08:54:45+00:00\",\"dateModified\":\"2020-02-23T19:34:42+00:00\",\"description\":\"VILLEURBANNE | Comp\u00e9t interd\u00e9partementale de gym artistique\",\"breadcrumb\":{\"@id\":\"https:\/\/newsestlyonnais.fr\/site\/2020\/02\/17\/villeurbanne-compet-interdepartementale-de-gym-artistique\/#breadcrumb\"},\"inLanguage\":\"fr-FR\",\"potentialAction\":[{\"@type\":\"ReadAction\",\"target\":[\"https:\/\/newsestlyonnais.fr\/site\/2020\/02\/17\/villeurbanne-compet-interdepartementale-de-gym-artistique\/\"]}]},{\"@type\":\"ImageObject\",\"inLanguage\":\"fr-FR\",\"@id\":\"https:\/\/newsestlyonnais.fr\/site\/2020\/02\/17\/villeurbanne-compet-interdepartementale-de-gym-artistique\/#primaryimage\",\"url\":\"https:\/\/newsestlyonnais.fr\/site\/wp-content\/uploads\/2020\/02\/NEWSESTLYONNAIS-COMEP-GYM.jpg\",\"contentUrl\":\"https:\/\/newsestlyonnais.fr\/site\/wp-content\/uploads\/2020\/02\/NEWSESTLYONNAIS-COMEP-GYM.jpg\",\"width\":500,\"height\":707,\"caption\":\"COMPETITION DE GYM ARTISTIQUE\"},{\"@type\":\"BreadcrumbList\",\"@id\":\"https:\/\/newsestlyonnais.fr\/site\/2020\/02\/17\/villeurbanne-compet-interdepartementale-de-gym-artistique\/#breadcrumb\",\"itemListElement\":[{\"@type\":\"ListItem\",\"position\":1,\"name\":\"Accueil\",\"item\":\"https:\/\/newsestlyonnais.fr\/site\/\"},{\"@type\":\"ListItem\",\"position\":2,\"name\":\"VILLEURBANNE | Comp\u00e9t interd\u00e9partementale de gym artistique\"}]},{\"@type\":\"WebSite\",\"@id\":\"https:\/\/newsestlyonnais.fr\/site\/#website\",\"url\":\"https:\/\/newsestlyonnais.fr\/site\/\",\"name\":\"News Est Lyonnais\",\"description\":\"L&#039;actualit\u00e9 au plus pr\u00e8s\",\"publisher\":{\"@id\":\"https:\/\/newsestlyonnais.fr\/site\/#organization\"},\"potentialAction\":[{\"@type\":\"SearchAction\",\"target\":{\"@type\":\"EntryPoint\",\"urlTemplate\":\"https:\/\/newsestlyonnais.fr\/site\/?s={search_term_string}\"},\"query-input\":{\"@type\":\"PropertyValueSpecification\",\"valueRequired\":true,\"valueName\":\"search_term_string\"}}],\"inLanguage\":\"fr-FR\"},{\"@type\":\"Organization\",\"@id\":\"https:\/\/newsestlyonnais.fr\/site\/#organization\",\"name\":\"News EST LYONNAIS\",\"url\":\"https:\/\/newsestlyonnais.fr\/site\/\",\"logo\":{\"@type\":\"ImageObject\",\"inLanguage\":\"fr-FR\",\"@id\":\"https:\/\/newsestlyonnais.fr\/site\/#\/schema\/logo\/image\/\",\"url\":\"\",\"contentUrl\":\"\",\"caption\":\"News EST LYONNAIS\"},\"image\":{\"@id\":\"https:\/\/newsestlyonnais.fr\/site\/#\/schema\/logo\/image\/\"}},{\"@type\":\"Person\",\"@id\":\"https:\/\/newsestlyonnais.fr\/site\/#\/schema\/person\/3230d5615f390bb808365d673001e887\",\"name\":\"R\u00e9dac. NEWS\",\"sameAs\":[\"http:\/\/www.newsestlyonnais.fr\",\"https:\/\/www.facebook.com\/pascal.oberson.1?fref=ts\",\"https:\/\/fr.linkedin.com\/in\/pascal-oberson-b17045113\"],\"url\":\"https:\/\/newsestlyonnais.fr\/site\/author\/nel\/\"}]}<\/script>\n<!-- \/ Yoast SEO plugin. -->","yoast_head_json":{"title":"VILLEURBANNE | Comp\u00e9t interd\u00e9partementale de gym artistique - News Est Lyonnais","description":"VILLEURBANNE | Comp\u00e9t interd\u00e9partementale de gym artistique","robots":{"index":"index","follow":"follow","max-snippet":"max-snippet:-1","max-image-preview":"max-image-preview:large","max-video-preview":"max-video-preview:-1"},"canonical":"https:\/\/newsestlyonnais.fr\/site\/2020\/02\/17\/villeurbanne-compet-interdepartementale-de-gym-artistique\/","og_locale":"fr_FR","og_type":"article","og_title":"VILLEURBANNE | Comp\u00e9t interd\u00e9partementale de gym artistique - News Est Lyonnais","og_description":"VILLEURBANNE | Comp\u00e9t interd\u00e9partementale de gym artistique","og_url":"https:\/\/newsestlyonnais.fr\/site\/2020\/02\/17\/villeurbanne-compet-interdepartementale-de-gym-artistique\/","og_site_name":"News Est Lyonnais","article_author":"https:\/\/www.facebook.com\/pascal.oberson.1?fref=ts","article_published_time":"2020-02-17T08:54:45+00:00","article_modified_time":"2020-02-23T19:34:42+00:00","og_image":[{"width":500,"height":707,"url":"https:\/\/i2.wp.com\/newsestlyonnais.fr\/site\/wp-content\/uploads\/2020\/02\/NEWSESTLYONNAIS-COMEP-GYM.jpg?fit=500%2C707&ssl=1","type":"image\/jpeg"}],"author":"R\u00e9dac. NEWS","twitter_card":"summary_large_image","twitter_misc":{"\u00c9crit par":"R\u00e9dac. NEWS","Dur\u00e9e de lecture estim\u00e9e":"2 minutes"},"schema":{"@context":"https:\/\/schema.org","@graph":[{"@type":"Article","@id":"https:\/\/newsestlyonnais.fr\/site\/2020\/02\/17\/villeurbanne-compet-interdepartementale-de-gym-artistique\/#article","isPartOf":{"@id":"https:\/\/newsestlyonnais.fr\/site\/2020\/02\/17\/villeurbanne-compet-interdepartementale-de-gym-artistique\/"},"author":{"name":"R\u00e9dac. NEWS","@id":"https:\/\/newsestlyonnais.fr\/site\/#\/schema\/person\/3230d5615f390bb808365d673001e887"},"headline":"VILLEURBANNE | Comp\u00e9t interd\u00e9partementale de gym artistique","datePublished":"2020-02-17T08:54:45+00:00","dateModified":"2020-02-23T19:34:42+00:00","mainEntityOfPage":{"@id":"https:\/\/newsestlyonnais.fr\/site\/2020\/02\/17\/villeurbanne-compet-interdepartementale-de-gym-artistique\/"},"wordCount":418,"commentCount":0,"publisher":{"@id":"https:\/\/newsestlyonnais.fr\/site\/#organization"},"image":{"@id":"https:\/\/newsestlyonnais.fr\/site\/2020\/02\/17\/villeurbanne-compet-interdepartementale-de-gym-artistique\/#primaryimage"},"thumbnailUrl":"https:\/\/newsestlyonnais.fr\/site\/wp-content\/uploads\/2020\/02\/NEWSESTLYONNAIS-COMEP-GYM.jpg","articleSection":["Divers Sports","Gymnastique | Grs | Gv","Villeurbanne"],"inLanguage":"fr-FR","potentialAction":[{"@type":"CommentAction","name":"Comment","target":["https:\/\/newsestlyonnais.fr\/site\/2020\/02\/17\/villeurbanne-compet-interdepartementale-de-gym-artistique\/#respond"]}]},{"@type":"WebPage","@id":"https:\/\/newsestlyonnais.fr\/site\/2020\/02\/17\/villeurbanne-compet-interdepartementale-de-gym-artistique\/","url":"https:\/\/newsestlyonnais.fr\/site\/2020\/02\/17\/villeurbanne-compet-interdepartementale-de-gym-artistique\/","name":"VILLEURBANNE | Comp\u00e9t interd\u00e9partementale de gym artistique - News Est Lyonnais","isPartOf":{"@id":"https:\/\/newsestlyonnais.fr\/site\/#website"},"primaryImageOfPage":{"@id":"https:\/\/newsestlyonnais.fr\/site\/2020\/02\/17\/villeurbanne-compet-interdepartementale-de-gym-artistique\/#primaryimage"},"image":{"@id":"https:\/\/newsestlyonnais.fr\/site\/2020\/02\/17\/villeurbanne-compet-interdepartementale-de-gym-artistique\/#primaryimage"},"thumbnailUrl":"https:\/\/newsestlyonnais.fr\/site\/wp-content\/uploads\/2020\/02\/NEWSESTLYONNAIS-COMEP-GYM.jpg","datePublished":"2020-02-17T08:54:45+00:00","dateModified":"2020-02-23T19:34:42+00:00","description":"VILLEURBANNE | Comp\u00e9t interd\u00e9partementale de gym artistique","breadcrumb":{"@id":"https:\/\/newsestlyonnais.fr\/site\/2020\/02\/17\/villeurbanne-compet-interdepartementale-de-gym-artistique\/#breadcrumb"},"inLanguage":"fr-FR","potentialAction":[{"@type":"ReadAction","target":["https:\/\/newsestlyonnais.fr\/site\/2020\/02\/17\/villeurbanne-compet-interdepartementale-de-gym-artistique\/"]}]},{"@type":"ImageObject","inLanguage":"fr-FR","@id":"https:\/\/newsestlyonnais.fr\/site\/2020\/02\/17\/villeurbanne-compet-interdepartementale-de-gym-artistique\/#primaryimage","url":"https:\/\/newsestlyonnais.fr\/site\/wp-content\/uploads\/2020\/02\/NEWSESTLYONNAIS-COMEP-GYM.jpg","contentUrl":"https:\/\/newsestlyonnais.fr\/site\/wp-content\/uploads\/2020\/02\/NEWSESTLYONNAIS-COMEP-GYM.jpg","width":500,"height":707,"caption":"COMPETITION DE GYM ARTISTIQUE"},{"@type":"BreadcrumbList","@id":"https:\/\/newsestlyonnais.fr\/site\/2020\/02\/17\/villeurbanne-compet-interdepartementale-de-gym-artistique\/#breadcrumb","itemListElement":[{"@type":"ListItem","position":1,"name":"Accueil","item":"https:\/\/newsestlyonnais.fr\/site\/"},{"@type":"ListItem","position":2,"name":"VILLEURBANNE | Comp\u00e9t interd\u00e9partementale de gym artistique"}]},{"@type":"WebSite","@id":"https:\/\/newsestlyonnais.fr\/site\/#website","url":"https:\/\/newsestlyonnais.fr\/site\/","name":"News Est Lyonnais","description":"L&#039;actualit\u00e9 au plus pr\u00e8s","publisher":{"@id":"https:\/\/newsestlyonnais.fr\/site\/#organization"},"potentialAction":[{"@type":"SearchAction","target":{"@type":"EntryPoint","urlTemplate":"https:\/\/newsestlyonnais.fr\/site\/?s={search_term_string}"},"query-input":{"@type":"PropertyValueSpecification","valueRequired":true,"valueName":"search_term_string"}}],"inLanguage":"fr-FR"},{"@type":"Organization","@id":"https:\/\/newsestlyonnais.fr\/site\/#organization","name":"News EST LYONNAIS","url":"https:\/\/newsestlyonnais.fr\/site\/","logo":{"@type":"ImageObject","inLanguage":"fr-FR","@id":"https:\/\/newsestlyonnais.fr\/site\/#\/schema\/logo\/image\/","url":"","contentUrl":"","caption":"News EST LYONNAIS"},"image":{"@id":"https:\/\/newsestlyonnais.fr\/site\/#\/schema\/logo\/image\/"}},{"@type":"Person","@id":"https:\/\/newsestlyonnais.fr\/site\/#\/schema\/person\/3230d5615f390bb808365d673001e887","name":"R\u00e9dac. NEWS","sameAs":["http:\/\/www.newsestlyonnais.fr","https:\/\/www.facebook.com\/pascal.oberson.1?fref=ts","https:\/\/fr.linkedin.com\/in\/pascal-oberson-b17045113"],"url":"https:\/\/newsestlyonnais.fr\/site\/author\/nel\/"}]}},"_links":{"self":[{"href":"https:\/\/newsestlyonnais.fr\/site\/wp-json\/wp\/v2\/posts\/95372","targetHints":{"allow":["GET"]}}],"collection":[{"href":"https:\/\/newsestlyonnais.fr\/site\/wp-json\/wp\/v2\/posts"}],"about":[{"href":"https:\/\/newsestlyonnais.fr\/site\/wp-json\/wp\/v2\/types\/post"}],"author":[{"embeddable":true,"href":"https:\/\/newsestlyonnais.fr\/site\/wp-json\/wp\/v2\/users\/4"}],"replies":[{"embeddable":true,"href":"https:\/\/newsestlyonnais.fr\/site\/wp-json\/wp\/v2\/comments?post=95372"}],"version-history":[{"count":0,"href":"https:\/\/newsestlyonnais.fr\/site\/wp-json\/wp\/v2\/posts\/95372\/revisions"}],"wp:featuredmedia":[{"embeddable":true,"href":"https:\/\/newsestlyonnais.fr\/site\/wp-json\/wp\/v2\/media\/95388"}],"wp:attachment":[{"href":"https:\/\/newsestlyonnais.fr\/site\/wp-json\/wp\/v2\/media?parent=95372"}],"wp:term":[{"taxonomy":"category","embeddable":true,"href":"https:\/\/newsestlyonnais.fr\/site\/wp-json\/wp\/v2\/categories?post=95372"},{"taxonomy":"post_tag","embeddable":true,"href":"https:\/\/newsestlyonnais.fr\/site\/wp-json\/wp\/v2\/tags?post=95372"}],"curies":[{"name":"wp","href":"https:\/\/api.w.org\/{rel}","templated":true}]}}