{"id":95390,"date":"2020-02-13T07:52:57","date_gmt":"2020-02-13T06:52:57","guid":{"rendered":"http:\/\/newsestlyonnais.fr\/site\/?p=95390"},"modified":"2020-02-14T06:32:56","modified_gmt":"2020-02-14T05:32:56","slug":"chassieu-des-jeunes-de-chassieu-athle-en-demi-finales-du-championnat-de-france-de-cross","status":"publish","type":"post","link":"https:\/\/newsestlyonnais.fr\/site\/2020\/02\/13\/chassieu-des-jeunes-de-chassieu-athle-en-demi-finales-du-championnat-de-france-de-cross\/","title":{"rendered":"CHASSIEU | Des jeunes de Chassieu Athl\u00e9 performants en cross"},"content":{"rendered":"<p><strong>Mission accomplie<\/strong> pour les athl\u00e8tes entra\u00een\u00e9s par Andr\u00e9 Cimala car tous ont pass\u00e9 l\u2019\u00e9cueil des s\u00e9lections, \u00e0 la plus grande satisfaction du pr\u00e9sident du club chasseland, Herv\u00e9 Lamotte.<\/p>\n<p>Leurs classements respectifs leur assurent ainsi une place pour courir \u00e0 l\u2019occasion des \u00bd finales qui se tiendront \u00e0 nouveau \u00e0 Valence ce week-end des 15 &amp; 16 f\u00e9vrier. Pour le club, c\u2019est une grande satisfaction d\u2019avoir autant d\u2019athl\u00e8tes au d\u00e9part de cette avant-derni\u00e8re manche des championnats de cross, dont la finale se tiendra \u00e0 Montauban le week-end des 14 &amp; 15 mars prochains.<\/p>\n<p>Chassieu Athl\u00e9 sera repr\u00e9sent\u00e9 par une <strong>d\u00e9l\u00e9gation mixte<\/strong>, avec SERGENTET Eline en cadette, TEYSSIER Lisa et DOULCET Pauline en junior. Les gar\u00e7ons porteront haut les couleurs du club en cadets avec CARON Hugo, BOITARD Guillaume, GOYENETCHE St\u00e9phane et VERDIER Titouan. Marine Corneloup et Marie Barou compl\u00e8teront cette d\u00e9l\u00e9gation en minimes filles en concourant au challenge Bobin.<\/p>\n<p>Ce dernier grand rendez-vous r\u00e9gional avant l\u2019ultime \u00e9tape nationale, leur permettra de rivaliser avec les meilleurs coureurs de leurs cat\u00e9gories o\u00f9 tous les grands clubs r\u00e9gionaux r\u00e9pondront pr\u00e9sents sur des distances allant de 4.120 \u00e0 4.980 m\u00e8tres selon les classes d\u2019\u00e2ge. Le groupe pourra profiter de l\u2019exp\u00e9rience des grands rendez-vous de leur coach, <strong>Andr\u00e9 Cimala <\/strong>(champion de France au poids et vice-champion de France \u00e0 la hauteur en M65 en 2019, notamment).<\/p>\n<p>Certains athl\u00e8tes b\u00e9n\u00e9ficieront aussi de leur v\u00e9cu sur ce genre d\u2019\u00e9v\u00e8nements apr\u00e8s leurs participations \u00e0 des finales nationales ces derni\u00e8res ann\u00e9es pour Eline Sergentet &amp; Pauline Doulcet. Quant \u00e0 Lisa Teyssier, gr\u00e2ce \u00e0 sa victoire dimanche dernier au cross de la Feyssine, cette derni\u00e8re \u00e9tape r\u00e9gionale sera abord\u00e9e avec le plein de confiance.<\/p>\n<p><span style=\"text-decoration: underline\"><em><strong>PHOTO A LA UNE<\/strong><\/em><\/span> : (de gauche \u00e0 droite) : Titouan Verdier, St\u00e9phane Goyenetche, Hugo Caron, Eline Sergentet, Pauline Doulcet, Marine Corneloup, Guillaume Boitard &amp; Marie Barou.<\/p>\n<p><strong>NOTA<\/strong> : Le club organisera les <strong>10 km de Chassieu, le dimanche 26 avril 2020<\/strong>. Inscriptions ouvertes sur : <a href=\"https:\/\/www.chassieu-athle.fr\/10kmChassieu10.html#inscription\">https:\/\/www.chassieu-athle.fr\/10kmChassieu10.html#inscription<\/a><\/p>\n<ul>\n<li><strong><em>Toute l&rsquo;ACTU de Chasieu Athl\u00e9 est sur : <a href=\"https:\/\/www.chassieu-athle.fr\">https:\/\/www.chassieu-athle.fr<\/a><\/em><\/strong><\/li>\n<\/ul>\n<p><img loading=\"lazy\" decoding=\"async\" class=\"aligncenter size-full wp-image-93355\" src=\"https:\/\/newsestlyonnais.fr\/site\/medias\/2020\/01\/NEWSESTLYONNAIS-CHASSIEU-10-KM-2020.png\" alt=\"\" width=\"642\" height=\"886\" srcset=\"https:\/\/newsestlyonnais.fr\/site\/wp-content\/uploads\/2020\/01\/NEWSESTLYONNAIS-CHASSIEU-10-KM-2020.png 642w, https:\/\/newsestlyonnais.fr\/site\/wp-content\/uploads\/2020\/01\/NEWSESTLYONNAIS-CHASSIEU-10-KM-2020-400x552.png 400w, https:\/\/newsestlyonnais.fr\/site\/wp-content\/uploads\/2020\/01\/NEWSESTLYONNAIS-CHASSIEU-10-KM-2020-250x345.png 250w, https:\/\/newsestlyonnais.fr\/site\/wp-content\/uploads\/2020\/01\/NEWSESTLYONNAIS-CHASSIEU-10-KM-2020-150x207.png 150w, https:\/\/newsestlyonnais.fr\/site\/wp-content\/uploads\/2020\/01\/NEWSESTLYONNAIS-CHASSIEU-10-KM-2020-50x69.png 50w, https:\/\/newsestlyonnais.fr\/site\/wp-content\/uploads\/2020\/01\/NEWSESTLYONNAIS-CHASSIEU-10-KM-2020-100x138.png 100w, https:\/\/newsestlyonnais.fr\/site\/wp-content\/uploads\/2020\/01\/NEWSESTLYONNAIS-CHASSIEU-10-KM-2020-200x276.png 200w, https:\/\/newsestlyonnais.fr\/site\/wp-content\/uploads\/2020\/01\/NEWSESTLYONNAIS-CHASSIEU-10-KM-2020-300x414.png 300w, https:\/\/newsestlyonnais.fr\/site\/wp-content\/uploads\/2020\/01\/NEWSESTLYONNAIS-CHASSIEU-10-KM-2020-350x483.png 350w, https:\/\/newsestlyonnais.fr\/site\/wp-content\/uploads\/2020\/01\/NEWSESTLYONNAIS-CHASSIEU-10-KM-2020-450x621.png 450w, https:\/\/newsestlyonnais.fr\/site\/wp-content\/uploads\/2020\/01\/NEWSESTLYONNAIS-CHASSIEU-10-KM-2020-500x690.png 500w, https:\/\/newsestlyonnais.fr\/site\/wp-content\/uploads\/2020\/01\/NEWSESTLYONNAIS-CHASSIEU-10-KM-2020-550x759.png 550w\" sizes=\"auto, (max-width: 642px) 100vw, 642px\" \/><\/p>\n","protected":false},"excerpt":{"rendered":"<p>Plusieurs athl\u00e8tes de Chassieu Athl\u00e9 avaient rendez-vous dimanche 2 f\u00e9vrier \u00e0 Valence pour les \u00bc de finale des championnats de France de cross, r\u00e9gion AURA.<\/p>\n","protected":false},"author":4,"featured_media":95404,"comment_status":"open","ping_status":"open","sticky":false,"template":"","format":"standard","meta":{"footnotes":""},"categories":[2968,1283,2],"tags":[],"class_list":["post-95390","post","type-post","status-publish","format-standard","has-post-thumbnail","hentry","category-athle-course-pied-marche","category-chassieu-communes-diverses","category-sports"],"yoast_head":"<!-- This site is optimized with the Yoast SEO plugin v27.2 - https:\/\/yoast.com\/product\/yoast-seo-wordpress\/ -->\n<title>CHASSIEU | Des jeunes de Chassieu Athl\u00e9 performants en cross - News Est Lyonnais<\/title>\n<meta name=\"description\" content=\"CHASSIEU | Des jeunes de Chassieu Athl\u00e9 en demi-finales du championnat de France de cross\" \/>\n<meta name=\"robots\" content=\"index, follow, max-snippet:-1, max-image-preview:large, max-video-preview:-1\" \/>\n<link rel=\"canonical\" href=\"https:\/\/newsestlyonnais.fr\/site\/2020\/02\/13\/chassieu-des-jeunes-de-chassieu-athle-en-demi-finales-du-championnat-de-france-de-cross\/\" \/>\n<meta property=\"og:locale\" content=\"fr_FR\" \/>\n<meta property=\"og:type\" content=\"article\" \/>\n<meta property=\"og:title\" content=\"CHASSIEU | Des jeunes de Chassieu Athl\u00e9 performants en cross - News Est Lyonnais\" \/>\n<meta property=\"og:description\" content=\"CHASSIEU | Des jeunes de Chassieu Athl\u00e9 en demi-finales du championnat de France de cross\" \/>\n<meta property=\"og:url\" content=\"https:\/\/newsestlyonnais.fr\/site\/2020\/02\/13\/chassieu-des-jeunes-de-chassieu-athle-en-demi-finales-du-championnat-de-france-de-cross\/\" \/>\n<meta property=\"og:site_name\" content=\"News Est Lyonnais\" \/>\n<meta property=\"article:author\" content=\"https:\/\/www.facebook.com\/pascal.oberson.1?fref=ts\" \/>\n<meta property=\"article:published_time\" content=\"2020-02-13T06:52:57+00:00\" \/>\n<meta property=\"article:modified_time\" content=\"2020-02-14T05:32:56+00:00\" \/>\n<meta property=\"og:image\" content=\"https:\/\/i1.wp.com\/newsestlyonnais.fr\/site\/wp-content\/uploads\/2020\/02\/NEWSESTLYONNAIS-CHASSIEU-ATHLE-CROSS.jpg?fit=1080%2C607&ssl=1\" \/>\n\t<meta property=\"og:image:width\" content=\"1080\" \/>\n\t<meta property=\"og:image:height\" content=\"607\" \/>\n\t<meta property=\"og:image:type\" content=\"image\/jpeg\" \/>\n<meta name=\"author\" content=\"R\u00e9dac. NEWS\" \/>\n<meta name=\"twitter:card\" content=\"summary_large_image\" \/>\n<meta name=\"twitter:label1\" content=\"\u00c9crit par\" \/>\n\t<meta name=\"twitter:data1\" content=\"R\u00e9dac. NEWS\" \/>\n\t<meta name=\"twitter:label2\" content=\"Dur\u00e9e de lecture estim\u00e9e\" \/>\n\t<meta name=\"twitter:data2\" content=\"2 minutes\" \/>\n<script type=\"application\/ld+json\" class=\"yoast-schema-graph\">{\"@context\":\"https:\/\/schema.org\",\"@graph\":[{\"@type\":\"Article\",\"@id\":\"https:\/\/newsestlyonnais.fr\/site\/2020\/02\/13\/chassieu-des-jeunes-de-chassieu-athle-en-demi-finales-du-championnat-de-france-de-cross\/#article\",\"isPartOf\":{\"@id\":\"https:\/\/newsestlyonnais.fr\/site\/2020\/02\/13\/chassieu-des-jeunes-de-chassieu-athle-en-demi-finales-du-championnat-de-france-de-cross\/\"},\"author\":{\"name\":\"R\u00e9dac. NEWS\",\"@id\":\"https:\/\/newsestlyonnais.fr\/site\/#\/schema\/person\/3230d5615f390bb808365d673001e887\"},\"headline\":\"CHASSIEU | Des jeunes de Chassieu Athl\u00e9 performants en cross\",\"datePublished\":\"2020-02-13T06:52:57+00:00\",\"dateModified\":\"2020-02-14T05:32:56+00:00\",\"mainEntityOfPage\":{\"@id\":\"https:\/\/newsestlyonnais.fr\/site\/2020\/02\/13\/chassieu-des-jeunes-de-chassieu-athle-en-demi-finales-du-championnat-de-france-de-cross\/\"},\"wordCount\":367,\"commentCount\":0,\"publisher\":{\"@id\":\"https:\/\/newsestlyonnais.fr\/site\/#organization\"},\"image\":{\"@id\":\"https:\/\/newsestlyonnais.fr\/site\/2020\/02\/13\/chassieu-des-jeunes-de-chassieu-athle-en-demi-finales-du-championnat-de-france-de-cross\/#primaryimage\"},\"thumbnailUrl\":\"https:\/\/newsestlyonnais.fr\/site\/wp-content\/uploads\/2020\/02\/NEWSESTLYONNAIS-CHASSIEU-ATHLE-CROSS.jpg\",\"articleSection\":[\"Athl\u00e9 | Course pied | Marche\",\"Chassieu | Communes diverses\",\"Sports\"],\"inLanguage\":\"fr-FR\",\"potentialAction\":[{\"@type\":\"CommentAction\",\"name\":\"Comment\",\"target\":[\"https:\/\/newsestlyonnais.fr\/site\/2020\/02\/13\/chassieu-des-jeunes-de-chassieu-athle-en-demi-finales-du-championnat-de-france-de-cross\/#respond\"]}]},{\"@type\":\"WebPage\",\"@id\":\"https:\/\/newsestlyonnais.fr\/site\/2020\/02\/13\/chassieu-des-jeunes-de-chassieu-athle-en-demi-finales-du-championnat-de-france-de-cross\/\",\"url\":\"https:\/\/newsestlyonnais.fr\/site\/2020\/02\/13\/chassieu-des-jeunes-de-chassieu-athle-en-demi-finales-du-championnat-de-france-de-cross\/\",\"name\":\"CHASSIEU | Des jeunes de Chassieu Athl\u00e9 performants en cross - News Est Lyonnais\",\"isPartOf\":{\"@id\":\"https:\/\/newsestlyonnais.fr\/site\/#website\"},\"primaryImageOfPage\":{\"@id\":\"https:\/\/newsestlyonnais.fr\/site\/2020\/02\/13\/chassieu-des-jeunes-de-chassieu-athle-en-demi-finales-du-championnat-de-france-de-cross\/#primaryimage\"},\"image\":{\"@id\":\"https:\/\/newsestlyonnais.fr\/site\/2020\/02\/13\/chassieu-des-jeunes-de-chassieu-athle-en-demi-finales-du-championnat-de-france-de-cross\/#primaryimage\"},\"thumbnailUrl\":\"https:\/\/newsestlyonnais.fr\/site\/wp-content\/uploads\/2020\/02\/NEWSESTLYONNAIS-CHASSIEU-ATHLE-CROSS.jpg\",\"datePublished\":\"2020-02-13T06:52:57+00:00\",\"dateModified\":\"2020-02-14T05:32:56+00:00\",\"description\":\"CHASSIEU | Des jeunes de Chassieu Athl\u00e9 en demi-finales du championnat de France de cross\",\"breadcrumb\":{\"@id\":\"https:\/\/newsestlyonnais.fr\/site\/2020\/02\/13\/chassieu-des-jeunes-de-chassieu-athle-en-demi-finales-du-championnat-de-france-de-cross\/#breadcrumb\"},\"inLanguage\":\"fr-FR\",\"potentialAction\":[{\"@type\":\"ReadAction\",\"target\":[\"https:\/\/newsestlyonnais.fr\/site\/2020\/02\/13\/chassieu-des-jeunes-de-chassieu-athle-en-demi-finales-du-championnat-de-france-de-cross\/\"]}]},{\"@type\":\"ImageObject\",\"inLanguage\":\"fr-FR\",\"@id\":\"https:\/\/newsestlyonnais.fr\/site\/2020\/02\/13\/chassieu-des-jeunes-de-chassieu-athle-en-demi-finales-du-championnat-de-france-de-cross\/#primaryimage\",\"url\":\"https:\/\/newsestlyonnais.fr\/site\/wp-content\/uploads\/2020\/02\/NEWSESTLYONNAIS-CHASSIEU-ATHLE-CROSS.jpg\",\"contentUrl\":\"https:\/\/newsestlyonnais.fr\/site\/wp-content\/uploads\/2020\/02\/NEWSESTLYONNAIS-CHASSIEU-ATHLE-CROSS.jpg\",\"width\":1080,\"height\":607},{\"@type\":\"BreadcrumbList\",\"@id\":\"https:\/\/newsestlyonnais.fr\/site\/2020\/02\/13\/chassieu-des-jeunes-de-chassieu-athle-en-demi-finales-du-championnat-de-france-de-cross\/#breadcrumb\",\"itemListElement\":[{\"@type\":\"ListItem\",\"position\":1,\"name\":\"Accueil\",\"item\":\"https:\/\/newsestlyonnais.fr\/site\/\"},{\"@type\":\"ListItem\",\"position\":2,\"name\":\"CHASSIEU | Des jeunes de Chassieu Athl\u00e9 performants en cross\"}]},{\"@type\":\"WebSite\",\"@id\":\"https:\/\/newsestlyonnais.fr\/site\/#website\",\"url\":\"https:\/\/newsestlyonnais.fr\/site\/\",\"name\":\"News Est Lyonnais\",\"description\":\"L&#039;actualit\u00e9 au plus pr\u00e8s\",\"publisher\":{\"@id\":\"https:\/\/newsestlyonnais.fr\/site\/#organization\"},\"potentialAction\":[{\"@type\":\"SearchAction\",\"target\":{\"@type\":\"EntryPoint\",\"urlTemplate\":\"https:\/\/newsestlyonnais.fr\/site\/?s={search_term_string}\"},\"query-input\":{\"@type\":\"PropertyValueSpecification\",\"valueRequired\":true,\"valueName\":\"search_term_string\"}}],\"inLanguage\":\"fr-FR\"},{\"@type\":\"Organization\",\"@id\":\"https:\/\/newsestlyonnais.fr\/site\/#organization\",\"name\":\"News EST LYONNAIS\",\"url\":\"https:\/\/newsestlyonnais.fr\/site\/\",\"logo\":{\"@type\":\"ImageObject\",\"inLanguage\":\"fr-FR\",\"@id\":\"https:\/\/newsestlyonnais.fr\/site\/#\/schema\/logo\/image\/\",\"url\":\"\",\"contentUrl\":\"\",\"caption\":\"News EST LYONNAIS\"},\"image\":{\"@id\":\"https:\/\/newsestlyonnais.fr\/site\/#\/schema\/logo\/image\/\"}},{\"@type\":\"Person\",\"@id\":\"https:\/\/newsestlyonnais.fr\/site\/#\/schema\/person\/3230d5615f390bb808365d673001e887\",\"name\":\"R\u00e9dac. NEWS\",\"sameAs\":[\"http:\/\/www.newsestlyonnais.fr\",\"https:\/\/www.facebook.com\/pascal.oberson.1?fref=ts\",\"https:\/\/fr.linkedin.com\/in\/pascal-oberson-b17045113\"],\"url\":\"https:\/\/newsestlyonnais.fr\/site\/author\/nel\/\"}]}<\/script>\n<!-- \/ Yoast SEO plugin. -->","yoast_head_json":{"title":"CHASSIEU | Des jeunes de Chassieu Athl\u00e9 performants en cross - News Est Lyonnais","description":"CHASSIEU | Des jeunes de Chassieu Athl\u00e9 en demi-finales du championnat de France de cross","robots":{"index":"index","follow":"follow","max-snippet":"max-snippet:-1","max-image-preview":"max-image-preview:large","max-video-preview":"max-video-preview:-1"},"canonical":"https:\/\/newsestlyonnais.fr\/site\/2020\/02\/13\/chassieu-des-jeunes-de-chassieu-athle-en-demi-finales-du-championnat-de-france-de-cross\/","og_locale":"fr_FR","og_type":"article","og_title":"CHASSIEU | Des jeunes de Chassieu Athl\u00e9 performants en cross - News Est Lyonnais","og_description":"CHASSIEU | Des jeunes de Chassieu Athl\u00e9 en demi-finales du championnat de France de cross","og_url":"https:\/\/newsestlyonnais.fr\/site\/2020\/02\/13\/chassieu-des-jeunes-de-chassieu-athle-en-demi-finales-du-championnat-de-france-de-cross\/","og_site_name":"News Est Lyonnais","article_author":"https:\/\/www.facebook.com\/pascal.oberson.1?fref=ts","article_published_time":"2020-02-13T06:52:57+00:00","article_modified_time":"2020-02-14T05:32:56+00:00","og_image":[{"width":1080,"height":607,"url":"https:\/\/i1.wp.com\/newsestlyonnais.fr\/site\/wp-content\/uploads\/2020\/02\/NEWSESTLYONNAIS-CHASSIEU-ATHLE-CROSS.jpg?fit=1080%2C607&ssl=1","type":"image\/jpeg"}],"author":"R\u00e9dac. NEWS","twitter_card":"summary_large_image","twitter_misc":{"\u00c9crit par":"R\u00e9dac. NEWS","Dur\u00e9e de lecture estim\u00e9e":"2 minutes"},"schema":{"@context":"https:\/\/schema.org","@graph":[{"@type":"Article","@id":"https:\/\/newsestlyonnais.fr\/site\/2020\/02\/13\/chassieu-des-jeunes-de-chassieu-athle-en-demi-finales-du-championnat-de-france-de-cross\/#article","isPartOf":{"@id":"https:\/\/newsestlyonnais.fr\/site\/2020\/02\/13\/chassieu-des-jeunes-de-chassieu-athle-en-demi-finales-du-championnat-de-france-de-cross\/"},"author":{"name":"R\u00e9dac. NEWS","@id":"https:\/\/newsestlyonnais.fr\/site\/#\/schema\/person\/3230d5615f390bb808365d673001e887"},"headline":"CHASSIEU | Des jeunes de Chassieu Athl\u00e9 performants en cross","datePublished":"2020-02-13T06:52:57+00:00","dateModified":"2020-02-14T05:32:56+00:00","mainEntityOfPage":{"@id":"https:\/\/newsestlyonnais.fr\/site\/2020\/02\/13\/chassieu-des-jeunes-de-chassieu-athle-en-demi-finales-du-championnat-de-france-de-cross\/"},"wordCount":367,"commentCount":0,"publisher":{"@id":"https:\/\/newsestlyonnais.fr\/site\/#organization"},"image":{"@id":"https:\/\/newsestlyonnais.fr\/site\/2020\/02\/13\/chassieu-des-jeunes-de-chassieu-athle-en-demi-finales-du-championnat-de-france-de-cross\/#primaryimage"},"thumbnailUrl":"https:\/\/newsestlyonnais.fr\/site\/wp-content\/uploads\/2020\/02\/NEWSESTLYONNAIS-CHASSIEU-ATHLE-CROSS.jpg","articleSection":["Athl\u00e9 | Course pied | Marche","Chassieu | Communes diverses","Sports"],"inLanguage":"fr-FR","potentialAction":[{"@type":"CommentAction","name":"Comment","target":["https:\/\/newsestlyonnais.fr\/site\/2020\/02\/13\/chassieu-des-jeunes-de-chassieu-athle-en-demi-finales-du-championnat-de-france-de-cross\/#respond"]}]},{"@type":"WebPage","@id":"https:\/\/newsestlyonnais.fr\/site\/2020\/02\/13\/chassieu-des-jeunes-de-chassieu-athle-en-demi-finales-du-championnat-de-france-de-cross\/","url":"https:\/\/newsestlyonnais.fr\/site\/2020\/02\/13\/chassieu-des-jeunes-de-chassieu-athle-en-demi-finales-du-championnat-de-france-de-cross\/","name":"CHASSIEU | Des jeunes de Chassieu Athl\u00e9 performants en cross - News Est Lyonnais","isPartOf":{"@id":"https:\/\/newsestlyonnais.fr\/site\/#website"},"primaryImageOfPage":{"@id":"https:\/\/newsestlyonnais.fr\/site\/2020\/02\/13\/chassieu-des-jeunes-de-chassieu-athle-en-demi-finales-du-championnat-de-france-de-cross\/#primaryimage"},"image":{"@id":"https:\/\/newsestlyonnais.fr\/site\/2020\/02\/13\/chassieu-des-jeunes-de-chassieu-athle-en-demi-finales-du-championnat-de-france-de-cross\/#primaryimage"},"thumbnailUrl":"https:\/\/newsestlyonnais.fr\/site\/wp-content\/uploads\/2020\/02\/NEWSESTLYONNAIS-CHASSIEU-ATHLE-CROSS.jpg","datePublished":"2020-02-13T06:52:57+00:00","dateModified":"2020-02-14T05:32:56+00:00","description":"CHASSIEU | Des jeunes de Chassieu Athl\u00e9 en demi-finales du championnat de France de cross","breadcrumb":{"@id":"https:\/\/newsestlyonnais.fr\/site\/2020\/02\/13\/chassieu-des-jeunes-de-chassieu-athle-en-demi-finales-du-championnat-de-france-de-cross\/#breadcrumb"},"inLanguage":"fr-FR","potentialAction":[{"@type":"ReadAction","target":["https:\/\/newsestlyonnais.fr\/site\/2020\/02\/13\/chassieu-des-jeunes-de-chassieu-athle-en-demi-finales-du-championnat-de-france-de-cross\/"]}]},{"@type":"ImageObject","inLanguage":"fr-FR","@id":"https:\/\/newsestlyonnais.fr\/site\/2020\/02\/13\/chassieu-des-jeunes-de-chassieu-athle-en-demi-finales-du-championnat-de-france-de-cross\/#primaryimage","url":"https:\/\/newsestlyonnais.fr\/site\/wp-content\/uploads\/2020\/02\/NEWSESTLYONNAIS-CHASSIEU-ATHLE-CROSS.jpg","contentUrl":"https:\/\/newsestlyonnais.fr\/site\/wp-content\/uploads\/2020\/02\/NEWSESTLYONNAIS-CHASSIEU-ATHLE-CROSS.jpg","width":1080,"height":607},{"@type":"BreadcrumbList","@id":"https:\/\/newsestlyonnais.fr\/site\/2020\/02\/13\/chassieu-des-jeunes-de-chassieu-athle-en-demi-finales-du-championnat-de-france-de-cross\/#breadcrumb","itemListElement":[{"@type":"ListItem","position":1,"name":"Accueil","item":"https:\/\/newsestlyonnais.fr\/site\/"},{"@type":"ListItem","position":2,"name":"CHASSIEU | Des jeunes de Chassieu Athl\u00e9 performants en cross"}]},{"@type":"WebSite","@id":"https:\/\/newsestlyonnais.fr\/site\/#website","url":"https:\/\/newsestlyonnais.fr\/site\/","name":"News Est Lyonnais","description":"L&#039;actualit\u00e9 au plus pr\u00e8s","publisher":{"@id":"https:\/\/newsestlyonnais.fr\/site\/#organization"},"potentialAction":[{"@type":"SearchAction","target":{"@type":"EntryPoint","urlTemplate":"https:\/\/newsestlyonnais.fr\/site\/?s={search_term_string}"},"query-input":{"@type":"PropertyValueSpecification","valueRequired":true,"valueName":"search_term_string"}}],"inLanguage":"fr-FR"},{"@type":"Organization","@id":"https:\/\/newsestlyonnais.fr\/site\/#organization","name":"News EST LYONNAIS","url":"https:\/\/newsestlyonnais.fr\/site\/","logo":{"@type":"ImageObject","inLanguage":"fr-FR","@id":"https:\/\/newsestlyonnais.fr\/site\/#\/schema\/logo\/image\/","url":"","contentUrl":"","caption":"News EST LYONNAIS"},"image":{"@id":"https:\/\/newsestlyonnais.fr\/site\/#\/schema\/logo\/image\/"}},{"@type":"Person","@id":"https:\/\/newsestlyonnais.fr\/site\/#\/schema\/person\/3230d5615f390bb808365d673001e887","name":"R\u00e9dac. NEWS","sameAs":["http:\/\/www.newsestlyonnais.fr","https:\/\/www.facebook.com\/pascal.oberson.1?fref=ts","https:\/\/fr.linkedin.com\/in\/pascal-oberson-b17045113"],"url":"https:\/\/newsestlyonnais.fr\/site\/author\/nel\/"}]}},"_links":{"self":[{"href":"https:\/\/newsestlyonnais.fr\/site\/wp-json\/wp\/v2\/posts\/95390","targetHints":{"allow":["GET"]}}],"collection":[{"href":"https:\/\/newsestlyonnais.fr\/site\/wp-json\/wp\/v2\/posts"}],"about":[{"href":"https:\/\/newsestlyonnais.fr\/site\/wp-json\/wp\/v2\/types\/post"}],"author":[{"embeddable":true,"href":"https:\/\/newsestlyonnais.fr\/site\/wp-json\/wp\/v2\/users\/4"}],"replies":[{"embeddable":true,"href":"https:\/\/newsestlyonnais.fr\/site\/wp-json\/wp\/v2\/comments?post=95390"}],"version-history":[{"count":0,"href":"https:\/\/newsestlyonnais.fr\/site\/wp-json\/wp\/v2\/posts\/95390\/revisions"}],"wp:featuredmedia":[{"embeddable":true,"href":"https:\/\/newsestlyonnais.fr\/site\/wp-json\/wp\/v2\/media\/95404"}],"wp:attachment":[{"href":"https:\/\/newsestlyonnais.fr\/site\/wp-json\/wp\/v2\/media?parent=95390"}],"wp:term":[{"taxonomy":"category","embeddable":true,"href":"https:\/\/newsestlyonnais.fr\/site\/wp-json\/wp\/v2\/categories?post=95390"},{"taxonomy":"post_tag","embeddable":true,"href":"https:\/\/newsestlyonnais.fr\/site\/wp-json\/wp\/v2\/tags?post=95390"}],"curies":[{"name":"wp","href":"https:\/\/api.w.org\/{rel}","templated":true}]}}