{"id":95423,"date":"2020-02-13T16:18:30","date_gmt":"2020-02-13T15:18:30","guid":{"rendered":"http:\/\/newsestlyonnais.fr\/site\/?p=95423"},"modified":"2020-02-14T16:00:40","modified_gmt":"2020-02-14T15:00:40","slug":"meyzieu-le-semi-charge-de-mobilier-et-materiel-pour-larmenie-est-parti","status":"publish","type":"post","link":"https:\/\/newsestlyonnais.fr\/site\/2020\/02\/13\/meyzieu-le-semi-charge-de-mobilier-et-materiel-pour-larmenie-est-parti\/","title":{"rendered":"MEYZIEU | Le semi charg\u00e9 de mobilier et mat\u00e9riel pour l&rsquo;Arm\u00e9nie est parti"},"content":{"rendered":"<p>En juin dernier, l&rsquo;ambassadrice d\u2019Arm\u00e9nie en France, Hasmik Tolmadjian et la Vice-Consule Gayan\u00e9 Manukyan \u00e9taient en visite sur la commune majolane. Le mois suivant c&rsquo;est une d\u00e9l\u00e9gation majolane (\u00e9lus accompagn\u00e9s d&rsquo;Antoine Echo, Pr\u00e9sident de l\u2019AMASC*) qui s&rsquo;est rendue en Arm\u00e9nie.<\/p>\n<p>Apr\u00e8s une visite de la ville, d&rsquo;\u00e9coles et sites culturels, les Majolans sont revenus avec le projet de mettre en place une action concr\u00e8te entre les deux communes. La Ville de Meyzieu a d\u00e9cid\u00e9 d\u2019envoyer du mat\u00e9riel \u00e0 la Ville de Hrazdan en fournissant du mobilier de bureau et des livres pour les \u00e9coles. Depuis la rentr\u00e9e de septembre, une grande collecte a \u00e9t\u00e9 mise en place aupr\u00e8s des diff\u00e9rents services de la Ville et de nombreuses \u00e9coles. Parmi les divers\u00a0 partenaires sollicit\u00e9s, l\u2019EPM (\u00e9tablissement p\u00e9nitentiaire pour mineurs) a fait don de matelas. Ont aussi \u00e9t\u00e9 r\u00e9cup\u00e9r\u00e9s du mobilier de bureau pour les \u00e9coles maternelles notamment, des livres et diverses fournitures (<strong>PHOTO A LA UNE).<\/strong><\/p>\n<p>C&rsquo;est l\u2019AMASC, partenaire de la Ville pour cette op\u00e9ration qui s\u2019est occup\u00e9 de l\u2019acheminement de tout ce mat\u00e9riel avec le soutien de la R\u00e9gion Auvergne-Rh\u00f4ne-Alpes. Apr\u00e8s le discours des officiels pr\u00e9sents, dont le maire Christophe Quiniou et la Vice-Consule Gayan\u00e9 Manukyan, il a \u00e9t\u00e9 proc\u00e9d\u00e9 ce jour, au d\u00e9part de ce semi-remorque pour l\u2019Arm\u00e9nie vers 13 heures des anciens locaux de la Sof\u00e9come, rue Jean Jaur\u00e8s, du site o\u00f9 se dressera le futur lyc\u00e9e de l&rsquo;est lyonnais \u00ab\u00a0Colonel Arnaud-Beltrame\u00a0\u00bb.<\/p>\n<p><span style=\"text-decoration: underline\"><strong><em>NOTA :<\/em><\/strong><\/span> la signature du pacte d&rsquo;amiti\u00e9 entre les 2 communes est pr\u00e9vue pour le printemps prochain, apr\u00e8s les \u00e9lections.<\/p>\n<p>* <span style=\"color: #0000ff\"><strong>AMASC<\/strong><\/span> : Association Majolane Arm\u00e9nienne pour la Solidarit\u00e9 et la Culture<\/p>\n<div id='gallery-1' class='gallery galleryid-95423 gallery-columns-3 gallery-size-thumbnail'><figure class='gallery-item'>\n\t\t\t<div class='gallery-icon landscape'>\n\t\t\t\t<a href='https:\/\/newsestlyonnais.fr\/site\/2020\/02\/13\/meyzieu-le-semi-charge-de-mobilier-et-materiel-pour-larmenie-est-parti\/newsestlyonnais-meyzieu-amasc-02\/'><img loading=\"lazy\" decoding=\"async\" width=\"150\" height=\"100\" src=\"https:\/\/newsestlyonnais.fr\/site\/wp-content\/uploads\/2020\/02\/NEWSESTLYONNAIS-MEYZIEU-AMASC-02-250x167.jpg\" class=\"attachment-thumbnail size-thumbnail\" alt=\"\" aria-describedby=\"gallery-1-95454\" srcset=\"https:\/\/newsestlyonnais.fr\/site\/wp-content\/uploads\/2020\/02\/NEWSESTLYONNAIS-MEYZIEU-AMASC-02-250x167.jpg 250w, https:\/\/newsestlyonnais.fr\/site\/wp-content\/uploads\/2020\/02\/NEWSESTLYONNAIS-MEYZIEU-AMASC-02-400x267.jpg 400w, https:\/\/newsestlyonnais.fr\/site\/wp-content\/uploads\/2020\/02\/NEWSESTLYONNAIS-MEYZIEU-AMASC-02-650x433.jpg 650w, https:\/\/newsestlyonnais.fr\/site\/wp-content\/uploads\/2020\/02\/NEWSESTLYONNAIS-MEYZIEU-AMASC-02-768x512.jpg 768w, https:\/\/newsestlyonnais.fr\/site\/wp-content\/uploads\/2020\/02\/NEWSESTLYONNAIS-MEYZIEU-AMASC-02-150x100.jpg 150w, https:\/\/newsestlyonnais.fr\/site\/wp-content\/uploads\/2020\/02\/NEWSESTLYONNAIS-MEYZIEU-AMASC-02-50x33.jpg 50w, https:\/\/newsestlyonnais.fr\/site\/wp-content\/uploads\/2020\/02\/NEWSESTLYONNAIS-MEYZIEU-AMASC-02-100x67.jpg 100w, https:\/\/newsestlyonnais.fr\/site\/wp-content\/uploads\/2020\/02\/NEWSESTLYONNAIS-MEYZIEU-AMASC-02-200x133.jpg 200w, https:\/\/newsestlyonnais.fr\/site\/wp-content\/uploads\/2020\/02\/NEWSESTLYONNAIS-MEYZIEU-AMASC-02-300x200.jpg 300w, https:\/\/newsestlyonnais.fr\/site\/wp-content\/uploads\/2020\/02\/NEWSESTLYONNAIS-MEYZIEU-AMASC-02-350x233.jpg 350w, https:\/\/newsestlyonnais.fr\/site\/wp-content\/uploads\/2020\/02\/NEWSESTLYONNAIS-MEYZIEU-AMASC-02-450x300.jpg 450w, https:\/\/newsestlyonnais.fr\/site\/wp-content\/uploads\/2020\/02\/NEWSESTLYONNAIS-MEYZIEU-AMASC-02-500x333.jpg 500w, https:\/\/newsestlyonnais.fr\/site\/wp-content\/uploads\/2020\/02\/NEWSESTLYONNAIS-MEYZIEU-AMASC-02-550x367.jpg 550w, https:\/\/newsestlyonnais.fr\/site\/wp-content\/uploads\/2020\/02\/NEWSESTLYONNAIS-MEYZIEU-AMASC-02-800x533.jpg 800w, https:\/\/newsestlyonnais.fr\/site\/wp-content\/uploads\/2020\/02\/NEWSESTLYONNAIS-MEYZIEU-AMASC-02.jpg 1200w\" sizes=\"auto, (max-width: 150px) 100vw, 150px\" \/><\/a>\n\t\t\t<\/div>\n\t\t\t\t<figcaption class='wp-caption-text gallery-caption' id='gallery-1-95454'>\n\t\t\t\tLe discours des personnalit\u00e9s avant le d\u00e9part du semi\n\t\t\t\t<\/figcaption><\/figure><figure class='gallery-item'>\n\t\t\t<div class='gallery-icon landscape'>\n\t\t\t\t<a href='https:\/\/newsestlyonnais.fr\/site\/2020\/02\/13\/meyzieu-le-semi-charge-de-mobilier-et-materiel-pour-larmenie-est-parti\/newsestlyonnais-meyzieu-amasc-03\/'><img loading=\"lazy\" decoding=\"async\" width=\"150\" height=\"100\" src=\"https:\/\/newsestlyonnais.fr\/site\/wp-content\/uploads\/2020\/02\/NEWSESTLYONNAIS-MEYZIEU-AMASC-03-250x167.jpg\" class=\"attachment-thumbnail size-thumbnail\" alt=\"\" aria-describedby=\"gallery-1-95456\" srcset=\"https:\/\/newsestlyonnais.fr\/site\/wp-content\/uploads\/2020\/02\/NEWSESTLYONNAIS-MEYZIEU-AMASC-03-250x167.jpg 250w, https:\/\/newsestlyonnais.fr\/site\/wp-content\/uploads\/2020\/02\/NEWSESTLYONNAIS-MEYZIEU-AMASC-03-400x267.jpg 400w, https:\/\/newsestlyonnais.fr\/site\/wp-content\/uploads\/2020\/02\/NEWSESTLYONNAIS-MEYZIEU-AMASC-03-650x433.jpg 650w, https:\/\/newsestlyonnais.fr\/site\/wp-content\/uploads\/2020\/02\/NEWSESTLYONNAIS-MEYZIEU-AMASC-03-768x512.jpg 768w, https:\/\/newsestlyonnais.fr\/site\/wp-content\/uploads\/2020\/02\/NEWSESTLYONNAIS-MEYZIEU-AMASC-03-150x100.jpg 150w, https:\/\/newsestlyonnais.fr\/site\/wp-content\/uploads\/2020\/02\/NEWSESTLYONNAIS-MEYZIEU-AMASC-03-50x33.jpg 50w, https:\/\/newsestlyonnais.fr\/site\/wp-content\/uploads\/2020\/02\/NEWSESTLYONNAIS-MEYZIEU-AMASC-03-100x67.jpg 100w, https:\/\/newsestlyonnais.fr\/site\/wp-content\/uploads\/2020\/02\/NEWSESTLYONNAIS-MEYZIEU-AMASC-03-200x133.jpg 200w, https:\/\/newsestlyonnais.fr\/site\/wp-content\/uploads\/2020\/02\/NEWSESTLYONNAIS-MEYZIEU-AMASC-03-300x200.jpg 300w, https:\/\/newsestlyonnais.fr\/site\/wp-content\/uploads\/2020\/02\/NEWSESTLYONNAIS-MEYZIEU-AMASC-03-350x233.jpg 350w, https:\/\/newsestlyonnais.fr\/site\/wp-content\/uploads\/2020\/02\/NEWSESTLYONNAIS-MEYZIEU-AMASC-03-450x300.jpg 450w, https:\/\/newsestlyonnais.fr\/site\/wp-content\/uploads\/2020\/02\/NEWSESTLYONNAIS-MEYZIEU-AMASC-03-500x333.jpg 500w, https:\/\/newsestlyonnais.fr\/site\/wp-content\/uploads\/2020\/02\/NEWSESTLYONNAIS-MEYZIEU-AMASC-03-550x367.jpg 550w, https:\/\/newsestlyonnais.fr\/site\/wp-content\/uploads\/2020\/02\/NEWSESTLYONNAIS-MEYZIEU-AMASC-03-800x533.jpg 800w, https:\/\/newsestlyonnais.fr\/site\/wp-content\/uploads\/2020\/02\/NEWSESTLYONNAIS-MEYZIEU-AMASC-03.jpg 1200w\" sizes=\"auto, (max-width: 150px) 100vw, 150px\" \/><\/a>\n\t\t\t<\/div>\n\t\t\t\t<figcaption class='wp-caption-text gallery-caption' id='gallery-1-95456'>\n\t\t\t\tUn semi rempli de mobilier, livres, matelas et fournitures\n\t\t\t\t<\/figcaption><\/figure>\n\t\t<\/div>\n\n","protected":false},"excerpt":{"rendered":"<p>Depuis 2018, les contacts se sont accentu\u00e9s entre Meyzieu et Hrazdan, ville arm\u00e9nienne situ\u00e9e \u00e0 60 kilom\u00e8tres de la capitale Erevan. <\/p>\n","protected":false},"author":4,"featured_media":95452,"comment_status":"open","ping_status":"open","sticky":false,"template":"","format":"standard","meta":{"footnotes":""},"categories":[24,18,173],"tags":[],"class_list":["post-95423","post","type-post","status-publish","format-standard","has-post-thumbnail","hentry","category-meyzieu","category-sante-bien-etre-solidarite","category-scolaire"],"yoast_head":"<!-- This site is optimized with the Yoast SEO plugin v27.2 - https:\/\/yoast.com\/product\/yoast-seo-wordpress\/ -->\n<title>MEYZIEU | Le semi charg\u00e9 de mobilier et mat\u00e9riel pour l&#039;Arm\u00e9nie est parti - News Est Lyonnais<\/title>\n<meta name=\"description\" content=\"MEYZIEU | Le semi charg\u00e9 de mobilier et mat\u00e9riel pour l&#039;Arm\u00e9nie est parti\" \/>\n<meta name=\"robots\" content=\"index, follow, max-snippet:-1, max-image-preview:large, max-video-preview:-1\" \/>\n<link rel=\"canonical\" href=\"https:\/\/newsestlyonnais.fr\/site\/2020\/02\/13\/meyzieu-le-semi-charge-de-mobilier-et-materiel-pour-larmenie-est-parti\/\" \/>\n<meta property=\"og:locale\" content=\"fr_FR\" \/>\n<meta property=\"og:type\" content=\"article\" \/>\n<meta property=\"og:title\" content=\"MEYZIEU | Le semi charg\u00e9 de mobilier et mat\u00e9riel pour l&#039;Arm\u00e9nie est parti - News Est Lyonnais\" \/>\n<meta property=\"og:description\" content=\"MEYZIEU | Le semi charg\u00e9 de mobilier et mat\u00e9riel pour l&#039;Arm\u00e9nie est parti\" \/>\n<meta property=\"og:url\" content=\"https:\/\/newsestlyonnais.fr\/site\/2020\/02\/13\/meyzieu-le-semi-charge-de-mobilier-et-materiel-pour-larmenie-est-parti\/\" \/>\n<meta property=\"og:site_name\" content=\"News Est Lyonnais\" \/>\n<meta property=\"article:author\" content=\"https:\/\/www.facebook.com\/pascal.oberson.1?fref=ts\" \/>\n<meta property=\"article:published_time\" content=\"2020-02-13T15:18:30+00:00\" \/>\n<meta property=\"article:modified_time\" content=\"2020-02-14T15:00:40+00:00\" \/>\n<meta property=\"og:image\" content=\"https:\/\/i0.wp.com\/newsestlyonnais.fr\/site\/wp-content\/uploads\/2020\/02\/NEWSESTLYONNAIS-MEYZIEU-AMASC-01.jpg?fit=720%2C960&ssl=1\" \/>\n\t<meta property=\"og:image:width\" content=\"720\" \/>\n\t<meta property=\"og:image:height\" content=\"960\" \/>\n\t<meta property=\"og:image:type\" content=\"image\/jpeg\" \/>\n<meta name=\"author\" content=\"R\u00e9dac. NEWS\" \/>\n<meta name=\"twitter:card\" content=\"summary_large_image\" \/>\n<meta name=\"twitter:label1\" content=\"\u00c9crit par\" \/>\n\t<meta name=\"twitter:data1\" content=\"R\u00e9dac. NEWS\" \/>\n\t<meta name=\"twitter:label2\" content=\"Dur\u00e9e de lecture estim\u00e9e\" \/>\n\t<meta name=\"twitter:data2\" content=\"2 minutes\" \/>\n<script type=\"application\/ld+json\" class=\"yoast-schema-graph\">{\"@context\":\"https:\/\/schema.org\",\"@graph\":[{\"@type\":\"Article\",\"@id\":\"https:\/\/newsestlyonnais.fr\/site\/2020\/02\/13\/meyzieu-le-semi-charge-de-mobilier-et-materiel-pour-larmenie-est-parti\/#article\",\"isPartOf\":{\"@id\":\"https:\/\/newsestlyonnais.fr\/site\/2020\/02\/13\/meyzieu-le-semi-charge-de-mobilier-et-materiel-pour-larmenie-est-parti\/\"},\"author\":{\"name\":\"R\u00e9dac. NEWS\",\"@id\":\"https:\/\/newsestlyonnais.fr\/site\/#\/schema\/person\/3230d5615f390bb808365d673001e887\"},\"headline\":\"MEYZIEU | Le semi charg\u00e9 de mobilier et mat\u00e9riel pour l&rsquo;Arm\u00e9nie est parti\",\"datePublished\":\"2020-02-13T15:18:30+00:00\",\"dateModified\":\"2020-02-14T15:00:40+00:00\",\"mainEntityOfPage\":{\"@id\":\"https:\/\/newsestlyonnais.fr\/site\/2020\/02\/13\/meyzieu-le-semi-charge-de-mobilier-et-materiel-pour-larmenie-est-parti\/\"},\"wordCount\":328,\"commentCount\":0,\"publisher\":{\"@id\":\"https:\/\/newsestlyonnais.fr\/site\/#organization\"},\"image\":{\"@id\":\"https:\/\/newsestlyonnais.fr\/site\/2020\/02\/13\/meyzieu-le-semi-charge-de-mobilier-et-materiel-pour-larmenie-est-parti\/#primaryimage\"},\"thumbnailUrl\":\"https:\/\/newsestlyonnais.fr\/site\/wp-content\/uploads\/2020\/02\/NEWSESTLYONNAIS-MEYZIEU-AMASC-01.jpg\",\"articleSection\":[\"Meyzieu\",\"Sant\u00e9 | Bien Etre | Solidarit\u00e9\",\"Scolaire\"],\"inLanguage\":\"fr-FR\",\"potentialAction\":[{\"@type\":\"CommentAction\",\"name\":\"Comment\",\"target\":[\"https:\/\/newsestlyonnais.fr\/site\/2020\/02\/13\/meyzieu-le-semi-charge-de-mobilier-et-materiel-pour-larmenie-est-parti\/#respond\"]}]},{\"@type\":\"WebPage\",\"@id\":\"https:\/\/newsestlyonnais.fr\/site\/2020\/02\/13\/meyzieu-le-semi-charge-de-mobilier-et-materiel-pour-larmenie-est-parti\/\",\"url\":\"https:\/\/newsestlyonnais.fr\/site\/2020\/02\/13\/meyzieu-le-semi-charge-de-mobilier-et-materiel-pour-larmenie-est-parti\/\",\"name\":\"MEYZIEU | Le semi charg\u00e9 de mobilier et mat\u00e9riel pour l'Arm\u00e9nie est parti - News Est Lyonnais\",\"isPartOf\":{\"@id\":\"https:\/\/newsestlyonnais.fr\/site\/#website\"},\"primaryImageOfPage\":{\"@id\":\"https:\/\/newsestlyonnais.fr\/site\/2020\/02\/13\/meyzieu-le-semi-charge-de-mobilier-et-materiel-pour-larmenie-est-parti\/#primaryimage\"},\"image\":{\"@id\":\"https:\/\/newsestlyonnais.fr\/site\/2020\/02\/13\/meyzieu-le-semi-charge-de-mobilier-et-materiel-pour-larmenie-est-parti\/#primaryimage\"},\"thumbnailUrl\":\"https:\/\/newsestlyonnais.fr\/site\/wp-content\/uploads\/2020\/02\/NEWSESTLYONNAIS-MEYZIEU-AMASC-01.jpg\",\"datePublished\":\"2020-02-13T15:18:30+00:00\",\"dateModified\":\"2020-02-14T15:00:40+00:00\",\"description\":\"MEYZIEU | Le semi charg\u00e9 de mobilier et mat\u00e9riel pour l'Arm\u00e9nie est parti\",\"breadcrumb\":{\"@id\":\"https:\/\/newsestlyonnais.fr\/site\/2020\/02\/13\/meyzieu-le-semi-charge-de-mobilier-et-materiel-pour-larmenie-est-parti\/#breadcrumb\"},\"inLanguage\":\"fr-FR\",\"potentialAction\":[{\"@type\":\"ReadAction\",\"target\":[\"https:\/\/newsestlyonnais.fr\/site\/2020\/02\/13\/meyzieu-le-semi-charge-de-mobilier-et-materiel-pour-larmenie-est-parti\/\"]}]},{\"@type\":\"ImageObject\",\"inLanguage\":\"fr-FR\",\"@id\":\"https:\/\/newsestlyonnais.fr\/site\/2020\/02\/13\/meyzieu-le-semi-charge-de-mobilier-et-materiel-pour-larmenie-est-parti\/#primaryimage\",\"url\":\"https:\/\/newsestlyonnais.fr\/site\/wp-content\/uploads\/2020\/02\/NEWSESTLYONNAIS-MEYZIEU-AMASC-01.jpg\",\"contentUrl\":\"https:\/\/newsestlyonnais.fr\/site\/wp-content\/uploads\/2020\/02\/NEWSESTLYONNAIS-MEYZIEU-AMASC-01.jpg\",\"width\":720,\"height\":960},{\"@type\":\"BreadcrumbList\",\"@id\":\"https:\/\/newsestlyonnais.fr\/site\/2020\/02\/13\/meyzieu-le-semi-charge-de-mobilier-et-materiel-pour-larmenie-est-parti\/#breadcrumb\",\"itemListElement\":[{\"@type\":\"ListItem\",\"position\":1,\"name\":\"Accueil\",\"item\":\"https:\/\/newsestlyonnais.fr\/site\/\"},{\"@type\":\"ListItem\",\"position\":2,\"name\":\"MEYZIEU | Le semi charg\u00e9 de mobilier et mat\u00e9riel pour l&rsquo;Arm\u00e9nie est parti\"}]},{\"@type\":\"WebSite\",\"@id\":\"https:\/\/newsestlyonnais.fr\/site\/#website\",\"url\":\"https:\/\/newsestlyonnais.fr\/site\/\",\"name\":\"News Est Lyonnais\",\"description\":\"L&#039;actualit\u00e9 au plus pr\u00e8s\",\"publisher\":{\"@id\":\"https:\/\/newsestlyonnais.fr\/site\/#organization\"},\"potentialAction\":[{\"@type\":\"SearchAction\",\"target\":{\"@type\":\"EntryPoint\",\"urlTemplate\":\"https:\/\/newsestlyonnais.fr\/site\/?s={search_term_string}\"},\"query-input\":{\"@type\":\"PropertyValueSpecification\",\"valueRequired\":true,\"valueName\":\"search_term_string\"}}],\"inLanguage\":\"fr-FR\"},{\"@type\":\"Organization\",\"@id\":\"https:\/\/newsestlyonnais.fr\/site\/#organization\",\"name\":\"News EST LYONNAIS\",\"url\":\"https:\/\/newsestlyonnais.fr\/site\/\",\"logo\":{\"@type\":\"ImageObject\",\"inLanguage\":\"fr-FR\",\"@id\":\"https:\/\/newsestlyonnais.fr\/site\/#\/schema\/logo\/image\/\",\"url\":\"\",\"contentUrl\":\"\",\"caption\":\"News EST LYONNAIS\"},\"image\":{\"@id\":\"https:\/\/newsestlyonnais.fr\/site\/#\/schema\/logo\/image\/\"}},{\"@type\":\"Person\",\"@id\":\"https:\/\/newsestlyonnais.fr\/site\/#\/schema\/person\/3230d5615f390bb808365d673001e887\",\"name\":\"R\u00e9dac. NEWS\",\"sameAs\":[\"http:\/\/www.newsestlyonnais.fr\",\"https:\/\/www.facebook.com\/pascal.oberson.1?fref=ts\",\"https:\/\/fr.linkedin.com\/in\/pascal-oberson-b17045113\"],\"url\":\"https:\/\/newsestlyonnais.fr\/site\/author\/nel\/\"}]}<\/script>\n<!-- \/ Yoast SEO plugin. -->","yoast_head_json":{"title":"MEYZIEU | Le semi charg\u00e9 de mobilier et mat\u00e9riel pour l'Arm\u00e9nie est parti - News Est Lyonnais","description":"MEYZIEU | Le semi charg\u00e9 de mobilier et mat\u00e9riel pour l'Arm\u00e9nie est parti","robots":{"index":"index","follow":"follow","max-snippet":"max-snippet:-1","max-image-preview":"max-image-preview:large","max-video-preview":"max-video-preview:-1"},"canonical":"https:\/\/newsestlyonnais.fr\/site\/2020\/02\/13\/meyzieu-le-semi-charge-de-mobilier-et-materiel-pour-larmenie-est-parti\/","og_locale":"fr_FR","og_type":"article","og_title":"MEYZIEU | Le semi charg\u00e9 de mobilier et mat\u00e9riel pour l'Arm\u00e9nie est parti - News Est Lyonnais","og_description":"MEYZIEU | Le semi charg\u00e9 de mobilier et mat\u00e9riel pour l'Arm\u00e9nie est parti","og_url":"https:\/\/newsestlyonnais.fr\/site\/2020\/02\/13\/meyzieu-le-semi-charge-de-mobilier-et-materiel-pour-larmenie-est-parti\/","og_site_name":"News Est Lyonnais","article_author":"https:\/\/www.facebook.com\/pascal.oberson.1?fref=ts","article_published_time":"2020-02-13T15:18:30+00:00","article_modified_time":"2020-02-14T15:00:40+00:00","og_image":[{"width":720,"height":960,"url":"https:\/\/i0.wp.com\/newsestlyonnais.fr\/site\/wp-content\/uploads\/2020\/02\/NEWSESTLYONNAIS-MEYZIEU-AMASC-01.jpg?fit=720%2C960&ssl=1","type":"image\/jpeg"}],"author":"R\u00e9dac. NEWS","twitter_card":"summary_large_image","twitter_misc":{"\u00c9crit par":"R\u00e9dac. NEWS","Dur\u00e9e de lecture estim\u00e9e":"2 minutes"},"schema":{"@context":"https:\/\/schema.org","@graph":[{"@type":"Article","@id":"https:\/\/newsestlyonnais.fr\/site\/2020\/02\/13\/meyzieu-le-semi-charge-de-mobilier-et-materiel-pour-larmenie-est-parti\/#article","isPartOf":{"@id":"https:\/\/newsestlyonnais.fr\/site\/2020\/02\/13\/meyzieu-le-semi-charge-de-mobilier-et-materiel-pour-larmenie-est-parti\/"},"author":{"name":"R\u00e9dac. NEWS","@id":"https:\/\/newsestlyonnais.fr\/site\/#\/schema\/person\/3230d5615f390bb808365d673001e887"},"headline":"MEYZIEU | Le semi charg\u00e9 de mobilier et mat\u00e9riel pour l&rsquo;Arm\u00e9nie est parti","datePublished":"2020-02-13T15:18:30+00:00","dateModified":"2020-02-14T15:00:40+00:00","mainEntityOfPage":{"@id":"https:\/\/newsestlyonnais.fr\/site\/2020\/02\/13\/meyzieu-le-semi-charge-de-mobilier-et-materiel-pour-larmenie-est-parti\/"},"wordCount":328,"commentCount":0,"publisher":{"@id":"https:\/\/newsestlyonnais.fr\/site\/#organization"},"image":{"@id":"https:\/\/newsestlyonnais.fr\/site\/2020\/02\/13\/meyzieu-le-semi-charge-de-mobilier-et-materiel-pour-larmenie-est-parti\/#primaryimage"},"thumbnailUrl":"https:\/\/newsestlyonnais.fr\/site\/wp-content\/uploads\/2020\/02\/NEWSESTLYONNAIS-MEYZIEU-AMASC-01.jpg","articleSection":["Meyzieu","Sant\u00e9 | Bien Etre | Solidarit\u00e9","Scolaire"],"inLanguage":"fr-FR","potentialAction":[{"@type":"CommentAction","name":"Comment","target":["https:\/\/newsestlyonnais.fr\/site\/2020\/02\/13\/meyzieu-le-semi-charge-de-mobilier-et-materiel-pour-larmenie-est-parti\/#respond"]}]},{"@type":"WebPage","@id":"https:\/\/newsestlyonnais.fr\/site\/2020\/02\/13\/meyzieu-le-semi-charge-de-mobilier-et-materiel-pour-larmenie-est-parti\/","url":"https:\/\/newsestlyonnais.fr\/site\/2020\/02\/13\/meyzieu-le-semi-charge-de-mobilier-et-materiel-pour-larmenie-est-parti\/","name":"MEYZIEU | Le semi charg\u00e9 de mobilier et mat\u00e9riel pour l'Arm\u00e9nie est parti - News Est Lyonnais","isPartOf":{"@id":"https:\/\/newsestlyonnais.fr\/site\/#website"},"primaryImageOfPage":{"@id":"https:\/\/newsestlyonnais.fr\/site\/2020\/02\/13\/meyzieu-le-semi-charge-de-mobilier-et-materiel-pour-larmenie-est-parti\/#primaryimage"},"image":{"@id":"https:\/\/newsestlyonnais.fr\/site\/2020\/02\/13\/meyzieu-le-semi-charge-de-mobilier-et-materiel-pour-larmenie-est-parti\/#primaryimage"},"thumbnailUrl":"https:\/\/newsestlyonnais.fr\/site\/wp-content\/uploads\/2020\/02\/NEWSESTLYONNAIS-MEYZIEU-AMASC-01.jpg","datePublished":"2020-02-13T15:18:30+00:00","dateModified":"2020-02-14T15:00:40+00:00","description":"MEYZIEU | Le semi charg\u00e9 de mobilier et mat\u00e9riel pour l'Arm\u00e9nie est parti","breadcrumb":{"@id":"https:\/\/newsestlyonnais.fr\/site\/2020\/02\/13\/meyzieu-le-semi-charge-de-mobilier-et-materiel-pour-larmenie-est-parti\/#breadcrumb"},"inLanguage":"fr-FR","potentialAction":[{"@type":"ReadAction","target":["https:\/\/newsestlyonnais.fr\/site\/2020\/02\/13\/meyzieu-le-semi-charge-de-mobilier-et-materiel-pour-larmenie-est-parti\/"]}]},{"@type":"ImageObject","inLanguage":"fr-FR","@id":"https:\/\/newsestlyonnais.fr\/site\/2020\/02\/13\/meyzieu-le-semi-charge-de-mobilier-et-materiel-pour-larmenie-est-parti\/#primaryimage","url":"https:\/\/newsestlyonnais.fr\/site\/wp-content\/uploads\/2020\/02\/NEWSESTLYONNAIS-MEYZIEU-AMASC-01.jpg","contentUrl":"https:\/\/newsestlyonnais.fr\/site\/wp-content\/uploads\/2020\/02\/NEWSESTLYONNAIS-MEYZIEU-AMASC-01.jpg","width":720,"height":960},{"@type":"BreadcrumbList","@id":"https:\/\/newsestlyonnais.fr\/site\/2020\/02\/13\/meyzieu-le-semi-charge-de-mobilier-et-materiel-pour-larmenie-est-parti\/#breadcrumb","itemListElement":[{"@type":"ListItem","position":1,"name":"Accueil","item":"https:\/\/newsestlyonnais.fr\/site\/"},{"@type":"ListItem","position":2,"name":"MEYZIEU | Le semi charg\u00e9 de mobilier et mat\u00e9riel pour l&rsquo;Arm\u00e9nie est parti"}]},{"@type":"WebSite","@id":"https:\/\/newsestlyonnais.fr\/site\/#website","url":"https:\/\/newsestlyonnais.fr\/site\/","name":"News Est Lyonnais","description":"L&#039;actualit\u00e9 au plus pr\u00e8s","publisher":{"@id":"https:\/\/newsestlyonnais.fr\/site\/#organization"},"potentialAction":[{"@type":"SearchAction","target":{"@type":"EntryPoint","urlTemplate":"https:\/\/newsestlyonnais.fr\/site\/?s={search_term_string}"},"query-input":{"@type":"PropertyValueSpecification","valueRequired":true,"valueName":"search_term_string"}}],"inLanguage":"fr-FR"},{"@type":"Organization","@id":"https:\/\/newsestlyonnais.fr\/site\/#organization","name":"News EST LYONNAIS","url":"https:\/\/newsestlyonnais.fr\/site\/","logo":{"@type":"ImageObject","inLanguage":"fr-FR","@id":"https:\/\/newsestlyonnais.fr\/site\/#\/schema\/logo\/image\/","url":"","contentUrl":"","caption":"News EST LYONNAIS"},"image":{"@id":"https:\/\/newsestlyonnais.fr\/site\/#\/schema\/logo\/image\/"}},{"@type":"Person","@id":"https:\/\/newsestlyonnais.fr\/site\/#\/schema\/person\/3230d5615f390bb808365d673001e887","name":"R\u00e9dac. NEWS","sameAs":["http:\/\/www.newsestlyonnais.fr","https:\/\/www.facebook.com\/pascal.oberson.1?fref=ts","https:\/\/fr.linkedin.com\/in\/pascal-oberson-b17045113"],"url":"https:\/\/newsestlyonnais.fr\/site\/author\/nel\/"}]}},"_links":{"self":[{"href":"https:\/\/newsestlyonnais.fr\/site\/wp-json\/wp\/v2\/posts\/95423","targetHints":{"allow":["GET"]}}],"collection":[{"href":"https:\/\/newsestlyonnais.fr\/site\/wp-json\/wp\/v2\/posts"}],"about":[{"href":"https:\/\/newsestlyonnais.fr\/site\/wp-json\/wp\/v2\/types\/post"}],"author":[{"embeddable":true,"href":"https:\/\/newsestlyonnais.fr\/site\/wp-json\/wp\/v2\/users\/4"}],"replies":[{"embeddable":true,"href":"https:\/\/newsestlyonnais.fr\/site\/wp-json\/wp\/v2\/comments?post=95423"}],"version-history":[{"count":0,"href":"https:\/\/newsestlyonnais.fr\/site\/wp-json\/wp\/v2\/posts\/95423\/revisions"}],"wp:featuredmedia":[{"embeddable":true,"href":"https:\/\/newsestlyonnais.fr\/site\/wp-json\/wp\/v2\/media\/95452"}],"wp:attachment":[{"href":"https:\/\/newsestlyonnais.fr\/site\/wp-json\/wp\/v2\/media?parent=95423"}],"wp:term":[{"taxonomy":"category","embeddable":true,"href":"https:\/\/newsestlyonnais.fr\/site\/wp-json\/wp\/v2\/categories?post=95423"},{"taxonomy":"post_tag","embeddable":true,"href":"https:\/\/newsestlyonnais.fr\/site\/wp-json\/wp\/v2\/tags?post=95423"}],"curies":[{"name":"wp","href":"https:\/\/api.w.org\/{rel}","templated":true}]}}