{"id":95523,"date":"2020-02-14T15:12:02","date_gmt":"2020-02-14T14:12:02","guid":{"rendered":"http:\/\/newsestlyonnais.fr\/site\/?p=95523"},"modified":"2021-09-16T14:02:02","modified_gmt":"2021-09-16T13:02:02","slug":"lyon-retour-sur-le-concours-de-tir-a-larc-des-lions-du-8","status":"publish","type":"post","link":"https:\/\/newsestlyonnais.fr\/site\/2020\/02\/14\/lyon-retour-sur-le-concours-de-tir-a-larc-des-lions-du-8\/","title":{"rendered":"LYON | Retour sur le concours de tir \u00e0 l&rsquo;arc des Lions du 8\u00b0"},"content":{"rendered":"<p>Ce concours a connu un beau succ\u00e8s populaire comme le confirme le pr\u00e9sident du club lyonnais Laurent Beaudroit \u00ab\u00a0on a fait le plein et on a m\u00eame refus\u00e9 une trentaine de personnes ! \u00ab\u00a0. <strong>222 archers<\/strong> ont en effet particip\u00e9 \u00e0 ce dernier tir s\u00e9lectif de la saison en salle, pour le championnat de France. Des comp\u00e9titeurs licenci\u00e9s dans des clubs de l&rsquo;agglom\u00e9ration (Ain, Is\u00e8re, Ard\u00e8che, Puy de D\u00f4me, Haute Loire) mais aussi de Portes-les-Valence, Nimes et Neuilly- sur-Marne. Les clubs lyonnais \u00e9taient \u00e9galement bien pr\u00e9sents avec Lyon 9 (18 archers), Lyon 7 (8), Lyon Sport M\u00e9tropole (5) et le club organisateur (33).<\/p>\n<ul>\n<li><span style=\"text-decoration: underline\"><strong>R\u00e9sultats \u00e0 retrouver sur<\/strong><\/span> : <a href=\"http:\/\/extranet.ffta.fr\/pdfresultats\/2020\/S_0169188_20200208_52598.pdf\">http:\/\/extranet.ffta.fr\/pdfresultats\/2020\/S_0169188_20200208_52598.pdf<\/a><\/li>\n<\/ul>\n<p><strong>NOTA<\/strong> : Le club des Lions du 8\u00b0 est pr\u00e9sid\u00e9 depuis octobre 2019 par Laurent Beaudroit qui a succ\u00e9d\u00e9 \u00e0 Christian Appietto, en place durant 19 ans. Son effectif actuel est constitu\u00e9 de 150 membres allant de 8 \u00e0 81 ans. 4 tournois sont organis\u00e9s chaque ann\u00e9e par le club : en salle (gymnase N. Paillou), en campagne (Fourvi\u00e8re), une manche de 2\u00b0 division f\u00e9d\u00e9rale (Petite Plaine de Gerland) et un ext\u00e9rieur jeunes (Clos Layat).<\/p>\n<ul>\n<li><strong><em><span style=\"text-decoration: underline\">Toute l&rsquo;ACTU des Lions du 8\u00b0 est sur<\/span> :<\/em> <a href=\"https:\/\/www.leslionsdu8.fr\">https:\/\/www.leslionsdu8.fr<\/a><\/strong><\/li>\n<\/ul>\n<div id='gallery-1' class='gallery galleryid-95523 gallery-columns-3 gallery-size-thumbnail'><figure class='gallery-item'>\n\t\t\t<div class='gallery-icon landscape'>\n\t\t\t\t<a href='https:\/\/newsestlyonnais.fr\/site\/2020\/02\/14\/lyon-retour-sur-le-concours-de-tir-a-larc-des-lions-du-8\/newsestlyonnais-con-tir-arc-lyon-8c\/'><img loading=\"lazy\" decoding=\"async\" width=\"150\" height=\"100\" src=\"https:\/\/newsestlyonnais.fr\/site\/wp-content\/uploads\/2020\/02\/NEWSESTLYONNAIS-CON-TIR-ARC-LYON-8C-250x167.jpg\" class=\"attachment-thumbnail size-thumbnail\" alt=\"\" srcset=\"https:\/\/newsestlyonnais.fr\/site\/wp-content\/uploads\/2020\/02\/NEWSESTLYONNAIS-CON-TIR-ARC-LYON-8C-250x167.jpg 250w, https:\/\/newsestlyonnais.fr\/site\/wp-content\/uploads\/2020\/02\/NEWSESTLYONNAIS-CON-TIR-ARC-LYON-8C-400x267.jpg 400w, https:\/\/newsestlyonnais.fr\/site\/wp-content\/uploads\/2020\/02\/NEWSESTLYONNAIS-CON-TIR-ARC-LYON-8C-650x433.jpg 650w, https:\/\/newsestlyonnais.fr\/site\/wp-content\/uploads\/2020\/02\/NEWSESTLYONNAIS-CON-TIR-ARC-LYON-8C-768x512.jpg 768w, https:\/\/newsestlyonnais.fr\/site\/wp-content\/uploads\/2020\/02\/NEWSESTLYONNAIS-CON-TIR-ARC-LYON-8C-150x100.jpg 150w, https:\/\/newsestlyonnais.fr\/site\/wp-content\/uploads\/2020\/02\/NEWSESTLYONNAIS-CON-TIR-ARC-LYON-8C-50x33.jpg 50w, https:\/\/newsestlyonnais.fr\/site\/wp-content\/uploads\/2020\/02\/NEWSESTLYONNAIS-CON-TIR-ARC-LYON-8C-100x67.jpg 100w, https:\/\/newsestlyonnais.fr\/site\/wp-content\/uploads\/2020\/02\/NEWSESTLYONNAIS-CON-TIR-ARC-LYON-8C-200x133.jpg 200w, https:\/\/newsestlyonnais.fr\/site\/wp-content\/uploads\/2020\/02\/NEWSESTLYONNAIS-CON-TIR-ARC-LYON-8C-300x200.jpg 300w, https:\/\/newsestlyonnais.fr\/site\/wp-content\/uploads\/2020\/02\/NEWSESTLYONNAIS-CON-TIR-ARC-LYON-8C-350x233.jpg 350w, https:\/\/newsestlyonnais.fr\/site\/wp-content\/uploads\/2020\/02\/NEWSESTLYONNAIS-CON-TIR-ARC-LYON-8C-450x300.jpg 450w, https:\/\/newsestlyonnais.fr\/site\/wp-content\/uploads\/2020\/02\/NEWSESTLYONNAIS-CON-TIR-ARC-LYON-8C-500x333.jpg 500w, https:\/\/newsestlyonnais.fr\/site\/wp-content\/uploads\/2020\/02\/NEWSESTLYONNAIS-CON-TIR-ARC-LYON-8C-550x367.jpg 550w, https:\/\/newsestlyonnais.fr\/site\/wp-content\/uploads\/2020\/02\/NEWSESTLYONNAIS-CON-TIR-ARC-LYON-8C-800x533.jpg 800w, https:\/\/newsestlyonnais.fr\/site\/wp-content\/uploads\/2020\/02\/NEWSESTLYONNAIS-CON-TIR-ARC-LYON-8C.jpg 1200w\" sizes=\"auto, (max-width: 150px) 100vw, 150px\" \/><\/a>\n\t\t\t<\/div><\/figure><figure class='gallery-item'>\n\t\t\t<div class='gallery-icon landscape'>\n\t\t\t\t<a href='https:\/\/newsestlyonnais.fr\/site\/2020\/02\/14\/lyon-retour-sur-le-concours-de-tir-a-larc-des-lions-du-8\/newsestlyonnais-con-tir-arc-lyon-8b\/'><img loading=\"lazy\" decoding=\"async\" width=\"150\" height=\"100\" src=\"https:\/\/newsestlyonnais.fr\/site\/wp-content\/uploads\/2020\/02\/NEWSESTLYONNAIS-CON-TIR-ARC-LYON-8B-250x167.jpg\" class=\"attachment-thumbnail size-thumbnail\" alt=\"\" srcset=\"https:\/\/newsestlyonnais.fr\/site\/wp-content\/uploads\/2020\/02\/NEWSESTLYONNAIS-CON-TIR-ARC-LYON-8B-250x167.jpg 250w, https:\/\/newsestlyonnais.fr\/site\/wp-content\/uploads\/2020\/02\/NEWSESTLYONNAIS-CON-TIR-ARC-LYON-8B-400x267.jpg 400w, https:\/\/newsestlyonnais.fr\/site\/wp-content\/uploads\/2020\/02\/NEWSESTLYONNAIS-CON-TIR-ARC-LYON-8B-650x433.jpg 650w, https:\/\/newsestlyonnais.fr\/site\/wp-content\/uploads\/2020\/02\/NEWSESTLYONNAIS-CON-TIR-ARC-LYON-8B-768x512.jpg 768w, https:\/\/newsestlyonnais.fr\/site\/wp-content\/uploads\/2020\/02\/NEWSESTLYONNAIS-CON-TIR-ARC-LYON-8B-150x100.jpg 150w, https:\/\/newsestlyonnais.fr\/site\/wp-content\/uploads\/2020\/02\/NEWSESTLYONNAIS-CON-TIR-ARC-LYON-8B-50x33.jpg 50w, https:\/\/newsestlyonnais.fr\/site\/wp-content\/uploads\/2020\/02\/NEWSESTLYONNAIS-CON-TIR-ARC-LYON-8B-100x67.jpg 100w, https:\/\/newsestlyonnais.fr\/site\/wp-content\/uploads\/2020\/02\/NEWSESTLYONNAIS-CON-TIR-ARC-LYON-8B-200x133.jpg 200w, https:\/\/newsestlyonnais.fr\/site\/wp-content\/uploads\/2020\/02\/NEWSESTLYONNAIS-CON-TIR-ARC-LYON-8B-300x200.jpg 300w, https:\/\/newsestlyonnais.fr\/site\/wp-content\/uploads\/2020\/02\/NEWSESTLYONNAIS-CON-TIR-ARC-LYON-8B-350x233.jpg 350w, https:\/\/newsestlyonnais.fr\/site\/wp-content\/uploads\/2020\/02\/NEWSESTLYONNAIS-CON-TIR-ARC-LYON-8B-450x300.jpg 450w, https:\/\/newsestlyonnais.fr\/site\/wp-content\/uploads\/2020\/02\/NEWSESTLYONNAIS-CON-TIR-ARC-LYON-8B-500x333.jpg 500w, https:\/\/newsestlyonnais.fr\/site\/wp-content\/uploads\/2020\/02\/NEWSESTLYONNAIS-CON-TIR-ARC-LYON-8B-550x367.jpg 550w, https:\/\/newsestlyonnais.fr\/site\/wp-content\/uploads\/2020\/02\/NEWSESTLYONNAIS-CON-TIR-ARC-LYON-8B-800x533.jpg 800w, https:\/\/newsestlyonnais.fr\/site\/wp-content\/uploads\/2020\/02\/NEWSESTLYONNAIS-CON-TIR-ARC-LYON-8B.jpg 1200w\" sizes=\"auto, (max-width: 150px) 100vw, 150px\" \/><\/a>\n\t\t\t<\/div><\/figure><figure class='gallery-item'>\n\t\t\t<div class='gallery-icon landscape'>\n\t\t\t\t<a href='https:\/\/newsestlyonnais.fr\/site\/2020\/02\/14\/lyon-retour-sur-le-concours-de-tir-a-larc-des-lions-du-8\/newsestlyonnais-con-tir-arc-lyon-8d\/'><img loading=\"lazy\" decoding=\"async\" width=\"150\" height=\"100\" src=\"https:\/\/newsestlyonnais.fr\/site\/wp-content\/uploads\/2020\/02\/NEWSESTLYONNAIS-CON-TIR-ARC-LYON-8D-250x167.jpg\" class=\"attachment-thumbnail size-thumbnail\" alt=\"\" srcset=\"https:\/\/newsestlyonnais.fr\/site\/wp-content\/uploads\/2020\/02\/NEWSESTLYONNAIS-CON-TIR-ARC-LYON-8D-250x167.jpg 250w, https:\/\/newsestlyonnais.fr\/site\/wp-content\/uploads\/2020\/02\/NEWSESTLYONNAIS-CON-TIR-ARC-LYON-8D-400x267.jpg 400w, https:\/\/newsestlyonnais.fr\/site\/wp-content\/uploads\/2020\/02\/NEWSESTLYONNAIS-CON-TIR-ARC-LYON-8D-650x433.jpg 650w, https:\/\/newsestlyonnais.fr\/site\/wp-content\/uploads\/2020\/02\/NEWSESTLYONNAIS-CON-TIR-ARC-LYON-8D-768x512.jpg 768w, https:\/\/newsestlyonnais.fr\/site\/wp-content\/uploads\/2020\/02\/NEWSESTLYONNAIS-CON-TIR-ARC-LYON-8D-150x100.jpg 150w, https:\/\/newsestlyonnais.fr\/site\/wp-content\/uploads\/2020\/02\/NEWSESTLYONNAIS-CON-TIR-ARC-LYON-8D-50x33.jpg 50w, https:\/\/newsestlyonnais.fr\/site\/wp-content\/uploads\/2020\/02\/NEWSESTLYONNAIS-CON-TIR-ARC-LYON-8D-100x67.jpg 100w, https:\/\/newsestlyonnais.fr\/site\/wp-content\/uploads\/2020\/02\/NEWSESTLYONNAIS-CON-TIR-ARC-LYON-8D-200x133.jpg 200w, https:\/\/newsestlyonnais.fr\/site\/wp-content\/uploads\/2020\/02\/NEWSESTLYONNAIS-CON-TIR-ARC-LYON-8D-300x200.jpg 300w, https:\/\/newsestlyonnais.fr\/site\/wp-content\/uploads\/2020\/02\/NEWSESTLYONNAIS-CON-TIR-ARC-LYON-8D-350x233.jpg 350w, https:\/\/newsestlyonnais.fr\/site\/wp-content\/uploads\/2020\/02\/NEWSESTLYONNAIS-CON-TIR-ARC-LYON-8D-450x300.jpg 450w, https:\/\/newsestlyonnais.fr\/site\/wp-content\/uploads\/2020\/02\/NEWSESTLYONNAIS-CON-TIR-ARC-LYON-8D-500x333.jpg 500w, https:\/\/newsestlyonnais.fr\/site\/wp-content\/uploads\/2020\/02\/NEWSESTLYONNAIS-CON-TIR-ARC-LYON-8D-550x367.jpg 550w, https:\/\/newsestlyonnais.fr\/site\/wp-content\/uploads\/2020\/02\/NEWSESTLYONNAIS-CON-TIR-ARC-LYON-8D-800x533.jpg 800w, https:\/\/newsestlyonnais.fr\/site\/wp-content\/uploads\/2020\/02\/NEWSESTLYONNAIS-CON-TIR-ARC-LYON-8D.jpg 1200w\" sizes=\"auto, (max-width: 150px) 100vw, 150px\" \/><\/a>\n\t\t\t<\/div><\/figure>\n\t\t<\/div>\n\n","protected":false},"excerpt":{"rendered":"<p>Une comp\u00e9tition en salle organis\u00e9e le week-end des 8 et 9 f\u00e9vrier au gymnase Nelson Paillou. <\/p>\n","protected":false},"author":4,"featured_media":95543,"comment_status":"open","ping_status":"open","sticky":false,"template":"","format":"standard","meta":{"footnotes":""},"categories":[574,166,1625,3894],"tags":[],"class_list":["post-95523","post","type-post","status-publish","format-standard","has-post-thumbnail","hentry","category-autres-sports","category-divers-sports","category-lyon","category-tir-a-larc"],"yoast_head":"<!-- This site is optimized with the Yoast SEO plugin v27.2 - https:\/\/yoast.com\/product\/yoast-seo-wordpress\/ -->\n<title>LYON | Retour sur le concours de tir \u00e0 l&#039;arc des Lions du 8\u00b0 - News Est Lyonnais<\/title>\n<meta name=\"description\" content=\"LYON | Retour sur le concours de tir \u00e0 l&#039;arc des Lions du 8\u00b0.\" \/>\n<meta name=\"robots\" content=\"index, follow, max-snippet:-1, max-image-preview:large, max-video-preview:-1\" \/>\n<link rel=\"canonical\" href=\"https:\/\/newsestlyonnais.fr\/site\/2020\/02\/14\/lyon-retour-sur-le-concours-de-tir-a-larc-des-lions-du-8\/\" \/>\n<meta property=\"og:locale\" content=\"fr_FR\" \/>\n<meta property=\"og:type\" content=\"article\" \/>\n<meta property=\"og:title\" content=\"LYON | Retour sur le concours de tir \u00e0 l&#039;arc des Lions du 8\u00b0 - News Est Lyonnais\" \/>\n<meta property=\"og:description\" content=\"LYON | Retour sur le concours de tir \u00e0 l&#039;arc des Lions du 8\u00b0.\" \/>\n<meta property=\"og:url\" content=\"https:\/\/newsestlyonnais.fr\/site\/2020\/02\/14\/lyon-retour-sur-le-concours-de-tir-a-larc-des-lions-du-8\/\" \/>\n<meta property=\"og:site_name\" content=\"News Est Lyonnais\" \/>\n<meta property=\"article:author\" content=\"https:\/\/www.facebook.com\/pascal.oberson.1?fref=ts\" \/>\n<meta property=\"article:published_time\" content=\"2020-02-14T14:12:02+00:00\" \/>\n<meta property=\"article:modified_time\" content=\"2021-09-16T13:02:02+00:00\" \/>\n<meta property=\"og:image\" content=\"https:\/\/i1.wp.com\/newsestlyonnais.fr\/site\/wp-content\/uploads\/2020\/02\/NEWSESTLYONNAIS-CON-TIR-ARC-LYON-8A.jpg?fit=1200%2C800&ssl=1\" \/>\n\t<meta property=\"og:image:width\" content=\"1200\" \/>\n\t<meta property=\"og:image:height\" content=\"800\" \/>\n\t<meta property=\"og:image:type\" content=\"image\/jpeg\" \/>\n<meta name=\"author\" content=\"R\u00e9dac. NEWS\" \/>\n<meta name=\"twitter:card\" content=\"summary_large_image\" \/>\n<meta name=\"twitter:label1\" content=\"\u00c9crit par\" \/>\n\t<meta name=\"twitter:data1\" content=\"R\u00e9dac. NEWS\" \/>\n\t<meta name=\"twitter:label2\" content=\"Dur\u00e9e de lecture estim\u00e9e\" \/>\n\t<meta name=\"twitter:data2\" content=\"1 minute\" \/>\n<script type=\"application\/ld+json\" class=\"yoast-schema-graph\">{\"@context\":\"https:\/\/schema.org\",\"@graph\":[{\"@type\":\"Article\",\"@id\":\"https:\/\/newsestlyonnais.fr\/site\/2020\/02\/14\/lyon-retour-sur-le-concours-de-tir-a-larc-des-lions-du-8\/#article\",\"isPartOf\":{\"@id\":\"https:\/\/newsestlyonnais.fr\/site\/2020\/02\/14\/lyon-retour-sur-le-concours-de-tir-a-larc-des-lions-du-8\/\"},\"author\":{\"name\":\"R\u00e9dac. NEWS\",\"@id\":\"https:\/\/newsestlyonnais.fr\/site\/#\/schema\/person\/3230d5615f390bb808365d673001e887\"},\"headline\":\"LYON | Retour sur le concours de tir \u00e0 l&rsquo;arc des Lions du 8\u00b0\",\"datePublished\":\"2020-02-14T14:12:02+00:00\",\"dateModified\":\"2021-09-16T13:02:02+00:00\",\"mainEntityOfPage\":{\"@id\":\"https:\/\/newsestlyonnais.fr\/site\/2020\/02\/14\/lyon-retour-sur-le-concours-de-tir-a-larc-des-lions-du-8\/\"},\"wordCount\":216,\"commentCount\":0,\"publisher\":{\"@id\":\"https:\/\/newsestlyonnais.fr\/site\/#organization\"},\"image\":{\"@id\":\"https:\/\/newsestlyonnais.fr\/site\/2020\/02\/14\/lyon-retour-sur-le-concours-de-tir-a-larc-des-lions-du-8\/#primaryimage\"},\"thumbnailUrl\":\"https:\/\/newsestlyonnais.fr\/site\/wp-content\/uploads\/2020\/02\/NEWSESTLYONNAIS-CON-TIR-ARC-LYON-8A.jpg\",\"articleSection\":[\"Autres sports\",\"Divers Sports\",\"Lyon\",\"Tir \u00e0 l'arc\"],\"inLanguage\":\"fr-FR\",\"potentialAction\":[{\"@type\":\"CommentAction\",\"name\":\"Comment\",\"target\":[\"https:\/\/newsestlyonnais.fr\/site\/2020\/02\/14\/lyon-retour-sur-le-concours-de-tir-a-larc-des-lions-du-8\/#respond\"]}]},{\"@type\":\"WebPage\",\"@id\":\"https:\/\/newsestlyonnais.fr\/site\/2020\/02\/14\/lyon-retour-sur-le-concours-de-tir-a-larc-des-lions-du-8\/\",\"url\":\"https:\/\/newsestlyonnais.fr\/site\/2020\/02\/14\/lyon-retour-sur-le-concours-de-tir-a-larc-des-lions-du-8\/\",\"name\":\"LYON | Retour sur le concours de tir \u00e0 l'arc des Lions du 8\u00b0 - News Est Lyonnais\",\"isPartOf\":{\"@id\":\"https:\/\/newsestlyonnais.fr\/site\/#website\"},\"primaryImageOfPage\":{\"@id\":\"https:\/\/newsestlyonnais.fr\/site\/2020\/02\/14\/lyon-retour-sur-le-concours-de-tir-a-larc-des-lions-du-8\/#primaryimage\"},\"image\":{\"@id\":\"https:\/\/newsestlyonnais.fr\/site\/2020\/02\/14\/lyon-retour-sur-le-concours-de-tir-a-larc-des-lions-du-8\/#primaryimage\"},\"thumbnailUrl\":\"https:\/\/newsestlyonnais.fr\/site\/wp-content\/uploads\/2020\/02\/NEWSESTLYONNAIS-CON-TIR-ARC-LYON-8A.jpg\",\"datePublished\":\"2020-02-14T14:12:02+00:00\",\"dateModified\":\"2021-09-16T13:02:02+00:00\",\"description\":\"LYON | Retour sur le concours de tir \u00e0 l'arc des Lions du 8\u00b0.\",\"breadcrumb\":{\"@id\":\"https:\/\/newsestlyonnais.fr\/site\/2020\/02\/14\/lyon-retour-sur-le-concours-de-tir-a-larc-des-lions-du-8\/#breadcrumb\"},\"inLanguage\":\"fr-FR\",\"potentialAction\":[{\"@type\":\"ReadAction\",\"target\":[\"https:\/\/newsestlyonnais.fr\/site\/2020\/02\/14\/lyon-retour-sur-le-concours-de-tir-a-larc-des-lions-du-8\/\"]}]},{\"@type\":\"ImageObject\",\"inLanguage\":\"fr-FR\",\"@id\":\"https:\/\/newsestlyonnais.fr\/site\/2020\/02\/14\/lyon-retour-sur-le-concours-de-tir-a-larc-des-lions-du-8\/#primaryimage\",\"url\":\"https:\/\/newsestlyonnais.fr\/site\/wp-content\/uploads\/2020\/02\/NEWSESTLYONNAIS-CON-TIR-ARC-LYON-8A.jpg\",\"contentUrl\":\"https:\/\/newsestlyonnais.fr\/site\/wp-content\/uploads\/2020\/02\/NEWSESTLYONNAIS-CON-TIR-ARC-LYON-8A.jpg\",\"width\":1200,\"height\":800},{\"@type\":\"BreadcrumbList\",\"@id\":\"https:\/\/newsestlyonnais.fr\/site\/2020\/02\/14\/lyon-retour-sur-le-concours-de-tir-a-larc-des-lions-du-8\/#breadcrumb\",\"itemListElement\":[{\"@type\":\"ListItem\",\"position\":1,\"name\":\"Accueil\",\"item\":\"https:\/\/newsestlyonnais.fr\/site\/\"},{\"@type\":\"ListItem\",\"position\":2,\"name\":\"LYON | Retour sur le concours de tir \u00e0 l&rsquo;arc des Lions du 8\u00b0\"}]},{\"@type\":\"WebSite\",\"@id\":\"https:\/\/newsestlyonnais.fr\/site\/#website\",\"url\":\"https:\/\/newsestlyonnais.fr\/site\/\",\"name\":\"News Est Lyonnais\",\"description\":\"L&#039;actualit\u00e9 au plus pr\u00e8s\",\"publisher\":{\"@id\":\"https:\/\/newsestlyonnais.fr\/site\/#organization\"},\"potentialAction\":[{\"@type\":\"SearchAction\",\"target\":{\"@type\":\"EntryPoint\",\"urlTemplate\":\"https:\/\/newsestlyonnais.fr\/site\/?s={search_term_string}\"},\"query-input\":{\"@type\":\"PropertyValueSpecification\",\"valueRequired\":true,\"valueName\":\"search_term_string\"}}],\"inLanguage\":\"fr-FR\"},{\"@type\":\"Organization\",\"@id\":\"https:\/\/newsestlyonnais.fr\/site\/#organization\",\"name\":\"News EST LYONNAIS\",\"url\":\"https:\/\/newsestlyonnais.fr\/site\/\",\"logo\":{\"@type\":\"ImageObject\",\"inLanguage\":\"fr-FR\",\"@id\":\"https:\/\/newsestlyonnais.fr\/site\/#\/schema\/logo\/image\/\",\"url\":\"\",\"contentUrl\":\"\",\"caption\":\"News EST LYONNAIS\"},\"image\":{\"@id\":\"https:\/\/newsestlyonnais.fr\/site\/#\/schema\/logo\/image\/\"}},{\"@type\":\"Person\",\"@id\":\"https:\/\/newsestlyonnais.fr\/site\/#\/schema\/person\/3230d5615f390bb808365d673001e887\",\"name\":\"R\u00e9dac. NEWS\",\"sameAs\":[\"http:\/\/www.newsestlyonnais.fr\",\"https:\/\/www.facebook.com\/pascal.oberson.1?fref=ts\",\"https:\/\/fr.linkedin.com\/in\/pascal-oberson-b17045113\"],\"url\":\"https:\/\/newsestlyonnais.fr\/site\/author\/nel\/\"}]}<\/script>\n<!-- \/ Yoast SEO plugin. -->","yoast_head_json":{"title":"LYON | Retour sur le concours de tir \u00e0 l'arc des Lions du 8\u00b0 - News Est Lyonnais","description":"LYON | Retour sur le concours de tir \u00e0 l'arc des Lions du 8\u00b0.","robots":{"index":"index","follow":"follow","max-snippet":"max-snippet:-1","max-image-preview":"max-image-preview:large","max-video-preview":"max-video-preview:-1"},"canonical":"https:\/\/newsestlyonnais.fr\/site\/2020\/02\/14\/lyon-retour-sur-le-concours-de-tir-a-larc-des-lions-du-8\/","og_locale":"fr_FR","og_type":"article","og_title":"LYON | Retour sur le concours de tir \u00e0 l'arc des Lions du 8\u00b0 - News Est Lyonnais","og_description":"LYON | Retour sur le concours de tir \u00e0 l'arc des Lions du 8\u00b0.","og_url":"https:\/\/newsestlyonnais.fr\/site\/2020\/02\/14\/lyon-retour-sur-le-concours-de-tir-a-larc-des-lions-du-8\/","og_site_name":"News Est Lyonnais","article_author":"https:\/\/www.facebook.com\/pascal.oberson.1?fref=ts","article_published_time":"2020-02-14T14:12:02+00:00","article_modified_time":"2021-09-16T13:02:02+00:00","og_image":[{"width":1200,"height":800,"url":"https:\/\/i1.wp.com\/newsestlyonnais.fr\/site\/wp-content\/uploads\/2020\/02\/NEWSESTLYONNAIS-CON-TIR-ARC-LYON-8A.jpg?fit=1200%2C800&ssl=1","type":"image\/jpeg"}],"author":"R\u00e9dac. NEWS","twitter_card":"summary_large_image","twitter_misc":{"\u00c9crit par":"R\u00e9dac. NEWS","Dur\u00e9e de lecture estim\u00e9e":"1 minute"},"schema":{"@context":"https:\/\/schema.org","@graph":[{"@type":"Article","@id":"https:\/\/newsestlyonnais.fr\/site\/2020\/02\/14\/lyon-retour-sur-le-concours-de-tir-a-larc-des-lions-du-8\/#article","isPartOf":{"@id":"https:\/\/newsestlyonnais.fr\/site\/2020\/02\/14\/lyon-retour-sur-le-concours-de-tir-a-larc-des-lions-du-8\/"},"author":{"name":"R\u00e9dac. NEWS","@id":"https:\/\/newsestlyonnais.fr\/site\/#\/schema\/person\/3230d5615f390bb808365d673001e887"},"headline":"LYON | Retour sur le concours de tir \u00e0 l&rsquo;arc des Lions du 8\u00b0","datePublished":"2020-02-14T14:12:02+00:00","dateModified":"2021-09-16T13:02:02+00:00","mainEntityOfPage":{"@id":"https:\/\/newsestlyonnais.fr\/site\/2020\/02\/14\/lyon-retour-sur-le-concours-de-tir-a-larc-des-lions-du-8\/"},"wordCount":216,"commentCount":0,"publisher":{"@id":"https:\/\/newsestlyonnais.fr\/site\/#organization"},"image":{"@id":"https:\/\/newsestlyonnais.fr\/site\/2020\/02\/14\/lyon-retour-sur-le-concours-de-tir-a-larc-des-lions-du-8\/#primaryimage"},"thumbnailUrl":"https:\/\/newsestlyonnais.fr\/site\/wp-content\/uploads\/2020\/02\/NEWSESTLYONNAIS-CON-TIR-ARC-LYON-8A.jpg","articleSection":["Autres sports","Divers Sports","Lyon","Tir \u00e0 l'arc"],"inLanguage":"fr-FR","potentialAction":[{"@type":"CommentAction","name":"Comment","target":["https:\/\/newsestlyonnais.fr\/site\/2020\/02\/14\/lyon-retour-sur-le-concours-de-tir-a-larc-des-lions-du-8\/#respond"]}]},{"@type":"WebPage","@id":"https:\/\/newsestlyonnais.fr\/site\/2020\/02\/14\/lyon-retour-sur-le-concours-de-tir-a-larc-des-lions-du-8\/","url":"https:\/\/newsestlyonnais.fr\/site\/2020\/02\/14\/lyon-retour-sur-le-concours-de-tir-a-larc-des-lions-du-8\/","name":"LYON | Retour sur le concours de tir \u00e0 l'arc des Lions du 8\u00b0 - News Est Lyonnais","isPartOf":{"@id":"https:\/\/newsestlyonnais.fr\/site\/#website"},"primaryImageOfPage":{"@id":"https:\/\/newsestlyonnais.fr\/site\/2020\/02\/14\/lyon-retour-sur-le-concours-de-tir-a-larc-des-lions-du-8\/#primaryimage"},"image":{"@id":"https:\/\/newsestlyonnais.fr\/site\/2020\/02\/14\/lyon-retour-sur-le-concours-de-tir-a-larc-des-lions-du-8\/#primaryimage"},"thumbnailUrl":"https:\/\/newsestlyonnais.fr\/site\/wp-content\/uploads\/2020\/02\/NEWSESTLYONNAIS-CON-TIR-ARC-LYON-8A.jpg","datePublished":"2020-02-14T14:12:02+00:00","dateModified":"2021-09-16T13:02:02+00:00","description":"LYON | Retour sur le concours de tir \u00e0 l'arc des Lions du 8\u00b0.","breadcrumb":{"@id":"https:\/\/newsestlyonnais.fr\/site\/2020\/02\/14\/lyon-retour-sur-le-concours-de-tir-a-larc-des-lions-du-8\/#breadcrumb"},"inLanguage":"fr-FR","potentialAction":[{"@type":"ReadAction","target":["https:\/\/newsestlyonnais.fr\/site\/2020\/02\/14\/lyon-retour-sur-le-concours-de-tir-a-larc-des-lions-du-8\/"]}]},{"@type":"ImageObject","inLanguage":"fr-FR","@id":"https:\/\/newsestlyonnais.fr\/site\/2020\/02\/14\/lyon-retour-sur-le-concours-de-tir-a-larc-des-lions-du-8\/#primaryimage","url":"https:\/\/newsestlyonnais.fr\/site\/wp-content\/uploads\/2020\/02\/NEWSESTLYONNAIS-CON-TIR-ARC-LYON-8A.jpg","contentUrl":"https:\/\/newsestlyonnais.fr\/site\/wp-content\/uploads\/2020\/02\/NEWSESTLYONNAIS-CON-TIR-ARC-LYON-8A.jpg","width":1200,"height":800},{"@type":"BreadcrumbList","@id":"https:\/\/newsestlyonnais.fr\/site\/2020\/02\/14\/lyon-retour-sur-le-concours-de-tir-a-larc-des-lions-du-8\/#breadcrumb","itemListElement":[{"@type":"ListItem","position":1,"name":"Accueil","item":"https:\/\/newsestlyonnais.fr\/site\/"},{"@type":"ListItem","position":2,"name":"LYON | Retour sur le concours de tir \u00e0 l&rsquo;arc des Lions du 8\u00b0"}]},{"@type":"WebSite","@id":"https:\/\/newsestlyonnais.fr\/site\/#website","url":"https:\/\/newsestlyonnais.fr\/site\/","name":"News Est Lyonnais","description":"L&#039;actualit\u00e9 au plus pr\u00e8s","publisher":{"@id":"https:\/\/newsestlyonnais.fr\/site\/#organization"},"potentialAction":[{"@type":"SearchAction","target":{"@type":"EntryPoint","urlTemplate":"https:\/\/newsestlyonnais.fr\/site\/?s={search_term_string}"},"query-input":{"@type":"PropertyValueSpecification","valueRequired":true,"valueName":"search_term_string"}}],"inLanguage":"fr-FR"},{"@type":"Organization","@id":"https:\/\/newsestlyonnais.fr\/site\/#organization","name":"News EST LYONNAIS","url":"https:\/\/newsestlyonnais.fr\/site\/","logo":{"@type":"ImageObject","inLanguage":"fr-FR","@id":"https:\/\/newsestlyonnais.fr\/site\/#\/schema\/logo\/image\/","url":"","contentUrl":"","caption":"News EST LYONNAIS"},"image":{"@id":"https:\/\/newsestlyonnais.fr\/site\/#\/schema\/logo\/image\/"}},{"@type":"Person","@id":"https:\/\/newsestlyonnais.fr\/site\/#\/schema\/person\/3230d5615f390bb808365d673001e887","name":"R\u00e9dac. NEWS","sameAs":["http:\/\/www.newsestlyonnais.fr","https:\/\/www.facebook.com\/pascal.oberson.1?fref=ts","https:\/\/fr.linkedin.com\/in\/pascal-oberson-b17045113"],"url":"https:\/\/newsestlyonnais.fr\/site\/author\/nel\/"}]}},"_links":{"self":[{"href":"https:\/\/newsestlyonnais.fr\/site\/wp-json\/wp\/v2\/posts\/95523","targetHints":{"allow":["GET"]}}],"collection":[{"href":"https:\/\/newsestlyonnais.fr\/site\/wp-json\/wp\/v2\/posts"}],"about":[{"href":"https:\/\/newsestlyonnais.fr\/site\/wp-json\/wp\/v2\/types\/post"}],"author":[{"embeddable":true,"href":"https:\/\/newsestlyonnais.fr\/site\/wp-json\/wp\/v2\/users\/4"}],"replies":[{"embeddable":true,"href":"https:\/\/newsestlyonnais.fr\/site\/wp-json\/wp\/v2\/comments?post=95523"}],"version-history":[{"count":0,"href":"https:\/\/newsestlyonnais.fr\/site\/wp-json\/wp\/v2\/posts\/95523\/revisions"}],"wp:featuredmedia":[{"embeddable":true,"href":"https:\/\/newsestlyonnais.fr\/site\/wp-json\/wp\/v2\/media\/95543"}],"wp:attachment":[{"href":"https:\/\/newsestlyonnais.fr\/site\/wp-json\/wp\/v2\/media?parent=95523"}],"wp:term":[{"taxonomy":"category","embeddable":true,"href":"https:\/\/newsestlyonnais.fr\/site\/wp-json\/wp\/v2\/categories?post=95523"},{"taxonomy":"post_tag","embeddable":true,"href":"https:\/\/newsestlyonnais.fr\/site\/wp-json\/wp\/v2\/tags?post=95523"}],"curies":[{"name":"wp","href":"https:\/\/api.w.org\/{rel}","templated":true}]}}