{"id":95604,"date":"2020-02-16T16:50:49","date_gmt":"2020-02-16T15:50:49","guid":{"rendered":"http:\/\/newsestlyonnais.fr\/site\/?p=95604"},"modified":"2020-04-06T07:14:12","modified_gmt":"2020-04-06T06:14:12","slug":"saint-priest-1-719-inscrits-aux-25-foulees-sanpriotes","status":"publish","type":"post","link":"https:\/\/newsestlyonnais.fr\/site\/2020\/02\/16\/saint-priest-1-719-inscrits-aux-25-foulees-sanpriotes\/","title":{"rendered":"SAINT-PRIEST | 1.719 inscrits aux 25\u00b0 Foul\u00e9es Sanpriotes"},"content":{"rendered":"<p>Pour cette 25\u00b0 \u00e9dition de cette \u00e9preuve organis\u00e9e par le <span style=\"color: #0000ff\"><a style=\"color: #0000ff\" href=\"http:\/\/jocel69.free.fr\">Jocel<\/a><\/span>, pas moins de 18 nationalit\u00e9s pr\u00e9sentes pour cette course toujours pris\u00e9e en d\u00e9but d&rsquo;ann\u00e9e et qui a mobilis\u00e9 190 b\u00e9n\u00e9voles.<\/p>\n<p>&#8212;&#8212;&#8212;&#8212;&#8212;&#8212;&#8212;&#8212;&#8212;&#8212;&#8212;&#8212;&#8212;&#8212;&#8212;&#8212;&#8212;&#8212;&#8212;&#8212;&#8212;&#8212;&#8212;&#8212;&#8212;&#8212;&#8212;&#8212;&#8212;&#8212;&#8212;&#8212;&#8212;&#8212;&#8212;&#8212;&#8212;&#8212;&#8212;&#8212;&#8212;&#8212;&#8212;&#8212;&#8212;-<\/p>\n<p><span style=\"font-size: 14pt\"><strong><em>A noter :<\/em><\/strong><\/span><\/p>\n<ul>\n<li>la <strong>r\u00e9partition des 1.719 inscrits<\/strong> (672 sur les 5,8 km, 838 sur le 10 &amp; 229 sur le semi).<\/li>\n<li>que <strong>Qaasim Shumbii<\/strong> (Annecy Haute Savoie) en 1 h 6&prime; 52 \u00a0\u00bb et <strong>Magali Aureille<\/strong> (Coureurs du Monde en Is\u00e8re) en 1 h 19&prime; 21 \u00a0\u00bb se sont impos\u00e9s <strong>sur le semi<\/strong>.<\/li>\n<li>que <strong>Dieudonn\u00e9 Nsengiyumva<\/strong> en 30&prime; 48 et <strong>Florence Reignier<\/strong> (TDR D\u00e9cines) en 38&prime; 34 ont remport\u00e9 la <strong>course des 10 kms<\/strong>.<\/li>\n<li>la victoire<strong> sur les 5,8 kms<\/strong> de <strong>Martin Longeon<\/strong> (AS Caluire &amp; Cuire) en\u00a0 21&prime; 41 &amp; de <strong>Laetitia Sior<\/strong> (AS Randonneurs de Ruy) en 25&rsquo;43.<\/li>\n<li>que <strong>8<em><span class=\"st\">jo\u00eblette<\/span>s <\/em><\/strong><em>\u00e9<\/em>taient au d\u00e9part de la Jocelienne sur 5,8 kms.<\/li>\n<li>que <strong>Roger Allegre<\/strong> (84 ans et cat\u00e9gorie M9) participait <strong>\u00e0 sa 995\u00b0 course<\/strong> et a couru les 10 km en 54&prime; 38 !<\/li>\n<\/ul>\n<p>&#8212;&#8212;&#8212;&#8212;&#8212;&#8212;&#8212;&#8212;&#8212;&#8212;&#8212;&#8212;&#8212;&#8212;&#8212;&#8212;&#8212;&#8212;&#8212;&#8212;&#8212;&#8212;&#8212;&#8212;&#8212;&#8212;&#8212;&#8212;&#8212;&#8212;&#8212;&#8212;&#8212;&#8212;&#8212;&#8212;&#8212;&#8212;&#8212;&#8212;&#8212;&#8212;&#8212;&#8212;&#8212;-<\/p>\n<p><span style=\"text-decoration: underline\">Classements complets<\/span> :<\/p>\n<ul>\n<li><strong>Jocelienne<\/strong> <strong>(5,8 km) : <a href=\"https:\/\/www.sport-info.com\/i_liste_resultats.php?id=189&amp;general=1&amp;epreuve=3053&amp;nom=&amp;dossard=&amp;groupe=\">https:\/\/www.sport-info.com\/i_liste_resultats.php?id=189&amp;general=1&amp;epreuve=3053&amp;nom=&amp;dossard=&amp;groupe=<\/a><br \/>\n<\/strong><\/li>\n<li><strong>10 km : <a href=\"https:\/\/www.sport-info.com\/i_liste_resultats.php?id=189&amp;general=1&amp;epreuve=3054&amp;nom=&amp;dossard=&amp;groupe=\">https:\/\/www.sport-info.com\/i_liste_resultats.php?id=189&amp;general=1&amp;epreuve=3054&amp;nom=&amp;dossard=&amp;groupe=<\/a><br \/>\n<\/strong><\/li>\n<li><strong>semi-marathon :<\/strong> <strong><a href=\"https:\/\/www.sport-info.com\/i_liste_resultats.php?id=189&amp;general=1&amp;epreuve=3055&amp;nom=&amp;dossard=&amp;groupe=\">https:\/\/www.sport-info.com\/i_liste_resultats.php?id=189&amp;general=1&amp;epreuve=3055&amp;nom=&amp;dossard=&amp;groupe=<\/a><\/strong><\/li>\n<\/ul>\n<p>&#8212;&#8212;&#8212;&#8212;&#8212;&#8212;&#8212;&#8212;&#8212;&#8212;&#8212;&#8212;&#8212;&#8212;&#8212;&#8212;&#8212;&#8212;&#8212;&#8212;&#8212;&#8212;&#8212;&#8212;&#8212;&#8212;&#8212;&#8212;&#8212;&#8212;&#8212;&#8212;&#8212;&#8212;&#8212;&#8212;&#8212;&#8212;&#8212;&#8212;&#8212;&#8212;&#8212;&#8212;&#8212;-<\/p>\n<p><span style=\"text-decoration: underline;font-size: 14pt\"><strong>PHOTO A LA UNE<\/strong> \/ Jean-Marie Bazin<\/span> : <a href=\"https:\/\/www.facebook.com\/JMBArtSport?__tn__=%2Cd*F*F-R&amp;eid=ARC_Kmm1BiDpI2A6w6Xww4mwa4VDDpc5f3GP5dqC0hQpIlH4lnNelImsT8X5SV4Ca_bySNKoRqJ8GtcJ&amp;tn-str=*F\">https:\/\/www.facebook.com\/JMBArtSport?__tn__=%2Cd*F*F-R&amp;eid=ARC_Kmm1BiDpI2A6w6Xww4mwa4VDDpc5f3GP5dqC0hQpIlH4lnNelImsT8X5SV4Ca_bySNKoRqJ8GtcJ&amp;tn-str=*F<\/a><\/p>\n<div id='gallery-1' class='gallery galleryid-95604 gallery-columns-3 gallery-size-thumbnail'><figure class='gallery-item'>\n\t\t\t<div class='gallery-icon portrait'>\n\t\t\t\t<a href='https:\/\/newsestlyonnais.fr\/site\/newsestlyonanis-foulees-sanpriotes2020\/'><img loading=\"lazy\" decoding=\"async\" width=\"106\" height=\"150\" src=\"https:\/\/newsestlyonnais.fr\/site\/wp-content\/uploads\/2018\/12\/NEWSESTLYONANIS-FOULEES-SANPRIOTES2020-250x354.jpg\" class=\"attachment-thumbnail size-thumbnail\" alt=\"\" aria-describedby=\"gallery-1-91383\" srcset=\"https:\/\/newsestlyonnais.fr\/site\/wp-content\/uploads\/2018\/12\/NEWSESTLYONANIS-FOULEES-SANPRIOTES2020-250x354.jpg 250w, https:\/\/newsestlyonnais.fr\/site\/wp-content\/uploads\/2018\/12\/NEWSESTLYONANIS-FOULEES-SANPRIOTES2020-400x567.jpg 400w, https:\/\/newsestlyonnais.fr\/site\/wp-content\/uploads\/2018\/12\/NEWSESTLYONANIS-FOULEES-SANPRIOTES2020-150x212.jpg 150w, https:\/\/newsestlyonnais.fr\/site\/wp-content\/uploads\/2018\/12\/NEWSESTLYONANIS-FOULEES-SANPRIOTES2020-50x71.jpg 50w, https:\/\/newsestlyonnais.fr\/site\/wp-content\/uploads\/2018\/12\/NEWSESTLYONANIS-FOULEES-SANPRIOTES2020-100x142.jpg 100w, https:\/\/newsestlyonnais.fr\/site\/wp-content\/uploads\/2018\/12\/NEWSESTLYONANIS-FOULEES-SANPRIOTES2020-200x283.jpg 200w, https:\/\/newsestlyonnais.fr\/site\/wp-content\/uploads\/2018\/12\/NEWSESTLYONANIS-FOULEES-SANPRIOTES2020-300x425.jpg 300w, https:\/\/newsestlyonnais.fr\/site\/wp-content\/uploads\/2018\/12\/NEWSESTLYONANIS-FOULEES-SANPRIOTES2020-350x496.jpg 350w, https:\/\/newsestlyonnais.fr\/site\/wp-content\/uploads\/2018\/12\/NEWSESTLYONANIS-FOULEES-SANPRIOTES2020.jpg 430w\" sizes=\"auto, (max-width: 106px) 100vw, 106px\" \/><\/a>\n\t\t\t<\/div>\n\t\t\t\t<figcaption class='wp-caption-text gallery-caption' id='gallery-1-91383'>\n\t\t\t\tL&rsquo;affiche de l&rsquo;\u00e9v\u00e8nement\n\t\t\t\t<\/figcaption><\/figure><figure class='gallery-item'>\n\t\t\t<div class='gallery-icon landscape'>\n\t\t\t\t<a href='https:\/\/newsestlyonnais.fr\/site\/2020\/02\/16\/saint-priest-1-719-inscrits-aux-25-foulees-sanpriotes\/newsestlyonnais-foul-sanprio-2020-b\/'><img loading=\"lazy\" decoding=\"async\" width=\"150\" height=\"100\" src=\"https:\/\/newsestlyonnais.fr\/site\/wp-content\/uploads\/2020\/02\/NEWSESTLYONNAIS-FOUL-SANPRIO-2020-b-250x167.jpg\" class=\"attachment-thumbnail size-thumbnail\" alt=\"\" aria-describedby=\"gallery-1-95645\" srcset=\"https:\/\/newsestlyonnais.fr\/site\/wp-content\/uploads\/2020\/02\/NEWSESTLYONNAIS-FOUL-SANPRIO-2020-b-250x167.jpg 250w, https:\/\/newsestlyonnais.fr\/site\/wp-content\/uploads\/2020\/02\/NEWSESTLYONNAIS-FOUL-SANPRIO-2020-b-400x267.jpg 400w, https:\/\/newsestlyonnais.fr\/site\/wp-content\/uploads\/2020\/02\/NEWSESTLYONNAIS-FOUL-SANPRIO-2020-b-650x433.jpg 650w, https:\/\/newsestlyonnais.fr\/site\/wp-content\/uploads\/2020\/02\/NEWSESTLYONNAIS-FOUL-SANPRIO-2020-b-768x512.jpg 768w, https:\/\/newsestlyonnais.fr\/site\/wp-content\/uploads\/2020\/02\/NEWSESTLYONNAIS-FOUL-SANPRIO-2020-b-150x100.jpg 150w, https:\/\/newsestlyonnais.fr\/site\/wp-content\/uploads\/2020\/02\/NEWSESTLYONNAIS-FOUL-SANPRIO-2020-b-50x33.jpg 50w, https:\/\/newsestlyonnais.fr\/site\/wp-content\/uploads\/2020\/02\/NEWSESTLYONNAIS-FOUL-SANPRIO-2020-b-100x67.jpg 100w, https:\/\/newsestlyonnais.fr\/site\/wp-content\/uploads\/2020\/02\/NEWSESTLYONNAIS-FOUL-SANPRIO-2020-b-200x133.jpg 200w, https:\/\/newsestlyonnais.fr\/site\/wp-content\/uploads\/2020\/02\/NEWSESTLYONNAIS-FOUL-SANPRIO-2020-b-300x200.jpg 300w, https:\/\/newsestlyonnais.fr\/site\/wp-content\/uploads\/2020\/02\/NEWSESTLYONNAIS-FOUL-SANPRIO-2020-b-350x233.jpg 350w, https:\/\/newsestlyonnais.fr\/site\/wp-content\/uploads\/2020\/02\/NEWSESTLYONNAIS-FOUL-SANPRIO-2020-b-450x300.jpg 450w, https:\/\/newsestlyonnais.fr\/site\/wp-content\/uploads\/2020\/02\/NEWSESTLYONNAIS-FOUL-SANPRIO-2020-b-500x333.jpg 500w, https:\/\/newsestlyonnais.fr\/site\/wp-content\/uploads\/2020\/02\/NEWSESTLYONNAIS-FOUL-SANPRIO-2020-b-550x367.jpg 550w, https:\/\/newsestlyonnais.fr\/site\/wp-content\/uploads\/2020\/02\/NEWSESTLYONNAIS-FOUL-SANPRIO-2020-b-800x533.jpg 800w, https:\/\/newsestlyonnais.fr\/site\/wp-content\/uploads\/2020\/02\/NEWSESTLYONNAIS-FOUL-SANPRIO-2020-b.jpg 1200w\" sizes=\"auto, (max-width: 150px) 100vw, 150px\" \/><\/a>\n\t\t\t<\/div>\n\t\t\t\t<figcaption class='wp-caption-text gallery-caption' id='gallery-1-95645'>\n\t\t\t\tLe podium f\u00e9minin des 10 kilom\u00e8tres\n\t\t\t\t<\/figcaption><\/figure><figure class='gallery-item'>\n\t\t\t<div class='gallery-icon landscape'>\n\t\t\t\t<a href='https:\/\/newsestlyonnais.fr\/site\/2020\/02\/16\/saint-priest-1-719-inscrits-aux-25-foulees-sanpriotes\/newsestlyonnais-10-km-foulees-sp-2020\/'><img loading=\"lazy\" decoding=\"async\" width=\"150\" height=\"100\" src=\"https:\/\/newsestlyonnais.fr\/site\/wp-content\/uploads\/2020\/02\/NEWSESTLYONNAIS-10-KM-FOULEES-SP-2020-250x167.jpg\" class=\"attachment-thumbnail size-thumbnail\" alt=\"\" aria-describedby=\"gallery-1-95751\" srcset=\"https:\/\/newsestlyonnais.fr\/site\/wp-content\/uploads\/2020\/02\/NEWSESTLYONNAIS-10-KM-FOULEES-SP-2020-250x167.jpg 250w, https:\/\/newsestlyonnais.fr\/site\/wp-content\/uploads\/2020\/02\/NEWSESTLYONNAIS-10-KM-FOULEES-SP-2020-400x267.jpg 400w, https:\/\/newsestlyonnais.fr\/site\/wp-content\/uploads\/2020\/02\/NEWSESTLYONNAIS-10-KM-FOULEES-SP-2020-650x433.jpg 650w, https:\/\/newsestlyonnais.fr\/site\/wp-content\/uploads\/2020\/02\/NEWSESTLYONNAIS-10-KM-FOULEES-SP-2020-768x512.jpg 768w, https:\/\/newsestlyonnais.fr\/site\/wp-content\/uploads\/2020\/02\/NEWSESTLYONNAIS-10-KM-FOULEES-SP-2020-150x100.jpg 150w, https:\/\/newsestlyonnais.fr\/site\/wp-content\/uploads\/2020\/02\/NEWSESTLYONNAIS-10-KM-FOULEES-SP-2020-50x33.jpg 50w, https:\/\/newsestlyonnais.fr\/site\/wp-content\/uploads\/2020\/02\/NEWSESTLYONNAIS-10-KM-FOULEES-SP-2020-100x67.jpg 100w, https:\/\/newsestlyonnais.fr\/site\/wp-content\/uploads\/2020\/02\/NEWSESTLYONNAIS-10-KM-FOULEES-SP-2020-200x133.jpg 200w, https:\/\/newsestlyonnais.fr\/site\/wp-content\/uploads\/2020\/02\/NEWSESTLYONNAIS-10-KM-FOULEES-SP-2020-300x200.jpg 300w, https:\/\/newsestlyonnais.fr\/site\/wp-content\/uploads\/2020\/02\/NEWSESTLYONNAIS-10-KM-FOULEES-SP-2020-350x233.jpg 350w, https:\/\/newsestlyonnais.fr\/site\/wp-content\/uploads\/2020\/02\/NEWSESTLYONNAIS-10-KM-FOULEES-SP-2020-450x300.jpg 450w, https:\/\/newsestlyonnais.fr\/site\/wp-content\/uploads\/2020\/02\/NEWSESTLYONNAIS-10-KM-FOULEES-SP-2020-500x333.jpg 500w, https:\/\/newsestlyonnais.fr\/site\/wp-content\/uploads\/2020\/02\/NEWSESTLYONNAIS-10-KM-FOULEES-SP-2020-550x367.jpg 550w, https:\/\/newsestlyonnais.fr\/site\/wp-content\/uploads\/2020\/02\/NEWSESTLYONNAIS-10-KM-FOULEES-SP-2020-800x533.jpg 800w, https:\/\/newsestlyonnais.fr\/site\/wp-content\/uploads\/2020\/02\/NEWSESTLYONNAIS-10-KM-FOULEES-SP-2020.jpg 1200w\" sizes=\"auto, (max-width: 150px) 100vw, 150px\" \/><\/a>\n\t\t\t<\/div>\n\t\t\t\t<figcaption class='wp-caption-text gallery-caption' id='gallery-1-95751'>\n\t\t\t\tEt le podium masculin !\n\t\t\t\t<\/figcaption><\/figure><figure class='gallery-item'>\n\t\t\t<div class='gallery-icon landscape'>\n\t\t\t\t<a href='https:\/\/newsestlyonnais.fr\/site\/2020\/02\/16\/saint-priest-1-719-inscrits-aux-25-foulees-sanpriotes\/newsestlyonnais-foulees-sanp-2020-a\/'><img loading=\"lazy\" decoding=\"async\" width=\"150\" height=\"113\" src=\"https:\/\/newsestlyonnais.fr\/site\/wp-content\/uploads\/2020\/02\/NEWSESTLYONNAIS-FOULEES-SANP-2020-A-250x188.jpg\" class=\"attachment-thumbnail size-thumbnail\" alt=\"\" aria-describedby=\"gallery-1-95639\" srcset=\"https:\/\/newsestlyonnais.fr\/site\/wp-content\/uploads\/2020\/02\/NEWSESTLYONNAIS-FOULEES-SANP-2020-A-250x188.jpg 250w, https:\/\/newsestlyonnais.fr\/site\/wp-content\/uploads\/2020\/02\/NEWSESTLYONNAIS-FOULEES-SANP-2020-A-400x300.jpg 400w, https:\/\/newsestlyonnais.fr\/site\/wp-content\/uploads\/2020\/02\/NEWSESTLYONNAIS-FOULEES-SANP-2020-A-650x488.jpg 650w, https:\/\/newsestlyonnais.fr\/site\/wp-content\/uploads\/2020\/02\/NEWSESTLYONNAIS-FOULEES-SANP-2020-A-768x576.jpg 768w, https:\/\/newsestlyonnais.fr\/site\/wp-content\/uploads\/2020\/02\/NEWSESTLYONNAIS-FOULEES-SANP-2020-A-1536x1152.jpg 1536w, https:\/\/newsestlyonnais.fr\/site\/wp-content\/uploads\/2020\/02\/NEWSESTLYONNAIS-FOULEES-SANP-2020-A-150x113.jpg 150w, https:\/\/newsestlyonnais.fr\/site\/wp-content\/uploads\/2020\/02\/NEWSESTLYONNAIS-FOULEES-SANP-2020-A-50x38.jpg 50w, https:\/\/newsestlyonnais.fr\/site\/wp-content\/uploads\/2020\/02\/NEWSESTLYONNAIS-FOULEES-SANP-2020-A-100x75.jpg 100w, https:\/\/newsestlyonnais.fr\/site\/wp-content\/uploads\/2020\/02\/NEWSESTLYONNAIS-FOULEES-SANP-2020-A-200x150.jpg 200w, https:\/\/newsestlyonnais.fr\/site\/wp-content\/uploads\/2020\/02\/NEWSESTLYONNAIS-FOULEES-SANP-2020-A-300x225.jpg 300w, https:\/\/newsestlyonnais.fr\/site\/wp-content\/uploads\/2020\/02\/NEWSESTLYONNAIS-FOULEES-SANP-2020-A-350x263.jpg 350w, https:\/\/newsestlyonnais.fr\/site\/wp-content\/uploads\/2020\/02\/NEWSESTLYONNAIS-FOULEES-SANP-2020-A-450x338.jpg 450w, https:\/\/newsestlyonnais.fr\/site\/wp-content\/uploads\/2020\/02\/NEWSESTLYONNAIS-FOULEES-SANP-2020-A-500x375.jpg 500w, https:\/\/newsestlyonnais.fr\/site\/wp-content\/uploads\/2020\/02\/NEWSESTLYONNAIS-FOULEES-SANP-2020-A-550x413.jpg 550w, https:\/\/newsestlyonnais.fr\/site\/wp-content\/uploads\/2020\/02\/NEWSESTLYONNAIS-FOULEES-SANP-2020-A-800x600.jpg 800w, https:\/\/newsestlyonnais.fr\/site\/wp-content\/uploads\/2020\/02\/NEWSESTLYONNAIS-FOULEES-SANP-2020-A-1200x900.jpg 1200w, https:\/\/newsestlyonnais.fr\/site\/wp-content\/uploads\/2020\/02\/NEWSESTLYONNAIS-FOULEES-SANP-2020-A-1600x1200.jpg 1600w, https:\/\/newsestlyonnais.fr\/site\/wp-content\/uploads\/2020\/02\/NEWSESTLYONNAIS-FOULEES-SANP-2020-A-2000x1500.jpg 2000w, https:\/\/newsestlyonnais.fr\/site\/wp-content\/uploads\/2020\/02\/NEWSESTLYONNAIS-FOULEES-SANP-2020-A-1320x990.jpg 1320w, https:\/\/newsestlyonnais.fr\/site\/wp-content\/uploads\/2020\/02\/NEWSESTLYONNAIS-FOULEES-SANP-2020-A.jpg 2048w\" sizes=\"auto, (max-width: 150px) 100vw, 150px\" \/><\/a>\n\t\t\t<\/div>\n\t\t\t\t<figcaption class='wp-caption-text gallery-caption' id='gallery-1-95639'>\n\t\t\t\tLe podium f\u00e9minin des 5,8 kms\n\t\t\t\t<\/figcaption><\/figure><figure class='gallery-item'>\n\t\t\t<div class='gallery-icon landscape'>\n\t\t\t\t<a href='https:\/\/newsestlyonnais.fr\/site\/2020\/02\/16\/saint-priest-1-719-inscrits-aux-25-foulees-sanpriotes\/newsestlyonnais-allegre\/'><img loading=\"lazy\" decoding=\"async\" width=\"150\" height=\"100\" src=\"https:\/\/newsestlyonnais.fr\/site\/wp-content\/uploads\/2020\/02\/NEWSESTLYONNAIS-ALLEGRE-250x167.jpg\" class=\"attachment-thumbnail size-thumbnail\" alt=\"\" aria-describedby=\"gallery-1-95642\" srcset=\"https:\/\/newsestlyonnais.fr\/site\/wp-content\/uploads\/2020\/02\/NEWSESTLYONNAIS-ALLEGRE-250x167.jpg 250w, https:\/\/newsestlyonnais.fr\/site\/wp-content\/uploads\/2020\/02\/NEWSESTLYONNAIS-ALLEGRE-400x267.jpg 400w, https:\/\/newsestlyonnais.fr\/site\/wp-content\/uploads\/2020\/02\/NEWSESTLYONNAIS-ALLEGRE-650x433.jpg 650w, https:\/\/newsestlyonnais.fr\/site\/wp-content\/uploads\/2020\/02\/NEWSESTLYONNAIS-ALLEGRE-768x512.jpg 768w, https:\/\/newsestlyonnais.fr\/site\/wp-content\/uploads\/2020\/02\/NEWSESTLYONNAIS-ALLEGRE-150x100.jpg 150w, https:\/\/newsestlyonnais.fr\/site\/wp-content\/uploads\/2020\/02\/NEWSESTLYONNAIS-ALLEGRE-50x33.jpg 50w, https:\/\/newsestlyonnais.fr\/site\/wp-content\/uploads\/2020\/02\/NEWSESTLYONNAIS-ALLEGRE-100x67.jpg 100w, https:\/\/newsestlyonnais.fr\/site\/wp-content\/uploads\/2020\/02\/NEWSESTLYONNAIS-ALLEGRE-200x133.jpg 200w, https:\/\/newsestlyonnais.fr\/site\/wp-content\/uploads\/2020\/02\/NEWSESTLYONNAIS-ALLEGRE-300x200.jpg 300w, https:\/\/newsestlyonnais.fr\/site\/wp-content\/uploads\/2020\/02\/NEWSESTLYONNAIS-ALLEGRE-350x233.jpg 350w, https:\/\/newsestlyonnais.fr\/site\/wp-content\/uploads\/2020\/02\/NEWSESTLYONNAIS-ALLEGRE-450x300.jpg 450w, https:\/\/newsestlyonnais.fr\/site\/wp-content\/uploads\/2020\/02\/NEWSESTLYONNAIS-ALLEGRE-500x333.jpg 500w, https:\/\/newsestlyonnais.fr\/site\/wp-content\/uploads\/2020\/02\/NEWSESTLYONNAIS-ALLEGRE-550x367.jpg 550w, https:\/\/newsestlyonnais.fr\/site\/wp-content\/uploads\/2020\/02\/NEWSESTLYONNAIS-ALLEGRE-800x533.jpg 800w, https:\/\/newsestlyonnais.fr\/site\/wp-content\/uploads\/2020\/02\/NEWSESTLYONNAIS-ALLEGRE.jpg 1200w\" sizes=\"auto, (max-width: 150px) 100vw, 150px\" \/><\/a>\n\t\t\t<\/div>\n\t\t\t\t<figcaption class='wp-caption-text gallery-caption' id='gallery-1-95642'>\n\t\t\t\tRoger Allegre (doyen du jour) et Roland Panetta (Pt Jocel) \n\t\t\t\t<\/figcaption><\/figure><figure class='gallery-item'>\n\t\t\t<div class='gallery-icon landscape'>\n\t\t\t\t<a href='https:\/\/newsestlyonnais.fr\/site\/2020\/02\/16\/saint-priest-1-719-inscrits-aux-25-foulees-sanpriotes\/newsestlyonnais-foul-sanprio-2020\/'><img loading=\"lazy\" decoding=\"async\" width=\"150\" height=\"100\" src=\"https:\/\/newsestlyonnais.fr\/site\/wp-content\/uploads\/2020\/02\/NEWSESTLYONNAIS-FOUL-SANPRIO-2020-250x167.jpg\" class=\"attachment-thumbnail size-thumbnail\" alt=\"\" aria-describedby=\"gallery-1-95644\" srcset=\"https:\/\/newsestlyonnais.fr\/site\/wp-content\/uploads\/2020\/02\/NEWSESTLYONNAIS-FOUL-SANPRIO-2020-250x167.jpg 250w, https:\/\/newsestlyonnais.fr\/site\/wp-content\/uploads\/2020\/02\/NEWSESTLYONNAIS-FOUL-SANPRIO-2020-400x267.jpg 400w, https:\/\/newsestlyonnais.fr\/site\/wp-content\/uploads\/2020\/02\/NEWSESTLYONNAIS-FOUL-SANPRIO-2020-650x433.jpg 650w, https:\/\/newsestlyonnais.fr\/site\/wp-content\/uploads\/2020\/02\/NEWSESTLYONNAIS-FOUL-SANPRIO-2020-768x512.jpg 768w, https:\/\/newsestlyonnais.fr\/site\/wp-content\/uploads\/2020\/02\/NEWSESTLYONNAIS-FOUL-SANPRIO-2020-150x100.jpg 150w, https:\/\/newsestlyonnais.fr\/site\/wp-content\/uploads\/2020\/02\/NEWSESTLYONNAIS-FOUL-SANPRIO-2020-50x33.jpg 50w, https:\/\/newsestlyonnais.fr\/site\/wp-content\/uploads\/2020\/02\/NEWSESTLYONNAIS-FOUL-SANPRIO-2020-100x67.jpg 100w, https:\/\/newsestlyonnais.fr\/site\/wp-content\/uploads\/2020\/02\/NEWSESTLYONNAIS-FOUL-SANPRIO-2020-200x133.jpg 200w, https:\/\/newsestlyonnais.fr\/site\/wp-content\/uploads\/2020\/02\/NEWSESTLYONNAIS-FOUL-SANPRIO-2020-300x200.jpg 300w, https:\/\/newsestlyonnais.fr\/site\/wp-content\/uploads\/2020\/02\/NEWSESTLYONNAIS-FOUL-SANPRIO-2020-350x233.jpg 350w, https:\/\/newsestlyonnais.fr\/site\/wp-content\/uploads\/2020\/02\/NEWSESTLYONNAIS-FOUL-SANPRIO-2020-450x300.jpg 450w, https:\/\/newsestlyonnais.fr\/site\/wp-content\/uploads\/2020\/02\/NEWSESTLYONNAIS-FOUL-SANPRIO-2020-500x333.jpg 500w, https:\/\/newsestlyonnais.fr\/site\/wp-content\/uploads\/2020\/02\/NEWSESTLYONNAIS-FOUL-SANPRIO-2020-550x367.jpg 550w, https:\/\/newsestlyonnais.fr\/site\/wp-content\/uploads\/2020\/02\/NEWSESTLYONNAIS-FOUL-SANPRIO-2020-800x533.jpg 800w, https:\/\/newsestlyonnais.fr\/site\/wp-content\/uploads\/2020\/02\/NEWSESTLYONNAIS-FOUL-SANPRIO-2020.jpg 1200w\" sizes=\"auto, (max-width: 150px) 100vw, 150px\" \/><\/a>\n\t\t\t<\/div>\n\t\t\t\t<figcaption class='wp-caption-text gallery-caption' id='gallery-1-95644'>\n\t\t\t\tUn moment de solidarit\u00e9 lors de la remise du ch\u00e8que \u00e0 une association \n\t\t\t\t<\/figcaption><\/figure>\n\t\t<\/div>\n\n","protected":false},"excerpt":{"rendered":"<p>Cette 3\u00b0 \u00e9tape du Challenge Athl\u00e9 Running 69 mis en place par le Comit\u00e9 d\u00e9partemental d&rsquo;athl\u00e9tisme a connu un beau succ\u00e8s ce dimanche matin.<\/p>\n","protected":false},"author":4,"featured_media":95619,"comment_status":"open","ping_status":"open","sticky":false,"template":"","format":"standard","meta":{"footnotes":""},"categories":[2968,1296,2],"tags":[],"class_list":["post-95604","post","type-post","status-publish","format-standard","has-post-thumbnail","hentry","category-athle-course-pied-marche","category-sain-priest","category-sports"],"yoast_head":"<!-- This site is optimized with the Yoast SEO plugin v27.2 - https:\/\/yoast.com\/product\/yoast-seo-wordpress\/ -->\n<title>SAINT-PRIEST | 1.719 inscrits aux 25\u00b0 Foul\u00e9es Sanpriotes - News Est Lyonnais<\/title>\n<meta name=\"description\" content=\"SAINT-PRIEST | 1.719 inscrits aux 25\u00b0 Foul\u00e9es Sanpriotes\" \/>\n<meta name=\"robots\" content=\"index, follow, max-snippet:-1, max-image-preview:large, max-video-preview:-1\" \/>\n<link rel=\"canonical\" href=\"https:\/\/newsestlyonnais.fr\/site\/2020\/02\/16\/saint-priest-1-719-inscrits-aux-25-foulees-sanpriotes\/\" \/>\n<meta property=\"og:locale\" content=\"fr_FR\" \/>\n<meta property=\"og:type\" content=\"article\" \/>\n<meta property=\"og:title\" content=\"SAINT-PRIEST | 1.719 inscrits aux 25\u00b0 Foul\u00e9es Sanpriotes - News Est Lyonnais\" \/>\n<meta property=\"og:description\" content=\"SAINT-PRIEST | 1.719 inscrits aux 25\u00b0 Foul\u00e9es Sanpriotes\" \/>\n<meta property=\"og:url\" content=\"https:\/\/newsestlyonnais.fr\/site\/2020\/02\/16\/saint-priest-1-719-inscrits-aux-25-foulees-sanpriotes\/\" \/>\n<meta property=\"og:site_name\" content=\"News Est Lyonnais\" \/>\n<meta property=\"article:author\" content=\"https:\/\/www.facebook.com\/pascal.oberson.1?fref=ts\" \/>\n<meta property=\"article:published_time\" content=\"2020-02-16T15:50:49+00:00\" \/>\n<meta property=\"article:modified_time\" content=\"2020-04-06T06:14:12+00:00\" \/>\n<meta property=\"og:image\" content=\"https:\/\/i0.wp.com\/newsestlyonnais.fr\/site\/wp-content\/uploads\/2020\/02\/NEWSESTLYONNAIS-FOULEES-SANPRI-01.jpg?fit=960%2C640&ssl=1\" \/>\n\t<meta property=\"og:image:width\" content=\"960\" \/>\n\t<meta property=\"og:image:height\" content=\"640\" \/>\n\t<meta property=\"og:image:type\" content=\"image\/jpeg\" \/>\n<meta name=\"author\" content=\"R\u00e9dac. NEWS\" \/>\n<meta name=\"twitter:card\" content=\"summary_large_image\" \/>\n<meta name=\"twitter:label1\" content=\"\u00c9crit par\" \/>\n\t<meta name=\"twitter:data1\" content=\"R\u00e9dac. NEWS\" \/>\n\t<meta name=\"twitter:label2\" content=\"Dur\u00e9e de lecture estim\u00e9e\" \/>\n\t<meta name=\"twitter:data2\" content=\"1 minute\" \/>\n<script type=\"application\/ld+json\" class=\"yoast-schema-graph\">{\"@context\":\"https:\/\/schema.org\",\"@graph\":[{\"@type\":\"Article\",\"@id\":\"https:\/\/newsestlyonnais.fr\/site\/2020\/02\/16\/saint-priest-1-719-inscrits-aux-25-foulees-sanpriotes\/#article\",\"isPartOf\":{\"@id\":\"https:\/\/newsestlyonnais.fr\/site\/2020\/02\/16\/saint-priest-1-719-inscrits-aux-25-foulees-sanpriotes\/\"},\"author\":{\"name\":\"R\u00e9dac. NEWS\",\"@id\":\"https:\/\/newsestlyonnais.fr\/site\/#\/schema\/person\/3230d5615f390bb808365d673001e887\"},\"headline\":\"SAINT-PRIEST | 1.719 inscrits aux 25\u00b0 Foul\u00e9es Sanpriotes\",\"datePublished\":\"2020-02-16T15:50:49+00:00\",\"dateModified\":\"2020-04-06T06:14:12+00:00\",\"mainEntityOfPage\":{\"@id\":\"https:\/\/newsestlyonnais.fr\/site\/2020\/02\/16\/saint-priest-1-719-inscrits-aux-25-foulees-sanpriotes\/\"},\"wordCount\":261,\"commentCount\":0,\"publisher\":{\"@id\":\"https:\/\/newsestlyonnais.fr\/site\/#organization\"},\"image\":{\"@id\":\"https:\/\/newsestlyonnais.fr\/site\/2020\/02\/16\/saint-priest-1-719-inscrits-aux-25-foulees-sanpriotes\/#primaryimage\"},\"thumbnailUrl\":\"https:\/\/newsestlyonnais.fr\/site\/wp-content\/uploads\/2020\/02\/NEWSESTLYONNAIS-FOULEES-SANPRI-01.jpg\",\"articleSection\":[\"Athl\u00e9 | Course pied | Marche\",\"Saint-Priest\",\"Sports\"],\"inLanguage\":\"fr-FR\",\"potentialAction\":[{\"@type\":\"CommentAction\",\"name\":\"Comment\",\"target\":[\"https:\/\/newsestlyonnais.fr\/site\/2020\/02\/16\/saint-priest-1-719-inscrits-aux-25-foulees-sanpriotes\/#respond\"]}]},{\"@type\":\"WebPage\",\"@id\":\"https:\/\/newsestlyonnais.fr\/site\/2020\/02\/16\/saint-priest-1-719-inscrits-aux-25-foulees-sanpriotes\/\",\"url\":\"https:\/\/newsestlyonnais.fr\/site\/2020\/02\/16\/saint-priest-1-719-inscrits-aux-25-foulees-sanpriotes\/\",\"name\":\"SAINT-PRIEST | 1.719 inscrits aux 25\u00b0 Foul\u00e9es Sanpriotes - News Est Lyonnais\",\"isPartOf\":{\"@id\":\"https:\/\/newsestlyonnais.fr\/site\/#website\"},\"primaryImageOfPage\":{\"@id\":\"https:\/\/newsestlyonnais.fr\/site\/2020\/02\/16\/saint-priest-1-719-inscrits-aux-25-foulees-sanpriotes\/#primaryimage\"},\"image\":{\"@id\":\"https:\/\/newsestlyonnais.fr\/site\/2020\/02\/16\/saint-priest-1-719-inscrits-aux-25-foulees-sanpriotes\/#primaryimage\"},\"thumbnailUrl\":\"https:\/\/newsestlyonnais.fr\/site\/wp-content\/uploads\/2020\/02\/NEWSESTLYONNAIS-FOULEES-SANPRI-01.jpg\",\"datePublished\":\"2020-02-16T15:50:49+00:00\",\"dateModified\":\"2020-04-06T06:14:12+00:00\",\"description\":\"SAINT-PRIEST | 1.719 inscrits aux 25\u00b0 Foul\u00e9es Sanpriotes\",\"breadcrumb\":{\"@id\":\"https:\/\/newsestlyonnais.fr\/site\/2020\/02\/16\/saint-priest-1-719-inscrits-aux-25-foulees-sanpriotes\/#breadcrumb\"},\"inLanguage\":\"fr-FR\",\"potentialAction\":[{\"@type\":\"ReadAction\",\"target\":[\"https:\/\/newsestlyonnais.fr\/site\/2020\/02\/16\/saint-priest-1-719-inscrits-aux-25-foulees-sanpriotes\/\"]}]},{\"@type\":\"ImageObject\",\"inLanguage\":\"fr-FR\",\"@id\":\"https:\/\/newsestlyonnais.fr\/site\/2020\/02\/16\/saint-priest-1-719-inscrits-aux-25-foulees-sanpriotes\/#primaryimage\",\"url\":\"https:\/\/newsestlyonnais.fr\/site\/wp-content\/uploads\/2020\/02\/NEWSESTLYONNAIS-FOULEES-SANPRI-01.jpg\",\"contentUrl\":\"https:\/\/newsestlyonnais.fr\/site\/wp-content\/uploads\/2020\/02\/NEWSESTLYONNAIS-FOULEES-SANPRI-01.jpg\",\"width\":960,\"height\":640},{\"@type\":\"BreadcrumbList\",\"@id\":\"https:\/\/newsestlyonnais.fr\/site\/2020\/02\/16\/saint-priest-1-719-inscrits-aux-25-foulees-sanpriotes\/#breadcrumb\",\"itemListElement\":[{\"@type\":\"ListItem\",\"position\":1,\"name\":\"Accueil\",\"item\":\"https:\/\/newsestlyonnais.fr\/site\/\"},{\"@type\":\"ListItem\",\"position\":2,\"name\":\"SAINT-PRIEST | 1.719 inscrits aux 25\u00b0 Foul\u00e9es Sanpriotes\"}]},{\"@type\":\"WebSite\",\"@id\":\"https:\/\/newsestlyonnais.fr\/site\/#website\",\"url\":\"https:\/\/newsestlyonnais.fr\/site\/\",\"name\":\"News Est Lyonnais\",\"description\":\"L&#039;actualit\u00e9 au plus pr\u00e8s\",\"publisher\":{\"@id\":\"https:\/\/newsestlyonnais.fr\/site\/#organization\"},\"potentialAction\":[{\"@type\":\"SearchAction\",\"target\":{\"@type\":\"EntryPoint\",\"urlTemplate\":\"https:\/\/newsestlyonnais.fr\/site\/?s={search_term_string}\"},\"query-input\":{\"@type\":\"PropertyValueSpecification\",\"valueRequired\":true,\"valueName\":\"search_term_string\"}}],\"inLanguage\":\"fr-FR\"},{\"@type\":\"Organization\",\"@id\":\"https:\/\/newsestlyonnais.fr\/site\/#organization\",\"name\":\"News EST LYONNAIS\",\"url\":\"https:\/\/newsestlyonnais.fr\/site\/\",\"logo\":{\"@type\":\"ImageObject\",\"inLanguage\":\"fr-FR\",\"@id\":\"https:\/\/newsestlyonnais.fr\/site\/#\/schema\/logo\/image\/\",\"url\":\"\",\"contentUrl\":\"\",\"caption\":\"News EST LYONNAIS\"},\"image\":{\"@id\":\"https:\/\/newsestlyonnais.fr\/site\/#\/schema\/logo\/image\/\"}},{\"@type\":\"Person\",\"@id\":\"https:\/\/newsestlyonnais.fr\/site\/#\/schema\/person\/3230d5615f390bb808365d673001e887\",\"name\":\"R\u00e9dac. NEWS\",\"sameAs\":[\"http:\/\/www.newsestlyonnais.fr\",\"https:\/\/www.facebook.com\/pascal.oberson.1?fref=ts\",\"https:\/\/fr.linkedin.com\/in\/pascal-oberson-b17045113\"],\"url\":\"https:\/\/newsestlyonnais.fr\/site\/author\/nel\/\"}]}<\/script>\n<!-- \/ Yoast SEO plugin. -->","yoast_head_json":{"title":"SAINT-PRIEST | 1.719 inscrits aux 25\u00b0 Foul\u00e9es Sanpriotes - News Est Lyonnais","description":"SAINT-PRIEST | 1.719 inscrits aux 25\u00b0 Foul\u00e9es Sanpriotes","robots":{"index":"index","follow":"follow","max-snippet":"max-snippet:-1","max-image-preview":"max-image-preview:large","max-video-preview":"max-video-preview:-1"},"canonical":"https:\/\/newsestlyonnais.fr\/site\/2020\/02\/16\/saint-priest-1-719-inscrits-aux-25-foulees-sanpriotes\/","og_locale":"fr_FR","og_type":"article","og_title":"SAINT-PRIEST | 1.719 inscrits aux 25\u00b0 Foul\u00e9es Sanpriotes - News Est Lyonnais","og_description":"SAINT-PRIEST | 1.719 inscrits aux 25\u00b0 Foul\u00e9es Sanpriotes","og_url":"https:\/\/newsestlyonnais.fr\/site\/2020\/02\/16\/saint-priest-1-719-inscrits-aux-25-foulees-sanpriotes\/","og_site_name":"News Est Lyonnais","article_author":"https:\/\/www.facebook.com\/pascal.oberson.1?fref=ts","article_published_time":"2020-02-16T15:50:49+00:00","article_modified_time":"2020-04-06T06:14:12+00:00","og_image":[{"width":960,"height":640,"url":"https:\/\/i0.wp.com\/newsestlyonnais.fr\/site\/wp-content\/uploads\/2020\/02\/NEWSESTLYONNAIS-FOULEES-SANPRI-01.jpg?fit=960%2C640&ssl=1","type":"image\/jpeg"}],"author":"R\u00e9dac. NEWS","twitter_card":"summary_large_image","twitter_misc":{"\u00c9crit par":"R\u00e9dac. NEWS","Dur\u00e9e de lecture estim\u00e9e":"1 minute"},"schema":{"@context":"https:\/\/schema.org","@graph":[{"@type":"Article","@id":"https:\/\/newsestlyonnais.fr\/site\/2020\/02\/16\/saint-priest-1-719-inscrits-aux-25-foulees-sanpriotes\/#article","isPartOf":{"@id":"https:\/\/newsestlyonnais.fr\/site\/2020\/02\/16\/saint-priest-1-719-inscrits-aux-25-foulees-sanpriotes\/"},"author":{"name":"R\u00e9dac. NEWS","@id":"https:\/\/newsestlyonnais.fr\/site\/#\/schema\/person\/3230d5615f390bb808365d673001e887"},"headline":"SAINT-PRIEST | 1.719 inscrits aux 25\u00b0 Foul\u00e9es Sanpriotes","datePublished":"2020-02-16T15:50:49+00:00","dateModified":"2020-04-06T06:14:12+00:00","mainEntityOfPage":{"@id":"https:\/\/newsestlyonnais.fr\/site\/2020\/02\/16\/saint-priest-1-719-inscrits-aux-25-foulees-sanpriotes\/"},"wordCount":261,"commentCount":0,"publisher":{"@id":"https:\/\/newsestlyonnais.fr\/site\/#organization"},"image":{"@id":"https:\/\/newsestlyonnais.fr\/site\/2020\/02\/16\/saint-priest-1-719-inscrits-aux-25-foulees-sanpriotes\/#primaryimage"},"thumbnailUrl":"https:\/\/newsestlyonnais.fr\/site\/wp-content\/uploads\/2020\/02\/NEWSESTLYONNAIS-FOULEES-SANPRI-01.jpg","articleSection":["Athl\u00e9 | Course pied | Marche","Saint-Priest","Sports"],"inLanguage":"fr-FR","potentialAction":[{"@type":"CommentAction","name":"Comment","target":["https:\/\/newsestlyonnais.fr\/site\/2020\/02\/16\/saint-priest-1-719-inscrits-aux-25-foulees-sanpriotes\/#respond"]}]},{"@type":"WebPage","@id":"https:\/\/newsestlyonnais.fr\/site\/2020\/02\/16\/saint-priest-1-719-inscrits-aux-25-foulees-sanpriotes\/","url":"https:\/\/newsestlyonnais.fr\/site\/2020\/02\/16\/saint-priest-1-719-inscrits-aux-25-foulees-sanpriotes\/","name":"SAINT-PRIEST | 1.719 inscrits aux 25\u00b0 Foul\u00e9es Sanpriotes - News Est Lyonnais","isPartOf":{"@id":"https:\/\/newsestlyonnais.fr\/site\/#website"},"primaryImageOfPage":{"@id":"https:\/\/newsestlyonnais.fr\/site\/2020\/02\/16\/saint-priest-1-719-inscrits-aux-25-foulees-sanpriotes\/#primaryimage"},"image":{"@id":"https:\/\/newsestlyonnais.fr\/site\/2020\/02\/16\/saint-priest-1-719-inscrits-aux-25-foulees-sanpriotes\/#primaryimage"},"thumbnailUrl":"https:\/\/newsestlyonnais.fr\/site\/wp-content\/uploads\/2020\/02\/NEWSESTLYONNAIS-FOULEES-SANPRI-01.jpg","datePublished":"2020-02-16T15:50:49+00:00","dateModified":"2020-04-06T06:14:12+00:00","description":"SAINT-PRIEST | 1.719 inscrits aux 25\u00b0 Foul\u00e9es Sanpriotes","breadcrumb":{"@id":"https:\/\/newsestlyonnais.fr\/site\/2020\/02\/16\/saint-priest-1-719-inscrits-aux-25-foulees-sanpriotes\/#breadcrumb"},"inLanguage":"fr-FR","potentialAction":[{"@type":"ReadAction","target":["https:\/\/newsestlyonnais.fr\/site\/2020\/02\/16\/saint-priest-1-719-inscrits-aux-25-foulees-sanpriotes\/"]}]},{"@type":"ImageObject","inLanguage":"fr-FR","@id":"https:\/\/newsestlyonnais.fr\/site\/2020\/02\/16\/saint-priest-1-719-inscrits-aux-25-foulees-sanpriotes\/#primaryimage","url":"https:\/\/newsestlyonnais.fr\/site\/wp-content\/uploads\/2020\/02\/NEWSESTLYONNAIS-FOULEES-SANPRI-01.jpg","contentUrl":"https:\/\/newsestlyonnais.fr\/site\/wp-content\/uploads\/2020\/02\/NEWSESTLYONNAIS-FOULEES-SANPRI-01.jpg","width":960,"height":640},{"@type":"BreadcrumbList","@id":"https:\/\/newsestlyonnais.fr\/site\/2020\/02\/16\/saint-priest-1-719-inscrits-aux-25-foulees-sanpriotes\/#breadcrumb","itemListElement":[{"@type":"ListItem","position":1,"name":"Accueil","item":"https:\/\/newsestlyonnais.fr\/site\/"},{"@type":"ListItem","position":2,"name":"SAINT-PRIEST | 1.719 inscrits aux 25\u00b0 Foul\u00e9es Sanpriotes"}]},{"@type":"WebSite","@id":"https:\/\/newsestlyonnais.fr\/site\/#website","url":"https:\/\/newsestlyonnais.fr\/site\/","name":"News Est Lyonnais","description":"L&#039;actualit\u00e9 au plus pr\u00e8s","publisher":{"@id":"https:\/\/newsestlyonnais.fr\/site\/#organization"},"potentialAction":[{"@type":"SearchAction","target":{"@type":"EntryPoint","urlTemplate":"https:\/\/newsestlyonnais.fr\/site\/?s={search_term_string}"},"query-input":{"@type":"PropertyValueSpecification","valueRequired":true,"valueName":"search_term_string"}}],"inLanguage":"fr-FR"},{"@type":"Organization","@id":"https:\/\/newsestlyonnais.fr\/site\/#organization","name":"News EST LYONNAIS","url":"https:\/\/newsestlyonnais.fr\/site\/","logo":{"@type":"ImageObject","inLanguage":"fr-FR","@id":"https:\/\/newsestlyonnais.fr\/site\/#\/schema\/logo\/image\/","url":"","contentUrl":"","caption":"News EST LYONNAIS"},"image":{"@id":"https:\/\/newsestlyonnais.fr\/site\/#\/schema\/logo\/image\/"}},{"@type":"Person","@id":"https:\/\/newsestlyonnais.fr\/site\/#\/schema\/person\/3230d5615f390bb808365d673001e887","name":"R\u00e9dac. NEWS","sameAs":["http:\/\/www.newsestlyonnais.fr","https:\/\/www.facebook.com\/pascal.oberson.1?fref=ts","https:\/\/fr.linkedin.com\/in\/pascal-oberson-b17045113"],"url":"https:\/\/newsestlyonnais.fr\/site\/author\/nel\/"}]}},"_links":{"self":[{"href":"https:\/\/newsestlyonnais.fr\/site\/wp-json\/wp\/v2\/posts\/95604","targetHints":{"allow":["GET"]}}],"collection":[{"href":"https:\/\/newsestlyonnais.fr\/site\/wp-json\/wp\/v2\/posts"}],"about":[{"href":"https:\/\/newsestlyonnais.fr\/site\/wp-json\/wp\/v2\/types\/post"}],"author":[{"embeddable":true,"href":"https:\/\/newsestlyonnais.fr\/site\/wp-json\/wp\/v2\/users\/4"}],"replies":[{"embeddable":true,"href":"https:\/\/newsestlyonnais.fr\/site\/wp-json\/wp\/v2\/comments?post=95604"}],"version-history":[{"count":0,"href":"https:\/\/newsestlyonnais.fr\/site\/wp-json\/wp\/v2\/posts\/95604\/revisions"}],"wp:featuredmedia":[{"embeddable":true,"href":"https:\/\/newsestlyonnais.fr\/site\/wp-json\/wp\/v2\/media\/95619"}],"wp:attachment":[{"href":"https:\/\/newsestlyonnais.fr\/site\/wp-json\/wp\/v2\/media?parent=95604"}],"wp:term":[{"taxonomy":"category","embeddable":true,"href":"https:\/\/newsestlyonnais.fr\/site\/wp-json\/wp\/v2\/categories?post=95604"},{"taxonomy":"post_tag","embeddable":true,"href":"https:\/\/newsestlyonnais.fr\/site\/wp-json\/wp\/v2\/tags?post=95604"}],"curies":[{"name":"wp","href":"https:\/\/api.w.org\/{rel}","templated":true}]}}