{"id":95660,"date":"2020-02-16T10:30:57","date_gmt":"2020-02-16T09:30:57","guid":{"rendered":"http:\/\/newsestlyonnais.fr\/site\/?p=95660"},"modified":"2020-02-18T10:07:48","modified_gmt":"2020-02-18T09:07:48","slug":"venissieux-les-karatekas-du-sen-no-sen-competitifs-sur-plusieurs-fronts","status":"publish","type":"post","link":"https:\/\/newsestlyonnais.fr\/site\/2020\/02\/16\/venissieux-les-karatekas-du-sen-no-sen-competitifs-sur-plusieurs-fronts\/","title":{"rendered":"VENISSIEUX | Les karat\u00e9kas du Sen No Sen comp\u00e9titifs sur plusieurs fronts"},"content":{"rendered":"<p>Le samedi, \u00e0 Paris, <strong>3 v\u00e9nissians disputaient les championnats de France des Ligues<\/strong> au sein des \u00e9quipes Auvergne-Rh\u00f4ne-Alpes : <strong>L\u00e9onie Albertas<\/strong> dans l\u2019\u00e9quipe f\u00e9minine, <strong>Ilies Elguir &amp; Issa Lardjoum<\/strong> dans l\u2019\u00e9quipe masculine qui remporte le bronze.<\/p>\n<p>Le dimanche, \u00e0 la salle Maurice Metrat \u00e0 V\u00e9nissieux, se d\u00e9roulaient les <strong>championnats combats de la zone inter-d\u00e9partementale du Lyonnais pour les cat\u00e9gories minimes \u00e0 v\u00e9t\u00e9rans<\/strong>. Lors de ces qualificatifs pour les championnats r\u00e9gionaux (de minimes \u00e0 v\u00e9t\u00e9rans), les v\u00e9nissians se sont <strong>tous qualifi\u00e9s, remportant 16 m\u00e9dailles (9 en or, 3 en argent et 4 en bronze).<\/strong> Priv\u00e9s de certains de ses \u00e9l\u00e9ments disputant le championnat de France des ligues, le Sen No Sen Karat\u00e9 V\u00e9nissieux ne pouvaient aligner ses 4 \u00e9quipes (juniors et seniors en masculins et f\u00e9minins), mais par d\u00e9rogation, elles sont toutes qualifi\u00e9es aux championnats de France. Tout comme les participants au championnat de France des ligues qui sont individuellement qualifi\u00e9s pour les championnats r\u00e9gionaux, qui auront lieu \u00e0 Ceyrat (63), le dimanche 1\u00b0<sup>r<\/sup> mars prochain.<\/p>\n<p><span style=\"text-decoration: underline\"><em><strong>R\u00e9sultats du championnat du Lyonnais<\/strong><\/em><\/span><\/p>\n<ul>\n<li><strong><span style=\"text-decoration: underline\">Minimes<\/span> : Masculins<\/strong> : &#8211; 55 kg : 3\u00b0 Yohann Papereux\u00a0 \/ <strong>F\u00e9minines <\/strong>: &#8211; 55 kg : 2\u00b0 Ambrine Taulegne &amp; + 55 kg : 3\u00b0 Morgiane Nekoul.<\/li>\n<li><strong><span style=\"text-decoration: underline\">Cadets<\/span> : Masculins<\/strong> : &#8211; 52 kg : 3\u00b0 Mathis Gopal \/ <strong>F\u00e9minines<\/strong> : &#8211; 47 kg : 1\u00b0 Nisrin Nekoul.<\/li>\n<li><span style=\"text-decoration: underline\"><strong>Juniors <\/strong><\/span>: <strong>F\u00e9minines<\/strong> : &#8211; 59 kg: 1\u00b0 Rehane Yazid &amp; + 59 kg : 1\u00b0 Jasmine Nekoul \/ <strong>Masculins<\/strong> : &#8211; 68 kg : 1\u00b0 Ilian Yazid (<strong>PHOTO A LA UNE<\/strong>), &#8211; 76 kg : 1\u00b0 Merouj Sahakian &amp; + 76 kg : 2\u00b0 Gabriel Papereux.<\/li>\n<li><strong><span style=\"text-decoration: underline\">Seniors<\/span> : F\u00e9minines<\/strong> : &#8211; 61 kg: 1\u00b0 L\u00e9a Barascud \/ <strong>Masculins<\/strong> : &#8211; 67 kg : 1\u00b0 Kamil Merah &amp; 3\u00b0 Corentin Da Fonte. &#8211; 75 kg : 2\u00b0 Yanis Elguir.<\/li>\n<li><span style=\"text-decoration: underline\"><strong>V\u00e9t\u00e9ran<\/strong><strong>s<\/strong><\/span> : <strong>F\u00e9minines<\/strong> : V4 &#8211; 55 kg : 1\u00b0 Marie-Claude Barbin \/<strong> Masculins<\/strong> : V2 + 84 kg : 1\u00b0 Amar Senouci.<\/li>\n<\/ul>\n<p><em><strong>Toute l&rsquo;ACTU du Sen No Sen est sur : <a href=\"http:\/\/sennosen.e-monsite.com\">http:\/\/sennosen.e-monsite.com<\/a><\/strong><\/em><\/p>\n<div id='gallery-1' class='gallery galleryid-95660 gallery-columns-3 gallery-size-thumbnail'><figure class='gallery-item'>\n\t\t\t<div class='gallery-icon landscape'>\n\t\t\t\t<a href='https:\/\/newsestlyonnais.fr\/site\/2020\/02\/16\/venissieux-les-karatekas-du-sen-no-sen-competitifs-sur-plusieurs-fronts\/newsestlyonnais-part-ven-senno-sen\/'><img loading=\"lazy\" decoding=\"async\" width=\"150\" height=\"113\" src=\"https:\/\/newsestlyonnais.fr\/site\/wp-content\/uploads\/2020\/02\/NEWSESTLYONNAIS-PART-VEN-SENNO-SEN-250x188.jpg\" class=\"attachment-thumbnail size-thumbnail\" alt=\"\" aria-describedby=\"gallery-1-95680\" srcset=\"https:\/\/newsestlyonnais.fr\/site\/wp-content\/uploads\/2020\/02\/NEWSESTLYONNAIS-PART-VEN-SENNO-SEN-250x188.jpg 250w, https:\/\/newsestlyonnais.fr\/site\/wp-content\/uploads\/2020\/02\/NEWSESTLYONNAIS-PART-VEN-SENNO-SEN-400x300.jpg 400w, https:\/\/newsestlyonnais.fr\/site\/wp-content\/uploads\/2020\/02\/NEWSESTLYONNAIS-PART-VEN-SENNO-SEN-650x488.jpg 650w, https:\/\/newsestlyonnais.fr\/site\/wp-content\/uploads\/2020\/02\/NEWSESTLYONNAIS-PART-VEN-SENNO-SEN-768x576.jpg 768w, https:\/\/newsestlyonnais.fr\/site\/wp-content\/uploads\/2020\/02\/NEWSESTLYONNAIS-PART-VEN-SENNO-SEN-150x113.jpg 150w, https:\/\/newsestlyonnais.fr\/site\/wp-content\/uploads\/2020\/02\/NEWSESTLYONNAIS-PART-VEN-SENNO-SEN-50x38.jpg 50w, https:\/\/newsestlyonnais.fr\/site\/wp-content\/uploads\/2020\/02\/NEWSESTLYONNAIS-PART-VEN-SENNO-SEN-100x75.jpg 100w, https:\/\/newsestlyonnais.fr\/site\/wp-content\/uploads\/2020\/02\/NEWSESTLYONNAIS-PART-VEN-SENNO-SEN-200x150.jpg 200w, https:\/\/newsestlyonnais.fr\/site\/wp-content\/uploads\/2020\/02\/NEWSESTLYONNAIS-PART-VEN-SENNO-SEN-300x225.jpg 300w, https:\/\/newsestlyonnais.fr\/site\/wp-content\/uploads\/2020\/02\/NEWSESTLYONNAIS-PART-VEN-SENNO-SEN-350x263.jpg 350w, https:\/\/newsestlyonnais.fr\/site\/wp-content\/uploads\/2020\/02\/NEWSESTLYONNAIS-PART-VEN-SENNO-SEN-450x338.jpg 450w, https:\/\/newsestlyonnais.fr\/site\/wp-content\/uploads\/2020\/02\/NEWSESTLYONNAIS-PART-VEN-SENNO-SEN-500x375.jpg 500w, https:\/\/newsestlyonnais.fr\/site\/wp-content\/uploads\/2020\/02\/NEWSESTLYONNAIS-PART-VEN-SENNO-SEN-550x413.jpg 550w, https:\/\/newsestlyonnais.fr\/site\/wp-content\/uploads\/2020\/02\/NEWSESTLYONNAIS-PART-VEN-SENNO-SEN-800x600.jpg 800w, https:\/\/newsestlyonnais.fr\/site\/wp-content\/uploads\/2020\/02\/NEWSESTLYONNAIS-PART-VEN-SENNO-SEN.jpg 820w\" sizes=\"auto, (max-width: 150px) 100vw, 150px\" \/><\/a>\n\t\t\t<\/div>\n\t\t\t\t<figcaption class='wp-caption-text gallery-caption' id='gallery-1-95680'>\n\t\t\t\t3 v\u00e9nissians aux  championnats de France des Ligues \n\t\t\t\t<\/figcaption><\/figure><figure class='gallery-item'>\n\t\t\t<div class='gallery-icon portrait'>\n\t\t\t\t<a href='https:\/\/newsestlyonnais.fr\/site\/2020\/02\/16\/venissieux-les-karatekas-du-sen-no-sen-competitifs-sur-plusieurs-fronts\/newsestlyonnais-rehaneyazid\/'><img loading=\"lazy\" decoding=\"async\" width=\"100\" height=\"150\" src=\"https:\/\/newsestlyonnais.fr\/site\/wp-content\/uploads\/2020\/02\/NEWSESTLYONNAIS-RehaneYAZID-250x375.jpg\" class=\"attachment-thumbnail size-thumbnail\" alt=\"\" aria-describedby=\"gallery-1-95678\" srcset=\"https:\/\/newsestlyonnais.fr\/site\/wp-content\/uploads\/2020\/02\/NEWSESTLYONNAIS-RehaneYAZID-250x375.jpg 250w, https:\/\/newsestlyonnais.fr\/site\/wp-content\/uploads\/2020\/02\/NEWSESTLYONNAIS-RehaneYAZID-400x600.jpg 400w, https:\/\/newsestlyonnais.fr\/site\/wp-content\/uploads\/2020\/02\/NEWSESTLYONNAIS-RehaneYAZID-650x975.jpg 650w, https:\/\/newsestlyonnais.fr\/site\/wp-content\/uploads\/2020\/02\/NEWSESTLYONNAIS-RehaneYAZID-768x1152.jpg 768w, https:\/\/newsestlyonnais.fr\/site\/wp-content\/uploads\/2020\/02\/NEWSESTLYONNAIS-RehaneYAZID-150x225.jpg 150w, https:\/\/newsestlyonnais.fr\/site\/wp-content\/uploads\/2020\/02\/NEWSESTLYONNAIS-RehaneYAZID-50x75.jpg 50w, https:\/\/newsestlyonnais.fr\/site\/wp-content\/uploads\/2020\/02\/NEWSESTLYONNAIS-RehaneYAZID-100x150.jpg 100w, https:\/\/newsestlyonnais.fr\/site\/wp-content\/uploads\/2020\/02\/NEWSESTLYONNAIS-RehaneYAZID-200x300.jpg 200w, https:\/\/newsestlyonnais.fr\/site\/wp-content\/uploads\/2020\/02\/NEWSESTLYONNAIS-RehaneYAZID-300x450.jpg 300w, https:\/\/newsestlyonnais.fr\/site\/wp-content\/uploads\/2020\/02\/NEWSESTLYONNAIS-RehaneYAZID-350x525.jpg 350w, https:\/\/newsestlyonnais.fr\/site\/wp-content\/uploads\/2020\/02\/NEWSESTLYONNAIS-RehaneYAZID-450x675.jpg 450w, https:\/\/newsestlyonnais.fr\/site\/wp-content\/uploads\/2020\/02\/NEWSESTLYONNAIS-RehaneYAZID-500x750.jpg 500w, https:\/\/newsestlyonnais.fr\/site\/wp-content\/uploads\/2020\/02\/NEWSESTLYONNAIS-RehaneYAZID-550x825.jpg 550w, https:\/\/newsestlyonnais.fr\/site\/wp-content\/uploads\/2020\/02\/NEWSESTLYONNAIS-RehaneYAZID.jpg 800w\" sizes=\"auto, (max-width: 100px) 100vw, 100px\" \/><\/a>\n\t\t\t<\/div>\n\t\t\t\t<figcaption class='wp-caption-text gallery-caption' id='gallery-1-95678'>\n\t\t\t\t     Rehane Yazid\n\t\t\t\t<\/figcaption><\/figure>\n\t\t<\/div>\n\n<p>&nbsp;<\/p>\n","protected":false},"excerpt":{"rendered":"<p>Ce week-end, les membres du club v\u00e9nissian disputaient plusieurs comp\u00e9titions.<\/p>\n","protected":false},"author":4,"featured_media":95675,"comment_status":"open","ping_status":"open","sticky":false,"template":"","format":"standard","meta":{"footnotes":""},"categories":[2994,1353,2,1298],"tags":[],"class_list":["post-95660","post","type-post","status-publish","format-standard","has-post-thumbnail","hentry","category-judo-karate-taekwondo-sports","category-karate","category-sports","category-venissieux"],"yoast_head":"<!-- This site is optimized with the Yoast SEO plugin v27.2 - https:\/\/yoast.com\/product\/yoast-seo-wordpress\/ -->\n<title>VENISSIEUX | Les karat\u00e9kas du Sen No Sen comp\u00e9titifs sur plusieurs fronts - News Est Lyonnais<\/title>\n<meta name=\"description\" content=\"VENISSIEUX | Les karat\u00e9kas du Sen No Sen comp\u00e9titifs sur plusieurs fronts\" \/>\n<meta name=\"robots\" content=\"index, follow, max-snippet:-1, max-image-preview:large, max-video-preview:-1\" \/>\n<link rel=\"canonical\" href=\"https:\/\/newsestlyonnais.fr\/site\/2020\/02\/16\/venissieux-les-karatekas-du-sen-no-sen-competitifs-sur-plusieurs-fronts\/\" \/>\n<meta property=\"og:locale\" content=\"fr_FR\" \/>\n<meta property=\"og:type\" content=\"article\" \/>\n<meta property=\"og:title\" content=\"VENISSIEUX | Les karat\u00e9kas du Sen No Sen comp\u00e9titifs sur plusieurs fronts - News Est Lyonnais\" \/>\n<meta property=\"og:description\" content=\"VENISSIEUX | Les karat\u00e9kas du Sen No Sen comp\u00e9titifs sur plusieurs fronts\" \/>\n<meta property=\"og:url\" content=\"https:\/\/newsestlyonnais.fr\/site\/2020\/02\/16\/venissieux-les-karatekas-du-sen-no-sen-competitifs-sur-plusieurs-fronts\/\" \/>\n<meta property=\"og:site_name\" content=\"News Est Lyonnais\" \/>\n<meta property=\"article:author\" content=\"https:\/\/www.facebook.com\/pascal.oberson.1?fref=ts\" \/>\n<meta property=\"article:published_time\" content=\"2020-02-16T09:30:57+00:00\" \/>\n<meta property=\"article:modified_time\" content=\"2020-02-18T09:07:48+00:00\" \/>\n<meta property=\"og:image\" content=\"https:\/\/i2.wp.com\/newsestlyonnais.fr\/site\/wp-content\/uploads\/2020\/02\/NEWSESTLYONNAIS-YAZID.jpg?fit=1200%2C800&ssl=1\" \/>\n\t<meta property=\"og:image:width\" content=\"1200\" \/>\n\t<meta property=\"og:image:height\" content=\"800\" \/>\n\t<meta property=\"og:image:type\" content=\"image\/jpeg\" \/>\n<meta name=\"author\" content=\"R\u00e9dac. NEWS\" \/>\n<meta name=\"twitter:card\" content=\"summary_large_image\" \/>\n<meta name=\"twitter:label1\" content=\"\u00c9crit par\" \/>\n\t<meta name=\"twitter:data1\" content=\"R\u00e9dac. NEWS\" \/>\n\t<meta name=\"twitter:label2\" content=\"Dur\u00e9e de lecture estim\u00e9e\" \/>\n\t<meta name=\"twitter:data2\" content=\"1 minute\" \/>\n<script type=\"application\/ld+json\" class=\"yoast-schema-graph\">{\"@context\":\"https:\/\/schema.org\",\"@graph\":[{\"@type\":\"Article\",\"@id\":\"https:\/\/newsestlyonnais.fr\/site\/2020\/02\/16\/venissieux-les-karatekas-du-sen-no-sen-competitifs-sur-plusieurs-fronts\/#article\",\"isPartOf\":{\"@id\":\"https:\/\/newsestlyonnais.fr\/site\/2020\/02\/16\/venissieux-les-karatekas-du-sen-no-sen-competitifs-sur-plusieurs-fronts\/\"},\"author\":{\"name\":\"R\u00e9dac. NEWS\",\"@id\":\"https:\/\/newsestlyonnais.fr\/site\/#\/schema\/person\/3230d5615f390bb808365d673001e887\"},\"headline\":\"VENISSIEUX | Les karat\u00e9kas du Sen No Sen comp\u00e9titifs sur plusieurs fronts\",\"datePublished\":\"2020-02-16T09:30:57+00:00\",\"dateModified\":\"2020-02-18T09:07:48+00:00\",\"mainEntityOfPage\":{\"@id\":\"https:\/\/newsestlyonnais.fr\/site\/2020\/02\/16\/venissieux-les-karatekas-du-sen-no-sen-competitifs-sur-plusieurs-fronts\/\"},\"wordCount\":307,\"commentCount\":0,\"publisher\":{\"@id\":\"https:\/\/newsestlyonnais.fr\/site\/#organization\"},\"image\":{\"@id\":\"https:\/\/newsestlyonnais.fr\/site\/2020\/02\/16\/venissieux-les-karatekas-du-sen-no-sen-competitifs-sur-plusieurs-fronts\/#primaryimage\"},\"thumbnailUrl\":\"https:\/\/newsestlyonnais.fr\/site\/wp-content\/uploads\/2020\/02\/NEWSESTLYONNAIS-YAZID.jpg\",\"articleSection\":[\"Judo| Karat\u00e9| Taekwondo\",\"Karat\u00e9\",\"Sports\",\"V\u00e9nissieux\"],\"inLanguage\":\"fr-FR\",\"potentialAction\":[{\"@type\":\"CommentAction\",\"name\":\"Comment\",\"target\":[\"https:\/\/newsestlyonnais.fr\/site\/2020\/02\/16\/venissieux-les-karatekas-du-sen-no-sen-competitifs-sur-plusieurs-fronts\/#respond\"]}]},{\"@type\":\"WebPage\",\"@id\":\"https:\/\/newsestlyonnais.fr\/site\/2020\/02\/16\/venissieux-les-karatekas-du-sen-no-sen-competitifs-sur-plusieurs-fronts\/\",\"url\":\"https:\/\/newsestlyonnais.fr\/site\/2020\/02\/16\/venissieux-les-karatekas-du-sen-no-sen-competitifs-sur-plusieurs-fronts\/\",\"name\":\"VENISSIEUX | Les karat\u00e9kas du Sen No Sen comp\u00e9titifs sur plusieurs fronts - News Est Lyonnais\",\"isPartOf\":{\"@id\":\"https:\/\/newsestlyonnais.fr\/site\/#website\"},\"primaryImageOfPage\":{\"@id\":\"https:\/\/newsestlyonnais.fr\/site\/2020\/02\/16\/venissieux-les-karatekas-du-sen-no-sen-competitifs-sur-plusieurs-fronts\/#primaryimage\"},\"image\":{\"@id\":\"https:\/\/newsestlyonnais.fr\/site\/2020\/02\/16\/venissieux-les-karatekas-du-sen-no-sen-competitifs-sur-plusieurs-fronts\/#primaryimage\"},\"thumbnailUrl\":\"https:\/\/newsestlyonnais.fr\/site\/wp-content\/uploads\/2020\/02\/NEWSESTLYONNAIS-YAZID.jpg\",\"datePublished\":\"2020-02-16T09:30:57+00:00\",\"dateModified\":\"2020-02-18T09:07:48+00:00\",\"description\":\"VENISSIEUX | Les karat\u00e9kas du Sen No Sen comp\u00e9titifs sur plusieurs fronts\",\"breadcrumb\":{\"@id\":\"https:\/\/newsestlyonnais.fr\/site\/2020\/02\/16\/venissieux-les-karatekas-du-sen-no-sen-competitifs-sur-plusieurs-fronts\/#breadcrumb\"},\"inLanguage\":\"fr-FR\",\"potentialAction\":[{\"@type\":\"ReadAction\",\"target\":[\"https:\/\/newsestlyonnais.fr\/site\/2020\/02\/16\/venissieux-les-karatekas-du-sen-no-sen-competitifs-sur-plusieurs-fronts\/\"]}]},{\"@type\":\"ImageObject\",\"inLanguage\":\"fr-FR\",\"@id\":\"https:\/\/newsestlyonnais.fr\/site\/2020\/02\/16\/venissieux-les-karatekas-du-sen-no-sen-competitifs-sur-plusieurs-fronts\/#primaryimage\",\"url\":\"https:\/\/newsestlyonnais.fr\/site\/wp-content\/uploads\/2020\/02\/NEWSESTLYONNAIS-YAZID.jpg\",\"contentUrl\":\"https:\/\/newsestlyonnais.fr\/site\/wp-content\/uploads\/2020\/02\/NEWSESTLYONNAIS-YAZID.jpg\",\"width\":1200,\"height\":800},{\"@type\":\"BreadcrumbList\",\"@id\":\"https:\/\/newsestlyonnais.fr\/site\/2020\/02\/16\/venissieux-les-karatekas-du-sen-no-sen-competitifs-sur-plusieurs-fronts\/#breadcrumb\",\"itemListElement\":[{\"@type\":\"ListItem\",\"position\":1,\"name\":\"Accueil\",\"item\":\"https:\/\/newsestlyonnais.fr\/site\/\"},{\"@type\":\"ListItem\",\"position\":2,\"name\":\"VENISSIEUX | Les karat\u00e9kas du Sen No Sen comp\u00e9titifs sur plusieurs fronts\"}]},{\"@type\":\"WebSite\",\"@id\":\"https:\/\/newsestlyonnais.fr\/site\/#website\",\"url\":\"https:\/\/newsestlyonnais.fr\/site\/\",\"name\":\"News Est Lyonnais\",\"description\":\"L&#039;actualit\u00e9 au plus pr\u00e8s\",\"publisher\":{\"@id\":\"https:\/\/newsestlyonnais.fr\/site\/#organization\"},\"potentialAction\":[{\"@type\":\"SearchAction\",\"target\":{\"@type\":\"EntryPoint\",\"urlTemplate\":\"https:\/\/newsestlyonnais.fr\/site\/?s={search_term_string}\"},\"query-input\":{\"@type\":\"PropertyValueSpecification\",\"valueRequired\":true,\"valueName\":\"search_term_string\"}}],\"inLanguage\":\"fr-FR\"},{\"@type\":\"Organization\",\"@id\":\"https:\/\/newsestlyonnais.fr\/site\/#organization\",\"name\":\"News EST LYONNAIS\",\"url\":\"https:\/\/newsestlyonnais.fr\/site\/\",\"logo\":{\"@type\":\"ImageObject\",\"inLanguage\":\"fr-FR\",\"@id\":\"https:\/\/newsestlyonnais.fr\/site\/#\/schema\/logo\/image\/\",\"url\":\"\",\"contentUrl\":\"\",\"caption\":\"News EST LYONNAIS\"},\"image\":{\"@id\":\"https:\/\/newsestlyonnais.fr\/site\/#\/schema\/logo\/image\/\"}},{\"@type\":\"Person\",\"@id\":\"https:\/\/newsestlyonnais.fr\/site\/#\/schema\/person\/3230d5615f390bb808365d673001e887\",\"name\":\"R\u00e9dac. NEWS\",\"sameAs\":[\"http:\/\/www.newsestlyonnais.fr\",\"https:\/\/www.facebook.com\/pascal.oberson.1?fref=ts\",\"https:\/\/fr.linkedin.com\/in\/pascal-oberson-b17045113\"],\"url\":\"https:\/\/newsestlyonnais.fr\/site\/author\/nel\/\"}]}<\/script>\n<!-- \/ Yoast SEO plugin. -->","yoast_head_json":{"title":"VENISSIEUX | Les karat\u00e9kas du Sen No Sen comp\u00e9titifs sur plusieurs fronts - News Est Lyonnais","description":"VENISSIEUX | Les karat\u00e9kas du Sen No Sen comp\u00e9titifs sur plusieurs fronts","robots":{"index":"index","follow":"follow","max-snippet":"max-snippet:-1","max-image-preview":"max-image-preview:large","max-video-preview":"max-video-preview:-1"},"canonical":"https:\/\/newsestlyonnais.fr\/site\/2020\/02\/16\/venissieux-les-karatekas-du-sen-no-sen-competitifs-sur-plusieurs-fronts\/","og_locale":"fr_FR","og_type":"article","og_title":"VENISSIEUX | Les karat\u00e9kas du Sen No Sen comp\u00e9titifs sur plusieurs fronts - News Est Lyonnais","og_description":"VENISSIEUX | Les karat\u00e9kas du Sen No Sen comp\u00e9titifs sur plusieurs fronts","og_url":"https:\/\/newsestlyonnais.fr\/site\/2020\/02\/16\/venissieux-les-karatekas-du-sen-no-sen-competitifs-sur-plusieurs-fronts\/","og_site_name":"News Est Lyonnais","article_author":"https:\/\/www.facebook.com\/pascal.oberson.1?fref=ts","article_published_time":"2020-02-16T09:30:57+00:00","article_modified_time":"2020-02-18T09:07:48+00:00","og_image":[{"width":1200,"height":800,"url":"https:\/\/i2.wp.com\/newsestlyonnais.fr\/site\/wp-content\/uploads\/2020\/02\/NEWSESTLYONNAIS-YAZID.jpg?fit=1200%2C800&ssl=1","type":"image\/jpeg"}],"author":"R\u00e9dac. NEWS","twitter_card":"summary_large_image","twitter_misc":{"\u00c9crit par":"R\u00e9dac. NEWS","Dur\u00e9e de lecture estim\u00e9e":"1 minute"},"schema":{"@context":"https:\/\/schema.org","@graph":[{"@type":"Article","@id":"https:\/\/newsestlyonnais.fr\/site\/2020\/02\/16\/venissieux-les-karatekas-du-sen-no-sen-competitifs-sur-plusieurs-fronts\/#article","isPartOf":{"@id":"https:\/\/newsestlyonnais.fr\/site\/2020\/02\/16\/venissieux-les-karatekas-du-sen-no-sen-competitifs-sur-plusieurs-fronts\/"},"author":{"name":"R\u00e9dac. NEWS","@id":"https:\/\/newsestlyonnais.fr\/site\/#\/schema\/person\/3230d5615f390bb808365d673001e887"},"headline":"VENISSIEUX | Les karat\u00e9kas du Sen No Sen comp\u00e9titifs sur plusieurs fronts","datePublished":"2020-02-16T09:30:57+00:00","dateModified":"2020-02-18T09:07:48+00:00","mainEntityOfPage":{"@id":"https:\/\/newsestlyonnais.fr\/site\/2020\/02\/16\/venissieux-les-karatekas-du-sen-no-sen-competitifs-sur-plusieurs-fronts\/"},"wordCount":307,"commentCount":0,"publisher":{"@id":"https:\/\/newsestlyonnais.fr\/site\/#organization"},"image":{"@id":"https:\/\/newsestlyonnais.fr\/site\/2020\/02\/16\/venissieux-les-karatekas-du-sen-no-sen-competitifs-sur-plusieurs-fronts\/#primaryimage"},"thumbnailUrl":"https:\/\/newsestlyonnais.fr\/site\/wp-content\/uploads\/2020\/02\/NEWSESTLYONNAIS-YAZID.jpg","articleSection":["Judo| Karat\u00e9| Taekwondo","Karat\u00e9","Sports","V\u00e9nissieux"],"inLanguage":"fr-FR","potentialAction":[{"@type":"CommentAction","name":"Comment","target":["https:\/\/newsestlyonnais.fr\/site\/2020\/02\/16\/venissieux-les-karatekas-du-sen-no-sen-competitifs-sur-plusieurs-fronts\/#respond"]}]},{"@type":"WebPage","@id":"https:\/\/newsestlyonnais.fr\/site\/2020\/02\/16\/venissieux-les-karatekas-du-sen-no-sen-competitifs-sur-plusieurs-fronts\/","url":"https:\/\/newsestlyonnais.fr\/site\/2020\/02\/16\/venissieux-les-karatekas-du-sen-no-sen-competitifs-sur-plusieurs-fronts\/","name":"VENISSIEUX | Les karat\u00e9kas du Sen No Sen comp\u00e9titifs sur plusieurs fronts - News Est Lyonnais","isPartOf":{"@id":"https:\/\/newsestlyonnais.fr\/site\/#website"},"primaryImageOfPage":{"@id":"https:\/\/newsestlyonnais.fr\/site\/2020\/02\/16\/venissieux-les-karatekas-du-sen-no-sen-competitifs-sur-plusieurs-fronts\/#primaryimage"},"image":{"@id":"https:\/\/newsestlyonnais.fr\/site\/2020\/02\/16\/venissieux-les-karatekas-du-sen-no-sen-competitifs-sur-plusieurs-fronts\/#primaryimage"},"thumbnailUrl":"https:\/\/newsestlyonnais.fr\/site\/wp-content\/uploads\/2020\/02\/NEWSESTLYONNAIS-YAZID.jpg","datePublished":"2020-02-16T09:30:57+00:00","dateModified":"2020-02-18T09:07:48+00:00","description":"VENISSIEUX | Les karat\u00e9kas du Sen No Sen comp\u00e9titifs sur plusieurs fronts","breadcrumb":{"@id":"https:\/\/newsestlyonnais.fr\/site\/2020\/02\/16\/venissieux-les-karatekas-du-sen-no-sen-competitifs-sur-plusieurs-fronts\/#breadcrumb"},"inLanguage":"fr-FR","potentialAction":[{"@type":"ReadAction","target":["https:\/\/newsestlyonnais.fr\/site\/2020\/02\/16\/venissieux-les-karatekas-du-sen-no-sen-competitifs-sur-plusieurs-fronts\/"]}]},{"@type":"ImageObject","inLanguage":"fr-FR","@id":"https:\/\/newsestlyonnais.fr\/site\/2020\/02\/16\/venissieux-les-karatekas-du-sen-no-sen-competitifs-sur-plusieurs-fronts\/#primaryimage","url":"https:\/\/newsestlyonnais.fr\/site\/wp-content\/uploads\/2020\/02\/NEWSESTLYONNAIS-YAZID.jpg","contentUrl":"https:\/\/newsestlyonnais.fr\/site\/wp-content\/uploads\/2020\/02\/NEWSESTLYONNAIS-YAZID.jpg","width":1200,"height":800},{"@type":"BreadcrumbList","@id":"https:\/\/newsestlyonnais.fr\/site\/2020\/02\/16\/venissieux-les-karatekas-du-sen-no-sen-competitifs-sur-plusieurs-fronts\/#breadcrumb","itemListElement":[{"@type":"ListItem","position":1,"name":"Accueil","item":"https:\/\/newsestlyonnais.fr\/site\/"},{"@type":"ListItem","position":2,"name":"VENISSIEUX | Les karat\u00e9kas du Sen No Sen comp\u00e9titifs sur plusieurs fronts"}]},{"@type":"WebSite","@id":"https:\/\/newsestlyonnais.fr\/site\/#website","url":"https:\/\/newsestlyonnais.fr\/site\/","name":"News Est Lyonnais","description":"L&#039;actualit\u00e9 au plus pr\u00e8s","publisher":{"@id":"https:\/\/newsestlyonnais.fr\/site\/#organization"},"potentialAction":[{"@type":"SearchAction","target":{"@type":"EntryPoint","urlTemplate":"https:\/\/newsestlyonnais.fr\/site\/?s={search_term_string}"},"query-input":{"@type":"PropertyValueSpecification","valueRequired":true,"valueName":"search_term_string"}}],"inLanguage":"fr-FR"},{"@type":"Organization","@id":"https:\/\/newsestlyonnais.fr\/site\/#organization","name":"News EST LYONNAIS","url":"https:\/\/newsestlyonnais.fr\/site\/","logo":{"@type":"ImageObject","inLanguage":"fr-FR","@id":"https:\/\/newsestlyonnais.fr\/site\/#\/schema\/logo\/image\/","url":"","contentUrl":"","caption":"News EST LYONNAIS"},"image":{"@id":"https:\/\/newsestlyonnais.fr\/site\/#\/schema\/logo\/image\/"}},{"@type":"Person","@id":"https:\/\/newsestlyonnais.fr\/site\/#\/schema\/person\/3230d5615f390bb808365d673001e887","name":"R\u00e9dac. NEWS","sameAs":["http:\/\/www.newsestlyonnais.fr","https:\/\/www.facebook.com\/pascal.oberson.1?fref=ts","https:\/\/fr.linkedin.com\/in\/pascal-oberson-b17045113"],"url":"https:\/\/newsestlyonnais.fr\/site\/author\/nel\/"}]}},"_links":{"self":[{"href":"https:\/\/newsestlyonnais.fr\/site\/wp-json\/wp\/v2\/posts\/95660","targetHints":{"allow":["GET"]}}],"collection":[{"href":"https:\/\/newsestlyonnais.fr\/site\/wp-json\/wp\/v2\/posts"}],"about":[{"href":"https:\/\/newsestlyonnais.fr\/site\/wp-json\/wp\/v2\/types\/post"}],"author":[{"embeddable":true,"href":"https:\/\/newsestlyonnais.fr\/site\/wp-json\/wp\/v2\/users\/4"}],"replies":[{"embeddable":true,"href":"https:\/\/newsestlyonnais.fr\/site\/wp-json\/wp\/v2\/comments?post=95660"}],"version-history":[{"count":0,"href":"https:\/\/newsestlyonnais.fr\/site\/wp-json\/wp\/v2\/posts\/95660\/revisions"}],"wp:featuredmedia":[{"embeddable":true,"href":"https:\/\/newsestlyonnais.fr\/site\/wp-json\/wp\/v2\/media\/95675"}],"wp:attachment":[{"href":"https:\/\/newsestlyonnais.fr\/site\/wp-json\/wp\/v2\/media?parent=95660"}],"wp:term":[{"taxonomy":"category","embeddable":true,"href":"https:\/\/newsestlyonnais.fr\/site\/wp-json\/wp\/v2\/categories?post=95660"},{"taxonomy":"post_tag","embeddable":true,"href":"https:\/\/newsestlyonnais.fr\/site\/wp-json\/wp\/v2\/tags?post=95660"}],"curies":[{"name":"wp","href":"https:\/\/api.w.org\/{rel}","templated":true}]}}