{"id":95689,"date":"2020-02-17T14:02:28","date_gmt":"2020-02-17T13:02:28","guid":{"rendered":"http:\/\/newsestlyonnais.fr\/site\/?p=95689"},"modified":"2020-10-26T11:24:09","modified_gmt":"2020-10-26T10:24:09","slug":"lyon-victoire-du-basket-handisport-lyonnais-face-a-astres","status":"publish","type":"post","link":"https:\/\/newsestlyonnais.fr\/site\/2020\/02\/17\/lyon-victoire-du-basket-handisport-lyonnais-face-a-astres\/","title":{"rendered":"LYON | Victoire du Basket Handisport lyonnais face \u00e0 Astres"},"content":{"rendered":"<p class=\"Standard\">Pour ce match-retour, l&rsquo;\u00e9quipe strasbourgeoise \u00e9tait bien d\u00e9termin\u00e9e \u00e0 prendre sa revanche sur sa d\u00e9faite (41\/51) du match aller. Mais cette volont\u00e9 n&rsquo;a pas suffit \u00e0 d\u00e9stabiliser l&rsquo;\u00e9quipe lyonnaise qui a men\u00e9 d\u00e8s le d\u00e9but du match.<\/p>\n<p class=\"Standard\">Les \u00e9quipes ont altern\u00e9 de belles actions et une d\u00e9fense acharn\u00e9e pour tenter de remporter la victoire. Une rencontre pleine de rythme et deux superbes paniers \u00e0 trois points du c\u00f4t\u00e9 lyonnais ont d\u00e9clench\u00e9 l&rsquo;enthousiasme des spectateurs pr\u00e9sents.<\/p>\n<p class=\"Standard\">La rencontre de Nationale 2 (poule B) s&rsquo;est termin\u00e9e sur la victoire de Lyon : 46 \u00e0 38.<\/p>\n<p class=\"Standard\"><span style=\"text-decoration: underline\"><em><strong>NOTA<\/strong><\/em><\/span> : Prochain rendez vous pour l&rsquo;\u00e9quipe lyonnaise, toujours \u00e0 domicile, le 22 f\u00e9vrier, contre l&rsquo;Elan Chalon 2.<\/p>\n<p>________________________________________________________________________________<\/p>\n<ul>\n<li><strong>Classement du BHL<\/strong> sur : <a href=\"https:\/\/resultats.ffbb.com\/championnat\/equipe\/b5e6211d499f.html?r=200000002772421&amp;p=200000002844738&amp;d=200000002673055\">https:\/\/resultats.ffbb.com\/championnat\/equipe\/b5e6211d499f.html?r=200000002772421&amp;p=200000002844738&amp;d=200000002673055<\/a><\/li>\n<\/ul>\n<p>________________________________________________________________________________<\/p>\n<p><em><strong> \u00a0\u00a0\u00a0\u00a0\u00a0\u00a0\u00a0\u00a0\u00a0\u00a0\u00a0\u00a0\u00a0\u00a0\u00a0\u00a0\u00a0\u00a0\u00a0\u00a0\u00a0\u00a0\u00a0\u00a0\u00a0\u00a0\u00a0\u00a0\u00a0\u00a0\u00a0 \u00a0 \u00a0 \u00a0 \u00a0 \u00a0 \u00a0 \u00a0 \u00a0\u00a0 Article r\u00e9dig\u00e9 par Sophie Dubowyj<\/strong><\/em><\/p>\n","protected":false},"excerpt":{"rendered":"<p>C&rsquo;est dans la grande Halle des sports de Lyon 3 que l&rsquo;\u00e9quipe de basket fauteuil a accueilli samedi, les joueurs strasbourgeois d&rsquo;Astres.<\/p>\n","protected":false},"author":4,"featured_media":95692,"comment_status":"open","ping_status":"open","sticky":false,"template":"","format":"standard","meta":{"footnotes":""},"categories":[1357,2975,3015,1625],"tags":[],"class_list":["post-95689","post","type-post","status-publish","format-standard","has-post-thumbnail","hentry","category-basket","category-basket-hand-volley-sports","category-handi-adapte","category-lyon"],"yoast_head":"<!-- This site is optimized with the Yoast SEO plugin v27.2 - https:\/\/yoast.com\/product\/yoast-seo-wordpress\/ -->\n<title>LYON | Victoire du Basket Handisport lyonnais face \u00e0 Astres - News Est Lyonnais<\/title>\n<meta name=\"description\" content=\"LYON | Victoire du Basket Handisport lyonnais face \u00e0 Astres\" \/>\n<meta name=\"robots\" content=\"index, follow, max-snippet:-1, max-image-preview:large, max-video-preview:-1\" \/>\n<link rel=\"canonical\" href=\"https:\/\/newsestlyonnais.fr\/site\/2020\/02\/17\/lyon-victoire-du-basket-handisport-lyonnais-face-a-astres\/\" \/>\n<meta property=\"og:locale\" content=\"fr_FR\" \/>\n<meta property=\"og:type\" content=\"article\" \/>\n<meta property=\"og:title\" content=\"LYON | Victoire du Basket Handisport lyonnais face \u00e0 Astres - News Est Lyonnais\" \/>\n<meta property=\"og:description\" content=\"LYON | Victoire du Basket Handisport lyonnais face \u00e0 Astres\" \/>\n<meta property=\"og:url\" content=\"https:\/\/newsestlyonnais.fr\/site\/2020\/02\/17\/lyon-victoire-du-basket-handisport-lyonnais-face-a-astres\/\" \/>\n<meta property=\"og:site_name\" content=\"News Est Lyonnais\" \/>\n<meta property=\"article:author\" content=\"https:\/\/www.facebook.com\/pascal.oberson.1?fref=ts\" \/>\n<meta property=\"article:published_time\" content=\"2020-02-17T13:02:28+00:00\" \/>\n<meta property=\"article:modified_time\" content=\"2020-10-26T10:24:09+00:00\" \/>\n<meta property=\"og:image\" content=\"https:\/\/i0.wp.com\/newsestlyonnais.fr\/site\/wp-content\/uploads\/2020\/02\/NEWSESTLYONNAIS-HANDILYON-ASTRES.jpg?fit=648%2C486&ssl=1\" \/>\n\t<meta property=\"og:image:width\" content=\"648\" \/>\n\t<meta property=\"og:image:height\" content=\"486\" \/>\n\t<meta property=\"og:image:type\" content=\"image\/jpeg\" \/>\n<meta name=\"author\" content=\"R\u00e9dac. NEWS\" \/>\n<meta name=\"twitter:card\" content=\"summary_large_image\" \/>\n<meta name=\"twitter:label1\" content=\"\u00c9crit par\" \/>\n\t<meta name=\"twitter:data1\" content=\"R\u00e9dac. NEWS\" \/>\n\t<meta name=\"twitter:label2\" content=\"Dur\u00e9e de lecture estim\u00e9e\" \/>\n\t<meta name=\"twitter:data2\" content=\"1 minute\" \/>\n<script type=\"application\/ld+json\" class=\"yoast-schema-graph\">{\"@context\":\"https:\/\/schema.org\",\"@graph\":[{\"@type\":\"Article\",\"@id\":\"https:\/\/newsestlyonnais.fr\/site\/2020\/02\/17\/lyon-victoire-du-basket-handisport-lyonnais-face-a-astres\/#article\",\"isPartOf\":{\"@id\":\"https:\/\/newsestlyonnais.fr\/site\/2020\/02\/17\/lyon-victoire-du-basket-handisport-lyonnais-face-a-astres\/\"},\"author\":{\"name\":\"R\u00e9dac. NEWS\",\"@id\":\"https:\/\/newsestlyonnais.fr\/site\/#\/schema\/person\/3230d5615f390bb808365d673001e887\"},\"headline\":\"LYON | Victoire du Basket Handisport lyonnais face \u00e0 Astres\",\"datePublished\":\"2020-02-17T13:02:28+00:00\",\"dateModified\":\"2020-10-26T10:24:09+00:00\",\"mainEntityOfPage\":{\"@id\":\"https:\/\/newsestlyonnais.fr\/site\/2020\/02\/17\/lyon-victoire-du-basket-handisport-lyonnais-face-a-astres\/\"},\"wordCount\":152,\"commentCount\":0,\"publisher\":{\"@id\":\"https:\/\/newsestlyonnais.fr\/site\/#organization\"},\"image\":{\"@id\":\"https:\/\/newsestlyonnais.fr\/site\/2020\/02\/17\/lyon-victoire-du-basket-handisport-lyonnais-face-a-astres\/#primaryimage\"},\"thumbnailUrl\":\"https:\/\/newsestlyonnais.fr\/site\/wp-content\/uploads\/2020\/02\/NEWSESTLYONNAIS-HANDILYON-ASTRES.jpg\",\"articleSection\":[\"Basket\",\"Basket | Hand | Volley\",\"Handi &amp; adapt\u00e9\",\"Lyon\"],\"inLanguage\":\"fr-FR\",\"potentialAction\":[{\"@type\":\"CommentAction\",\"name\":\"Comment\",\"target\":[\"https:\/\/newsestlyonnais.fr\/site\/2020\/02\/17\/lyon-victoire-du-basket-handisport-lyonnais-face-a-astres\/#respond\"]}]},{\"@type\":\"WebPage\",\"@id\":\"https:\/\/newsestlyonnais.fr\/site\/2020\/02\/17\/lyon-victoire-du-basket-handisport-lyonnais-face-a-astres\/\",\"url\":\"https:\/\/newsestlyonnais.fr\/site\/2020\/02\/17\/lyon-victoire-du-basket-handisport-lyonnais-face-a-astres\/\",\"name\":\"LYON | Victoire du Basket Handisport lyonnais face \u00e0 Astres - News Est Lyonnais\",\"isPartOf\":{\"@id\":\"https:\/\/newsestlyonnais.fr\/site\/#website\"},\"primaryImageOfPage\":{\"@id\":\"https:\/\/newsestlyonnais.fr\/site\/2020\/02\/17\/lyon-victoire-du-basket-handisport-lyonnais-face-a-astres\/#primaryimage\"},\"image\":{\"@id\":\"https:\/\/newsestlyonnais.fr\/site\/2020\/02\/17\/lyon-victoire-du-basket-handisport-lyonnais-face-a-astres\/#primaryimage\"},\"thumbnailUrl\":\"https:\/\/newsestlyonnais.fr\/site\/wp-content\/uploads\/2020\/02\/NEWSESTLYONNAIS-HANDILYON-ASTRES.jpg\",\"datePublished\":\"2020-02-17T13:02:28+00:00\",\"dateModified\":\"2020-10-26T10:24:09+00:00\",\"description\":\"LYON | Victoire du Basket Handisport lyonnais face \u00e0 Astres\",\"breadcrumb\":{\"@id\":\"https:\/\/newsestlyonnais.fr\/site\/2020\/02\/17\/lyon-victoire-du-basket-handisport-lyonnais-face-a-astres\/#breadcrumb\"},\"inLanguage\":\"fr-FR\",\"potentialAction\":[{\"@type\":\"ReadAction\",\"target\":[\"https:\/\/newsestlyonnais.fr\/site\/2020\/02\/17\/lyon-victoire-du-basket-handisport-lyonnais-face-a-astres\/\"]}]},{\"@type\":\"ImageObject\",\"inLanguage\":\"fr-FR\",\"@id\":\"https:\/\/newsestlyonnais.fr\/site\/2020\/02\/17\/lyon-victoire-du-basket-handisport-lyonnais-face-a-astres\/#primaryimage\",\"url\":\"https:\/\/newsestlyonnais.fr\/site\/wp-content\/uploads\/2020\/02\/NEWSESTLYONNAIS-HANDILYON-ASTRES.jpg\",\"contentUrl\":\"https:\/\/newsestlyonnais.fr\/site\/wp-content\/uploads\/2020\/02\/NEWSESTLYONNAIS-HANDILYON-ASTRES.jpg\",\"width\":648,\"height\":486},{\"@type\":\"BreadcrumbList\",\"@id\":\"https:\/\/newsestlyonnais.fr\/site\/2020\/02\/17\/lyon-victoire-du-basket-handisport-lyonnais-face-a-astres\/#breadcrumb\",\"itemListElement\":[{\"@type\":\"ListItem\",\"position\":1,\"name\":\"Accueil\",\"item\":\"https:\/\/newsestlyonnais.fr\/site\/\"},{\"@type\":\"ListItem\",\"position\":2,\"name\":\"LYON | Victoire du Basket Handisport lyonnais face \u00e0 Astres\"}]},{\"@type\":\"WebSite\",\"@id\":\"https:\/\/newsestlyonnais.fr\/site\/#website\",\"url\":\"https:\/\/newsestlyonnais.fr\/site\/\",\"name\":\"News Est Lyonnais\",\"description\":\"L&#039;actualit\u00e9 au plus pr\u00e8s\",\"publisher\":{\"@id\":\"https:\/\/newsestlyonnais.fr\/site\/#organization\"},\"potentialAction\":[{\"@type\":\"SearchAction\",\"target\":{\"@type\":\"EntryPoint\",\"urlTemplate\":\"https:\/\/newsestlyonnais.fr\/site\/?s={search_term_string}\"},\"query-input\":{\"@type\":\"PropertyValueSpecification\",\"valueRequired\":true,\"valueName\":\"search_term_string\"}}],\"inLanguage\":\"fr-FR\"},{\"@type\":\"Organization\",\"@id\":\"https:\/\/newsestlyonnais.fr\/site\/#organization\",\"name\":\"News EST LYONNAIS\",\"url\":\"https:\/\/newsestlyonnais.fr\/site\/\",\"logo\":{\"@type\":\"ImageObject\",\"inLanguage\":\"fr-FR\",\"@id\":\"https:\/\/newsestlyonnais.fr\/site\/#\/schema\/logo\/image\/\",\"url\":\"\",\"contentUrl\":\"\",\"caption\":\"News EST LYONNAIS\"},\"image\":{\"@id\":\"https:\/\/newsestlyonnais.fr\/site\/#\/schema\/logo\/image\/\"}},{\"@type\":\"Person\",\"@id\":\"https:\/\/newsestlyonnais.fr\/site\/#\/schema\/person\/3230d5615f390bb808365d673001e887\",\"name\":\"R\u00e9dac. NEWS\",\"sameAs\":[\"http:\/\/www.newsestlyonnais.fr\",\"https:\/\/www.facebook.com\/pascal.oberson.1?fref=ts\",\"https:\/\/fr.linkedin.com\/in\/pascal-oberson-b17045113\"],\"url\":\"https:\/\/newsestlyonnais.fr\/site\/author\/nel\/\"}]}<\/script>\n<!-- \/ Yoast SEO plugin. -->","yoast_head_json":{"title":"LYON | Victoire du Basket Handisport lyonnais face \u00e0 Astres - News Est Lyonnais","description":"LYON | Victoire du Basket Handisport lyonnais face \u00e0 Astres","robots":{"index":"index","follow":"follow","max-snippet":"max-snippet:-1","max-image-preview":"max-image-preview:large","max-video-preview":"max-video-preview:-1"},"canonical":"https:\/\/newsestlyonnais.fr\/site\/2020\/02\/17\/lyon-victoire-du-basket-handisport-lyonnais-face-a-astres\/","og_locale":"fr_FR","og_type":"article","og_title":"LYON | Victoire du Basket Handisport lyonnais face \u00e0 Astres - News Est Lyonnais","og_description":"LYON | Victoire du Basket Handisport lyonnais face \u00e0 Astres","og_url":"https:\/\/newsestlyonnais.fr\/site\/2020\/02\/17\/lyon-victoire-du-basket-handisport-lyonnais-face-a-astres\/","og_site_name":"News Est Lyonnais","article_author":"https:\/\/www.facebook.com\/pascal.oberson.1?fref=ts","article_published_time":"2020-02-17T13:02:28+00:00","article_modified_time":"2020-10-26T10:24:09+00:00","og_image":[{"width":648,"height":486,"url":"https:\/\/i0.wp.com\/newsestlyonnais.fr\/site\/wp-content\/uploads\/2020\/02\/NEWSESTLYONNAIS-HANDILYON-ASTRES.jpg?fit=648%2C486&ssl=1","type":"image\/jpeg"}],"author":"R\u00e9dac. NEWS","twitter_card":"summary_large_image","twitter_misc":{"\u00c9crit par":"R\u00e9dac. NEWS","Dur\u00e9e de lecture estim\u00e9e":"1 minute"},"schema":{"@context":"https:\/\/schema.org","@graph":[{"@type":"Article","@id":"https:\/\/newsestlyonnais.fr\/site\/2020\/02\/17\/lyon-victoire-du-basket-handisport-lyonnais-face-a-astres\/#article","isPartOf":{"@id":"https:\/\/newsestlyonnais.fr\/site\/2020\/02\/17\/lyon-victoire-du-basket-handisport-lyonnais-face-a-astres\/"},"author":{"name":"R\u00e9dac. NEWS","@id":"https:\/\/newsestlyonnais.fr\/site\/#\/schema\/person\/3230d5615f390bb808365d673001e887"},"headline":"LYON | Victoire du Basket Handisport lyonnais face \u00e0 Astres","datePublished":"2020-02-17T13:02:28+00:00","dateModified":"2020-10-26T10:24:09+00:00","mainEntityOfPage":{"@id":"https:\/\/newsestlyonnais.fr\/site\/2020\/02\/17\/lyon-victoire-du-basket-handisport-lyonnais-face-a-astres\/"},"wordCount":152,"commentCount":0,"publisher":{"@id":"https:\/\/newsestlyonnais.fr\/site\/#organization"},"image":{"@id":"https:\/\/newsestlyonnais.fr\/site\/2020\/02\/17\/lyon-victoire-du-basket-handisport-lyonnais-face-a-astres\/#primaryimage"},"thumbnailUrl":"https:\/\/newsestlyonnais.fr\/site\/wp-content\/uploads\/2020\/02\/NEWSESTLYONNAIS-HANDILYON-ASTRES.jpg","articleSection":["Basket","Basket | Hand | Volley","Handi &amp; adapt\u00e9","Lyon"],"inLanguage":"fr-FR","potentialAction":[{"@type":"CommentAction","name":"Comment","target":["https:\/\/newsestlyonnais.fr\/site\/2020\/02\/17\/lyon-victoire-du-basket-handisport-lyonnais-face-a-astres\/#respond"]}]},{"@type":"WebPage","@id":"https:\/\/newsestlyonnais.fr\/site\/2020\/02\/17\/lyon-victoire-du-basket-handisport-lyonnais-face-a-astres\/","url":"https:\/\/newsestlyonnais.fr\/site\/2020\/02\/17\/lyon-victoire-du-basket-handisport-lyonnais-face-a-astres\/","name":"LYON | Victoire du Basket Handisport lyonnais face \u00e0 Astres - News Est Lyonnais","isPartOf":{"@id":"https:\/\/newsestlyonnais.fr\/site\/#website"},"primaryImageOfPage":{"@id":"https:\/\/newsestlyonnais.fr\/site\/2020\/02\/17\/lyon-victoire-du-basket-handisport-lyonnais-face-a-astres\/#primaryimage"},"image":{"@id":"https:\/\/newsestlyonnais.fr\/site\/2020\/02\/17\/lyon-victoire-du-basket-handisport-lyonnais-face-a-astres\/#primaryimage"},"thumbnailUrl":"https:\/\/newsestlyonnais.fr\/site\/wp-content\/uploads\/2020\/02\/NEWSESTLYONNAIS-HANDILYON-ASTRES.jpg","datePublished":"2020-02-17T13:02:28+00:00","dateModified":"2020-10-26T10:24:09+00:00","description":"LYON | Victoire du Basket Handisport lyonnais face \u00e0 Astres","breadcrumb":{"@id":"https:\/\/newsestlyonnais.fr\/site\/2020\/02\/17\/lyon-victoire-du-basket-handisport-lyonnais-face-a-astres\/#breadcrumb"},"inLanguage":"fr-FR","potentialAction":[{"@type":"ReadAction","target":["https:\/\/newsestlyonnais.fr\/site\/2020\/02\/17\/lyon-victoire-du-basket-handisport-lyonnais-face-a-astres\/"]}]},{"@type":"ImageObject","inLanguage":"fr-FR","@id":"https:\/\/newsestlyonnais.fr\/site\/2020\/02\/17\/lyon-victoire-du-basket-handisport-lyonnais-face-a-astres\/#primaryimage","url":"https:\/\/newsestlyonnais.fr\/site\/wp-content\/uploads\/2020\/02\/NEWSESTLYONNAIS-HANDILYON-ASTRES.jpg","contentUrl":"https:\/\/newsestlyonnais.fr\/site\/wp-content\/uploads\/2020\/02\/NEWSESTLYONNAIS-HANDILYON-ASTRES.jpg","width":648,"height":486},{"@type":"BreadcrumbList","@id":"https:\/\/newsestlyonnais.fr\/site\/2020\/02\/17\/lyon-victoire-du-basket-handisport-lyonnais-face-a-astres\/#breadcrumb","itemListElement":[{"@type":"ListItem","position":1,"name":"Accueil","item":"https:\/\/newsestlyonnais.fr\/site\/"},{"@type":"ListItem","position":2,"name":"LYON | Victoire du Basket Handisport lyonnais face \u00e0 Astres"}]},{"@type":"WebSite","@id":"https:\/\/newsestlyonnais.fr\/site\/#website","url":"https:\/\/newsestlyonnais.fr\/site\/","name":"News Est Lyonnais","description":"L&#039;actualit\u00e9 au plus pr\u00e8s","publisher":{"@id":"https:\/\/newsestlyonnais.fr\/site\/#organization"},"potentialAction":[{"@type":"SearchAction","target":{"@type":"EntryPoint","urlTemplate":"https:\/\/newsestlyonnais.fr\/site\/?s={search_term_string}"},"query-input":{"@type":"PropertyValueSpecification","valueRequired":true,"valueName":"search_term_string"}}],"inLanguage":"fr-FR"},{"@type":"Organization","@id":"https:\/\/newsestlyonnais.fr\/site\/#organization","name":"News EST LYONNAIS","url":"https:\/\/newsestlyonnais.fr\/site\/","logo":{"@type":"ImageObject","inLanguage":"fr-FR","@id":"https:\/\/newsestlyonnais.fr\/site\/#\/schema\/logo\/image\/","url":"","contentUrl":"","caption":"News EST LYONNAIS"},"image":{"@id":"https:\/\/newsestlyonnais.fr\/site\/#\/schema\/logo\/image\/"}},{"@type":"Person","@id":"https:\/\/newsestlyonnais.fr\/site\/#\/schema\/person\/3230d5615f390bb808365d673001e887","name":"R\u00e9dac. NEWS","sameAs":["http:\/\/www.newsestlyonnais.fr","https:\/\/www.facebook.com\/pascal.oberson.1?fref=ts","https:\/\/fr.linkedin.com\/in\/pascal-oberson-b17045113"],"url":"https:\/\/newsestlyonnais.fr\/site\/author\/nel\/"}]}},"_links":{"self":[{"href":"https:\/\/newsestlyonnais.fr\/site\/wp-json\/wp\/v2\/posts\/95689","targetHints":{"allow":["GET"]}}],"collection":[{"href":"https:\/\/newsestlyonnais.fr\/site\/wp-json\/wp\/v2\/posts"}],"about":[{"href":"https:\/\/newsestlyonnais.fr\/site\/wp-json\/wp\/v2\/types\/post"}],"author":[{"embeddable":true,"href":"https:\/\/newsestlyonnais.fr\/site\/wp-json\/wp\/v2\/users\/4"}],"replies":[{"embeddable":true,"href":"https:\/\/newsestlyonnais.fr\/site\/wp-json\/wp\/v2\/comments?post=95689"}],"version-history":[{"count":0,"href":"https:\/\/newsestlyonnais.fr\/site\/wp-json\/wp\/v2\/posts\/95689\/revisions"}],"wp:featuredmedia":[{"embeddable":true,"href":"https:\/\/newsestlyonnais.fr\/site\/wp-json\/wp\/v2\/media\/95692"}],"wp:attachment":[{"href":"https:\/\/newsestlyonnais.fr\/site\/wp-json\/wp\/v2\/media?parent=95689"}],"wp:term":[{"taxonomy":"category","embeddable":true,"href":"https:\/\/newsestlyonnais.fr\/site\/wp-json\/wp\/v2\/categories?post=95689"},{"taxonomy":"post_tag","embeddable":true,"href":"https:\/\/newsestlyonnais.fr\/site\/wp-json\/wp\/v2\/tags?post=95689"}],"curies":[{"name":"wp","href":"https:\/\/api.w.org\/{rel}","templated":true}]}}