{"id":95809,"date":"2020-02-19T17:13:24","date_gmt":"2020-02-19T16:13:24","guid":{"rendered":"http:\/\/newsestlyonnais.fr\/site\/?p=95809"},"modified":"2020-11-12T14:54:29","modified_gmt":"2020-11-12T13:54:29","slug":"comite-departemental-olympique-et-sportif-du-rhone-130-jeunes-sportifs-a-lhonneur","status":"publish","type":"post","link":"https:\/\/newsestlyonnais.fr\/site\/2020\/02\/19\/comite-departemental-olympique-et-sportif-du-rhone-130-jeunes-sportifs-a-lhonneur\/","title":{"rendered":"Comit\u00e9 D\u00e9partemental Olympique Sportif Rh\u00f4ne | 130 jeunes \u00e0 l&rsquo;honneur"},"content":{"rendered":"<p><strong>Des Lauriers pour Des Champions parrain\u00e9s par Franck Solforosi <\/strong>(Pr\u00e9sident de l\u2019AUNL, 3 participations aux Jeux en 4 sans barreur, m\u00e9daill\u00e9 de bronze \u00e0 Rio en 2016, double Champion du Monde (2004, 2005) et Vice-champion du Monde (2006, 2007), Champion d\u2019Europe et Vice-champion d\u2019Europe (2009, 2015) <strong>et Romain Moncoudiol <\/strong>(de Tous CAP de Villefranche-sur-Sa\u00f4ne &amp; AS Caluire Athl\u00e9tisme pour ses performances de coureur en Sport Adapt\u00e9) \u00e0 l\u2019Espace Rebuffat.<\/p>\n<p>La saison sportive 2018-2019 du Comit\u00e9 D\u00e9partemental Olympique et Sportif Rh\u00f4ne &#8211; M\u00e9tropole de Lyon toujours aussi actif dans la valorisation du sport, des athl\u00e8tes, des b\u00e9n\u00e9voles et du monde associatif sportif du territoire a ainsi connu sa conclusion.<\/p>\n<p>Parmi tous les r\u00e9compens\u00e9s, <strong>6 ont \u00e9t\u00e9 plus particuli\u00e8rement distingu\u00e9s<\/strong> en cl\u00f4ture de la c\u00e9r\u00e9monie <strong>par les lauriers d\u2019or, d\u2019argent et de bronze :<\/strong><\/p>\n<ul>\n<li><strong><strong><span style=\"text-decoration: underline\">Lauriers d\u2019or<\/span> : <\/strong><\/strong><strong><strong>Jacques Dubois <\/strong><\/strong>(Canuts de Lyon), champion du Monde espoir et vainqueur de la Coupe d\u2019Europe des clubs en P\u00e9tanque &amp; Jeu Proven\u00e7al &amp; <strong><strong>Roger Hecquet <\/strong><\/strong>(Basket Ball), dirigeant b\u00e9n\u00e9vole, du Patronage La\u00efque de Craponne, que la commune de Craponne a \u00e9galement souhait\u00e9 honorer. A 90 ans cette ann\u00e9e, il est le plus ancien licenci\u00e9 du territoire (1\u00b0 licence en 1947) et toujours bon pied bon \u0153il, il s\u2019investit toujours au club et jouait encore au basket en 2018 !<\/li>\n<li><strong><strong><span style=\"text-decoration: underline\">Lauriers d\u2019argent<\/span> : Julien Cigolotti <\/strong><\/strong>(AUVR de Rillieux-la-Pape, en Tennis de Table Handisport), m\u00e9daille d&rsquo;argent par \u00e9quipe aux Jeux Europ\u00e9ens Paralympiques de la Jeunesse) &amp; <strong>Audrey Chapelan<\/strong> (dirigeante b\u00e9n\u00e9vole en gymnastique artistique f\u00e9minine), pr\u00e9sidente du Patronage Scolaire La\u00efque Montchat depuis 18 ans, investie dans son club et dans la vie sportive f\u00e9d\u00e9rale et locale depuis 28 ans.<\/li>\n<li><strong><strong><span style=\"text-decoration: underline\">Lauriers de bronze<\/span> : Joanna Chaube <\/strong><\/strong>(Badminton Club d\u2019Oullins, championne du Monde Universitaire en simple dame) &amp; <strong><strong>Patricia Lafont<\/strong><\/strong> (Rugby \u00e0 XV, du SO Givors 2 Vall\u00e9es, pour toutes ses actions au club, en tant que secr\u00e9taire notamment, depuis 22 ans).<\/li>\n<\/ul>\n<p>Parmi les sportifs r\u00e9compens\u00e9s lors de cette soir\u00e9e, des Champions du Monde et Champions d\u2019Europe \u00e9taient pr\u00e9sents:<\/p>\n<ul>\n<li><span style=\"text-decoration: underline\">en athl\u00e9tisme<\/span>, <strong>Fany Quenot<\/strong>, de Lyon Athl\u00e9 (m\u00e9daille d\u2019Argent aux Jeux Europ\u00e9ens \u00e0 Minsk en Bi\u00e9lorussie sur 100 m Haies) &amp; <strong>Ana\u00efs Sabrie<\/strong>, en espoir, du club Athl\u00e9 Calade Val de Sa\u00f4ne (Championne du Monde par \u00e9quipe de course en montagne), <strong>Basile Basset<\/strong> (m\u00e9daille d\u2019argent en Coupe du Monde de course en montagne), <strong>Lo\u00efc Prevot<\/strong>, ASUL Bron (m\u00e9daille d\u2019Argent aux Championnats d&rsquo;Europe par \u00e9quipe et m\u00e9daille de bronze aux Championnats d\u2019Europe moins de 23 ans sur4 x 400 m).<\/li>\n<li><span style=\"text-decoration: underline\">en badminton<\/span>, <strong>Joanna Chaube<\/strong>, du Badminton Club d\u2019Oullins (Championne du Monde Universitaire en simple dame) &amp; <strong>Mammeri Koceila<\/strong> (Champion d&rsquo;Afrique en double hommes et double mixte et m\u00e9daille d&rsquo;Argent par \u00e9quipe mixte aux Jeux Africains).<\/li>\n<li><span style=\"text-decoration: underline\">en course d\u2019orientation<\/span>, <strong>Basile Basset, <\/strong>ASUL Sport Nature (m\u00e9daille d\u2019argent aux Championnats d&rsquo;Europe de longue distance en cat\u00e9gorie juniors).<\/li>\n<li><span style=\"text-decoration: underline\">en danse<\/span>, du MB Club de Mions, <strong>Oph\u00e9lie Portillo et Marty Della Torre<\/strong>, 2\u00b0 aux Mondiaux dans leur cat\u00e9gorie (Vice-champions du Monde de rock acrobatique).<\/li>\n<li><span style=\"text-decoration: underline\">en escrime<\/span>, du Masque de Fer, <strong>Paul-Antoine de Belval<\/strong>, n\u00b0 3 mondial dans sa cat\u00e9gorie (2 fois Vice-champion d\u2019Europe, individuel et par \u00e9quipe en fleuret &#8211; 17 ans).<\/li>\n<li><span style=\"text-decoration: underline\">en gymnastique<\/span>, du CISAG d\u2019Oulllins, <strong>Jade-Mich\u00e8le Beyrouti<\/strong> et <strong>Z\u00e9lie Riou <\/strong>(m\u00e9daille d\u2019or lors de la comp\u00e9tition mondiale par groupe d\u2019\u00e2ge en trampoline synchronis\u00e9).<\/li>\n<li><span style=\"text-decoration: underline\">en judo<\/span>, <strong>Clara Lebobe<\/strong> (Vice-championne d\u2019Europe junior et m\u00e9daille de bronze senior en Jujitsu combat) &amp; <strong>Alexander Perez<\/strong> (Champion du Monde par \u00e9quipe, m\u00e9daille de bronze mondiale individuelle et Vice-champion d\u2019Europe en Jujitsu combat) tous deux du Dojo Anshin Arts Martiaux.<\/li>\n<li><span style=\"text-decoration: underline\">en p\u00e9tanque et jeu proven\u00e7al<\/span>, <strong>Jacques Dubois<\/strong> des Canuts de Lyon (Champion du Monde espoir et vainqueur de la Coupe d\u2019Europe des clubs)<\/li>\n<li><span style=\"text-decoration: underline\">en rugby \u00e0 XV<\/span>, <strong>Chlo\u00e9 Jacquet et L\u00e9a Peucheret<\/strong>, du Lou Rugby (Championne d\u2019Europe de rugby \u00e0 7 avec l\u2019\u00e9quipe de France f\u00e9minine U18).<\/li>\n<li><span style=\"text-decoration: underline\">en savate boxe fran\u00e7aise<\/span>, <strong>Saad Bellemou<\/strong>, de St Fons Gerland Boxe Fran\u00e7aise, m\u00e9daille de bronze au Championnat du Monde).<\/li>\n<li><strong>en handisport<\/strong> : <span style=\"text-decoration: underline\">en tennis de table<\/span>, de l\u2019AUVR Rillieux, <strong>Julien Cigolotti<\/strong> (m\u00e9daille d&rsquo;argent par \u00e9quipe aux Jeux Europ\u00e9ens Paralympiques de la Jeunesse), <span style=\"text-decoration: underline\">en foot fauteuil \u00e9lectrique,<\/span> <strong>Amine Souabni <\/strong>de Handisport Lyonnais, m\u00e9daille d\u2019argent au Championnat d&rsquo;Europe des Nations, <span style=\"text-decoration: underline\">en voile<\/span>, <strong>Tom Mallet<\/strong> du CV Lyon Meyzieu (Vice-champion d&rsquo;Europe Cat\u00e9gorie Jeunes -Bateau paralympique Hansa 303), <span style=\"text-decoration: underline\">en escrime<\/span>, <strong>Ga\u00ebtan Charlot <\/strong>du Masque de Fer (Vice-champion du Monde par \u00e9quipe \u00e0 l\u2019\u00e9p\u00e9e).<\/li>\n<li><strong>en sport adapt\u00e9<\/strong> : <span style=\"text-decoration: underline\">en judo<\/span> : <strong>Medhi Dergham<\/strong>, du Judo Club des Gones de Neuville (m\u00e9daille de bronze au Championnat d\u2019Europe).<\/li>\n<\/ul>\n<p><em><strong>L&rsquo;ACTU du CDOS Rh\u00f4ne-M\u00e9tropole de Lyon est sur : <a href=\"http:\/\/rhone.franceolympique.com\">http:\/\/rhone.franceolympique.com<\/a><\/strong><\/em><\/p>\n<p>&nbsp;<\/p>\n","protected":false},"excerpt":{"rendered":"<p>Ce lundi 17 f\u00e9vrier, 130 jeunes sportifs du territoire, Champions du Monde, d&rsquo;Europe ou de France (de &#8211; 26 ans) \u00e9taient\u00a0\u00e0 l&rsquo;honneur \u00e0  Craponne.<\/p>\n","protected":false},"author":4,"featured_media":95811,"comment_status":"open","ping_status":"open","sticky":false,"template":"","format":"standard","meta":{"footnotes":""},"categories":[574,166,1625],"tags":[],"class_list":["post-95809","post","type-post","status-publish","format-standard","has-post-thumbnail","hentry","category-autres-sports","category-divers-sports","category-lyon"],"yoast_head":"<!-- This site is optimized with the Yoast SEO plugin v27.2 - https:\/\/yoast.com\/product\/yoast-seo-wordpress\/ -->\n<title>Comit\u00e9 D\u00e9partemental Olympique Sportif Rh\u00f4ne | 130 jeunes \u00e0 l&#039;honneur - News Est Lyonnais<\/title>\n<meta name=\"description\" content=\"Comit\u00e9 D\u00e9partemental Olympique et Sportif du Rh\u00f4ne : 130 jeunes sportifs \u00e0 l&#039;honneur\" \/>\n<meta name=\"robots\" content=\"index, follow, max-snippet:-1, max-image-preview:large, max-video-preview:-1\" \/>\n<link rel=\"canonical\" href=\"https:\/\/newsestlyonnais.fr\/site\/2020\/02\/19\/comite-departemental-olympique-et-sportif-du-rhone-130-jeunes-sportifs-a-lhonneur\/\" \/>\n<meta property=\"og:locale\" content=\"fr_FR\" \/>\n<meta property=\"og:type\" content=\"article\" \/>\n<meta property=\"og:title\" content=\"Comit\u00e9 D\u00e9partemental Olympique Sportif Rh\u00f4ne | 130 jeunes \u00e0 l&#039;honneur - News Est Lyonnais\" \/>\n<meta property=\"og:description\" content=\"Comit\u00e9 D\u00e9partemental Olympique et Sportif du Rh\u00f4ne : 130 jeunes sportifs \u00e0 l&#039;honneur\" \/>\n<meta property=\"og:url\" content=\"https:\/\/newsestlyonnais.fr\/site\/2020\/02\/19\/comite-departemental-olympique-et-sportif-du-rhone-130-jeunes-sportifs-a-lhonneur\/\" \/>\n<meta property=\"og:site_name\" content=\"News Est Lyonnais\" \/>\n<meta property=\"article:author\" content=\"https:\/\/www.facebook.com\/pascal.oberson.1?fref=ts\" \/>\n<meta property=\"article:published_time\" content=\"2020-02-19T16:13:24+00:00\" \/>\n<meta property=\"article:modified_time\" content=\"2020-11-12T13:54:29+00:00\" \/>\n<meta property=\"og:image\" content=\"https:\/\/i0.wp.com\/newsestlyonnais.fr\/site\/wp-content\/uploads\/2020\/02\/NEWSESTLYONNAIS-Lauriers-2019-en-2020-scaled.jpg?fit=2560%2C604&ssl=1\" \/>\n\t<meta property=\"og:image:width\" content=\"2560\" \/>\n\t<meta property=\"og:image:height\" content=\"604\" \/>\n\t<meta property=\"og:image:type\" content=\"image\/jpeg\" \/>\n<meta name=\"author\" content=\"R\u00e9dac. NEWS\" \/>\n<meta name=\"twitter:card\" content=\"summary_large_image\" \/>\n<meta name=\"twitter:label1\" content=\"\u00c9crit par\" \/>\n\t<meta name=\"twitter:data1\" content=\"R\u00e9dac. NEWS\" \/>\n\t<meta name=\"twitter:label2\" content=\"Dur\u00e9e de lecture estim\u00e9e\" \/>\n\t<meta name=\"twitter:data2\" content=\"4 minutes\" \/>\n<script type=\"application\/ld+json\" class=\"yoast-schema-graph\">{\"@context\":\"https:\/\/schema.org\",\"@graph\":[{\"@type\":\"Article\",\"@id\":\"https:\/\/newsestlyonnais.fr\/site\/2020\/02\/19\/comite-departemental-olympique-et-sportif-du-rhone-130-jeunes-sportifs-a-lhonneur\/#article\",\"isPartOf\":{\"@id\":\"https:\/\/newsestlyonnais.fr\/site\/2020\/02\/19\/comite-departemental-olympique-et-sportif-du-rhone-130-jeunes-sportifs-a-lhonneur\/\"},\"author\":{\"name\":\"R\u00e9dac. NEWS\",\"@id\":\"https:\/\/newsestlyonnais.fr\/site\/#\/schema\/person\/3230d5615f390bb808365d673001e887\"},\"headline\":\"Comit\u00e9 D\u00e9partemental Olympique Sportif Rh\u00f4ne | 130 jeunes \u00e0 l&rsquo;honneur\",\"datePublished\":\"2020-02-19T16:13:24+00:00\",\"dateModified\":\"2020-11-12T13:54:29+00:00\",\"mainEntityOfPage\":{\"@id\":\"https:\/\/newsestlyonnais.fr\/site\/2020\/02\/19\/comite-departemental-olympique-et-sportif-du-rhone-130-jeunes-sportifs-a-lhonneur\/\"},\"wordCount\":836,\"commentCount\":0,\"publisher\":{\"@id\":\"https:\/\/newsestlyonnais.fr\/site\/#organization\"},\"image\":{\"@id\":\"https:\/\/newsestlyonnais.fr\/site\/2020\/02\/19\/comite-departemental-olympique-et-sportif-du-rhone-130-jeunes-sportifs-a-lhonneur\/#primaryimage\"},\"thumbnailUrl\":\"https:\/\/newsestlyonnais.fr\/site\/wp-content\/uploads\/2020\/02\/NEWSESTLYONNAIS-Lauriers-2019-en-2020-scaled.jpg\",\"articleSection\":[\"Autres sports\",\"Divers Sports\",\"Lyon\"],\"inLanguage\":\"fr-FR\",\"potentialAction\":[{\"@type\":\"CommentAction\",\"name\":\"Comment\",\"target\":[\"https:\/\/newsestlyonnais.fr\/site\/2020\/02\/19\/comite-departemental-olympique-et-sportif-du-rhone-130-jeunes-sportifs-a-lhonneur\/#respond\"]}]},{\"@type\":\"WebPage\",\"@id\":\"https:\/\/newsestlyonnais.fr\/site\/2020\/02\/19\/comite-departemental-olympique-et-sportif-du-rhone-130-jeunes-sportifs-a-lhonneur\/\",\"url\":\"https:\/\/newsestlyonnais.fr\/site\/2020\/02\/19\/comite-departemental-olympique-et-sportif-du-rhone-130-jeunes-sportifs-a-lhonneur\/\",\"name\":\"Comit\u00e9 D\u00e9partemental Olympique Sportif Rh\u00f4ne | 130 jeunes \u00e0 l'honneur - News Est Lyonnais\",\"isPartOf\":{\"@id\":\"https:\/\/newsestlyonnais.fr\/site\/#website\"},\"primaryImageOfPage\":{\"@id\":\"https:\/\/newsestlyonnais.fr\/site\/2020\/02\/19\/comite-departemental-olympique-et-sportif-du-rhone-130-jeunes-sportifs-a-lhonneur\/#primaryimage\"},\"image\":{\"@id\":\"https:\/\/newsestlyonnais.fr\/site\/2020\/02\/19\/comite-departemental-olympique-et-sportif-du-rhone-130-jeunes-sportifs-a-lhonneur\/#primaryimage\"},\"thumbnailUrl\":\"https:\/\/newsestlyonnais.fr\/site\/wp-content\/uploads\/2020\/02\/NEWSESTLYONNAIS-Lauriers-2019-en-2020-scaled.jpg\",\"datePublished\":\"2020-02-19T16:13:24+00:00\",\"dateModified\":\"2020-11-12T13:54:29+00:00\",\"description\":\"Comit\u00e9 D\u00e9partemental Olympique et Sportif du Rh\u00f4ne : 130 jeunes sportifs \u00e0 l'honneur\",\"breadcrumb\":{\"@id\":\"https:\/\/newsestlyonnais.fr\/site\/2020\/02\/19\/comite-departemental-olympique-et-sportif-du-rhone-130-jeunes-sportifs-a-lhonneur\/#breadcrumb\"},\"inLanguage\":\"fr-FR\",\"potentialAction\":[{\"@type\":\"ReadAction\",\"target\":[\"https:\/\/newsestlyonnais.fr\/site\/2020\/02\/19\/comite-departemental-olympique-et-sportif-du-rhone-130-jeunes-sportifs-a-lhonneur\/\"]}]},{\"@type\":\"ImageObject\",\"inLanguage\":\"fr-FR\",\"@id\":\"https:\/\/newsestlyonnais.fr\/site\/2020\/02\/19\/comite-departemental-olympique-et-sportif-du-rhone-130-jeunes-sportifs-a-lhonneur\/#primaryimage\",\"url\":\"https:\/\/newsestlyonnais.fr\/site\/wp-content\/uploads\/2020\/02\/NEWSESTLYONNAIS-Lauriers-2019-en-2020-scaled.jpg\",\"contentUrl\":\"https:\/\/newsestlyonnais.fr\/site\/wp-content\/uploads\/2020\/02\/NEWSESTLYONNAIS-Lauriers-2019-en-2020-scaled.jpg\",\"width\":2560,\"height\":604},{\"@type\":\"BreadcrumbList\",\"@id\":\"https:\/\/newsestlyonnais.fr\/site\/2020\/02\/19\/comite-departemental-olympique-et-sportif-du-rhone-130-jeunes-sportifs-a-lhonneur\/#breadcrumb\",\"itemListElement\":[{\"@type\":\"ListItem\",\"position\":1,\"name\":\"Accueil\",\"item\":\"https:\/\/newsestlyonnais.fr\/site\/\"},{\"@type\":\"ListItem\",\"position\":2,\"name\":\"Comit\u00e9 D\u00e9partemental Olympique Sportif Rh\u00f4ne | 130 jeunes \u00e0 l&rsquo;honneur\"}]},{\"@type\":\"WebSite\",\"@id\":\"https:\/\/newsestlyonnais.fr\/site\/#website\",\"url\":\"https:\/\/newsestlyonnais.fr\/site\/\",\"name\":\"News Est Lyonnais\",\"description\":\"L&#039;actualit\u00e9 au plus pr\u00e8s\",\"publisher\":{\"@id\":\"https:\/\/newsestlyonnais.fr\/site\/#organization\"},\"potentialAction\":[{\"@type\":\"SearchAction\",\"target\":{\"@type\":\"EntryPoint\",\"urlTemplate\":\"https:\/\/newsestlyonnais.fr\/site\/?s={search_term_string}\"},\"query-input\":{\"@type\":\"PropertyValueSpecification\",\"valueRequired\":true,\"valueName\":\"search_term_string\"}}],\"inLanguage\":\"fr-FR\"},{\"@type\":\"Organization\",\"@id\":\"https:\/\/newsestlyonnais.fr\/site\/#organization\",\"name\":\"News EST LYONNAIS\",\"url\":\"https:\/\/newsestlyonnais.fr\/site\/\",\"logo\":{\"@type\":\"ImageObject\",\"inLanguage\":\"fr-FR\",\"@id\":\"https:\/\/newsestlyonnais.fr\/site\/#\/schema\/logo\/image\/\",\"url\":\"\",\"contentUrl\":\"\",\"caption\":\"News EST LYONNAIS\"},\"image\":{\"@id\":\"https:\/\/newsestlyonnais.fr\/site\/#\/schema\/logo\/image\/\"}},{\"@type\":\"Person\",\"@id\":\"https:\/\/newsestlyonnais.fr\/site\/#\/schema\/person\/3230d5615f390bb808365d673001e887\",\"name\":\"R\u00e9dac. NEWS\",\"sameAs\":[\"http:\/\/www.newsestlyonnais.fr\",\"https:\/\/www.facebook.com\/pascal.oberson.1?fref=ts\",\"https:\/\/fr.linkedin.com\/in\/pascal-oberson-b17045113\"],\"url\":\"https:\/\/newsestlyonnais.fr\/site\/author\/nel\/\"}]}<\/script>\n<!-- \/ Yoast SEO plugin. -->","yoast_head_json":{"title":"Comit\u00e9 D\u00e9partemental Olympique Sportif Rh\u00f4ne | 130 jeunes \u00e0 l'honneur - News Est Lyonnais","description":"Comit\u00e9 D\u00e9partemental Olympique et Sportif du Rh\u00f4ne : 130 jeunes sportifs \u00e0 l'honneur","robots":{"index":"index","follow":"follow","max-snippet":"max-snippet:-1","max-image-preview":"max-image-preview:large","max-video-preview":"max-video-preview:-1"},"canonical":"https:\/\/newsestlyonnais.fr\/site\/2020\/02\/19\/comite-departemental-olympique-et-sportif-du-rhone-130-jeunes-sportifs-a-lhonneur\/","og_locale":"fr_FR","og_type":"article","og_title":"Comit\u00e9 D\u00e9partemental Olympique Sportif Rh\u00f4ne | 130 jeunes \u00e0 l'honneur - News Est Lyonnais","og_description":"Comit\u00e9 D\u00e9partemental Olympique et Sportif du Rh\u00f4ne : 130 jeunes sportifs \u00e0 l'honneur","og_url":"https:\/\/newsestlyonnais.fr\/site\/2020\/02\/19\/comite-departemental-olympique-et-sportif-du-rhone-130-jeunes-sportifs-a-lhonneur\/","og_site_name":"News Est Lyonnais","article_author":"https:\/\/www.facebook.com\/pascal.oberson.1?fref=ts","article_published_time":"2020-02-19T16:13:24+00:00","article_modified_time":"2020-11-12T13:54:29+00:00","og_image":[{"width":2560,"height":604,"url":"https:\/\/i0.wp.com\/newsestlyonnais.fr\/site\/wp-content\/uploads\/2020\/02\/NEWSESTLYONNAIS-Lauriers-2019-en-2020-scaled.jpg?fit=2560%2C604&ssl=1","type":"image\/jpeg"}],"author":"R\u00e9dac. NEWS","twitter_card":"summary_large_image","twitter_misc":{"\u00c9crit par":"R\u00e9dac. NEWS","Dur\u00e9e de lecture estim\u00e9e":"4 minutes"},"schema":{"@context":"https:\/\/schema.org","@graph":[{"@type":"Article","@id":"https:\/\/newsestlyonnais.fr\/site\/2020\/02\/19\/comite-departemental-olympique-et-sportif-du-rhone-130-jeunes-sportifs-a-lhonneur\/#article","isPartOf":{"@id":"https:\/\/newsestlyonnais.fr\/site\/2020\/02\/19\/comite-departemental-olympique-et-sportif-du-rhone-130-jeunes-sportifs-a-lhonneur\/"},"author":{"name":"R\u00e9dac. NEWS","@id":"https:\/\/newsestlyonnais.fr\/site\/#\/schema\/person\/3230d5615f390bb808365d673001e887"},"headline":"Comit\u00e9 D\u00e9partemental Olympique Sportif Rh\u00f4ne | 130 jeunes \u00e0 l&rsquo;honneur","datePublished":"2020-02-19T16:13:24+00:00","dateModified":"2020-11-12T13:54:29+00:00","mainEntityOfPage":{"@id":"https:\/\/newsestlyonnais.fr\/site\/2020\/02\/19\/comite-departemental-olympique-et-sportif-du-rhone-130-jeunes-sportifs-a-lhonneur\/"},"wordCount":836,"commentCount":0,"publisher":{"@id":"https:\/\/newsestlyonnais.fr\/site\/#organization"},"image":{"@id":"https:\/\/newsestlyonnais.fr\/site\/2020\/02\/19\/comite-departemental-olympique-et-sportif-du-rhone-130-jeunes-sportifs-a-lhonneur\/#primaryimage"},"thumbnailUrl":"https:\/\/newsestlyonnais.fr\/site\/wp-content\/uploads\/2020\/02\/NEWSESTLYONNAIS-Lauriers-2019-en-2020-scaled.jpg","articleSection":["Autres sports","Divers Sports","Lyon"],"inLanguage":"fr-FR","potentialAction":[{"@type":"CommentAction","name":"Comment","target":["https:\/\/newsestlyonnais.fr\/site\/2020\/02\/19\/comite-departemental-olympique-et-sportif-du-rhone-130-jeunes-sportifs-a-lhonneur\/#respond"]}]},{"@type":"WebPage","@id":"https:\/\/newsestlyonnais.fr\/site\/2020\/02\/19\/comite-departemental-olympique-et-sportif-du-rhone-130-jeunes-sportifs-a-lhonneur\/","url":"https:\/\/newsestlyonnais.fr\/site\/2020\/02\/19\/comite-departemental-olympique-et-sportif-du-rhone-130-jeunes-sportifs-a-lhonneur\/","name":"Comit\u00e9 D\u00e9partemental Olympique Sportif Rh\u00f4ne | 130 jeunes \u00e0 l'honneur - News Est Lyonnais","isPartOf":{"@id":"https:\/\/newsestlyonnais.fr\/site\/#website"},"primaryImageOfPage":{"@id":"https:\/\/newsestlyonnais.fr\/site\/2020\/02\/19\/comite-departemental-olympique-et-sportif-du-rhone-130-jeunes-sportifs-a-lhonneur\/#primaryimage"},"image":{"@id":"https:\/\/newsestlyonnais.fr\/site\/2020\/02\/19\/comite-departemental-olympique-et-sportif-du-rhone-130-jeunes-sportifs-a-lhonneur\/#primaryimage"},"thumbnailUrl":"https:\/\/newsestlyonnais.fr\/site\/wp-content\/uploads\/2020\/02\/NEWSESTLYONNAIS-Lauriers-2019-en-2020-scaled.jpg","datePublished":"2020-02-19T16:13:24+00:00","dateModified":"2020-11-12T13:54:29+00:00","description":"Comit\u00e9 D\u00e9partemental Olympique et Sportif du Rh\u00f4ne : 130 jeunes sportifs \u00e0 l'honneur","breadcrumb":{"@id":"https:\/\/newsestlyonnais.fr\/site\/2020\/02\/19\/comite-departemental-olympique-et-sportif-du-rhone-130-jeunes-sportifs-a-lhonneur\/#breadcrumb"},"inLanguage":"fr-FR","potentialAction":[{"@type":"ReadAction","target":["https:\/\/newsestlyonnais.fr\/site\/2020\/02\/19\/comite-departemental-olympique-et-sportif-du-rhone-130-jeunes-sportifs-a-lhonneur\/"]}]},{"@type":"ImageObject","inLanguage":"fr-FR","@id":"https:\/\/newsestlyonnais.fr\/site\/2020\/02\/19\/comite-departemental-olympique-et-sportif-du-rhone-130-jeunes-sportifs-a-lhonneur\/#primaryimage","url":"https:\/\/newsestlyonnais.fr\/site\/wp-content\/uploads\/2020\/02\/NEWSESTLYONNAIS-Lauriers-2019-en-2020-scaled.jpg","contentUrl":"https:\/\/newsestlyonnais.fr\/site\/wp-content\/uploads\/2020\/02\/NEWSESTLYONNAIS-Lauriers-2019-en-2020-scaled.jpg","width":2560,"height":604},{"@type":"BreadcrumbList","@id":"https:\/\/newsestlyonnais.fr\/site\/2020\/02\/19\/comite-departemental-olympique-et-sportif-du-rhone-130-jeunes-sportifs-a-lhonneur\/#breadcrumb","itemListElement":[{"@type":"ListItem","position":1,"name":"Accueil","item":"https:\/\/newsestlyonnais.fr\/site\/"},{"@type":"ListItem","position":2,"name":"Comit\u00e9 D\u00e9partemental Olympique Sportif Rh\u00f4ne | 130 jeunes \u00e0 l&rsquo;honneur"}]},{"@type":"WebSite","@id":"https:\/\/newsestlyonnais.fr\/site\/#website","url":"https:\/\/newsestlyonnais.fr\/site\/","name":"News Est Lyonnais","description":"L&#039;actualit\u00e9 au plus pr\u00e8s","publisher":{"@id":"https:\/\/newsestlyonnais.fr\/site\/#organization"},"potentialAction":[{"@type":"SearchAction","target":{"@type":"EntryPoint","urlTemplate":"https:\/\/newsestlyonnais.fr\/site\/?s={search_term_string}"},"query-input":{"@type":"PropertyValueSpecification","valueRequired":true,"valueName":"search_term_string"}}],"inLanguage":"fr-FR"},{"@type":"Organization","@id":"https:\/\/newsestlyonnais.fr\/site\/#organization","name":"News EST LYONNAIS","url":"https:\/\/newsestlyonnais.fr\/site\/","logo":{"@type":"ImageObject","inLanguage":"fr-FR","@id":"https:\/\/newsestlyonnais.fr\/site\/#\/schema\/logo\/image\/","url":"","contentUrl":"","caption":"News EST LYONNAIS"},"image":{"@id":"https:\/\/newsestlyonnais.fr\/site\/#\/schema\/logo\/image\/"}},{"@type":"Person","@id":"https:\/\/newsestlyonnais.fr\/site\/#\/schema\/person\/3230d5615f390bb808365d673001e887","name":"R\u00e9dac. NEWS","sameAs":["http:\/\/www.newsestlyonnais.fr","https:\/\/www.facebook.com\/pascal.oberson.1?fref=ts","https:\/\/fr.linkedin.com\/in\/pascal-oberson-b17045113"],"url":"https:\/\/newsestlyonnais.fr\/site\/author\/nel\/"}]}},"_links":{"self":[{"href":"https:\/\/newsestlyonnais.fr\/site\/wp-json\/wp\/v2\/posts\/95809","targetHints":{"allow":["GET"]}}],"collection":[{"href":"https:\/\/newsestlyonnais.fr\/site\/wp-json\/wp\/v2\/posts"}],"about":[{"href":"https:\/\/newsestlyonnais.fr\/site\/wp-json\/wp\/v2\/types\/post"}],"author":[{"embeddable":true,"href":"https:\/\/newsestlyonnais.fr\/site\/wp-json\/wp\/v2\/users\/4"}],"replies":[{"embeddable":true,"href":"https:\/\/newsestlyonnais.fr\/site\/wp-json\/wp\/v2\/comments?post=95809"}],"version-history":[{"count":0,"href":"https:\/\/newsestlyonnais.fr\/site\/wp-json\/wp\/v2\/posts\/95809\/revisions"}],"wp:featuredmedia":[{"embeddable":true,"href":"https:\/\/newsestlyonnais.fr\/site\/wp-json\/wp\/v2\/media\/95811"}],"wp:attachment":[{"href":"https:\/\/newsestlyonnais.fr\/site\/wp-json\/wp\/v2\/media?parent=95809"}],"wp:term":[{"taxonomy":"category","embeddable":true,"href":"https:\/\/newsestlyonnais.fr\/site\/wp-json\/wp\/v2\/categories?post=95809"},{"taxonomy":"post_tag","embeddable":true,"href":"https:\/\/newsestlyonnais.fr\/site\/wp-json\/wp\/v2\/tags?post=95809"}],"curies":[{"name":"wp","href":"https:\/\/api.w.org\/{rel}","templated":true}]}}