{"id":95844,"date":"2020-02-20T08:14:34","date_gmt":"2020-02-20T07:14:34","guid":{"rendered":"http:\/\/newsestlyonnais.fr\/site\/?p=95844"},"modified":"2020-11-12T14:54:08","modified_gmt":"2020-11-12T13:54:08","slug":"lyon-carton-plein-pour-lequipe-de-football-a-5-dhandisport-lyonnais","status":"publish","type":"post","link":"https:\/\/newsestlyonnais.fr\/site\/2020\/02\/20\/lyon-carton-plein-pour-lequipe-de-football-a-5-dhandisport-lyonnais\/","title":{"rendered":"LYON | Carton plein pour l&rsquo;\u00e9quipe de Football \u00e0 5 d&rsquo;Handisport Lyonnais"},"content":{"rendered":"<p>L\u2019occasion pour les joueurs de l&rsquo;\u00e9quipe de Foot \u00e0 5 d&rsquo;Handisport Lyonnais de remettre leur titre en jeu.<\/p>\n<p>Au programme : <strong>6 matchs dans la m\u00eame journ\u00e9e avec notamment 2 affiches<\/strong> contre Lut\u00e8ce et Diamant.<\/p>\n<p><img loading=\"lazy\" decoding=\"async\" class=\"size-full wp-image-23750 alignleft\" src=\"https:\/\/newsestlyonnais.fr\/site\/medias\/2017\/03\/NEWSESTLYONNAIS-MICRO.png\" alt=\"NEWSESTLYONNAIS MICRO\" width=\"250\" height=\"150\" \/>\u00a0\u00bb C&rsquo;est avec une grande fiert\u00e9 pour nos joueurs que je vous informe que les objectifs fix\u00e9s ont \u00e9t\u00e9 plus que remplis, vu que nous avons remport\u00e9s les 6 rencontres sans encaisser le moindre but. F\u00e9licitations \u00e0 eux qui ont r\u00e9alis\u00e9 une vraie performance sportive tout en faisant preuve d&rsquo;un \u00e9tat d&rsquo;esprit irr\u00e9prochable \u00a0\u00bb confie un dirigeant lyonnais.<\/p>\n<p><strong>Leurs r\u00e9sultats (6 victoires)<\/strong> : <strong>7\/0<\/strong> &amp; <strong>3\/0<\/strong> contre Handisport Rennes Club, <strong>9\/0<\/strong> &amp; <strong>11\/0<\/strong> contre Handisport Cornouaille Quimper, <strong>1\/0<\/strong> contre Lut\u00e8ce Club Handisport &amp; <strong>3\/0<\/strong> contre Diamant Futsal.<\/p>\n<p><strong>NOTA<\/strong> : Prochaine journ\u00e9e, \u00e0 Nanterre le 27 Mars o\u00f9 le club sera exempt.<\/p>\n<ul>\n<li><em><strong>Toute l&rsquo;ACTU d&rsquo;Handisport Lyonnais est sur : <a href=\"http:\/\/www.handisportlyonnais.com\">http:\/\/www.handisportlyonnais.com<\/a><\/strong><\/em><\/li>\n<\/ul>\n<p>&nbsp;<\/p>\n","protected":false},"excerpt":{"rendered":"<p>Dimanche dernier se d\u00e9roulait \u00e0 Orl\u00e9ans la 1\u00b0 journ\u00e9e de championnat de France de Futsall \u00e0 Orl\u00e9ans.<\/p>\n","protected":false},"author":4,"featured_media":95845,"comment_status":"open","ping_status":"open","sticky":false,"template":"","format":"standard","meta":{"footnotes":""},"categories":[574,166,2996,3015,1625],"tags":[],"class_list":["post-95844","post","type-post","status-publish","format-standard","has-post-thumbnail","hentry","category-autres-sports","category-divers-sports","category-football-rugby","category-handi-adapte","category-lyon"],"yoast_head":"<!-- This site is optimized with the Yoast SEO plugin v27.2 - https:\/\/yoast.com\/product\/yoast-seo-wordpress\/ -->\n<title>LYON | Carton plein pour l&#039;\u00e9quipe de Football \u00e0 5 d&#039;Handisport Lyonnais - News Est Lyonnais<\/title>\n<meta name=\"description\" content=\"LYON | Carton plein pour l&#039;\u00e9quipe de Football \u00e0 5 d&#039;Handisport Lyonnais\" \/>\n<meta name=\"robots\" content=\"index, follow, max-snippet:-1, max-image-preview:large, max-video-preview:-1\" \/>\n<link rel=\"canonical\" href=\"https:\/\/newsestlyonnais.fr\/site\/2020\/02\/20\/lyon-carton-plein-pour-lequipe-de-football-a-5-dhandisport-lyonnais\/\" \/>\n<meta property=\"og:locale\" content=\"fr_FR\" \/>\n<meta property=\"og:type\" content=\"article\" \/>\n<meta property=\"og:title\" content=\"LYON | Carton plein pour l&#039;\u00e9quipe de Football \u00e0 5 d&#039;Handisport Lyonnais - News Est Lyonnais\" \/>\n<meta property=\"og:description\" content=\"LYON | Carton plein pour l&#039;\u00e9quipe de Football \u00e0 5 d&#039;Handisport Lyonnais\" \/>\n<meta property=\"og:url\" content=\"https:\/\/newsestlyonnais.fr\/site\/2020\/02\/20\/lyon-carton-plein-pour-lequipe-de-football-a-5-dhandisport-lyonnais\/\" \/>\n<meta property=\"og:site_name\" content=\"News Est Lyonnais\" \/>\n<meta property=\"article:author\" content=\"https:\/\/www.facebook.com\/pascal.oberson.1?fref=ts\" \/>\n<meta property=\"article:published_time\" content=\"2020-02-20T07:14:34+00:00\" \/>\n<meta property=\"article:modified_time\" content=\"2020-11-12T13:54:08+00:00\" \/>\n<meta property=\"og:image\" content=\"https:\/\/i1.wp.com\/newsestlyonnais.fr\/site\/wp-content\/uploads\/2020\/02\/NEWSESTLYONNAIS-FOOT-HANDISPORT.jpg?fit=500%2C374&ssl=1\" \/>\n\t<meta property=\"og:image:width\" content=\"500\" \/>\n\t<meta property=\"og:image:height\" content=\"374\" \/>\n\t<meta property=\"og:image:type\" content=\"image\/jpeg\" \/>\n<meta name=\"author\" content=\"R\u00e9dac. NEWS\" \/>\n<meta name=\"twitter:card\" content=\"summary_large_image\" \/>\n<meta name=\"twitter:label1\" content=\"\u00c9crit par\" \/>\n\t<meta name=\"twitter:data1\" content=\"R\u00e9dac. NEWS\" \/>\n\t<meta name=\"twitter:label2\" content=\"Dur\u00e9e de lecture estim\u00e9e\" \/>\n\t<meta name=\"twitter:data2\" content=\"1 minute\" \/>\n<script type=\"application\/ld+json\" class=\"yoast-schema-graph\">{\"@context\":\"https:\/\/schema.org\",\"@graph\":[{\"@type\":\"Article\",\"@id\":\"https:\/\/newsestlyonnais.fr\/site\/2020\/02\/20\/lyon-carton-plein-pour-lequipe-de-football-a-5-dhandisport-lyonnais\/#article\",\"isPartOf\":{\"@id\":\"https:\/\/newsestlyonnais.fr\/site\/2020\/02\/20\/lyon-carton-plein-pour-lequipe-de-football-a-5-dhandisport-lyonnais\/\"},\"author\":{\"name\":\"R\u00e9dac. NEWS\",\"@id\":\"https:\/\/newsestlyonnais.fr\/site\/#\/schema\/person\/3230d5615f390bb808365d673001e887\"},\"headline\":\"LYON | Carton plein pour l&rsquo;\u00e9quipe de Football \u00e0 5 d&rsquo;Handisport Lyonnais\",\"datePublished\":\"2020-02-20T07:14:34+00:00\",\"dateModified\":\"2020-11-12T13:54:08+00:00\",\"mainEntityOfPage\":{\"@id\":\"https:\/\/newsestlyonnais.fr\/site\/2020\/02\/20\/lyon-carton-plein-pour-lequipe-de-football-a-5-dhandisport-lyonnais\/\"},\"wordCount\":157,\"commentCount\":0,\"publisher\":{\"@id\":\"https:\/\/newsestlyonnais.fr\/site\/#organization\"},\"image\":{\"@id\":\"https:\/\/newsestlyonnais.fr\/site\/2020\/02\/20\/lyon-carton-plein-pour-lequipe-de-football-a-5-dhandisport-lyonnais\/#primaryimage\"},\"thumbnailUrl\":\"https:\/\/newsestlyonnais.fr\/site\/wp-content\/uploads\/2020\/02\/NEWSESTLYONNAIS-FOOT-HANDISPORT.jpg\",\"articleSection\":[\"Autres sports\",\"Divers Sports\",\"Foot | Rugby\",\"Handi &amp; adapt\u00e9\",\"Lyon\"],\"inLanguage\":\"fr-FR\",\"potentialAction\":[{\"@type\":\"CommentAction\",\"name\":\"Comment\",\"target\":[\"https:\/\/newsestlyonnais.fr\/site\/2020\/02\/20\/lyon-carton-plein-pour-lequipe-de-football-a-5-dhandisport-lyonnais\/#respond\"]}]},{\"@type\":\"WebPage\",\"@id\":\"https:\/\/newsestlyonnais.fr\/site\/2020\/02\/20\/lyon-carton-plein-pour-lequipe-de-football-a-5-dhandisport-lyonnais\/\",\"url\":\"https:\/\/newsestlyonnais.fr\/site\/2020\/02\/20\/lyon-carton-plein-pour-lequipe-de-football-a-5-dhandisport-lyonnais\/\",\"name\":\"LYON | Carton plein pour l'\u00e9quipe de Football \u00e0 5 d'Handisport Lyonnais - News Est Lyonnais\",\"isPartOf\":{\"@id\":\"https:\/\/newsestlyonnais.fr\/site\/#website\"},\"primaryImageOfPage\":{\"@id\":\"https:\/\/newsestlyonnais.fr\/site\/2020\/02\/20\/lyon-carton-plein-pour-lequipe-de-football-a-5-dhandisport-lyonnais\/#primaryimage\"},\"image\":{\"@id\":\"https:\/\/newsestlyonnais.fr\/site\/2020\/02\/20\/lyon-carton-plein-pour-lequipe-de-football-a-5-dhandisport-lyonnais\/#primaryimage\"},\"thumbnailUrl\":\"https:\/\/newsestlyonnais.fr\/site\/wp-content\/uploads\/2020\/02\/NEWSESTLYONNAIS-FOOT-HANDISPORT.jpg\",\"datePublished\":\"2020-02-20T07:14:34+00:00\",\"dateModified\":\"2020-11-12T13:54:08+00:00\",\"description\":\"LYON | Carton plein pour l'\u00e9quipe de Football \u00e0 5 d'Handisport Lyonnais\",\"breadcrumb\":{\"@id\":\"https:\/\/newsestlyonnais.fr\/site\/2020\/02\/20\/lyon-carton-plein-pour-lequipe-de-football-a-5-dhandisport-lyonnais\/#breadcrumb\"},\"inLanguage\":\"fr-FR\",\"potentialAction\":[{\"@type\":\"ReadAction\",\"target\":[\"https:\/\/newsestlyonnais.fr\/site\/2020\/02\/20\/lyon-carton-plein-pour-lequipe-de-football-a-5-dhandisport-lyonnais\/\"]}]},{\"@type\":\"ImageObject\",\"inLanguage\":\"fr-FR\",\"@id\":\"https:\/\/newsestlyonnais.fr\/site\/2020\/02\/20\/lyon-carton-plein-pour-lequipe-de-football-a-5-dhandisport-lyonnais\/#primaryimage\",\"url\":\"https:\/\/newsestlyonnais.fr\/site\/wp-content\/uploads\/2020\/02\/NEWSESTLYONNAIS-FOOT-HANDISPORT.jpg\",\"contentUrl\":\"https:\/\/newsestlyonnais.fr\/site\/wp-content\/uploads\/2020\/02\/NEWSESTLYONNAIS-FOOT-HANDISPORT.jpg\",\"width\":500,\"height\":374},{\"@type\":\"BreadcrumbList\",\"@id\":\"https:\/\/newsestlyonnais.fr\/site\/2020\/02\/20\/lyon-carton-plein-pour-lequipe-de-football-a-5-dhandisport-lyonnais\/#breadcrumb\",\"itemListElement\":[{\"@type\":\"ListItem\",\"position\":1,\"name\":\"Accueil\",\"item\":\"https:\/\/newsestlyonnais.fr\/site\/\"},{\"@type\":\"ListItem\",\"position\":2,\"name\":\"LYON | Carton plein pour l&rsquo;\u00e9quipe de Football \u00e0 5 d&rsquo;Handisport Lyonnais\"}]},{\"@type\":\"WebSite\",\"@id\":\"https:\/\/newsestlyonnais.fr\/site\/#website\",\"url\":\"https:\/\/newsestlyonnais.fr\/site\/\",\"name\":\"News Est Lyonnais\",\"description\":\"L&#039;actualit\u00e9 au plus pr\u00e8s\",\"publisher\":{\"@id\":\"https:\/\/newsestlyonnais.fr\/site\/#organization\"},\"potentialAction\":[{\"@type\":\"SearchAction\",\"target\":{\"@type\":\"EntryPoint\",\"urlTemplate\":\"https:\/\/newsestlyonnais.fr\/site\/?s={search_term_string}\"},\"query-input\":{\"@type\":\"PropertyValueSpecification\",\"valueRequired\":true,\"valueName\":\"search_term_string\"}}],\"inLanguage\":\"fr-FR\"},{\"@type\":\"Organization\",\"@id\":\"https:\/\/newsestlyonnais.fr\/site\/#organization\",\"name\":\"News EST LYONNAIS\",\"url\":\"https:\/\/newsestlyonnais.fr\/site\/\",\"logo\":{\"@type\":\"ImageObject\",\"inLanguage\":\"fr-FR\",\"@id\":\"https:\/\/newsestlyonnais.fr\/site\/#\/schema\/logo\/image\/\",\"url\":\"\",\"contentUrl\":\"\",\"caption\":\"News EST LYONNAIS\"},\"image\":{\"@id\":\"https:\/\/newsestlyonnais.fr\/site\/#\/schema\/logo\/image\/\"}},{\"@type\":\"Person\",\"@id\":\"https:\/\/newsestlyonnais.fr\/site\/#\/schema\/person\/3230d5615f390bb808365d673001e887\",\"name\":\"R\u00e9dac. NEWS\",\"sameAs\":[\"http:\/\/www.newsestlyonnais.fr\",\"https:\/\/www.facebook.com\/pascal.oberson.1?fref=ts\",\"https:\/\/fr.linkedin.com\/in\/pascal-oberson-b17045113\"],\"url\":\"https:\/\/newsestlyonnais.fr\/site\/author\/nel\/\"}]}<\/script>\n<!-- \/ Yoast SEO plugin. -->","yoast_head_json":{"title":"LYON | Carton plein pour l'\u00e9quipe de Football \u00e0 5 d'Handisport Lyonnais - News Est Lyonnais","description":"LYON | Carton plein pour l'\u00e9quipe de Football \u00e0 5 d'Handisport Lyonnais","robots":{"index":"index","follow":"follow","max-snippet":"max-snippet:-1","max-image-preview":"max-image-preview:large","max-video-preview":"max-video-preview:-1"},"canonical":"https:\/\/newsestlyonnais.fr\/site\/2020\/02\/20\/lyon-carton-plein-pour-lequipe-de-football-a-5-dhandisport-lyonnais\/","og_locale":"fr_FR","og_type":"article","og_title":"LYON | Carton plein pour l'\u00e9quipe de Football \u00e0 5 d'Handisport Lyonnais - News Est Lyonnais","og_description":"LYON | Carton plein pour l'\u00e9quipe de Football \u00e0 5 d'Handisport Lyonnais","og_url":"https:\/\/newsestlyonnais.fr\/site\/2020\/02\/20\/lyon-carton-plein-pour-lequipe-de-football-a-5-dhandisport-lyonnais\/","og_site_name":"News Est Lyonnais","article_author":"https:\/\/www.facebook.com\/pascal.oberson.1?fref=ts","article_published_time":"2020-02-20T07:14:34+00:00","article_modified_time":"2020-11-12T13:54:08+00:00","og_image":[{"width":500,"height":374,"url":"https:\/\/i1.wp.com\/newsestlyonnais.fr\/site\/wp-content\/uploads\/2020\/02\/NEWSESTLYONNAIS-FOOT-HANDISPORT.jpg?fit=500%2C374&ssl=1","type":"image\/jpeg"}],"author":"R\u00e9dac. NEWS","twitter_card":"summary_large_image","twitter_misc":{"\u00c9crit par":"R\u00e9dac. NEWS","Dur\u00e9e de lecture estim\u00e9e":"1 minute"},"schema":{"@context":"https:\/\/schema.org","@graph":[{"@type":"Article","@id":"https:\/\/newsestlyonnais.fr\/site\/2020\/02\/20\/lyon-carton-plein-pour-lequipe-de-football-a-5-dhandisport-lyonnais\/#article","isPartOf":{"@id":"https:\/\/newsestlyonnais.fr\/site\/2020\/02\/20\/lyon-carton-plein-pour-lequipe-de-football-a-5-dhandisport-lyonnais\/"},"author":{"name":"R\u00e9dac. NEWS","@id":"https:\/\/newsestlyonnais.fr\/site\/#\/schema\/person\/3230d5615f390bb808365d673001e887"},"headline":"LYON | Carton plein pour l&rsquo;\u00e9quipe de Football \u00e0 5 d&rsquo;Handisport Lyonnais","datePublished":"2020-02-20T07:14:34+00:00","dateModified":"2020-11-12T13:54:08+00:00","mainEntityOfPage":{"@id":"https:\/\/newsestlyonnais.fr\/site\/2020\/02\/20\/lyon-carton-plein-pour-lequipe-de-football-a-5-dhandisport-lyonnais\/"},"wordCount":157,"commentCount":0,"publisher":{"@id":"https:\/\/newsestlyonnais.fr\/site\/#organization"},"image":{"@id":"https:\/\/newsestlyonnais.fr\/site\/2020\/02\/20\/lyon-carton-plein-pour-lequipe-de-football-a-5-dhandisport-lyonnais\/#primaryimage"},"thumbnailUrl":"https:\/\/newsestlyonnais.fr\/site\/wp-content\/uploads\/2020\/02\/NEWSESTLYONNAIS-FOOT-HANDISPORT.jpg","articleSection":["Autres sports","Divers Sports","Foot | Rugby","Handi &amp; adapt\u00e9","Lyon"],"inLanguage":"fr-FR","potentialAction":[{"@type":"CommentAction","name":"Comment","target":["https:\/\/newsestlyonnais.fr\/site\/2020\/02\/20\/lyon-carton-plein-pour-lequipe-de-football-a-5-dhandisport-lyonnais\/#respond"]}]},{"@type":"WebPage","@id":"https:\/\/newsestlyonnais.fr\/site\/2020\/02\/20\/lyon-carton-plein-pour-lequipe-de-football-a-5-dhandisport-lyonnais\/","url":"https:\/\/newsestlyonnais.fr\/site\/2020\/02\/20\/lyon-carton-plein-pour-lequipe-de-football-a-5-dhandisport-lyonnais\/","name":"LYON | Carton plein pour l'\u00e9quipe de Football \u00e0 5 d'Handisport Lyonnais - News Est Lyonnais","isPartOf":{"@id":"https:\/\/newsestlyonnais.fr\/site\/#website"},"primaryImageOfPage":{"@id":"https:\/\/newsestlyonnais.fr\/site\/2020\/02\/20\/lyon-carton-plein-pour-lequipe-de-football-a-5-dhandisport-lyonnais\/#primaryimage"},"image":{"@id":"https:\/\/newsestlyonnais.fr\/site\/2020\/02\/20\/lyon-carton-plein-pour-lequipe-de-football-a-5-dhandisport-lyonnais\/#primaryimage"},"thumbnailUrl":"https:\/\/newsestlyonnais.fr\/site\/wp-content\/uploads\/2020\/02\/NEWSESTLYONNAIS-FOOT-HANDISPORT.jpg","datePublished":"2020-02-20T07:14:34+00:00","dateModified":"2020-11-12T13:54:08+00:00","description":"LYON | Carton plein pour l'\u00e9quipe de Football \u00e0 5 d'Handisport Lyonnais","breadcrumb":{"@id":"https:\/\/newsestlyonnais.fr\/site\/2020\/02\/20\/lyon-carton-plein-pour-lequipe-de-football-a-5-dhandisport-lyonnais\/#breadcrumb"},"inLanguage":"fr-FR","potentialAction":[{"@type":"ReadAction","target":["https:\/\/newsestlyonnais.fr\/site\/2020\/02\/20\/lyon-carton-plein-pour-lequipe-de-football-a-5-dhandisport-lyonnais\/"]}]},{"@type":"ImageObject","inLanguage":"fr-FR","@id":"https:\/\/newsestlyonnais.fr\/site\/2020\/02\/20\/lyon-carton-plein-pour-lequipe-de-football-a-5-dhandisport-lyonnais\/#primaryimage","url":"https:\/\/newsestlyonnais.fr\/site\/wp-content\/uploads\/2020\/02\/NEWSESTLYONNAIS-FOOT-HANDISPORT.jpg","contentUrl":"https:\/\/newsestlyonnais.fr\/site\/wp-content\/uploads\/2020\/02\/NEWSESTLYONNAIS-FOOT-HANDISPORT.jpg","width":500,"height":374},{"@type":"BreadcrumbList","@id":"https:\/\/newsestlyonnais.fr\/site\/2020\/02\/20\/lyon-carton-plein-pour-lequipe-de-football-a-5-dhandisport-lyonnais\/#breadcrumb","itemListElement":[{"@type":"ListItem","position":1,"name":"Accueil","item":"https:\/\/newsestlyonnais.fr\/site\/"},{"@type":"ListItem","position":2,"name":"LYON | Carton plein pour l&rsquo;\u00e9quipe de Football \u00e0 5 d&rsquo;Handisport Lyonnais"}]},{"@type":"WebSite","@id":"https:\/\/newsestlyonnais.fr\/site\/#website","url":"https:\/\/newsestlyonnais.fr\/site\/","name":"News Est Lyonnais","description":"L&#039;actualit\u00e9 au plus pr\u00e8s","publisher":{"@id":"https:\/\/newsestlyonnais.fr\/site\/#organization"},"potentialAction":[{"@type":"SearchAction","target":{"@type":"EntryPoint","urlTemplate":"https:\/\/newsestlyonnais.fr\/site\/?s={search_term_string}"},"query-input":{"@type":"PropertyValueSpecification","valueRequired":true,"valueName":"search_term_string"}}],"inLanguage":"fr-FR"},{"@type":"Organization","@id":"https:\/\/newsestlyonnais.fr\/site\/#organization","name":"News EST LYONNAIS","url":"https:\/\/newsestlyonnais.fr\/site\/","logo":{"@type":"ImageObject","inLanguage":"fr-FR","@id":"https:\/\/newsestlyonnais.fr\/site\/#\/schema\/logo\/image\/","url":"","contentUrl":"","caption":"News EST LYONNAIS"},"image":{"@id":"https:\/\/newsestlyonnais.fr\/site\/#\/schema\/logo\/image\/"}},{"@type":"Person","@id":"https:\/\/newsestlyonnais.fr\/site\/#\/schema\/person\/3230d5615f390bb808365d673001e887","name":"R\u00e9dac. NEWS","sameAs":["http:\/\/www.newsestlyonnais.fr","https:\/\/www.facebook.com\/pascal.oberson.1?fref=ts","https:\/\/fr.linkedin.com\/in\/pascal-oberson-b17045113"],"url":"https:\/\/newsestlyonnais.fr\/site\/author\/nel\/"}]}},"_links":{"self":[{"href":"https:\/\/newsestlyonnais.fr\/site\/wp-json\/wp\/v2\/posts\/95844","targetHints":{"allow":["GET"]}}],"collection":[{"href":"https:\/\/newsestlyonnais.fr\/site\/wp-json\/wp\/v2\/posts"}],"about":[{"href":"https:\/\/newsestlyonnais.fr\/site\/wp-json\/wp\/v2\/types\/post"}],"author":[{"embeddable":true,"href":"https:\/\/newsestlyonnais.fr\/site\/wp-json\/wp\/v2\/users\/4"}],"replies":[{"embeddable":true,"href":"https:\/\/newsestlyonnais.fr\/site\/wp-json\/wp\/v2\/comments?post=95844"}],"version-history":[{"count":0,"href":"https:\/\/newsestlyonnais.fr\/site\/wp-json\/wp\/v2\/posts\/95844\/revisions"}],"wp:featuredmedia":[{"embeddable":true,"href":"https:\/\/newsestlyonnais.fr\/site\/wp-json\/wp\/v2\/media\/95845"}],"wp:attachment":[{"href":"https:\/\/newsestlyonnais.fr\/site\/wp-json\/wp\/v2\/media?parent=95844"}],"wp:term":[{"taxonomy":"category","embeddable":true,"href":"https:\/\/newsestlyonnais.fr\/site\/wp-json\/wp\/v2\/categories?post=95844"},{"taxonomy":"post_tag","embeddable":true,"href":"https:\/\/newsestlyonnais.fr\/site\/wp-json\/wp\/v2\/tags?post=95844"}],"curies":[{"name":"wp","href":"https:\/\/api.w.org\/{rel}","templated":true}]}}