{"id":95867,"date":"2020-01-14T11:16:00","date_gmt":"2020-01-14T10:16:00","guid":{"rendered":"http:\/\/newsestlyonnais.fr\/site\/?p=95867"},"modified":"2020-05-10T16:09:03","modified_gmt":"2020-05-10T15:09:03","slug":"venissieux-10-marche-nordique-sur-le-plateau-des-grandes-terres","status":"publish","type":"post","link":"https:\/\/newsestlyonnais.fr\/site\/2020\/01\/14\/venissieux-10-marche-nordique-sur-le-plateau-des-grandes-terres\/","title":{"rendered":"VENISSIEUX | 10\u00b0 Marche nordique Plateau Grandes Terres"},"content":{"rendered":"<p>Celle-ci se d\u00e9roulera sur le Plateau des Grandes Terres (espace nature sur Feyzin et V\u00e9nissieux), avec d\u00e9part du gymnase Alain Colas \u00e0 V\u00e9nissieux.<\/p>\n<p><strong>Trois parcours sont propos\u00e9s<\/strong> :<\/p>\n<ul>\n<li>11 km chronom\u00e9tr\u00e9.<\/li>\n<li>10 km loisir (parcours passant dans le Fort de Feyzin).<\/li>\n<li>6 km d\u00e9couverte encadr\u00e9 par des entra\u00eeneurs f\u00e9d\u00e9raux marche nordique.<\/li>\n<\/ul>\n<p><span style=\"text-decoration: underline\"><strong>Les nouveaut\u00e9s de cette 10\u00b0 \u00e9dition<\/strong><\/span> :<\/p>\n<ul>\n<li>l\u2019\u00e9preuve chronom\u00e9tr\u00e9e a \u00e9t\u00e9 r\u00e9duite pour diminuer le bitume (d\u00e9part \u00e0 900 m\u00e8tres du gymnase).<\/li>\n<li>le 10 km loisir passe dans le Fort de Feyzin<\/li>\n<li>un jeu : questions pour un marcheur avec des lots \u00e0 gagner.<\/li>\n<\/ul>\n<p><span style=\"text-decoration: underline\"><strong>Dimanche 5 avril 2020, le programme<\/strong><\/span> :<\/p>\n<ul>\n<li>D\u00e8s 7 h 45 : Inscriptions<\/li>\n<li>9 h : circuit 11 km chronom\u00e9tr\u00e9<\/li>\n<li>9 h 15 : circuit 10 km loisir<\/li>\n<li>10 h : circuit 6 km d\u00e9couverte<\/li>\n<\/ul>\n<p><strong>A noter<\/strong> :<\/p>\n<ul>\n<li><strong>Buffet<\/strong> \u00e0 l&rsquo;arriv\u00e9e \/ <strong>Pr\u00eat de b\u00e2tons<\/strong> sur pr\u00e9sentation de la carte d\u2019identit\u00e9\/d&rsquo;un ch\u00e8que de caution.<br \/>\n<strong>Lieu de d\u00e9part<\/strong> : Gymnase Alain Colas, avenue Jean Moulin \u00e0 V\u00e9nissieux.<br \/>\n<strong>Tarif<\/strong> : 8 euros avant le 4 avril et 10 euros le jour m\u00eame.<br \/>\n<strong>Site web<\/strong> : <a href=\"http:\/\/afafeyzin.free.fr\">http:\/\/afafeyzin.free.fr<\/a><br \/>\n<strong>Contact<\/strong> : Jean-Louis Perrin \/ <strong>Email<\/strong> : afafeyzin@free.fr \/ <strong>T\u00e9l<\/strong> : 04 78 70 81 08<\/li>\n<\/ul>\n<div id='gallery-1' class='gallery galleryid-95867 gallery-columns-3 gallery-size-thumbnail'><figure class='gallery-item'>\n\t\t\t<div class='gallery-icon landscape'>\n\t\t\t\t<a href='https:\/\/newsestlyonnais.fr\/site\/2020\/01\/14\/venissieux-10-marche-nordique-sur-le-plateau-des-grandes-terres\/newsestlyonnais-marche-nord-vx-2020-a\/'><img loading=\"lazy\" decoding=\"async\" width=\"150\" height=\"100\" src=\"https:\/\/newsestlyonnais.fr\/site\/wp-content\/uploads\/2020\/02\/NEWSESTLYONNAIS-MARCHE-NORD-VX-2020-A-250x167.jpg\" class=\"attachment-thumbnail size-thumbnail\" alt=\"\" srcset=\"https:\/\/newsestlyonnais.fr\/site\/wp-content\/uploads\/2020\/02\/NEWSESTLYONNAIS-MARCHE-NORD-VX-2020-A-250x167.jpg 250w, https:\/\/newsestlyonnais.fr\/site\/wp-content\/uploads\/2020\/02\/NEWSESTLYONNAIS-MARCHE-NORD-VX-2020-A-400x267.jpg 400w, https:\/\/newsestlyonnais.fr\/site\/wp-content\/uploads\/2020\/02\/NEWSESTLYONNAIS-MARCHE-NORD-VX-2020-A-650x433.jpg 650w, https:\/\/newsestlyonnais.fr\/site\/wp-content\/uploads\/2020\/02\/NEWSESTLYONNAIS-MARCHE-NORD-VX-2020-A-768x512.jpg 768w, https:\/\/newsestlyonnais.fr\/site\/wp-content\/uploads\/2020\/02\/NEWSESTLYONNAIS-MARCHE-NORD-VX-2020-A-150x100.jpg 150w, https:\/\/newsestlyonnais.fr\/site\/wp-content\/uploads\/2020\/02\/NEWSESTLYONNAIS-MARCHE-NORD-VX-2020-A-50x33.jpg 50w, https:\/\/newsestlyonnais.fr\/site\/wp-content\/uploads\/2020\/02\/NEWSESTLYONNAIS-MARCHE-NORD-VX-2020-A-100x67.jpg 100w, https:\/\/newsestlyonnais.fr\/site\/wp-content\/uploads\/2020\/02\/NEWSESTLYONNAIS-MARCHE-NORD-VX-2020-A-200x133.jpg 200w, https:\/\/newsestlyonnais.fr\/site\/wp-content\/uploads\/2020\/02\/NEWSESTLYONNAIS-MARCHE-NORD-VX-2020-A-300x200.jpg 300w, https:\/\/newsestlyonnais.fr\/site\/wp-content\/uploads\/2020\/02\/NEWSESTLYONNAIS-MARCHE-NORD-VX-2020-A-350x233.jpg 350w, https:\/\/newsestlyonnais.fr\/site\/wp-content\/uploads\/2020\/02\/NEWSESTLYONNAIS-MARCHE-NORD-VX-2020-A-450x300.jpg 450w, https:\/\/newsestlyonnais.fr\/site\/wp-content\/uploads\/2020\/02\/NEWSESTLYONNAIS-MARCHE-NORD-VX-2020-A-500x333.jpg 500w, https:\/\/newsestlyonnais.fr\/site\/wp-content\/uploads\/2020\/02\/NEWSESTLYONNAIS-MARCHE-NORD-VX-2020-A-550x367.jpg 550w, https:\/\/newsestlyonnais.fr\/site\/wp-content\/uploads\/2020\/02\/NEWSESTLYONNAIS-MARCHE-NORD-VX-2020-A-800x533.jpg 800w, https:\/\/newsestlyonnais.fr\/site\/wp-content\/uploads\/2020\/02\/NEWSESTLYONNAIS-MARCHE-NORD-VX-2020-A.jpg 1200w\" sizes=\"auto, (max-width: 150px) 100vw, 150px\" \/><\/a>\n\t\t\t<\/div><\/figure><figure class='gallery-item'>\n\t\t\t<div class='gallery-icon landscape'>\n\t\t\t\t<a href='https:\/\/newsestlyonnais.fr\/site\/2020\/01\/14\/venissieux-10-marche-nordique-sur-le-plateau-des-grandes-terres\/newsestlyonnais-marche-nord-vx-2020-b\/'><img loading=\"lazy\" decoding=\"async\" width=\"150\" height=\"100\" src=\"https:\/\/newsestlyonnais.fr\/site\/wp-content\/uploads\/2020\/02\/NEWSESTLYONNAIS-MARCHE-NORD-VX-2020-B-250x167.jpg\" class=\"attachment-thumbnail size-thumbnail\" alt=\"\" srcset=\"https:\/\/newsestlyonnais.fr\/site\/wp-content\/uploads\/2020\/02\/NEWSESTLYONNAIS-MARCHE-NORD-VX-2020-B-250x167.jpg 250w, https:\/\/newsestlyonnais.fr\/site\/wp-content\/uploads\/2020\/02\/NEWSESTLYONNAIS-MARCHE-NORD-VX-2020-B-400x267.jpg 400w, https:\/\/newsestlyonnais.fr\/site\/wp-content\/uploads\/2020\/02\/NEWSESTLYONNAIS-MARCHE-NORD-VX-2020-B-650x433.jpg 650w, https:\/\/newsestlyonnais.fr\/site\/wp-content\/uploads\/2020\/02\/NEWSESTLYONNAIS-MARCHE-NORD-VX-2020-B-768x512.jpg 768w, https:\/\/newsestlyonnais.fr\/site\/wp-content\/uploads\/2020\/02\/NEWSESTLYONNAIS-MARCHE-NORD-VX-2020-B-150x100.jpg 150w, https:\/\/newsestlyonnais.fr\/site\/wp-content\/uploads\/2020\/02\/NEWSESTLYONNAIS-MARCHE-NORD-VX-2020-B-50x33.jpg 50w, https:\/\/newsestlyonnais.fr\/site\/wp-content\/uploads\/2020\/02\/NEWSESTLYONNAIS-MARCHE-NORD-VX-2020-B-100x67.jpg 100w, https:\/\/newsestlyonnais.fr\/site\/wp-content\/uploads\/2020\/02\/NEWSESTLYONNAIS-MARCHE-NORD-VX-2020-B-200x133.jpg 200w, https:\/\/newsestlyonnais.fr\/site\/wp-content\/uploads\/2020\/02\/NEWSESTLYONNAIS-MARCHE-NORD-VX-2020-B-300x200.jpg 300w, https:\/\/newsestlyonnais.fr\/site\/wp-content\/uploads\/2020\/02\/NEWSESTLYONNAIS-MARCHE-NORD-VX-2020-B-350x233.jpg 350w, https:\/\/newsestlyonnais.fr\/site\/wp-content\/uploads\/2020\/02\/NEWSESTLYONNAIS-MARCHE-NORD-VX-2020-B-450x300.jpg 450w, https:\/\/newsestlyonnais.fr\/site\/wp-content\/uploads\/2020\/02\/NEWSESTLYONNAIS-MARCHE-NORD-VX-2020-B-500x333.jpg 500w, https:\/\/newsestlyonnais.fr\/site\/wp-content\/uploads\/2020\/02\/NEWSESTLYONNAIS-MARCHE-NORD-VX-2020-B-550x367.jpg 550w, https:\/\/newsestlyonnais.fr\/site\/wp-content\/uploads\/2020\/02\/NEWSESTLYONNAIS-MARCHE-NORD-VX-2020-B-800x533.jpg 800w, https:\/\/newsestlyonnais.fr\/site\/wp-content\/uploads\/2020\/02\/NEWSESTLYONNAIS-MARCHE-NORD-VX-2020-B.jpg 1200w\" sizes=\"auto, (max-width: 150px) 100vw, 150px\" \/><\/a>\n\t\t\t<\/div><\/figure>\n\t\t<\/div>\n\n<p>&nbsp;<\/p>\n","protected":false},"excerpt":{"rendered":"<p>Une manifestation organis\u00e9e par l&rsquo;AFA Feyzin-V\u00e9nissieux et la ville de V\u00e9nissieux avec le concours de la Ville de Feyzin et l\u2019Office municipal du sport de V\u00e9nissieux.<\/p>\n","protected":false},"author":4,"featured_media":95869,"comment_status":"open","ping_status":"open","sticky":false,"template":"","format":"standard","meta":{"footnotes":""},"categories":[2968,1287,1298],"tags":[],"class_list":["post-95867","post","type-post","status-publish","format-standard","has-post-thumbnail","hentry","category-athle-course-pied-marche","category-corbas-feyzin","category-venissieux"],"yoast_head":"<!-- This site is optimized with the Yoast SEO plugin v27.2 - https:\/\/yoast.com\/product\/yoast-seo-wordpress\/ -->\n<title>VENISSIEUX | 10\u00b0 Marche nordique Plateau Grandes Terres - News Est Lyonnais<\/title>\n<meta name=\"description\" content=\"VENISSIEUX | 10\u00b0 Marche nordique sur le Plateau des Grandes Terres\" \/>\n<meta name=\"robots\" content=\"index, follow, max-snippet:-1, max-image-preview:large, max-video-preview:-1\" \/>\n<link rel=\"canonical\" href=\"https:\/\/newsestlyonnais.fr\/site\/2020\/01\/14\/venissieux-10-marche-nordique-sur-le-plateau-des-grandes-terres\/\" \/>\n<meta property=\"og:locale\" content=\"fr_FR\" \/>\n<meta property=\"og:type\" content=\"article\" \/>\n<meta property=\"og:title\" content=\"VENISSIEUX | 10\u00b0 Marche nordique Plateau Grandes Terres - News Est Lyonnais\" \/>\n<meta property=\"og:description\" content=\"VENISSIEUX | 10\u00b0 Marche nordique sur le Plateau des Grandes Terres\" \/>\n<meta property=\"og:url\" content=\"https:\/\/newsestlyonnais.fr\/site\/2020\/01\/14\/venissieux-10-marche-nordique-sur-le-plateau-des-grandes-terres\/\" \/>\n<meta property=\"og:site_name\" content=\"News Est Lyonnais\" \/>\n<meta property=\"article:author\" content=\"https:\/\/www.facebook.com\/pascal.oberson.1?fref=ts\" \/>\n<meta property=\"article:published_time\" content=\"2020-01-14T10:16:00+00:00\" \/>\n<meta property=\"article:modified_time\" content=\"2020-05-10T15:09:03+00:00\" \/>\n<meta property=\"og:image\" content=\"https:\/\/i0.wp.com\/newsestlyonnais.fr\/site\/wp-content\/uploads\/2020\/02\/NEWSESTLYONNAIS-MARCHE-NORD-VX-2020.jpg?fit=800%2C1200&ssl=1\" \/>\n\t<meta property=\"og:image:width\" content=\"800\" \/>\n\t<meta property=\"og:image:height\" content=\"1200\" \/>\n\t<meta property=\"og:image:type\" content=\"image\/jpeg\" \/>\n<meta name=\"author\" content=\"R\u00e9dac. NEWS\" \/>\n<meta name=\"twitter:card\" content=\"summary_large_image\" \/>\n<meta name=\"twitter:label1\" content=\"\u00c9crit par\" \/>\n\t<meta name=\"twitter:data1\" content=\"R\u00e9dac. NEWS\" \/>\n\t<meta name=\"twitter:label2\" content=\"Dur\u00e9e de lecture estim\u00e9e\" \/>\n\t<meta name=\"twitter:data2\" content=\"1 minute\" \/>\n<script type=\"application\/ld+json\" class=\"yoast-schema-graph\">{\"@context\":\"https:\/\/schema.org\",\"@graph\":[{\"@type\":\"Article\",\"@id\":\"https:\/\/newsestlyonnais.fr\/site\/2020\/01\/14\/venissieux-10-marche-nordique-sur-le-plateau-des-grandes-terres\/#article\",\"isPartOf\":{\"@id\":\"https:\/\/newsestlyonnais.fr\/site\/2020\/01\/14\/venissieux-10-marche-nordique-sur-le-plateau-des-grandes-terres\/\"},\"author\":{\"name\":\"R\u00e9dac. NEWS\",\"@id\":\"https:\/\/newsestlyonnais.fr\/site\/#\/schema\/person\/3230d5615f390bb808365d673001e887\"},\"headline\":\"VENISSIEUX | 10\u00b0 Marche nordique Plateau Grandes Terres\",\"datePublished\":\"2020-01-14T10:16:00+00:00\",\"dateModified\":\"2020-05-10T15:09:03+00:00\",\"mainEntityOfPage\":{\"@id\":\"https:\/\/newsestlyonnais.fr\/site\/2020\/01\/14\/venissieux-10-marche-nordique-sur-le-plateau-des-grandes-terres\/\"},\"wordCount\":196,\"commentCount\":0,\"publisher\":{\"@id\":\"https:\/\/newsestlyonnais.fr\/site\/#organization\"},\"image\":{\"@id\":\"https:\/\/newsestlyonnais.fr\/site\/2020\/01\/14\/venissieux-10-marche-nordique-sur-le-plateau-des-grandes-terres\/#primaryimage\"},\"thumbnailUrl\":\"https:\/\/newsestlyonnais.fr\/site\/wp-content\/uploads\/2020\/02\/NEWSESTLYONNAIS-MARCHE-NORD-VX-2020.jpg\",\"articleSection\":[\"Athl\u00e9 | Course pied | Marche\",\"Corbas | Feyzin\",\"V\u00e9nissieux\"],\"inLanguage\":\"fr-FR\",\"potentialAction\":[{\"@type\":\"CommentAction\",\"name\":\"Comment\",\"target\":[\"https:\/\/newsestlyonnais.fr\/site\/2020\/01\/14\/venissieux-10-marche-nordique-sur-le-plateau-des-grandes-terres\/#respond\"]}]},{\"@type\":\"WebPage\",\"@id\":\"https:\/\/newsestlyonnais.fr\/site\/2020\/01\/14\/venissieux-10-marche-nordique-sur-le-plateau-des-grandes-terres\/\",\"url\":\"https:\/\/newsestlyonnais.fr\/site\/2020\/01\/14\/venissieux-10-marche-nordique-sur-le-plateau-des-grandes-terres\/\",\"name\":\"VENISSIEUX | 10\u00b0 Marche nordique Plateau Grandes Terres - News Est Lyonnais\",\"isPartOf\":{\"@id\":\"https:\/\/newsestlyonnais.fr\/site\/#website\"},\"primaryImageOfPage\":{\"@id\":\"https:\/\/newsestlyonnais.fr\/site\/2020\/01\/14\/venissieux-10-marche-nordique-sur-le-plateau-des-grandes-terres\/#primaryimage\"},\"image\":{\"@id\":\"https:\/\/newsestlyonnais.fr\/site\/2020\/01\/14\/venissieux-10-marche-nordique-sur-le-plateau-des-grandes-terres\/#primaryimage\"},\"thumbnailUrl\":\"https:\/\/newsestlyonnais.fr\/site\/wp-content\/uploads\/2020\/02\/NEWSESTLYONNAIS-MARCHE-NORD-VX-2020.jpg\",\"datePublished\":\"2020-01-14T10:16:00+00:00\",\"dateModified\":\"2020-05-10T15:09:03+00:00\",\"description\":\"VENISSIEUX | 10\u00b0 Marche nordique sur le Plateau des Grandes Terres\",\"breadcrumb\":{\"@id\":\"https:\/\/newsestlyonnais.fr\/site\/2020\/01\/14\/venissieux-10-marche-nordique-sur-le-plateau-des-grandes-terres\/#breadcrumb\"},\"inLanguage\":\"fr-FR\",\"potentialAction\":[{\"@type\":\"ReadAction\",\"target\":[\"https:\/\/newsestlyonnais.fr\/site\/2020\/01\/14\/venissieux-10-marche-nordique-sur-le-plateau-des-grandes-terres\/\"]}]},{\"@type\":\"ImageObject\",\"inLanguage\":\"fr-FR\",\"@id\":\"https:\/\/newsestlyonnais.fr\/site\/2020\/01\/14\/venissieux-10-marche-nordique-sur-le-plateau-des-grandes-terres\/#primaryimage\",\"url\":\"https:\/\/newsestlyonnais.fr\/site\/wp-content\/uploads\/2020\/02\/NEWSESTLYONNAIS-MARCHE-NORD-VX-2020.jpg\",\"contentUrl\":\"https:\/\/newsestlyonnais.fr\/site\/wp-content\/uploads\/2020\/02\/NEWSESTLYONNAIS-MARCHE-NORD-VX-2020.jpg\",\"width\":800,\"height\":1200},{\"@type\":\"BreadcrumbList\",\"@id\":\"https:\/\/newsestlyonnais.fr\/site\/2020\/01\/14\/venissieux-10-marche-nordique-sur-le-plateau-des-grandes-terres\/#breadcrumb\",\"itemListElement\":[{\"@type\":\"ListItem\",\"position\":1,\"name\":\"Accueil\",\"item\":\"https:\/\/newsestlyonnais.fr\/site\/\"},{\"@type\":\"ListItem\",\"position\":2,\"name\":\"VENISSIEUX | 10\u00b0 Marche nordique Plateau Grandes Terres\"}]},{\"@type\":\"WebSite\",\"@id\":\"https:\/\/newsestlyonnais.fr\/site\/#website\",\"url\":\"https:\/\/newsestlyonnais.fr\/site\/\",\"name\":\"News Est Lyonnais\",\"description\":\"L&#039;actualit\u00e9 au plus pr\u00e8s\",\"publisher\":{\"@id\":\"https:\/\/newsestlyonnais.fr\/site\/#organization\"},\"potentialAction\":[{\"@type\":\"SearchAction\",\"target\":{\"@type\":\"EntryPoint\",\"urlTemplate\":\"https:\/\/newsestlyonnais.fr\/site\/?s={search_term_string}\"},\"query-input\":{\"@type\":\"PropertyValueSpecification\",\"valueRequired\":true,\"valueName\":\"search_term_string\"}}],\"inLanguage\":\"fr-FR\"},{\"@type\":\"Organization\",\"@id\":\"https:\/\/newsestlyonnais.fr\/site\/#organization\",\"name\":\"News EST LYONNAIS\",\"url\":\"https:\/\/newsestlyonnais.fr\/site\/\",\"logo\":{\"@type\":\"ImageObject\",\"inLanguage\":\"fr-FR\",\"@id\":\"https:\/\/newsestlyonnais.fr\/site\/#\/schema\/logo\/image\/\",\"url\":\"\",\"contentUrl\":\"\",\"caption\":\"News EST LYONNAIS\"},\"image\":{\"@id\":\"https:\/\/newsestlyonnais.fr\/site\/#\/schema\/logo\/image\/\"}},{\"@type\":\"Person\",\"@id\":\"https:\/\/newsestlyonnais.fr\/site\/#\/schema\/person\/3230d5615f390bb808365d673001e887\",\"name\":\"R\u00e9dac. NEWS\",\"sameAs\":[\"http:\/\/www.newsestlyonnais.fr\",\"https:\/\/www.facebook.com\/pascal.oberson.1?fref=ts\",\"https:\/\/fr.linkedin.com\/in\/pascal-oberson-b17045113\"],\"url\":\"https:\/\/newsestlyonnais.fr\/site\/author\/nel\/\"}]}<\/script>\n<!-- \/ Yoast SEO plugin. -->","yoast_head_json":{"title":"VENISSIEUX | 10\u00b0 Marche nordique Plateau Grandes Terres - News Est Lyonnais","description":"VENISSIEUX | 10\u00b0 Marche nordique sur le Plateau des Grandes Terres","robots":{"index":"index","follow":"follow","max-snippet":"max-snippet:-1","max-image-preview":"max-image-preview:large","max-video-preview":"max-video-preview:-1"},"canonical":"https:\/\/newsestlyonnais.fr\/site\/2020\/01\/14\/venissieux-10-marche-nordique-sur-le-plateau-des-grandes-terres\/","og_locale":"fr_FR","og_type":"article","og_title":"VENISSIEUX | 10\u00b0 Marche nordique Plateau Grandes Terres - News Est Lyonnais","og_description":"VENISSIEUX | 10\u00b0 Marche nordique sur le Plateau des Grandes Terres","og_url":"https:\/\/newsestlyonnais.fr\/site\/2020\/01\/14\/venissieux-10-marche-nordique-sur-le-plateau-des-grandes-terres\/","og_site_name":"News Est Lyonnais","article_author":"https:\/\/www.facebook.com\/pascal.oberson.1?fref=ts","article_published_time":"2020-01-14T10:16:00+00:00","article_modified_time":"2020-05-10T15:09:03+00:00","og_image":[{"width":800,"height":1200,"url":"https:\/\/i0.wp.com\/newsestlyonnais.fr\/site\/wp-content\/uploads\/2020\/02\/NEWSESTLYONNAIS-MARCHE-NORD-VX-2020.jpg?fit=800%2C1200&ssl=1","type":"image\/jpeg"}],"author":"R\u00e9dac. NEWS","twitter_card":"summary_large_image","twitter_misc":{"\u00c9crit par":"R\u00e9dac. NEWS","Dur\u00e9e de lecture estim\u00e9e":"1 minute"},"schema":{"@context":"https:\/\/schema.org","@graph":[{"@type":"Article","@id":"https:\/\/newsestlyonnais.fr\/site\/2020\/01\/14\/venissieux-10-marche-nordique-sur-le-plateau-des-grandes-terres\/#article","isPartOf":{"@id":"https:\/\/newsestlyonnais.fr\/site\/2020\/01\/14\/venissieux-10-marche-nordique-sur-le-plateau-des-grandes-terres\/"},"author":{"name":"R\u00e9dac. NEWS","@id":"https:\/\/newsestlyonnais.fr\/site\/#\/schema\/person\/3230d5615f390bb808365d673001e887"},"headline":"VENISSIEUX | 10\u00b0 Marche nordique Plateau Grandes Terres","datePublished":"2020-01-14T10:16:00+00:00","dateModified":"2020-05-10T15:09:03+00:00","mainEntityOfPage":{"@id":"https:\/\/newsestlyonnais.fr\/site\/2020\/01\/14\/venissieux-10-marche-nordique-sur-le-plateau-des-grandes-terres\/"},"wordCount":196,"commentCount":0,"publisher":{"@id":"https:\/\/newsestlyonnais.fr\/site\/#organization"},"image":{"@id":"https:\/\/newsestlyonnais.fr\/site\/2020\/01\/14\/venissieux-10-marche-nordique-sur-le-plateau-des-grandes-terres\/#primaryimage"},"thumbnailUrl":"https:\/\/newsestlyonnais.fr\/site\/wp-content\/uploads\/2020\/02\/NEWSESTLYONNAIS-MARCHE-NORD-VX-2020.jpg","articleSection":["Athl\u00e9 | Course pied | Marche","Corbas | Feyzin","V\u00e9nissieux"],"inLanguage":"fr-FR","potentialAction":[{"@type":"CommentAction","name":"Comment","target":["https:\/\/newsestlyonnais.fr\/site\/2020\/01\/14\/venissieux-10-marche-nordique-sur-le-plateau-des-grandes-terres\/#respond"]}]},{"@type":"WebPage","@id":"https:\/\/newsestlyonnais.fr\/site\/2020\/01\/14\/venissieux-10-marche-nordique-sur-le-plateau-des-grandes-terres\/","url":"https:\/\/newsestlyonnais.fr\/site\/2020\/01\/14\/venissieux-10-marche-nordique-sur-le-plateau-des-grandes-terres\/","name":"VENISSIEUX | 10\u00b0 Marche nordique Plateau Grandes Terres - News Est Lyonnais","isPartOf":{"@id":"https:\/\/newsestlyonnais.fr\/site\/#website"},"primaryImageOfPage":{"@id":"https:\/\/newsestlyonnais.fr\/site\/2020\/01\/14\/venissieux-10-marche-nordique-sur-le-plateau-des-grandes-terres\/#primaryimage"},"image":{"@id":"https:\/\/newsestlyonnais.fr\/site\/2020\/01\/14\/venissieux-10-marche-nordique-sur-le-plateau-des-grandes-terres\/#primaryimage"},"thumbnailUrl":"https:\/\/newsestlyonnais.fr\/site\/wp-content\/uploads\/2020\/02\/NEWSESTLYONNAIS-MARCHE-NORD-VX-2020.jpg","datePublished":"2020-01-14T10:16:00+00:00","dateModified":"2020-05-10T15:09:03+00:00","description":"VENISSIEUX | 10\u00b0 Marche nordique sur le Plateau des Grandes Terres","breadcrumb":{"@id":"https:\/\/newsestlyonnais.fr\/site\/2020\/01\/14\/venissieux-10-marche-nordique-sur-le-plateau-des-grandes-terres\/#breadcrumb"},"inLanguage":"fr-FR","potentialAction":[{"@type":"ReadAction","target":["https:\/\/newsestlyonnais.fr\/site\/2020\/01\/14\/venissieux-10-marche-nordique-sur-le-plateau-des-grandes-terres\/"]}]},{"@type":"ImageObject","inLanguage":"fr-FR","@id":"https:\/\/newsestlyonnais.fr\/site\/2020\/01\/14\/venissieux-10-marche-nordique-sur-le-plateau-des-grandes-terres\/#primaryimage","url":"https:\/\/newsestlyonnais.fr\/site\/wp-content\/uploads\/2020\/02\/NEWSESTLYONNAIS-MARCHE-NORD-VX-2020.jpg","contentUrl":"https:\/\/newsestlyonnais.fr\/site\/wp-content\/uploads\/2020\/02\/NEWSESTLYONNAIS-MARCHE-NORD-VX-2020.jpg","width":800,"height":1200},{"@type":"BreadcrumbList","@id":"https:\/\/newsestlyonnais.fr\/site\/2020\/01\/14\/venissieux-10-marche-nordique-sur-le-plateau-des-grandes-terres\/#breadcrumb","itemListElement":[{"@type":"ListItem","position":1,"name":"Accueil","item":"https:\/\/newsestlyonnais.fr\/site\/"},{"@type":"ListItem","position":2,"name":"VENISSIEUX | 10\u00b0 Marche nordique Plateau Grandes Terres"}]},{"@type":"WebSite","@id":"https:\/\/newsestlyonnais.fr\/site\/#website","url":"https:\/\/newsestlyonnais.fr\/site\/","name":"News Est Lyonnais","description":"L&#039;actualit\u00e9 au plus pr\u00e8s","publisher":{"@id":"https:\/\/newsestlyonnais.fr\/site\/#organization"},"potentialAction":[{"@type":"SearchAction","target":{"@type":"EntryPoint","urlTemplate":"https:\/\/newsestlyonnais.fr\/site\/?s={search_term_string}"},"query-input":{"@type":"PropertyValueSpecification","valueRequired":true,"valueName":"search_term_string"}}],"inLanguage":"fr-FR"},{"@type":"Organization","@id":"https:\/\/newsestlyonnais.fr\/site\/#organization","name":"News EST LYONNAIS","url":"https:\/\/newsestlyonnais.fr\/site\/","logo":{"@type":"ImageObject","inLanguage":"fr-FR","@id":"https:\/\/newsestlyonnais.fr\/site\/#\/schema\/logo\/image\/","url":"","contentUrl":"","caption":"News EST LYONNAIS"},"image":{"@id":"https:\/\/newsestlyonnais.fr\/site\/#\/schema\/logo\/image\/"}},{"@type":"Person","@id":"https:\/\/newsestlyonnais.fr\/site\/#\/schema\/person\/3230d5615f390bb808365d673001e887","name":"R\u00e9dac. NEWS","sameAs":["http:\/\/www.newsestlyonnais.fr","https:\/\/www.facebook.com\/pascal.oberson.1?fref=ts","https:\/\/fr.linkedin.com\/in\/pascal-oberson-b17045113"],"url":"https:\/\/newsestlyonnais.fr\/site\/author\/nel\/"}]}},"_links":{"self":[{"href":"https:\/\/newsestlyonnais.fr\/site\/wp-json\/wp\/v2\/posts\/95867","targetHints":{"allow":["GET"]}}],"collection":[{"href":"https:\/\/newsestlyonnais.fr\/site\/wp-json\/wp\/v2\/posts"}],"about":[{"href":"https:\/\/newsestlyonnais.fr\/site\/wp-json\/wp\/v2\/types\/post"}],"author":[{"embeddable":true,"href":"https:\/\/newsestlyonnais.fr\/site\/wp-json\/wp\/v2\/users\/4"}],"replies":[{"embeddable":true,"href":"https:\/\/newsestlyonnais.fr\/site\/wp-json\/wp\/v2\/comments?post=95867"}],"version-history":[{"count":0,"href":"https:\/\/newsestlyonnais.fr\/site\/wp-json\/wp\/v2\/posts\/95867\/revisions"}],"wp:featuredmedia":[{"embeddable":true,"href":"https:\/\/newsestlyonnais.fr\/site\/wp-json\/wp\/v2\/media\/95869"}],"wp:attachment":[{"href":"https:\/\/newsestlyonnais.fr\/site\/wp-json\/wp\/v2\/media?parent=95867"}],"wp:term":[{"taxonomy":"category","embeddable":true,"href":"https:\/\/newsestlyonnais.fr\/site\/wp-json\/wp\/v2\/categories?post=95867"},{"taxonomy":"post_tag","embeddable":true,"href":"https:\/\/newsestlyonnais.fr\/site\/wp-json\/wp\/v2\/tags?post=95867"}],"curies":[{"name":"wp","href":"https:\/\/api.w.org\/{rel}","templated":true}]}}