{"id":95991,"date":"2020-02-23T19:24:46","date_gmt":"2020-02-23T18:24:46","guid":{"rendered":"http:\/\/newsestlyonnais.fr\/site\/?p=95991"},"modified":"2020-05-30T11:27:53","modified_gmt":"2020-05-30T10:27:53","slug":"genas-record-daffluence-a-la-bourse-expo-multicollections","status":"publish","type":"post","link":"https:\/\/newsestlyonnais.fr\/site\/2020\/02\/23\/genas-record-daffluence-a-la-bourse-expo-multicollections\/","title":{"rendered":"GENAS | Record d&rsquo;affluence \u00e0 la bourse-expo multicollections"},"content":{"rendered":"<p>\u00a0\u00bb C&rsquo;est une grosse ann\u00e9e avec 200 m\u00e8tres de lin\u00e9aire expos\u00e9s et il y avait de tout ! Toutes les collections \u00e9taient en effet pr\u00e9sentes, des timbres toujours majoritaires mais aussi cartes postales, monnaies, f\u00e8ves, bouchons de champagne, pin&rsquo;s, porte-cl\u00e9s, t\u00e9l\u00e9cartes, petites voitures mais aussi piluliers et poup\u00e9es. On a \u00e9t\u00e9 contraints de refuser du monde au niveau des exposants et on envisage de passer \u00e0 250 m\u00e8tres de lin\u00e9aire. Mais on souhaite rester raisonnable et ne pas devenir trop grand ! \u00a0\u00bb confie <span class=\"st\"><strong>Jo\u00ebl Reynaud<\/strong>, pr\u00e9sident de l&rsquo; Association Pluricollection de Genas-Chassieu (A.P.G.C.).<\/span><\/p>\n<p>Une manifestation qui aura connu un beau succ\u00e8s populaire les visiteurs ayant afflu\u00e9 tout au long de ce dernier dimanche de f\u00e9vrier.<\/p>\n<p>________________________________________________________________________________<\/p>\n<ul>\n<li><span style=\"font-size: 14pt\"><strong><em>Retrouvez l\u2019actualit\u00e9 de l\u2019association sur : <a href=\"http:\/\/apgc69.fr\">http:\/\/apgc69.fr<\/a><\/em><\/strong><\/span><\/li>\n<\/ul>\n<p>________________________________________________________________________________<\/p>\n<p><em><strong>NOTA<\/strong><\/em>: <span style=\"text-decoration: underline\">Prochaine bourse-expo<\/span> de l\u2019APCGC \/ Salle des F\u00eates de Chassieu \/ <span style=\"text-decoration: underline\">Dimanche 18 octobre 2020<\/span>.<\/p>\n<div id='gallery-1' class='gallery galleryid-95991 gallery-columns-3 gallery-size-thumbnail'><figure class='gallery-item'>\n\t\t\t<div class='gallery-icon landscape'>\n\t\t\t\t<a href='https:\/\/newsestlyonnais.fr\/site\/2020\/02\/23\/genas-record-daffluence-a-la-bourse-expo-multicollections\/newsestlyonnais-29-bourse-expo-01\/'><img loading=\"lazy\" decoding=\"async\" width=\"150\" height=\"100\" src=\"https:\/\/newsestlyonnais.fr\/site\/wp-content\/uploads\/2020\/02\/NEWSESTLYONNAIS-29-\u00b0-BOURSE-EXPO-01-250x167.jpg\" class=\"attachment-thumbnail size-thumbnail\" alt=\"\" aria-describedby=\"gallery-1-96002\" srcset=\"https:\/\/newsestlyonnais.fr\/site\/wp-content\/uploads\/2020\/02\/NEWSESTLYONNAIS-29-\u00b0-BOURSE-EXPO-01-250x167.jpg 250w, https:\/\/newsestlyonnais.fr\/site\/wp-content\/uploads\/2020\/02\/NEWSESTLYONNAIS-29-\u00b0-BOURSE-EXPO-01-400x267.jpg 400w, https:\/\/newsestlyonnais.fr\/site\/wp-content\/uploads\/2020\/02\/NEWSESTLYONNAIS-29-\u00b0-BOURSE-EXPO-01-650x433.jpg 650w, https:\/\/newsestlyonnais.fr\/site\/wp-content\/uploads\/2020\/02\/NEWSESTLYONNAIS-29-\u00b0-BOURSE-EXPO-01-768x512.jpg 768w, https:\/\/newsestlyonnais.fr\/site\/wp-content\/uploads\/2020\/02\/NEWSESTLYONNAIS-29-\u00b0-BOURSE-EXPO-01-150x100.jpg 150w, https:\/\/newsestlyonnais.fr\/site\/wp-content\/uploads\/2020\/02\/NEWSESTLYONNAIS-29-\u00b0-BOURSE-EXPO-01-50x33.jpg 50w, https:\/\/newsestlyonnais.fr\/site\/wp-content\/uploads\/2020\/02\/NEWSESTLYONNAIS-29-\u00b0-BOURSE-EXPO-01-100x67.jpg 100w, https:\/\/newsestlyonnais.fr\/site\/wp-content\/uploads\/2020\/02\/NEWSESTLYONNAIS-29-\u00b0-BOURSE-EXPO-01-200x133.jpg 200w, https:\/\/newsestlyonnais.fr\/site\/wp-content\/uploads\/2020\/02\/NEWSESTLYONNAIS-29-\u00b0-BOURSE-EXPO-01-300x200.jpg 300w, https:\/\/newsestlyonnais.fr\/site\/wp-content\/uploads\/2020\/02\/NEWSESTLYONNAIS-29-\u00b0-BOURSE-EXPO-01-350x233.jpg 350w, https:\/\/newsestlyonnais.fr\/site\/wp-content\/uploads\/2020\/02\/NEWSESTLYONNAIS-29-\u00b0-BOURSE-EXPO-01-450x300.jpg 450w, https:\/\/newsestlyonnais.fr\/site\/wp-content\/uploads\/2020\/02\/NEWSESTLYONNAIS-29-\u00b0-BOURSE-EXPO-01-500x333.jpg 500w, https:\/\/newsestlyonnais.fr\/site\/wp-content\/uploads\/2020\/02\/NEWSESTLYONNAIS-29-\u00b0-BOURSE-EXPO-01-550x367.jpg 550w, https:\/\/newsestlyonnais.fr\/site\/wp-content\/uploads\/2020\/02\/NEWSESTLYONNAIS-29-\u00b0-BOURSE-EXPO-01-800x533.jpg 800w, https:\/\/newsestlyonnais.fr\/site\/wp-content\/uploads\/2020\/02\/NEWSESTLYONNAIS-29-\u00b0-BOURSE-EXPO-01.jpg 1200w\" sizes=\"auto, (max-width: 150px) 100vw, 150px\" \/><\/a>\n\t\t\t<\/div>\n\t\t\t\t<figcaption class='wp-caption-text gallery-caption' id='gallery-1-96002'>\n\t\t\t\tUne partie de l&rsquo;\u00e9quipe d&rsquo;organisation \n\t\t\t\t<\/figcaption><\/figure><figure class='gallery-item'>\n\t\t\t<div class='gallery-icon portrait'>\n\t\t\t\t<a href='https:\/\/newsestlyonnais.fr\/site\/newsestlyonnais-aff-bourse-genas-2020\/'><img loading=\"lazy\" decoding=\"async\" width=\"108\" height=\"150\" src=\"https:\/\/newsestlyonnais.fr\/site\/wp-content\/uploads\/2020\/01\/NEWSESTLYONNAIS-Aff-bourse-Genas-2020-250x348.jpg\" class=\"attachment-thumbnail size-thumbnail\" alt=\"\" srcset=\"https:\/\/newsestlyonnais.fr\/site\/wp-content\/uploads\/2020\/01\/NEWSESTLYONNAIS-Aff-bourse-Genas-2020-250x348.jpg 250w, https:\/\/newsestlyonnais.fr\/site\/wp-content\/uploads\/2020\/01\/NEWSESTLYONNAIS-Aff-bourse-Genas-2020-400x556.jpg 400w, https:\/\/newsestlyonnais.fr\/site\/wp-content\/uploads\/2020\/01\/NEWSESTLYONNAIS-Aff-bourse-Genas-2020-150x209.jpg 150w, https:\/\/newsestlyonnais.fr\/site\/wp-content\/uploads\/2020\/01\/NEWSESTLYONNAIS-Aff-bourse-Genas-2020-50x70.jpg 50w, https:\/\/newsestlyonnais.fr\/site\/wp-content\/uploads\/2020\/01\/NEWSESTLYONNAIS-Aff-bourse-Genas-2020-100x139.jpg 100w, https:\/\/newsestlyonnais.fr\/site\/wp-content\/uploads\/2020\/01\/NEWSESTLYONNAIS-Aff-bourse-Genas-2020-200x278.jpg 200w, https:\/\/newsestlyonnais.fr\/site\/wp-content\/uploads\/2020\/01\/NEWSESTLYONNAIS-Aff-bourse-Genas-2020-300x417.jpg 300w, https:\/\/newsestlyonnais.fr\/site\/wp-content\/uploads\/2020\/01\/NEWSESTLYONNAIS-Aff-bourse-Genas-2020-350x487.jpg 350w, https:\/\/newsestlyonnais.fr\/site\/wp-content\/uploads\/2020\/01\/NEWSESTLYONNAIS-Aff-bourse-Genas-2020-450x626.jpg 450w, https:\/\/newsestlyonnais.fr\/site\/wp-content\/uploads\/2020\/01\/NEWSESTLYONNAIS-Aff-bourse-Genas-2020-500x695.jpg 500w, https:\/\/newsestlyonnais.fr\/site\/wp-content\/uploads\/2020\/01\/NEWSESTLYONNAIS-Aff-bourse-Genas-2020-550x765.jpg 550w, https:\/\/newsestlyonnais.fr\/site\/wp-content\/uploads\/2020\/01\/NEWSESTLYONNAIS-Aff-bourse-Genas-2020.jpg 558w\" sizes=\"auto, (max-width: 108px) 100vw, 108px\" \/><\/a>\n\t\t\t<\/div><\/figure>\n\t\t<\/div>\n\n","protected":false},"excerpt":{"rendered":"<p>Pour cette 29\u00b0 \u00e9dition organis\u00e9e dimanche \u00e0 la salle Jacques Anquetil, 49 exposants ont pr\u00e9sent\u00e9 leurs diverses collections.<\/p>\n","protected":false},"author":4,"featured_media":96001,"comment_status":"open","ping_status":"open","sticky":false,"template":"","format":"standard","meta":{"footnotes":""},"categories":[30,3002,1283,3329,1598],"tags":[],"class_list":["post-95991","post","type-post","status-publish","format-standard","has-post-thumbnail","hentry","category-a-la-une","category-brocantes-collections-3","category-chassieu-communes-diverses","category-expos-foires-musees-salons","category-genas"],"yoast_head":"<!-- This site is optimized with the Yoast SEO plugin v27.2 - https:\/\/yoast.com\/product\/yoast-seo-wordpress\/ -->\n<title>GENAS | Record d&#039;affluence \u00e0 la bourse-expo multicollections - News Est Lyonnais<\/title>\n<meta name=\"description\" content=\"GENAS | Record d&#039;affluence \u00e0 la bourse-expo multicollections\" \/>\n<meta name=\"robots\" content=\"index, follow, max-snippet:-1, max-image-preview:large, max-video-preview:-1\" \/>\n<link rel=\"canonical\" href=\"https:\/\/newsestlyonnais.fr\/site\/2020\/02\/23\/genas-record-daffluence-a-la-bourse-expo-multicollections\/\" \/>\n<meta property=\"og:locale\" content=\"fr_FR\" \/>\n<meta property=\"og:type\" content=\"article\" \/>\n<meta property=\"og:title\" content=\"GENAS | Record d&#039;affluence \u00e0 la bourse-expo multicollections - News Est Lyonnais\" \/>\n<meta property=\"og:description\" content=\"GENAS | Record d&#039;affluence \u00e0 la bourse-expo multicollections\" \/>\n<meta property=\"og:url\" content=\"https:\/\/newsestlyonnais.fr\/site\/2020\/02\/23\/genas-record-daffluence-a-la-bourse-expo-multicollections\/\" \/>\n<meta property=\"og:site_name\" content=\"News Est Lyonnais\" \/>\n<meta property=\"article:author\" content=\"https:\/\/www.facebook.com\/pascal.oberson.1?fref=ts\" \/>\n<meta property=\"article:published_time\" content=\"2020-02-23T18:24:46+00:00\" \/>\n<meta property=\"article:modified_time\" content=\"2020-05-30T10:27:53+00:00\" \/>\n<meta property=\"og:image\" content=\"https:\/\/i0.wp.com\/newsestlyonnais.fr\/site\/wp-content\/uploads\/2020\/02\/NEWSESTLYONNAIS-29-\u00b0-BOURSE-EXPO.jpg?fit=1200%2C800&ssl=1\" \/>\n\t<meta property=\"og:image:width\" content=\"1200\" \/>\n\t<meta property=\"og:image:height\" content=\"800\" \/>\n\t<meta property=\"og:image:type\" content=\"image\/jpeg\" \/>\n<meta name=\"author\" content=\"R\u00e9dac. NEWS\" \/>\n<meta name=\"twitter:card\" content=\"summary_large_image\" \/>\n<meta name=\"twitter:label1\" content=\"\u00c9crit par\" \/>\n\t<meta name=\"twitter:data1\" content=\"R\u00e9dac. NEWS\" \/>\n\t<meta name=\"twitter:label2\" content=\"Dur\u00e9e de lecture estim\u00e9e\" \/>\n\t<meta name=\"twitter:data2\" content=\"1 minute\" \/>\n<script type=\"application\/ld+json\" class=\"yoast-schema-graph\">{\"@context\":\"https:\/\/schema.org\",\"@graph\":[{\"@type\":\"Article\",\"@id\":\"https:\/\/newsestlyonnais.fr\/site\/2020\/02\/23\/genas-record-daffluence-a-la-bourse-expo-multicollections\/#article\",\"isPartOf\":{\"@id\":\"https:\/\/newsestlyonnais.fr\/site\/2020\/02\/23\/genas-record-daffluence-a-la-bourse-expo-multicollections\/\"},\"author\":{\"name\":\"R\u00e9dac. NEWS\",\"@id\":\"https:\/\/newsestlyonnais.fr\/site\/#\/schema\/person\/3230d5615f390bb808365d673001e887\"},\"headline\":\"GENAS | Record d&rsquo;affluence \u00e0 la bourse-expo multicollections\",\"datePublished\":\"2020-02-23T18:24:46+00:00\",\"dateModified\":\"2020-05-30T10:27:53+00:00\",\"mainEntityOfPage\":{\"@id\":\"https:\/\/newsestlyonnais.fr\/site\/2020\/02\/23\/genas-record-daffluence-a-la-bourse-expo-multicollections\/\"},\"wordCount\":165,\"commentCount\":0,\"publisher\":{\"@id\":\"https:\/\/newsestlyonnais.fr\/site\/#organization\"},\"image\":{\"@id\":\"https:\/\/newsestlyonnais.fr\/site\/2020\/02\/23\/genas-record-daffluence-a-la-bourse-expo-multicollections\/#primaryimage\"},\"thumbnailUrl\":\"https:\/\/newsestlyonnais.fr\/site\/wp-content\/uploads\/2020\/02\/NEWSESTLYONNAIS-29-\u00b0-BOURSE-EXPO.jpg\",\"articleSection\":[\"\u00e0 la une\",\"Brocantes | Collections\",\"Chassieu | Communes diverses\",\"Expos | Foires | Mus\u00e9es | Salons\",\"Genas\"],\"inLanguage\":\"fr-FR\",\"potentialAction\":[{\"@type\":\"CommentAction\",\"name\":\"Comment\",\"target\":[\"https:\/\/newsestlyonnais.fr\/site\/2020\/02\/23\/genas-record-daffluence-a-la-bourse-expo-multicollections\/#respond\"]}]},{\"@type\":\"WebPage\",\"@id\":\"https:\/\/newsestlyonnais.fr\/site\/2020\/02\/23\/genas-record-daffluence-a-la-bourse-expo-multicollections\/\",\"url\":\"https:\/\/newsestlyonnais.fr\/site\/2020\/02\/23\/genas-record-daffluence-a-la-bourse-expo-multicollections\/\",\"name\":\"GENAS | Record d'affluence \u00e0 la bourse-expo multicollections - News Est Lyonnais\",\"isPartOf\":{\"@id\":\"https:\/\/newsestlyonnais.fr\/site\/#website\"},\"primaryImageOfPage\":{\"@id\":\"https:\/\/newsestlyonnais.fr\/site\/2020\/02\/23\/genas-record-daffluence-a-la-bourse-expo-multicollections\/#primaryimage\"},\"image\":{\"@id\":\"https:\/\/newsestlyonnais.fr\/site\/2020\/02\/23\/genas-record-daffluence-a-la-bourse-expo-multicollections\/#primaryimage\"},\"thumbnailUrl\":\"https:\/\/newsestlyonnais.fr\/site\/wp-content\/uploads\/2020\/02\/NEWSESTLYONNAIS-29-\u00b0-BOURSE-EXPO.jpg\",\"datePublished\":\"2020-02-23T18:24:46+00:00\",\"dateModified\":\"2020-05-30T10:27:53+00:00\",\"description\":\"GENAS | Record d'affluence \u00e0 la bourse-expo multicollections\",\"breadcrumb\":{\"@id\":\"https:\/\/newsestlyonnais.fr\/site\/2020\/02\/23\/genas-record-daffluence-a-la-bourse-expo-multicollections\/#breadcrumb\"},\"inLanguage\":\"fr-FR\",\"potentialAction\":[{\"@type\":\"ReadAction\",\"target\":[\"https:\/\/newsestlyonnais.fr\/site\/2020\/02\/23\/genas-record-daffluence-a-la-bourse-expo-multicollections\/\"]}]},{\"@type\":\"ImageObject\",\"inLanguage\":\"fr-FR\",\"@id\":\"https:\/\/newsestlyonnais.fr\/site\/2020\/02\/23\/genas-record-daffluence-a-la-bourse-expo-multicollections\/#primaryimage\",\"url\":\"https:\/\/newsestlyonnais.fr\/site\/wp-content\/uploads\/2020\/02\/NEWSESTLYONNAIS-29-\u00b0-BOURSE-EXPO.jpg\",\"contentUrl\":\"https:\/\/newsestlyonnais.fr\/site\/wp-content\/uploads\/2020\/02\/NEWSESTLYONNAIS-29-\u00b0-BOURSE-EXPO.jpg\",\"width\":1200,\"height\":800},{\"@type\":\"BreadcrumbList\",\"@id\":\"https:\/\/newsestlyonnais.fr\/site\/2020\/02\/23\/genas-record-daffluence-a-la-bourse-expo-multicollections\/#breadcrumb\",\"itemListElement\":[{\"@type\":\"ListItem\",\"position\":1,\"name\":\"Accueil\",\"item\":\"https:\/\/newsestlyonnais.fr\/site\/\"},{\"@type\":\"ListItem\",\"position\":2,\"name\":\"GENAS | Record d&rsquo;affluence \u00e0 la bourse-expo multicollections\"}]},{\"@type\":\"WebSite\",\"@id\":\"https:\/\/newsestlyonnais.fr\/site\/#website\",\"url\":\"https:\/\/newsestlyonnais.fr\/site\/\",\"name\":\"News Est Lyonnais\",\"description\":\"L&#039;actualit\u00e9 au plus pr\u00e8s\",\"publisher\":{\"@id\":\"https:\/\/newsestlyonnais.fr\/site\/#organization\"},\"potentialAction\":[{\"@type\":\"SearchAction\",\"target\":{\"@type\":\"EntryPoint\",\"urlTemplate\":\"https:\/\/newsestlyonnais.fr\/site\/?s={search_term_string}\"},\"query-input\":{\"@type\":\"PropertyValueSpecification\",\"valueRequired\":true,\"valueName\":\"search_term_string\"}}],\"inLanguage\":\"fr-FR\"},{\"@type\":\"Organization\",\"@id\":\"https:\/\/newsestlyonnais.fr\/site\/#organization\",\"name\":\"News EST LYONNAIS\",\"url\":\"https:\/\/newsestlyonnais.fr\/site\/\",\"logo\":{\"@type\":\"ImageObject\",\"inLanguage\":\"fr-FR\",\"@id\":\"https:\/\/newsestlyonnais.fr\/site\/#\/schema\/logo\/image\/\",\"url\":\"\",\"contentUrl\":\"\",\"caption\":\"News EST LYONNAIS\"},\"image\":{\"@id\":\"https:\/\/newsestlyonnais.fr\/site\/#\/schema\/logo\/image\/\"}},{\"@type\":\"Person\",\"@id\":\"https:\/\/newsestlyonnais.fr\/site\/#\/schema\/person\/3230d5615f390bb808365d673001e887\",\"name\":\"R\u00e9dac. NEWS\",\"sameAs\":[\"http:\/\/www.newsestlyonnais.fr\",\"https:\/\/www.facebook.com\/pascal.oberson.1?fref=ts\",\"https:\/\/fr.linkedin.com\/in\/pascal-oberson-b17045113\"],\"url\":\"https:\/\/newsestlyonnais.fr\/site\/author\/nel\/\"}]}<\/script>\n<!-- \/ Yoast SEO plugin. -->","yoast_head_json":{"title":"GENAS | Record d'affluence \u00e0 la bourse-expo multicollections - News Est Lyonnais","description":"GENAS | Record d'affluence \u00e0 la bourse-expo multicollections","robots":{"index":"index","follow":"follow","max-snippet":"max-snippet:-1","max-image-preview":"max-image-preview:large","max-video-preview":"max-video-preview:-1"},"canonical":"https:\/\/newsestlyonnais.fr\/site\/2020\/02\/23\/genas-record-daffluence-a-la-bourse-expo-multicollections\/","og_locale":"fr_FR","og_type":"article","og_title":"GENAS | Record d'affluence \u00e0 la bourse-expo multicollections - News Est Lyonnais","og_description":"GENAS | Record d'affluence \u00e0 la bourse-expo multicollections","og_url":"https:\/\/newsestlyonnais.fr\/site\/2020\/02\/23\/genas-record-daffluence-a-la-bourse-expo-multicollections\/","og_site_name":"News Est Lyonnais","article_author":"https:\/\/www.facebook.com\/pascal.oberson.1?fref=ts","article_published_time":"2020-02-23T18:24:46+00:00","article_modified_time":"2020-05-30T10:27:53+00:00","og_image":[{"width":1200,"height":800,"url":"https:\/\/i0.wp.com\/newsestlyonnais.fr\/site\/wp-content\/uploads\/2020\/02\/NEWSESTLYONNAIS-29-\u00b0-BOURSE-EXPO.jpg?fit=1200%2C800&ssl=1","type":"image\/jpeg"}],"author":"R\u00e9dac. NEWS","twitter_card":"summary_large_image","twitter_misc":{"\u00c9crit par":"R\u00e9dac. NEWS","Dur\u00e9e de lecture estim\u00e9e":"1 minute"},"schema":{"@context":"https:\/\/schema.org","@graph":[{"@type":"Article","@id":"https:\/\/newsestlyonnais.fr\/site\/2020\/02\/23\/genas-record-daffluence-a-la-bourse-expo-multicollections\/#article","isPartOf":{"@id":"https:\/\/newsestlyonnais.fr\/site\/2020\/02\/23\/genas-record-daffluence-a-la-bourse-expo-multicollections\/"},"author":{"name":"R\u00e9dac. NEWS","@id":"https:\/\/newsestlyonnais.fr\/site\/#\/schema\/person\/3230d5615f390bb808365d673001e887"},"headline":"GENAS | Record d&rsquo;affluence \u00e0 la bourse-expo multicollections","datePublished":"2020-02-23T18:24:46+00:00","dateModified":"2020-05-30T10:27:53+00:00","mainEntityOfPage":{"@id":"https:\/\/newsestlyonnais.fr\/site\/2020\/02\/23\/genas-record-daffluence-a-la-bourse-expo-multicollections\/"},"wordCount":165,"commentCount":0,"publisher":{"@id":"https:\/\/newsestlyonnais.fr\/site\/#organization"},"image":{"@id":"https:\/\/newsestlyonnais.fr\/site\/2020\/02\/23\/genas-record-daffluence-a-la-bourse-expo-multicollections\/#primaryimage"},"thumbnailUrl":"https:\/\/newsestlyonnais.fr\/site\/wp-content\/uploads\/2020\/02\/NEWSESTLYONNAIS-29-\u00b0-BOURSE-EXPO.jpg","articleSection":["\u00e0 la une","Brocantes | Collections","Chassieu | Communes diverses","Expos | Foires | Mus\u00e9es | Salons","Genas"],"inLanguage":"fr-FR","potentialAction":[{"@type":"CommentAction","name":"Comment","target":["https:\/\/newsestlyonnais.fr\/site\/2020\/02\/23\/genas-record-daffluence-a-la-bourse-expo-multicollections\/#respond"]}]},{"@type":"WebPage","@id":"https:\/\/newsestlyonnais.fr\/site\/2020\/02\/23\/genas-record-daffluence-a-la-bourse-expo-multicollections\/","url":"https:\/\/newsestlyonnais.fr\/site\/2020\/02\/23\/genas-record-daffluence-a-la-bourse-expo-multicollections\/","name":"GENAS | Record d'affluence \u00e0 la bourse-expo multicollections - News Est Lyonnais","isPartOf":{"@id":"https:\/\/newsestlyonnais.fr\/site\/#website"},"primaryImageOfPage":{"@id":"https:\/\/newsestlyonnais.fr\/site\/2020\/02\/23\/genas-record-daffluence-a-la-bourse-expo-multicollections\/#primaryimage"},"image":{"@id":"https:\/\/newsestlyonnais.fr\/site\/2020\/02\/23\/genas-record-daffluence-a-la-bourse-expo-multicollections\/#primaryimage"},"thumbnailUrl":"https:\/\/newsestlyonnais.fr\/site\/wp-content\/uploads\/2020\/02\/NEWSESTLYONNAIS-29-\u00b0-BOURSE-EXPO.jpg","datePublished":"2020-02-23T18:24:46+00:00","dateModified":"2020-05-30T10:27:53+00:00","description":"GENAS | Record d'affluence \u00e0 la bourse-expo multicollections","breadcrumb":{"@id":"https:\/\/newsestlyonnais.fr\/site\/2020\/02\/23\/genas-record-daffluence-a-la-bourse-expo-multicollections\/#breadcrumb"},"inLanguage":"fr-FR","potentialAction":[{"@type":"ReadAction","target":["https:\/\/newsestlyonnais.fr\/site\/2020\/02\/23\/genas-record-daffluence-a-la-bourse-expo-multicollections\/"]}]},{"@type":"ImageObject","inLanguage":"fr-FR","@id":"https:\/\/newsestlyonnais.fr\/site\/2020\/02\/23\/genas-record-daffluence-a-la-bourse-expo-multicollections\/#primaryimage","url":"https:\/\/newsestlyonnais.fr\/site\/wp-content\/uploads\/2020\/02\/NEWSESTLYONNAIS-29-\u00b0-BOURSE-EXPO.jpg","contentUrl":"https:\/\/newsestlyonnais.fr\/site\/wp-content\/uploads\/2020\/02\/NEWSESTLYONNAIS-29-\u00b0-BOURSE-EXPO.jpg","width":1200,"height":800},{"@type":"BreadcrumbList","@id":"https:\/\/newsestlyonnais.fr\/site\/2020\/02\/23\/genas-record-daffluence-a-la-bourse-expo-multicollections\/#breadcrumb","itemListElement":[{"@type":"ListItem","position":1,"name":"Accueil","item":"https:\/\/newsestlyonnais.fr\/site\/"},{"@type":"ListItem","position":2,"name":"GENAS | Record d&rsquo;affluence \u00e0 la bourse-expo multicollections"}]},{"@type":"WebSite","@id":"https:\/\/newsestlyonnais.fr\/site\/#website","url":"https:\/\/newsestlyonnais.fr\/site\/","name":"News Est Lyonnais","description":"L&#039;actualit\u00e9 au plus pr\u00e8s","publisher":{"@id":"https:\/\/newsestlyonnais.fr\/site\/#organization"},"potentialAction":[{"@type":"SearchAction","target":{"@type":"EntryPoint","urlTemplate":"https:\/\/newsestlyonnais.fr\/site\/?s={search_term_string}"},"query-input":{"@type":"PropertyValueSpecification","valueRequired":true,"valueName":"search_term_string"}}],"inLanguage":"fr-FR"},{"@type":"Organization","@id":"https:\/\/newsestlyonnais.fr\/site\/#organization","name":"News EST LYONNAIS","url":"https:\/\/newsestlyonnais.fr\/site\/","logo":{"@type":"ImageObject","inLanguage":"fr-FR","@id":"https:\/\/newsestlyonnais.fr\/site\/#\/schema\/logo\/image\/","url":"","contentUrl":"","caption":"News EST LYONNAIS"},"image":{"@id":"https:\/\/newsestlyonnais.fr\/site\/#\/schema\/logo\/image\/"}},{"@type":"Person","@id":"https:\/\/newsestlyonnais.fr\/site\/#\/schema\/person\/3230d5615f390bb808365d673001e887","name":"R\u00e9dac. NEWS","sameAs":["http:\/\/www.newsestlyonnais.fr","https:\/\/www.facebook.com\/pascal.oberson.1?fref=ts","https:\/\/fr.linkedin.com\/in\/pascal-oberson-b17045113"],"url":"https:\/\/newsestlyonnais.fr\/site\/author\/nel\/"}]}},"_links":{"self":[{"href":"https:\/\/newsestlyonnais.fr\/site\/wp-json\/wp\/v2\/posts\/95991","targetHints":{"allow":["GET"]}}],"collection":[{"href":"https:\/\/newsestlyonnais.fr\/site\/wp-json\/wp\/v2\/posts"}],"about":[{"href":"https:\/\/newsestlyonnais.fr\/site\/wp-json\/wp\/v2\/types\/post"}],"author":[{"embeddable":true,"href":"https:\/\/newsestlyonnais.fr\/site\/wp-json\/wp\/v2\/users\/4"}],"replies":[{"embeddable":true,"href":"https:\/\/newsestlyonnais.fr\/site\/wp-json\/wp\/v2\/comments?post=95991"}],"version-history":[{"count":0,"href":"https:\/\/newsestlyonnais.fr\/site\/wp-json\/wp\/v2\/posts\/95991\/revisions"}],"wp:featuredmedia":[{"embeddable":true,"href":"https:\/\/newsestlyonnais.fr\/site\/wp-json\/wp\/v2\/media\/96001"}],"wp:attachment":[{"href":"https:\/\/newsestlyonnais.fr\/site\/wp-json\/wp\/v2\/media?parent=95991"}],"wp:term":[{"taxonomy":"category","embeddable":true,"href":"https:\/\/newsestlyonnais.fr\/site\/wp-json\/wp\/v2\/categories?post=95991"},{"taxonomy":"post_tag","embeddable":true,"href":"https:\/\/newsestlyonnais.fr\/site\/wp-json\/wp\/v2\/tags?post=95991"}],"curies":[{"name":"wp","href":"https:\/\/api.w.org\/{rel}","templated":true}]}}