{"id":96183,"date":"2020-02-25T20:45:59","date_gmt":"2020-02-25T19:45:59","guid":{"rendered":"http:\/\/newsestlyonnais.fr\/site\/?p=96183"},"modified":"2020-02-25T20:51:18","modified_gmt":"2020-02-25T19:51:18","slug":"venissieux-creation-dun-accueil-de-jour-medicalise","status":"publish","type":"post","link":"https:\/\/newsestlyonnais.fr\/site\/2020\/02\/25\/venissieux-creation-dun-accueil-de-jour-medicalise\/","title":{"rendered":"VENISSIEUX | Cr\u00e9ation d&rsquo;accueil de jour m\u00e9dicalis\u00e9"},"content":{"rendered":"<div class=\"border col article\">\n<div>\n<p><strong>Ci-joint le communiqu\u00e9 de presse de ce jour, de Mich\u00e8le Picard, maire de V\u00e9nissieux<\/strong> :<\/p>\n<p class=\" text-justify\">\u00a0\u00bb Le 19 septembre 2019, le Centre communal d\u2019action sociale de V\u00e9nissieux, que je pr\u00e9side, a r\u00e9pondu \u00e0 l\u2019appel \u00e0 projet lanc\u00e9 conjointement par l\u2019Agence r\u00e9gionale de Sant\u00e9 Auvergne-Rh\u00f4ne-Alpes et la M\u00e9tropole de Lyon, pour la cr\u00e9ation d&rsquo;un accueil de jour m\u00e9dicalis\u00e9 de 10 places. La Ville de V\u00e9nissieux a d\u00e9fendu le dossier lors de la commission d\u2019information et de s\u00e9lection d\u2019appel \u00e0 projets, le 6 d\u00e9cembre dernier.<\/p>\n<h4 class=\" text-justify\">Ce nouveau dispositif permettra l\u2019accueil de 10 personnes chaque jour et pourra donc b\u00e9n\u00e9ficier \u00e0 plus d&rsquo;une trentaine de personnes par effet de rotation. Il compl\u00e9tera l\u2019offre de services regroup\u00e9e au sein du p\u00f4le 3\u00e8me \u00e2ge de la Ville de V\u00e9nissieux comprenant d\u00e9j\u00e0 un service de portage de repas, un service d\u2019aide \u00e0 domicile, un service de soins infirmiers \u00e0 domicile, deux r\u00e9sidences autonomie, un accueil de jour non m\u00e9dicalis\u00e9, deux foyers soleil, et trois lieux de restauration pour personnes \u00e2g\u00e9es sur le temps de midi.<\/h4>\n<p class=\" text-justify\">Cet accueil de jour m\u00e9dicalis\u00e9, implant\u00e9 dans les locaux de la R\u00e9sidence Ludovic-Bonin, s\u2019int\u00e8gre parfaitement dans la logique de l\u2019action du CCAS pour le maintien \u00e0 domicile et dans le parcours de la personne \u00e2g\u00e9e en perte d\u2019autonomie. Il sera un \u00e9l\u00e9ment essentiel dans le l&rsquo;accompagnement des personnes atteintes de la maladie d\u2019Alzheimer ou apparent\u00e9e, en proposant des ateliers et activit\u00e9s sp\u00e9cifiques favorisant le maintien de l&rsquo;autonomie. Il constituera un lieu ressources et de r\u00e9pit pour leurs aidants.<\/p>\n<p class=\" text-justify\">Pour mener \u00e0 bien ce projet, le choix a \u00e9t\u00e9 fait de s\u2019associer \u00e0 l\u2019EHPAD La Solidage, un partenaire solide et exp\u00e9riment\u00e9 en mati\u00e8re m\u00e9dico-psychologique, notamment sur les questions relatives \u00e0 la maladie d\u2019Alzheimer.<\/p>\n<h4 class=\" text-justify\">Je me f\u00e9licite de cette cr\u00e9ation d&rsquo;accueil de jour qui met au centre de son projet la question de l\u2019\u00e9thique et de la bienveillance. Il r\u00e9pond \u00e0 notre volont\u00e9 de garantir une dignit\u00e9 pour tous, en particulier les personnes \u00e2g\u00e9es et leurs familles \u00ab\u00a0.<\/h4>\n<\/div>\n<\/div>\n","protected":false},"excerpt":{"rendered":"<p>Cet accueil de 10 places sera ouvert en septembre pour accompagner la prise en charge des personnes \u00e2g\u00e9es (60 ans et +) en perte d\u2019autonomie et pour faciliter le r\u00e9pit des aidants.<\/p>\n","protected":false},"author":4,"featured_media":95972,"comment_status":"open","ping_status":"open","sticky":false,"template":"","format":"standard","meta":{"footnotes":""},"categories":[2217,1219,18,1298],"tags":[2067],"class_list":["post-96183","post","type-post","status-publish","format-standard","has-post-thumbnail","hentry","category-breves-de-lest-lyonnais","category-religion-seniors-souvenir","category-sante-bien-etre-solidarite","category-venissieux","tag-venissieux"],"yoast_head":"<!-- This site is optimized with the Yoast SEO plugin v27.2 - https:\/\/yoast.com\/product\/yoast-seo-wordpress\/ -->\n<title>VENISSIEUX | Cr\u00e9ation d&#039;accueil de jour m\u00e9dicalis\u00e9 - News Est Lyonnais<\/title>\n<meta name=\"description\" content=\"VENISSIEUX | Cr\u00e9ation d&#039;un accueil de jour m\u00e9dicalis\u00e9\" \/>\n<meta name=\"robots\" content=\"index, follow, max-snippet:-1, max-image-preview:large, max-video-preview:-1\" \/>\n<link rel=\"canonical\" href=\"https:\/\/newsestlyonnais.fr\/site\/2020\/02\/25\/venissieux-creation-dun-accueil-de-jour-medicalise\/\" \/>\n<meta property=\"og:locale\" content=\"fr_FR\" \/>\n<meta property=\"og:type\" content=\"article\" \/>\n<meta property=\"og:title\" content=\"VENISSIEUX | Cr\u00e9ation d&#039;accueil de jour m\u00e9dicalis\u00e9 - News Est Lyonnais\" \/>\n<meta property=\"og:description\" content=\"VENISSIEUX | Cr\u00e9ation d&#039;un accueil de jour m\u00e9dicalis\u00e9\" \/>\n<meta property=\"og:url\" content=\"https:\/\/newsestlyonnais.fr\/site\/2020\/02\/25\/venissieux-creation-dun-accueil-de-jour-medicalise\/\" \/>\n<meta property=\"og:site_name\" content=\"News Est Lyonnais\" \/>\n<meta property=\"article:author\" content=\"https:\/\/www.facebook.com\/pascal.oberson.1?fref=ts\" \/>\n<meta property=\"article:published_time\" content=\"2020-02-25T19:45:59+00:00\" \/>\n<meta property=\"article:modified_time\" content=\"2020-02-25T19:51:18+00:00\" \/>\n<meta property=\"og:image\" content=\"https:\/\/i2.wp.com\/newsestlyonnais.fr\/site\/wp-content\/uploads\/2019\/11\/NEWSESTLYONNAIS-MAIRIE-VENX.jpg?fit=1200%2C800&ssl=1\" \/>\n\t<meta property=\"og:image:width\" content=\"1200\" \/>\n\t<meta property=\"og:image:height\" content=\"800\" \/>\n\t<meta property=\"og:image:type\" content=\"image\/jpeg\" \/>\n<meta name=\"author\" content=\"R\u00e9dac. NEWS\" \/>\n<meta name=\"twitter:card\" content=\"summary_large_image\" \/>\n<meta name=\"twitter:label1\" content=\"\u00c9crit par\" \/>\n\t<meta name=\"twitter:data1\" content=\"R\u00e9dac. NEWS\" \/>\n\t<meta name=\"twitter:label2\" content=\"Dur\u00e9e de lecture estim\u00e9e\" \/>\n\t<meta name=\"twitter:data2\" content=\"2 minutes\" \/>\n<script type=\"application\/ld+json\" class=\"yoast-schema-graph\">{\"@context\":\"https:\/\/schema.org\",\"@graph\":[{\"@type\":\"Article\",\"@id\":\"https:\/\/newsestlyonnais.fr\/site\/2020\/02\/25\/venissieux-creation-dun-accueil-de-jour-medicalise\/#article\",\"isPartOf\":{\"@id\":\"https:\/\/newsestlyonnais.fr\/site\/2020\/02\/25\/venissieux-creation-dun-accueil-de-jour-medicalise\/\"},\"author\":{\"name\":\"R\u00e9dac. NEWS\",\"@id\":\"https:\/\/newsestlyonnais.fr\/site\/#\/schema\/person\/3230d5615f390bb808365d673001e887\"},\"headline\":\"VENISSIEUX | Cr\u00e9ation d&rsquo;accueil de jour m\u00e9dicalis\u00e9\",\"datePublished\":\"2020-02-25T19:45:59+00:00\",\"dateModified\":\"2020-02-25T19:51:18+00:00\",\"mainEntityOfPage\":{\"@id\":\"https:\/\/newsestlyonnais.fr\/site\/2020\/02\/25\/venissieux-creation-dun-accueil-de-jour-medicalise\/\"},\"wordCount\":376,\"commentCount\":0,\"publisher\":{\"@id\":\"https:\/\/newsestlyonnais.fr\/site\/#organization\"},\"image\":{\"@id\":\"https:\/\/newsestlyonnais.fr\/site\/2020\/02\/25\/venissieux-creation-dun-accueil-de-jour-medicalise\/#primaryimage\"},\"thumbnailUrl\":\"https:\/\/newsestlyonnais.fr\/site\/wp-content\/uploads\/2019\/11\/NEWSESTLYONNAIS-MAIRIE-VENX.jpg\",\"keywords\":[\"VENISSIEUX\"],\"articleSection\":[\"Br\u00e8ves de l'Est lyonnais\",\"Religion | Seniors | Souvenir\",\"Sant\u00e9 | Bien Etre | Solidarit\u00e9\",\"V\u00e9nissieux\"],\"inLanguage\":\"fr-FR\",\"potentialAction\":[{\"@type\":\"CommentAction\",\"name\":\"Comment\",\"target\":[\"https:\/\/newsestlyonnais.fr\/site\/2020\/02\/25\/venissieux-creation-dun-accueil-de-jour-medicalise\/#respond\"]}]},{\"@type\":\"WebPage\",\"@id\":\"https:\/\/newsestlyonnais.fr\/site\/2020\/02\/25\/venissieux-creation-dun-accueil-de-jour-medicalise\/\",\"url\":\"https:\/\/newsestlyonnais.fr\/site\/2020\/02\/25\/venissieux-creation-dun-accueil-de-jour-medicalise\/\",\"name\":\"VENISSIEUX | Cr\u00e9ation d'accueil de jour m\u00e9dicalis\u00e9 - News Est Lyonnais\",\"isPartOf\":{\"@id\":\"https:\/\/newsestlyonnais.fr\/site\/#website\"},\"primaryImageOfPage\":{\"@id\":\"https:\/\/newsestlyonnais.fr\/site\/2020\/02\/25\/venissieux-creation-dun-accueil-de-jour-medicalise\/#primaryimage\"},\"image\":{\"@id\":\"https:\/\/newsestlyonnais.fr\/site\/2020\/02\/25\/venissieux-creation-dun-accueil-de-jour-medicalise\/#primaryimage\"},\"thumbnailUrl\":\"https:\/\/newsestlyonnais.fr\/site\/wp-content\/uploads\/2019\/11\/NEWSESTLYONNAIS-MAIRIE-VENX.jpg\",\"datePublished\":\"2020-02-25T19:45:59+00:00\",\"dateModified\":\"2020-02-25T19:51:18+00:00\",\"description\":\"VENISSIEUX | Cr\u00e9ation d'un accueil de jour m\u00e9dicalis\u00e9\",\"breadcrumb\":{\"@id\":\"https:\/\/newsestlyonnais.fr\/site\/2020\/02\/25\/venissieux-creation-dun-accueil-de-jour-medicalise\/#breadcrumb\"},\"inLanguage\":\"fr-FR\",\"potentialAction\":[{\"@type\":\"ReadAction\",\"target\":[\"https:\/\/newsestlyonnais.fr\/site\/2020\/02\/25\/venissieux-creation-dun-accueil-de-jour-medicalise\/\"]}]},{\"@type\":\"ImageObject\",\"inLanguage\":\"fr-FR\",\"@id\":\"https:\/\/newsestlyonnais.fr\/site\/2020\/02\/25\/venissieux-creation-dun-accueil-de-jour-medicalise\/#primaryimage\",\"url\":\"https:\/\/newsestlyonnais.fr\/site\/wp-content\/uploads\/2019\/11\/NEWSESTLYONNAIS-MAIRIE-VENX.jpg\",\"contentUrl\":\"https:\/\/newsestlyonnais.fr\/site\/wp-content\/uploads\/2019\/11\/NEWSESTLYONNAIS-MAIRIE-VENX.jpg\",\"width\":1200,\"height\":800},{\"@type\":\"BreadcrumbList\",\"@id\":\"https:\/\/newsestlyonnais.fr\/site\/2020\/02\/25\/venissieux-creation-dun-accueil-de-jour-medicalise\/#breadcrumb\",\"itemListElement\":[{\"@type\":\"ListItem\",\"position\":1,\"name\":\"Accueil\",\"item\":\"https:\/\/newsestlyonnais.fr\/site\/\"},{\"@type\":\"ListItem\",\"position\":2,\"name\":\"VENISSIEUX | Cr\u00e9ation d&rsquo;accueil de jour m\u00e9dicalis\u00e9\"}]},{\"@type\":\"WebSite\",\"@id\":\"https:\/\/newsestlyonnais.fr\/site\/#website\",\"url\":\"https:\/\/newsestlyonnais.fr\/site\/\",\"name\":\"News Est Lyonnais\",\"description\":\"L&#039;actualit\u00e9 au plus pr\u00e8s\",\"publisher\":{\"@id\":\"https:\/\/newsestlyonnais.fr\/site\/#organization\"},\"potentialAction\":[{\"@type\":\"SearchAction\",\"target\":{\"@type\":\"EntryPoint\",\"urlTemplate\":\"https:\/\/newsestlyonnais.fr\/site\/?s={search_term_string}\"},\"query-input\":{\"@type\":\"PropertyValueSpecification\",\"valueRequired\":true,\"valueName\":\"search_term_string\"}}],\"inLanguage\":\"fr-FR\"},{\"@type\":\"Organization\",\"@id\":\"https:\/\/newsestlyonnais.fr\/site\/#organization\",\"name\":\"News EST LYONNAIS\",\"url\":\"https:\/\/newsestlyonnais.fr\/site\/\",\"logo\":{\"@type\":\"ImageObject\",\"inLanguage\":\"fr-FR\",\"@id\":\"https:\/\/newsestlyonnais.fr\/site\/#\/schema\/logo\/image\/\",\"url\":\"\",\"contentUrl\":\"\",\"caption\":\"News EST LYONNAIS\"},\"image\":{\"@id\":\"https:\/\/newsestlyonnais.fr\/site\/#\/schema\/logo\/image\/\"}},{\"@type\":\"Person\",\"@id\":\"https:\/\/newsestlyonnais.fr\/site\/#\/schema\/person\/3230d5615f390bb808365d673001e887\",\"name\":\"R\u00e9dac. NEWS\",\"sameAs\":[\"http:\/\/www.newsestlyonnais.fr\",\"https:\/\/www.facebook.com\/pascal.oberson.1?fref=ts\",\"https:\/\/fr.linkedin.com\/in\/pascal-oberson-b17045113\"],\"url\":\"https:\/\/newsestlyonnais.fr\/site\/author\/nel\/\"}]}<\/script>\n<!-- \/ Yoast SEO plugin. -->","yoast_head_json":{"title":"VENISSIEUX | Cr\u00e9ation d'accueil de jour m\u00e9dicalis\u00e9 - News Est Lyonnais","description":"VENISSIEUX | Cr\u00e9ation d'un accueil de jour m\u00e9dicalis\u00e9","robots":{"index":"index","follow":"follow","max-snippet":"max-snippet:-1","max-image-preview":"max-image-preview:large","max-video-preview":"max-video-preview:-1"},"canonical":"https:\/\/newsestlyonnais.fr\/site\/2020\/02\/25\/venissieux-creation-dun-accueil-de-jour-medicalise\/","og_locale":"fr_FR","og_type":"article","og_title":"VENISSIEUX | Cr\u00e9ation d'accueil de jour m\u00e9dicalis\u00e9 - News Est Lyonnais","og_description":"VENISSIEUX | Cr\u00e9ation d'un accueil de jour m\u00e9dicalis\u00e9","og_url":"https:\/\/newsestlyonnais.fr\/site\/2020\/02\/25\/venissieux-creation-dun-accueil-de-jour-medicalise\/","og_site_name":"News Est Lyonnais","article_author":"https:\/\/www.facebook.com\/pascal.oberson.1?fref=ts","article_published_time":"2020-02-25T19:45:59+00:00","article_modified_time":"2020-02-25T19:51:18+00:00","og_image":[{"width":1200,"height":800,"url":"https:\/\/i2.wp.com\/newsestlyonnais.fr\/site\/wp-content\/uploads\/2019\/11\/NEWSESTLYONNAIS-MAIRIE-VENX.jpg?fit=1200%2C800&ssl=1","type":"image\/jpeg"}],"author":"R\u00e9dac. NEWS","twitter_card":"summary_large_image","twitter_misc":{"\u00c9crit par":"R\u00e9dac. NEWS","Dur\u00e9e de lecture estim\u00e9e":"2 minutes"},"schema":{"@context":"https:\/\/schema.org","@graph":[{"@type":"Article","@id":"https:\/\/newsestlyonnais.fr\/site\/2020\/02\/25\/venissieux-creation-dun-accueil-de-jour-medicalise\/#article","isPartOf":{"@id":"https:\/\/newsestlyonnais.fr\/site\/2020\/02\/25\/venissieux-creation-dun-accueil-de-jour-medicalise\/"},"author":{"name":"R\u00e9dac. NEWS","@id":"https:\/\/newsestlyonnais.fr\/site\/#\/schema\/person\/3230d5615f390bb808365d673001e887"},"headline":"VENISSIEUX | Cr\u00e9ation d&rsquo;accueil de jour m\u00e9dicalis\u00e9","datePublished":"2020-02-25T19:45:59+00:00","dateModified":"2020-02-25T19:51:18+00:00","mainEntityOfPage":{"@id":"https:\/\/newsestlyonnais.fr\/site\/2020\/02\/25\/venissieux-creation-dun-accueil-de-jour-medicalise\/"},"wordCount":376,"commentCount":0,"publisher":{"@id":"https:\/\/newsestlyonnais.fr\/site\/#organization"},"image":{"@id":"https:\/\/newsestlyonnais.fr\/site\/2020\/02\/25\/venissieux-creation-dun-accueil-de-jour-medicalise\/#primaryimage"},"thumbnailUrl":"https:\/\/newsestlyonnais.fr\/site\/wp-content\/uploads\/2019\/11\/NEWSESTLYONNAIS-MAIRIE-VENX.jpg","keywords":["VENISSIEUX"],"articleSection":["Br\u00e8ves de l'Est lyonnais","Religion | Seniors | Souvenir","Sant\u00e9 | Bien Etre | Solidarit\u00e9","V\u00e9nissieux"],"inLanguage":"fr-FR","potentialAction":[{"@type":"CommentAction","name":"Comment","target":["https:\/\/newsestlyonnais.fr\/site\/2020\/02\/25\/venissieux-creation-dun-accueil-de-jour-medicalise\/#respond"]}]},{"@type":"WebPage","@id":"https:\/\/newsestlyonnais.fr\/site\/2020\/02\/25\/venissieux-creation-dun-accueil-de-jour-medicalise\/","url":"https:\/\/newsestlyonnais.fr\/site\/2020\/02\/25\/venissieux-creation-dun-accueil-de-jour-medicalise\/","name":"VENISSIEUX | Cr\u00e9ation d'accueil de jour m\u00e9dicalis\u00e9 - News Est Lyonnais","isPartOf":{"@id":"https:\/\/newsestlyonnais.fr\/site\/#website"},"primaryImageOfPage":{"@id":"https:\/\/newsestlyonnais.fr\/site\/2020\/02\/25\/venissieux-creation-dun-accueil-de-jour-medicalise\/#primaryimage"},"image":{"@id":"https:\/\/newsestlyonnais.fr\/site\/2020\/02\/25\/venissieux-creation-dun-accueil-de-jour-medicalise\/#primaryimage"},"thumbnailUrl":"https:\/\/newsestlyonnais.fr\/site\/wp-content\/uploads\/2019\/11\/NEWSESTLYONNAIS-MAIRIE-VENX.jpg","datePublished":"2020-02-25T19:45:59+00:00","dateModified":"2020-02-25T19:51:18+00:00","description":"VENISSIEUX | Cr\u00e9ation d'un accueil de jour m\u00e9dicalis\u00e9","breadcrumb":{"@id":"https:\/\/newsestlyonnais.fr\/site\/2020\/02\/25\/venissieux-creation-dun-accueil-de-jour-medicalise\/#breadcrumb"},"inLanguage":"fr-FR","potentialAction":[{"@type":"ReadAction","target":["https:\/\/newsestlyonnais.fr\/site\/2020\/02\/25\/venissieux-creation-dun-accueil-de-jour-medicalise\/"]}]},{"@type":"ImageObject","inLanguage":"fr-FR","@id":"https:\/\/newsestlyonnais.fr\/site\/2020\/02\/25\/venissieux-creation-dun-accueil-de-jour-medicalise\/#primaryimage","url":"https:\/\/newsestlyonnais.fr\/site\/wp-content\/uploads\/2019\/11\/NEWSESTLYONNAIS-MAIRIE-VENX.jpg","contentUrl":"https:\/\/newsestlyonnais.fr\/site\/wp-content\/uploads\/2019\/11\/NEWSESTLYONNAIS-MAIRIE-VENX.jpg","width":1200,"height":800},{"@type":"BreadcrumbList","@id":"https:\/\/newsestlyonnais.fr\/site\/2020\/02\/25\/venissieux-creation-dun-accueil-de-jour-medicalise\/#breadcrumb","itemListElement":[{"@type":"ListItem","position":1,"name":"Accueil","item":"https:\/\/newsestlyonnais.fr\/site\/"},{"@type":"ListItem","position":2,"name":"VENISSIEUX | Cr\u00e9ation d&rsquo;accueil de jour m\u00e9dicalis\u00e9"}]},{"@type":"WebSite","@id":"https:\/\/newsestlyonnais.fr\/site\/#website","url":"https:\/\/newsestlyonnais.fr\/site\/","name":"News Est Lyonnais","description":"L&#039;actualit\u00e9 au plus pr\u00e8s","publisher":{"@id":"https:\/\/newsestlyonnais.fr\/site\/#organization"},"potentialAction":[{"@type":"SearchAction","target":{"@type":"EntryPoint","urlTemplate":"https:\/\/newsestlyonnais.fr\/site\/?s={search_term_string}"},"query-input":{"@type":"PropertyValueSpecification","valueRequired":true,"valueName":"search_term_string"}}],"inLanguage":"fr-FR"},{"@type":"Organization","@id":"https:\/\/newsestlyonnais.fr\/site\/#organization","name":"News EST LYONNAIS","url":"https:\/\/newsestlyonnais.fr\/site\/","logo":{"@type":"ImageObject","inLanguage":"fr-FR","@id":"https:\/\/newsestlyonnais.fr\/site\/#\/schema\/logo\/image\/","url":"","contentUrl":"","caption":"News EST LYONNAIS"},"image":{"@id":"https:\/\/newsestlyonnais.fr\/site\/#\/schema\/logo\/image\/"}},{"@type":"Person","@id":"https:\/\/newsestlyonnais.fr\/site\/#\/schema\/person\/3230d5615f390bb808365d673001e887","name":"R\u00e9dac. NEWS","sameAs":["http:\/\/www.newsestlyonnais.fr","https:\/\/www.facebook.com\/pascal.oberson.1?fref=ts","https:\/\/fr.linkedin.com\/in\/pascal-oberson-b17045113"],"url":"https:\/\/newsestlyonnais.fr\/site\/author\/nel\/"}]}},"_links":{"self":[{"href":"https:\/\/newsestlyonnais.fr\/site\/wp-json\/wp\/v2\/posts\/96183","targetHints":{"allow":["GET"]}}],"collection":[{"href":"https:\/\/newsestlyonnais.fr\/site\/wp-json\/wp\/v2\/posts"}],"about":[{"href":"https:\/\/newsestlyonnais.fr\/site\/wp-json\/wp\/v2\/types\/post"}],"author":[{"embeddable":true,"href":"https:\/\/newsestlyonnais.fr\/site\/wp-json\/wp\/v2\/users\/4"}],"replies":[{"embeddable":true,"href":"https:\/\/newsestlyonnais.fr\/site\/wp-json\/wp\/v2\/comments?post=96183"}],"version-history":[{"count":0,"href":"https:\/\/newsestlyonnais.fr\/site\/wp-json\/wp\/v2\/posts\/96183\/revisions"}],"wp:featuredmedia":[{"embeddable":true,"href":"https:\/\/newsestlyonnais.fr\/site\/wp-json\/wp\/v2\/media\/95972"}],"wp:attachment":[{"href":"https:\/\/newsestlyonnais.fr\/site\/wp-json\/wp\/v2\/media?parent=96183"}],"wp:term":[{"taxonomy":"category","embeddable":true,"href":"https:\/\/newsestlyonnais.fr\/site\/wp-json\/wp\/v2\/categories?post=96183"},{"taxonomy":"post_tag","embeddable":true,"href":"https:\/\/newsestlyonnais.fr\/site\/wp-json\/wp\/v2\/tags?post=96183"}],"curies":[{"name":"wp","href":"https:\/\/api.w.org\/{rel}","templated":true}]}}