{"id":96270,"date":"2020-02-28T06:51:13","date_gmt":"2020-02-28T05:51:13","guid":{"rendered":"http:\/\/newsestlyonnais.fr\/site\/?p=96270"},"modified":"2020-03-25T20:59:13","modified_gmt":"2020-03-25T19:59:13","slug":"bron-terraillon-les-resultats-du-gp-veterans-de-petanque","status":"publish","type":"post","link":"https:\/\/newsestlyonnais.fr\/site\/2020\/02\/28\/bron-terraillon-les-resultats-du-gp-veterans-de-petanque\/","title":{"rendered":"BRON-TERRAILLON | Les r\u00e9sultats du GP v\u00e9t\u00e9rans de p\u00e9tanque"},"content":{"rendered":"<p>Il a rassembl\u00e9 128 joueurs dont 6 \u00ab\u00a0\u00e9lite\u00a0\u00bb et 28 \u00ab\u00a0honneur\u00a0\u00bb et a vu la victoire finale de la paire caladoise compos\u00e9e de M. Chandanson &amp; JL Pons.<\/p>\n<p>________________________________________________________________________________<\/p>\n<p><em><strong><span style=\"text-decoration: underline\">Concours A<\/span> :<\/strong><\/em><\/p>\n<p><strong>Finale<\/strong> : <strong>Michel Chandanson \/ Jean-Louis Pons<\/strong> (Calade P\u00e9tanque) battent Gaetano Indelicato \/ Jean-Luc Solforosi (Brosses P\u00e9tanque). <strong>Demi-finalistes<\/strong> : Guy Vinson \/ Robert Hidalgo (Bron-Terraillon) &amp; Patrick Rousselin \/ Alain Tosolini (P\u00e9tanque Club Pusignan).<\/p>\n<p><em><strong><span style=\"text-decoration: underline\">Concours B<\/span> :<\/strong><\/em><\/p>\n<p><strong>Finale<\/strong> : <strong>Djamel Bendahmane<\/strong> <strong>\/<\/strong> <strong>G\u00e9rard Benejean<\/strong> (Brosses P\u00e9tanque) battent Michel Forest \/ Jean-Pierre Luyckx (Bron-Terraillon). <strong>Demi-finalistes<\/strong> : Emmanuel Filin \/ Christian Tape Bley (Sainte Foy P\u00e9tanque) &amp; Thierry Pedrinis \/ Patrick Delhomme (ASPTT Gd Lyon).<\/p>\n<p>________________________________________________________________________________<\/p>\n<p><strong><em>NOTA<\/em><\/strong> : Le Club de P\u00e9tanque de Bron-Terraillon organise <strong>les 4 &amp; 5 juillet 2020 le 4\u00b0 R\u00e9gional Henri Bayada<\/strong>. Inscriptions d\u00e9j\u00e0 ouvertes pour ce concours dont Newsestlyonnais est partenaire !<\/p>\n<p>________________________________________________________________________________<\/p>\n<figure id=\"attachment_93922\" aria-describedby=\"caption-attachment-93922\" style=\"width: 539px\" class=\"wp-caption aligncenter\"><img loading=\"lazy\" decoding=\"async\" class=\"size-large wp-image-93922\" src=\"https:\/\/newsestlyonnais.fr\/site\/medias\/2020\/01\/NEWSESTLYONNAIS-CHAL-PET-BRON-2020-650x904.jpg\" alt=\"\" width=\"539\" height=\"750\" srcset=\"https:\/\/newsestlyonnais.fr\/site\/wp-content\/uploads\/2020\/01\/NEWSESTLYONNAIS-CHAL-PET-BRON-2020-650x904.jpg 650w, https:\/\/newsestlyonnais.fr\/site\/wp-content\/uploads\/2020\/01\/NEWSESTLYONNAIS-CHAL-PET-BRON-2020-400x557.jpg 400w, https:\/\/newsestlyonnais.fr\/site\/wp-content\/uploads\/2020\/01\/NEWSESTLYONNAIS-CHAL-PET-BRON-2020-250x348.jpg 250w, https:\/\/newsestlyonnais.fr\/site\/wp-content\/uploads\/2020\/01\/NEWSESTLYONNAIS-CHAL-PET-BRON-2020-150x209.jpg 150w, https:\/\/newsestlyonnais.fr\/site\/wp-content\/uploads\/2020\/01\/NEWSESTLYONNAIS-CHAL-PET-BRON-2020-50x70.jpg 50w, https:\/\/newsestlyonnais.fr\/site\/wp-content\/uploads\/2020\/01\/NEWSESTLYONNAIS-CHAL-PET-BRON-2020-100x139.jpg 100w, https:\/\/newsestlyonnais.fr\/site\/wp-content\/uploads\/2020\/01\/NEWSESTLYONNAIS-CHAL-PET-BRON-2020-200x278.jpg 200w, https:\/\/newsestlyonnais.fr\/site\/wp-content\/uploads\/2020\/01\/NEWSESTLYONNAIS-CHAL-PET-BRON-2020-300x417.jpg 300w, https:\/\/newsestlyonnais.fr\/site\/wp-content\/uploads\/2020\/01\/NEWSESTLYONNAIS-CHAL-PET-BRON-2020-350x487.jpg 350w, https:\/\/newsestlyonnais.fr\/site\/wp-content\/uploads\/2020\/01\/NEWSESTLYONNAIS-CHAL-PET-BRON-2020-450x626.jpg 450w, https:\/\/newsestlyonnais.fr\/site\/wp-content\/uploads\/2020\/01\/NEWSESTLYONNAIS-CHAL-PET-BRON-2020-500x696.jpg 500w, https:\/\/newsestlyonnais.fr\/site\/wp-content\/uploads\/2020\/01\/NEWSESTLYONNAIS-CHAL-PET-BRON-2020-550x765.jpg 550w, https:\/\/newsestlyonnais.fr\/site\/wp-content\/uploads\/2020\/01\/NEWSESTLYONNAIS-CHAL-PET-BRON-2020.jpg 690w\" sizes=\"auto, (max-width: 539px) 100vw, 539px\" \/><figcaption id=\"caption-attachment-93922\" class=\"wp-caption-text\">4\u00b0 R\u00e9gional henri Bayada<\/figcaption><\/figure>\n","protected":false},"excerpt":{"rendered":"<p>Un concours en doublettes organis\u00e9 jeudi apr\u00e8s-midi par le club local au boulodrome Henri Bayada.<\/p>\n","protected":false},"author":4,"featured_media":70102,"comment_status":"open","ping_status":"open","sticky":false,"template":"","format":"standard","meta":{"footnotes":""},"categories":[2977,19,2978,2],"tags":[],"class_list":["post-96270","post","type-post","status-publish","format-standard","has-post-thumbnail","hentry","category-boules-petanque-sports","category-bron","category-petanque-sports","category-sports"],"yoast_head":"<!-- This site is optimized with the Yoast SEO plugin v27.2 - https:\/\/yoast.com\/product\/yoast-seo-wordpress\/ -->\n<title>BRON-TERRAILLON | Les r\u00e9sultats du GP v\u00e9t\u00e9rans de p\u00e9tanque - News Est Lyonnais<\/title>\n<meta name=\"description\" content=\"BRON-TERRAILLON | Les r\u00e9sultats du GP v\u00e9t\u00e9rans de p\u00e9tanque\" \/>\n<meta name=\"robots\" content=\"index, follow, max-snippet:-1, max-image-preview:large, max-video-preview:-1\" \/>\n<link rel=\"canonical\" href=\"https:\/\/newsestlyonnais.fr\/site\/2020\/02\/28\/bron-terraillon-les-resultats-du-gp-veterans-de-petanque\/\" \/>\n<meta property=\"og:locale\" content=\"fr_FR\" \/>\n<meta property=\"og:type\" content=\"article\" \/>\n<meta property=\"og:title\" content=\"BRON-TERRAILLON | Les r\u00e9sultats du GP v\u00e9t\u00e9rans de p\u00e9tanque - News Est Lyonnais\" \/>\n<meta property=\"og:description\" content=\"BRON-TERRAILLON | Les r\u00e9sultats du GP v\u00e9t\u00e9rans de p\u00e9tanque\" \/>\n<meta property=\"og:url\" content=\"https:\/\/newsestlyonnais.fr\/site\/2020\/02\/28\/bron-terraillon-les-resultats-du-gp-veterans-de-petanque\/\" \/>\n<meta property=\"og:site_name\" content=\"News Est Lyonnais\" \/>\n<meta property=\"article:author\" content=\"https:\/\/www.facebook.com\/pascal.oberson.1?fref=ts\" \/>\n<meta property=\"article:published_time\" content=\"2020-02-28T05:51:13+00:00\" \/>\n<meta property=\"article:modified_time\" content=\"2020-03-25T19:59:13+00:00\" \/>\n<meta property=\"og:image\" content=\"https:\/\/newsestlyonnais.fr\/site\/wp-content\/uploads\/2019\/03\/NEWSESTLYONNAIS-PHOTO-PETANQUE-1000x707.jpg\" \/>\n\t<meta property=\"og:image:width\" content=\"1000\" \/>\n\t<meta property=\"og:image:height\" content=\"707\" \/>\n\t<meta property=\"og:image:type\" content=\"image\/jpeg\" \/>\n<meta name=\"author\" content=\"R\u00e9dac. NEWS\" \/>\n<meta name=\"twitter:card\" content=\"summary_large_image\" \/>\n<meta name=\"twitter:label1\" content=\"\u00c9crit par\" \/>\n\t<meta name=\"twitter:data1\" content=\"R\u00e9dac. NEWS\" \/>\n\t<meta name=\"twitter:label2\" content=\"Dur\u00e9e de lecture estim\u00e9e\" \/>\n\t<meta name=\"twitter:data2\" content=\"1 minute\" \/>\n<script type=\"application\/ld+json\" class=\"yoast-schema-graph\">{\"@context\":\"https:\/\/schema.org\",\"@graph\":[{\"@type\":\"Article\",\"@id\":\"https:\/\/newsestlyonnais.fr\/site\/2020\/02\/28\/bron-terraillon-les-resultats-du-gp-veterans-de-petanque\/#article\",\"isPartOf\":{\"@id\":\"https:\/\/newsestlyonnais.fr\/site\/2020\/02\/28\/bron-terraillon-les-resultats-du-gp-veterans-de-petanque\/\"},\"author\":{\"name\":\"R\u00e9dac. NEWS\",\"@id\":\"https:\/\/newsestlyonnais.fr\/site\/#\/schema\/person\/3230d5615f390bb808365d673001e887\"},\"headline\":\"BRON-TERRAILLON | Les r\u00e9sultats du GP v\u00e9t\u00e9rans de p\u00e9tanque\",\"datePublished\":\"2020-02-28T05:51:13+00:00\",\"dateModified\":\"2020-03-25T19:59:13+00:00\",\"mainEntityOfPage\":{\"@id\":\"https:\/\/newsestlyonnais.fr\/site\/2020\/02\/28\/bron-terraillon-les-resultats-du-gp-veterans-de-petanque\/\"},\"wordCount\":145,\"commentCount\":0,\"publisher\":{\"@id\":\"https:\/\/newsestlyonnais.fr\/site\/#organization\"},\"image\":{\"@id\":\"https:\/\/newsestlyonnais.fr\/site\/2020\/02\/28\/bron-terraillon-les-resultats-du-gp-veterans-de-petanque\/#primaryimage\"},\"thumbnailUrl\":\"https:\/\/newsestlyonnais.fr\/site\/wp-content\/uploads\/2019\/03\/NEWSESTLYONNAIS-PHOTO-PETANQUE.jpg\",\"articleSection\":[\"Boules | P\u00e9tanque\",\"Bron\",\"P\u00e9tanque\",\"Sports\"],\"inLanguage\":\"fr-FR\",\"potentialAction\":[{\"@type\":\"CommentAction\",\"name\":\"Comment\",\"target\":[\"https:\/\/newsestlyonnais.fr\/site\/2020\/02\/28\/bron-terraillon-les-resultats-du-gp-veterans-de-petanque\/#respond\"]}]},{\"@type\":\"WebPage\",\"@id\":\"https:\/\/newsestlyonnais.fr\/site\/2020\/02\/28\/bron-terraillon-les-resultats-du-gp-veterans-de-petanque\/\",\"url\":\"https:\/\/newsestlyonnais.fr\/site\/2020\/02\/28\/bron-terraillon-les-resultats-du-gp-veterans-de-petanque\/\",\"name\":\"BRON-TERRAILLON | Les r\u00e9sultats du GP v\u00e9t\u00e9rans de p\u00e9tanque - News Est Lyonnais\",\"isPartOf\":{\"@id\":\"https:\/\/newsestlyonnais.fr\/site\/#website\"},\"primaryImageOfPage\":{\"@id\":\"https:\/\/newsestlyonnais.fr\/site\/2020\/02\/28\/bron-terraillon-les-resultats-du-gp-veterans-de-petanque\/#primaryimage\"},\"image\":{\"@id\":\"https:\/\/newsestlyonnais.fr\/site\/2020\/02\/28\/bron-terraillon-les-resultats-du-gp-veterans-de-petanque\/#primaryimage\"},\"thumbnailUrl\":\"https:\/\/newsestlyonnais.fr\/site\/wp-content\/uploads\/2019\/03\/NEWSESTLYONNAIS-PHOTO-PETANQUE.jpg\",\"datePublished\":\"2020-02-28T05:51:13+00:00\",\"dateModified\":\"2020-03-25T19:59:13+00:00\",\"description\":\"BRON-TERRAILLON | Les r\u00e9sultats du GP v\u00e9t\u00e9rans de p\u00e9tanque\",\"breadcrumb\":{\"@id\":\"https:\/\/newsestlyonnais.fr\/site\/2020\/02\/28\/bron-terraillon-les-resultats-du-gp-veterans-de-petanque\/#breadcrumb\"},\"inLanguage\":\"fr-FR\",\"potentialAction\":[{\"@type\":\"ReadAction\",\"target\":[\"https:\/\/newsestlyonnais.fr\/site\/2020\/02\/28\/bron-terraillon-les-resultats-du-gp-veterans-de-petanque\/\"]}]},{\"@type\":\"ImageObject\",\"inLanguage\":\"fr-FR\",\"@id\":\"https:\/\/newsestlyonnais.fr\/site\/2020\/02\/28\/bron-terraillon-les-resultats-du-gp-veterans-de-petanque\/#primaryimage\",\"url\":\"https:\/\/newsestlyonnais.fr\/site\/wp-content\/uploads\/2019\/03\/NEWSESTLYONNAIS-PHOTO-PETANQUE.jpg\",\"contentUrl\":\"https:\/\/newsestlyonnais.fr\/site\/wp-content\/uploads\/2019\/03\/NEWSESTLYONNAIS-PHOTO-PETANQUE.jpg\",\"width\":3548,\"height\":2510,\"caption\":\"NEWSESTLYONNAIS PHOTO PETANQUE\"},{\"@type\":\"BreadcrumbList\",\"@id\":\"https:\/\/newsestlyonnais.fr\/site\/2020\/02\/28\/bron-terraillon-les-resultats-du-gp-veterans-de-petanque\/#breadcrumb\",\"itemListElement\":[{\"@type\":\"ListItem\",\"position\":1,\"name\":\"Accueil\",\"item\":\"https:\/\/newsestlyonnais.fr\/site\/\"},{\"@type\":\"ListItem\",\"position\":2,\"name\":\"BRON-TERRAILLON | Les r\u00e9sultats du GP v\u00e9t\u00e9rans de p\u00e9tanque\"}]},{\"@type\":\"WebSite\",\"@id\":\"https:\/\/newsestlyonnais.fr\/site\/#website\",\"url\":\"https:\/\/newsestlyonnais.fr\/site\/\",\"name\":\"News Est Lyonnais\",\"description\":\"L&#039;actualit\u00e9 au plus pr\u00e8s\",\"publisher\":{\"@id\":\"https:\/\/newsestlyonnais.fr\/site\/#organization\"},\"potentialAction\":[{\"@type\":\"SearchAction\",\"target\":{\"@type\":\"EntryPoint\",\"urlTemplate\":\"https:\/\/newsestlyonnais.fr\/site\/?s={search_term_string}\"},\"query-input\":{\"@type\":\"PropertyValueSpecification\",\"valueRequired\":true,\"valueName\":\"search_term_string\"}}],\"inLanguage\":\"fr-FR\"},{\"@type\":\"Organization\",\"@id\":\"https:\/\/newsestlyonnais.fr\/site\/#organization\",\"name\":\"News EST LYONNAIS\",\"url\":\"https:\/\/newsestlyonnais.fr\/site\/\",\"logo\":{\"@type\":\"ImageObject\",\"inLanguage\":\"fr-FR\",\"@id\":\"https:\/\/newsestlyonnais.fr\/site\/#\/schema\/logo\/image\/\",\"url\":\"\",\"contentUrl\":\"\",\"caption\":\"News EST LYONNAIS\"},\"image\":{\"@id\":\"https:\/\/newsestlyonnais.fr\/site\/#\/schema\/logo\/image\/\"}},{\"@type\":\"Person\",\"@id\":\"https:\/\/newsestlyonnais.fr\/site\/#\/schema\/person\/3230d5615f390bb808365d673001e887\",\"name\":\"R\u00e9dac. NEWS\",\"sameAs\":[\"http:\/\/www.newsestlyonnais.fr\",\"https:\/\/www.facebook.com\/pascal.oberson.1?fref=ts\",\"https:\/\/fr.linkedin.com\/in\/pascal-oberson-b17045113\"],\"url\":\"https:\/\/newsestlyonnais.fr\/site\/author\/nel\/\"}]}<\/script>\n<!-- \/ Yoast SEO plugin. -->","yoast_head_json":{"title":"BRON-TERRAILLON | Les r\u00e9sultats du GP v\u00e9t\u00e9rans de p\u00e9tanque - News Est Lyonnais","description":"BRON-TERRAILLON | Les r\u00e9sultats du GP v\u00e9t\u00e9rans de p\u00e9tanque","robots":{"index":"index","follow":"follow","max-snippet":"max-snippet:-1","max-image-preview":"max-image-preview:large","max-video-preview":"max-video-preview:-1"},"canonical":"https:\/\/newsestlyonnais.fr\/site\/2020\/02\/28\/bron-terraillon-les-resultats-du-gp-veterans-de-petanque\/","og_locale":"fr_FR","og_type":"article","og_title":"BRON-TERRAILLON | Les r\u00e9sultats du GP v\u00e9t\u00e9rans de p\u00e9tanque - News Est Lyonnais","og_description":"BRON-TERRAILLON | Les r\u00e9sultats du GP v\u00e9t\u00e9rans de p\u00e9tanque","og_url":"https:\/\/newsestlyonnais.fr\/site\/2020\/02\/28\/bron-terraillon-les-resultats-du-gp-veterans-de-petanque\/","og_site_name":"News Est Lyonnais","article_author":"https:\/\/www.facebook.com\/pascal.oberson.1?fref=ts","article_published_time":"2020-02-28T05:51:13+00:00","article_modified_time":"2020-03-25T19:59:13+00:00","og_image":[{"width":1000,"height":707,"url":"https:\/\/newsestlyonnais.fr\/site\/wp-content\/uploads\/2019\/03\/NEWSESTLYONNAIS-PHOTO-PETANQUE-1000x707.jpg","type":"image\/jpeg"}],"author":"R\u00e9dac. NEWS","twitter_card":"summary_large_image","twitter_misc":{"\u00c9crit par":"R\u00e9dac. NEWS","Dur\u00e9e de lecture estim\u00e9e":"1 minute"},"schema":{"@context":"https:\/\/schema.org","@graph":[{"@type":"Article","@id":"https:\/\/newsestlyonnais.fr\/site\/2020\/02\/28\/bron-terraillon-les-resultats-du-gp-veterans-de-petanque\/#article","isPartOf":{"@id":"https:\/\/newsestlyonnais.fr\/site\/2020\/02\/28\/bron-terraillon-les-resultats-du-gp-veterans-de-petanque\/"},"author":{"name":"R\u00e9dac. NEWS","@id":"https:\/\/newsestlyonnais.fr\/site\/#\/schema\/person\/3230d5615f390bb808365d673001e887"},"headline":"BRON-TERRAILLON | Les r\u00e9sultats du GP v\u00e9t\u00e9rans de p\u00e9tanque","datePublished":"2020-02-28T05:51:13+00:00","dateModified":"2020-03-25T19:59:13+00:00","mainEntityOfPage":{"@id":"https:\/\/newsestlyonnais.fr\/site\/2020\/02\/28\/bron-terraillon-les-resultats-du-gp-veterans-de-petanque\/"},"wordCount":145,"commentCount":0,"publisher":{"@id":"https:\/\/newsestlyonnais.fr\/site\/#organization"},"image":{"@id":"https:\/\/newsestlyonnais.fr\/site\/2020\/02\/28\/bron-terraillon-les-resultats-du-gp-veterans-de-petanque\/#primaryimage"},"thumbnailUrl":"https:\/\/newsestlyonnais.fr\/site\/wp-content\/uploads\/2019\/03\/NEWSESTLYONNAIS-PHOTO-PETANQUE.jpg","articleSection":["Boules | P\u00e9tanque","Bron","P\u00e9tanque","Sports"],"inLanguage":"fr-FR","potentialAction":[{"@type":"CommentAction","name":"Comment","target":["https:\/\/newsestlyonnais.fr\/site\/2020\/02\/28\/bron-terraillon-les-resultats-du-gp-veterans-de-petanque\/#respond"]}]},{"@type":"WebPage","@id":"https:\/\/newsestlyonnais.fr\/site\/2020\/02\/28\/bron-terraillon-les-resultats-du-gp-veterans-de-petanque\/","url":"https:\/\/newsestlyonnais.fr\/site\/2020\/02\/28\/bron-terraillon-les-resultats-du-gp-veterans-de-petanque\/","name":"BRON-TERRAILLON | Les r\u00e9sultats du GP v\u00e9t\u00e9rans de p\u00e9tanque - News Est Lyonnais","isPartOf":{"@id":"https:\/\/newsestlyonnais.fr\/site\/#website"},"primaryImageOfPage":{"@id":"https:\/\/newsestlyonnais.fr\/site\/2020\/02\/28\/bron-terraillon-les-resultats-du-gp-veterans-de-petanque\/#primaryimage"},"image":{"@id":"https:\/\/newsestlyonnais.fr\/site\/2020\/02\/28\/bron-terraillon-les-resultats-du-gp-veterans-de-petanque\/#primaryimage"},"thumbnailUrl":"https:\/\/newsestlyonnais.fr\/site\/wp-content\/uploads\/2019\/03\/NEWSESTLYONNAIS-PHOTO-PETANQUE.jpg","datePublished":"2020-02-28T05:51:13+00:00","dateModified":"2020-03-25T19:59:13+00:00","description":"BRON-TERRAILLON | Les r\u00e9sultats du GP v\u00e9t\u00e9rans de p\u00e9tanque","breadcrumb":{"@id":"https:\/\/newsestlyonnais.fr\/site\/2020\/02\/28\/bron-terraillon-les-resultats-du-gp-veterans-de-petanque\/#breadcrumb"},"inLanguage":"fr-FR","potentialAction":[{"@type":"ReadAction","target":["https:\/\/newsestlyonnais.fr\/site\/2020\/02\/28\/bron-terraillon-les-resultats-du-gp-veterans-de-petanque\/"]}]},{"@type":"ImageObject","inLanguage":"fr-FR","@id":"https:\/\/newsestlyonnais.fr\/site\/2020\/02\/28\/bron-terraillon-les-resultats-du-gp-veterans-de-petanque\/#primaryimage","url":"https:\/\/newsestlyonnais.fr\/site\/wp-content\/uploads\/2019\/03\/NEWSESTLYONNAIS-PHOTO-PETANQUE.jpg","contentUrl":"https:\/\/newsestlyonnais.fr\/site\/wp-content\/uploads\/2019\/03\/NEWSESTLYONNAIS-PHOTO-PETANQUE.jpg","width":3548,"height":2510,"caption":"NEWSESTLYONNAIS PHOTO PETANQUE"},{"@type":"BreadcrumbList","@id":"https:\/\/newsestlyonnais.fr\/site\/2020\/02\/28\/bron-terraillon-les-resultats-du-gp-veterans-de-petanque\/#breadcrumb","itemListElement":[{"@type":"ListItem","position":1,"name":"Accueil","item":"https:\/\/newsestlyonnais.fr\/site\/"},{"@type":"ListItem","position":2,"name":"BRON-TERRAILLON | Les r\u00e9sultats du GP v\u00e9t\u00e9rans de p\u00e9tanque"}]},{"@type":"WebSite","@id":"https:\/\/newsestlyonnais.fr\/site\/#website","url":"https:\/\/newsestlyonnais.fr\/site\/","name":"News Est Lyonnais","description":"L&#039;actualit\u00e9 au plus pr\u00e8s","publisher":{"@id":"https:\/\/newsestlyonnais.fr\/site\/#organization"},"potentialAction":[{"@type":"SearchAction","target":{"@type":"EntryPoint","urlTemplate":"https:\/\/newsestlyonnais.fr\/site\/?s={search_term_string}"},"query-input":{"@type":"PropertyValueSpecification","valueRequired":true,"valueName":"search_term_string"}}],"inLanguage":"fr-FR"},{"@type":"Organization","@id":"https:\/\/newsestlyonnais.fr\/site\/#organization","name":"News EST LYONNAIS","url":"https:\/\/newsestlyonnais.fr\/site\/","logo":{"@type":"ImageObject","inLanguage":"fr-FR","@id":"https:\/\/newsestlyonnais.fr\/site\/#\/schema\/logo\/image\/","url":"","contentUrl":"","caption":"News EST LYONNAIS"},"image":{"@id":"https:\/\/newsestlyonnais.fr\/site\/#\/schema\/logo\/image\/"}},{"@type":"Person","@id":"https:\/\/newsestlyonnais.fr\/site\/#\/schema\/person\/3230d5615f390bb808365d673001e887","name":"R\u00e9dac. NEWS","sameAs":["http:\/\/www.newsestlyonnais.fr","https:\/\/www.facebook.com\/pascal.oberson.1?fref=ts","https:\/\/fr.linkedin.com\/in\/pascal-oberson-b17045113"],"url":"https:\/\/newsestlyonnais.fr\/site\/author\/nel\/"}]}},"_links":{"self":[{"href":"https:\/\/newsestlyonnais.fr\/site\/wp-json\/wp\/v2\/posts\/96270","targetHints":{"allow":["GET"]}}],"collection":[{"href":"https:\/\/newsestlyonnais.fr\/site\/wp-json\/wp\/v2\/posts"}],"about":[{"href":"https:\/\/newsestlyonnais.fr\/site\/wp-json\/wp\/v2\/types\/post"}],"author":[{"embeddable":true,"href":"https:\/\/newsestlyonnais.fr\/site\/wp-json\/wp\/v2\/users\/4"}],"replies":[{"embeddable":true,"href":"https:\/\/newsestlyonnais.fr\/site\/wp-json\/wp\/v2\/comments?post=96270"}],"version-history":[{"count":0,"href":"https:\/\/newsestlyonnais.fr\/site\/wp-json\/wp\/v2\/posts\/96270\/revisions"}],"wp:featuredmedia":[{"embeddable":true,"href":"https:\/\/newsestlyonnais.fr\/site\/wp-json\/wp\/v2\/media\/70102"}],"wp:attachment":[{"href":"https:\/\/newsestlyonnais.fr\/site\/wp-json\/wp\/v2\/media?parent=96270"}],"wp:term":[{"taxonomy":"category","embeddable":true,"href":"https:\/\/newsestlyonnais.fr\/site\/wp-json\/wp\/v2\/categories?post=96270"},{"taxonomy":"post_tag","embeddable":true,"href":"https:\/\/newsestlyonnais.fr\/site\/wp-json\/wp\/v2\/tags?post=96270"}],"curies":[{"name":"wp","href":"https:\/\/api.w.org\/{rel}","templated":true}]}}