{"id":96577,"date":"2020-03-02T18:49:05","date_gmt":"2020-03-02T17:49:05","guid":{"rendered":"http:\/\/newsestlyonnais.fr\/site\/?p=96577"},"modified":"2020-03-27T19:16:25","modified_gmt":"2020-03-27T18:16:25","slug":"genas-prevention-face-a-la-propagation-du-coronavirus-covid-19","status":"publish","type":"post","link":"https:\/\/newsestlyonnais.fr\/site\/2020\/03\/02\/genas-prevention-face-a-la-propagation-du-coronavirus-covid-19\/","title":{"rendered":"GENAS | Pr\u00e9vention face \u00e0 la propagation du Coronavirus COVID-19"},"content":{"rendered":"<p>Le 29 f\u00e9vrier dernier, le plan de pr\u00e9vention et de gestion de la crise sanitaire li\u00e9e \u00e0 l\u2019\u00e9pid\u00e9mie de Coronavirus COVID-19 est pass\u00e9 du stade 1 au stade 2. Ce rel\u00e8vement du niveau d\u2019alerte implique de prendre de nouvelles mesures afin de limiter la diffusion du virus.<\/p>\n<p>Soucieuse de participer \u00e0 l&rsquo;effort collectif pour endiguer sa propagation, <strong>la Ville de Genas met en place d\u00e8s aujourd\u2019hui des mesures de pr\u00e9vention \u00e0 l\u2019attention de ses usagers et de ses agents<\/strong>. Ainsi, <strong>tous les lieux d\u2019accueil du public disposent d\u00e9sormais de plusieurs exemplaires de gels hydroalcooliques.<\/strong> Dans la mesure du possible, les \u00e9changes par t\u00e9l\u00e9phone et mail seront d\u00e9sormais privil\u00e9gi\u00e9s et fortement encourag\u00e9s afin de limiter les contacts physiques dans des espaces confin\u00e9s. De la m\u00eame fa\u00e7on, des mesures de pr\u00e9caution adress\u00e9s aux \u00e9tablissements accueillant des enfants sont d\u00e9ploy\u00e9es d\u00e8s aujourd\u2019hui et en pr\u00e9vision de la rentr\u00e9e scolaire de lundi 9 mars.<\/p>\n<p>Toutes les mesures adopt\u00e9es ce jour ont vocation \u00e0 \u00eatre r\u00e9\u00e9valu\u00e9es en fonction de l&rsquo;\u00e9volution de la situation.<\/p>\n<p>________________________________________________________________________________<\/p>\n<p>Pour informer la population des dispositions instaur\u00e9es par la Ville de Genas, <strong>une rubrique d\u00e9di\u00e9e<\/strong>, disponible depuis la page d\u2019accueil de\u00a0<a href=\"http:\/\/genas.fr\">http:\/\/genas.fr<\/a> , <strong>est d\u00e9sormais en ligne<\/strong>.<\/p>\n<p>________________________________________________________________________________<\/p>\n<ul>\n<li><strong>Source<\/strong> : communiqu\u00e9 de presse de ce jour de la Ville de Genas.<\/li>\n<\/ul>\n","protected":false},"excerpt":{"rendered":"<p>La Ville de Genas met en place des mesures de pr\u00e9vention face \u00e0 sa propagation.<\/p>\n","protected":false},"author":4,"featured_media":0,"comment_status":"open","ping_status":"open","sticky":false,"template":"","format":"standard","meta":{"footnotes":""},"categories":[2217,270,1598,18],"tags":[],"class_list":["post-96577","post","type-post","status-publish","format-standard","hentry","category-breves-de-lest-lyonnais","category-cte-de-communes-c-c-e-l","category-genas","category-sante-bien-etre-solidarite"],"yoast_head":"<!-- This site is optimized with the Yoast SEO plugin v27.2 - https:\/\/yoast.com\/product\/yoast-seo-wordpress\/ -->\n<title>GENAS | Pr\u00e9vention face \u00e0 la propagation du Coronavirus COVID-19 - News Est Lyonnais<\/title>\n<meta name=\"description\" content=\"GENAS | Pr\u00e9vention face \u00e0 la propagation du Coronavirus COVID-19\" \/>\n<meta name=\"robots\" content=\"index, follow, max-snippet:-1, max-image-preview:large, max-video-preview:-1\" \/>\n<link rel=\"canonical\" href=\"https:\/\/newsestlyonnais.fr\/site\/2020\/03\/02\/genas-prevention-face-a-la-propagation-du-coronavirus-covid-19\/\" \/>\n<meta property=\"og:locale\" content=\"fr_FR\" \/>\n<meta property=\"og:type\" content=\"article\" \/>\n<meta property=\"og:title\" content=\"GENAS | Pr\u00e9vention face \u00e0 la propagation du Coronavirus COVID-19 - News Est Lyonnais\" \/>\n<meta property=\"og:description\" content=\"GENAS | Pr\u00e9vention face \u00e0 la propagation du Coronavirus COVID-19\" \/>\n<meta property=\"og:url\" content=\"https:\/\/newsestlyonnais.fr\/site\/2020\/03\/02\/genas-prevention-face-a-la-propagation-du-coronavirus-covid-19\/\" \/>\n<meta property=\"og:site_name\" content=\"News Est Lyonnais\" \/>\n<meta property=\"article:author\" content=\"https:\/\/www.facebook.com\/pascal.oberson.1?fref=ts\" \/>\n<meta property=\"article:published_time\" content=\"2020-03-02T17:49:05+00:00\" \/>\n<meta property=\"article:modified_time\" content=\"2020-03-27T18:16:25+00:00\" \/>\n<meta name=\"author\" content=\"R\u00e9dac. NEWS\" \/>\n<meta name=\"twitter:card\" content=\"summary_large_image\" \/>\n<meta name=\"twitter:label1\" content=\"\u00c9crit par\" \/>\n\t<meta name=\"twitter:data1\" content=\"R\u00e9dac. NEWS\" \/>\n\t<meta name=\"twitter:label2\" content=\"Dur\u00e9e de lecture estim\u00e9e\" \/>\n\t<meta name=\"twitter:data2\" content=\"1 minute\" \/>\n<script type=\"application\/ld+json\" class=\"yoast-schema-graph\">{\"@context\":\"https:\/\/schema.org\",\"@graph\":[{\"@type\":\"Article\",\"@id\":\"https:\/\/newsestlyonnais.fr\/site\/2020\/03\/02\/genas-prevention-face-a-la-propagation-du-coronavirus-covid-19\/#article\",\"isPartOf\":{\"@id\":\"https:\/\/newsestlyonnais.fr\/site\/2020\/03\/02\/genas-prevention-face-a-la-propagation-du-coronavirus-covid-19\/\"},\"author\":{\"name\":\"R\u00e9dac. NEWS\",\"@id\":\"https:\/\/newsestlyonnais.fr\/site\/#\/schema\/person\/3230d5615f390bb808365d673001e887\"},\"headline\":\"GENAS | Pr\u00e9vention face \u00e0 la propagation du Coronavirus COVID-19\",\"datePublished\":\"2020-03-02T17:49:05+00:00\",\"dateModified\":\"2020-03-27T18:16:25+00:00\",\"mainEntityOfPage\":{\"@id\":\"https:\/\/newsestlyonnais.fr\/site\/2020\/03\/02\/genas-prevention-face-a-la-propagation-du-coronavirus-covid-19\/\"},\"wordCount\":249,\"commentCount\":0,\"publisher\":{\"@id\":\"https:\/\/newsestlyonnais.fr\/site\/#organization\"},\"articleSection\":[\"Br\u00e8ves de l'Est lyonnais\",\"CCEL | Communes\",\"Genas\",\"Sant\u00e9 | Bien Etre | Solidarit\u00e9\"],\"inLanguage\":\"fr-FR\",\"potentialAction\":[{\"@type\":\"CommentAction\",\"name\":\"Comment\",\"target\":[\"https:\/\/newsestlyonnais.fr\/site\/2020\/03\/02\/genas-prevention-face-a-la-propagation-du-coronavirus-covid-19\/#respond\"]}]},{\"@type\":\"WebPage\",\"@id\":\"https:\/\/newsestlyonnais.fr\/site\/2020\/03\/02\/genas-prevention-face-a-la-propagation-du-coronavirus-covid-19\/\",\"url\":\"https:\/\/newsestlyonnais.fr\/site\/2020\/03\/02\/genas-prevention-face-a-la-propagation-du-coronavirus-covid-19\/\",\"name\":\"GENAS | Pr\u00e9vention face \u00e0 la propagation du Coronavirus COVID-19 - News Est Lyonnais\",\"isPartOf\":{\"@id\":\"https:\/\/newsestlyonnais.fr\/site\/#website\"},\"datePublished\":\"2020-03-02T17:49:05+00:00\",\"dateModified\":\"2020-03-27T18:16:25+00:00\",\"description\":\"GENAS | Pr\u00e9vention face \u00e0 la propagation du Coronavirus COVID-19\",\"breadcrumb\":{\"@id\":\"https:\/\/newsestlyonnais.fr\/site\/2020\/03\/02\/genas-prevention-face-a-la-propagation-du-coronavirus-covid-19\/#breadcrumb\"},\"inLanguage\":\"fr-FR\",\"potentialAction\":[{\"@type\":\"ReadAction\",\"target\":[\"https:\/\/newsestlyonnais.fr\/site\/2020\/03\/02\/genas-prevention-face-a-la-propagation-du-coronavirus-covid-19\/\"]}]},{\"@type\":\"BreadcrumbList\",\"@id\":\"https:\/\/newsestlyonnais.fr\/site\/2020\/03\/02\/genas-prevention-face-a-la-propagation-du-coronavirus-covid-19\/#breadcrumb\",\"itemListElement\":[{\"@type\":\"ListItem\",\"position\":1,\"name\":\"Accueil\",\"item\":\"https:\/\/newsestlyonnais.fr\/site\/\"},{\"@type\":\"ListItem\",\"position\":2,\"name\":\"GENAS | Pr\u00e9vention face \u00e0 la propagation du Coronavirus COVID-19\"}]},{\"@type\":\"WebSite\",\"@id\":\"https:\/\/newsestlyonnais.fr\/site\/#website\",\"url\":\"https:\/\/newsestlyonnais.fr\/site\/\",\"name\":\"News Est Lyonnais\",\"description\":\"L&#039;actualit\u00e9 au plus pr\u00e8s\",\"publisher\":{\"@id\":\"https:\/\/newsestlyonnais.fr\/site\/#organization\"},\"potentialAction\":[{\"@type\":\"SearchAction\",\"target\":{\"@type\":\"EntryPoint\",\"urlTemplate\":\"https:\/\/newsestlyonnais.fr\/site\/?s={search_term_string}\"},\"query-input\":{\"@type\":\"PropertyValueSpecification\",\"valueRequired\":true,\"valueName\":\"search_term_string\"}}],\"inLanguage\":\"fr-FR\"},{\"@type\":\"Organization\",\"@id\":\"https:\/\/newsestlyonnais.fr\/site\/#organization\",\"name\":\"News EST LYONNAIS\",\"url\":\"https:\/\/newsestlyonnais.fr\/site\/\",\"logo\":{\"@type\":\"ImageObject\",\"inLanguage\":\"fr-FR\",\"@id\":\"https:\/\/newsestlyonnais.fr\/site\/#\/schema\/logo\/image\/\",\"url\":\"\",\"contentUrl\":\"\",\"caption\":\"News EST LYONNAIS\"},\"image\":{\"@id\":\"https:\/\/newsestlyonnais.fr\/site\/#\/schema\/logo\/image\/\"}},{\"@type\":\"Person\",\"@id\":\"https:\/\/newsestlyonnais.fr\/site\/#\/schema\/person\/3230d5615f390bb808365d673001e887\",\"name\":\"R\u00e9dac. NEWS\",\"sameAs\":[\"http:\/\/www.newsestlyonnais.fr\",\"https:\/\/www.facebook.com\/pascal.oberson.1?fref=ts\",\"https:\/\/fr.linkedin.com\/in\/pascal-oberson-b17045113\"],\"url\":\"https:\/\/newsestlyonnais.fr\/site\/author\/nel\/\"}]}<\/script>\n<!-- \/ Yoast SEO plugin. -->","yoast_head_json":{"title":"GENAS | Pr\u00e9vention face \u00e0 la propagation du Coronavirus COVID-19 - News Est Lyonnais","description":"GENAS | Pr\u00e9vention face \u00e0 la propagation du Coronavirus COVID-19","robots":{"index":"index","follow":"follow","max-snippet":"max-snippet:-1","max-image-preview":"max-image-preview:large","max-video-preview":"max-video-preview:-1"},"canonical":"https:\/\/newsestlyonnais.fr\/site\/2020\/03\/02\/genas-prevention-face-a-la-propagation-du-coronavirus-covid-19\/","og_locale":"fr_FR","og_type":"article","og_title":"GENAS | Pr\u00e9vention face \u00e0 la propagation du Coronavirus COVID-19 - News Est Lyonnais","og_description":"GENAS | Pr\u00e9vention face \u00e0 la propagation du Coronavirus COVID-19","og_url":"https:\/\/newsestlyonnais.fr\/site\/2020\/03\/02\/genas-prevention-face-a-la-propagation-du-coronavirus-covid-19\/","og_site_name":"News Est Lyonnais","article_author":"https:\/\/www.facebook.com\/pascal.oberson.1?fref=ts","article_published_time":"2020-03-02T17:49:05+00:00","article_modified_time":"2020-03-27T18:16:25+00:00","author":"R\u00e9dac. NEWS","twitter_card":"summary_large_image","twitter_misc":{"\u00c9crit par":"R\u00e9dac. NEWS","Dur\u00e9e de lecture estim\u00e9e":"1 minute"},"schema":{"@context":"https:\/\/schema.org","@graph":[{"@type":"Article","@id":"https:\/\/newsestlyonnais.fr\/site\/2020\/03\/02\/genas-prevention-face-a-la-propagation-du-coronavirus-covid-19\/#article","isPartOf":{"@id":"https:\/\/newsestlyonnais.fr\/site\/2020\/03\/02\/genas-prevention-face-a-la-propagation-du-coronavirus-covid-19\/"},"author":{"name":"R\u00e9dac. NEWS","@id":"https:\/\/newsestlyonnais.fr\/site\/#\/schema\/person\/3230d5615f390bb808365d673001e887"},"headline":"GENAS | Pr\u00e9vention face \u00e0 la propagation du Coronavirus COVID-19","datePublished":"2020-03-02T17:49:05+00:00","dateModified":"2020-03-27T18:16:25+00:00","mainEntityOfPage":{"@id":"https:\/\/newsestlyonnais.fr\/site\/2020\/03\/02\/genas-prevention-face-a-la-propagation-du-coronavirus-covid-19\/"},"wordCount":249,"commentCount":0,"publisher":{"@id":"https:\/\/newsestlyonnais.fr\/site\/#organization"},"articleSection":["Br\u00e8ves de l'Est lyonnais","CCEL | Communes","Genas","Sant\u00e9 | Bien Etre | Solidarit\u00e9"],"inLanguage":"fr-FR","potentialAction":[{"@type":"CommentAction","name":"Comment","target":["https:\/\/newsestlyonnais.fr\/site\/2020\/03\/02\/genas-prevention-face-a-la-propagation-du-coronavirus-covid-19\/#respond"]}]},{"@type":"WebPage","@id":"https:\/\/newsestlyonnais.fr\/site\/2020\/03\/02\/genas-prevention-face-a-la-propagation-du-coronavirus-covid-19\/","url":"https:\/\/newsestlyonnais.fr\/site\/2020\/03\/02\/genas-prevention-face-a-la-propagation-du-coronavirus-covid-19\/","name":"GENAS | Pr\u00e9vention face \u00e0 la propagation du Coronavirus COVID-19 - News Est Lyonnais","isPartOf":{"@id":"https:\/\/newsestlyonnais.fr\/site\/#website"},"datePublished":"2020-03-02T17:49:05+00:00","dateModified":"2020-03-27T18:16:25+00:00","description":"GENAS | Pr\u00e9vention face \u00e0 la propagation du Coronavirus COVID-19","breadcrumb":{"@id":"https:\/\/newsestlyonnais.fr\/site\/2020\/03\/02\/genas-prevention-face-a-la-propagation-du-coronavirus-covid-19\/#breadcrumb"},"inLanguage":"fr-FR","potentialAction":[{"@type":"ReadAction","target":["https:\/\/newsestlyonnais.fr\/site\/2020\/03\/02\/genas-prevention-face-a-la-propagation-du-coronavirus-covid-19\/"]}]},{"@type":"BreadcrumbList","@id":"https:\/\/newsestlyonnais.fr\/site\/2020\/03\/02\/genas-prevention-face-a-la-propagation-du-coronavirus-covid-19\/#breadcrumb","itemListElement":[{"@type":"ListItem","position":1,"name":"Accueil","item":"https:\/\/newsestlyonnais.fr\/site\/"},{"@type":"ListItem","position":2,"name":"GENAS | Pr\u00e9vention face \u00e0 la propagation du Coronavirus COVID-19"}]},{"@type":"WebSite","@id":"https:\/\/newsestlyonnais.fr\/site\/#website","url":"https:\/\/newsestlyonnais.fr\/site\/","name":"News Est Lyonnais","description":"L&#039;actualit\u00e9 au plus pr\u00e8s","publisher":{"@id":"https:\/\/newsestlyonnais.fr\/site\/#organization"},"potentialAction":[{"@type":"SearchAction","target":{"@type":"EntryPoint","urlTemplate":"https:\/\/newsestlyonnais.fr\/site\/?s={search_term_string}"},"query-input":{"@type":"PropertyValueSpecification","valueRequired":true,"valueName":"search_term_string"}}],"inLanguage":"fr-FR"},{"@type":"Organization","@id":"https:\/\/newsestlyonnais.fr\/site\/#organization","name":"News EST LYONNAIS","url":"https:\/\/newsestlyonnais.fr\/site\/","logo":{"@type":"ImageObject","inLanguage":"fr-FR","@id":"https:\/\/newsestlyonnais.fr\/site\/#\/schema\/logo\/image\/","url":"","contentUrl":"","caption":"News EST LYONNAIS"},"image":{"@id":"https:\/\/newsestlyonnais.fr\/site\/#\/schema\/logo\/image\/"}},{"@type":"Person","@id":"https:\/\/newsestlyonnais.fr\/site\/#\/schema\/person\/3230d5615f390bb808365d673001e887","name":"R\u00e9dac. NEWS","sameAs":["http:\/\/www.newsestlyonnais.fr","https:\/\/www.facebook.com\/pascal.oberson.1?fref=ts","https:\/\/fr.linkedin.com\/in\/pascal-oberson-b17045113"],"url":"https:\/\/newsestlyonnais.fr\/site\/author\/nel\/"}]}},"_links":{"self":[{"href":"https:\/\/newsestlyonnais.fr\/site\/wp-json\/wp\/v2\/posts\/96577","targetHints":{"allow":["GET"]}}],"collection":[{"href":"https:\/\/newsestlyonnais.fr\/site\/wp-json\/wp\/v2\/posts"}],"about":[{"href":"https:\/\/newsestlyonnais.fr\/site\/wp-json\/wp\/v2\/types\/post"}],"author":[{"embeddable":true,"href":"https:\/\/newsestlyonnais.fr\/site\/wp-json\/wp\/v2\/users\/4"}],"replies":[{"embeddable":true,"href":"https:\/\/newsestlyonnais.fr\/site\/wp-json\/wp\/v2\/comments?post=96577"}],"version-history":[{"count":0,"href":"https:\/\/newsestlyonnais.fr\/site\/wp-json\/wp\/v2\/posts\/96577\/revisions"}],"wp:attachment":[{"href":"https:\/\/newsestlyonnais.fr\/site\/wp-json\/wp\/v2\/media?parent=96577"}],"wp:term":[{"taxonomy":"category","embeddable":true,"href":"https:\/\/newsestlyonnais.fr\/site\/wp-json\/wp\/v2\/categories?post=96577"},{"taxonomy":"post_tag","embeddable":true,"href":"https:\/\/newsestlyonnais.fr\/site\/wp-json\/wp\/v2\/tags?post=96577"}],"curies":[{"name":"wp","href":"https:\/\/api.w.org\/{rel}","templated":true}]}}