{"id":96680,"date":"2020-03-26T10:44:40","date_gmt":"2020-03-26T09:44:40","guid":{"rendered":"http:\/\/newsestlyonnais.fr\/site\/?p=96680"},"modified":"2022-02-18T14:43:24","modified_gmt":"2022-02-18T13:43:24","slug":"don-du-sang-collectes-de-mars-et-avril-en-region-lyonnaise","status":"publish","type":"post","link":"https:\/\/newsestlyonnais.fr\/site\/2020\/03\/26\/don-du-sang-collectes-de-mars-et-avril-en-region-lyonnaise\/","title":{"rendered":"Don du sang | Collectes mars et avril en r\u00e9gion lyonnaise"},"content":{"rendered":"<p>Les donneurs sont invit\u00e9s d\u00e8s maintenant \u00e0 se mobiliser afin de permettre \u00e0 l\u2019EFS de reconstituer un bon niveau de stock au cours de cette p\u00e9riode tr\u00e8s sensible et r\u00e9pondre aux besoins des malades qui restent permanents et importants.<\/p>\n<p>_______________________________________________________________________________<\/p>\n<p><span style=\"background-color: #000000; color: #ffffff;\"><span style=\"text-decoration: underline;\"><strong>Les collectes de l\u2019E.F.S. pr\u00e9vues en mars et avril 2020 dans l\u2019Est Lyonnais<\/strong><\/span> :<\/span><\/p>\n<ul>\n<li>\n<div class=\"date-item\"><strong><span class=\"date\">Mardi 17 mars <\/span><\/strong> <span class=\"schedule\"><span class=\"schedule\"> de 15 h 15 \u00e0 19 h 15 \u00e0 <\/span><\/span><strong>GENAS<\/strong> (Complexe Sportif Marcel Gonzal\u00e8s, 2 rue de la Fraternit\u00e9).<\/div>\n<\/li>\n<li><strong><span class=\"date\">Jeudi 26 mars <\/span><\/strong> <span class=\"schedule\"> de 15 h 30 \u00e0 19 h \u00e0 <strong>CORBAS<\/strong> (Salle des F\u00eates, Place Charles Jocteur).<br \/>\n<\/span><\/li>\n<li>\n<div class=\"dates\">\n<div class=\"date-item\"><strong><span class=\"date\">Vendredi 27 mars <\/span><\/strong> <span class=\"schedule\"> de 13 h 30 \u00e0 19 h 30 \u00e0 <strong>LYON <\/strong><strong>7<\/strong> (Mairie du 7\u00b0 &#8211; Salle Villon + Salle des Mariages, 16 Place Jean Mac\u00e9) &amp; <\/span> <span class=\"schedule\"> de 15 h 30 \u00e0 19 h<\/span> \u00e0 <strong>MEYZIEU<\/strong> (Maison des Associations Simone Andr\u00e9, Place Jean\u00a0 Monnet).<\/div>\n<div><\/div>\n<\/div>\n<\/li>\n<li><strong> <span class=\"date\">Mercredi 1\u00b0 avril <\/span><\/strong> <span class=\"schedule\"> de 15 h \u00e0 19 h \u00e0 <strong>RILLIEUX-LA-PAPE<\/strong> (Salle Simone Veil, 347 rue Capitaine Julien).<br \/>\n<\/span><\/li>\n<li><strong><span class=\"date\">Jeudi 2 avril <\/span><\/strong> <span class=\"schedule\"> de 11 h 45 \u00e0 19 h \u00e0 <strong>LYON 8<\/strong> (Mairie du 8\u00b0 &#8211; Espace Citoyen, 12 Avenue Jean Mermoz).<br \/>\n<\/span><\/li>\n<li><strong><span class=\"date\">Mardi 14 avril <\/span><\/strong> <span class=\"schedule\"> de 10 h \u00e0 19 h \u00e0 <strong>VILLEURBANNE<\/strong> (3 bus stationn\u00e9s 1 rue Aristide Briand).<br \/>\n<\/span><\/li>\n<li><strong>Mercredi 15 avril<\/strong> de 16 h \u00e0 19 h : <strong>CHAPONNAY<\/strong> (Espace Jean, Gabin, salle Plantier).<\/li>\n<li><span class=\"date\"><strong>Mercredi 22 avril<\/strong> <\/span> <span class=\"schedule\"> de 15 h 30 \u00e0 19 h \u00e0 <strong>SAINT-PRIEST<\/strong> (Salle Mosaique, 47\/49 Rue Aristide Briand).<br \/>\n<\/span><\/li>\n<li><strong><span class=\"date\">Jeudi 23 avril <\/span><\/strong> <span class=\"schedule\"> de 12 h \u00e0 19 h \u00e0 <strong>MIRIBEL<\/strong> (Salle ALLEGRO, 34 avenue\u00a0 Jos\u00e9phine Guillon).<br \/>\n<\/span><\/li>\n<\/ul>\n<p>&#8212;&#8212;&#8212;&#8212;&#8212;&#8212;&#8212;&#8212;&#8212;&#8212;&#8212;&#8212;&#8212;&#8212;&#8212;&#8212;&#8212;&#8212;&#8212;&#8212;&#8212;&#8212;&#8212;&#8212;&#8212;&#8212;&#8212;&#8212;&#8212;&#8212;&#8212;&#8212;&#8212;&#8212;&#8212;&#8212;&#8212;&#8212;&#8212;&#8212;&#8212;&#8212;&#8212;&#8212;&#8212;&#8211;<\/p>\n<p><em><strong>P<\/strong><strong>lus d\u2019infos sur : <a href=\"https:\/\/dondesang.efs.sante.fr\">https:\/\/dondesang.efs.sante.fr<\/a><\/strong><\/em><\/p>\n<p>&#8212;&#8212;&#8212;&#8212;&#8212;&#8212;&#8212;&#8212;&#8212;&#8212;&#8212;&#8212;&#8212;&#8212;&#8212;&#8212;&#8212;&#8212;&#8212;&#8212;&#8212;&#8212;&#8212;&#8212;&#8212;&#8212;&#8212;&#8212;&#8212;&#8212;&#8212;&#8212;&#8212;&#8212;&#8212;&#8212;&#8212;&#8212;&#8212;&#8212;&#8212;&#8212;&#8212;&#8212;&#8212;&#8211;<\/p>\n","protected":false},"excerpt":{"rendered":"<p>L\u2019\u00c9tablissement fran\u00e7ais du sang invite les citoyens \u00e0 faire un cadeau utile en donnant leur sang.<\/p>\n","protected":false},"author":4,"featured_media":92203,"comment_status":"open","ping_status":"open","sticky":false,"template":"","format":"standard","meta":{"footnotes":""},"categories":[156,270,4148,1295,1287,1598,1625,24,1623,1296,18,29],"tags":[],"class_list":["post-96680","post","type-post","status-publish","format-standard","has-post-thumbnail","hentry","category-ain","category-cte-de-communes-c-c-e-l","category-chaponnay","category-chaponnay-ternay-pays-dozon","category-corbas-feyzin","category-genas","category-lyon","category-meyzieu","category-rillieux-la-pape","category-sain-priest","category-sante-bien-etre-solidarite","category-villeurbanne"],"yoast_head":"<!-- This site is optimized with the Yoast SEO plugin v27.2 - https:\/\/yoast.com\/product\/yoast-seo-wordpress\/ -->\n<title>Don du sang | Collectes mars et avril en r\u00e9gion lyonnaise - News Est Lyonnais<\/title>\n<meta name=\"description\" content=\"Don du sang | Collectes de mars et avril en r\u00e9gion lyonnaise\" \/>\n<meta name=\"robots\" content=\"index, follow, max-snippet:-1, max-image-preview:large, max-video-preview:-1\" \/>\n<link rel=\"canonical\" href=\"https:\/\/newsestlyonnais.fr\/site\/2020\/03\/26\/don-du-sang-collectes-de-mars-et-avril-en-region-lyonnaise\/\" \/>\n<meta property=\"og:locale\" content=\"fr_FR\" \/>\n<meta property=\"og:type\" content=\"article\" \/>\n<meta property=\"og:title\" content=\"Don du sang | Collectes mars et avril en r\u00e9gion lyonnaise - News Est Lyonnais\" \/>\n<meta property=\"og:description\" content=\"Don du sang | Collectes de mars et avril en r\u00e9gion lyonnaise\" \/>\n<meta property=\"og:url\" content=\"https:\/\/newsestlyonnais.fr\/site\/2020\/03\/26\/don-du-sang-collectes-de-mars-et-avril-en-region-lyonnaise\/\" \/>\n<meta property=\"og:site_name\" content=\"News Est Lyonnais\" \/>\n<meta property=\"article:author\" content=\"https:\/\/www.facebook.com\/pascal.oberson.1?fref=ts\" \/>\n<meta property=\"article:published_time\" content=\"2020-03-26T09:44:40+00:00\" \/>\n<meta property=\"article:modified_time\" content=\"2022-02-18T13:43:24+00:00\" \/>\n<meta property=\"og:image\" content=\"https:\/\/newsestlyonnais.fr\/site\/wp-content\/uploads\/2019\/12\/NEWSESTLYONNAIS-DON-DE-SANG.jpg\" \/>\n\t<meta property=\"og:image:width\" content=\"960\" \/>\n\t<meta property=\"og:image:height\" content=\"720\" \/>\n\t<meta property=\"og:image:type\" content=\"image\/jpeg\" \/>\n<meta name=\"author\" content=\"R\u00e9dac. NEWS\" \/>\n<meta name=\"twitter:card\" content=\"summary_large_image\" \/>\n<meta name=\"twitter:label1\" content=\"\u00c9crit par\" \/>\n\t<meta name=\"twitter:data1\" content=\"R\u00e9dac. NEWS\" \/>\n\t<meta name=\"twitter:label2\" content=\"Dur\u00e9e de lecture estim\u00e9e\" \/>\n\t<meta name=\"twitter:data2\" content=\"2 minutes\" \/>\n<script type=\"application\/ld+json\" class=\"yoast-schema-graph\">{\"@context\":\"https:\/\/schema.org\",\"@graph\":[{\"@type\":\"Article\",\"@id\":\"https:\/\/newsestlyonnais.fr\/site\/2020\/03\/26\/don-du-sang-collectes-de-mars-et-avril-en-region-lyonnaise\/#article\",\"isPartOf\":{\"@id\":\"https:\/\/newsestlyonnais.fr\/site\/2020\/03\/26\/don-du-sang-collectes-de-mars-et-avril-en-region-lyonnaise\/\"},\"author\":{\"name\":\"R\u00e9dac. NEWS\",\"@id\":\"https:\/\/newsestlyonnais.fr\/site\/#\/schema\/person\/3230d5615f390bb808365d673001e887\"},\"headline\":\"Don du sang | Collectes mars et avril en r\u00e9gion lyonnaise\",\"datePublished\":\"2020-03-26T09:44:40+00:00\",\"dateModified\":\"2022-02-18T13:43:24+00:00\",\"mainEntityOfPage\":{\"@id\":\"https:\/\/newsestlyonnais.fr\/site\/2020\/03\/26\/don-du-sang-collectes-de-mars-et-avril-en-region-lyonnaise\/\"},\"wordCount\":213,\"commentCount\":0,\"publisher\":{\"@id\":\"https:\/\/newsestlyonnais.fr\/site\/#organization\"},\"image\":{\"@id\":\"https:\/\/newsestlyonnais.fr\/site\/2020\/03\/26\/don-du-sang-collectes-de-mars-et-avril-en-region-lyonnaise\/#primaryimage\"},\"thumbnailUrl\":\"https:\/\/newsestlyonnais.fr\/site\/wp-content\/uploads\/2019\/12\/NEWSESTLYONNAIS-DON-DE-SANG.jpg\",\"articleSection\":[\"Ain (01)\",\"CCEL | Communes\",\"Chaponnay\",\"Chaponnay | Ternay | Pays d'Ozon\",\"Corbas | Feyzin\",\"Genas\",\"Lyon\",\"Meyzieu\",\"Rillieux-la-Pape\",\"Saint-Priest\",\"Sant\u00e9 | Bien Etre | Solidarit\u00e9\",\"Villeurbanne\"],\"inLanguage\":\"fr-FR\",\"potentialAction\":[{\"@type\":\"CommentAction\",\"name\":\"Comment\",\"target\":[\"https:\/\/newsestlyonnais.fr\/site\/2020\/03\/26\/don-du-sang-collectes-de-mars-et-avril-en-region-lyonnaise\/#respond\"]}]},{\"@type\":\"WebPage\",\"@id\":\"https:\/\/newsestlyonnais.fr\/site\/2020\/03\/26\/don-du-sang-collectes-de-mars-et-avril-en-region-lyonnaise\/\",\"url\":\"https:\/\/newsestlyonnais.fr\/site\/2020\/03\/26\/don-du-sang-collectes-de-mars-et-avril-en-region-lyonnaise\/\",\"name\":\"Don du sang | Collectes mars et avril en r\u00e9gion lyonnaise - News Est Lyonnais\",\"isPartOf\":{\"@id\":\"https:\/\/newsestlyonnais.fr\/site\/#website\"},\"primaryImageOfPage\":{\"@id\":\"https:\/\/newsestlyonnais.fr\/site\/2020\/03\/26\/don-du-sang-collectes-de-mars-et-avril-en-region-lyonnaise\/#primaryimage\"},\"image\":{\"@id\":\"https:\/\/newsestlyonnais.fr\/site\/2020\/03\/26\/don-du-sang-collectes-de-mars-et-avril-en-region-lyonnaise\/#primaryimage\"},\"thumbnailUrl\":\"https:\/\/newsestlyonnais.fr\/site\/wp-content\/uploads\/2019\/12\/NEWSESTLYONNAIS-DON-DE-SANG.jpg\",\"datePublished\":\"2020-03-26T09:44:40+00:00\",\"dateModified\":\"2022-02-18T13:43:24+00:00\",\"description\":\"Don du sang | Collectes de mars et avril en r\u00e9gion lyonnaise\",\"breadcrumb\":{\"@id\":\"https:\/\/newsestlyonnais.fr\/site\/2020\/03\/26\/don-du-sang-collectes-de-mars-et-avril-en-region-lyonnaise\/#breadcrumb\"},\"inLanguage\":\"fr-FR\",\"potentialAction\":[{\"@type\":\"ReadAction\",\"target\":[\"https:\/\/newsestlyonnais.fr\/site\/2020\/03\/26\/don-du-sang-collectes-de-mars-et-avril-en-region-lyonnaise\/\"]}]},{\"@type\":\"ImageObject\",\"inLanguage\":\"fr-FR\",\"@id\":\"https:\/\/newsestlyonnais.fr\/site\/2020\/03\/26\/don-du-sang-collectes-de-mars-et-avril-en-region-lyonnaise\/#primaryimage\",\"url\":\"https:\/\/newsestlyonnais.fr\/site\/wp-content\/uploads\/2019\/12\/NEWSESTLYONNAIS-DON-DE-SANG.jpg\",\"contentUrl\":\"https:\/\/newsestlyonnais.fr\/site\/wp-content\/uploads\/2019\/12\/NEWSESTLYONNAIS-DON-DE-SANG.jpg\",\"width\":960,\"height\":720},{\"@type\":\"BreadcrumbList\",\"@id\":\"https:\/\/newsestlyonnais.fr\/site\/2020\/03\/26\/don-du-sang-collectes-de-mars-et-avril-en-region-lyonnaise\/#breadcrumb\",\"itemListElement\":[{\"@type\":\"ListItem\",\"position\":1,\"name\":\"Accueil\",\"item\":\"https:\/\/newsestlyonnais.fr\/site\/\"},{\"@type\":\"ListItem\",\"position\":2,\"name\":\"Don du sang | Collectes mars et avril en r\u00e9gion lyonnaise\"}]},{\"@type\":\"WebSite\",\"@id\":\"https:\/\/newsestlyonnais.fr\/site\/#website\",\"url\":\"https:\/\/newsestlyonnais.fr\/site\/\",\"name\":\"News Est Lyonnais\",\"description\":\"L&#039;actualit\u00e9 au plus pr\u00e8s\",\"publisher\":{\"@id\":\"https:\/\/newsestlyonnais.fr\/site\/#organization\"},\"potentialAction\":[{\"@type\":\"SearchAction\",\"target\":{\"@type\":\"EntryPoint\",\"urlTemplate\":\"https:\/\/newsestlyonnais.fr\/site\/?s={search_term_string}\"},\"query-input\":{\"@type\":\"PropertyValueSpecification\",\"valueRequired\":true,\"valueName\":\"search_term_string\"}}],\"inLanguage\":\"fr-FR\"},{\"@type\":\"Organization\",\"@id\":\"https:\/\/newsestlyonnais.fr\/site\/#organization\",\"name\":\"News EST LYONNAIS\",\"url\":\"https:\/\/newsestlyonnais.fr\/site\/\",\"logo\":{\"@type\":\"ImageObject\",\"inLanguage\":\"fr-FR\",\"@id\":\"https:\/\/newsestlyonnais.fr\/site\/#\/schema\/logo\/image\/\",\"url\":\"\",\"contentUrl\":\"\",\"caption\":\"News EST LYONNAIS\"},\"image\":{\"@id\":\"https:\/\/newsestlyonnais.fr\/site\/#\/schema\/logo\/image\/\"}},{\"@type\":\"Person\",\"@id\":\"https:\/\/newsestlyonnais.fr\/site\/#\/schema\/person\/3230d5615f390bb808365d673001e887\",\"name\":\"R\u00e9dac. NEWS\",\"sameAs\":[\"http:\/\/www.newsestlyonnais.fr\",\"https:\/\/www.facebook.com\/pascal.oberson.1?fref=ts\",\"https:\/\/fr.linkedin.com\/in\/pascal-oberson-b17045113\"],\"url\":\"https:\/\/newsestlyonnais.fr\/site\/author\/nel\/\"}]}<\/script>\n<!-- \/ Yoast SEO plugin. -->","yoast_head_json":{"title":"Don du sang | Collectes mars et avril en r\u00e9gion lyonnaise - News Est Lyonnais","description":"Don du sang | Collectes de mars et avril en r\u00e9gion lyonnaise","robots":{"index":"index","follow":"follow","max-snippet":"max-snippet:-1","max-image-preview":"max-image-preview:large","max-video-preview":"max-video-preview:-1"},"canonical":"https:\/\/newsestlyonnais.fr\/site\/2020\/03\/26\/don-du-sang-collectes-de-mars-et-avril-en-region-lyonnaise\/","og_locale":"fr_FR","og_type":"article","og_title":"Don du sang | Collectes mars et avril en r\u00e9gion lyonnaise - News Est Lyonnais","og_description":"Don du sang | Collectes de mars et avril en r\u00e9gion lyonnaise","og_url":"https:\/\/newsestlyonnais.fr\/site\/2020\/03\/26\/don-du-sang-collectes-de-mars-et-avril-en-region-lyonnaise\/","og_site_name":"News Est Lyonnais","article_author":"https:\/\/www.facebook.com\/pascal.oberson.1?fref=ts","article_published_time":"2020-03-26T09:44:40+00:00","article_modified_time":"2022-02-18T13:43:24+00:00","og_image":[{"width":960,"height":720,"url":"https:\/\/newsestlyonnais.fr\/site\/wp-content\/uploads\/2019\/12\/NEWSESTLYONNAIS-DON-DE-SANG.jpg","type":"image\/jpeg"}],"author":"R\u00e9dac. NEWS","twitter_card":"summary_large_image","twitter_misc":{"\u00c9crit par":"R\u00e9dac. NEWS","Dur\u00e9e de lecture estim\u00e9e":"2 minutes"},"schema":{"@context":"https:\/\/schema.org","@graph":[{"@type":"Article","@id":"https:\/\/newsestlyonnais.fr\/site\/2020\/03\/26\/don-du-sang-collectes-de-mars-et-avril-en-region-lyonnaise\/#article","isPartOf":{"@id":"https:\/\/newsestlyonnais.fr\/site\/2020\/03\/26\/don-du-sang-collectes-de-mars-et-avril-en-region-lyonnaise\/"},"author":{"name":"R\u00e9dac. NEWS","@id":"https:\/\/newsestlyonnais.fr\/site\/#\/schema\/person\/3230d5615f390bb808365d673001e887"},"headline":"Don du sang | Collectes mars et avril en r\u00e9gion lyonnaise","datePublished":"2020-03-26T09:44:40+00:00","dateModified":"2022-02-18T13:43:24+00:00","mainEntityOfPage":{"@id":"https:\/\/newsestlyonnais.fr\/site\/2020\/03\/26\/don-du-sang-collectes-de-mars-et-avril-en-region-lyonnaise\/"},"wordCount":213,"commentCount":0,"publisher":{"@id":"https:\/\/newsestlyonnais.fr\/site\/#organization"},"image":{"@id":"https:\/\/newsestlyonnais.fr\/site\/2020\/03\/26\/don-du-sang-collectes-de-mars-et-avril-en-region-lyonnaise\/#primaryimage"},"thumbnailUrl":"https:\/\/newsestlyonnais.fr\/site\/wp-content\/uploads\/2019\/12\/NEWSESTLYONNAIS-DON-DE-SANG.jpg","articleSection":["Ain (01)","CCEL | Communes","Chaponnay","Chaponnay | Ternay | Pays d'Ozon","Corbas | Feyzin","Genas","Lyon","Meyzieu","Rillieux-la-Pape","Saint-Priest","Sant\u00e9 | Bien Etre | Solidarit\u00e9","Villeurbanne"],"inLanguage":"fr-FR","potentialAction":[{"@type":"CommentAction","name":"Comment","target":["https:\/\/newsestlyonnais.fr\/site\/2020\/03\/26\/don-du-sang-collectes-de-mars-et-avril-en-region-lyonnaise\/#respond"]}]},{"@type":"WebPage","@id":"https:\/\/newsestlyonnais.fr\/site\/2020\/03\/26\/don-du-sang-collectes-de-mars-et-avril-en-region-lyonnaise\/","url":"https:\/\/newsestlyonnais.fr\/site\/2020\/03\/26\/don-du-sang-collectes-de-mars-et-avril-en-region-lyonnaise\/","name":"Don du sang | Collectes mars et avril en r\u00e9gion lyonnaise - News Est Lyonnais","isPartOf":{"@id":"https:\/\/newsestlyonnais.fr\/site\/#website"},"primaryImageOfPage":{"@id":"https:\/\/newsestlyonnais.fr\/site\/2020\/03\/26\/don-du-sang-collectes-de-mars-et-avril-en-region-lyonnaise\/#primaryimage"},"image":{"@id":"https:\/\/newsestlyonnais.fr\/site\/2020\/03\/26\/don-du-sang-collectes-de-mars-et-avril-en-region-lyonnaise\/#primaryimage"},"thumbnailUrl":"https:\/\/newsestlyonnais.fr\/site\/wp-content\/uploads\/2019\/12\/NEWSESTLYONNAIS-DON-DE-SANG.jpg","datePublished":"2020-03-26T09:44:40+00:00","dateModified":"2022-02-18T13:43:24+00:00","description":"Don du sang | Collectes de mars et avril en r\u00e9gion lyonnaise","breadcrumb":{"@id":"https:\/\/newsestlyonnais.fr\/site\/2020\/03\/26\/don-du-sang-collectes-de-mars-et-avril-en-region-lyonnaise\/#breadcrumb"},"inLanguage":"fr-FR","potentialAction":[{"@type":"ReadAction","target":["https:\/\/newsestlyonnais.fr\/site\/2020\/03\/26\/don-du-sang-collectes-de-mars-et-avril-en-region-lyonnaise\/"]}]},{"@type":"ImageObject","inLanguage":"fr-FR","@id":"https:\/\/newsestlyonnais.fr\/site\/2020\/03\/26\/don-du-sang-collectes-de-mars-et-avril-en-region-lyonnaise\/#primaryimage","url":"https:\/\/newsestlyonnais.fr\/site\/wp-content\/uploads\/2019\/12\/NEWSESTLYONNAIS-DON-DE-SANG.jpg","contentUrl":"https:\/\/newsestlyonnais.fr\/site\/wp-content\/uploads\/2019\/12\/NEWSESTLYONNAIS-DON-DE-SANG.jpg","width":960,"height":720},{"@type":"BreadcrumbList","@id":"https:\/\/newsestlyonnais.fr\/site\/2020\/03\/26\/don-du-sang-collectes-de-mars-et-avril-en-region-lyonnaise\/#breadcrumb","itemListElement":[{"@type":"ListItem","position":1,"name":"Accueil","item":"https:\/\/newsestlyonnais.fr\/site\/"},{"@type":"ListItem","position":2,"name":"Don du sang | Collectes mars et avril en r\u00e9gion lyonnaise"}]},{"@type":"WebSite","@id":"https:\/\/newsestlyonnais.fr\/site\/#website","url":"https:\/\/newsestlyonnais.fr\/site\/","name":"News Est Lyonnais","description":"L&#039;actualit\u00e9 au plus pr\u00e8s","publisher":{"@id":"https:\/\/newsestlyonnais.fr\/site\/#organization"},"potentialAction":[{"@type":"SearchAction","target":{"@type":"EntryPoint","urlTemplate":"https:\/\/newsestlyonnais.fr\/site\/?s={search_term_string}"},"query-input":{"@type":"PropertyValueSpecification","valueRequired":true,"valueName":"search_term_string"}}],"inLanguage":"fr-FR"},{"@type":"Organization","@id":"https:\/\/newsestlyonnais.fr\/site\/#organization","name":"News EST LYONNAIS","url":"https:\/\/newsestlyonnais.fr\/site\/","logo":{"@type":"ImageObject","inLanguage":"fr-FR","@id":"https:\/\/newsestlyonnais.fr\/site\/#\/schema\/logo\/image\/","url":"","contentUrl":"","caption":"News EST LYONNAIS"},"image":{"@id":"https:\/\/newsestlyonnais.fr\/site\/#\/schema\/logo\/image\/"}},{"@type":"Person","@id":"https:\/\/newsestlyonnais.fr\/site\/#\/schema\/person\/3230d5615f390bb808365d673001e887","name":"R\u00e9dac. NEWS","sameAs":["http:\/\/www.newsestlyonnais.fr","https:\/\/www.facebook.com\/pascal.oberson.1?fref=ts","https:\/\/fr.linkedin.com\/in\/pascal-oberson-b17045113"],"url":"https:\/\/newsestlyonnais.fr\/site\/author\/nel\/"}]}},"_links":{"self":[{"href":"https:\/\/newsestlyonnais.fr\/site\/wp-json\/wp\/v2\/posts\/96680","targetHints":{"allow":["GET"]}}],"collection":[{"href":"https:\/\/newsestlyonnais.fr\/site\/wp-json\/wp\/v2\/posts"}],"about":[{"href":"https:\/\/newsestlyonnais.fr\/site\/wp-json\/wp\/v2\/types\/post"}],"author":[{"embeddable":true,"href":"https:\/\/newsestlyonnais.fr\/site\/wp-json\/wp\/v2\/users\/4"}],"replies":[{"embeddable":true,"href":"https:\/\/newsestlyonnais.fr\/site\/wp-json\/wp\/v2\/comments?post=96680"}],"version-history":[{"count":0,"href":"https:\/\/newsestlyonnais.fr\/site\/wp-json\/wp\/v2\/posts\/96680\/revisions"}],"wp:featuredmedia":[{"embeddable":true,"href":"https:\/\/newsestlyonnais.fr\/site\/wp-json\/wp\/v2\/media\/92203"}],"wp:attachment":[{"href":"https:\/\/newsestlyonnais.fr\/site\/wp-json\/wp\/v2\/media?parent=96680"}],"wp:term":[{"taxonomy":"category","embeddable":true,"href":"https:\/\/newsestlyonnais.fr\/site\/wp-json\/wp\/v2\/categories?post=96680"},{"taxonomy":"post_tag","embeddable":true,"href":"https:\/\/newsestlyonnais.fr\/site\/wp-json\/wp\/v2\/tags?post=96680"}],"curies":[{"name":"wp","href":"https:\/\/api.w.org\/{rel}","templated":true}]}}