{"id":96970,"date":"2020-03-08T06:52:40","date_gmt":"2020-03-08T05:52:40","guid":{"rendered":"http:\/\/newsestlyonnais.fr\/site\/?p=96970"},"modified":"2020-03-09T07:01:49","modified_gmt":"2020-03-09T06:01:49","slug":"chassieu-les-evenements-a-fin-mars","status":"publish","type":"post","link":"https:\/\/newsestlyonnais.fr\/site\/2020\/03\/08\/chassieu-les-evenements-a-fin-mars\/","title":{"rendered":"CHASSIEU | Les \u00e9v\u00e8nements \u00e0 fin mars"},"content":{"rendered":"<ul>\n<li><strong><span style=\"text-decoration: underline\">Du lundi 9 mars au vendredi 17 avril<\/span> : Fl\u00e2nerie des coulisses aux 3 coups<\/strong>. Du croquis \u00e0 l&rsquo;\u00e9bauche, d\u00e9couvrez les costumes cr\u00e9\u00e9s par La Ben Compagnie. Tout public, acc\u00e8s libre aux horaires d&rsquo;ouverture. (Karavan th\u00e9\u00e2tre).<\/li>\n<li><strong><span style=\"text-decoration: underline\">Lundi 9 mars et Vendredi 20 mars<\/span> de 8 h 20 \u00e0 11 h 20 : Quinzaine du Handicap<\/strong>. D\u00e9pistages visuels et auditifs gratuits au CCAS. R\u00e9serv\u00e9 aux adultes. Sur rendez-vous uniquement. Renseignements au 06 72 96 05 42.<\/li>\n<li><strong><span style=\"text-decoration: underline\">Mardi 10 mars<\/span> \u00e0 14 h 30 : Cin\u00e9-conf\u00e9rence<\/strong> : La route du th\u00e9. Partez \u00e0 la d\u00e9couverte de paysages somptueux sur la route du th\u00e9. Par Patrick Math\u00e9. (Karavan th\u00e9\u00e2tre).<\/li>\n<li><strong><span style=\"text-decoration: underline\">Mercredi 11 mars<\/span> \u00e0 20 h : Conf\u00e9rence sur la Sicile<\/strong> anim\u00e9e par Monsieur Minacori \/ association Chassieu Toscane. (Salle polyvalente).<\/li>\n<li><strong><span style=\"text-decoration: underline\">Du mercredi 11 mars au samedi 21 mars<\/span> : 15\u00b0 semaine de la petite enfance<\/strong>. De nombreuses animations gratuites \u00e0 la M\u00e9diath\u00e8que-Ludoth\u00e8que, au Conservatoire et au Karavan th\u00e9\u00e2tre permettront aux tout-petits de se familiariser avec le monde de l&rsquo;art.<\/li>\n<li><strong><span style=\"text-decoration: underline\">Vendredi 13 mars \u00e0 20 h : Concert Alexis HK<\/span> : Comme un ours. <\/strong>(Karavan th\u00e9\u00e2tre). <strong><br \/>\n<\/strong><\/li>\n<li><strong><span style=\"text-decoration: underline\">Jusqu&rsquo;au 15 mars<\/span> : <\/strong><span class=\"evcal_desc evo_info hide_eventtopdata \" data-latlng=\"3,3\"><span class=\"evcal_desc2 evcal_event_title\"><strong>Open de Tennis Senior<\/strong>. (Chassieu Tennis).\u00a0<\/span><\/span><\/li>\n<li><strong><span style=\"text-decoration: underline\">Dimanche 15 et 22 mars<\/span> de 8 h \u00e0 18 h : \u00c9lections municipales et m\u00e9tropolitaines.<\/strong><\/li>\n<li><strong><span style=\"text-decoration: underline\">Dimanche 22 mars<\/span> \u00e0 14 h : Loto du Sou des Ecoles.<\/strong> (Complexe Tisserand).<\/li>\n<li><strong><span style=\"text-decoration: underline\">Lundi 23 mars<\/span> \u00e0 14 h 30 : Dict\u00e9e du coeur<\/strong> en partenariat avec l&rsquo;association Atout C. (Salle des f\u00eates).<\/li>\n<li><strong><strong><span style=\"text-decoration: underline\">Mercredi 25 mars<\/span> de 9 h \u00e0 15 h 45 : <\/strong>Journ\u00e9e couture<\/strong>. R\u00e9alisation de cache couveuses pour les pr\u00e9matur\u00e9s \/ Passe temps et cr\u00e9ation. Ouvert \u00e0 tous. (Salle des f\u00eates), <strong>\u00e0 15 h 30 : Spectacle Mina Bobine<\/strong>. \u00c0 partir de 4 ans. (M\u00e9diath\u00e8que-Ludoth\u00e8que) <strong>&amp; \u00e0 19 h 45 : Conf\u00e9rence: Les filles du Roy<\/strong> par Aimer Lire et Patrimoine. (Karavan th\u00e9\u00e2tre).<\/li>\n<li><strong><span style=\"text-decoration: underline\">Samedi 28 mars<\/span> de 10 h 30 \u00e0 12 h 30: Cosplay \u00e9lectro<\/strong>. (m\u00e9diath\u00e8que), <strong>\u00e0 16 h : Concert Live du samedi<\/strong> \/ C&rsquo;Music Live. (Salle Pierre Michel du Conservatoire) <strong>&amp; de 19 h 30 \u00e0 3 h : Soir\u00e9e dansante bavaroise<\/strong> \/ Jumelage Chassieu Usingen.<\/li>\n<li><strong><strong><span style=\"text-decoration: underline\">Dimanche 29 mars<\/span> \u00e0 12 h : <\/strong>Repas dansant<\/strong> (Roses Tr\u00e9mi\u00e8res).<\/li>\n<li><strong><span style=\"text-decoration: underline\">Mardi 31 mars<\/span> \u00e0 19 h &amp; 20 h 30 : Concerts Ravel<\/strong> interpr\u00e9t\u00e9s par les \u00e9l\u00e8ves et professeurs du conservatoire. (Salle des f\u00eates).<\/li>\n<li><strong><span style=\"text-decoration: underline\">De mars \u00e0 juin<\/span> : A la rencontre des instruments<\/strong>. Essayer gratuitement un ou plusieurs instruments : trompette, harpe, violoncelle. Sur inscription \u00e0 partir du 9 mars au 04 78 49 84 12 (au conservatoire).<\/li>\n<\/ul>\n<p><em><strong>Retrouvez l\u2019ACTU de la commune sur : <a href=\"http:\/\/www.chassieu.fr\" target=\"_blank\" rel=\"noreferrer noopener\">http:\/\/www.chassieu.fr\u00a0<\/a><\/strong><\/em><\/p>\n<div id='gallery-1' class='gallery galleryid-96970 gallery-columns-3 gallery-size-thumbnail'><figure class='gallery-item'>\n\t\t\t<div class='gallery-icon portrait'>\n\t\t\t\t<a href='https:\/\/newsestlyonnais.fr\/site\/affiche_open2020-page-001\/'><img loading=\"lazy\" decoding=\"async\" width=\"100\" height=\"150\" src=\"https:\/\/newsestlyonnais.fr\/site\/wp-content\/uploads\/2019\/12\/affiche_open2020-page-001-250x375.jpg\" class=\"attachment-thumbnail size-thumbnail\" alt=\"\" aria-describedby=\"gallery-1-92181\" srcset=\"https:\/\/newsestlyonnais.fr\/site\/wp-content\/uploads\/2019\/12\/affiche_open2020-page-001-250x375.jpg 250w, https:\/\/newsestlyonnais.fr\/site\/wp-content\/uploads\/2019\/12\/affiche_open2020-page-001-400x600.jpg 400w, https:\/\/newsestlyonnais.fr\/site\/wp-content\/uploads\/2019\/12\/affiche_open2020-page-001-650x975.jpg 650w, https:\/\/newsestlyonnais.fr\/site\/wp-content\/uploads\/2019\/12\/affiche_open2020-page-001-768x1152.jpg 768w, https:\/\/newsestlyonnais.fr\/site\/wp-content\/uploads\/2019\/12\/affiche_open2020-page-001-150x225.jpg 150w, https:\/\/newsestlyonnais.fr\/site\/wp-content\/uploads\/2019\/12\/affiche_open2020-page-001-50x75.jpg 50w, https:\/\/newsestlyonnais.fr\/site\/wp-content\/uploads\/2019\/12\/affiche_open2020-page-001-100x150.jpg 100w, https:\/\/newsestlyonnais.fr\/site\/wp-content\/uploads\/2019\/12\/affiche_open2020-page-001-200x300.jpg 200w, https:\/\/newsestlyonnais.fr\/site\/wp-content\/uploads\/2019\/12\/affiche_open2020-page-001-300x450.jpg 300w, https:\/\/newsestlyonnais.fr\/site\/wp-content\/uploads\/2019\/12\/affiche_open2020-page-001-350x525.jpg 350w, https:\/\/newsestlyonnais.fr\/site\/wp-content\/uploads\/2019\/12\/affiche_open2020-page-001-450x675.jpg 450w, https:\/\/newsestlyonnais.fr\/site\/wp-content\/uploads\/2019\/12\/affiche_open2020-page-001-500x750.jpg 500w, https:\/\/newsestlyonnais.fr\/site\/wp-content\/uploads\/2019\/12\/affiche_open2020-page-001-550x825.jpg 550w, https:\/\/newsestlyonnais.fr\/site\/wp-content\/uploads\/2019\/12\/affiche_open2020-page-001.jpg 800w\" sizes=\"auto, (max-width: 100px) 100vw, 100px\" \/><\/a>\n\t\t\t<\/div>\n\t\t\t\t<figcaption class='wp-caption-text gallery-caption' id='gallery-1-92181'>\n\t\t\t\t    OPEN DE TENNIS\n\t\t\t\t<\/figcaption><\/figure><figure class='gallery-item'>\n\t\t\t<div class='gallery-icon portrait'>\n\t\t\t\t<a href='https:\/\/newsestlyonnais.fr\/site\/newsestlyonnais-loto-sou-ecoles-2020-2\/'><img loading=\"lazy\" decoding=\"async\" width=\"113\" height=\"150\" src=\"https:\/\/newsestlyonnais.fr\/site\/wp-content\/uploads\/2020\/02\/NEWSESTLYONNAIS-LOTO-SOU-ECOLES-2020-250x333.jpg\" class=\"attachment-thumbnail size-thumbnail\" alt=\"\" aria-describedby=\"gallery-1-95717\" srcset=\"https:\/\/newsestlyonnais.fr\/site\/wp-content\/uploads\/2020\/02\/NEWSESTLYONNAIS-LOTO-SOU-ECOLES-2020-250x333.jpg 250w, https:\/\/newsestlyonnais.fr\/site\/wp-content\/uploads\/2020\/02\/NEWSESTLYONNAIS-LOTO-SOU-ECOLES-2020-400x532.jpg 400w, https:\/\/newsestlyonnais.fr\/site\/wp-content\/uploads\/2020\/02\/NEWSESTLYONNAIS-LOTO-SOU-ECOLES-2020-150x200.jpg 150w, https:\/\/newsestlyonnais.fr\/site\/wp-content\/uploads\/2020\/02\/NEWSESTLYONNAIS-LOTO-SOU-ECOLES-2020-50x67.jpg 50w, https:\/\/newsestlyonnais.fr\/site\/wp-content\/uploads\/2020\/02\/NEWSESTLYONNAIS-LOTO-SOU-ECOLES-2020-100x133.jpg 100w, https:\/\/newsestlyonnais.fr\/site\/wp-content\/uploads\/2020\/02\/NEWSESTLYONNAIS-LOTO-SOU-ECOLES-2020-200x266.jpg 200w, https:\/\/newsestlyonnais.fr\/site\/wp-content\/uploads\/2020\/02\/NEWSESTLYONNAIS-LOTO-SOU-ECOLES-2020-300x399.jpg 300w, https:\/\/newsestlyonnais.fr\/site\/wp-content\/uploads\/2020\/02\/NEWSESTLYONNAIS-LOTO-SOU-ECOLES-2020-350x466.jpg 350w, https:\/\/newsestlyonnais.fr\/site\/wp-content\/uploads\/2020\/02\/NEWSESTLYONNAIS-LOTO-SOU-ECOLES-2020-450x599.jpg 450w, https:\/\/newsestlyonnais.fr\/site\/wp-content\/uploads\/2020\/02\/NEWSESTLYONNAIS-LOTO-SOU-ECOLES-2020-500x665.jpg 500w, https:\/\/newsestlyonnais.fr\/site\/wp-content\/uploads\/2020\/02\/NEWSESTLYONNAIS-LOTO-SOU-ECOLES-2020.jpg 511w\" sizes=\"auto, (max-width: 113px) 100vw, 113px\" \/><\/a>\n\t\t\t<\/div>\n\t\t\t\t<figcaption class='wp-caption-text gallery-caption' id='gallery-1-95717'>\n\t\t\t\t  LOTO SOU ECOLES\n\t\t\t\t<\/figcaption><\/figure><figure class='gallery-item'>\n\t\t\t<div class='gallery-icon portrait'>\n\t\t\t\t<a href='https:\/\/newsestlyonnais.fr\/site\/newsestlyonnais-live-mars-2020\/'><img loading=\"lazy\" decoding=\"async\" width=\"106\" height=\"150\" src=\"https:\/\/newsestlyonnais.fr\/site\/wp-content\/uploads\/2020\/02\/NEWSESTLYONNAIS-LIVE-MARS-2020-250x353.jpg\" class=\"attachment-thumbnail size-thumbnail\" alt=\"\" aria-describedby=\"gallery-1-94414\" srcset=\"https:\/\/newsestlyonnais.fr\/site\/wp-content\/uploads\/2020\/02\/NEWSESTLYONNAIS-LIVE-MARS-2020-250x353.jpg 250w, https:\/\/newsestlyonnais.fr\/site\/wp-content\/uploads\/2020\/02\/NEWSESTLYONNAIS-LIVE-MARS-2020-400x565.jpg 400w, https:\/\/newsestlyonnais.fr\/site\/wp-content\/uploads\/2020\/02\/NEWSESTLYONNAIS-LIVE-MARS-2020-150x212.jpg 150w, https:\/\/newsestlyonnais.fr\/site\/wp-content\/uploads\/2020\/02\/NEWSESTLYONNAIS-LIVE-MARS-2020-50x71.jpg 50w, https:\/\/newsestlyonnais.fr\/site\/wp-content\/uploads\/2020\/02\/NEWSESTLYONNAIS-LIVE-MARS-2020-100x141.jpg 100w, https:\/\/newsestlyonnais.fr\/site\/wp-content\/uploads\/2020\/02\/NEWSESTLYONNAIS-LIVE-MARS-2020-200x282.jpg 200w, https:\/\/newsestlyonnais.fr\/site\/wp-content\/uploads\/2020\/02\/NEWSESTLYONNAIS-LIVE-MARS-2020-300x424.jpg 300w, https:\/\/newsestlyonnais.fr\/site\/wp-content\/uploads\/2020\/02\/NEWSESTLYONNAIS-LIVE-MARS-2020-350x494.jpg 350w, https:\/\/newsestlyonnais.fr\/site\/wp-content\/uploads\/2020\/02\/NEWSESTLYONNAIS-LIVE-MARS-2020-450x636.jpg 450w, https:\/\/newsestlyonnais.fr\/site\/wp-content\/uploads\/2020\/02\/NEWSESTLYONNAIS-LIVE-MARS-2020-500x706.jpg 500w, https:\/\/newsestlyonnais.fr\/site\/wp-content\/uploads\/2020\/02\/NEWSESTLYONNAIS-LIVE-MARS-2020-550x777.jpg 550w, https:\/\/newsestlyonnais.fr\/site\/wp-content\/uploads\/2020\/02\/NEWSESTLYONNAIS-LIVE-MARS-2020.jpg 604w\" sizes=\"auto, (max-width: 106px) 100vw, 106px\" \/><\/a>\n\t\t\t<\/div>\n\t\t\t\t<figcaption class='wp-caption-text gallery-caption' id='gallery-1-94414'>\n\t\t\t\t    LIVE DU SAMEDI\n\t\t\t\t<\/figcaption><\/figure>\n\t\t<\/div>\n\n","protected":false},"excerpt":{"rendered":"<p>Nombreux sont les \u00e9v\u00e8nements programm\u00e9s sur la commune jusqu&rsquo;\u00e0 la fin du mois.<\/p>\n","protected":false},"author":4,"featured_media":83701,"comment_status":"open","ping_status":"open","sticky":false,"template":"","format":"standard","meta":{"footnotes":""},"categories":[1283],"tags":[1996],"class_list":["post-96970","post","type-post","status-publish","format-standard","has-post-thumbnail","hentry","category-chassieu-communes-diverses","tag-chassieu"],"yoast_head":"<!-- This site is optimized with the Yoast SEO plugin v27.2 - https:\/\/yoast.com\/product\/yoast-seo-wordpress\/ -->\n<title>CHASSIEU | Les \u00e9v\u00e8nements \u00e0 fin mars - News Est Lyonnais<\/title>\n<meta name=\"description\" content=\"CHASSIEU | Les \u00e9v\u00e8nements \u00e0 fin mars\" \/>\n<meta name=\"robots\" content=\"index, follow, max-snippet:-1, max-image-preview:large, max-video-preview:-1\" \/>\n<link rel=\"canonical\" href=\"https:\/\/newsestlyonnais.fr\/site\/2020\/03\/08\/chassieu-les-evenements-a-fin-mars\/\" \/>\n<meta property=\"og:locale\" content=\"fr_FR\" \/>\n<meta property=\"og:type\" content=\"article\" \/>\n<meta property=\"og:title\" content=\"CHASSIEU | Les \u00e9v\u00e8nements \u00e0 fin mars - News Est Lyonnais\" \/>\n<meta property=\"og:description\" content=\"CHASSIEU | Les \u00e9v\u00e8nements \u00e0 fin mars\" \/>\n<meta property=\"og:url\" content=\"https:\/\/newsestlyonnais.fr\/site\/2020\/03\/08\/chassieu-les-evenements-a-fin-mars\/\" \/>\n<meta property=\"og:site_name\" content=\"News Est Lyonnais\" \/>\n<meta property=\"article:author\" content=\"https:\/\/www.facebook.com\/pascal.oberson.1?fref=ts\" \/>\n<meta property=\"article:published_time\" content=\"2020-03-08T05:52:40+00:00\" \/>\n<meta property=\"article:modified_time\" content=\"2020-03-09T06:01:49+00:00\" \/>\n<meta property=\"og:image\" content=\"https:\/\/i0.wp.com\/newsestlyonnais.fr\/site\/wp-content\/uploads\/2019\/09\/NEWSESTLYONNAIS-MAIRIE-CHASSIEU-e1570524383738.jpg?fit=1200%2C900&ssl=1\" \/>\n\t<meta property=\"og:image:width\" content=\"1200\" \/>\n\t<meta property=\"og:image:height\" content=\"900\" \/>\n\t<meta property=\"og:image:type\" content=\"image\/jpeg\" \/>\n<meta name=\"author\" content=\"R\u00e9dac. NEWS\" \/>\n<meta name=\"twitter:card\" content=\"summary_large_image\" \/>\n<meta name=\"twitter:label1\" content=\"\u00c9crit par\" \/>\n\t<meta name=\"twitter:data1\" content=\"R\u00e9dac. NEWS\" \/>\n\t<meta name=\"twitter:label2\" content=\"Dur\u00e9e de lecture estim\u00e9e\" \/>\n\t<meta name=\"twitter:data2\" content=\"2 minutes\" \/>\n<script type=\"application\/ld+json\" class=\"yoast-schema-graph\">{\"@context\":\"https:\/\/schema.org\",\"@graph\":[{\"@type\":\"Article\",\"@id\":\"https:\/\/newsestlyonnais.fr\/site\/2020\/03\/08\/chassieu-les-evenements-a-fin-mars\/#article\",\"isPartOf\":{\"@id\":\"https:\/\/newsestlyonnais.fr\/site\/2020\/03\/08\/chassieu-les-evenements-a-fin-mars\/\"},\"author\":{\"name\":\"R\u00e9dac. NEWS\",\"@id\":\"https:\/\/newsestlyonnais.fr\/site\/#\/schema\/person\/3230d5615f390bb808365d673001e887\"},\"headline\":\"CHASSIEU | Les \u00e9v\u00e8nements \u00e0 fin mars\",\"datePublished\":\"2020-03-08T05:52:40+00:00\",\"dateModified\":\"2020-03-09T06:01:49+00:00\",\"mainEntityOfPage\":{\"@id\":\"https:\/\/newsestlyonnais.fr\/site\/2020\/03\/08\/chassieu-les-evenements-a-fin-mars\/\"},\"wordCount\":378,\"commentCount\":0,\"publisher\":{\"@id\":\"https:\/\/newsestlyonnais.fr\/site\/#organization\"},\"image\":{\"@id\":\"https:\/\/newsestlyonnais.fr\/site\/2020\/03\/08\/chassieu-les-evenements-a-fin-mars\/#primaryimage\"},\"thumbnailUrl\":\"https:\/\/newsestlyonnais.fr\/site\/wp-content\/uploads\/2019\/09\/NEWSESTLYONNAIS-MAIRIE-CHASSIEU-e1570524383738.jpg\",\"keywords\":[\"Chassieu\"],\"articleSection\":[\"Chassieu | Communes diverses\"],\"inLanguage\":\"fr-FR\",\"potentialAction\":[{\"@type\":\"CommentAction\",\"name\":\"Comment\",\"target\":[\"https:\/\/newsestlyonnais.fr\/site\/2020\/03\/08\/chassieu-les-evenements-a-fin-mars\/#respond\"]}]},{\"@type\":\"WebPage\",\"@id\":\"https:\/\/newsestlyonnais.fr\/site\/2020\/03\/08\/chassieu-les-evenements-a-fin-mars\/\",\"url\":\"https:\/\/newsestlyonnais.fr\/site\/2020\/03\/08\/chassieu-les-evenements-a-fin-mars\/\",\"name\":\"CHASSIEU | Les \u00e9v\u00e8nements \u00e0 fin mars - News Est Lyonnais\",\"isPartOf\":{\"@id\":\"https:\/\/newsestlyonnais.fr\/site\/#website\"},\"primaryImageOfPage\":{\"@id\":\"https:\/\/newsestlyonnais.fr\/site\/2020\/03\/08\/chassieu-les-evenements-a-fin-mars\/#primaryimage\"},\"image\":{\"@id\":\"https:\/\/newsestlyonnais.fr\/site\/2020\/03\/08\/chassieu-les-evenements-a-fin-mars\/#primaryimage\"},\"thumbnailUrl\":\"https:\/\/newsestlyonnais.fr\/site\/wp-content\/uploads\/2019\/09\/NEWSESTLYONNAIS-MAIRIE-CHASSIEU-e1570524383738.jpg\",\"datePublished\":\"2020-03-08T05:52:40+00:00\",\"dateModified\":\"2020-03-09T06:01:49+00:00\",\"description\":\"CHASSIEU | Les \u00e9v\u00e8nements \u00e0 fin mars\",\"breadcrumb\":{\"@id\":\"https:\/\/newsestlyonnais.fr\/site\/2020\/03\/08\/chassieu-les-evenements-a-fin-mars\/#breadcrumb\"},\"inLanguage\":\"fr-FR\",\"potentialAction\":[{\"@type\":\"ReadAction\",\"target\":[\"https:\/\/newsestlyonnais.fr\/site\/2020\/03\/08\/chassieu-les-evenements-a-fin-mars\/\"]}]},{\"@type\":\"ImageObject\",\"inLanguage\":\"fr-FR\",\"@id\":\"https:\/\/newsestlyonnais.fr\/site\/2020\/03\/08\/chassieu-les-evenements-a-fin-mars\/#primaryimage\",\"url\":\"https:\/\/newsestlyonnais.fr\/site\/wp-content\/uploads\/2019\/09\/NEWSESTLYONNAIS-MAIRIE-CHASSIEU-e1570524383738.jpg\",\"contentUrl\":\"https:\/\/newsestlyonnais.fr\/site\/wp-content\/uploads\/2019\/09\/NEWSESTLYONNAIS-MAIRIE-CHASSIEU-e1570524383738.jpg\",\"width\":1200,\"height\":900},{\"@type\":\"BreadcrumbList\",\"@id\":\"https:\/\/newsestlyonnais.fr\/site\/2020\/03\/08\/chassieu-les-evenements-a-fin-mars\/#breadcrumb\",\"itemListElement\":[{\"@type\":\"ListItem\",\"position\":1,\"name\":\"Accueil\",\"item\":\"https:\/\/newsestlyonnais.fr\/site\/\"},{\"@type\":\"ListItem\",\"position\":2,\"name\":\"CHASSIEU | Les \u00e9v\u00e8nements \u00e0 fin mars\"}]},{\"@type\":\"WebSite\",\"@id\":\"https:\/\/newsestlyonnais.fr\/site\/#website\",\"url\":\"https:\/\/newsestlyonnais.fr\/site\/\",\"name\":\"News Est Lyonnais\",\"description\":\"L&#039;actualit\u00e9 au plus pr\u00e8s\",\"publisher\":{\"@id\":\"https:\/\/newsestlyonnais.fr\/site\/#organization\"},\"potentialAction\":[{\"@type\":\"SearchAction\",\"target\":{\"@type\":\"EntryPoint\",\"urlTemplate\":\"https:\/\/newsestlyonnais.fr\/site\/?s={search_term_string}\"},\"query-input\":{\"@type\":\"PropertyValueSpecification\",\"valueRequired\":true,\"valueName\":\"search_term_string\"}}],\"inLanguage\":\"fr-FR\"},{\"@type\":\"Organization\",\"@id\":\"https:\/\/newsestlyonnais.fr\/site\/#organization\",\"name\":\"News EST LYONNAIS\",\"url\":\"https:\/\/newsestlyonnais.fr\/site\/\",\"logo\":{\"@type\":\"ImageObject\",\"inLanguage\":\"fr-FR\",\"@id\":\"https:\/\/newsestlyonnais.fr\/site\/#\/schema\/logo\/image\/\",\"url\":\"\",\"contentUrl\":\"\",\"caption\":\"News EST LYONNAIS\"},\"image\":{\"@id\":\"https:\/\/newsestlyonnais.fr\/site\/#\/schema\/logo\/image\/\"}},{\"@type\":\"Person\",\"@id\":\"https:\/\/newsestlyonnais.fr\/site\/#\/schema\/person\/3230d5615f390bb808365d673001e887\",\"name\":\"R\u00e9dac. NEWS\",\"sameAs\":[\"http:\/\/www.newsestlyonnais.fr\",\"https:\/\/www.facebook.com\/pascal.oberson.1?fref=ts\",\"https:\/\/fr.linkedin.com\/in\/pascal-oberson-b17045113\"],\"url\":\"https:\/\/newsestlyonnais.fr\/site\/author\/nel\/\"}]}<\/script>\n<!-- \/ Yoast SEO plugin. -->","yoast_head_json":{"title":"CHASSIEU | Les \u00e9v\u00e8nements \u00e0 fin mars - News Est Lyonnais","description":"CHASSIEU | Les \u00e9v\u00e8nements \u00e0 fin mars","robots":{"index":"index","follow":"follow","max-snippet":"max-snippet:-1","max-image-preview":"max-image-preview:large","max-video-preview":"max-video-preview:-1"},"canonical":"https:\/\/newsestlyonnais.fr\/site\/2020\/03\/08\/chassieu-les-evenements-a-fin-mars\/","og_locale":"fr_FR","og_type":"article","og_title":"CHASSIEU | Les \u00e9v\u00e8nements \u00e0 fin mars - News Est Lyonnais","og_description":"CHASSIEU | Les \u00e9v\u00e8nements \u00e0 fin mars","og_url":"https:\/\/newsestlyonnais.fr\/site\/2020\/03\/08\/chassieu-les-evenements-a-fin-mars\/","og_site_name":"News Est Lyonnais","article_author":"https:\/\/www.facebook.com\/pascal.oberson.1?fref=ts","article_published_time":"2020-03-08T05:52:40+00:00","article_modified_time":"2020-03-09T06:01:49+00:00","og_image":[{"width":1200,"height":900,"url":"https:\/\/i0.wp.com\/newsestlyonnais.fr\/site\/wp-content\/uploads\/2019\/09\/NEWSESTLYONNAIS-MAIRIE-CHASSIEU-e1570524383738.jpg?fit=1200%2C900&ssl=1","type":"image\/jpeg"}],"author":"R\u00e9dac. NEWS","twitter_card":"summary_large_image","twitter_misc":{"\u00c9crit par":"R\u00e9dac. NEWS","Dur\u00e9e de lecture estim\u00e9e":"2 minutes"},"schema":{"@context":"https:\/\/schema.org","@graph":[{"@type":"Article","@id":"https:\/\/newsestlyonnais.fr\/site\/2020\/03\/08\/chassieu-les-evenements-a-fin-mars\/#article","isPartOf":{"@id":"https:\/\/newsestlyonnais.fr\/site\/2020\/03\/08\/chassieu-les-evenements-a-fin-mars\/"},"author":{"name":"R\u00e9dac. NEWS","@id":"https:\/\/newsestlyonnais.fr\/site\/#\/schema\/person\/3230d5615f390bb808365d673001e887"},"headline":"CHASSIEU | Les \u00e9v\u00e8nements \u00e0 fin mars","datePublished":"2020-03-08T05:52:40+00:00","dateModified":"2020-03-09T06:01:49+00:00","mainEntityOfPage":{"@id":"https:\/\/newsestlyonnais.fr\/site\/2020\/03\/08\/chassieu-les-evenements-a-fin-mars\/"},"wordCount":378,"commentCount":0,"publisher":{"@id":"https:\/\/newsestlyonnais.fr\/site\/#organization"},"image":{"@id":"https:\/\/newsestlyonnais.fr\/site\/2020\/03\/08\/chassieu-les-evenements-a-fin-mars\/#primaryimage"},"thumbnailUrl":"https:\/\/newsestlyonnais.fr\/site\/wp-content\/uploads\/2019\/09\/NEWSESTLYONNAIS-MAIRIE-CHASSIEU-e1570524383738.jpg","keywords":["Chassieu"],"articleSection":["Chassieu | Communes diverses"],"inLanguage":"fr-FR","potentialAction":[{"@type":"CommentAction","name":"Comment","target":["https:\/\/newsestlyonnais.fr\/site\/2020\/03\/08\/chassieu-les-evenements-a-fin-mars\/#respond"]}]},{"@type":"WebPage","@id":"https:\/\/newsestlyonnais.fr\/site\/2020\/03\/08\/chassieu-les-evenements-a-fin-mars\/","url":"https:\/\/newsestlyonnais.fr\/site\/2020\/03\/08\/chassieu-les-evenements-a-fin-mars\/","name":"CHASSIEU | Les \u00e9v\u00e8nements \u00e0 fin mars - News Est Lyonnais","isPartOf":{"@id":"https:\/\/newsestlyonnais.fr\/site\/#website"},"primaryImageOfPage":{"@id":"https:\/\/newsestlyonnais.fr\/site\/2020\/03\/08\/chassieu-les-evenements-a-fin-mars\/#primaryimage"},"image":{"@id":"https:\/\/newsestlyonnais.fr\/site\/2020\/03\/08\/chassieu-les-evenements-a-fin-mars\/#primaryimage"},"thumbnailUrl":"https:\/\/newsestlyonnais.fr\/site\/wp-content\/uploads\/2019\/09\/NEWSESTLYONNAIS-MAIRIE-CHASSIEU-e1570524383738.jpg","datePublished":"2020-03-08T05:52:40+00:00","dateModified":"2020-03-09T06:01:49+00:00","description":"CHASSIEU | Les \u00e9v\u00e8nements \u00e0 fin mars","breadcrumb":{"@id":"https:\/\/newsestlyonnais.fr\/site\/2020\/03\/08\/chassieu-les-evenements-a-fin-mars\/#breadcrumb"},"inLanguage":"fr-FR","potentialAction":[{"@type":"ReadAction","target":["https:\/\/newsestlyonnais.fr\/site\/2020\/03\/08\/chassieu-les-evenements-a-fin-mars\/"]}]},{"@type":"ImageObject","inLanguage":"fr-FR","@id":"https:\/\/newsestlyonnais.fr\/site\/2020\/03\/08\/chassieu-les-evenements-a-fin-mars\/#primaryimage","url":"https:\/\/newsestlyonnais.fr\/site\/wp-content\/uploads\/2019\/09\/NEWSESTLYONNAIS-MAIRIE-CHASSIEU-e1570524383738.jpg","contentUrl":"https:\/\/newsestlyonnais.fr\/site\/wp-content\/uploads\/2019\/09\/NEWSESTLYONNAIS-MAIRIE-CHASSIEU-e1570524383738.jpg","width":1200,"height":900},{"@type":"BreadcrumbList","@id":"https:\/\/newsestlyonnais.fr\/site\/2020\/03\/08\/chassieu-les-evenements-a-fin-mars\/#breadcrumb","itemListElement":[{"@type":"ListItem","position":1,"name":"Accueil","item":"https:\/\/newsestlyonnais.fr\/site\/"},{"@type":"ListItem","position":2,"name":"CHASSIEU | Les \u00e9v\u00e8nements \u00e0 fin mars"}]},{"@type":"WebSite","@id":"https:\/\/newsestlyonnais.fr\/site\/#website","url":"https:\/\/newsestlyonnais.fr\/site\/","name":"News Est Lyonnais","description":"L&#039;actualit\u00e9 au plus pr\u00e8s","publisher":{"@id":"https:\/\/newsestlyonnais.fr\/site\/#organization"},"potentialAction":[{"@type":"SearchAction","target":{"@type":"EntryPoint","urlTemplate":"https:\/\/newsestlyonnais.fr\/site\/?s={search_term_string}"},"query-input":{"@type":"PropertyValueSpecification","valueRequired":true,"valueName":"search_term_string"}}],"inLanguage":"fr-FR"},{"@type":"Organization","@id":"https:\/\/newsestlyonnais.fr\/site\/#organization","name":"News EST LYONNAIS","url":"https:\/\/newsestlyonnais.fr\/site\/","logo":{"@type":"ImageObject","inLanguage":"fr-FR","@id":"https:\/\/newsestlyonnais.fr\/site\/#\/schema\/logo\/image\/","url":"","contentUrl":"","caption":"News EST LYONNAIS"},"image":{"@id":"https:\/\/newsestlyonnais.fr\/site\/#\/schema\/logo\/image\/"}},{"@type":"Person","@id":"https:\/\/newsestlyonnais.fr\/site\/#\/schema\/person\/3230d5615f390bb808365d673001e887","name":"R\u00e9dac. NEWS","sameAs":["http:\/\/www.newsestlyonnais.fr","https:\/\/www.facebook.com\/pascal.oberson.1?fref=ts","https:\/\/fr.linkedin.com\/in\/pascal-oberson-b17045113"],"url":"https:\/\/newsestlyonnais.fr\/site\/author\/nel\/"}]}},"_links":{"self":[{"href":"https:\/\/newsestlyonnais.fr\/site\/wp-json\/wp\/v2\/posts\/96970","targetHints":{"allow":["GET"]}}],"collection":[{"href":"https:\/\/newsestlyonnais.fr\/site\/wp-json\/wp\/v2\/posts"}],"about":[{"href":"https:\/\/newsestlyonnais.fr\/site\/wp-json\/wp\/v2\/types\/post"}],"author":[{"embeddable":true,"href":"https:\/\/newsestlyonnais.fr\/site\/wp-json\/wp\/v2\/users\/4"}],"replies":[{"embeddable":true,"href":"https:\/\/newsestlyonnais.fr\/site\/wp-json\/wp\/v2\/comments?post=96970"}],"version-history":[{"count":0,"href":"https:\/\/newsestlyonnais.fr\/site\/wp-json\/wp\/v2\/posts\/96970\/revisions"}],"wp:featuredmedia":[{"embeddable":true,"href":"https:\/\/newsestlyonnais.fr\/site\/wp-json\/wp\/v2\/media\/83701"}],"wp:attachment":[{"href":"https:\/\/newsestlyonnais.fr\/site\/wp-json\/wp\/v2\/media?parent=96970"}],"wp:term":[{"taxonomy":"category","embeddable":true,"href":"https:\/\/newsestlyonnais.fr\/site\/wp-json\/wp\/v2\/categories?post=96970"},{"taxonomy":"post_tag","embeddable":true,"href":"https:\/\/newsestlyonnais.fr\/site\/wp-json\/wp\/v2\/tags?post=96970"}],"curies":[{"name":"wp","href":"https:\/\/api.w.org\/{rel}","templated":true}]}}