{"id":97033,"date":"2020-03-09T06:59:11","date_gmt":"2020-03-09T05:59:11","guid":{"rendered":"http:\/\/newsestlyonnais.fr\/site\/?p=97033"},"modified":"2021-04-13T15:54:08","modified_gmt":"2021-04-13T14:54:08","slug":"vaulx-en-velin-les-evenements-au-22-mars","status":"publish","type":"post","link":"https:\/\/newsestlyonnais.fr\/site\/2020\/03\/09\/vaulx-en-velin-les-evenements-au-22-mars\/","title":{"rendered":"VAULX-EN-VELIN | Les \u00e9v\u00e8nements au 22 mars"},"content":{"rendered":"<p><b><span style=\"text-decoration: underline\">SANT\u00c9, DROITS, EMPLOI, SPORT, LOISIRS<\/span> : <\/b>Chaque ann\u00e9e \u00e0 Vaulx-en-Velin, le mois de mars est d\u00e9di\u00e9 \u00e0 la promotion des droits des femmes avec des actions de sensibilisation et de mobilisation organis\u00e9es pour tous. De nombreux rendez-vous se d\u00e9roulent ainsi tout au long du mois. \u00a0Au programme de cette semaine :\u00a0<b><br \/>\n<\/b><\/p>\n<p class=\"text-build-content\"><b><span style=\"text-decoration: underline\">Lundi 9 mars<\/span> : <\/b>9 h 30 \u00e0 11 h 30 : <b>Le p\u2019tit d\u00e9j de l\u2019entrepreneuriat au f\u00e9minin<\/b> (Centre social du Grand Vire).<br \/>\n&gt; 19 h-20 h 30 : <b>Soir\u00e9e Cin\u00e9 forum<\/b> (Centre social du Grand Vire).<\/p>\n<p class=\"text-build-content\"><b><span style=\"text-decoration: underline\">Mardi 10 mars<\/span> : <\/b>14 h-16 h &#8211; <b>\u00c9changes autour de<\/b> l<b>a prise en charge des victimes en mati\u00e8re de violences sexuelles<\/b> (centre communal Jean-Moulin). \u00c9changes. &gt; 18 h-20 h \u2013 <b>Rencontre sur l&rsquo;acc\u00e8s aux droits et \u00e0 la sant\u00e9<\/b> (Plan\u00e9tarium).<\/p>\n<div>\n<p class=\"text-build-content\"><b><span style=\"text-decoration: underline\">Mercredi 11 mars<\/span> : <\/b>\u00c0 partir de 15 h &#8211; <b>Animations festives<\/b> (Maison des f\u00eates et des familles).<\/p>\n<p class=\"text-build-content\"><b><span style=\"text-decoration: underline\">Jeudi 12 mars<\/span> : <\/b>&gt; 14 h-16 h \u2013 <b>\u00c9changes autour de la sant\u00e9<\/b> \u2013(Centre social du Grand Vire). &gt; 9 h-11 h &#8211; <b>R\u00e9union d&rsquo;information<\/b> <b>\u00ab\u00a0Femme, m\u00e8re, le choix de l\u2019emploi\u00a0\u00bb<\/b> (CIDFF)<\/p>\n<p class=\"text-build-content\"><b><span style=\"text-decoration: underline\">Vendredi 13 mars<\/span> : <\/b>&gt; 20h \u2013 <b>Conf\u00e9rence gesticul\u00e9e \u00ab\u00a0J\u2019avais pas vu le coup venir\u00a0\u00bb<\/b> (MJC de Vaulx-en-Velin).<\/p>\n<p>&#8212;&#8212;&#8212;&#8212;&#8212;&#8212;&#8212;&#8212;&#8212;&#8212;&#8212;&#8212;&#8212;&#8212;&#8212;&#8212;&#8212;&#8212;&#8212;&#8212;&#8212;&#8212;&#8212;&#8212;&#8212;&#8212;&#8212;&#8212;&#8212;&#8212;&#8212;&#8212;&#8212;&#8212;&#8212;&#8212;&#8212;&#8212;&#8212;&#8212;&#8212;&#8212;&#8212;&#8212;-<\/p>\n<p><span style=\"text-decoration: underline\"><b>ACTIVIT\u00c9S SENIORS<\/b><\/span> :<\/p>\n<p><b>PETIT D\u00c9J&rsquo; DES RETRAIT\u00c9S : <\/b>lundi 9 mars, de 8 h 30 \u00e0 10 h 30. (salle \u00c9dith-Piaf. Entr\u00e9e au 41 avenue Gabriel-P\u00e9ri).<\/p>\n<p><b>TH\u00c9 DANSANT : <\/b>mardi 10 mars, \u00e0 14 h. (salle \u00c9dith-Piaf). Organis\u00e9 par le Conseil des seniors. Tarif : 5 \u20ac.<\/p>\n<p><b>DUPLICATE DE SCRABBLE :<\/b> mercredi 11 mars \u00e0 13 h 30. (Salle \u00c9dith-Piaf).<\/p>\n<p><b>CONCERT KINUA :<\/b> jeudi 12 mars \u00e0 19 h. (MJC, 13 avenue Henri-Barbusse). Tarif r\u00e9duit : 5 \u20ac. Sur inscription<\/p>\n<p><b>MARCHE SANT\u00c9 <\/b>: vendredi 13 mars, \u00e0 13 h 30. RDV au service des Retrait\u00e9s. Gratuit, sur inscription<\/p>\n<p>&#8212;&#8212;&#8212;&#8212;&#8212;&#8212;&#8212;&#8212;&#8212;&#8212;&#8212;&#8212;&#8212;&#8212;&#8212;&#8212;&#8212;&#8212;&#8212;&#8212;&#8212;&#8212;&#8212;&#8212;&#8212;&#8212;&#8212;&#8212;&#8212;&#8212;&#8212;&#8212;&#8212;&#8212;&#8212;&#8212;&#8212;&#8212;&#8212;&#8212;&#8212;&#8212;&#8212;&#8212;&#8212;&#8211;<\/p>\n<\/div>\n<ul>\n<li>\n<p class=\"text-build-content\"><b><span style=\"text-decoration: underline\">Lundi 9 mars<\/span> de 9 h 30 \u00e0 13 h, sur inscription : Ateliers Cuisine. <\/b>(Espace Frachon, 3 avenue Maurice-Thorez) &amp; <b> entre 15 h et 19 h : DIAB\u00c8TE, SURPOIDS : VENEZ EN PARLER ! <\/b>Rendez-vous individuels\u00a0 sur inscription. (<b>Centre social G. L\u00e9vy, rue Andr\u00e9-Werth<\/b>).<\/p>\n<\/li>\n<li>\n<p class=\"text-build-content\"><b><span style=\"text-decoration: underline\">Mercredi 11 mars<\/span> de 9 h \u00e0 17 h : PERMANENCE JURIDIQUE. <\/b>(Espace Carmagnole, 8 avenue Bataillon-Carmagnole-Libert\u00e9).<\/p>\n<\/li>\n<li>\n<p class=\"text-build-content\"><b><span style=\"text-decoration: underline\">Jeudi 12 mars<\/span> de 9 h \u00e0 12 h : LOGEMENT SOCIAL, Permanence, Conseil et Information. <\/b>(Mairie annexe, rue Joseph-Blein).<\/p>\n<\/li>\n<li>\n<p class=\"text-build-content\"><span style=\"text-decoration: underline\"><strong>Samedi 14 mars<\/strong><\/span><strong> \u00e0 20 h<\/strong>. <del><b>Basket Seniors 1 NM3 : VBC VS SANARY. <\/b>(Gymnase \u00c9douard-Aubert, rue Alfred de Musset).<\/del> <strong>ANNULE<\/strong><del><br \/>\n<\/del><\/p>\n<\/li>\n<li>\n<p class=\"text-build-content\"><strong><span style=\"text-decoration: underline\">Dimanche 15 mars<\/span><b> de 8 h \u00e0 19 h<\/b>: 1\u00b0 Tour des Elections municipales et m\u00e9tropolitaines &amp; de 9 h 30 \u00e0 13 h : Plateau Babys Vaulx Basket Club. <\/strong>(Gymnase \u00c9douard-Aubert, rue Alfred de Musset).<\/p>\n<\/li>\n<li><b><span style=\"text-decoration: underline\">Samedi 21 mars<\/span> de 10 h \u00e0 17 h 30 : <del>Rencontres de Robotique. <\/del><\/b><del>(Centre culturel Charlie Chaplin, place de la Nation)<\/del>. <strong>ANNULE.<\/strong><del><br \/>\n<\/del><\/li>\n<li><strong><span style=\"text-decoration: underline\">Dimanche 22 mars<\/span> <b> de 8 h \u00e0 19 h<\/b>: 2\u00b0 Tour des Elections municipales et m\u00e9tropolitaines.<\/strong><\/li>\n<\/ul>\n<p><strong>Retrouvez toute l\u2019ACTU de la commune sur : <a href=\"https:\/\/vaulx-en-velin.net\">https:\/\/vaulx-en-velin.net<\/a><\/strong><\/p>\n<div id='gallery-1' class='gallery galleryid-97033 gallery-columns-3 gallery-size-thumbnail'><figure class='gallery-item'>\n\t\t\t<div class='gallery-icon landscape'>\n\t\t\t\t<a href='https:\/\/newsestlyonnais.fr\/site\/2020\/03\/09\/vaulx-en-velin-les-evenements-au-22-mars\/newsestlyonnais-vbc-plateau-babys\/'><img loading=\"lazy\" decoding=\"async\" width=\"150\" height=\"114\" src=\"https:\/\/newsestlyonnais.fr\/site\/wp-content\/uploads\/2020\/03\/NEWSESTLYONNAIS-VBC-PLATEAU-BABYS-250x190.png\" class=\"attachment-thumbnail size-thumbnail\" alt=\"\" aria-describedby=\"gallery-1-97050\" srcset=\"https:\/\/newsestlyonnais.fr\/site\/wp-content\/uploads\/2020\/03\/NEWSESTLYONNAIS-VBC-PLATEAU-BABYS-250x190.png 250w, https:\/\/newsestlyonnais.fr\/site\/wp-content\/uploads\/2020\/03\/NEWSESTLYONNAIS-VBC-PLATEAU-BABYS-400x304.png 400w, https:\/\/newsestlyonnais.fr\/site\/wp-content\/uploads\/2020\/03\/NEWSESTLYONNAIS-VBC-PLATEAU-BABYS-650x495.png 650w, https:\/\/newsestlyonnais.fr\/site\/wp-content\/uploads\/2020\/03\/NEWSESTLYONNAIS-VBC-PLATEAU-BABYS-768x584.png 768w, https:\/\/newsestlyonnais.fr\/site\/wp-content\/uploads\/2020\/03\/NEWSESTLYONNAIS-VBC-PLATEAU-BABYS-150x114.png 150w, https:\/\/newsestlyonnais.fr\/site\/wp-content\/uploads\/2020\/03\/NEWSESTLYONNAIS-VBC-PLATEAU-BABYS-50x38.png 50w, https:\/\/newsestlyonnais.fr\/site\/wp-content\/uploads\/2020\/03\/NEWSESTLYONNAIS-VBC-PLATEAU-BABYS-100x76.png 100w, https:\/\/newsestlyonnais.fr\/site\/wp-content\/uploads\/2020\/03\/NEWSESTLYONNAIS-VBC-PLATEAU-BABYS-200x152.png 200w, https:\/\/newsestlyonnais.fr\/site\/wp-content\/uploads\/2020\/03\/NEWSESTLYONNAIS-VBC-PLATEAU-BABYS-300x228.png 300w, https:\/\/newsestlyonnais.fr\/site\/wp-content\/uploads\/2020\/03\/NEWSESTLYONNAIS-VBC-PLATEAU-BABYS-350x266.png 350w, https:\/\/newsestlyonnais.fr\/site\/wp-content\/uploads\/2020\/03\/NEWSESTLYONNAIS-VBC-PLATEAU-BABYS-450x342.png 450w, https:\/\/newsestlyonnais.fr\/site\/wp-content\/uploads\/2020\/03\/NEWSESTLYONNAIS-VBC-PLATEAU-BABYS-500x381.png 500w, https:\/\/newsestlyonnais.fr\/site\/wp-content\/uploads\/2020\/03\/NEWSESTLYONNAIS-VBC-PLATEAU-BABYS-550x419.png 550w, https:\/\/newsestlyonnais.fr\/site\/wp-content\/uploads\/2020\/03\/NEWSESTLYONNAIS-VBC-PLATEAU-BABYS-800x609.png 800w, https:\/\/newsestlyonnais.fr\/site\/wp-content\/uploads\/2020\/03\/NEWSESTLYONNAIS-VBC-PLATEAU-BABYS.png 1000w\" sizes=\"auto, (max-width: 150px) 100vw, 150px\" \/><\/a>\n\t\t\t<\/div>\n\t\t\t\t<figcaption class='wp-caption-text gallery-caption' id='gallery-1-97050'>\n\t\t\t\tPLATEAU BABYS VBC \n\t\t\t\t<\/figcaption><\/figure>\n\t\t<\/div>\n\n<p>&nbsp;<\/p>\n","protected":false},"excerpt":{"rendered":"<p>De nombreux \u00e9v\u00e8nements sont programm\u00e9s dans les prochains jours sur la commune vaudaise :<\/p>\n","protected":false},"author":4,"featured_media":85535,"comment_status":"open","ping_status":"open","sticky":false,"template":"","format":"standard","meta":{"footnotes":""},"categories":[1219,28],"tags":[2006],"class_list":["post-97033","post","type-post","status-publish","format-standard","has-post-thumbnail","hentry","category-religion-seniors-souvenir","category-vaulx-en-velin","tag-vaulx-en-velin"],"yoast_head":"<!-- This site is optimized with the Yoast SEO plugin v27.2 - https:\/\/yoast.com\/product\/yoast-seo-wordpress\/ -->\n<title>VAULX-EN-VELIN | Les \u00e9v\u00e8nements au 22 mars - News Est Lyonnais<\/title>\n<meta name=\"description\" content=\"VAULX-EN-VELIN | Les \u00e9v\u00e8nements au 22 mars\" \/>\n<meta name=\"robots\" content=\"index, follow, max-snippet:-1, max-image-preview:large, max-video-preview:-1\" \/>\n<link rel=\"canonical\" href=\"https:\/\/newsestlyonnais.fr\/site\/2020\/03\/09\/vaulx-en-velin-les-evenements-au-22-mars\/\" \/>\n<meta property=\"og:locale\" content=\"fr_FR\" \/>\n<meta property=\"og:type\" content=\"article\" \/>\n<meta property=\"og:title\" content=\"VAULX-EN-VELIN | Les \u00e9v\u00e8nements au 22 mars - News Est Lyonnais\" \/>\n<meta property=\"og:description\" content=\"VAULX-EN-VELIN | Les \u00e9v\u00e8nements au 22 mars\" \/>\n<meta property=\"og:url\" content=\"https:\/\/newsestlyonnais.fr\/site\/2020\/03\/09\/vaulx-en-velin-les-evenements-au-22-mars\/\" \/>\n<meta property=\"og:site_name\" content=\"News Est Lyonnais\" \/>\n<meta property=\"article:author\" content=\"https:\/\/www.facebook.com\/pascal.oberson.1?fref=ts\" \/>\n<meta property=\"article:published_time\" content=\"2020-03-09T05:59:11+00:00\" \/>\n<meta property=\"article:modified_time\" content=\"2021-04-13T14:54:08+00:00\" \/>\n<meta property=\"og:image\" content=\"https:\/\/i1.wp.com\/newsestlyonnais.fr\/site\/wp-content\/uploads\/2019\/09\/NEWSESTLYONNAIS-MAIRIE-VAULX.jpg?fit=1200%2C800&ssl=1\" \/>\n\t<meta property=\"og:image:width\" content=\"1200\" \/>\n\t<meta property=\"og:image:height\" content=\"800\" \/>\n\t<meta property=\"og:image:type\" content=\"image\/jpeg\" \/>\n<meta name=\"author\" content=\"R\u00e9dac. NEWS\" \/>\n<meta name=\"twitter:card\" content=\"summary_large_image\" \/>\n<meta name=\"twitter:label1\" content=\"\u00c9crit par\" \/>\n\t<meta name=\"twitter:data1\" content=\"R\u00e9dac. NEWS\" \/>\n\t<meta name=\"twitter:label2\" content=\"Dur\u00e9e de lecture estim\u00e9e\" \/>\n\t<meta name=\"twitter:data2\" content=\"2 minutes\" \/>\n<script type=\"application\/ld+json\" class=\"yoast-schema-graph\">{\"@context\":\"https:\/\/schema.org\",\"@graph\":[{\"@type\":\"Article\",\"@id\":\"https:\/\/newsestlyonnais.fr\/site\/2020\/03\/09\/vaulx-en-velin-les-evenements-au-22-mars\/#article\",\"isPartOf\":{\"@id\":\"https:\/\/newsestlyonnais.fr\/site\/2020\/03\/09\/vaulx-en-velin-les-evenements-au-22-mars\/\"},\"author\":{\"name\":\"R\u00e9dac. NEWS\",\"@id\":\"https:\/\/newsestlyonnais.fr\/site\/#\/schema\/person\/3230d5615f390bb808365d673001e887\"},\"headline\":\"VAULX-EN-VELIN | Les \u00e9v\u00e8nements au 22 mars\",\"datePublished\":\"2020-03-09T05:59:11+00:00\",\"dateModified\":\"2021-04-13T14:54:08+00:00\",\"mainEntityOfPage\":{\"@id\":\"https:\/\/newsestlyonnais.fr\/site\/2020\/03\/09\/vaulx-en-velin-les-evenements-au-22-mars\/\"},\"wordCount\":416,\"commentCount\":0,\"publisher\":{\"@id\":\"https:\/\/newsestlyonnais.fr\/site\/#organization\"},\"image\":{\"@id\":\"https:\/\/newsestlyonnais.fr\/site\/2020\/03\/09\/vaulx-en-velin-les-evenements-au-22-mars\/#primaryimage\"},\"thumbnailUrl\":\"https:\/\/newsestlyonnais.fr\/site\/wp-content\/uploads\/2019\/09\/NEWSESTLYONNAIS-MAIRIE-VAULX.jpg\",\"keywords\":[\"VAULX EN VELIN\"],\"articleSection\":[\"Religion | Seniors | Souvenir\",\"Vaulx-en-Velin\"],\"inLanguage\":\"fr-FR\",\"potentialAction\":[{\"@type\":\"CommentAction\",\"name\":\"Comment\",\"target\":[\"https:\/\/newsestlyonnais.fr\/site\/2020\/03\/09\/vaulx-en-velin-les-evenements-au-22-mars\/#respond\"]}]},{\"@type\":\"WebPage\",\"@id\":\"https:\/\/newsestlyonnais.fr\/site\/2020\/03\/09\/vaulx-en-velin-les-evenements-au-22-mars\/\",\"url\":\"https:\/\/newsestlyonnais.fr\/site\/2020\/03\/09\/vaulx-en-velin-les-evenements-au-22-mars\/\",\"name\":\"VAULX-EN-VELIN | Les \u00e9v\u00e8nements au 22 mars - News Est Lyonnais\",\"isPartOf\":{\"@id\":\"https:\/\/newsestlyonnais.fr\/site\/#website\"},\"primaryImageOfPage\":{\"@id\":\"https:\/\/newsestlyonnais.fr\/site\/2020\/03\/09\/vaulx-en-velin-les-evenements-au-22-mars\/#primaryimage\"},\"image\":{\"@id\":\"https:\/\/newsestlyonnais.fr\/site\/2020\/03\/09\/vaulx-en-velin-les-evenements-au-22-mars\/#primaryimage\"},\"thumbnailUrl\":\"https:\/\/newsestlyonnais.fr\/site\/wp-content\/uploads\/2019\/09\/NEWSESTLYONNAIS-MAIRIE-VAULX.jpg\",\"datePublished\":\"2020-03-09T05:59:11+00:00\",\"dateModified\":\"2021-04-13T14:54:08+00:00\",\"description\":\"VAULX-EN-VELIN | Les \u00e9v\u00e8nements au 22 mars\",\"breadcrumb\":{\"@id\":\"https:\/\/newsestlyonnais.fr\/site\/2020\/03\/09\/vaulx-en-velin-les-evenements-au-22-mars\/#breadcrumb\"},\"inLanguage\":\"fr-FR\",\"potentialAction\":[{\"@type\":\"ReadAction\",\"target\":[\"https:\/\/newsestlyonnais.fr\/site\/2020\/03\/09\/vaulx-en-velin-les-evenements-au-22-mars\/\"]}]},{\"@type\":\"ImageObject\",\"inLanguage\":\"fr-FR\",\"@id\":\"https:\/\/newsestlyonnais.fr\/site\/2020\/03\/09\/vaulx-en-velin-les-evenements-au-22-mars\/#primaryimage\",\"url\":\"https:\/\/newsestlyonnais.fr\/site\/wp-content\/uploads\/2019\/09\/NEWSESTLYONNAIS-MAIRIE-VAULX.jpg\",\"contentUrl\":\"https:\/\/newsestlyonnais.fr\/site\/wp-content\/uploads\/2019\/09\/NEWSESTLYONNAIS-MAIRIE-VAULX.jpg\",\"width\":1200,\"height\":800},{\"@type\":\"BreadcrumbList\",\"@id\":\"https:\/\/newsestlyonnais.fr\/site\/2020\/03\/09\/vaulx-en-velin-les-evenements-au-22-mars\/#breadcrumb\",\"itemListElement\":[{\"@type\":\"ListItem\",\"position\":1,\"name\":\"Accueil\",\"item\":\"https:\/\/newsestlyonnais.fr\/site\/\"},{\"@type\":\"ListItem\",\"position\":2,\"name\":\"VAULX-EN-VELIN | Les \u00e9v\u00e8nements au 22 mars\"}]},{\"@type\":\"WebSite\",\"@id\":\"https:\/\/newsestlyonnais.fr\/site\/#website\",\"url\":\"https:\/\/newsestlyonnais.fr\/site\/\",\"name\":\"News Est Lyonnais\",\"description\":\"L&#039;actualit\u00e9 au plus pr\u00e8s\",\"publisher\":{\"@id\":\"https:\/\/newsestlyonnais.fr\/site\/#organization\"},\"potentialAction\":[{\"@type\":\"SearchAction\",\"target\":{\"@type\":\"EntryPoint\",\"urlTemplate\":\"https:\/\/newsestlyonnais.fr\/site\/?s={search_term_string}\"},\"query-input\":{\"@type\":\"PropertyValueSpecification\",\"valueRequired\":true,\"valueName\":\"search_term_string\"}}],\"inLanguage\":\"fr-FR\"},{\"@type\":\"Organization\",\"@id\":\"https:\/\/newsestlyonnais.fr\/site\/#organization\",\"name\":\"News EST LYONNAIS\",\"url\":\"https:\/\/newsestlyonnais.fr\/site\/\",\"logo\":{\"@type\":\"ImageObject\",\"inLanguage\":\"fr-FR\",\"@id\":\"https:\/\/newsestlyonnais.fr\/site\/#\/schema\/logo\/image\/\",\"url\":\"\",\"contentUrl\":\"\",\"caption\":\"News EST LYONNAIS\"},\"image\":{\"@id\":\"https:\/\/newsestlyonnais.fr\/site\/#\/schema\/logo\/image\/\"}},{\"@type\":\"Person\",\"@id\":\"https:\/\/newsestlyonnais.fr\/site\/#\/schema\/person\/3230d5615f390bb808365d673001e887\",\"name\":\"R\u00e9dac. NEWS\",\"sameAs\":[\"http:\/\/www.newsestlyonnais.fr\",\"https:\/\/www.facebook.com\/pascal.oberson.1?fref=ts\",\"https:\/\/fr.linkedin.com\/in\/pascal-oberson-b17045113\"],\"url\":\"https:\/\/newsestlyonnais.fr\/site\/author\/nel\/\"}]}<\/script>\n<!-- \/ Yoast SEO plugin. -->","yoast_head_json":{"title":"VAULX-EN-VELIN | Les \u00e9v\u00e8nements au 22 mars - News Est Lyonnais","description":"VAULX-EN-VELIN | Les \u00e9v\u00e8nements au 22 mars","robots":{"index":"index","follow":"follow","max-snippet":"max-snippet:-1","max-image-preview":"max-image-preview:large","max-video-preview":"max-video-preview:-1"},"canonical":"https:\/\/newsestlyonnais.fr\/site\/2020\/03\/09\/vaulx-en-velin-les-evenements-au-22-mars\/","og_locale":"fr_FR","og_type":"article","og_title":"VAULX-EN-VELIN | Les \u00e9v\u00e8nements au 22 mars - News Est Lyonnais","og_description":"VAULX-EN-VELIN | Les \u00e9v\u00e8nements au 22 mars","og_url":"https:\/\/newsestlyonnais.fr\/site\/2020\/03\/09\/vaulx-en-velin-les-evenements-au-22-mars\/","og_site_name":"News Est Lyonnais","article_author":"https:\/\/www.facebook.com\/pascal.oberson.1?fref=ts","article_published_time":"2020-03-09T05:59:11+00:00","article_modified_time":"2021-04-13T14:54:08+00:00","og_image":[{"width":1200,"height":800,"url":"https:\/\/i1.wp.com\/newsestlyonnais.fr\/site\/wp-content\/uploads\/2019\/09\/NEWSESTLYONNAIS-MAIRIE-VAULX.jpg?fit=1200%2C800&ssl=1","type":"image\/jpeg"}],"author":"R\u00e9dac. NEWS","twitter_card":"summary_large_image","twitter_misc":{"\u00c9crit par":"R\u00e9dac. NEWS","Dur\u00e9e de lecture estim\u00e9e":"2 minutes"},"schema":{"@context":"https:\/\/schema.org","@graph":[{"@type":"Article","@id":"https:\/\/newsestlyonnais.fr\/site\/2020\/03\/09\/vaulx-en-velin-les-evenements-au-22-mars\/#article","isPartOf":{"@id":"https:\/\/newsestlyonnais.fr\/site\/2020\/03\/09\/vaulx-en-velin-les-evenements-au-22-mars\/"},"author":{"name":"R\u00e9dac. NEWS","@id":"https:\/\/newsestlyonnais.fr\/site\/#\/schema\/person\/3230d5615f390bb808365d673001e887"},"headline":"VAULX-EN-VELIN | Les \u00e9v\u00e8nements au 22 mars","datePublished":"2020-03-09T05:59:11+00:00","dateModified":"2021-04-13T14:54:08+00:00","mainEntityOfPage":{"@id":"https:\/\/newsestlyonnais.fr\/site\/2020\/03\/09\/vaulx-en-velin-les-evenements-au-22-mars\/"},"wordCount":416,"commentCount":0,"publisher":{"@id":"https:\/\/newsestlyonnais.fr\/site\/#organization"},"image":{"@id":"https:\/\/newsestlyonnais.fr\/site\/2020\/03\/09\/vaulx-en-velin-les-evenements-au-22-mars\/#primaryimage"},"thumbnailUrl":"https:\/\/newsestlyonnais.fr\/site\/wp-content\/uploads\/2019\/09\/NEWSESTLYONNAIS-MAIRIE-VAULX.jpg","keywords":["VAULX EN VELIN"],"articleSection":["Religion | Seniors | Souvenir","Vaulx-en-Velin"],"inLanguage":"fr-FR","potentialAction":[{"@type":"CommentAction","name":"Comment","target":["https:\/\/newsestlyonnais.fr\/site\/2020\/03\/09\/vaulx-en-velin-les-evenements-au-22-mars\/#respond"]}]},{"@type":"WebPage","@id":"https:\/\/newsestlyonnais.fr\/site\/2020\/03\/09\/vaulx-en-velin-les-evenements-au-22-mars\/","url":"https:\/\/newsestlyonnais.fr\/site\/2020\/03\/09\/vaulx-en-velin-les-evenements-au-22-mars\/","name":"VAULX-EN-VELIN | Les \u00e9v\u00e8nements au 22 mars - News Est Lyonnais","isPartOf":{"@id":"https:\/\/newsestlyonnais.fr\/site\/#website"},"primaryImageOfPage":{"@id":"https:\/\/newsestlyonnais.fr\/site\/2020\/03\/09\/vaulx-en-velin-les-evenements-au-22-mars\/#primaryimage"},"image":{"@id":"https:\/\/newsestlyonnais.fr\/site\/2020\/03\/09\/vaulx-en-velin-les-evenements-au-22-mars\/#primaryimage"},"thumbnailUrl":"https:\/\/newsestlyonnais.fr\/site\/wp-content\/uploads\/2019\/09\/NEWSESTLYONNAIS-MAIRIE-VAULX.jpg","datePublished":"2020-03-09T05:59:11+00:00","dateModified":"2021-04-13T14:54:08+00:00","description":"VAULX-EN-VELIN | Les \u00e9v\u00e8nements au 22 mars","breadcrumb":{"@id":"https:\/\/newsestlyonnais.fr\/site\/2020\/03\/09\/vaulx-en-velin-les-evenements-au-22-mars\/#breadcrumb"},"inLanguage":"fr-FR","potentialAction":[{"@type":"ReadAction","target":["https:\/\/newsestlyonnais.fr\/site\/2020\/03\/09\/vaulx-en-velin-les-evenements-au-22-mars\/"]}]},{"@type":"ImageObject","inLanguage":"fr-FR","@id":"https:\/\/newsestlyonnais.fr\/site\/2020\/03\/09\/vaulx-en-velin-les-evenements-au-22-mars\/#primaryimage","url":"https:\/\/newsestlyonnais.fr\/site\/wp-content\/uploads\/2019\/09\/NEWSESTLYONNAIS-MAIRIE-VAULX.jpg","contentUrl":"https:\/\/newsestlyonnais.fr\/site\/wp-content\/uploads\/2019\/09\/NEWSESTLYONNAIS-MAIRIE-VAULX.jpg","width":1200,"height":800},{"@type":"BreadcrumbList","@id":"https:\/\/newsestlyonnais.fr\/site\/2020\/03\/09\/vaulx-en-velin-les-evenements-au-22-mars\/#breadcrumb","itemListElement":[{"@type":"ListItem","position":1,"name":"Accueil","item":"https:\/\/newsestlyonnais.fr\/site\/"},{"@type":"ListItem","position":2,"name":"VAULX-EN-VELIN | Les \u00e9v\u00e8nements au 22 mars"}]},{"@type":"WebSite","@id":"https:\/\/newsestlyonnais.fr\/site\/#website","url":"https:\/\/newsestlyonnais.fr\/site\/","name":"News Est Lyonnais","description":"L&#039;actualit\u00e9 au plus pr\u00e8s","publisher":{"@id":"https:\/\/newsestlyonnais.fr\/site\/#organization"},"potentialAction":[{"@type":"SearchAction","target":{"@type":"EntryPoint","urlTemplate":"https:\/\/newsestlyonnais.fr\/site\/?s={search_term_string}"},"query-input":{"@type":"PropertyValueSpecification","valueRequired":true,"valueName":"search_term_string"}}],"inLanguage":"fr-FR"},{"@type":"Organization","@id":"https:\/\/newsestlyonnais.fr\/site\/#organization","name":"News EST LYONNAIS","url":"https:\/\/newsestlyonnais.fr\/site\/","logo":{"@type":"ImageObject","inLanguage":"fr-FR","@id":"https:\/\/newsestlyonnais.fr\/site\/#\/schema\/logo\/image\/","url":"","contentUrl":"","caption":"News EST LYONNAIS"},"image":{"@id":"https:\/\/newsestlyonnais.fr\/site\/#\/schema\/logo\/image\/"}},{"@type":"Person","@id":"https:\/\/newsestlyonnais.fr\/site\/#\/schema\/person\/3230d5615f390bb808365d673001e887","name":"R\u00e9dac. NEWS","sameAs":["http:\/\/www.newsestlyonnais.fr","https:\/\/www.facebook.com\/pascal.oberson.1?fref=ts","https:\/\/fr.linkedin.com\/in\/pascal-oberson-b17045113"],"url":"https:\/\/newsestlyonnais.fr\/site\/author\/nel\/"}]}},"_links":{"self":[{"href":"https:\/\/newsestlyonnais.fr\/site\/wp-json\/wp\/v2\/posts\/97033","targetHints":{"allow":["GET"]}}],"collection":[{"href":"https:\/\/newsestlyonnais.fr\/site\/wp-json\/wp\/v2\/posts"}],"about":[{"href":"https:\/\/newsestlyonnais.fr\/site\/wp-json\/wp\/v2\/types\/post"}],"author":[{"embeddable":true,"href":"https:\/\/newsestlyonnais.fr\/site\/wp-json\/wp\/v2\/users\/4"}],"replies":[{"embeddable":true,"href":"https:\/\/newsestlyonnais.fr\/site\/wp-json\/wp\/v2\/comments?post=97033"}],"version-history":[{"count":0,"href":"https:\/\/newsestlyonnais.fr\/site\/wp-json\/wp\/v2\/posts\/97033\/revisions"}],"wp:featuredmedia":[{"embeddable":true,"href":"https:\/\/newsestlyonnais.fr\/site\/wp-json\/wp\/v2\/media\/85535"}],"wp:attachment":[{"href":"https:\/\/newsestlyonnais.fr\/site\/wp-json\/wp\/v2\/media?parent=97033"}],"wp:term":[{"taxonomy":"category","embeddable":true,"href":"https:\/\/newsestlyonnais.fr\/site\/wp-json\/wp\/v2\/categories?post=97033"},{"taxonomy":"post_tag","embeddable":true,"href":"https:\/\/newsestlyonnais.fr\/site\/wp-json\/wp\/v2\/tags?post=97033"}],"curies":[{"name":"wp","href":"https:\/\/api.w.org\/{rel}","templated":true}]}}