{"id":97062,"date":"2020-03-09T15:24:06","date_gmt":"2020-03-09T14:24:06","guid":{"rendered":"http:\/\/newsestlyonnais.fr\/site\/?p=97062"},"modified":"2020-03-10T11:00:31","modified_gmt":"2020-03-10T10:00:31","slug":"saint-fons-les-evenements-de-mars","status":"publish","type":"post","link":"https:\/\/newsestlyonnais.fr\/site\/2020\/03\/09\/saint-fons-les-evenements-de-mars\/","title":{"rendered":"SAINT-FONS | Les \u00e9v\u00e8nements de mars"},"content":{"rendered":"<ul>\n<li><strong><span style=\"text-decoration: underline\"> Lundi 9 <span class=\"date-start_mois_lettre\">mars<\/span><\/span> \u00e0 <span class=\"commentairem1\">14 h : <\/span><\/strong><span class=\"spantitre\"><strong>Activit\u00e9s Seniors<\/strong> \/ Club Amiti\u00e9 des Clochettes. (<\/span>Centre social des Clochettes).<\/li>\n<li>\n<div class=\"date_manif date_start\"><strong><span style=\"text-decoration: underline\"><span class=\"date-start_jour_nbre\">Mercredi 11<\/span> <span class=\"date-start_mois_lettre\">mars<\/span><\/span> \u00e0 <span class=\"commentairem1\">16 h : <\/span><\/strong><span class=\"spantitre\"><strong> Br\u00e8ves de contes<\/strong> par les Semeurs de Contes. (M\u00e9diath\u00e8que Clochettes). <\/span><\/div>\n<\/li>\n<li>\n<div id=\"detail5366\" class=\"description\"><strong><span style=\"text-decoration: underline\"><span class=\"date-start_jour_nbre\">Jeudi 12<\/span> <span class=\"date-start_mois_lettre\">mars<\/span><\/span> \u00e0 <span class=\"commentairem1\">14 h : <\/span><\/strong><span class=\"spantitre\"><strong> Rencontre litt\u00e9raire Seniors<\/strong>. <\/span>Th\u00e8me : Les \u00e9crivains lyonnais. (M\u00e9diath\u00e8que RMG).<\/div>\n<\/li>\n<li>\n<div class=\"date_manif date_start\"><strong><span style=\"text-decoration: underline\"><span class=\"date-start_jour_nbre\">Vendredi 13<\/span> <span class=\"date-start_mois_lettre\">mars<\/span><\/span> \u00e0 <span class=\"commentairem1\">16 h 30 : <\/span><\/strong><span class=\"spantitre\"><strong> Soir\u00e9e Contes pour tous<\/strong>.\u00a0 <\/span>Avec les conteuses des Semeurs de contes et d\u2019Ad&rsquo; Vienne que dira. (Centre Social Arc-en-ciel, 3-5 rue Paul Vaillant Couturier).<\/div>\n<\/li>\n<li>\n<div class=\"date_manif date_start\"><strong><span style=\"text-decoration: underline\"><span class=\"date-start_jour_nbre\">Samedi 14<\/span> <span class=\"date-start_mois_lettre\">mars<\/span><\/span> \u00e0 <span class=\"commentairem1\">10 h 30 : <\/span><\/strong><span class=\"spantitre\"><strong> P&rsquo;tit dej&rsquo; special Polar<\/strong>. (M\u00e9diath\u00e8que RMG). <\/span><\/div>\n<\/li>\n<li>\n<div class=\"date_manif date_start\"><strong><span style=\"text-decoration: underline\">Du samedi 14 mars au dimanche 19 avril<\/span> :<\/strong> <strong>Open de tennis de Saint Fons 2020 &amp; <\/strong><strong>Tournoi Jeunes. <\/strong>(Stade de la Cressonni\u00e8re, avenue Diderot). <strong><br \/>\n<\/strong><\/div>\n<\/li>\n<li><strong><span style=\"text-decoration: underline\">Lundi 16 <span class=\"date-start_mois_lettre\">mars<\/span><\/span> \u00e0 <span class=\"commentairem1\">14 h : <\/span><\/strong><span class=\"spantitre\"><strong>Activit\u00e9s Seniors<\/strong> \/ Club Amiti\u00e9 des Clochettes. (<\/span>Centre social des Clochettes).<\/li>\n<li>\n<div class=\"date_manif date_start\"><strong><span style=\"text-decoration: underline\"><span class=\"date-start_jour_nbre\">Mardi 17<\/span><\/span><span class=\"date-start_mois_lettre\"><span style=\"text-decoration: underline\"> &amp; mercredi 18 mars<\/span> de 9 h \u00e0 11 h : <\/span><\/strong><span class=\"spantitre\"><strong> BALADES URBAINES<\/strong> \u00ab Tous ensemble, soyons fou ! \u00bb <\/span>Sant\u00e9 mentale et discriminations. Intervenants : Anne-Sophie Robin (animatrice en activit\u00e9 physique) et les Ambassadeurs sant\u00e9 mentale. (RDV \u00e0 9 h place des 4 chemins).<\/div>\n<\/li>\n<li>\n<div class=\"date_manif date_start\"><strong><strong><span style=\"text-decoration: underline\"><span class=\"date-start_jour_nbre\">Mercredi 18<\/span> <span class=\"date-start_mois_lettre\">mars<\/span><\/span> <\/strong><span class=\"date-start_mois_lettre\">de <\/span><span class=\"commentairem1\">8 h \u00e0 18 h : <\/span><\/strong><span class=\"spantitre\"><strong>Les Printani\u00e8res<\/strong> \/ Saint-Fons Animations. (<\/span>Square Matringe) <strong>&amp; \u00e0<\/strong> <strong><span class=\"commentairem1\">10 h : <\/span><\/strong><span class=\"spantitre\"><strong> Tout-petit, tu lis !<\/strong> Histoires et comptines pour tout-petits (0-4 ans). (M\u00e9diath\u00e8que Clochettes). <\/span><\/div>\n<\/li>\n<li>\n<div class=\"date_manif date_start\"><strong><span style=\"text-decoration: underline\"><span class=\"date-start_jour_nbre\">Samedi 21<\/span> <span class=\"date-start_mois_lettre\">mars<\/span><\/span> \u00e0 <span class=\"commentairem1\">10 h 30 : <\/span><\/strong><span class=\"spantitre\"><span class=\"spantitre\"><strong> Tout-petit, tu lis !<\/strong> &amp; M\u00e9li-m\u00e9lodies. Histoires et comptines pour tout-petits.<br \/>\nJusqu\u2019\u00e0 4 ans. (M\u00e9diath\u00e8que RMG) <strong>&amp; \u00e0 <\/strong><\/span><\/span><strong><span class=\"commentairem1\">17 h et 20 h 30 : <\/span><\/strong><span class=\"spantitre\"><strong>Lies<\/strong> (<\/span>Th\u00e9\u00e2tre Jean Marais).<\/div>\n<\/li>\n<li><strong><span style=\"text-decoration: underline\">Lundi 23 <span class=\"date-start_mois_lettre\">mars<\/span> <\/span>\u00e0 <span class=\"commentairem1\">14 h : <\/span><\/strong><span class=\"spantitre\"><strong>Activit\u00e9s Seniors<\/strong> \/ Club Amiti\u00e9 des Clochettes. (<\/span>Centre social des Clochettes).<\/li>\n<li>\n<div class=\"date_manif date_start\"><span style=\"text-decoration: underline\"><strong><span class=\"date-start_jour_nbre\">Mercredi 25<\/span> <\/strong><\/span><span class=\"date-start_mois_lettre\"><strong><span style=\"text-decoration: underline\">mars<\/span> de 9 h \u00e0 11 h 30<\/strong> : <\/span><span class=\"spantitre\"><strong> CIN\u00c9-D\u00c9BAT<\/strong> \u00a0\u00bb Tous ensemble, soyons fou \u00ab\u00a0. (Cin\u00e9ma G\u00e9rard Philippe, 12 avenue Jean Cagne).<\/span><\/div>\n<\/li>\n<li>\n<div class=\"date_manif date_start\"><strong><span style=\"text-decoration: underline\"><span class=\"date-start_jour_nbre\">Vendredi 27<\/span> <span class=\"date-start_mois_lettre\">mars<\/span><\/span> \u00e0 <span class=\"commentairem1\">20 h 30 : <\/span><\/strong><span class=\"spantitre\"><strong> Yokai<\/strong>, <\/span>rem\u00e8de au d\u00e9sespoir. (Th\u00e9\u00e2tre Jean Marais).<\/div>\n<\/li>\n<li><strong><span style=\"text-decoration: underline\">Lundi 30 <span class=\"date-start_mois_lettre\">mars<\/span><\/span> \u00e0 <span class=\"commentairem1\">14 h : <\/span><\/strong><span class=\"spantitre\"><strong>Activit\u00e9s Seniors<\/strong> \/ Club Amiti\u00e9 des Clochettes. (<\/span>Centre social des Clochettes).<\/li>\n<li>\n<div class=\"date_manif date_start_end\">\n<div class=\"wrapp_date-end\"><strong><span style=\"text-decoration: underline\"><span class=\"date-end_jour_lettre\">Mardi<\/span> <span class=\"date-end_jour_nbre\">31<\/span> <span class=\"date-end_mois_lettre\">mars<\/span><\/span> \u00e0 14 h 15 &amp; 18 h 15 : <\/strong><span class=\"spantitre\"><strong>Les rencontres en chansons<\/strong>, Concert. (Th\u00e9\u00e2tre Jean Marais). <\/span><\/div>\n<\/div>\n<\/li>\n<\/ul>\n<p><em><strong>Toute l\u2019ACTU de la commune sur : <\/strong><\/em><a href=\"http:\/\/www.saint-fons.fr\" target=\"_blank\" rel=\"noreferrer noopener\">http:\/\/www.saint-fons.fr<\/a><\/p>\n<div id='gallery-1' class='gallery galleryid-97062 gallery-columns-3 gallery-size-thumbnail'><figure class='gallery-item'>\n\t\t\t<div class='gallery-icon portrait'>\n\t\t\t\t<a href='https:\/\/newsestlyonnais.fr\/site\/2020\/03\/09\/saint-fons-les-evenements-de-mars\/newsestlyonnais-st-fons-tennis-2020\/'><img loading=\"lazy\" decoding=\"async\" width=\"100\" height=\"150\" src=\"https:\/\/newsestlyonnais.fr\/site\/wp-content\/uploads\/2020\/03\/NEWSESTLYONNAIS-ST-FONS-TENNIS-2020-250x375.jpeg\" class=\"attachment-thumbnail size-thumbnail\" alt=\"\" aria-describedby=\"gallery-1-97067\" srcset=\"https:\/\/newsestlyonnais.fr\/site\/wp-content\/uploads\/2020\/03\/NEWSESTLYONNAIS-ST-FONS-TENNIS-2020-250x375.jpeg 250w, https:\/\/newsestlyonnais.fr\/site\/wp-content\/uploads\/2020\/03\/NEWSESTLYONNAIS-ST-FONS-TENNIS-2020-400x600.jpeg 400w, https:\/\/newsestlyonnais.fr\/site\/wp-content\/uploads\/2020\/03\/NEWSESTLYONNAIS-ST-FONS-TENNIS-2020-650x975.jpeg 650w, https:\/\/newsestlyonnais.fr\/site\/wp-content\/uploads\/2020\/03\/NEWSESTLYONNAIS-ST-FONS-TENNIS-2020-768x1152.jpeg 768w, https:\/\/newsestlyonnais.fr\/site\/wp-content\/uploads\/2020\/03\/NEWSESTLYONNAIS-ST-FONS-TENNIS-2020-150x225.jpeg 150w, https:\/\/newsestlyonnais.fr\/site\/wp-content\/uploads\/2020\/03\/NEWSESTLYONNAIS-ST-FONS-TENNIS-2020-50x75.jpeg 50w, https:\/\/newsestlyonnais.fr\/site\/wp-content\/uploads\/2020\/03\/NEWSESTLYONNAIS-ST-FONS-TENNIS-2020-100x150.jpeg 100w, https:\/\/newsestlyonnais.fr\/site\/wp-content\/uploads\/2020\/03\/NEWSESTLYONNAIS-ST-FONS-TENNIS-2020-200x300.jpeg 200w, https:\/\/newsestlyonnais.fr\/site\/wp-content\/uploads\/2020\/03\/NEWSESTLYONNAIS-ST-FONS-TENNIS-2020-300x450.jpeg 300w, https:\/\/newsestlyonnais.fr\/site\/wp-content\/uploads\/2020\/03\/NEWSESTLYONNAIS-ST-FONS-TENNIS-2020-350x525.jpeg 350w, https:\/\/newsestlyonnais.fr\/site\/wp-content\/uploads\/2020\/03\/NEWSESTLYONNAIS-ST-FONS-TENNIS-2020-450x675.jpeg 450w, https:\/\/newsestlyonnais.fr\/site\/wp-content\/uploads\/2020\/03\/NEWSESTLYONNAIS-ST-FONS-TENNIS-2020-500x750.jpeg 500w, https:\/\/newsestlyonnais.fr\/site\/wp-content\/uploads\/2020\/03\/NEWSESTLYONNAIS-ST-FONS-TENNIS-2020-550x825.jpeg 550w, https:\/\/newsestlyonnais.fr\/site\/wp-content\/uploads\/2020\/03\/NEWSESTLYONNAIS-ST-FONS-TENNIS-2020.jpeg 800w\" sizes=\"auto, (max-width: 100px) 100vw, 100px\" \/><\/a>\n\t\t\t<\/div>\n\t\t\t\t<figcaption class='wp-caption-text gallery-caption' id='gallery-1-97067'>\n\t\t\t\tOPEN DE TENNIS\n\t\t\t\t<\/figcaption><\/figure><figure class='gallery-item'>\n\t\t\t<div class='gallery-icon portrait'>\n\t\t\t\t<a href='https:\/\/newsestlyonnais.fr\/site\/2020\/03\/09\/saint-fons-les-evenements-de-mars\/newsestlyonanis-tournoi-jeunes-cosft\/'><img loading=\"lazy\" decoding=\"async\" width=\"100\" height=\"150\" src=\"https:\/\/newsestlyonnais.fr\/site\/wp-content\/uploads\/2020\/03\/NEWSESTLYONANIS-TOURNOI-JEUNES-COSFT-250x375.jpeg\" class=\"attachment-thumbnail size-thumbnail\" alt=\"\" aria-describedby=\"gallery-1-97070\" srcset=\"https:\/\/newsestlyonnais.fr\/site\/wp-content\/uploads\/2020\/03\/NEWSESTLYONANIS-TOURNOI-JEUNES-COSFT-250x375.jpeg 250w, https:\/\/newsestlyonnais.fr\/site\/wp-content\/uploads\/2020\/03\/NEWSESTLYONANIS-TOURNOI-JEUNES-COSFT-400x600.jpeg 400w, https:\/\/newsestlyonnais.fr\/site\/wp-content\/uploads\/2020\/03\/NEWSESTLYONANIS-TOURNOI-JEUNES-COSFT-650x975.jpeg 650w, https:\/\/newsestlyonnais.fr\/site\/wp-content\/uploads\/2020\/03\/NEWSESTLYONANIS-TOURNOI-JEUNES-COSFT-768x1152.jpeg 768w, https:\/\/newsestlyonnais.fr\/site\/wp-content\/uploads\/2020\/03\/NEWSESTLYONANIS-TOURNOI-JEUNES-COSFT-150x225.jpeg 150w, https:\/\/newsestlyonnais.fr\/site\/wp-content\/uploads\/2020\/03\/NEWSESTLYONANIS-TOURNOI-JEUNES-COSFT-50x75.jpeg 50w, https:\/\/newsestlyonnais.fr\/site\/wp-content\/uploads\/2020\/03\/NEWSESTLYONANIS-TOURNOI-JEUNES-COSFT-100x150.jpeg 100w, https:\/\/newsestlyonnais.fr\/site\/wp-content\/uploads\/2020\/03\/NEWSESTLYONANIS-TOURNOI-JEUNES-COSFT-200x300.jpeg 200w, https:\/\/newsestlyonnais.fr\/site\/wp-content\/uploads\/2020\/03\/NEWSESTLYONANIS-TOURNOI-JEUNES-COSFT-300x450.jpeg 300w, https:\/\/newsestlyonnais.fr\/site\/wp-content\/uploads\/2020\/03\/NEWSESTLYONANIS-TOURNOI-JEUNES-COSFT-350x525.jpeg 350w, https:\/\/newsestlyonnais.fr\/site\/wp-content\/uploads\/2020\/03\/NEWSESTLYONANIS-TOURNOI-JEUNES-COSFT-450x675.jpeg 450w, https:\/\/newsestlyonnais.fr\/site\/wp-content\/uploads\/2020\/03\/NEWSESTLYONANIS-TOURNOI-JEUNES-COSFT-500x750.jpeg 500w, https:\/\/newsestlyonnais.fr\/site\/wp-content\/uploads\/2020\/03\/NEWSESTLYONANIS-TOURNOI-JEUNES-COSFT-550x825.jpeg 550w, https:\/\/newsestlyonnais.fr\/site\/wp-content\/uploads\/2020\/03\/NEWSESTLYONANIS-TOURNOI-JEUNES-COSFT.jpeg 800w\" sizes=\"auto, (max-width: 100px) 100vw, 100px\" \/><\/a>\n\t\t\t<\/div>\n\t\t\t\t<figcaption class='wp-caption-text gallery-caption' id='gallery-1-97070'>\n\t\t\t\t  TOURNOI JEUNES \n\t\t\t\t<\/figcaption><\/figure>\n\t\t<\/div>\n\n","protected":false},"excerpt":{"rendered":"<p>Nombreux sont les \u00e9v\u00e8nements programm\u00e9s sur la commune jusqu&rsquo;\u00e0 la fin du mois.<\/p>\n","protected":false},"author":4,"featured_media":97063,"comment_status":"open","ping_status":"open","sticky":false,"template":"","format":"standard","meta":{"footnotes":""},"categories":[1297],"tags":[],"class_list":["post-97062","post","type-post","status-publish","format-standard","has-post-thumbnail","hentry","category-saint-fons"],"yoast_head":"<!-- This site is optimized with the Yoast SEO plugin v27.2 - https:\/\/yoast.com\/product\/yoast-seo-wordpress\/ -->\n<title>SAINT-FONS | Les \u00e9v\u00e8nements de mars - News Est Lyonnais<\/title>\n<meta name=\"description\" content=\"SAINT-FONS | Les \u00e9v\u00e8nements de mars\" \/>\n<meta name=\"robots\" content=\"index, follow, max-snippet:-1, max-image-preview:large, max-video-preview:-1\" \/>\n<link rel=\"canonical\" href=\"https:\/\/newsestlyonnais.fr\/site\/2020\/03\/09\/saint-fons-les-evenements-de-mars\/\" \/>\n<meta property=\"og:locale\" content=\"fr_FR\" \/>\n<meta property=\"og:type\" content=\"article\" \/>\n<meta property=\"og:title\" content=\"SAINT-FONS | Les \u00e9v\u00e8nements de mars - News Est Lyonnais\" \/>\n<meta property=\"og:description\" content=\"SAINT-FONS | Les \u00e9v\u00e8nements de mars\" \/>\n<meta property=\"og:url\" content=\"https:\/\/newsestlyonnais.fr\/site\/2020\/03\/09\/saint-fons-les-evenements-de-mars\/\" \/>\n<meta property=\"og:site_name\" content=\"News Est Lyonnais\" \/>\n<meta property=\"article:author\" content=\"https:\/\/www.facebook.com\/pascal.oberson.1?fref=ts\" \/>\n<meta property=\"article:published_time\" content=\"2020-03-09T14:24:06+00:00\" \/>\n<meta property=\"article:modified_time\" content=\"2020-03-10T10:00:31+00:00\" \/>\n<meta property=\"og:image\" content=\"https:\/\/i0.wp.com\/newsestlyonnais.fr\/site\/wp-content\/uploads\/2020\/03\/NEWSESTLYONNAIS-PAN-ST-FONS.png?fit=221%2C221&ssl=1\" \/>\n\t<meta property=\"og:image:width\" content=\"221\" \/>\n\t<meta property=\"og:image:height\" content=\"221\" \/>\n\t<meta property=\"og:image:type\" content=\"image\/png\" \/>\n<meta name=\"author\" content=\"R\u00e9dac. NEWS\" \/>\n<meta name=\"twitter:card\" content=\"summary_large_image\" \/>\n<meta name=\"twitter:label1\" content=\"\u00c9crit par\" \/>\n\t<meta name=\"twitter:data1\" content=\"R\u00e9dac. NEWS\" \/>\n\t<meta name=\"twitter:label2\" content=\"Dur\u00e9e de lecture estim\u00e9e\" \/>\n\t<meta name=\"twitter:data2\" content=\"2 minutes\" \/>\n<script type=\"application\/ld+json\" class=\"yoast-schema-graph\">{\"@context\":\"https:\/\/schema.org\",\"@graph\":[{\"@type\":\"Article\",\"@id\":\"https:\/\/newsestlyonnais.fr\/site\/2020\/03\/09\/saint-fons-les-evenements-de-mars\/#article\",\"isPartOf\":{\"@id\":\"https:\/\/newsestlyonnais.fr\/site\/2020\/03\/09\/saint-fons-les-evenements-de-mars\/\"},\"author\":{\"name\":\"R\u00e9dac. NEWS\",\"@id\":\"https:\/\/newsestlyonnais.fr\/site\/#\/schema\/person\/3230d5615f390bb808365d673001e887\"},\"headline\":\"SAINT-FONS | Les \u00e9v\u00e8nements de mars\",\"datePublished\":\"2020-03-09T14:24:06+00:00\",\"dateModified\":\"2020-03-10T10:00:31+00:00\",\"mainEntityOfPage\":{\"@id\":\"https:\/\/newsestlyonnais.fr\/site\/2020\/03\/09\/saint-fons-les-evenements-de-mars\/\"},\"wordCount\":311,\"commentCount\":0,\"publisher\":{\"@id\":\"https:\/\/newsestlyonnais.fr\/site\/#organization\"},\"image\":{\"@id\":\"https:\/\/newsestlyonnais.fr\/site\/2020\/03\/09\/saint-fons-les-evenements-de-mars\/#primaryimage\"},\"thumbnailUrl\":\"https:\/\/newsestlyonnais.fr\/site\/wp-content\/uploads\/2020\/03\/NEWSESTLYONNAIS-PAN-ST-FONS.png\",\"articleSection\":[\"Saint-Fons\"],\"inLanguage\":\"fr-FR\",\"potentialAction\":[{\"@type\":\"CommentAction\",\"name\":\"Comment\",\"target\":[\"https:\/\/newsestlyonnais.fr\/site\/2020\/03\/09\/saint-fons-les-evenements-de-mars\/#respond\"]}]},{\"@type\":\"WebPage\",\"@id\":\"https:\/\/newsestlyonnais.fr\/site\/2020\/03\/09\/saint-fons-les-evenements-de-mars\/\",\"url\":\"https:\/\/newsestlyonnais.fr\/site\/2020\/03\/09\/saint-fons-les-evenements-de-mars\/\",\"name\":\"SAINT-FONS | Les \u00e9v\u00e8nements de mars - News Est Lyonnais\",\"isPartOf\":{\"@id\":\"https:\/\/newsestlyonnais.fr\/site\/#website\"},\"primaryImageOfPage\":{\"@id\":\"https:\/\/newsestlyonnais.fr\/site\/2020\/03\/09\/saint-fons-les-evenements-de-mars\/#primaryimage\"},\"image\":{\"@id\":\"https:\/\/newsestlyonnais.fr\/site\/2020\/03\/09\/saint-fons-les-evenements-de-mars\/#primaryimage\"},\"thumbnailUrl\":\"https:\/\/newsestlyonnais.fr\/site\/wp-content\/uploads\/2020\/03\/NEWSESTLYONNAIS-PAN-ST-FONS.png\",\"datePublished\":\"2020-03-09T14:24:06+00:00\",\"dateModified\":\"2020-03-10T10:00:31+00:00\",\"description\":\"SAINT-FONS | Les \u00e9v\u00e8nements de mars\",\"breadcrumb\":{\"@id\":\"https:\/\/newsestlyonnais.fr\/site\/2020\/03\/09\/saint-fons-les-evenements-de-mars\/#breadcrumb\"},\"inLanguage\":\"fr-FR\",\"potentialAction\":[{\"@type\":\"ReadAction\",\"target\":[\"https:\/\/newsestlyonnais.fr\/site\/2020\/03\/09\/saint-fons-les-evenements-de-mars\/\"]}]},{\"@type\":\"ImageObject\",\"inLanguage\":\"fr-FR\",\"@id\":\"https:\/\/newsestlyonnais.fr\/site\/2020\/03\/09\/saint-fons-les-evenements-de-mars\/#primaryimage\",\"url\":\"https:\/\/newsestlyonnais.fr\/site\/wp-content\/uploads\/2020\/03\/NEWSESTLYONNAIS-PAN-ST-FONS.png\",\"contentUrl\":\"https:\/\/newsestlyonnais.fr\/site\/wp-content\/uploads\/2020\/03\/NEWSESTLYONNAIS-PAN-ST-FONS.png\",\"width\":221,\"height\":221},{\"@type\":\"BreadcrumbList\",\"@id\":\"https:\/\/newsestlyonnais.fr\/site\/2020\/03\/09\/saint-fons-les-evenements-de-mars\/#breadcrumb\",\"itemListElement\":[{\"@type\":\"ListItem\",\"position\":1,\"name\":\"Accueil\",\"item\":\"https:\/\/newsestlyonnais.fr\/site\/\"},{\"@type\":\"ListItem\",\"position\":2,\"name\":\"SAINT-FONS | Les \u00e9v\u00e8nements de mars\"}]},{\"@type\":\"WebSite\",\"@id\":\"https:\/\/newsestlyonnais.fr\/site\/#website\",\"url\":\"https:\/\/newsestlyonnais.fr\/site\/\",\"name\":\"News Est Lyonnais\",\"description\":\"L&#039;actualit\u00e9 au plus pr\u00e8s\",\"publisher\":{\"@id\":\"https:\/\/newsestlyonnais.fr\/site\/#organization\"},\"potentialAction\":[{\"@type\":\"SearchAction\",\"target\":{\"@type\":\"EntryPoint\",\"urlTemplate\":\"https:\/\/newsestlyonnais.fr\/site\/?s={search_term_string}\"},\"query-input\":{\"@type\":\"PropertyValueSpecification\",\"valueRequired\":true,\"valueName\":\"search_term_string\"}}],\"inLanguage\":\"fr-FR\"},{\"@type\":\"Organization\",\"@id\":\"https:\/\/newsestlyonnais.fr\/site\/#organization\",\"name\":\"News EST LYONNAIS\",\"url\":\"https:\/\/newsestlyonnais.fr\/site\/\",\"logo\":{\"@type\":\"ImageObject\",\"inLanguage\":\"fr-FR\",\"@id\":\"https:\/\/newsestlyonnais.fr\/site\/#\/schema\/logo\/image\/\",\"url\":\"\",\"contentUrl\":\"\",\"caption\":\"News EST LYONNAIS\"},\"image\":{\"@id\":\"https:\/\/newsestlyonnais.fr\/site\/#\/schema\/logo\/image\/\"}},{\"@type\":\"Person\",\"@id\":\"https:\/\/newsestlyonnais.fr\/site\/#\/schema\/person\/3230d5615f390bb808365d673001e887\",\"name\":\"R\u00e9dac. NEWS\",\"sameAs\":[\"http:\/\/www.newsestlyonnais.fr\",\"https:\/\/www.facebook.com\/pascal.oberson.1?fref=ts\",\"https:\/\/fr.linkedin.com\/in\/pascal-oberson-b17045113\"],\"url\":\"https:\/\/newsestlyonnais.fr\/site\/author\/nel\/\"}]}<\/script>\n<!-- \/ Yoast SEO plugin. -->","yoast_head_json":{"title":"SAINT-FONS | Les \u00e9v\u00e8nements de mars - News Est Lyonnais","description":"SAINT-FONS | Les \u00e9v\u00e8nements de mars","robots":{"index":"index","follow":"follow","max-snippet":"max-snippet:-1","max-image-preview":"max-image-preview:large","max-video-preview":"max-video-preview:-1"},"canonical":"https:\/\/newsestlyonnais.fr\/site\/2020\/03\/09\/saint-fons-les-evenements-de-mars\/","og_locale":"fr_FR","og_type":"article","og_title":"SAINT-FONS | Les \u00e9v\u00e8nements de mars - News Est Lyonnais","og_description":"SAINT-FONS | Les \u00e9v\u00e8nements de mars","og_url":"https:\/\/newsestlyonnais.fr\/site\/2020\/03\/09\/saint-fons-les-evenements-de-mars\/","og_site_name":"News Est Lyonnais","article_author":"https:\/\/www.facebook.com\/pascal.oberson.1?fref=ts","article_published_time":"2020-03-09T14:24:06+00:00","article_modified_time":"2020-03-10T10:00:31+00:00","og_image":[{"width":221,"height":221,"url":"https:\/\/i0.wp.com\/newsestlyonnais.fr\/site\/wp-content\/uploads\/2020\/03\/NEWSESTLYONNAIS-PAN-ST-FONS.png?fit=221%2C221&ssl=1","type":"image\/png"}],"author":"R\u00e9dac. NEWS","twitter_card":"summary_large_image","twitter_misc":{"\u00c9crit par":"R\u00e9dac. NEWS","Dur\u00e9e de lecture estim\u00e9e":"2 minutes"},"schema":{"@context":"https:\/\/schema.org","@graph":[{"@type":"Article","@id":"https:\/\/newsestlyonnais.fr\/site\/2020\/03\/09\/saint-fons-les-evenements-de-mars\/#article","isPartOf":{"@id":"https:\/\/newsestlyonnais.fr\/site\/2020\/03\/09\/saint-fons-les-evenements-de-mars\/"},"author":{"name":"R\u00e9dac. NEWS","@id":"https:\/\/newsestlyonnais.fr\/site\/#\/schema\/person\/3230d5615f390bb808365d673001e887"},"headline":"SAINT-FONS | Les \u00e9v\u00e8nements de mars","datePublished":"2020-03-09T14:24:06+00:00","dateModified":"2020-03-10T10:00:31+00:00","mainEntityOfPage":{"@id":"https:\/\/newsestlyonnais.fr\/site\/2020\/03\/09\/saint-fons-les-evenements-de-mars\/"},"wordCount":311,"commentCount":0,"publisher":{"@id":"https:\/\/newsestlyonnais.fr\/site\/#organization"},"image":{"@id":"https:\/\/newsestlyonnais.fr\/site\/2020\/03\/09\/saint-fons-les-evenements-de-mars\/#primaryimage"},"thumbnailUrl":"https:\/\/newsestlyonnais.fr\/site\/wp-content\/uploads\/2020\/03\/NEWSESTLYONNAIS-PAN-ST-FONS.png","articleSection":["Saint-Fons"],"inLanguage":"fr-FR","potentialAction":[{"@type":"CommentAction","name":"Comment","target":["https:\/\/newsestlyonnais.fr\/site\/2020\/03\/09\/saint-fons-les-evenements-de-mars\/#respond"]}]},{"@type":"WebPage","@id":"https:\/\/newsestlyonnais.fr\/site\/2020\/03\/09\/saint-fons-les-evenements-de-mars\/","url":"https:\/\/newsestlyonnais.fr\/site\/2020\/03\/09\/saint-fons-les-evenements-de-mars\/","name":"SAINT-FONS | Les \u00e9v\u00e8nements de mars - News Est Lyonnais","isPartOf":{"@id":"https:\/\/newsestlyonnais.fr\/site\/#website"},"primaryImageOfPage":{"@id":"https:\/\/newsestlyonnais.fr\/site\/2020\/03\/09\/saint-fons-les-evenements-de-mars\/#primaryimage"},"image":{"@id":"https:\/\/newsestlyonnais.fr\/site\/2020\/03\/09\/saint-fons-les-evenements-de-mars\/#primaryimage"},"thumbnailUrl":"https:\/\/newsestlyonnais.fr\/site\/wp-content\/uploads\/2020\/03\/NEWSESTLYONNAIS-PAN-ST-FONS.png","datePublished":"2020-03-09T14:24:06+00:00","dateModified":"2020-03-10T10:00:31+00:00","description":"SAINT-FONS | Les \u00e9v\u00e8nements de mars","breadcrumb":{"@id":"https:\/\/newsestlyonnais.fr\/site\/2020\/03\/09\/saint-fons-les-evenements-de-mars\/#breadcrumb"},"inLanguage":"fr-FR","potentialAction":[{"@type":"ReadAction","target":["https:\/\/newsestlyonnais.fr\/site\/2020\/03\/09\/saint-fons-les-evenements-de-mars\/"]}]},{"@type":"ImageObject","inLanguage":"fr-FR","@id":"https:\/\/newsestlyonnais.fr\/site\/2020\/03\/09\/saint-fons-les-evenements-de-mars\/#primaryimage","url":"https:\/\/newsestlyonnais.fr\/site\/wp-content\/uploads\/2020\/03\/NEWSESTLYONNAIS-PAN-ST-FONS.png","contentUrl":"https:\/\/newsestlyonnais.fr\/site\/wp-content\/uploads\/2020\/03\/NEWSESTLYONNAIS-PAN-ST-FONS.png","width":221,"height":221},{"@type":"BreadcrumbList","@id":"https:\/\/newsestlyonnais.fr\/site\/2020\/03\/09\/saint-fons-les-evenements-de-mars\/#breadcrumb","itemListElement":[{"@type":"ListItem","position":1,"name":"Accueil","item":"https:\/\/newsestlyonnais.fr\/site\/"},{"@type":"ListItem","position":2,"name":"SAINT-FONS | Les \u00e9v\u00e8nements de mars"}]},{"@type":"WebSite","@id":"https:\/\/newsestlyonnais.fr\/site\/#website","url":"https:\/\/newsestlyonnais.fr\/site\/","name":"News Est Lyonnais","description":"L&#039;actualit\u00e9 au plus pr\u00e8s","publisher":{"@id":"https:\/\/newsestlyonnais.fr\/site\/#organization"},"potentialAction":[{"@type":"SearchAction","target":{"@type":"EntryPoint","urlTemplate":"https:\/\/newsestlyonnais.fr\/site\/?s={search_term_string}"},"query-input":{"@type":"PropertyValueSpecification","valueRequired":true,"valueName":"search_term_string"}}],"inLanguage":"fr-FR"},{"@type":"Organization","@id":"https:\/\/newsestlyonnais.fr\/site\/#organization","name":"News EST LYONNAIS","url":"https:\/\/newsestlyonnais.fr\/site\/","logo":{"@type":"ImageObject","inLanguage":"fr-FR","@id":"https:\/\/newsestlyonnais.fr\/site\/#\/schema\/logo\/image\/","url":"","contentUrl":"","caption":"News EST LYONNAIS"},"image":{"@id":"https:\/\/newsestlyonnais.fr\/site\/#\/schema\/logo\/image\/"}},{"@type":"Person","@id":"https:\/\/newsestlyonnais.fr\/site\/#\/schema\/person\/3230d5615f390bb808365d673001e887","name":"R\u00e9dac. NEWS","sameAs":["http:\/\/www.newsestlyonnais.fr","https:\/\/www.facebook.com\/pascal.oberson.1?fref=ts","https:\/\/fr.linkedin.com\/in\/pascal-oberson-b17045113"],"url":"https:\/\/newsestlyonnais.fr\/site\/author\/nel\/"}]}},"_links":{"self":[{"href":"https:\/\/newsestlyonnais.fr\/site\/wp-json\/wp\/v2\/posts\/97062","targetHints":{"allow":["GET"]}}],"collection":[{"href":"https:\/\/newsestlyonnais.fr\/site\/wp-json\/wp\/v2\/posts"}],"about":[{"href":"https:\/\/newsestlyonnais.fr\/site\/wp-json\/wp\/v2\/types\/post"}],"author":[{"embeddable":true,"href":"https:\/\/newsestlyonnais.fr\/site\/wp-json\/wp\/v2\/users\/4"}],"replies":[{"embeddable":true,"href":"https:\/\/newsestlyonnais.fr\/site\/wp-json\/wp\/v2\/comments?post=97062"}],"version-history":[{"count":0,"href":"https:\/\/newsestlyonnais.fr\/site\/wp-json\/wp\/v2\/posts\/97062\/revisions"}],"wp:featuredmedia":[{"embeddable":true,"href":"https:\/\/newsestlyonnais.fr\/site\/wp-json\/wp\/v2\/media\/97063"}],"wp:attachment":[{"href":"https:\/\/newsestlyonnais.fr\/site\/wp-json\/wp\/v2\/media?parent=97062"}],"wp:term":[{"taxonomy":"category","embeddable":true,"href":"https:\/\/newsestlyonnais.fr\/site\/wp-json\/wp\/v2\/categories?post=97062"},{"taxonomy":"post_tag","embeddable":true,"href":"https:\/\/newsestlyonnais.fr\/site\/wp-json\/wp\/v2\/tags?post=97062"}],"curies":[{"name":"wp","href":"https:\/\/api.w.org\/{rel}","templated":true}]}}