{"id":97280,"date":"2020-03-12T11:05:29","date_gmt":"2020-03-12T10:05:29","guid":{"rendered":"http:\/\/newsestlyonnais.fr\/site\/?p=97280"},"modified":"2020-03-12T11:05:29","modified_gmt":"2020-03-12T10:05:29","slug":"vaulx-en-velin-proposez-votre-eco-projet","status":"publish","type":"post","link":"https:\/\/newsestlyonnais.fr\/site\/2020\/03\/12\/vaulx-en-velin-proposez-votre-eco-projet\/","title":{"rendered":"VAULX-EN-VELIN | Proposez votre \u00e9co-projet"},"content":{"rendered":"<p><strong>Jusqu\u2019au vendredi 1\u00b0 mai, <\/strong>vous pouvez participer \u00e0 la<strong> 2\u00b0 \u00e9dition de l\u2019appel \u00e0 \u00e9co-projets<\/strong> et obtenir<strong> une subvention <\/strong>pour lui donner vie<strong> (entre 200 et 4.000 \u20ac par projet laur\u00e9at).<\/strong><\/p>\n<p><strong>Ces actions concr\u00e8tes <\/strong>doivent concerner un ou plusieurs de ces domaines :<\/p>\n<ul>\n<li><strong>Sobri\u00e9t\u00e9 \u00e9nerg\u00e9tique<\/strong> (r\u00e9duction des consommations d\u2019\u00e9nergie\u2026).<\/li>\n<li>Mobilit\u00e9 et d\u00e9veloppement <strong>des modes doux<\/strong> (promotion du v\u00e9lo, de la marche \u00e0 pied\u2026).<\/li>\n<li><strong>Recyclage<\/strong>, incitation au tri et \u00e0 la r\u00e9duction des d\u00e9chets.<\/li>\n<li>Consommation responsable et <strong>circuits courts<\/strong>.<\/li>\n<li><strong>\u00c9ducation \u00e0 l\u2019environnement<\/strong> et au d\u00e9veloppement durable.<\/li>\n<li>Pr\u00e9servation de la biodiversit\u00e9 et d\u00e9veloppement de <strong>la nature en ville<\/strong>.<\/li>\n<\/ul>\n<p><strong>Plus d&rsquo; infos sur<\/strong> : <a href=\"https:\/\/vaulx-en-velin.net\/actualites\/2020-03-01-du-1er-mars-au-1er-mai-obtenez-une-subvention-pour-eco-projet\/\">https:\/\/vaulx-en-velin.net\/actualites\/2020-03-01-du-1er-mars-au-1er-mai-obtenez-une-subvention-pour-eco-projet\/<\/a><\/p>\n","protected":false},"excerpt":{"rendered":"<p>Vous souhaitez lancer un projet \u00e0 Vaulx-en-Velin en lien avec la transition \u00e9cologique ? <\/p>\n","protected":false},"author":4,"featured_media":97281,"comment_status":"open","ping_status":"open","sticky":false,"template":"","format":"standard","meta":{"footnotes":""},"categories":[2217,3010,28],"tags":[2006],"class_list":["post-97280","post","type-post","status-publish","format-standard","has-post-thumbnail","hentry","category-breves-de-lest-lyonnais","category-nature-environnement-culture-et-loisirs","category-vaulx-en-velin","tag-vaulx-en-velin"],"yoast_head":"<!-- This site is optimized with the Yoast SEO plugin v27.2 - https:\/\/yoast.com\/product\/yoast-seo-wordpress\/ -->\n<title>VAULX-EN-VELIN | Proposez votre \u00e9co-projet - News Est Lyonnais<\/title>\n<meta name=\"description\" content=\"VAULX-EN-VELIN | Proposez votre \u00e9co-projet\" \/>\n<meta name=\"robots\" content=\"index, follow, max-snippet:-1, max-image-preview:large, max-video-preview:-1\" \/>\n<link rel=\"canonical\" href=\"https:\/\/newsestlyonnais.fr\/site\/2020\/03\/12\/vaulx-en-velin-proposez-votre-eco-projet\/\" \/>\n<meta property=\"og:locale\" content=\"fr_FR\" \/>\n<meta property=\"og:type\" content=\"article\" \/>\n<meta property=\"og:title\" content=\"VAULX-EN-VELIN | Proposez votre \u00e9co-projet - News Est Lyonnais\" \/>\n<meta property=\"og:description\" content=\"VAULX-EN-VELIN | Proposez votre \u00e9co-projet\" \/>\n<meta property=\"og:url\" content=\"https:\/\/newsestlyonnais.fr\/site\/2020\/03\/12\/vaulx-en-velin-proposez-votre-eco-projet\/\" \/>\n<meta property=\"og:site_name\" content=\"News Est Lyonnais\" \/>\n<meta property=\"article:author\" content=\"https:\/\/www.facebook.com\/pascal.oberson.1?fref=ts\" \/>\n<meta property=\"article:published_time\" content=\"2020-03-12T10:05:29+00:00\" \/>\n<meta property=\"og:image\" content=\"https:\/\/i1.wp.com\/newsestlyonnais.fr\/site\/wp-content\/uploads\/2020\/03\/NEWSESTLYONNAIS-ECO-PROJETS.jpg?fit=800%2C250&ssl=1\" \/>\n\t<meta property=\"og:image:width\" content=\"800\" \/>\n\t<meta property=\"og:image:height\" content=\"250\" \/>\n\t<meta property=\"og:image:type\" content=\"image\/jpeg\" \/>\n<meta name=\"author\" content=\"R\u00e9dac. NEWS\" \/>\n<meta name=\"twitter:card\" content=\"summary_large_image\" \/>\n<meta name=\"twitter:label1\" content=\"\u00c9crit par\" \/>\n\t<meta name=\"twitter:data1\" content=\"R\u00e9dac. NEWS\" \/>\n\t<meta name=\"twitter:label2\" content=\"Dur\u00e9e de lecture estim\u00e9e\" \/>\n\t<meta name=\"twitter:data2\" content=\"1 minute\" \/>\n<script type=\"application\/ld+json\" class=\"yoast-schema-graph\">{\"@context\":\"https:\/\/schema.org\",\"@graph\":[{\"@type\":\"Article\",\"@id\":\"https:\/\/newsestlyonnais.fr\/site\/2020\/03\/12\/vaulx-en-velin-proposez-votre-eco-projet\/#article\",\"isPartOf\":{\"@id\":\"https:\/\/newsestlyonnais.fr\/site\/2020\/03\/12\/vaulx-en-velin-proposez-votre-eco-projet\/\"},\"author\":{\"name\":\"R\u00e9dac. NEWS\",\"@id\":\"https:\/\/newsestlyonnais.fr\/site\/#\/schema\/person\/3230d5615f390bb808365d673001e887\"},\"headline\":\"VAULX-EN-VELIN | Proposez votre \u00e9co-projet\",\"datePublished\":\"2020-03-12T10:05:29+00:00\",\"mainEntityOfPage\":{\"@id\":\"https:\/\/newsestlyonnais.fr\/site\/2020\/03\/12\/vaulx-en-velin-proposez-votre-eco-projet\/\"},\"wordCount\":118,\"commentCount\":0,\"publisher\":{\"@id\":\"https:\/\/newsestlyonnais.fr\/site\/#organization\"},\"image\":{\"@id\":\"https:\/\/newsestlyonnais.fr\/site\/2020\/03\/12\/vaulx-en-velin-proposez-votre-eco-projet\/#primaryimage\"},\"thumbnailUrl\":\"https:\/\/newsestlyonnais.fr\/site\/wp-content\/uploads\/2020\/03\/NEWSESTLYONNAIS-ECO-PROJETS.jpg\",\"keywords\":[\"VAULX EN VELIN\"],\"articleSection\":[\"Br\u00e8ves de l'Est lyonnais\",\"Nature | Environnement | Chasse\",\"Vaulx-en-Velin\"],\"inLanguage\":\"fr-FR\",\"potentialAction\":[{\"@type\":\"CommentAction\",\"name\":\"Comment\",\"target\":[\"https:\/\/newsestlyonnais.fr\/site\/2020\/03\/12\/vaulx-en-velin-proposez-votre-eco-projet\/#respond\"]}]},{\"@type\":\"WebPage\",\"@id\":\"https:\/\/newsestlyonnais.fr\/site\/2020\/03\/12\/vaulx-en-velin-proposez-votre-eco-projet\/\",\"url\":\"https:\/\/newsestlyonnais.fr\/site\/2020\/03\/12\/vaulx-en-velin-proposez-votre-eco-projet\/\",\"name\":\"VAULX-EN-VELIN | Proposez votre \u00e9co-projet - News Est Lyonnais\",\"isPartOf\":{\"@id\":\"https:\/\/newsestlyonnais.fr\/site\/#website\"},\"primaryImageOfPage\":{\"@id\":\"https:\/\/newsestlyonnais.fr\/site\/2020\/03\/12\/vaulx-en-velin-proposez-votre-eco-projet\/#primaryimage\"},\"image\":{\"@id\":\"https:\/\/newsestlyonnais.fr\/site\/2020\/03\/12\/vaulx-en-velin-proposez-votre-eco-projet\/#primaryimage\"},\"thumbnailUrl\":\"https:\/\/newsestlyonnais.fr\/site\/wp-content\/uploads\/2020\/03\/NEWSESTLYONNAIS-ECO-PROJETS.jpg\",\"datePublished\":\"2020-03-12T10:05:29+00:00\",\"description\":\"VAULX-EN-VELIN | Proposez votre \u00e9co-projet\",\"breadcrumb\":{\"@id\":\"https:\/\/newsestlyonnais.fr\/site\/2020\/03\/12\/vaulx-en-velin-proposez-votre-eco-projet\/#breadcrumb\"},\"inLanguage\":\"fr-FR\",\"potentialAction\":[{\"@type\":\"ReadAction\",\"target\":[\"https:\/\/newsestlyonnais.fr\/site\/2020\/03\/12\/vaulx-en-velin-proposez-votre-eco-projet\/\"]}]},{\"@type\":\"ImageObject\",\"inLanguage\":\"fr-FR\",\"@id\":\"https:\/\/newsestlyonnais.fr\/site\/2020\/03\/12\/vaulx-en-velin-proposez-votre-eco-projet\/#primaryimage\",\"url\":\"https:\/\/newsestlyonnais.fr\/site\/wp-content\/uploads\/2020\/03\/NEWSESTLYONNAIS-ECO-PROJETS.jpg\",\"contentUrl\":\"https:\/\/newsestlyonnais.fr\/site\/wp-content\/uploads\/2020\/03\/NEWSESTLYONNAIS-ECO-PROJETS.jpg\",\"width\":800,\"height\":250},{\"@type\":\"BreadcrumbList\",\"@id\":\"https:\/\/newsestlyonnais.fr\/site\/2020\/03\/12\/vaulx-en-velin-proposez-votre-eco-projet\/#breadcrumb\",\"itemListElement\":[{\"@type\":\"ListItem\",\"position\":1,\"name\":\"Accueil\",\"item\":\"https:\/\/newsestlyonnais.fr\/site\/\"},{\"@type\":\"ListItem\",\"position\":2,\"name\":\"VAULX-EN-VELIN | Proposez votre \u00e9co-projet\"}]},{\"@type\":\"WebSite\",\"@id\":\"https:\/\/newsestlyonnais.fr\/site\/#website\",\"url\":\"https:\/\/newsestlyonnais.fr\/site\/\",\"name\":\"News Est Lyonnais\",\"description\":\"L&#039;actualit\u00e9 au plus pr\u00e8s\",\"publisher\":{\"@id\":\"https:\/\/newsestlyonnais.fr\/site\/#organization\"},\"potentialAction\":[{\"@type\":\"SearchAction\",\"target\":{\"@type\":\"EntryPoint\",\"urlTemplate\":\"https:\/\/newsestlyonnais.fr\/site\/?s={search_term_string}\"},\"query-input\":{\"@type\":\"PropertyValueSpecification\",\"valueRequired\":true,\"valueName\":\"search_term_string\"}}],\"inLanguage\":\"fr-FR\"},{\"@type\":\"Organization\",\"@id\":\"https:\/\/newsestlyonnais.fr\/site\/#organization\",\"name\":\"News EST LYONNAIS\",\"url\":\"https:\/\/newsestlyonnais.fr\/site\/\",\"logo\":{\"@type\":\"ImageObject\",\"inLanguage\":\"fr-FR\",\"@id\":\"https:\/\/newsestlyonnais.fr\/site\/#\/schema\/logo\/image\/\",\"url\":\"\",\"contentUrl\":\"\",\"caption\":\"News EST LYONNAIS\"},\"image\":{\"@id\":\"https:\/\/newsestlyonnais.fr\/site\/#\/schema\/logo\/image\/\"}},{\"@type\":\"Person\",\"@id\":\"https:\/\/newsestlyonnais.fr\/site\/#\/schema\/person\/3230d5615f390bb808365d673001e887\",\"name\":\"R\u00e9dac. NEWS\",\"sameAs\":[\"http:\/\/www.newsestlyonnais.fr\",\"https:\/\/www.facebook.com\/pascal.oberson.1?fref=ts\",\"https:\/\/fr.linkedin.com\/in\/pascal-oberson-b17045113\"],\"url\":\"https:\/\/newsestlyonnais.fr\/site\/author\/nel\/\"}]}<\/script>\n<!-- \/ Yoast SEO plugin. -->","yoast_head_json":{"title":"VAULX-EN-VELIN | Proposez votre \u00e9co-projet - News Est Lyonnais","description":"VAULX-EN-VELIN | Proposez votre \u00e9co-projet","robots":{"index":"index","follow":"follow","max-snippet":"max-snippet:-1","max-image-preview":"max-image-preview:large","max-video-preview":"max-video-preview:-1"},"canonical":"https:\/\/newsestlyonnais.fr\/site\/2020\/03\/12\/vaulx-en-velin-proposez-votre-eco-projet\/","og_locale":"fr_FR","og_type":"article","og_title":"VAULX-EN-VELIN | Proposez votre \u00e9co-projet - News Est Lyonnais","og_description":"VAULX-EN-VELIN | Proposez votre \u00e9co-projet","og_url":"https:\/\/newsestlyonnais.fr\/site\/2020\/03\/12\/vaulx-en-velin-proposez-votre-eco-projet\/","og_site_name":"News Est Lyonnais","article_author":"https:\/\/www.facebook.com\/pascal.oberson.1?fref=ts","article_published_time":"2020-03-12T10:05:29+00:00","og_image":[{"width":800,"height":250,"url":"https:\/\/i1.wp.com\/newsestlyonnais.fr\/site\/wp-content\/uploads\/2020\/03\/NEWSESTLYONNAIS-ECO-PROJETS.jpg?fit=800%2C250&ssl=1","type":"image\/jpeg"}],"author":"R\u00e9dac. NEWS","twitter_card":"summary_large_image","twitter_misc":{"\u00c9crit par":"R\u00e9dac. NEWS","Dur\u00e9e de lecture estim\u00e9e":"1 minute"},"schema":{"@context":"https:\/\/schema.org","@graph":[{"@type":"Article","@id":"https:\/\/newsestlyonnais.fr\/site\/2020\/03\/12\/vaulx-en-velin-proposez-votre-eco-projet\/#article","isPartOf":{"@id":"https:\/\/newsestlyonnais.fr\/site\/2020\/03\/12\/vaulx-en-velin-proposez-votre-eco-projet\/"},"author":{"name":"R\u00e9dac. NEWS","@id":"https:\/\/newsestlyonnais.fr\/site\/#\/schema\/person\/3230d5615f390bb808365d673001e887"},"headline":"VAULX-EN-VELIN | Proposez votre \u00e9co-projet","datePublished":"2020-03-12T10:05:29+00:00","mainEntityOfPage":{"@id":"https:\/\/newsestlyonnais.fr\/site\/2020\/03\/12\/vaulx-en-velin-proposez-votre-eco-projet\/"},"wordCount":118,"commentCount":0,"publisher":{"@id":"https:\/\/newsestlyonnais.fr\/site\/#organization"},"image":{"@id":"https:\/\/newsestlyonnais.fr\/site\/2020\/03\/12\/vaulx-en-velin-proposez-votre-eco-projet\/#primaryimage"},"thumbnailUrl":"https:\/\/newsestlyonnais.fr\/site\/wp-content\/uploads\/2020\/03\/NEWSESTLYONNAIS-ECO-PROJETS.jpg","keywords":["VAULX EN VELIN"],"articleSection":["Br\u00e8ves de l'Est lyonnais","Nature | Environnement | Chasse","Vaulx-en-Velin"],"inLanguage":"fr-FR","potentialAction":[{"@type":"CommentAction","name":"Comment","target":["https:\/\/newsestlyonnais.fr\/site\/2020\/03\/12\/vaulx-en-velin-proposez-votre-eco-projet\/#respond"]}]},{"@type":"WebPage","@id":"https:\/\/newsestlyonnais.fr\/site\/2020\/03\/12\/vaulx-en-velin-proposez-votre-eco-projet\/","url":"https:\/\/newsestlyonnais.fr\/site\/2020\/03\/12\/vaulx-en-velin-proposez-votre-eco-projet\/","name":"VAULX-EN-VELIN | Proposez votre \u00e9co-projet - News Est Lyonnais","isPartOf":{"@id":"https:\/\/newsestlyonnais.fr\/site\/#website"},"primaryImageOfPage":{"@id":"https:\/\/newsestlyonnais.fr\/site\/2020\/03\/12\/vaulx-en-velin-proposez-votre-eco-projet\/#primaryimage"},"image":{"@id":"https:\/\/newsestlyonnais.fr\/site\/2020\/03\/12\/vaulx-en-velin-proposez-votre-eco-projet\/#primaryimage"},"thumbnailUrl":"https:\/\/newsestlyonnais.fr\/site\/wp-content\/uploads\/2020\/03\/NEWSESTLYONNAIS-ECO-PROJETS.jpg","datePublished":"2020-03-12T10:05:29+00:00","description":"VAULX-EN-VELIN | Proposez votre \u00e9co-projet","breadcrumb":{"@id":"https:\/\/newsestlyonnais.fr\/site\/2020\/03\/12\/vaulx-en-velin-proposez-votre-eco-projet\/#breadcrumb"},"inLanguage":"fr-FR","potentialAction":[{"@type":"ReadAction","target":["https:\/\/newsestlyonnais.fr\/site\/2020\/03\/12\/vaulx-en-velin-proposez-votre-eco-projet\/"]}]},{"@type":"ImageObject","inLanguage":"fr-FR","@id":"https:\/\/newsestlyonnais.fr\/site\/2020\/03\/12\/vaulx-en-velin-proposez-votre-eco-projet\/#primaryimage","url":"https:\/\/newsestlyonnais.fr\/site\/wp-content\/uploads\/2020\/03\/NEWSESTLYONNAIS-ECO-PROJETS.jpg","contentUrl":"https:\/\/newsestlyonnais.fr\/site\/wp-content\/uploads\/2020\/03\/NEWSESTLYONNAIS-ECO-PROJETS.jpg","width":800,"height":250},{"@type":"BreadcrumbList","@id":"https:\/\/newsestlyonnais.fr\/site\/2020\/03\/12\/vaulx-en-velin-proposez-votre-eco-projet\/#breadcrumb","itemListElement":[{"@type":"ListItem","position":1,"name":"Accueil","item":"https:\/\/newsestlyonnais.fr\/site\/"},{"@type":"ListItem","position":2,"name":"VAULX-EN-VELIN | Proposez votre \u00e9co-projet"}]},{"@type":"WebSite","@id":"https:\/\/newsestlyonnais.fr\/site\/#website","url":"https:\/\/newsestlyonnais.fr\/site\/","name":"News Est Lyonnais","description":"L&#039;actualit\u00e9 au plus pr\u00e8s","publisher":{"@id":"https:\/\/newsestlyonnais.fr\/site\/#organization"},"potentialAction":[{"@type":"SearchAction","target":{"@type":"EntryPoint","urlTemplate":"https:\/\/newsestlyonnais.fr\/site\/?s={search_term_string}"},"query-input":{"@type":"PropertyValueSpecification","valueRequired":true,"valueName":"search_term_string"}}],"inLanguage":"fr-FR"},{"@type":"Organization","@id":"https:\/\/newsestlyonnais.fr\/site\/#organization","name":"News EST LYONNAIS","url":"https:\/\/newsestlyonnais.fr\/site\/","logo":{"@type":"ImageObject","inLanguage":"fr-FR","@id":"https:\/\/newsestlyonnais.fr\/site\/#\/schema\/logo\/image\/","url":"","contentUrl":"","caption":"News EST LYONNAIS"},"image":{"@id":"https:\/\/newsestlyonnais.fr\/site\/#\/schema\/logo\/image\/"}},{"@type":"Person","@id":"https:\/\/newsestlyonnais.fr\/site\/#\/schema\/person\/3230d5615f390bb808365d673001e887","name":"R\u00e9dac. NEWS","sameAs":["http:\/\/www.newsestlyonnais.fr","https:\/\/www.facebook.com\/pascal.oberson.1?fref=ts","https:\/\/fr.linkedin.com\/in\/pascal-oberson-b17045113"],"url":"https:\/\/newsestlyonnais.fr\/site\/author\/nel\/"}]}},"_links":{"self":[{"href":"https:\/\/newsestlyonnais.fr\/site\/wp-json\/wp\/v2\/posts\/97280","targetHints":{"allow":["GET"]}}],"collection":[{"href":"https:\/\/newsestlyonnais.fr\/site\/wp-json\/wp\/v2\/posts"}],"about":[{"href":"https:\/\/newsestlyonnais.fr\/site\/wp-json\/wp\/v2\/types\/post"}],"author":[{"embeddable":true,"href":"https:\/\/newsestlyonnais.fr\/site\/wp-json\/wp\/v2\/users\/4"}],"replies":[{"embeddable":true,"href":"https:\/\/newsestlyonnais.fr\/site\/wp-json\/wp\/v2\/comments?post=97280"}],"version-history":[{"count":0,"href":"https:\/\/newsestlyonnais.fr\/site\/wp-json\/wp\/v2\/posts\/97280\/revisions"}],"wp:featuredmedia":[{"embeddable":true,"href":"https:\/\/newsestlyonnais.fr\/site\/wp-json\/wp\/v2\/media\/97281"}],"wp:attachment":[{"href":"https:\/\/newsestlyonnais.fr\/site\/wp-json\/wp\/v2\/media?parent=97280"}],"wp:term":[{"taxonomy":"category","embeddable":true,"href":"https:\/\/newsestlyonnais.fr\/site\/wp-json\/wp\/v2\/categories?post=97280"},{"taxonomy":"post_tag","embeddable":true,"href":"https:\/\/newsestlyonnais.fr\/site\/wp-json\/wp\/v2\/tags?post=97280"}],"curies":[{"name":"wp","href":"https:\/\/api.w.org\/{rel}","templated":true}]}}