{"id":97418,"date":"2020-03-14T15:09:09","date_gmt":"2020-03-14T14:09:09","guid":{"rendered":"http:\/\/newsestlyonnais.fr\/site\/?p=97418"},"modified":"2020-05-19T08:55:21","modified_gmt":"2020-05-19T07:55:21","slug":"vaulx-en-velin-coronavirus-directives-et-dispositions-de-la-ville","status":"publish","type":"post","link":"https:\/\/newsestlyonnais.fr\/site\/2020\/03\/14\/vaulx-en-velin-coronavirus-directives-et-dispositions-de-la-ville\/","title":{"rendered":"VAULX-EN-VELIN | Coronavirus : directives et dispositions de la ville"},"content":{"rendered":"<p>Des directives et dispositions relatives \u00e0 la limitation de la propagation du coronavirus et \u00e0 la protection des habitants ont \u00e9t\u00e9 mises en place par la ville de Vaulx-en-Velin.<strong><br \/>\n<\/strong><\/p>\n<p><strong><span style=\"text-decoration: underline\">Les nouvelles mesures<\/span><\/strong> :<\/p>\n<ul>\n<li>Annulation ou report <strong>des spectacles et \u00e9v\u00e9nements culturels ou sportifs de plus de cent personnes.<\/strong><\/li>\n<li>Fermeture <strong>des cr\u00e8ches, \u00e9coles maternelles et \u00e9l\u00e9mentaires, coll\u00e8ges, lyc\u00e9es et Grandes \u00e9coles <\/strong>(ENSAL, ENTPE).<\/li>\n<li>Fermeture de l\u2019<strong>\u00c9cole de la deuxi\u00e8me chance<\/strong>.<\/li>\n<li><strong>Fermeture des \u00e9quipements municipaux<\/strong> recevant du public : accueils de loisirs, Centres sociaux, MJC, \u00c9cole des Arts (dont le Conservatoire), centre culturel Charlie Chaplin, Plan\u00e9tarium, cin\u00e9ma les Amphis.<\/li>\n<li>Maintien et renforcement des services aux seniors<strong>, aux personnes fragiles ou vuln\u00e9rables<\/strong> (portage des repas, aide \u00e0 domicile, aide aux courses, pr\u00e9cautions lors des visites indispensables \u00e0 la r\u00e9sidence Croizat).<\/li>\n<li>Adaptation du fonctionnement de l\u2019administration et des services municipaux pour <strong>garantir la continuit\u00e9 des fonctions essentielles de service public<\/strong> (sant\u00e9, police municipale, propret\u00e9, \u00e9ducation, \u00e9tat civil, action sociale, information et accueil des usagers).<\/li>\n<li>Assurer les services utiles <strong>au personnel soignant, aux agents en charge de la s\u00e9curit\u00e9 et des urgences<\/strong> (pompiers, Samu).<\/li>\n<li>Maintien d\u2019une activit\u00e9 adapt\u00e9e dans les biblioth\u00e8ques afin que<strong> les \u00e9l\u00e8ves puissent continuer d\u2019utiliser les ouvrages et b\u00e9n\u00e9ficier d&rsquo;un acc\u00e8s informatique <\/strong>pour ceux ne disposant pas d&rsquo;ordinateur et de connexion internet (l\u2019\u00c9ducation nationale maintient le travail scolaire \u00e0 distance).<\/li>\n<li><strong>Nettoyage syst\u00e9matique et approfondi<\/strong> des locaux publics et des v\u00e9hicules municipaux.<\/li>\n<\/ul>\n<p>Ces mesures exceptionnelles sont <strong>activ\u00e9es jusqu\u2019\u00e0 nouvel ordre<\/strong>. Elles sont susceptibles d\u2019\u00e9voluer en fonction de la situation suivie en \u00e9troite collaboration avec <a href=\"http:\/\/o76g.mj.am\/lnk\/ANAAAGlP0nsAAcjgauYAAGOsOgIAAP-H360AGe0nAATlvQBebKiiVyiEELC0TuO44ZZVUXzZhgADZfo\/14\/olXHq_SYtrJ6X5V8pARBlQ\/aHR0cHM6Ly93d3cuYXJzLnNhbnRlLmZyLw\">l\u2019Agence R\u00e9gionale de Sant\u00e9 (ARS)<\/a> et <a href=\"http:\/\/o76g.mj.am\/lnk\/ANAAAGlP0nsAAcjgauYAAGOsOgIAAP-H360AGe0nAATlvQBebKiiVyiEELC0TuO44ZZVUXzZhgADZfo\/15\/CZDMSCazehO5TS3wcgPuyA\/aHR0cDovL3d3dy5yaG9uZS5nb3V2LmZyLw\">la Pr\u00e9fecture<\/a>.<\/p>\n<p><strong><span style=\"text-decoration: underline\">D\u00e9roulement des \u00e9lections<\/span> :<br \/>\n<\/strong><\/p>\n<p>Lors des \u00e9lections municipales et m\u00e9tropolitaines, des dispositions sont prises <strong>d\u00e8s le premier tour dimanche 15 mars<\/strong>, afin de garantir les conditions sanitaires optimales (sur la base de celles pr\u00e9conis\u00e9es par les minist\u00e8res de l\u2019int\u00e9rieur et de la sant\u00e9).<\/p>\n<p>Les pr\u00e9sidents de bureau de vote sont charg\u00e9s d\u2019assurer l\u2019accueil et l\u2019information, et de veiller <strong>au respect des r\u00e8gles fix\u00e9es :<\/strong><\/p>\n<ul>\n<li>espacement entre \u00e9lecteurs (marquages au sol).<\/li>\n<li>priorit\u00e9 de passage aux personnes \u00e2g\u00e9es.<\/li>\n<li>mise \u00e0 disposition de gel aseptisant cutan\u00e9.<\/li>\n<li>a\u00e9ration r\u00e9guli\u00e8re du local.<\/li>\n<li>les \u00e9lecteurs peuvent voter avec leur propre stylo (encre ind\u00e9l\u00e9bile bleue ou noire).<\/li>\n<li>mise \u00e0 disposition de gants aux scrutateurs pour le d\u00e9pouillement.<\/li>\n<\/ul>\n<p>Le ministre de la sant\u00e9 a rappel\u00e9 lundi 9 mars qu\u2019avec toutes ces conditions de s\u00e9curit\u00e9, <strong>il n\u2019\u00e9tait pas dangereux d\u2019aller voter<\/strong>.<\/p>\n<p><strong><span style=\"text-decoration: underline\"><em>NOTA<\/em><\/span> : Une permanence t\u00e9l\u00e9phonique \u00e0 l\u2019H\u00f4tel de Ville<\/strong> est maintenue pour r\u00e9pondre \u00e0 toute question <strong>au 04 72 04 80 80<\/strong>. Des infos compl\u00e9mentaires <a href=\"http:\/\/o76g.mj.am\/lnk\/ANAAAGlP0nsAAcjgauYAAGOsOgIAAP-H360AGe0nAATlvQBebKiiVyiEELC0TuO44ZZVUXzZhgADZfo\/17\/WnhHEhh878993GTJER3aLw\/aHR0cHM6Ly92YXVseC1lbi12ZWxpbi5uZXQv\">sur le site internet de la Ville<\/a>, r\u00e9guli\u00e8rement mis \u00e0 jour.<\/p>\n","protected":false},"excerpt":{"rendered":"<p>Suite \u00e0 l\u2019allocution du Pr\u00e9sident de la R\u00e9publique et aux directives donn\u00e9es \u00e0 la Nation, la Ville prend de nouvelles mesures sous l\u2019autorit\u00e9 de la Maire. <\/p>\n","protected":false},"author":4,"featured_media":85535,"comment_status":"open","ping_status":"open","sticky":false,"template":"","format":"standard","meta":{"footnotes":""},"categories":[2217,18,28],"tags":[2006],"class_list":["post-97418","post","type-post","status-publish","format-standard","has-post-thumbnail","hentry","category-breves-de-lest-lyonnais","category-sante-bien-etre-solidarite","category-vaulx-en-velin","tag-vaulx-en-velin"],"yoast_head":"<!-- This site is optimized with the Yoast SEO plugin v27.2 - https:\/\/yoast.com\/product\/yoast-seo-wordpress\/ -->\n<title>VAULX-EN-VELIN | Coronavirus : directives et dispositions de la ville - News Est Lyonnais<\/title>\n<meta name=\"description\" content=\"VAULX-EN-VELIN | Coronavirus : directives et dispositions de la ville\" \/>\n<meta name=\"robots\" content=\"index, follow, max-snippet:-1, max-image-preview:large, max-video-preview:-1\" \/>\n<link rel=\"canonical\" href=\"https:\/\/newsestlyonnais.fr\/site\/2020\/03\/14\/vaulx-en-velin-coronavirus-directives-et-dispositions-de-la-ville\/\" \/>\n<meta property=\"og:locale\" content=\"fr_FR\" \/>\n<meta property=\"og:type\" content=\"article\" \/>\n<meta property=\"og:title\" content=\"VAULX-EN-VELIN | Coronavirus : directives et dispositions de la ville - News Est Lyonnais\" \/>\n<meta property=\"og:description\" content=\"VAULX-EN-VELIN | Coronavirus : directives et dispositions de la ville\" \/>\n<meta property=\"og:url\" content=\"https:\/\/newsestlyonnais.fr\/site\/2020\/03\/14\/vaulx-en-velin-coronavirus-directives-et-dispositions-de-la-ville\/\" \/>\n<meta property=\"og:site_name\" content=\"News Est Lyonnais\" \/>\n<meta property=\"article:author\" content=\"https:\/\/www.facebook.com\/pascal.oberson.1?fref=ts\" \/>\n<meta property=\"article:published_time\" content=\"2020-03-14T14:09:09+00:00\" \/>\n<meta property=\"article:modified_time\" content=\"2020-05-19T07:55:21+00:00\" \/>\n<meta property=\"og:image\" content=\"https:\/\/i1.wp.com\/newsestlyonnais.fr\/site\/wp-content\/uploads\/2019\/09\/NEWSESTLYONNAIS-MAIRIE-VAULX.jpg?fit=1200%2C800&ssl=1\" \/>\n\t<meta property=\"og:image:width\" content=\"1200\" \/>\n\t<meta property=\"og:image:height\" content=\"800\" \/>\n\t<meta property=\"og:image:type\" content=\"image\/jpeg\" \/>\n<meta name=\"author\" content=\"R\u00e9dac. NEWS\" \/>\n<meta name=\"twitter:card\" content=\"summary_large_image\" \/>\n<meta name=\"twitter:label1\" content=\"\u00c9crit par\" \/>\n\t<meta name=\"twitter:data1\" content=\"R\u00e9dac. NEWS\" \/>\n\t<meta name=\"twitter:label2\" content=\"Dur\u00e9e de lecture estim\u00e9e\" \/>\n\t<meta name=\"twitter:data2\" content=\"2 minutes\" \/>\n<script type=\"application\/ld+json\" class=\"yoast-schema-graph\">{\"@context\":\"https:\/\/schema.org\",\"@graph\":[{\"@type\":\"Article\",\"@id\":\"https:\/\/newsestlyonnais.fr\/site\/2020\/03\/14\/vaulx-en-velin-coronavirus-directives-et-dispositions-de-la-ville\/#article\",\"isPartOf\":{\"@id\":\"https:\/\/newsestlyonnais.fr\/site\/2020\/03\/14\/vaulx-en-velin-coronavirus-directives-et-dispositions-de-la-ville\/\"},\"author\":{\"name\":\"R\u00e9dac. NEWS\",\"@id\":\"https:\/\/newsestlyonnais.fr\/site\/#\/schema\/person\/3230d5615f390bb808365d673001e887\"},\"headline\":\"VAULX-EN-VELIN | Coronavirus : directives et dispositions de la ville\",\"datePublished\":\"2020-03-14T14:09:09+00:00\",\"dateModified\":\"2020-05-19T07:55:21+00:00\",\"mainEntityOfPage\":{\"@id\":\"https:\/\/newsestlyonnais.fr\/site\/2020\/03\/14\/vaulx-en-velin-coronavirus-directives-et-dispositions-de-la-ville\/\"},\"wordCount\":479,\"commentCount\":0,\"publisher\":{\"@id\":\"https:\/\/newsestlyonnais.fr\/site\/#organization\"},\"image\":{\"@id\":\"https:\/\/newsestlyonnais.fr\/site\/2020\/03\/14\/vaulx-en-velin-coronavirus-directives-et-dispositions-de-la-ville\/#primaryimage\"},\"thumbnailUrl\":\"https:\/\/newsestlyonnais.fr\/site\/wp-content\/uploads\/2019\/09\/NEWSESTLYONNAIS-MAIRIE-VAULX.jpg\",\"keywords\":[\"VAULX EN VELIN\"],\"articleSection\":[\"Br\u00e8ves de l'Est lyonnais\",\"Sant\u00e9 | Bien Etre | Solidarit\u00e9\",\"Vaulx-en-Velin\"],\"inLanguage\":\"fr-FR\",\"potentialAction\":[{\"@type\":\"CommentAction\",\"name\":\"Comment\",\"target\":[\"https:\/\/newsestlyonnais.fr\/site\/2020\/03\/14\/vaulx-en-velin-coronavirus-directives-et-dispositions-de-la-ville\/#respond\"]}]},{\"@type\":\"WebPage\",\"@id\":\"https:\/\/newsestlyonnais.fr\/site\/2020\/03\/14\/vaulx-en-velin-coronavirus-directives-et-dispositions-de-la-ville\/\",\"url\":\"https:\/\/newsestlyonnais.fr\/site\/2020\/03\/14\/vaulx-en-velin-coronavirus-directives-et-dispositions-de-la-ville\/\",\"name\":\"VAULX-EN-VELIN | Coronavirus : directives et dispositions de la ville - News Est Lyonnais\",\"isPartOf\":{\"@id\":\"https:\/\/newsestlyonnais.fr\/site\/#website\"},\"primaryImageOfPage\":{\"@id\":\"https:\/\/newsestlyonnais.fr\/site\/2020\/03\/14\/vaulx-en-velin-coronavirus-directives-et-dispositions-de-la-ville\/#primaryimage\"},\"image\":{\"@id\":\"https:\/\/newsestlyonnais.fr\/site\/2020\/03\/14\/vaulx-en-velin-coronavirus-directives-et-dispositions-de-la-ville\/#primaryimage\"},\"thumbnailUrl\":\"https:\/\/newsestlyonnais.fr\/site\/wp-content\/uploads\/2019\/09\/NEWSESTLYONNAIS-MAIRIE-VAULX.jpg\",\"datePublished\":\"2020-03-14T14:09:09+00:00\",\"dateModified\":\"2020-05-19T07:55:21+00:00\",\"description\":\"VAULX-EN-VELIN | Coronavirus : directives et dispositions de la ville\",\"breadcrumb\":{\"@id\":\"https:\/\/newsestlyonnais.fr\/site\/2020\/03\/14\/vaulx-en-velin-coronavirus-directives-et-dispositions-de-la-ville\/#breadcrumb\"},\"inLanguage\":\"fr-FR\",\"potentialAction\":[{\"@type\":\"ReadAction\",\"target\":[\"https:\/\/newsestlyonnais.fr\/site\/2020\/03\/14\/vaulx-en-velin-coronavirus-directives-et-dispositions-de-la-ville\/\"]}]},{\"@type\":\"ImageObject\",\"inLanguage\":\"fr-FR\",\"@id\":\"https:\/\/newsestlyonnais.fr\/site\/2020\/03\/14\/vaulx-en-velin-coronavirus-directives-et-dispositions-de-la-ville\/#primaryimage\",\"url\":\"https:\/\/newsestlyonnais.fr\/site\/wp-content\/uploads\/2019\/09\/NEWSESTLYONNAIS-MAIRIE-VAULX.jpg\",\"contentUrl\":\"https:\/\/newsestlyonnais.fr\/site\/wp-content\/uploads\/2019\/09\/NEWSESTLYONNAIS-MAIRIE-VAULX.jpg\",\"width\":1200,\"height\":800},{\"@type\":\"BreadcrumbList\",\"@id\":\"https:\/\/newsestlyonnais.fr\/site\/2020\/03\/14\/vaulx-en-velin-coronavirus-directives-et-dispositions-de-la-ville\/#breadcrumb\",\"itemListElement\":[{\"@type\":\"ListItem\",\"position\":1,\"name\":\"Accueil\",\"item\":\"https:\/\/newsestlyonnais.fr\/site\/\"},{\"@type\":\"ListItem\",\"position\":2,\"name\":\"VAULX-EN-VELIN | Coronavirus : directives et dispositions de la ville\"}]},{\"@type\":\"WebSite\",\"@id\":\"https:\/\/newsestlyonnais.fr\/site\/#website\",\"url\":\"https:\/\/newsestlyonnais.fr\/site\/\",\"name\":\"News Est Lyonnais\",\"description\":\"L&#039;actualit\u00e9 au plus pr\u00e8s\",\"publisher\":{\"@id\":\"https:\/\/newsestlyonnais.fr\/site\/#organization\"},\"potentialAction\":[{\"@type\":\"SearchAction\",\"target\":{\"@type\":\"EntryPoint\",\"urlTemplate\":\"https:\/\/newsestlyonnais.fr\/site\/?s={search_term_string}\"},\"query-input\":{\"@type\":\"PropertyValueSpecification\",\"valueRequired\":true,\"valueName\":\"search_term_string\"}}],\"inLanguage\":\"fr-FR\"},{\"@type\":\"Organization\",\"@id\":\"https:\/\/newsestlyonnais.fr\/site\/#organization\",\"name\":\"News EST LYONNAIS\",\"url\":\"https:\/\/newsestlyonnais.fr\/site\/\",\"logo\":{\"@type\":\"ImageObject\",\"inLanguage\":\"fr-FR\",\"@id\":\"https:\/\/newsestlyonnais.fr\/site\/#\/schema\/logo\/image\/\",\"url\":\"\",\"contentUrl\":\"\",\"caption\":\"News EST LYONNAIS\"},\"image\":{\"@id\":\"https:\/\/newsestlyonnais.fr\/site\/#\/schema\/logo\/image\/\"}},{\"@type\":\"Person\",\"@id\":\"https:\/\/newsestlyonnais.fr\/site\/#\/schema\/person\/3230d5615f390bb808365d673001e887\",\"name\":\"R\u00e9dac. NEWS\",\"sameAs\":[\"http:\/\/www.newsestlyonnais.fr\",\"https:\/\/www.facebook.com\/pascal.oberson.1?fref=ts\",\"https:\/\/fr.linkedin.com\/in\/pascal-oberson-b17045113\"],\"url\":\"https:\/\/newsestlyonnais.fr\/site\/author\/nel\/\"}]}<\/script>\n<!-- \/ Yoast SEO plugin. -->","yoast_head_json":{"title":"VAULX-EN-VELIN | Coronavirus : directives et dispositions de la ville - News Est Lyonnais","description":"VAULX-EN-VELIN | Coronavirus : directives et dispositions de la ville","robots":{"index":"index","follow":"follow","max-snippet":"max-snippet:-1","max-image-preview":"max-image-preview:large","max-video-preview":"max-video-preview:-1"},"canonical":"https:\/\/newsestlyonnais.fr\/site\/2020\/03\/14\/vaulx-en-velin-coronavirus-directives-et-dispositions-de-la-ville\/","og_locale":"fr_FR","og_type":"article","og_title":"VAULX-EN-VELIN | Coronavirus : directives et dispositions de la ville - News Est Lyonnais","og_description":"VAULX-EN-VELIN | Coronavirus : directives et dispositions de la ville","og_url":"https:\/\/newsestlyonnais.fr\/site\/2020\/03\/14\/vaulx-en-velin-coronavirus-directives-et-dispositions-de-la-ville\/","og_site_name":"News Est Lyonnais","article_author":"https:\/\/www.facebook.com\/pascal.oberson.1?fref=ts","article_published_time":"2020-03-14T14:09:09+00:00","article_modified_time":"2020-05-19T07:55:21+00:00","og_image":[{"width":1200,"height":800,"url":"https:\/\/i1.wp.com\/newsestlyonnais.fr\/site\/wp-content\/uploads\/2019\/09\/NEWSESTLYONNAIS-MAIRIE-VAULX.jpg?fit=1200%2C800&ssl=1","type":"image\/jpeg"}],"author":"R\u00e9dac. NEWS","twitter_card":"summary_large_image","twitter_misc":{"\u00c9crit par":"R\u00e9dac. NEWS","Dur\u00e9e de lecture estim\u00e9e":"2 minutes"},"schema":{"@context":"https:\/\/schema.org","@graph":[{"@type":"Article","@id":"https:\/\/newsestlyonnais.fr\/site\/2020\/03\/14\/vaulx-en-velin-coronavirus-directives-et-dispositions-de-la-ville\/#article","isPartOf":{"@id":"https:\/\/newsestlyonnais.fr\/site\/2020\/03\/14\/vaulx-en-velin-coronavirus-directives-et-dispositions-de-la-ville\/"},"author":{"name":"R\u00e9dac. NEWS","@id":"https:\/\/newsestlyonnais.fr\/site\/#\/schema\/person\/3230d5615f390bb808365d673001e887"},"headline":"VAULX-EN-VELIN | Coronavirus : directives et dispositions de la ville","datePublished":"2020-03-14T14:09:09+00:00","dateModified":"2020-05-19T07:55:21+00:00","mainEntityOfPage":{"@id":"https:\/\/newsestlyonnais.fr\/site\/2020\/03\/14\/vaulx-en-velin-coronavirus-directives-et-dispositions-de-la-ville\/"},"wordCount":479,"commentCount":0,"publisher":{"@id":"https:\/\/newsestlyonnais.fr\/site\/#organization"},"image":{"@id":"https:\/\/newsestlyonnais.fr\/site\/2020\/03\/14\/vaulx-en-velin-coronavirus-directives-et-dispositions-de-la-ville\/#primaryimage"},"thumbnailUrl":"https:\/\/newsestlyonnais.fr\/site\/wp-content\/uploads\/2019\/09\/NEWSESTLYONNAIS-MAIRIE-VAULX.jpg","keywords":["VAULX EN VELIN"],"articleSection":["Br\u00e8ves de l'Est lyonnais","Sant\u00e9 | Bien Etre | Solidarit\u00e9","Vaulx-en-Velin"],"inLanguage":"fr-FR","potentialAction":[{"@type":"CommentAction","name":"Comment","target":["https:\/\/newsestlyonnais.fr\/site\/2020\/03\/14\/vaulx-en-velin-coronavirus-directives-et-dispositions-de-la-ville\/#respond"]}]},{"@type":"WebPage","@id":"https:\/\/newsestlyonnais.fr\/site\/2020\/03\/14\/vaulx-en-velin-coronavirus-directives-et-dispositions-de-la-ville\/","url":"https:\/\/newsestlyonnais.fr\/site\/2020\/03\/14\/vaulx-en-velin-coronavirus-directives-et-dispositions-de-la-ville\/","name":"VAULX-EN-VELIN | Coronavirus : directives et dispositions de la ville - News Est Lyonnais","isPartOf":{"@id":"https:\/\/newsestlyonnais.fr\/site\/#website"},"primaryImageOfPage":{"@id":"https:\/\/newsestlyonnais.fr\/site\/2020\/03\/14\/vaulx-en-velin-coronavirus-directives-et-dispositions-de-la-ville\/#primaryimage"},"image":{"@id":"https:\/\/newsestlyonnais.fr\/site\/2020\/03\/14\/vaulx-en-velin-coronavirus-directives-et-dispositions-de-la-ville\/#primaryimage"},"thumbnailUrl":"https:\/\/newsestlyonnais.fr\/site\/wp-content\/uploads\/2019\/09\/NEWSESTLYONNAIS-MAIRIE-VAULX.jpg","datePublished":"2020-03-14T14:09:09+00:00","dateModified":"2020-05-19T07:55:21+00:00","description":"VAULX-EN-VELIN | Coronavirus : directives et dispositions de la ville","breadcrumb":{"@id":"https:\/\/newsestlyonnais.fr\/site\/2020\/03\/14\/vaulx-en-velin-coronavirus-directives-et-dispositions-de-la-ville\/#breadcrumb"},"inLanguage":"fr-FR","potentialAction":[{"@type":"ReadAction","target":["https:\/\/newsestlyonnais.fr\/site\/2020\/03\/14\/vaulx-en-velin-coronavirus-directives-et-dispositions-de-la-ville\/"]}]},{"@type":"ImageObject","inLanguage":"fr-FR","@id":"https:\/\/newsestlyonnais.fr\/site\/2020\/03\/14\/vaulx-en-velin-coronavirus-directives-et-dispositions-de-la-ville\/#primaryimage","url":"https:\/\/newsestlyonnais.fr\/site\/wp-content\/uploads\/2019\/09\/NEWSESTLYONNAIS-MAIRIE-VAULX.jpg","contentUrl":"https:\/\/newsestlyonnais.fr\/site\/wp-content\/uploads\/2019\/09\/NEWSESTLYONNAIS-MAIRIE-VAULX.jpg","width":1200,"height":800},{"@type":"BreadcrumbList","@id":"https:\/\/newsestlyonnais.fr\/site\/2020\/03\/14\/vaulx-en-velin-coronavirus-directives-et-dispositions-de-la-ville\/#breadcrumb","itemListElement":[{"@type":"ListItem","position":1,"name":"Accueil","item":"https:\/\/newsestlyonnais.fr\/site\/"},{"@type":"ListItem","position":2,"name":"VAULX-EN-VELIN | Coronavirus : directives et dispositions de la ville"}]},{"@type":"WebSite","@id":"https:\/\/newsestlyonnais.fr\/site\/#website","url":"https:\/\/newsestlyonnais.fr\/site\/","name":"News Est Lyonnais","description":"L&#039;actualit\u00e9 au plus pr\u00e8s","publisher":{"@id":"https:\/\/newsestlyonnais.fr\/site\/#organization"},"potentialAction":[{"@type":"SearchAction","target":{"@type":"EntryPoint","urlTemplate":"https:\/\/newsestlyonnais.fr\/site\/?s={search_term_string}"},"query-input":{"@type":"PropertyValueSpecification","valueRequired":true,"valueName":"search_term_string"}}],"inLanguage":"fr-FR"},{"@type":"Organization","@id":"https:\/\/newsestlyonnais.fr\/site\/#organization","name":"News EST LYONNAIS","url":"https:\/\/newsestlyonnais.fr\/site\/","logo":{"@type":"ImageObject","inLanguage":"fr-FR","@id":"https:\/\/newsestlyonnais.fr\/site\/#\/schema\/logo\/image\/","url":"","contentUrl":"","caption":"News EST LYONNAIS"},"image":{"@id":"https:\/\/newsestlyonnais.fr\/site\/#\/schema\/logo\/image\/"}},{"@type":"Person","@id":"https:\/\/newsestlyonnais.fr\/site\/#\/schema\/person\/3230d5615f390bb808365d673001e887","name":"R\u00e9dac. NEWS","sameAs":["http:\/\/www.newsestlyonnais.fr","https:\/\/www.facebook.com\/pascal.oberson.1?fref=ts","https:\/\/fr.linkedin.com\/in\/pascal-oberson-b17045113"],"url":"https:\/\/newsestlyonnais.fr\/site\/author\/nel\/"}]}},"_links":{"self":[{"href":"https:\/\/newsestlyonnais.fr\/site\/wp-json\/wp\/v2\/posts\/97418","targetHints":{"allow":["GET"]}}],"collection":[{"href":"https:\/\/newsestlyonnais.fr\/site\/wp-json\/wp\/v2\/posts"}],"about":[{"href":"https:\/\/newsestlyonnais.fr\/site\/wp-json\/wp\/v2\/types\/post"}],"author":[{"embeddable":true,"href":"https:\/\/newsestlyonnais.fr\/site\/wp-json\/wp\/v2\/users\/4"}],"replies":[{"embeddable":true,"href":"https:\/\/newsestlyonnais.fr\/site\/wp-json\/wp\/v2\/comments?post=97418"}],"version-history":[{"count":0,"href":"https:\/\/newsestlyonnais.fr\/site\/wp-json\/wp\/v2\/posts\/97418\/revisions"}],"wp:featuredmedia":[{"embeddable":true,"href":"https:\/\/newsestlyonnais.fr\/site\/wp-json\/wp\/v2\/media\/85535"}],"wp:attachment":[{"href":"https:\/\/newsestlyonnais.fr\/site\/wp-json\/wp\/v2\/media?parent=97418"}],"wp:term":[{"taxonomy":"category","embeddable":true,"href":"https:\/\/newsestlyonnais.fr\/site\/wp-json\/wp\/v2\/categories?post=97418"},{"taxonomy":"post_tag","embeddable":true,"href":"https:\/\/newsestlyonnais.fr\/site\/wp-json\/wp\/v2\/tags?post=97418"}],"curies":[{"name":"wp","href":"https:\/\/api.w.org\/{rel}","templated":true}]}}