{"id":97434,"date":"2020-03-15T11:33:36","date_gmt":"2020-03-15T10:33:36","guid":{"rendered":"http:\/\/newsestlyonnais.fr\/site\/?p=97434"},"modified":"2020-03-18T08:44:30","modified_gmt":"2020-03-18T07:44:30","slug":"meyzieu-covid-19-adaptation-des-services-et-equipements-publics","status":"publish","type":"post","link":"https:\/\/newsestlyonnais.fr\/site\/2020\/03\/15\/meyzieu-covid-19-adaptation-des-services-et-equipements-publics\/","title":{"rendered":"MEYZIEU | COVID-19 : Adaptation des services et \u00e9quipements publics"},"content":{"rendered":"<p>Les <strong>b\u00e2timents publics majolans<\/strong> sont ferm\u00e9s au public (hors H\u00f4tel de Ville). Les <strong>bureaux de vote<\/strong> sont ouverts les 15 et 22 mars.<br \/>\nLes <strong>manifestations sportives et culturelles<\/strong> qui devaient avoir lieu au sein des structures municipales sont annul\u00e9es jusqu\u2019au 31 mars inclus, a minima. Un point sera \u00e9tabli r\u00e9guli\u00e8rement pour d\u00e9cider de la continuit\u00e9 ou non de cette mesure exceptionnelle.<\/p>\n<p>Sauf contre-ordre, la Ville de Meyzieu maintient la <strong>c\u00e9r\u00e9monie comm\u00e9morative pr\u00e9vue jeudi 19 mars<\/strong> \u00e0 11 h 30 au Monument aux Morts, place du 11 novembre.<\/p>\n<p><span style=\"font-size: 18pt\"><strong><em><span style=\"text-decoration: underline\">D\u00e9tails des dispositifs mis en place par la Ville de Meyzieu<\/span><\/em><\/strong> :<\/span><\/p>\n<p><em><strong><span style=\"text-decoration: underline\">\u00c9quipements et services ferm\u00e9s jusqu\u2019au 31 mars 2020<\/span> :<\/strong><\/em><\/p>\n<ul>\n<li>Les <strong>cr\u00e8ches<\/strong>\u2002(incluant le lieu d\u2019accueil collectif de la cr\u00e8che familiale). Les familles ne seront pas factur\u00e9es.<\/li>\n<li>Les <strong>8 groupes scolaires<\/strong> et les <strong>3 coll\u00e8ges<\/strong>\u2002(hors bureaux de vote les 15 et 22 mars 2020). En cons\u00e9quence, tous les <strong>accueils p\u00e9riscolaires<\/strong> (garderies, cantine) sont annul\u00e9s et ne seront pas factur\u00e9s. Il n\u2019est pas n\u00e9cessaire de d\u00e9sinscrire les enfants. La Ville de Meyzieu mettra \u00e0 profit l\u2019absence contrainte des \u00e9l\u00e8ves au sein des groupes scolaires afin de r\u00e9aliser des travaux d\u2019am\u00e9nagement et d\u2019am\u00e9lioration des espaces.<\/li>\n<li>L\u2019<strong>ensemble des \u00e9quipements sportifs<\/strong> accueillant une pratique sportive organis\u00e9e (boulodrome, gymnases, stade des Servizi\u00e8res, Octogone, Base nautique Meyzieu Grand large). N\u00e9anmoins, les \u00e9quipements sportifs recevant une pratique libre restent accessibles (terrain de tennis, skatepark, Parc du Fort, Bois du Cur\u00e9, terrains de proximit\u00e9 et city stades).<\/li>\n<li>La <strong>m\u00e9diath\u00e8que municipale<\/strong>, incluant les animations programm\u00e9es.<\/li>\n<li>Le <strong>service particulier d\u2019accueil de jour du P\u00f4le seniors<\/strong> est suspendu.<\/li>\n<li>L\u2019<strong>Espace Jean Poperen<\/strong>, incluant les manifestations culturelles et spectacles scolaires qui devaient s\u2019y d\u00e9rouler.<\/li>\n<li>Les\u2002<strong>centres de loisirs et centres a\u00e9r\u00e9s.<\/strong>&gt; Le Conservatoire municipal de musique et d\u2019art dramatique, incluant les animations programm\u00e9es.<\/li>\n<li>L\u2019exploitant du\u2002<strong>Cin\u00e9 Meyzieu<\/strong>\u2002informe la collectivit\u00e9 qu\u2019il ferme ses portes \u00e0 partir du lundi 16 mars au matin.<\/li>\n<li>La Ville de Meyzieu a donn\u00e9 ses pr\u00e9conisations au gestionnaire du <strong>Centre aquatique les Vagues<\/strong>, laissant \u00e0 sa discr\u00e9tion le soin de fermer ou non l\u2019\u00e9quipement.<\/li>\n<li>Concernant\u2002les salles mises \u00e0 disposition des associations, telles que la <strong>Salle de f\u00eates<\/strong>, chaque organisateur a \u00e9t\u00e9 contact\u00e9 pour conna\u00eetre ses intentions relatives au maintien ou \u00e0 l\u2019annulation des manifestations. Pour l\u2019heure, toutes les associations ont choisi d\u2019annuler leurs \u00e9v\u00e9nements.<\/li>\n<li>Les <strong>3 centres sociaux et culturels<\/strong> majolans maintiennent leur ouverture au public, assurent des permanences t\u00e9l\u00e9phoniques sp\u00e9cifiques et arr\u00eatent leurs activit\u00e9s collectives.<\/li>\n<\/ul>\n<p><span style=\"text-decoration: underline\"><strong><em>D\u00e9ploiement d\u2019un service public adapt\u00e9 :<\/em><\/strong><br \/>\n<\/span><\/p>\n<ul>\n<li><strong>Service t\u00e9l\u00e9phonique \u00ab Solidarit\u00e9 &amp; signalement \u00bb<\/strong>. La Ville de Meyzieu met en place un service t\u00e9l\u00e9phonique d\u00e9di\u00e9 aux appels suivants :<br \/>\n&gt; soutien aux plus fragiles, et notamment les seniors (portage de repas \u00e0 domicile, difficult\u00e9 \u00e0 faire ses courses). &gt; garde d\u2019enfants pour les professionnels de sant\u00e9 mobilis\u00e9s pour lutter m\u00e9dicalement contre le Covid-19. <strong>Ce service t\u00e9l\u00e9phonique (04 72 45 16 58)<\/strong> est accessible aux horaires suivants : du lundi au vendredi : 9 h-12 h 30 et 14 h-17 h.<\/li>\n<li><strong>Les services de la M\u00e9diath\u00e8que municipale<\/strong> :<br \/>\n&gt; Malgr\u00e9 la fermeture de ses portes au public, elle d\u00e9veloppe des services pour garantir l\u2019acc\u00e8s \u00e0 la culture.\u2002Un \u00ab drive \u00bb est mis en place. Les conseils des biblioth\u00e9caires et la r\u00e9servation des documents sont effectu\u00e9s par t\u00e9l\u00e9phone. Vos livres, revues, CD, DVD, et autres supports seront ensuite pr\u00e9par\u00e9s, d\u00e9sinfect\u00e9s et mis \u00e0 votre disposition, sous 24 h. Contact : 04 37 44 30 70.<br \/>\n&gt; Elle souscrit \u00e0 des offres num\u00e9riques compl\u00e9mentaires ; sont notamment accessibles\u2002une offre de soutien scolaire et des cours de langues \u00e9trang\u00e8res. Toute l\u2019offre num\u00e9rique de la M\u00e9diath\u00e8que municipale est accessible gratuitement sur : <a href=\"http:\/\/bm-meyzieu.fr\">http:\/\/bm-meyzieu.fr<\/a> \u00a0 .La boite de retours situ\u00e9e devant la M\u00e9diath\u00e8que reste accessible librement. Elle est vid\u00e9e quotidiennement et les documents syst\u00e9matiquement d\u00e9sinfect\u00e9s avant leur retour en rayonnage.<\/li>\n<li><strong>Services apport\u00e9s aux a\u00een\u00e9s<\/strong> :<br \/>\n&gt; Le <strong>portage de repas \u00e0 domicile<\/strong>\u2002s\u2019ouvre \u00e0 toute personne fragilis\u00e9e\u2002:\u2002contactez le P\u00f4le seniors au 04.72.45.20.70 ou via l\u2019adresse pole.seniors@meyzieu.fr<br \/>\n&gt; Les <strong>activit\u00e9s du P\u00f4le seniors<\/strong> en petit comit\u00e9 sont maintenues\u2002pour assurer le lien social et rompre l \u2019isolement. Cette mesure s\u2019accompagne d\u2019un respect strict des mesures barri\u00e8res et une vigilance accrue de l\u2019\u00e9tat sanitaire des personnes.<br \/>\n&gt; <strong>R\u00e9sidence autonomie personnes \u00e2g\u00e9es Les Tamaris et\u2002EHPAD\u2002Jean Courjon<\/strong> : comme affich\u00e9 sur place et port\u00e9 \u00e0 la connaissance des r\u00e9sidents, la restriction des visites est appliqu\u00e9e et les animations pr\u00e9vues dans les locaux annul\u00e9es. Pour autant, la restauration collective est maintenue\u2002selon les pr\u00e9conisations de l\u2019ARS.<br \/>\n&gt; Le <strong>restaurant de la Cuisine centrale<\/strong>\u2002reste accessible aux seniors.<\/li>\n<\/ul>\n<p><span style=\"font-size: 18pt\"><strong><em>Plus d&rsquo;infos sur :<\/em> <a href=\"https:\/\/www.meyzieu.fr\">https:\/\/www.meyzieu.fr<\/a><\/strong><\/span><\/p>\n","protected":false},"excerpt":{"rendered":"<p>Dans le cadre de la lutte contre le coronavirus Covid-19, la Ville de Meyzieu adapte son service public propos\u00e9 aux Majolans.<\/p>\n","protected":false},"author":4,"featured_media":50594,"comment_status":"open","ping_status":"open","sticky":false,"template":"","format":"standard","meta":{"footnotes":""},"categories":[3003,24,1219,18],"tags":[2081],"class_list":["post-97434","post","type-post","status-publish","format-standard","has-post-thumbnail","hentry","category-bibliotheque-mediatheque-mjc","category-meyzieu","category-religion-seniors-souvenir","category-sante-bien-etre-solidarite","tag-meyzieu"],"yoast_head":"<!-- This site is optimized with the Yoast SEO plugin v27.2 - https:\/\/yoast.com\/product\/yoast-seo-wordpress\/ -->\n<title>MEYZIEU | COVID-19 : Adaptation des services et \u00e9quipements publics - News Est Lyonnais<\/title>\n<meta name=\"description\" content=\"MEYZIEU | COVID-19 : Adaptation des services et \u00e9quipements publics\" \/>\n<meta name=\"robots\" content=\"index, follow, max-snippet:-1, max-image-preview:large, max-video-preview:-1\" \/>\n<link rel=\"canonical\" href=\"https:\/\/newsestlyonnais.fr\/site\/2020\/03\/15\/meyzieu-covid-19-adaptation-des-services-et-equipements-publics\/\" \/>\n<meta property=\"og:locale\" content=\"fr_FR\" \/>\n<meta property=\"og:type\" content=\"article\" \/>\n<meta property=\"og:title\" content=\"MEYZIEU | COVID-19 : Adaptation des services et \u00e9quipements publics - News Est Lyonnais\" \/>\n<meta property=\"og:description\" content=\"MEYZIEU | COVID-19 : Adaptation des services et \u00e9quipements publics\" \/>\n<meta property=\"og:url\" content=\"https:\/\/newsestlyonnais.fr\/site\/2020\/03\/15\/meyzieu-covid-19-adaptation-des-services-et-equipements-publics\/\" \/>\n<meta property=\"og:site_name\" content=\"News Est Lyonnais\" \/>\n<meta property=\"article:author\" content=\"https:\/\/www.facebook.com\/pascal.oberson.1?fref=ts\" \/>\n<meta property=\"article:published_time\" content=\"2020-03-15T10:33:36+00:00\" \/>\n<meta property=\"article:modified_time\" content=\"2020-03-18T07:44:30+00:00\" \/>\n<meta property=\"og:image\" content=\"https:\/\/i0.wp.com\/newsestlyonnais.fr\/site\/wp-content\/uploads\/2018\/05\/NEWSESTLYONNAIS-.png?fit=1280%2C960&ssl=1\" \/>\n\t<meta property=\"og:image:width\" content=\"1280\" \/>\n\t<meta property=\"og:image:height\" content=\"960\" \/>\n\t<meta property=\"og:image:type\" content=\"image\/png\" \/>\n<meta name=\"author\" content=\"R\u00e9dac. NEWS\" \/>\n<meta name=\"twitter:card\" content=\"summary_large_image\" \/>\n<meta name=\"twitter:label1\" content=\"\u00c9crit par\" \/>\n\t<meta name=\"twitter:data1\" content=\"R\u00e9dac. NEWS\" \/>\n\t<meta name=\"twitter:label2\" content=\"Dur\u00e9e de lecture estim\u00e9e\" \/>\n\t<meta name=\"twitter:data2\" content=\"4 minutes\" \/>\n<script type=\"application\/ld+json\" class=\"yoast-schema-graph\">{\"@context\":\"https:\/\/schema.org\",\"@graph\":[{\"@type\":\"Article\",\"@id\":\"https:\/\/newsestlyonnais.fr\/site\/2020\/03\/15\/meyzieu-covid-19-adaptation-des-services-et-equipements-publics\/#article\",\"isPartOf\":{\"@id\":\"https:\/\/newsestlyonnais.fr\/site\/2020\/03\/15\/meyzieu-covid-19-adaptation-des-services-et-equipements-publics\/\"},\"author\":{\"name\":\"R\u00e9dac. NEWS\",\"@id\":\"https:\/\/newsestlyonnais.fr\/site\/#\/schema\/person\/3230d5615f390bb808365d673001e887\"},\"headline\":\"MEYZIEU | COVID-19 : Adaptation des services et \u00e9quipements publics\",\"datePublished\":\"2020-03-15T10:33:36+00:00\",\"dateModified\":\"2020-03-18T07:44:30+00:00\",\"mainEntityOfPage\":{\"@id\":\"https:\/\/newsestlyonnais.fr\/site\/2020\/03\/15\/meyzieu-covid-19-adaptation-des-services-et-equipements-publics\/\"},\"wordCount\":834,\"commentCount\":0,\"publisher\":{\"@id\":\"https:\/\/newsestlyonnais.fr\/site\/#organization\"},\"image\":{\"@id\":\"https:\/\/newsestlyonnais.fr\/site\/2020\/03\/15\/meyzieu-covid-19-adaptation-des-services-et-equipements-publics\/#primaryimage\"},\"thumbnailUrl\":\"https:\/\/newsestlyonnais.fr\/site\/wp-content\/uploads\/2018\/05\/NEWSESTLYONNAIS-.png\",\"keywords\":[\"MEYZIEU\"],\"articleSection\":[\"Biblioth\u00e8que | M\u00e9diath\u00e8que | MJC\",\"Meyzieu\",\"Religion | Seniors | Souvenir\",\"Sant\u00e9 | Bien Etre | Solidarit\u00e9\"],\"inLanguage\":\"fr-FR\",\"potentialAction\":[{\"@type\":\"CommentAction\",\"name\":\"Comment\",\"target\":[\"https:\/\/newsestlyonnais.fr\/site\/2020\/03\/15\/meyzieu-covid-19-adaptation-des-services-et-equipements-publics\/#respond\"]}]},{\"@type\":\"WebPage\",\"@id\":\"https:\/\/newsestlyonnais.fr\/site\/2020\/03\/15\/meyzieu-covid-19-adaptation-des-services-et-equipements-publics\/\",\"url\":\"https:\/\/newsestlyonnais.fr\/site\/2020\/03\/15\/meyzieu-covid-19-adaptation-des-services-et-equipements-publics\/\",\"name\":\"MEYZIEU | COVID-19 : Adaptation des services et \u00e9quipements publics - News Est Lyonnais\",\"isPartOf\":{\"@id\":\"https:\/\/newsestlyonnais.fr\/site\/#website\"},\"primaryImageOfPage\":{\"@id\":\"https:\/\/newsestlyonnais.fr\/site\/2020\/03\/15\/meyzieu-covid-19-adaptation-des-services-et-equipements-publics\/#primaryimage\"},\"image\":{\"@id\":\"https:\/\/newsestlyonnais.fr\/site\/2020\/03\/15\/meyzieu-covid-19-adaptation-des-services-et-equipements-publics\/#primaryimage\"},\"thumbnailUrl\":\"https:\/\/newsestlyonnais.fr\/site\/wp-content\/uploads\/2018\/05\/NEWSESTLYONNAIS-.png\",\"datePublished\":\"2020-03-15T10:33:36+00:00\",\"dateModified\":\"2020-03-18T07:44:30+00:00\",\"description\":\"MEYZIEU | COVID-19 : Adaptation des services et \u00e9quipements publics\",\"breadcrumb\":{\"@id\":\"https:\/\/newsestlyonnais.fr\/site\/2020\/03\/15\/meyzieu-covid-19-adaptation-des-services-et-equipements-publics\/#breadcrumb\"},\"inLanguage\":\"fr-FR\",\"potentialAction\":[{\"@type\":\"ReadAction\",\"target\":[\"https:\/\/newsestlyonnais.fr\/site\/2020\/03\/15\/meyzieu-covid-19-adaptation-des-services-et-equipements-publics\/\"]}]},{\"@type\":\"ImageObject\",\"inLanguage\":\"fr-FR\",\"@id\":\"https:\/\/newsestlyonnais.fr\/site\/2020\/03\/15\/meyzieu-covid-19-adaptation-des-services-et-equipements-publics\/#primaryimage\",\"url\":\"https:\/\/newsestlyonnais.fr\/site\/wp-content\/uploads\/2018\/05\/NEWSESTLYONNAIS-.png\",\"contentUrl\":\"https:\/\/newsestlyonnais.fr\/site\/wp-content\/uploads\/2018\/05\/NEWSESTLYONNAIS-.png\",\"width\":1280,\"height\":960,\"caption\":\"NEWSESTLYONNAIS VISUEL MEYZIEU\"},{\"@type\":\"BreadcrumbList\",\"@id\":\"https:\/\/newsestlyonnais.fr\/site\/2020\/03\/15\/meyzieu-covid-19-adaptation-des-services-et-equipements-publics\/#breadcrumb\",\"itemListElement\":[{\"@type\":\"ListItem\",\"position\":1,\"name\":\"Accueil\",\"item\":\"https:\/\/newsestlyonnais.fr\/site\/\"},{\"@type\":\"ListItem\",\"position\":2,\"name\":\"MEYZIEU | COVID-19 : Adaptation des services et \u00e9quipements publics\"}]},{\"@type\":\"WebSite\",\"@id\":\"https:\/\/newsestlyonnais.fr\/site\/#website\",\"url\":\"https:\/\/newsestlyonnais.fr\/site\/\",\"name\":\"News Est Lyonnais\",\"description\":\"L&#039;actualit\u00e9 au plus pr\u00e8s\",\"publisher\":{\"@id\":\"https:\/\/newsestlyonnais.fr\/site\/#organization\"},\"potentialAction\":[{\"@type\":\"SearchAction\",\"target\":{\"@type\":\"EntryPoint\",\"urlTemplate\":\"https:\/\/newsestlyonnais.fr\/site\/?s={search_term_string}\"},\"query-input\":{\"@type\":\"PropertyValueSpecification\",\"valueRequired\":true,\"valueName\":\"search_term_string\"}}],\"inLanguage\":\"fr-FR\"},{\"@type\":\"Organization\",\"@id\":\"https:\/\/newsestlyonnais.fr\/site\/#organization\",\"name\":\"News EST LYONNAIS\",\"url\":\"https:\/\/newsestlyonnais.fr\/site\/\",\"logo\":{\"@type\":\"ImageObject\",\"inLanguage\":\"fr-FR\",\"@id\":\"https:\/\/newsestlyonnais.fr\/site\/#\/schema\/logo\/image\/\",\"url\":\"\",\"contentUrl\":\"\",\"caption\":\"News EST LYONNAIS\"},\"image\":{\"@id\":\"https:\/\/newsestlyonnais.fr\/site\/#\/schema\/logo\/image\/\"}},{\"@type\":\"Person\",\"@id\":\"https:\/\/newsestlyonnais.fr\/site\/#\/schema\/person\/3230d5615f390bb808365d673001e887\",\"name\":\"R\u00e9dac. NEWS\",\"sameAs\":[\"http:\/\/www.newsestlyonnais.fr\",\"https:\/\/www.facebook.com\/pascal.oberson.1?fref=ts\",\"https:\/\/fr.linkedin.com\/in\/pascal-oberson-b17045113\"],\"url\":\"https:\/\/newsestlyonnais.fr\/site\/author\/nel\/\"}]}<\/script>\n<!-- \/ Yoast SEO plugin. -->","yoast_head_json":{"title":"MEYZIEU | COVID-19 : Adaptation des services et \u00e9quipements publics - News Est Lyonnais","description":"MEYZIEU | COVID-19 : Adaptation des services et \u00e9quipements publics","robots":{"index":"index","follow":"follow","max-snippet":"max-snippet:-1","max-image-preview":"max-image-preview:large","max-video-preview":"max-video-preview:-1"},"canonical":"https:\/\/newsestlyonnais.fr\/site\/2020\/03\/15\/meyzieu-covid-19-adaptation-des-services-et-equipements-publics\/","og_locale":"fr_FR","og_type":"article","og_title":"MEYZIEU | COVID-19 : Adaptation des services et \u00e9quipements publics - News Est Lyonnais","og_description":"MEYZIEU | COVID-19 : Adaptation des services et \u00e9quipements publics","og_url":"https:\/\/newsestlyonnais.fr\/site\/2020\/03\/15\/meyzieu-covid-19-adaptation-des-services-et-equipements-publics\/","og_site_name":"News Est Lyonnais","article_author":"https:\/\/www.facebook.com\/pascal.oberson.1?fref=ts","article_published_time":"2020-03-15T10:33:36+00:00","article_modified_time":"2020-03-18T07:44:30+00:00","og_image":[{"width":1280,"height":960,"url":"https:\/\/i0.wp.com\/newsestlyonnais.fr\/site\/wp-content\/uploads\/2018\/05\/NEWSESTLYONNAIS-.png?fit=1280%2C960&ssl=1","type":"image\/png"}],"author":"R\u00e9dac. NEWS","twitter_card":"summary_large_image","twitter_misc":{"\u00c9crit par":"R\u00e9dac. NEWS","Dur\u00e9e de lecture estim\u00e9e":"4 minutes"},"schema":{"@context":"https:\/\/schema.org","@graph":[{"@type":"Article","@id":"https:\/\/newsestlyonnais.fr\/site\/2020\/03\/15\/meyzieu-covid-19-adaptation-des-services-et-equipements-publics\/#article","isPartOf":{"@id":"https:\/\/newsestlyonnais.fr\/site\/2020\/03\/15\/meyzieu-covid-19-adaptation-des-services-et-equipements-publics\/"},"author":{"name":"R\u00e9dac. NEWS","@id":"https:\/\/newsestlyonnais.fr\/site\/#\/schema\/person\/3230d5615f390bb808365d673001e887"},"headline":"MEYZIEU | COVID-19 : Adaptation des services et \u00e9quipements publics","datePublished":"2020-03-15T10:33:36+00:00","dateModified":"2020-03-18T07:44:30+00:00","mainEntityOfPage":{"@id":"https:\/\/newsestlyonnais.fr\/site\/2020\/03\/15\/meyzieu-covid-19-adaptation-des-services-et-equipements-publics\/"},"wordCount":834,"commentCount":0,"publisher":{"@id":"https:\/\/newsestlyonnais.fr\/site\/#organization"},"image":{"@id":"https:\/\/newsestlyonnais.fr\/site\/2020\/03\/15\/meyzieu-covid-19-adaptation-des-services-et-equipements-publics\/#primaryimage"},"thumbnailUrl":"https:\/\/newsestlyonnais.fr\/site\/wp-content\/uploads\/2018\/05\/NEWSESTLYONNAIS-.png","keywords":["MEYZIEU"],"articleSection":["Biblioth\u00e8que | M\u00e9diath\u00e8que | MJC","Meyzieu","Religion | Seniors | Souvenir","Sant\u00e9 | Bien Etre | Solidarit\u00e9"],"inLanguage":"fr-FR","potentialAction":[{"@type":"CommentAction","name":"Comment","target":["https:\/\/newsestlyonnais.fr\/site\/2020\/03\/15\/meyzieu-covid-19-adaptation-des-services-et-equipements-publics\/#respond"]}]},{"@type":"WebPage","@id":"https:\/\/newsestlyonnais.fr\/site\/2020\/03\/15\/meyzieu-covid-19-adaptation-des-services-et-equipements-publics\/","url":"https:\/\/newsestlyonnais.fr\/site\/2020\/03\/15\/meyzieu-covid-19-adaptation-des-services-et-equipements-publics\/","name":"MEYZIEU | COVID-19 : Adaptation des services et \u00e9quipements publics - News Est Lyonnais","isPartOf":{"@id":"https:\/\/newsestlyonnais.fr\/site\/#website"},"primaryImageOfPage":{"@id":"https:\/\/newsestlyonnais.fr\/site\/2020\/03\/15\/meyzieu-covid-19-adaptation-des-services-et-equipements-publics\/#primaryimage"},"image":{"@id":"https:\/\/newsestlyonnais.fr\/site\/2020\/03\/15\/meyzieu-covid-19-adaptation-des-services-et-equipements-publics\/#primaryimage"},"thumbnailUrl":"https:\/\/newsestlyonnais.fr\/site\/wp-content\/uploads\/2018\/05\/NEWSESTLYONNAIS-.png","datePublished":"2020-03-15T10:33:36+00:00","dateModified":"2020-03-18T07:44:30+00:00","description":"MEYZIEU | COVID-19 : Adaptation des services et \u00e9quipements publics","breadcrumb":{"@id":"https:\/\/newsestlyonnais.fr\/site\/2020\/03\/15\/meyzieu-covid-19-adaptation-des-services-et-equipements-publics\/#breadcrumb"},"inLanguage":"fr-FR","potentialAction":[{"@type":"ReadAction","target":["https:\/\/newsestlyonnais.fr\/site\/2020\/03\/15\/meyzieu-covid-19-adaptation-des-services-et-equipements-publics\/"]}]},{"@type":"ImageObject","inLanguage":"fr-FR","@id":"https:\/\/newsestlyonnais.fr\/site\/2020\/03\/15\/meyzieu-covid-19-adaptation-des-services-et-equipements-publics\/#primaryimage","url":"https:\/\/newsestlyonnais.fr\/site\/wp-content\/uploads\/2018\/05\/NEWSESTLYONNAIS-.png","contentUrl":"https:\/\/newsestlyonnais.fr\/site\/wp-content\/uploads\/2018\/05\/NEWSESTLYONNAIS-.png","width":1280,"height":960,"caption":"NEWSESTLYONNAIS VISUEL MEYZIEU"},{"@type":"BreadcrumbList","@id":"https:\/\/newsestlyonnais.fr\/site\/2020\/03\/15\/meyzieu-covid-19-adaptation-des-services-et-equipements-publics\/#breadcrumb","itemListElement":[{"@type":"ListItem","position":1,"name":"Accueil","item":"https:\/\/newsestlyonnais.fr\/site\/"},{"@type":"ListItem","position":2,"name":"MEYZIEU | COVID-19 : Adaptation des services et \u00e9quipements publics"}]},{"@type":"WebSite","@id":"https:\/\/newsestlyonnais.fr\/site\/#website","url":"https:\/\/newsestlyonnais.fr\/site\/","name":"News Est Lyonnais","description":"L&#039;actualit\u00e9 au plus pr\u00e8s","publisher":{"@id":"https:\/\/newsestlyonnais.fr\/site\/#organization"},"potentialAction":[{"@type":"SearchAction","target":{"@type":"EntryPoint","urlTemplate":"https:\/\/newsestlyonnais.fr\/site\/?s={search_term_string}"},"query-input":{"@type":"PropertyValueSpecification","valueRequired":true,"valueName":"search_term_string"}}],"inLanguage":"fr-FR"},{"@type":"Organization","@id":"https:\/\/newsestlyonnais.fr\/site\/#organization","name":"News EST LYONNAIS","url":"https:\/\/newsestlyonnais.fr\/site\/","logo":{"@type":"ImageObject","inLanguage":"fr-FR","@id":"https:\/\/newsestlyonnais.fr\/site\/#\/schema\/logo\/image\/","url":"","contentUrl":"","caption":"News EST LYONNAIS"},"image":{"@id":"https:\/\/newsestlyonnais.fr\/site\/#\/schema\/logo\/image\/"}},{"@type":"Person","@id":"https:\/\/newsestlyonnais.fr\/site\/#\/schema\/person\/3230d5615f390bb808365d673001e887","name":"R\u00e9dac. NEWS","sameAs":["http:\/\/www.newsestlyonnais.fr","https:\/\/www.facebook.com\/pascal.oberson.1?fref=ts","https:\/\/fr.linkedin.com\/in\/pascal-oberson-b17045113"],"url":"https:\/\/newsestlyonnais.fr\/site\/author\/nel\/"}]}},"_links":{"self":[{"href":"https:\/\/newsestlyonnais.fr\/site\/wp-json\/wp\/v2\/posts\/97434","targetHints":{"allow":["GET"]}}],"collection":[{"href":"https:\/\/newsestlyonnais.fr\/site\/wp-json\/wp\/v2\/posts"}],"about":[{"href":"https:\/\/newsestlyonnais.fr\/site\/wp-json\/wp\/v2\/types\/post"}],"author":[{"embeddable":true,"href":"https:\/\/newsestlyonnais.fr\/site\/wp-json\/wp\/v2\/users\/4"}],"replies":[{"embeddable":true,"href":"https:\/\/newsestlyonnais.fr\/site\/wp-json\/wp\/v2\/comments?post=97434"}],"version-history":[{"count":0,"href":"https:\/\/newsestlyonnais.fr\/site\/wp-json\/wp\/v2\/posts\/97434\/revisions"}],"wp:featuredmedia":[{"embeddable":true,"href":"https:\/\/newsestlyonnais.fr\/site\/wp-json\/wp\/v2\/media\/50594"}],"wp:attachment":[{"href":"https:\/\/newsestlyonnais.fr\/site\/wp-json\/wp\/v2\/media?parent=97434"}],"wp:term":[{"taxonomy":"category","embeddable":true,"href":"https:\/\/newsestlyonnais.fr\/site\/wp-json\/wp\/v2\/categories?post=97434"},{"taxonomy":"post_tag","embeddable":true,"href":"https:\/\/newsestlyonnais.fr\/site\/wp-json\/wp\/v2\/tags?post=97434"}],"curies":[{"name":"wp","href":"https:\/\/api.w.org\/{rel}","templated":true}]}}