{"id":97732,"date":"2020-09-16T16:04:41","date_gmt":"2020-09-16T15:04:41","guid":{"rendered":"http:\/\/newsestlyonnais.fr\/site\/?p=97732"},"modified":"2020-11-12T14:34:12","modified_gmt":"2020-11-12T13:34:12","slug":"annulation-de-nombreux-evenements","status":"publish","type":"post","link":"https:\/\/newsestlyonnais.fr\/site\/2020\/09\/16\/annulation-de-nombreux-evenements\/","title":{"rendered":"Annulation de nombreux \u00e9v\u00e8nements"},"content":{"rendered":"<p>Voici une liste (non exhaustive) de manifestations programm\u00e9es qui sont <strong>annul\u00e9es ou seulement report\u00e9es<\/strong> :<\/p>\n<p><strong><span style=\"text-decoration: underline;\">DECEMBRE 2020<\/span> :<\/strong><\/p>\n<ul>\n<li>Samedi 5 d\u00e9cembre : GENAS \/ <strong>Concert Cover Queen<\/strong>.<\/li>\n<li>Samedi 5 &amp; Dimanche 6 d\u00e9cembre : LYON \/ <strong>67\u00b0 Saint\u00e9lyon<\/strong>.<\/li>\n<li>Jeudi 31 d\u00e9cembre : GENAS \/ <strong>R\u00e9veillon St Sylvestre<\/strong>.<\/li>\n<\/ul>\n<p><strong><span style=\"text-decoration: underline;\">NOVEMBRE 2020<\/span> :<\/strong><\/p>\n<ul>\n<li>Dimanche 1\u00b0 novembre : LYON \/ <strong>Lyon Urban Trail.<\/strong><\/li>\n<li>Du lundi 2 au dimanche 29 novembre : PUSIGNAN \/ <strong>Tournoi Open de tennis.<\/strong><\/li>\n<li>Jeudi 5 novembre : LYON 4 \/ <strong>Vente livres en h\u00f4pitaux<\/strong>.<\/li>\n<li>Vendredi 6 au dimanche 8 novembre : EUREXPO \/ <strong>42\u00b0 Salon Epoqu&rsquo;Auto. <\/strong><\/li>\n<li>Samedi 7 novembre : MEYZIEU \/ <strong>Course Les Irr\u00e9ductibles<\/strong>.<\/li>\n<li>Dimanche 8 novembre : RILLIEUX \/ <strong>Band&rsquo;Rill.<\/strong><\/li>\n<li>Samedi 14 novembre : BRON \/ <strong>Loto de l&rsquo;ACS Vinatier<\/strong>.<\/li>\n<li>Samedi 14 &amp; dimanche 15 novembre : GENAS \/ <strong>Foire aux skis et v\u00e9los <\/strong>&amp; EUREXPO \/<strong> 22\u00b0 Salon Japan Touch.<br \/>\n<\/strong><\/li>\n<li>Du samedi 14 novembre au dimanche 13 d\u00e9cembre : JONAGE \/ <strong>Tournoi Open de tennis<\/strong>.<\/li>\n<li>Dimanche 15 novembre : CHASSIEU : <strong>Loto Sou des Ecoles<\/strong> &amp; MIRIBEL JONAGE \/<strong> Jogg&rsquo;Iles <\/strong>&amp; GENAS \/<strong> Friperie Troc Party.<\/strong><\/li>\n<li>Mercredi 18 novembre : LYON 3 \/ <strong>Vente livres en h\u00f4pitaux<\/strong>.<\/li>\n<li>Jeudi 19 novembre : GENAS \/ <strong>Beaujolais nouveau<\/strong>.<\/li>\n<li>Vendredi 20 au Dimanche 22 novembre : VILLEURBANNE \/ <strong>2\u00b0 Salon de l&rsquo;Escalade.<\/strong><\/li>\n<li>Samedi 21 novembre : <strong>16 \u00b0 Marathon de Beaujolais.<\/strong><\/li>\n<li>Samedi 21 &amp; dimanche 22 novembre : VILLEURBANNE \/<strong> Tournoi Bad Villeur&rsquo;Dames.<\/strong><\/li>\n<li>Dimanche 22 novembre : VENISSIEUX \/ <strong>41\u00b0 Foul\u00e9e V\u00e9nissiane.<\/strong><\/li>\n<li>Dimanche 29 novembre : SAINT PRIEST \/ <strong>Cross des Myriades<\/strong>.<\/li>\n<\/ul>\n<hr \/>\n<p><strong><span style=\"text-decoration: underline;\">OCTOBRE 2020<\/span> :<\/strong><\/p>\n<ul>\n<li>Du vendredi 2 octobre au mercredi 11 novembre : LYON 4 \/ <strong>Vogue des Marrons.<\/strong><\/li>\n<li>Samedi 3 octobre : LYON 7 \/ <strong>Brocante Chevreul<\/strong>.<\/li>\n<li>Samedi 3 &amp; dimanche 4 octobre : BRON \/ <strong>25\u00b0 Expo artisanale Fort de Bron.<\/strong><\/li>\n<li>Dimanche 4 octobre : BRON \/ <strong>BRON \u00e0 V\u00e9lo<\/strong> &amp; PUSIGNAN \/ <strong>Loto du Tennis<\/strong>.<\/li>\n<li>Du jeudi 8 au dimanche 11 octobre : EUREXPO \/<strong> Salon ID.<\/strong><\/li>\n<li>Du jeudi 8 au lundi 12 octobre : EUREXPO \/ <strong>Foire de Lyon. <\/strong><b><br \/>\n<\/b><\/li>\n<li>Vendredi 9 &amp; samedi 10 octobre : SAINT-PIERRE-DE-CHANDIEU \/ <strong>Festival d&rsquo;humour.<\/strong><\/li>\n<li>Vendredi 9, samedi 10 &amp; dimanche 11 octobre : VAULX EN VELIN \/ <strong>International de P\u00e9tanque.<\/strong><\/li>\n<li>Dimanche 11 octobre : BRON \/ <strong>Brocante Vide-grenier classes en 2<\/strong> &amp; \/ MEYZIEU \/ <strong>Bourse Aquariophile<\/strong>.<\/li>\n<li>Samedi 17 octobre : ST BONNET MURE \/<strong>Challenge Murois.<\/strong><\/li>\n<li>Samedi 17 &amp; dimanche 18 octobre : LYON \/ <strong>NORDIC WALK&rsquo;IN LYON.<\/strong><\/li>\n<li>Dimanche 18 octobre : CHASSIEU \/ <strong>Bourse Multi-Collections APGC, <\/strong>CALUIRE \/ <strong>10 km de Caluire <\/strong>&amp; SAINT-PRIEST \/<strong> Bike and Run<\/strong>.<\/li>\n<li>Samedi 31 octobre : LYON \/ <strong>Course LUT by night.<\/strong><\/li>\n<li>Samedi 31 octobre &amp; dimanche 1\u00b0 novembre : LYON \/ <strong>LYON BIERE FESTIVAL.<\/strong><\/li>\n<\/ul>\n<hr \/>\n<p><em><strong><span style=\"text-decoration: underline;\">SEPTEMBRE 2020<\/span> :<\/strong> <\/em><\/p>\n<ul>\n<li>Samedi 5 septembre : JONAGE \/ <strong>Forum des associations.<\/strong><\/li>\n<li>Dimanche 6 septembre : LYON \/ <strong>LYON FREE BIKE<\/strong>. PUSIGNAN \/<strong> Vide-grenier.<\/strong><\/li>\n<li>Du vendredi 11 septembre au vendredi 2 octobre : LYON \/ <strong>Biennale de la Danse<\/strong> (report\u00e9e \u00e0 2021).<\/li>\n<li>Samedi 12 septembre : MIONS \/ <strong>Forum des Associations <\/strong>(annul\u00e9) &amp; SAINT-PIERRE-DE-CHANDIEU : <strong>F\u00eate du Village<\/strong>.<\/li>\n<li>Samedi 19 septembre : PUSIGNAN \/ <strong>3 associations pour un \u00e9v\u00e8nement. <\/strong>GENAS \/ <strong>Rassemblement Vieux Tacots<\/strong> (8\u00b0 \u00e9dition report\u00e9e \u00e0 2021). BRON \/ <strong>28\u00b0 Course du Vinatier.<\/strong><\/li>\n<li>Du samedi 19 au dimanche 20 septembre : PUSIGNAN \/ <strong>2\u00b0 Salon du Livre<\/strong> (report\u00e9 \u00e0 2021).<\/li>\n<li>Dimanche 20 septembre : BALAN \/ <strong>Sentier des Lones<\/strong> (annul\u00e9) &amp; SAINT BONNET MURE \/ <strong>RUN IN 2 MURE<\/strong> (annul\u00e9e).<\/li>\n<li>Samedi 26 septembre : MEYZIEU \/ <strong>Matin\u00e9e des nouveaux arrivants <\/strong>&amp; GENAS \/<strong> Inauguration espace mus\u00e9al Gandil<\/strong>.<\/li>\n<li>Dimanche 27 septembre : CORBAS \/<strong> Vide-grenier <\/strong>&amp; VAULX EN VELIN \/ <strong>27 \u00b0 triathlon<\/strong> (annul\u00e9).<\/li>\n<\/ul>\n<hr \/>\n<p><strong><em><span style=\"text-decoration: underline;\">AOUT 2020<\/span> :<\/em> <\/strong><\/p>\n<ul>\n<li>Du 27 au 30 Ao\u00fbt : MIRIBEL-JONAGE \/ <strong>22\u00b0 Festival Woodstower<\/strong> (annul\u00e9).<\/li>\n<\/ul>\n<hr \/>\n<p><em><strong><span style=\"text-decoration: underline;\">JUILLET 2020<\/span> : <\/strong><\/em><\/p>\n<ul>\n<li>Du mardi 2 juin au vendredi 31 juillet : LYON \/ <strong>Nuits de Fourvi\u00e8re<\/strong> (annul\u00e9es).<\/li>\n<li>Du vendredi 3 au samedi 4 juillet : COLOMBIER-SAUGNIEU \/<strong>Plane\u2019R Fest <\/strong>(report\u00e9 aux 2 &amp; 3 juillet 2021).<\/li>\n<li>Vendredi 3 juillet : IRIGNY \/ <strong>26\u00b0 course des 2 Forts<\/strong> (report\u00e9e au 2 juillet 2021).<\/li>\n<li>Du samedi 4 au dimanche 5 juillet : BRON \/ <strong><span class=\"evcal_desc evo_info hide_eventtopdata \"><span class=\"evcal_desc2 evcal_event_title\">Concours r\u00e9gional p\u00e9tanque Henri Bayada<\/span><\/span> <\/strong>(annul\u00e9).<\/li>\n<li>Jeudi 9 juillet : BRON \/ <strong>Meeting d&rsquo;athl\u00e9tisme <\/strong>(annul\u00e9)<strong>.<\/strong><\/li>\n<li>Du lundi 6 au mercredi 15 juillet : VENISSIEUX \/ <strong>22\u00b0 F\u00eates Escale<\/strong> (annul\u00e9es).<\/li>\n<\/ul>\n<hr \/>\n<p><span style=\"text-decoration: underline;\"><strong><em>JUIN 2020<\/em><\/strong><\/span> :<\/p>\n<ul>\n<li>Du samedi 30 mai au lundi 1\u00b0 juin : LYON \/ <strong>108\u00b0 Tournois boules Pentec\u00f4te<\/strong> (annul\u00e9s).<\/li>\n<li>Lundi <span class=\"_5mfr\"><span class=\"_6qdm\">1\u00b0 juin : CHAPONNAY \/ <\/span><\/span><strong><span class=\"_5mfr\"><span class=\"_6qdm\">133 \u00b0 \u00e9dition de la foire de Pentec\u00f4te<\/span><\/span><\/strong> (annul\u00e9e).<\/li>\n<li>Du mardi 2 juin au vendredi 31 juillet : LYON \/ <strong>Nuits de Fourvi\u00e8re<\/strong> (annul\u00e9es).<\/li>\n<li>Du samedi 6 au dimanche 7 juin : LYON 4 \/\u00a0 <strong>10\u00b0 Brocante \/ Vide-grenier de la Croix-Rousse<\/strong> (annul\u00e9e).<\/li>\n<li>Du samedi 6 juin au dimanche 5 juillet : MEYZIEU \/ <strong>Tournoi Open tennis<\/strong> (annul\u00e9).<\/li>\n<li>Dimanche 7 juin : <span class=\"evcal_desc evo_info hide_eventtopdata \"><span class=\"evcal_desc2 evcal_event_title\">MIRIBEL-JONAGE \/<\/span><\/span> <strong>RUN EAT<\/strong> (annul\u00e9), BRON \/ <strong>Brondimarche nordique<\/strong> (annul\u00e9e).<\/li>\n<li>Du lundi 8 au dimanche 14 juin : LYON &amp; VILLEURBANNE \/ <strong>OPEN SOPRA STERIA Tennis<\/strong> (annul\u00e9).<\/li>\n<li>Du mercredi 10 juin au dimanche 12 juillet : SAINT-PRIEST \/ <strong>Tournoi Open tennis<\/strong> <strong>ASPTT Gd Lyon<\/strong> (annul\u00e9).<\/li>\n<li>Du samedi 13 au dimanche 14 juin : LYON \/ <strong>Championnats France Elite de Gym<\/strong> (annul\u00e9s).<\/li>\n<li>Samedi 20 juin : LYON \/<strong> STL VTT<\/strong> (annul\u00e9).<\/li>\n<li>Samedi 27 juin : DECINES \/ <strong>Kayak Run<\/strong> (report\u00e9 au samedi 12 septembre 2020).<\/li>\n<li>Du lundi 29 juin au samedi 18 juillet : DECINES<strong> \/ <\/strong><strong>Tournoi Open tennis<\/strong> (annul\u00e9).<\/li>\n<\/ul>\n<hr \/>\n<p><span style=\"text-decoration: underline;\"><strong><em>MAI 2020<\/em><\/strong><\/span> :<\/p>\n<ul>\n<li>Vendredi 1\u00b0 mai : VENISSIEUX \/ <strong>Prix cycliste Marcel Hou\u00ebl<\/strong> (annul\u00e9).<\/li>\n<li>Du jeudi 14 au dimanche 17 mai : <span class=\"evcal_desc evo_info hide_eventtopdata \"><span class=\"evcal_desc2 evcal_event_title\"><strong>36 \u00b0 RHONE-ALPES ISERE TOU<\/strong>R<\/span><\/span> (annul\u00e9).<\/li>\n<li>Vendredi 15 &amp; samedi 16 mai : LYON \/ <strong>Ultra Boucle de la Sarra<\/strong> (annul\u00e9e).<\/li>\n<li>Samedi 16 mai : LYON \/ <strong>5\u00b0 Open d&rsquo;Apn\u00e9e<\/strong> (ANNULE).<\/li>\n<li>Dimanche 17 mai : VENISSIEUX \/ <strong>COURIR POUR ELLES<\/strong> (rassemblement virtuel avanc\u00e9 au 10 mai).<\/li>\n<li>Du samedi 16 au dimanche 23 mai : LYON \/ <strong>4\u00b0 OPEN PARC de tennis<\/strong> (annul\u00e9).<\/li>\n<li>Du mardi 25 mai au samedi 20 juin : GENAS \/ <strong>Tournoi Open tennis<\/strong> (annul\u00e9).<\/li>\n<li>Du mardi 25 mai au dimanche 27 septembre : EST LYONNAIS : <strong>Master de tennis<\/strong> (annul\u00e9).<\/li>\n<li>Du samedi 30 mai au lundi 1\u00b0 juin : LYON \/ <strong>108\u00b0 Tournois boules Pentec\u00f4te<\/strong> (annul\u00e9s).<\/li>\n<\/ul>\n<hr \/>\n<p><span style=\"text-decoration: underline;\"><em><strong>AVRIL 2020<\/strong><\/em><\/span> :<\/p>\n<ul>\n<li>Du vendredi 3 au dimanche 5 avril : LYON \/ <strong>Quais du Polar <\/strong>(annul\u00e9s) &amp; <span class=\"evcal_desc evo_info hide_eventtopdata \"><span class=\"evcal_desc2 evcal_event_title\">SAINT-PIERRE-DE-CHANDIEU \/\/ <strong>52\u00b0 Carnaval<\/strong> (annul\u00e9)<\/span><\/span>.<\/li>\n<li>Samedi 4 avril : GENAS \/ <strong>Carnaval<\/strong> (annul\u00e9) <strong>PHOTO A LA UNE<\/strong>.<\/li>\n<li>Samedi 4 &amp; dimanche 5 avril : <span class=\"evcal_desc evo_info hide_eventtopdata \"><span class=\"evcal_desc2 evcal_event_title\">VILLEURBANNE \/ <strong>21\u00b0 F\u00eate du Livre Jeunesse<\/strong> (annul\u00e9e) &amp; <\/span><\/span><span class=\"evcal_desc evo_info hide_eventtopdata \"><span class=\"evcal_desc2 evcal_event_title\">MEYZIEU \/ <strong>Chasse aux Oeufs<\/strong> (annul\u00e9e) &amp; BRON \/ <strong>Loto ACS VINATIER<\/strong> (report\u00e9 au 14 novembre 2020) &amp; GENAS \/ <strong>Soir\u00e9e VEGAS ESGA Hand<\/strong> (annul\u00e9e) &amp; EUREXPO \/ <strong>Salon JAPAN TOUCH HARU<\/strong> (report\u00e9 au 6 &amp; 7 juin 2020).<\/span><\/span><\/li>\n<li>Dimanche 5 avril : <span class=\"evcal_desc evo_info hide_eventtopdata \"><span class=\"evcal_desc2 evcal_event_title\">MIRIBEL-JONAGE \/\/ <strong>2\u00b0 Atol&rsquo; Paddle Race<\/strong><\/span><\/span> (annul\u00e9) &amp; <span class=\"evcal_desc evo_info hide_eventtopdata \"><span class=\"evcal_desc2 evcal_event_title\">CHASSIEU \/ <strong>Concours de Tir \u00e0 l&rsquo;arc<\/strong> (annul\u00e9) &amp; VENISSIEUX \/<strong> 10\u00b0 Marche Nordique<\/strong> (annul\u00e9e) &amp; MIONS \/ <strong>Parcours du Coeur<\/strong> (annul\u00e9s) &amp; LYON \/ <strong>Aquathlon du LYON<\/strong> (annul\u00e9).<br \/>\n<\/span><\/span><\/li>\n<li>Samedi 11 &amp; dimanche 12 avril : <span class=\"evcal_desc evo_info hide_eventtopdata \"><span class=\"evcal_desc2 evcal_event_title\">SAINT-FONS \/ <strong>24 Heures de Saint-Fons<\/strong> (annul\u00e9es) &amp; <strong>LYON BIERE FESTIVAL<\/strong> (report\u00e9 aux 31 octobre &amp; 1\u00b0 novembre 2020).\u00a0<\/span><\/span><\/li>\n<li>Dimanche 12 avril : <span class=\"evcal_desc evo_info hide_eventtopdata \"><span class=\"evcal_desc2 evcal_event_title\">MIRIBEL-JONAGE \/ <strong>20\u00b0 Chasse aux Oeufs de P\u00e2ques<\/strong> (annul\u00e9e).<\/span><\/span><\/li>\n<li>Vendredi 17 avril : CALUIRE \/ <strong><span class=\"evcal_desc evo_info hide_eventtopdata \"><span class=\"evcal_desc2 evcal_event_title\">Soir\u00e9e 1.000 m\u00e8tres<\/span><\/span><\/strong> (annul\u00e9e).<\/li>\n<li>Samedi 18 &amp; dimanche 19 avril : LYON 2\u00b0 \/ <span class=\"evcal_desc evo_info hide_eventtopdata \"><span class=\"evcal_desc2 evcal_event_title\"><strong>20\u00b0 March\u00e9 de la mode vintage<\/strong> (report\u00e9 au samedi 17 &amp; dimanche 18 octobre 2020) &amp; DECINES \/ <strong>21 \u00b0 FESTIVAL BD\u00c9CINES<\/strong> (annul\u00e9) &amp; DECINES : <strong>Championnat\u00a0 National 2 Kayak Polo. <\/strong>(annul\u00e9).<strong><br \/>\n<\/strong><\/span><\/span><\/li>\n<li>Du lundi 20 avril au samedi 2 mai : VILLEURBANNE \/ <strong>Tournoi Jeunes de Tennis<\/strong> (annul\u00e9).<\/li>\n<li>Vendredi 24 avril : VENISSIEUX \/<strong> Heure sur Piste<\/strong> (annul\u00e9e).<\/li>\n<li>Dimanche 26 avril : CORBAS \/ <strong>Foire<\/strong> (annul\u00e9e) &amp; CHASSIEU \/ <strong>Course des 10 kms<\/strong> (annul\u00e9e).<\/li>\n<\/ul>\n<hr \/>\n<p><span style=\"text-decoration: underline;\"><strong><em>MARS 2020<\/em><\/strong><\/span> :<\/p>\n<ul>\n<li>Du samedi 14 mars au dimanche 19 avril : <span class=\"evcal_desc evo_info hide_eventtopdata \"><span class=\"evcal_desc2 evcal_event_title\">SAINT-FONS \/ <strong>OPEN de Tennis<\/strong> (annul\u00e9).<\/span><\/span><\/li>\n<li>Du mercredi 18 mars au mercredi 1\u00b0 avril : <span class=\"evcal_desc evo_info hide_eventtopdata \"><span class=\"evcal_desc2 evcal_event_title\">VILLEURBANNE \/<strong>36\u00b0 Reflets du Cin\u00e9ma Ib\u00e9rique et Latino-Am\u00e9ricain <\/strong>(annul\u00e9).<strong><br \/>\n<\/strong><\/span><\/span><\/li>\n<li>Du vendredi 20 au lundi 30 mars : EUREXPO \/ <strong>Foire de Lyon<\/strong> (report\u00e9e du 16 au 24 mai 2020).<\/li>\n<li>Du samedi 21 au dimanche 22 Mars : <span class=\"evcal_desc evo_info hide_eventtopdata \"><span class=\"evcal_desc2 evcal_event_title\">EUREXPO \/<strong>Salon Baby<\/strong> (report\u00e9 au 16 &amp; 17 mai 2020) &amp; VILLEURBANNE \/ <strong>Tournoi de Badminton<\/strong> (annul\u00e9).<\/span><\/span><\/li>\n<li>Dimanche 22 Mars : PUSIGNAN \/ <strong>Loto de l&rsquo;Association Tennis<\/strong> (report\u00e9 au dimanche 4 octobre 2020). CHASSIEU \/ <strong>Loto du Sou des Ecoles<\/strong> (report\u00e9 au dimanche 15 novembre 2020).<\/li>\n<li>Du mercredi 25 au dimanche 29 mars : <span class=\"evcal_desc evo_info hide_eventtopdata \"><span class=\"evcal_desc2 evcal_event_title\">MEYZIEU \/ <strong>27\u00b0 Salon des Arts Plastiques<\/strong> (annul\u00e9). <\/span><\/span><\/li>\n<li><span class=\"evcal_desc evo_info hide_eventtopdata \"><span class=\"evcal_desc2 evcal_event_title\">Du samedi 21 au dimanche 22 Mars : SAINT-PRIEST \/ <strong>Foire aux Plantes Rares <\/strong>(annul\u00e9e).<br \/>\n<\/span><\/span><\/li>\n<li>Vendredi 27 mars : JONAGE \/ <strong>Concours Coinche<\/strong> (annul\u00e9).<\/li>\n<li><span class=\"evcal_desc evo_info hide_eventtopdata \"><span class=\"evcal_desc2 evcal_event_title\">Samedi 28 Mars : VILLEURBANNE \/ <strong>2\u00b0 Waterman Indoor <\/strong>(annul\u00e9) &amp; CORBAS \/ <strong>Carnaval <\/strong>(annul\u00e9)<strong> &amp; CHASSIEU \/ \u00ab\u00a0LIVES DU SAMEDI\u00a0\u00bb <\/strong>(annul\u00e9). <strong><br \/>\n<\/strong><\/span><\/span><\/li>\n<li><span class=\"evcal_desc evo_info hide_eventtopdata \"><span class=\"evcal_desc2 evcal_event_title\">Du samedi 28 au dimanche 29 Mars : LYON 2 \/ <strong>1\u00b0 Salon du Vintage<\/strong> (<em>report\u00e9 aux 26 &amp; 27 septembre 2020<\/em>) &amp; GENAS \/ <strong>23\u00b0 Salon des Vins et Produits du Terroir <\/strong>(annul\u00e9).<br \/>\n<\/span><\/span><\/li>\n<li><span class=\"evcal_desc evo_info hide_eventtopdata \"><span class=\"evcal_desc2 evcal_event_title\">Dimanche 29 Mars : LYON \/ <strong>13\u00b0 LYON Urban Trail <\/strong>(report\u00e9 au 1\u00b0 novembre 2020) &amp; MIONS \/ <strong>LA Printani\u00e8re VTT<\/strong> (report\u00e9e en juin 2020) &amp; VILLEURBANNE \/\/ <strong>Les Foul\u00e9es de Villeurbanne <\/strong>(annul\u00e9es) &amp; SAINT-PIERRE-DE-CHANDIEU<strong> \/\/ 17\u00b0 Foire de Printemps <\/strong>(annul\u00e9e) &amp; LYON 8 \/ <strong>Tournoi de Volley du Premier Film <\/strong>(annul\u00e9) &amp; VILLEURBANNE \/ <strong>15\u00b0 Aquathlon<\/strong> (annul\u00e9) &amp; MEYZIEU \/ <strong>Loto Meyzieu Tennis<\/strong> (annul\u00e9) &amp; GENAS \/ <strong>TROC PARTY<\/strong> (report\u00e9e au 15 novembre 2020).<br \/>\n<\/span><\/span><\/li>\n<li>Lundi 30 et mardi 31 mars : SAINT FONS \/ <strong>Rencontres en Chansons<\/strong> (annul\u00e9es).<\/li>\n<\/ul>\n<hr \/>\n<p>&nbsp;<\/p>\n<p>N&rsquo;h\u00e9sitez pas \u00e0 consulter r\u00e9guli\u00e8rement l&rsquo;agenda du site, <strong>r\u00e9actualis\u00e9 au fur et \u00e0 mesure des d\u00e9cisions des organisateurs et des infos re\u00e7ues<\/strong> :\u00a0<a href=\"https:\/\/newsestlyonnais.fr\/site\/agenda_liste\">https:\/\/newsestlyonnais.fr\/site\/agenda_liste<\/a><\/p>\n<p>&#8212;&#8212;&#8212;&#8212;&#8212;&#8212;&#8212;&#8212;&#8212;&#8212;&#8212;&#8212;&#8212;&#8212;&#8212;&#8212;&#8212;&#8212;&#8212;&#8212;&#8212;&#8212;&#8212;&#8212;&#8212;&#8212;&#8212;&#8212;&#8212;&#8212;&#8212;&#8212;&#8212;&#8212;&#8212;&#8212;&#8212;&#8212;&#8212;&#8212;&#8212;&#8212;&#8212;&#8212;&#8212;&#8211;<\/p>\n","protected":false},"excerpt":{"rendered":"<p>Bien avant le confinement impos\u00e9, de nombreux organisateurs ont \u00e9t\u00e9 contraints d&rsquo;annuler. <\/p>\n","protected":false},"author":4,"featured_media":97781,"comment_status":"open","ping_status":"open","sticky":false,"template":"","format":"standard","meta":{"footnotes":""},"categories":[574,19,270,166,3329,1598,3330,3006,309],"tags":[3243],"class_list":["post-97732","post","type-post","status-publish","format-standard","has-post-thumbnail","hentry","category-autres-sports","category-bron","category-cte-de-communes-c-c-e-l","category-divers-sports","category-expos-foires-musees-salons","category-genas","category-mode-spectacle","category-musique-danse-humour","category-pratique","tag-covid"],"yoast_head":"<!-- This site is optimized with the Yoast SEO plugin v27.2 - https:\/\/yoast.com\/product\/yoast-seo-wordpress\/ -->\n<title>Annulation de nombreux \u00e9v\u00e8nements - News Est Lyonnais<\/title>\n<meta name=\"description\" content=\"Annulation de nombreux \u00e9v\u00e8nements\" \/>\n<meta name=\"robots\" content=\"index, follow, max-snippet:-1, max-image-preview:large, max-video-preview:-1\" \/>\n<link rel=\"canonical\" href=\"https:\/\/newsestlyonnais.fr\/site\/2020\/09\/16\/annulation-de-nombreux-evenements\/\" \/>\n<meta property=\"og:locale\" content=\"fr_FR\" \/>\n<meta property=\"og:type\" content=\"article\" \/>\n<meta property=\"og:title\" content=\"Annulation de nombreux \u00e9v\u00e8nements - News Est Lyonnais\" \/>\n<meta property=\"og:description\" content=\"Annulation de nombreux \u00e9v\u00e8nements\" \/>\n<meta property=\"og:url\" content=\"https:\/\/newsestlyonnais.fr\/site\/2020\/09\/16\/annulation-de-nombreux-evenements\/\" \/>\n<meta property=\"og:site_name\" content=\"News Est Lyonnais\" \/>\n<meta property=\"article:author\" content=\"https:\/\/www.facebook.com\/pascal.oberson.1?fref=ts\" \/>\n<meta property=\"article:published_time\" content=\"2020-09-16T15:04:41+00:00\" \/>\n<meta property=\"article:modified_time\" content=\"2020-11-12T13:34:12+00:00\" \/>\n<meta property=\"og:image\" content=\"https:\/\/i1.wp.com\/newsestlyonnais.fr\/site\/wp-content\/uploads\/2020\/03\/NEWSESTLYONNAIS-CARNAVAL-GENAS-2019.jpg?fit=1200%2C800&ssl=1\" \/>\n\t<meta property=\"og:image:width\" content=\"1200\" \/>\n\t<meta property=\"og:image:height\" content=\"800\" \/>\n\t<meta property=\"og:image:type\" content=\"image\/jpeg\" \/>\n<meta name=\"author\" content=\"R\u00e9dac. NEWS\" \/>\n<meta name=\"twitter:card\" content=\"summary_large_image\" \/>\n<meta name=\"twitter:label1\" content=\"\u00c9crit par\" \/>\n\t<meta name=\"twitter:data1\" content=\"R\u00e9dac. NEWS\" \/>\n\t<meta name=\"twitter:label2\" content=\"Dur\u00e9e de lecture estim\u00e9e\" \/>\n\t<meta name=\"twitter:data2\" content=\"6 minutes\" \/>\n<script type=\"application\/ld+json\" class=\"yoast-schema-graph\">{\"@context\":\"https:\/\/schema.org\",\"@graph\":[{\"@type\":\"Article\",\"@id\":\"https:\/\/newsestlyonnais.fr\/site\/2020\/09\/16\/annulation-de-nombreux-evenements\/#article\",\"isPartOf\":{\"@id\":\"https:\/\/newsestlyonnais.fr\/site\/2020\/09\/16\/annulation-de-nombreux-evenements\/\"},\"author\":{\"name\":\"R\u00e9dac. NEWS\",\"@id\":\"https:\/\/newsestlyonnais.fr\/site\/#\/schema\/person\/3230d5615f390bb808365d673001e887\"},\"headline\":\"Annulation de nombreux \u00e9v\u00e8nements\",\"datePublished\":\"2020-09-16T15:04:41+00:00\",\"dateModified\":\"2020-11-12T13:34:12+00:00\",\"mainEntityOfPage\":{\"@id\":\"https:\/\/newsestlyonnais.fr\/site\/2020\/09\/16\/annulation-de-nombreux-evenements\/\"},\"wordCount\":1219,\"commentCount\":0,\"publisher\":{\"@id\":\"https:\/\/newsestlyonnais.fr\/site\/#organization\"},\"image\":{\"@id\":\"https:\/\/newsestlyonnais.fr\/site\/2020\/09\/16\/annulation-de-nombreux-evenements\/#primaryimage\"},\"thumbnailUrl\":\"https:\/\/newsestlyonnais.fr\/site\/wp-content\/uploads\/2020\/03\/NEWSESTLYONNAIS-CARNAVAL-GENAS-2019.jpg\",\"keywords\":[\"COVID\"],\"articleSection\":[\"Autres sports\",\"Bron\",\"CCEL | Communes\",\"Divers Sports\",\"Expos | Foires | Mus\u00e9es | Salons\",\"Genas\",\"Mode | Spectacle\",\"Musique | Danse | Humour\",\"Pratique\"],\"inLanguage\":\"fr-FR\",\"potentialAction\":[{\"@type\":\"CommentAction\",\"name\":\"Comment\",\"target\":[\"https:\/\/newsestlyonnais.fr\/site\/2020\/09\/16\/annulation-de-nombreux-evenements\/#respond\"]}]},{\"@type\":\"WebPage\",\"@id\":\"https:\/\/newsestlyonnais.fr\/site\/2020\/09\/16\/annulation-de-nombreux-evenements\/\",\"url\":\"https:\/\/newsestlyonnais.fr\/site\/2020\/09\/16\/annulation-de-nombreux-evenements\/\",\"name\":\"Annulation de nombreux \u00e9v\u00e8nements - News Est Lyonnais\",\"isPartOf\":{\"@id\":\"https:\/\/newsestlyonnais.fr\/site\/#website\"},\"primaryImageOfPage\":{\"@id\":\"https:\/\/newsestlyonnais.fr\/site\/2020\/09\/16\/annulation-de-nombreux-evenements\/#primaryimage\"},\"image\":{\"@id\":\"https:\/\/newsestlyonnais.fr\/site\/2020\/09\/16\/annulation-de-nombreux-evenements\/#primaryimage\"},\"thumbnailUrl\":\"https:\/\/newsestlyonnais.fr\/site\/wp-content\/uploads\/2020\/03\/NEWSESTLYONNAIS-CARNAVAL-GENAS-2019.jpg\",\"datePublished\":\"2020-09-16T15:04:41+00:00\",\"dateModified\":\"2020-11-12T13:34:12+00:00\",\"description\":\"Annulation de nombreux \u00e9v\u00e8nements\",\"breadcrumb\":{\"@id\":\"https:\/\/newsestlyonnais.fr\/site\/2020\/09\/16\/annulation-de-nombreux-evenements\/#breadcrumb\"},\"inLanguage\":\"fr-FR\",\"potentialAction\":[{\"@type\":\"ReadAction\",\"target\":[\"https:\/\/newsestlyonnais.fr\/site\/2020\/09\/16\/annulation-de-nombreux-evenements\/\"]}]},{\"@type\":\"ImageObject\",\"inLanguage\":\"fr-FR\",\"@id\":\"https:\/\/newsestlyonnais.fr\/site\/2020\/09\/16\/annulation-de-nombreux-evenements\/#primaryimage\",\"url\":\"https:\/\/newsestlyonnais.fr\/site\/wp-content\/uploads\/2020\/03\/NEWSESTLYONNAIS-CARNAVAL-GENAS-2019.jpg\",\"contentUrl\":\"https:\/\/newsestlyonnais.fr\/site\/wp-content\/uploads\/2020\/03\/NEWSESTLYONNAIS-CARNAVAL-GENAS-2019.jpg\",\"width\":1200,\"height\":800},{\"@type\":\"BreadcrumbList\",\"@id\":\"https:\/\/newsestlyonnais.fr\/site\/2020\/09\/16\/annulation-de-nombreux-evenements\/#breadcrumb\",\"itemListElement\":[{\"@type\":\"ListItem\",\"position\":1,\"name\":\"Accueil\",\"item\":\"https:\/\/newsestlyonnais.fr\/site\/\"},{\"@type\":\"ListItem\",\"position\":2,\"name\":\"Annulation de nombreux \u00e9v\u00e8nements\"}]},{\"@type\":\"WebSite\",\"@id\":\"https:\/\/newsestlyonnais.fr\/site\/#website\",\"url\":\"https:\/\/newsestlyonnais.fr\/site\/\",\"name\":\"News Est Lyonnais\",\"description\":\"L&#039;actualit\u00e9 au plus pr\u00e8s\",\"publisher\":{\"@id\":\"https:\/\/newsestlyonnais.fr\/site\/#organization\"},\"potentialAction\":[{\"@type\":\"SearchAction\",\"target\":{\"@type\":\"EntryPoint\",\"urlTemplate\":\"https:\/\/newsestlyonnais.fr\/site\/?s={search_term_string}\"},\"query-input\":{\"@type\":\"PropertyValueSpecification\",\"valueRequired\":true,\"valueName\":\"search_term_string\"}}],\"inLanguage\":\"fr-FR\"},{\"@type\":\"Organization\",\"@id\":\"https:\/\/newsestlyonnais.fr\/site\/#organization\",\"name\":\"News EST LYONNAIS\",\"url\":\"https:\/\/newsestlyonnais.fr\/site\/\",\"logo\":{\"@type\":\"ImageObject\",\"inLanguage\":\"fr-FR\",\"@id\":\"https:\/\/newsestlyonnais.fr\/site\/#\/schema\/logo\/image\/\",\"url\":\"\",\"contentUrl\":\"\",\"caption\":\"News EST LYONNAIS\"},\"image\":{\"@id\":\"https:\/\/newsestlyonnais.fr\/site\/#\/schema\/logo\/image\/\"}},{\"@type\":\"Person\",\"@id\":\"https:\/\/newsestlyonnais.fr\/site\/#\/schema\/person\/3230d5615f390bb808365d673001e887\",\"name\":\"R\u00e9dac. NEWS\",\"sameAs\":[\"http:\/\/www.newsestlyonnais.fr\",\"https:\/\/www.facebook.com\/pascal.oberson.1?fref=ts\",\"https:\/\/fr.linkedin.com\/in\/pascal-oberson-b17045113\"],\"url\":\"https:\/\/newsestlyonnais.fr\/site\/author\/nel\/\"}]}<\/script>\n<!-- \/ Yoast SEO plugin. -->","yoast_head_json":{"title":"Annulation de nombreux \u00e9v\u00e8nements - News Est Lyonnais","description":"Annulation de nombreux \u00e9v\u00e8nements","robots":{"index":"index","follow":"follow","max-snippet":"max-snippet:-1","max-image-preview":"max-image-preview:large","max-video-preview":"max-video-preview:-1"},"canonical":"https:\/\/newsestlyonnais.fr\/site\/2020\/09\/16\/annulation-de-nombreux-evenements\/","og_locale":"fr_FR","og_type":"article","og_title":"Annulation de nombreux \u00e9v\u00e8nements - News Est Lyonnais","og_description":"Annulation de nombreux \u00e9v\u00e8nements","og_url":"https:\/\/newsestlyonnais.fr\/site\/2020\/09\/16\/annulation-de-nombreux-evenements\/","og_site_name":"News Est Lyonnais","article_author":"https:\/\/www.facebook.com\/pascal.oberson.1?fref=ts","article_published_time":"2020-09-16T15:04:41+00:00","article_modified_time":"2020-11-12T13:34:12+00:00","og_image":[{"width":1200,"height":800,"url":"https:\/\/i1.wp.com\/newsestlyonnais.fr\/site\/wp-content\/uploads\/2020\/03\/NEWSESTLYONNAIS-CARNAVAL-GENAS-2019.jpg?fit=1200%2C800&ssl=1","type":"image\/jpeg"}],"author":"R\u00e9dac. NEWS","twitter_card":"summary_large_image","twitter_misc":{"\u00c9crit par":"R\u00e9dac. NEWS","Dur\u00e9e de lecture estim\u00e9e":"6 minutes"},"schema":{"@context":"https:\/\/schema.org","@graph":[{"@type":"Article","@id":"https:\/\/newsestlyonnais.fr\/site\/2020\/09\/16\/annulation-de-nombreux-evenements\/#article","isPartOf":{"@id":"https:\/\/newsestlyonnais.fr\/site\/2020\/09\/16\/annulation-de-nombreux-evenements\/"},"author":{"name":"R\u00e9dac. NEWS","@id":"https:\/\/newsestlyonnais.fr\/site\/#\/schema\/person\/3230d5615f390bb808365d673001e887"},"headline":"Annulation de nombreux \u00e9v\u00e8nements","datePublished":"2020-09-16T15:04:41+00:00","dateModified":"2020-11-12T13:34:12+00:00","mainEntityOfPage":{"@id":"https:\/\/newsestlyonnais.fr\/site\/2020\/09\/16\/annulation-de-nombreux-evenements\/"},"wordCount":1219,"commentCount":0,"publisher":{"@id":"https:\/\/newsestlyonnais.fr\/site\/#organization"},"image":{"@id":"https:\/\/newsestlyonnais.fr\/site\/2020\/09\/16\/annulation-de-nombreux-evenements\/#primaryimage"},"thumbnailUrl":"https:\/\/newsestlyonnais.fr\/site\/wp-content\/uploads\/2020\/03\/NEWSESTLYONNAIS-CARNAVAL-GENAS-2019.jpg","keywords":["COVID"],"articleSection":["Autres sports","Bron","CCEL | Communes","Divers Sports","Expos | Foires | Mus\u00e9es | Salons","Genas","Mode | Spectacle","Musique | Danse | Humour","Pratique"],"inLanguage":"fr-FR","potentialAction":[{"@type":"CommentAction","name":"Comment","target":["https:\/\/newsestlyonnais.fr\/site\/2020\/09\/16\/annulation-de-nombreux-evenements\/#respond"]}]},{"@type":"WebPage","@id":"https:\/\/newsestlyonnais.fr\/site\/2020\/09\/16\/annulation-de-nombreux-evenements\/","url":"https:\/\/newsestlyonnais.fr\/site\/2020\/09\/16\/annulation-de-nombreux-evenements\/","name":"Annulation de nombreux \u00e9v\u00e8nements - News Est Lyonnais","isPartOf":{"@id":"https:\/\/newsestlyonnais.fr\/site\/#website"},"primaryImageOfPage":{"@id":"https:\/\/newsestlyonnais.fr\/site\/2020\/09\/16\/annulation-de-nombreux-evenements\/#primaryimage"},"image":{"@id":"https:\/\/newsestlyonnais.fr\/site\/2020\/09\/16\/annulation-de-nombreux-evenements\/#primaryimage"},"thumbnailUrl":"https:\/\/newsestlyonnais.fr\/site\/wp-content\/uploads\/2020\/03\/NEWSESTLYONNAIS-CARNAVAL-GENAS-2019.jpg","datePublished":"2020-09-16T15:04:41+00:00","dateModified":"2020-11-12T13:34:12+00:00","description":"Annulation de nombreux \u00e9v\u00e8nements","breadcrumb":{"@id":"https:\/\/newsestlyonnais.fr\/site\/2020\/09\/16\/annulation-de-nombreux-evenements\/#breadcrumb"},"inLanguage":"fr-FR","potentialAction":[{"@type":"ReadAction","target":["https:\/\/newsestlyonnais.fr\/site\/2020\/09\/16\/annulation-de-nombreux-evenements\/"]}]},{"@type":"ImageObject","inLanguage":"fr-FR","@id":"https:\/\/newsestlyonnais.fr\/site\/2020\/09\/16\/annulation-de-nombreux-evenements\/#primaryimage","url":"https:\/\/newsestlyonnais.fr\/site\/wp-content\/uploads\/2020\/03\/NEWSESTLYONNAIS-CARNAVAL-GENAS-2019.jpg","contentUrl":"https:\/\/newsestlyonnais.fr\/site\/wp-content\/uploads\/2020\/03\/NEWSESTLYONNAIS-CARNAVAL-GENAS-2019.jpg","width":1200,"height":800},{"@type":"BreadcrumbList","@id":"https:\/\/newsestlyonnais.fr\/site\/2020\/09\/16\/annulation-de-nombreux-evenements\/#breadcrumb","itemListElement":[{"@type":"ListItem","position":1,"name":"Accueil","item":"https:\/\/newsestlyonnais.fr\/site\/"},{"@type":"ListItem","position":2,"name":"Annulation de nombreux \u00e9v\u00e8nements"}]},{"@type":"WebSite","@id":"https:\/\/newsestlyonnais.fr\/site\/#website","url":"https:\/\/newsestlyonnais.fr\/site\/","name":"News Est Lyonnais","description":"L&#039;actualit\u00e9 au plus pr\u00e8s","publisher":{"@id":"https:\/\/newsestlyonnais.fr\/site\/#organization"},"potentialAction":[{"@type":"SearchAction","target":{"@type":"EntryPoint","urlTemplate":"https:\/\/newsestlyonnais.fr\/site\/?s={search_term_string}"},"query-input":{"@type":"PropertyValueSpecification","valueRequired":true,"valueName":"search_term_string"}}],"inLanguage":"fr-FR"},{"@type":"Organization","@id":"https:\/\/newsestlyonnais.fr\/site\/#organization","name":"News EST LYONNAIS","url":"https:\/\/newsestlyonnais.fr\/site\/","logo":{"@type":"ImageObject","inLanguage":"fr-FR","@id":"https:\/\/newsestlyonnais.fr\/site\/#\/schema\/logo\/image\/","url":"","contentUrl":"","caption":"News EST LYONNAIS"},"image":{"@id":"https:\/\/newsestlyonnais.fr\/site\/#\/schema\/logo\/image\/"}},{"@type":"Person","@id":"https:\/\/newsestlyonnais.fr\/site\/#\/schema\/person\/3230d5615f390bb808365d673001e887","name":"R\u00e9dac. NEWS","sameAs":["http:\/\/www.newsestlyonnais.fr","https:\/\/www.facebook.com\/pascal.oberson.1?fref=ts","https:\/\/fr.linkedin.com\/in\/pascal-oberson-b17045113"],"url":"https:\/\/newsestlyonnais.fr\/site\/author\/nel\/"}]}},"_links":{"self":[{"href":"https:\/\/newsestlyonnais.fr\/site\/wp-json\/wp\/v2\/posts\/97732","targetHints":{"allow":["GET"]}}],"collection":[{"href":"https:\/\/newsestlyonnais.fr\/site\/wp-json\/wp\/v2\/posts"}],"about":[{"href":"https:\/\/newsestlyonnais.fr\/site\/wp-json\/wp\/v2\/types\/post"}],"author":[{"embeddable":true,"href":"https:\/\/newsestlyonnais.fr\/site\/wp-json\/wp\/v2\/users\/4"}],"replies":[{"embeddable":true,"href":"https:\/\/newsestlyonnais.fr\/site\/wp-json\/wp\/v2\/comments?post=97732"}],"version-history":[{"count":0,"href":"https:\/\/newsestlyonnais.fr\/site\/wp-json\/wp\/v2\/posts\/97732\/revisions"}],"wp:featuredmedia":[{"embeddable":true,"href":"https:\/\/newsestlyonnais.fr\/site\/wp-json\/wp\/v2\/media\/97781"}],"wp:attachment":[{"href":"https:\/\/newsestlyonnais.fr\/site\/wp-json\/wp\/v2\/media?parent=97732"}],"wp:term":[{"taxonomy":"category","embeddable":true,"href":"https:\/\/newsestlyonnais.fr\/site\/wp-json\/wp\/v2\/categories?post=97732"},{"taxonomy":"post_tag","embeddable":true,"href":"https:\/\/newsestlyonnais.fr\/site\/wp-json\/wp\/v2\/tags?post=97732"}],"curies":[{"name":"wp","href":"https:\/\/api.w.org\/{rel}","templated":true}]}}