{"id":97963,"date":"2020-03-24T19:21:52","date_gmt":"2020-03-24T18:21:52","guid":{"rendered":"http:\/\/newsestlyonnais.fr\/site\/?p=97963"},"modified":"2020-05-19T18:09:37","modified_gmt":"2020-05-19T17:09:37","slug":"meyzieu-nouvelles-dispositions-prises-par-la-ville","status":"publish","type":"post","link":"https:\/\/newsestlyonnais.fr\/site\/2020\/03\/24\/meyzieu-nouvelles-dispositions-prises-par-la-ville\/","title":{"rendered":"MEYZIEU | Nouvelles dispositions prises par la ville"},"content":{"rendered":"<p>Afin de suivre les d\u00e9cisions prises au niveau national et l\u2019\u00e9volution de la situation au niveau local, la Ville de Meyzieu ajuste les actions et dispositifs mis en place d\u00e8s la semaine derni\u00e8re.<\/p>\n<p><strong><span style=\"text-decoration: underline\">LES MARCH\u00c9S MAJOLANS SUSPENDUS JUSQU\u2019\u00c0 NOUVEL ORDRE<\/span><\/strong> : Conform\u00e9ment aux d\u00e9cisions prises le 23 mars 2020 au niveau national, la Ville de Meyzieu est contrainte d\u2019annuler les march\u00e9s forains des lundis, mercredis, samedis et dimanches jusqu\u2019\u00e0 nouvel ordre.<\/p>\n<p><strong><span style=\"text-decoration: underline\">MODIFICATION DES HORAIRES D\u2019OUVERTURE DE L\u2019H\u00d4TEL DE VILLE<\/span><\/strong> : Les services municipaux sont ferm\u00e9s au public jusqu\u2019\u00e0 nouvel ordre. Cependant, pour permettre la continuit\u00e9 des services publics sp\u00e9cifiques<br \/>\nindispensables, les services suivants restent ouverts :<\/p>\n<ul>\n<li><strong>\u00c9tat-civil<\/strong> : d\u00e9claration de naissance, de d\u00e9c\u00e8s et reconnaissance. Tout autre rdv est annul\u00e9. Accueil physique du lundi au vendredi, de 9 h \u00e0 12 h 30.<\/li>\n<li><strong>CCAS<\/strong> : accueil-urgence alimentaire et portage de repas \u00e0 domicile. Accueil physique SANS rendez-vous uniquement du mardi au jeudi de 9 h \u00e0 12 h 30.<\/li>\n<li><strong>Police municipale<\/strong> : les missions de s\u00e9curit\u00e9 se poursuivent.<\/li>\n<li><strong>Accueil t\u00e9l\u00e9phonique<\/strong> au 04 72 45 16 16 du lundi au vendredi 9 h \u00e0 12 h 30 &amp; de 13 h 30 \u00e0 17 h.<\/li>\n<\/ul>\n<p>________________________________________________________________________________<\/p>\n<p><strong><span style=\"text-decoration: underline\">Toutes les infos sur :\u00a0<a href=\"https:\/\/www.meyzieu.fr\">https:\/\/www.meyzieu.fr<\/a> et sur <a href=\"https:\/\/www.facebook.com\/VilledeMeyzieu\/\">Facebook <\/a><\/span><\/strong>:<br \/>\nLes supports num\u00e9riques de la Ville : site internet, page Facebook Ville de Meyzieu ainsi que les panneaux lumineux permettent aux Majolans de s\u2019informer sur des m\u00e9dias fiables et mis \u00e0 jour de mani\u00e8re la plus r\u00e9active possible.<\/p>\n<p>________________________________________________________________________________<\/p>\n<p><span style=\"font-size: 14pt\"><strong>Source : communiqu\u00e9 de presse de la ville de Meyzieu de ce jour.<\/strong><\/span><\/p>\n","protected":false},"excerpt":{"rendered":"<p>Mises en place dans le cadre de la lutte contre le Covid-19. <\/p>\n","protected":false},"author":4,"featured_media":50594,"comment_status":"open","ping_status":"open","sticky":false,"template":"","format":"standard","meta":{"footnotes":""},"categories":[2217,24,18],"tags":[2081],"class_list":["post-97963","post","type-post","status-publish","format-standard","has-post-thumbnail","hentry","category-breves-de-lest-lyonnais","category-meyzieu","category-sante-bien-etre-solidarite","tag-meyzieu"],"yoast_head":"<!-- This site is optimized with the Yoast SEO plugin v27.2 - https:\/\/yoast.com\/product\/yoast-seo-wordpress\/ -->\n<title>MEYZIEU | Nouvelles dispositions prises par la ville - News Est Lyonnais<\/title>\n<meta name=\"description\" content=\"MEYZIEU | Nouvelles dispositions prises par la ville\" \/>\n<meta name=\"robots\" content=\"index, follow, max-snippet:-1, max-image-preview:large, max-video-preview:-1\" \/>\n<link rel=\"canonical\" href=\"https:\/\/newsestlyonnais.fr\/site\/2020\/03\/24\/meyzieu-nouvelles-dispositions-prises-par-la-ville\/\" \/>\n<meta property=\"og:locale\" content=\"fr_FR\" \/>\n<meta property=\"og:type\" content=\"article\" \/>\n<meta property=\"og:title\" content=\"MEYZIEU | Nouvelles dispositions prises par la ville - News Est Lyonnais\" \/>\n<meta property=\"og:description\" content=\"MEYZIEU | Nouvelles dispositions prises par la ville\" \/>\n<meta property=\"og:url\" content=\"https:\/\/newsestlyonnais.fr\/site\/2020\/03\/24\/meyzieu-nouvelles-dispositions-prises-par-la-ville\/\" \/>\n<meta property=\"og:site_name\" content=\"News Est Lyonnais\" \/>\n<meta property=\"article:author\" content=\"https:\/\/www.facebook.com\/pascal.oberson.1?fref=ts\" \/>\n<meta property=\"article:published_time\" content=\"2020-03-24T18:21:52+00:00\" \/>\n<meta property=\"article:modified_time\" content=\"2020-05-19T17:09:37+00:00\" \/>\n<meta property=\"og:image\" content=\"https:\/\/i0.wp.com\/newsestlyonnais.fr\/site\/wp-content\/uploads\/2018\/05\/NEWSESTLYONNAIS-.png?fit=1280%2C960&ssl=1\" \/>\n\t<meta property=\"og:image:width\" content=\"1280\" \/>\n\t<meta property=\"og:image:height\" content=\"960\" \/>\n\t<meta property=\"og:image:type\" content=\"image\/png\" \/>\n<meta name=\"author\" content=\"R\u00e9dac. NEWS\" \/>\n<meta name=\"twitter:card\" content=\"summary_large_image\" \/>\n<meta name=\"twitter:label1\" content=\"\u00c9crit par\" \/>\n\t<meta name=\"twitter:data1\" content=\"R\u00e9dac. NEWS\" \/>\n\t<meta name=\"twitter:label2\" content=\"Dur\u00e9e de lecture estim\u00e9e\" \/>\n\t<meta name=\"twitter:data2\" content=\"1 minute\" \/>\n<script type=\"application\/ld+json\" class=\"yoast-schema-graph\">{\"@context\":\"https:\/\/schema.org\",\"@graph\":[{\"@type\":\"Article\",\"@id\":\"https:\/\/newsestlyonnais.fr\/site\/2020\/03\/24\/meyzieu-nouvelles-dispositions-prises-par-la-ville\/#article\",\"isPartOf\":{\"@id\":\"https:\/\/newsestlyonnais.fr\/site\/2020\/03\/24\/meyzieu-nouvelles-dispositions-prises-par-la-ville\/\"},\"author\":{\"name\":\"R\u00e9dac. NEWS\",\"@id\":\"https:\/\/newsestlyonnais.fr\/site\/#\/schema\/person\/3230d5615f390bb808365d673001e887\"},\"headline\":\"MEYZIEU | Nouvelles dispositions prises par la ville\",\"datePublished\":\"2020-03-24T18:21:52+00:00\",\"dateModified\":\"2020-05-19T17:09:37+00:00\",\"mainEntityOfPage\":{\"@id\":\"https:\/\/newsestlyonnais.fr\/site\/2020\/03\/24\/meyzieu-nouvelles-dispositions-prises-par-la-ville\/\"},\"wordCount\":255,\"commentCount\":0,\"publisher\":{\"@id\":\"https:\/\/newsestlyonnais.fr\/site\/#organization\"},\"image\":{\"@id\":\"https:\/\/newsestlyonnais.fr\/site\/2020\/03\/24\/meyzieu-nouvelles-dispositions-prises-par-la-ville\/#primaryimage\"},\"thumbnailUrl\":\"https:\/\/newsestlyonnais.fr\/site\/wp-content\/uploads\/2018\/05\/NEWSESTLYONNAIS-.png\",\"keywords\":[\"MEYZIEU\"],\"articleSection\":[\"Br\u00e8ves de l'Est lyonnais\",\"Meyzieu\",\"Sant\u00e9 | Bien Etre | Solidarit\u00e9\"],\"inLanguage\":\"fr-FR\",\"potentialAction\":[{\"@type\":\"CommentAction\",\"name\":\"Comment\",\"target\":[\"https:\/\/newsestlyonnais.fr\/site\/2020\/03\/24\/meyzieu-nouvelles-dispositions-prises-par-la-ville\/#respond\"]}]},{\"@type\":\"WebPage\",\"@id\":\"https:\/\/newsestlyonnais.fr\/site\/2020\/03\/24\/meyzieu-nouvelles-dispositions-prises-par-la-ville\/\",\"url\":\"https:\/\/newsestlyonnais.fr\/site\/2020\/03\/24\/meyzieu-nouvelles-dispositions-prises-par-la-ville\/\",\"name\":\"MEYZIEU | Nouvelles dispositions prises par la ville - News Est Lyonnais\",\"isPartOf\":{\"@id\":\"https:\/\/newsestlyonnais.fr\/site\/#website\"},\"primaryImageOfPage\":{\"@id\":\"https:\/\/newsestlyonnais.fr\/site\/2020\/03\/24\/meyzieu-nouvelles-dispositions-prises-par-la-ville\/#primaryimage\"},\"image\":{\"@id\":\"https:\/\/newsestlyonnais.fr\/site\/2020\/03\/24\/meyzieu-nouvelles-dispositions-prises-par-la-ville\/#primaryimage\"},\"thumbnailUrl\":\"https:\/\/newsestlyonnais.fr\/site\/wp-content\/uploads\/2018\/05\/NEWSESTLYONNAIS-.png\",\"datePublished\":\"2020-03-24T18:21:52+00:00\",\"dateModified\":\"2020-05-19T17:09:37+00:00\",\"description\":\"MEYZIEU | Nouvelles dispositions prises par la ville\",\"breadcrumb\":{\"@id\":\"https:\/\/newsestlyonnais.fr\/site\/2020\/03\/24\/meyzieu-nouvelles-dispositions-prises-par-la-ville\/#breadcrumb\"},\"inLanguage\":\"fr-FR\",\"potentialAction\":[{\"@type\":\"ReadAction\",\"target\":[\"https:\/\/newsestlyonnais.fr\/site\/2020\/03\/24\/meyzieu-nouvelles-dispositions-prises-par-la-ville\/\"]}]},{\"@type\":\"ImageObject\",\"inLanguage\":\"fr-FR\",\"@id\":\"https:\/\/newsestlyonnais.fr\/site\/2020\/03\/24\/meyzieu-nouvelles-dispositions-prises-par-la-ville\/#primaryimage\",\"url\":\"https:\/\/newsestlyonnais.fr\/site\/wp-content\/uploads\/2018\/05\/NEWSESTLYONNAIS-.png\",\"contentUrl\":\"https:\/\/newsestlyonnais.fr\/site\/wp-content\/uploads\/2018\/05\/NEWSESTLYONNAIS-.png\",\"width\":1280,\"height\":960,\"caption\":\"NEWSESTLYONNAIS VISUEL MEYZIEU\"},{\"@type\":\"BreadcrumbList\",\"@id\":\"https:\/\/newsestlyonnais.fr\/site\/2020\/03\/24\/meyzieu-nouvelles-dispositions-prises-par-la-ville\/#breadcrumb\",\"itemListElement\":[{\"@type\":\"ListItem\",\"position\":1,\"name\":\"Accueil\",\"item\":\"https:\/\/newsestlyonnais.fr\/site\/\"},{\"@type\":\"ListItem\",\"position\":2,\"name\":\"MEYZIEU | Nouvelles dispositions prises par la ville\"}]},{\"@type\":\"WebSite\",\"@id\":\"https:\/\/newsestlyonnais.fr\/site\/#website\",\"url\":\"https:\/\/newsestlyonnais.fr\/site\/\",\"name\":\"News Est Lyonnais\",\"description\":\"L&#039;actualit\u00e9 au plus pr\u00e8s\",\"publisher\":{\"@id\":\"https:\/\/newsestlyonnais.fr\/site\/#organization\"},\"potentialAction\":[{\"@type\":\"SearchAction\",\"target\":{\"@type\":\"EntryPoint\",\"urlTemplate\":\"https:\/\/newsestlyonnais.fr\/site\/?s={search_term_string}\"},\"query-input\":{\"@type\":\"PropertyValueSpecification\",\"valueRequired\":true,\"valueName\":\"search_term_string\"}}],\"inLanguage\":\"fr-FR\"},{\"@type\":\"Organization\",\"@id\":\"https:\/\/newsestlyonnais.fr\/site\/#organization\",\"name\":\"News EST LYONNAIS\",\"url\":\"https:\/\/newsestlyonnais.fr\/site\/\",\"logo\":{\"@type\":\"ImageObject\",\"inLanguage\":\"fr-FR\",\"@id\":\"https:\/\/newsestlyonnais.fr\/site\/#\/schema\/logo\/image\/\",\"url\":\"\",\"contentUrl\":\"\",\"caption\":\"News EST LYONNAIS\"},\"image\":{\"@id\":\"https:\/\/newsestlyonnais.fr\/site\/#\/schema\/logo\/image\/\"}},{\"@type\":\"Person\",\"@id\":\"https:\/\/newsestlyonnais.fr\/site\/#\/schema\/person\/3230d5615f390bb808365d673001e887\",\"name\":\"R\u00e9dac. NEWS\",\"sameAs\":[\"http:\/\/www.newsestlyonnais.fr\",\"https:\/\/www.facebook.com\/pascal.oberson.1?fref=ts\",\"https:\/\/fr.linkedin.com\/in\/pascal-oberson-b17045113\"],\"url\":\"https:\/\/newsestlyonnais.fr\/site\/author\/nel\/\"}]}<\/script>\n<!-- \/ Yoast SEO plugin. -->","yoast_head_json":{"title":"MEYZIEU | Nouvelles dispositions prises par la ville - News Est Lyonnais","description":"MEYZIEU | Nouvelles dispositions prises par la ville","robots":{"index":"index","follow":"follow","max-snippet":"max-snippet:-1","max-image-preview":"max-image-preview:large","max-video-preview":"max-video-preview:-1"},"canonical":"https:\/\/newsestlyonnais.fr\/site\/2020\/03\/24\/meyzieu-nouvelles-dispositions-prises-par-la-ville\/","og_locale":"fr_FR","og_type":"article","og_title":"MEYZIEU | Nouvelles dispositions prises par la ville - News Est Lyonnais","og_description":"MEYZIEU | Nouvelles dispositions prises par la ville","og_url":"https:\/\/newsestlyonnais.fr\/site\/2020\/03\/24\/meyzieu-nouvelles-dispositions-prises-par-la-ville\/","og_site_name":"News Est Lyonnais","article_author":"https:\/\/www.facebook.com\/pascal.oberson.1?fref=ts","article_published_time":"2020-03-24T18:21:52+00:00","article_modified_time":"2020-05-19T17:09:37+00:00","og_image":[{"width":1280,"height":960,"url":"https:\/\/i0.wp.com\/newsestlyonnais.fr\/site\/wp-content\/uploads\/2018\/05\/NEWSESTLYONNAIS-.png?fit=1280%2C960&ssl=1","type":"image\/png"}],"author":"R\u00e9dac. NEWS","twitter_card":"summary_large_image","twitter_misc":{"\u00c9crit par":"R\u00e9dac. NEWS","Dur\u00e9e de lecture estim\u00e9e":"1 minute"},"schema":{"@context":"https:\/\/schema.org","@graph":[{"@type":"Article","@id":"https:\/\/newsestlyonnais.fr\/site\/2020\/03\/24\/meyzieu-nouvelles-dispositions-prises-par-la-ville\/#article","isPartOf":{"@id":"https:\/\/newsestlyonnais.fr\/site\/2020\/03\/24\/meyzieu-nouvelles-dispositions-prises-par-la-ville\/"},"author":{"name":"R\u00e9dac. NEWS","@id":"https:\/\/newsestlyonnais.fr\/site\/#\/schema\/person\/3230d5615f390bb808365d673001e887"},"headline":"MEYZIEU | Nouvelles dispositions prises par la ville","datePublished":"2020-03-24T18:21:52+00:00","dateModified":"2020-05-19T17:09:37+00:00","mainEntityOfPage":{"@id":"https:\/\/newsestlyonnais.fr\/site\/2020\/03\/24\/meyzieu-nouvelles-dispositions-prises-par-la-ville\/"},"wordCount":255,"commentCount":0,"publisher":{"@id":"https:\/\/newsestlyonnais.fr\/site\/#organization"},"image":{"@id":"https:\/\/newsestlyonnais.fr\/site\/2020\/03\/24\/meyzieu-nouvelles-dispositions-prises-par-la-ville\/#primaryimage"},"thumbnailUrl":"https:\/\/newsestlyonnais.fr\/site\/wp-content\/uploads\/2018\/05\/NEWSESTLYONNAIS-.png","keywords":["MEYZIEU"],"articleSection":["Br\u00e8ves de l'Est lyonnais","Meyzieu","Sant\u00e9 | Bien Etre | Solidarit\u00e9"],"inLanguage":"fr-FR","potentialAction":[{"@type":"CommentAction","name":"Comment","target":["https:\/\/newsestlyonnais.fr\/site\/2020\/03\/24\/meyzieu-nouvelles-dispositions-prises-par-la-ville\/#respond"]}]},{"@type":"WebPage","@id":"https:\/\/newsestlyonnais.fr\/site\/2020\/03\/24\/meyzieu-nouvelles-dispositions-prises-par-la-ville\/","url":"https:\/\/newsestlyonnais.fr\/site\/2020\/03\/24\/meyzieu-nouvelles-dispositions-prises-par-la-ville\/","name":"MEYZIEU | Nouvelles dispositions prises par la ville - News Est Lyonnais","isPartOf":{"@id":"https:\/\/newsestlyonnais.fr\/site\/#website"},"primaryImageOfPage":{"@id":"https:\/\/newsestlyonnais.fr\/site\/2020\/03\/24\/meyzieu-nouvelles-dispositions-prises-par-la-ville\/#primaryimage"},"image":{"@id":"https:\/\/newsestlyonnais.fr\/site\/2020\/03\/24\/meyzieu-nouvelles-dispositions-prises-par-la-ville\/#primaryimage"},"thumbnailUrl":"https:\/\/newsestlyonnais.fr\/site\/wp-content\/uploads\/2018\/05\/NEWSESTLYONNAIS-.png","datePublished":"2020-03-24T18:21:52+00:00","dateModified":"2020-05-19T17:09:37+00:00","description":"MEYZIEU | Nouvelles dispositions prises par la ville","breadcrumb":{"@id":"https:\/\/newsestlyonnais.fr\/site\/2020\/03\/24\/meyzieu-nouvelles-dispositions-prises-par-la-ville\/#breadcrumb"},"inLanguage":"fr-FR","potentialAction":[{"@type":"ReadAction","target":["https:\/\/newsestlyonnais.fr\/site\/2020\/03\/24\/meyzieu-nouvelles-dispositions-prises-par-la-ville\/"]}]},{"@type":"ImageObject","inLanguage":"fr-FR","@id":"https:\/\/newsestlyonnais.fr\/site\/2020\/03\/24\/meyzieu-nouvelles-dispositions-prises-par-la-ville\/#primaryimage","url":"https:\/\/newsestlyonnais.fr\/site\/wp-content\/uploads\/2018\/05\/NEWSESTLYONNAIS-.png","contentUrl":"https:\/\/newsestlyonnais.fr\/site\/wp-content\/uploads\/2018\/05\/NEWSESTLYONNAIS-.png","width":1280,"height":960,"caption":"NEWSESTLYONNAIS VISUEL MEYZIEU"},{"@type":"BreadcrumbList","@id":"https:\/\/newsestlyonnais.fr\/site\/2020\/03\/24\/meyzieu-nouvelles-dispositions-prises-par-la-ville\/#breadcrumb","itemListElement":[{"@type":"ListItem","position":1,"name":"Accueil","item":"https:\/\/newsestlyonnais.fr\/site\/"},{"@type":"ListItem","position":2,"name":"MEYZIEU | Nouvelles dispositions prises par la ville"}]},{"@type":"WebSite","@id":"https:\/\/newsestlyonnais.fr\/site\/#website","url":"https:\/\/newsestlyonnais.fr\/site\/","name":"News Est Lyonnais","description":"L&#039;actualit\u00e9 au plus pr\u00e8s","publisher":{"@id":"https:\/\/newsestlyonnais.fr\/site\/#organization"},"potentialAction":[{"@type":"SearchAction","target":{"@type":"EntryPoint","urlTemplate":"https:\/\/newsestlyonnais.fr\/site\/?s={search_term_string}"},"query-input":{"@type":"PropertyValueSpecification","valueRequired":true,"valueName":"search_term_string"}}],"inLanguage":"fr-FR"},{"@type":"Organization","@id":"https:\/\/newsestlyonnais.fr\/site\/#organization","name":"News EST LYONNAIS","url":"https:\/\/newsestlyonnais.fr\/site\/","logo":{"@type":"ImageObject","inLanguage":"fr-FR","@id":"https:\/\/newsestlyonnais.fr\/site\/#\/schema\/logo\/image\/","url":"","contentUrl":"","caption":"News EST LYONNAIS"},"image":{"@id":"https:\/\/newsestlyonnais.fr\/site\/#\/schema\/logo\/image\/"}},{"@type":"Person","@id":"https:\/\/newsestlyonnais.fr\/site\/#\/schema\/person\/3230d5615f390bb808365d673001e887","name":"R\u00e9dac. NEWS","sameAs":["http:\/\/www.newsestlyonnais.fr","https:\/\/www.facebook.com\/pascal.oberson.1?fref=ts","https:\/\/fr.linkedin.com\/in\/pascal-oberson-b17045113"],"url":"https:\/\/newsestlyonnais.fr\/site\/author\/nel\/"}]}},"_links":{"self":[{"href":"https:\/\/newsestlyonnais.fr\/site\/wp-json\/wp\/v2\/posts\/97963","targetHints":{"allow":["GET"]}}],"collection":[{"href":"https:\/\/newsestlyonnais.fr\/site\/wp-json\/wp\/v2\/posts"}],"about":[{"href":"https:\/\/newsestlyonnais.fr\/site\/wp-json\/wp\/v2\/types\/post"}],"author":[{"embeddable":true,"href":"https:\/\/newsestlyonnais.fr\/site\/wp-json\/wp\/v2\/users\/4"}],"replies":[{"embeddable":true,"href":"https:\/\/newsestlyonnais.fr\/site\/wp-json\/wp\/v2\/comments?post=97963"}],"version-history":[{"count":0,"href":"https:\/\/newsestlyonnais.fr\/site\/wp-json\/wp\/v2\/posts\/97963\/revisions"}],"wp:featuredmedia":[{"embeddable":true,"href":"https:\/\/newsestlyonnais.fr\/site\/wp-json\/wp\/v2\/media\/50594"}],"wp:attachment":[{"href":"https:\/\/newsestlyonnais.fr\/site\/wp-json\/wp\/v2\/media?parent=97963"}],"wp:term":[{"taxonomy":"category","embeddable":true,"href":"https:\/\/newsestlyonnais.fr\/site\/wp-json\/wp\/v2\/categories?post=97963"},{"taxonomy":"post_tag","embeddable":true,"href":"https:\/\/newsestlyonnais.fr\/site\/wp-json\/wp\/v2\/tags?post=97963"}],"curies":[{"name":"wp","href":"https:\/\/api.w.org\/{rel}","templated":true}]}}