{"id":98018,"date":"2020-03-29T07:46:06","date_gmt":"2020-03-29T06:46:06","guid":{"rendered":"http:\/\/newsestlyonnais.fr\/site\/?p=98018"},"modified":"2020-11-11T11:23:19","modified_gmt":"2020-11-11T10:23:19","slug":"est-lyonnais-le-master-tour-de-tennis-de-lest-lyonnais-est-ne","status":"publish","type":"post","link":"https:\/\/newsestlyonnais.fr\/site\/2020\/03\/29\/est-lyonnais-le-master-tour-de-tennis-de-lest-lyonnais-est-ne\/","title":{"rendered":"EST-LYONNAIS | Master Tour tennis Est Lyonnais est n\u00e9 !"},"content":{"rendered":"<p>Le but des organisateurs \u00e9tant de faire une comp\u00e9tition commune en touchant tous les adh\u00e9rents des 4 clubs et \u00e9galement les participants aux 4 tournois sur les derni\u00e8res ann\u00e9es. Ce type de circuit unique dans le d\u00e9partement a pu se faire du fait de la bonne entente entre ces clubs voisins, qui se connaissent bien qui ont les m\u00eames joueurs, dans des tournois de m\u00eame importance et \u00e0 la m\u00eame p\u00e9riode. Avec comme id\u00e9es de trouver des partenariats plus importants notamment d&rsquo;entreprises, de s&rsquo;entraider sur des plannings et de mutualiser les actions. Ainsi une coh\u00e9rence au niveau des prix a \u00e9t\u00e9 mise en place ainsi qu&rsquo;une communication commune pour un projet soutenu par le <a href=\"https:\/\/tennis-rhonelyonmetropole.com\">Comit\u00e9 du Rh\u00f4ne Lyon M\u00e9tropole de Tennis<\/a> et la <a href=\"https:\/\/ligueauvergnerhonealpestennis.com\">Ligue Auvergne Rh\u00f4ne-Alpes<\/a> .<\/p>\n<p>Des dates ont ainsi \u00e9t\u00e9 d\u00e9finies par les clubs afin de ne pas trop chevaucher les comp\u00e9titions et joueuses et joueurs pourront ainsi disputer les 4 tournois. Ces derniers se d\u00e9rouleront \u00e0 la suite comme habituellement et un syst\u00e8me de points sera instaur\u00e9. Les meilleurs (soit 4 qualifi\u00e9s par cat\u00e9gories f\u00e9minines et masculines) seront invit\u00e9s au Master qui aura lieu chaque ann\u00e9e \u00e0 la fin septembre dans un des 4 clubs de mani\u00e8re cyclique. C&rsquo;est le TC Genas qui en \u00e9tant premier club d&rsquo;accueil inaugurera cet \u00e9v\u00e8nement le 27 septembre prochain.<\/p>\n<p>Cette comp\u00e9tition qui se d\u00e9roulera en simples (dames &amp; messieurs) sera supervis\u00e9e par Anne Nosengo, juge-arbitre. Un Master qui permettra ainsi de remettre au go\u00fbt du jour un tel circuit dans l&rsquo;Est Lyonnais organis\u00e9 pendant des ann\u00e9es et stopp\u00e9 il y a une quinzaine d&rsquo;ann\u00e9es.<\/p>\n<p>&#8212;&#8212;&#8212;&#8212;&#8212;&#8212;&#8212;&#8212;&#8212;&#8212;&#8212;&#8212;&#8212;&#8212;&#8212;&#8212;&#8212;&#8212;&#8212;&#8212;&#8212;&#8212;&#8212;&#8212;&#8212;&#8212;&#8212;&#8212;&#8212;&#8212;&#8212;&#8212;&#8212;&#8212;&#8212;&#8212;&#8212;&#8212;&#8212;&#8212;&#8212;&#8212;&#8212;&#8212;&#8212;&#8211;<\/p>\n<p>Les <span style=\"text-decoration: underline\">dates des \u00e9tapes<\/span> :<\/p>\n<ul>\n<li>1 \/ <strong>TC<\/strong> <strong>GENAS <\/strong>du 25 mai au 20 juin 2020 (<em><strong>date \u00e0 confirmer<\/strong><\/em>).<\/li>\n<li>2 \/ <strong>MEYZIEU TENNIS <\/strong>du 6 juin au 5 juillet 2020.<\/li>\n<li>3 \/ <strong>ASPTT Grand Lyon Tennis<\/strong> du 10 juin au 12 juillet 2020.<\/li>\n<li>4 \/ <strong>TC DECINES<\/strong> du 29 juin au 18 juillet 2020.<\/li>\n<\/ul>\n<p><strong>Masters \u00e0 GENAS<\/strong> le dimanche 27 septembre 2020 (finales 2\u00b0, 3\u00b0 &amp; 4\u00b0 s\u00e9ries).<\/p>\n<p>&#8212;&#8212;&#8212;&#8212;&#8212;&#8212;&#8212;&#8212;&#8212;&#8212;&#8212;&#8212;&#8212;&#8212;&#8212;&#8212;&#8212;&#8212;&#8212;&#8212;&#8212;&#8212;&#8212;&#8212;&#8212;&#8212;&#8212;&#8212;&#8212;&#8212;&#8212;&#8212;&#8212;&#8212;&#8212;&#8212;&#8212;&#8212;&#8212;&#8212;&#8212;&#8212;&#8212;&#8212;&#8212;&#8211;<\/p>\n<p><span style=\"text-decoration: underline\"><em><strong>INFOS PRATIQUES<\/strong><\/em><\/span> :<\/p>\n<ul>\n<li>R\u00e9serv\u00e9 aux joueuses et joueurs des cat\u00e9gories seniors (4\u00b0, 3\u00b0 &amp; 2\u00b0 s\u00e9ries).<\/li>\n<li>Participation obligatoire \u00e0 2 tournois minimum pour figurer dans le classement final.<\/li>\n<li>Inscriptions et paiements en ligne sur : <a href=\"https:\/\/tenup.fft.fr\">TENUP<\/a> .<\/li>\n<\/ul>\n<p>&#8212;&#8212;&#8212;&#8212;&#8212;&#8212;&#8212;&#8212;&#8212;&#8212;&#8212;&#8212;&#8212;&#8212;&#8212;&#8212;&#8212;&#8212;&#8212;&#8212;&#8212;&#8212;&#8212;&#8212;&#8212;&#8212;&#8212;&#8212;&#8212;&#8212;&#8212;&#8212;&#8212;&#8212;&#8212;&#8212;&#8212;&#8212;&#8212;&#8212;&#8212;&#8212;&#8212;&#8212;&#8212;&#8211;<\/p>\n<p><span style=\"text-decoration: underline\"><em><strong>NOTA<\/strong><\/em><\/span> : Vous retrouverez <span style=\"text-decoration: underline\">au quotidien les r\u00e9sultats de chaque tournoi<\/span> sur : <a href=\"https:\/\/newsestlyonnais.fr\">https:\/\/newsestlyonnais.fr<\/a> site d&rsquo;infos 100 % gratuites et partenaire de ce master.<\/p>\n<p>&#8212;&#8212;&#8212;&#8212;&#8212;&#8212;&#8212;&#8212;&#8212;&#8212;&#8212;&#8212;&#8212;&#8212;&#8212;&#8212;&#8212;&#8212;&#8212;&#8212;&#8212;&#8212;&#8212;&#8212;&#8212;&#8212;&#8212;&#8212;&#8212;&#8212;&#8212;&#8212;&#8212;&#8212;&#8212;&#8212;&#8212;&#8212;&#8212;&#8212;&#8212;&#8212;&#8212;&#8212;&#8212;&#8211;<\/p>\n<div id='gallery-1' class='gallery galleryid-98018 gallery-columns-2 gallery-size-thumbnail'><figure class='gallery-item'>\n\t\t\t<div class='gallery-icon portrait'>\n\t\t\t\t<a href='https:\/\/newsestlyonnais.fr\/site\/2020\/03\/29\/est-lyonnais-le-master-tour-de-tennis-de-lest-lyonnais-est-ne\/newsestlyonnais-etape-1-genas\/'><img loading=\"lazy\" decoding=\"async\" width=\"100\" height=\"150\" src=\"https:\/\/newsestlyonnais.fr\/site\/wp-content\/uploads\/2020\/03\/NEWSESTLYONNAIS-ETAPE-1-GENAS-250x375.jpg\" class=\"attachment-thumbnail size-thumbnail\" alt=\"\" aria-describedby=\"gallery-1-98023\" srcset=\"https:\/\/newsestlyonnais.fr\/site\/wp-content\/uploads\/2020\/03\/NEWSESTLYONNAIS-ETAPE-1-GENAS-250x375.jpg 250w, https:\/\/newsestlyonnais.fr\/site\/wp-content\/uploads\/2020\/03\/NEWSESTLYONNAIS-ETAPE-1-GENAS-400x600.jpg 400w, https:\/\/newsestlyonnais.fr\/site\/wp-content\/uploads\/2020\/03\/NEWSESTLYONNAIS-ETAPE-1-GENAS-650x975.jpg 650w, https:\/\/newsestlyonnais.fr\/site\/wp-content\/uploads\/2020\/03\/NEWSESTLYONNAIS-ETAPE-1-GENAS-768x1152.jpg 768w, https:\/\/newsestlyonnais.fr\/site\/wp-content\/uploads\/2020\/03\/NEWSESTLYONNAIS-ETAPE-1-GENAS-150x225.jpg 150w, https:\/\/newsestlyonnais.fr\/site\/wp-content\/uploads\/2020\/03\/NEWSESTLYONNAIS-ETAPE-1-GENAS-50x75.jpg 50w, https:\/\/newsestlyonnais.fr\/site\/wp-content\/uploads\/2020\/03\/NEWSESTLYONNAIS-ETAPE-1-GENAS-100x150.jpg 100w, https:\/\/newsestlyonnais.fr\/site\/wp-content\/uploads\/2020\/03\/NEWSESTLYONNAIS-ETAPE-1-GENAS-200x300.jpg 200w, https:\/\/newsestlyonnais.fr\/site\/wp-content\/uploads\/2020\/03\/NEWSESTLYONNAIS-ETAPE-1-GENAS-300x450.jpg 300w, https:\/\/newsestlyonnais.fr\/site\/wp-content\/uploads\/2020\/03\/NEWSESTLYONNAIS-ETAPE-1-GENAS-350x525.jpg 350w, https:\/\/newsestlyonnais.fr\/site\/wp-content\/uploads\/2020\/03\/NEWSESTLYONNAIS-ETAPE-1-GENAS-450x675.jpg 450w, https:\/\/newsestlyonnais.fr\/site\/wp-content\/uploads\/2020\/03\/NEWSESTLYONNAIS-ETAPE-1-GENAS-500x750.jpg 500w, https:\/\/newsestlyonnais.fr\/site\/wp-content\/uploads\/2020\/03\/NEWSESTLYONNAIS-ETAPE-1-GENAS-550x825.jpg 550w, https:\/\/newsestlyonnais.fr\/site\/wp-content\/uploads\/2020\/03\/NEWSESTLYONNAIS-ETAPE-1-GENAS.jpg 800w\" sizes=\"auto, (max-width: 100px) 100vw, 100px\" \/><\/a>\n\t\t\t<\/div>\n\t\t\t\t<figcaption class='wp-caption-text gallery-caption' id='gallery-1-98023'>\n\t\t\t\t   Etape 1 \u00e0 Genas\n\t\t\t\t<\/figcaption><\/figure><figure class='gallery-item'>\n\t\t\t<div class='gallery-icon portrait'>\n\t\t\t\t<a href='https:\/\/newsestlyonnais.fr\/site\/2020\/03\/29\/est-lyonnais-le-master-tour-de-tennis-de-lest-lyonnais-est-ne\/newsestlyonnais-aff-meyzieu-master-2\/'><img loading=\"lazy\" decoding=\"async\" width=\"100\" height=\"150\" src=\"https:\/\/newsestlyonnais.fr\/site\/wp-content\/uploads\/2020\/03\/NEWSESTLYONNAIS-AFF-MEYZIEU-MASTER-1-1-250x375.jpg\" class=\"attachment-thumbnail size-thumbnail\" alt=\"\" aria-describedby=\"gallery-1-98163\" srcset=\"https:\/\/newsestlyonnais.fr\/site\/wp-content\/uploads\/2020\/03\/NEWSESTLYONNAIS-AFF-MEYZIEU-MASTER-1-1-250x375.jpg 250w, https:\/\/newsestlyonnais.fr\/site\/wp-content\/uploads\/2020\/03\/NEWSESTLYONNAIS-AFF-MEYZIEU-MASTER-1-1-400x600.jpg 400w, https:\/\/newsestlyonnais.fr\/site\/wp-content\/uploads\/2020\/03\/NEWSESTLYONNAIS-AFF-MEYZIEU-MASTER-1-1-650x975.jpg 650w, https:\/\/newsestlyonnais.fr\/site\/wp-content\/uploads\/2020\/03\/NEWSESTLYONNAIS-AFF-MEYZIEU-MASTER-1-1-768x1152.jpg 768w, https:\/\/newsestlyonnais.fr\/site\/wp-content\/uploads\/2020\/03\/NEWSESTLYONNAIS-AFF-MEYZIEU-MASTER-1-1-150x225.jpg 150w, https:\/\/newsestlyonnais.fr\/site\/wp-content\/uploads\/2020\/03\/NEWSESTLYONNAIS-AFF-MEYZIEU-MASTER-1-1-50x75.jpg 50w, https:\/\/newsestlyonnais.fr\/site\/wp-content\/uploads\/2020\/03\/NEWSESTLYONNAIS-AFF-MEYZIEU-MASTER-1-1-100x150.jpg 100w, https:\/\/newsestlyonnais.fr\/site\/wp-content\/uploads\/2020\/03\/NEWSESTLYONNAIS-AFF-MEYZIEU-MASTER-1-1-200x300.jpg 200w, https:\/\/newsestlyonnais.fr\/site\/wp-content\/uploads\/2020\/03\/NEWSESTLYONNAIS-AFF-MEYZIEU-MASTER-1-1-300x450.jpg 300w, https:\/\/newsestlyonnais.fr\/site\/wp-content\/uploads\/2020\/03\/NEWSESTLYONNAIS-AFF-MEYZIEU-MASTER-1-1-350x525.jpg 350w, https:\/\/newsestlyonnais.fr\/site\/wp-content\/uploads\/2020\/03\/NEWSESTLYONNAIS-AFF-MEYZIEU-MASTER-1-1-450x675.jpg 450w, https:\/\/newsestlyonnais.fr\/site\/wp-content\/uploads\/2020\/03\/NEWSESTLYONNAIS-AFF-MEYZIEU-MASTER-1-1-500x750.jpg 500w, https:\/\/newsestlyonnais.fr\/site\/wp-content\/uploads\/2020\/03\/NEWSESTLYONNAIS-AFF-MEYZIEU-MASTER-1-1-550x825.jpg 550w, https:\/\/newsestlyonnais.fr\/site\/wp-content\/uploads\/2020\/03\/NEWSESTLYONNAIS-AFF-MEYZIEU-MASTER-1-1.jpg 800w\" sizes=\"auto, (max-width: 100px) 100vw, 100px\" \/><\/a>\n\t\t\t<\/div>\n\t\t\t\t<figcaption class='wp-caption-text gallery-caption' id='gallery-1-98163'>\n\t\t\t\tEtape 2 \u00e0 Meyzieu\n\t\t\t\t<\/figcaption><\/figure><figure class='gallery-item'>\n\t\t\t<div class='gallery-icon portrait'>\n\t\t\t\t<a href='https:\/\/newsestlyonnais.fr\/site\/2020\/03\/29\/est-lyonnais-le-master-tour-de-tennis-de-lest-lyonnais-est-ne\/mercedi-19-affiche-decines-master-est-ly\/'><img loading=\"lazy\" decoding=\"async\" width=\"107\" height=\"150\" src=\"https:\/\/newsestlyonnais.fr\/site\/wp-content\/uploads\/2020\/03\/mercedi-19-AFFICHE-DECINES-MASTER-EST-LY-250x352.jpg\" class=\"attachment-thumbnail size-thumbnail\" alt=\"\" aria-describedby=\"gallery-1-98030\" srcset=\"https:\/\/newsestlyonnais.fr\/site\/wp-content\/uploads\/2020\/03\/mercedi-19-AFFICHE-DECINES-MASTER-EST-LY-250x352.jpg 250w, https:\/\/newsestlyonnais.fr\/site\/wp-content\/uploads\/2020\/03\/mercedi-19-AFFICHE-DECINES-MASTER-EST-LY-400x564.jpg 400w, https:\/\/newsestlyonnais.fr\/site\/wp-content\/uploads\/2020\/03\/mercedi-19-AFFICHE-DECINES-MASTER-EST-LY-150x211.jpg 150w, https:\/\/newsestlyonnais.fr\/site\/wp-content\/uploads\/2020\/03\/mercedi-19-AFFICHE-DECINES-MASTER-EST-LY-50x70.jpg 50w, https:\/\/newsestlyonnais.fr\/site\/wp-content\/uploads\/2020\/03\/mercedi-19-AFFICHE-DECINES-MASTER-EST-LY-100x141.jpg 100w, https:\/\/newsestlyonnais.fr\/site\/wp-content\/uploads\/2020\/03\/mercedi-19-AFFICHE-DECINES-MASTER-EST-LY-200x282.jpg 200w, https:\/\/newsestlyonnais.fr\/site\/wp-content\/uploads\/2020\/03\/mercedi-19-AFFICHE-DECINES-MASTER-EST-LY-300x423.jpg 300w, https:\/\/newsestlyonnais.fr\/site\/wp-content\/uploads\/2020\/03\/mercedi-19-AFFICHE-DECINES-MASTER-EST-LY-350x493.jpg 350w, https:\/\/newsestlyonnais.fr\/site\/wp-content\/uploads\/2020\/03\/mercedi-19-AFFICHE-DECINES-MASTER-EST-LY.jpg 408w\" sizes=\"auto, (max-width: 107px) 100vw, 107px\" \/><\/a>\n\t\t\t<\/div>\n\t\t\t\t<figcaption class='wp-caption-text gallery-caption' id='gallery-1-98030'>\n\t\t\t\t    Etape 4 \u00e0 D\u00e9cines \n\t\t\t\t<\/figcaption><\/figure>\n\t\t<\/div>\n\n","protected":false},"excerpt":{"rendered":"<p>Les clubs de tennis de Genas, Meyzieu, D\u00e9cines et l&rsquo;ASPTT Grand-Lyon se sont regroup\u00e9s pour mettre en place un circuit de mai \u00e0 septembre.  <\/p>\n","protected":false},"author":4,"featured_media":98019,"comment_status":"open","ping_status":"open","sticky":false,"template":"","format":"standard","meta":{"footnotes":""},"categories":[270,21,1598,24,1296,2,2992,2991],"tags":[3235,2548,2726,2049,2819],"class_list":["post-98018","post","type-post","status-publish","format-standard","has-post-thumbnail","hentry","category-cte-de-communes-c-c-e-l","category-decines-charpieu","category-genas","category-meyzieu","category-sain-priest","category-sports","category-tennis-padel","category-tennis-tennis-table-sports","tag-asptt-grand-lyon","tag-meyzieu-tennis","tag-tc-genas","tag-tennis","tag-tennis-club-decines"],"yoast_head":"<!-- This site is optimized with the Yoast SEO plugin v27.2 - https:\/\/yoast.com\/product\/yoast-seo-wordpress\/ -->\n<title>EST-LYONNAIS | Master Tour tennis Est Lyonnais est n\u00e9 ! - News Est Lyonnais<\/title>\n<meta name=\"description\" content=\"EST-LYONNAIS | Le Master Tour de tennis de l&#039;Est Lyonnais est n\u00e9 !\" \/>\n<meta name=\"robots\" content=\"index, follow, max-snippet:-1, max-image-preview:large, max-video-preview:-1\" \/>\n<link rel=\"canonical\" href=\"https:\/\/newsestlyonnais.fr\/site\/2020\/03\/29\/est-lyonnais-le-master-tour-de-tennis-de-lest-lyonnais-est-ne\/\" \/>\n<meta property=\"og:locale\" content=\"fr_FR\" \/>\n<meta property=\"og:type\" content=\"article\" \/>\n<meta property=\"og:title\" content=\"EST-LYONNAIS | Master Tour tennis Est Lyonnais est n\u00e9 ! - News Est Lyonnais\" \/>\n<meta property=\"og:description\" content=\"EST-LYONNAIS | Le Master Tour de tennis de l&#039;Est Lyonnais est n\u00e9 !\" \/>\n<meta property=\"og:url\" content=\"https:\/\/newsestlyonnais.fr\/site\/2020\/03\/29\/est-lyonnais-le-master-tour-de-tennis-de-lest-lyonnais-est-ne\/\" \/>\n<meta property=\"og:site_name\" content=\"News Est Lyonnais\" \/>\n<meta property=\"article:author\" content=\"https:\/\/www.facebook.com\/pascal.oberson.1?fref=ts\" \/>\n<meta property=\"article:published_time\" content=\"2020-03-29T06:46:06+00:00\" \/>\n<meta property=\"article:modified_time\" content=\"2020-11-11T10:23:19+00:00\" \/>\n<meta property=\"og:image\" content=\"https:\/\/i1.wp.com\/newsestlyonnais.fr\/site\/wp-content\/uploads\/2020\/03\/NEWSESTLYONNAIS-MASTER-TOUR-2020.jpg?fit=595%2C842&ssl=1\" \/>\n\t<meta property=\"og:image:width\" content=\"595\" \/>\n\t<meta property=\"og:image:height\" content=\"842\" \/>\n\t<meta property=\"og:image:type\" content=\"image\/jpeg\" \/>\n<meta name=\"author\" content=\"R\u00e9dac. NEWS\" \/>\n<meta name=\"twitter:card\" content=\"summary_large_image\" \/>\n<meta name=\"twitter:label1\" content=\"\u00c9crit par\" \/>\n\t<meta name=\"twitter:data1\" content=\"R\u00e9dac. NEWS\" \/>\n\t<meta name=\"twitter:label2\" content=\"Dur\u00e9e de lecture estim\u00e9e\" \/>\n\t<meta name=\"twitter:data2\" content=\"2 minutes\" \/>\n<script type=\"application\/ld+json\" class=\"yoast-schema-graph\">{\"@context\":\"https:\/\/schema.org\",\"@graph\":[{\"@type\":\"Article\",\"@id\":\"https:\/\/newsestlyonnais.fr\/site\/2020\/03\/29\/est-lyonnais-le-master-tour-de-tennis-de-lest-lyonnais-est-ne\/#article\",\"isPartOf\":{\"@id\":\"https:\/\/newsestlyonnais.fr\/site\/2020\/03\/29\/est-lyonnais-le-master-tour-de-tennis-de-lest-lyonnais-est-ne\/\"},\"author\":{\"name\":\"R\u00e9dac. NEWS\",\"@id\":\"https:\/\/newsestlyonnais.fr\/site\/#\/schema\/person\/3230d5615f390bb808365d673001e887\"},\"headline\":\"EST-LYONNAIS | Master Tour tennis Est Lyonnais est n\u00e9 !\",\"datePublished\":\"2020-03-29T06:46:06+00:00\",\"dateModified\":\"2020-11-11T10:23:19+00:00\",\"mainEntityOfPage\":{\"@id\":\"https:\/\/newsestlyonnais.fr\/site\/2020\/03\/29\/est-lyonnais-le-master-tour-de-tennis-de-lest-lyonnais-est-ne\/\"},\"wordCount\":405,\"commentCount\":0,\"publisher\":{\"@id\":\"https:\/\/newsestlyonnais.fr\/site\/#organization\"},\"image\":{\"@id\":\"https:\/\/newsestlyonnais.fr\/site\/2020\/03\/29\/est-lyonnais-le-master-tour-de-tennis-de-lest-lyonnais-est-ne\/#primaryimage\"},\"thumbnailUrl\":\"https:\/\/newsestlyonnais.fr\/site\/wp-content\/uploads\/2020\/03\/NEWSESTLYONNAIS-MASTER-TOUR-2020.jpg\",\"keywords\":[\"ASPTT GRAND LYON\",\"MEYZIEU TENNIS\",\"TC GENAS\",\"TENNIS\",\"TENNIS CLUB DECINES\"],\"articleSection\":[\"CCEL | Communes\",\"D\u00e9cines-Charpieu\",\"Genas\",\"Meyzieu\",\"Saint-Priest\",\"Sports\",\"Tennis | Padel\",\"Tennis | Tennis de table\"],\"inLanguage\":\"fr-FR\",\"potentialAction\":[{\"@type\":\"CommentAction\",\"name\":\"Comment\",\"target\":[\"https:\/\/newsestlyonnais.fr\/site\/2020\/03\/29\/est-lyonnais-le-master-tour-de-tennis-de-lest-lyonnais-est-ne\/#respond\"]}]},{\"@type\":\"WebPage\",\"@id\":\"https:\/\/newsestlyonnais.fr\/site\/2020\/03\/29\/est-lyonnais-le-master-tour-de-tennis-de-lest-lyonnais-est-ne\/\",\"url\":\"https:\/\/newsestlyonnais.fr\/site\/2020\/03\/29\/est-lyonnais-le-master-tour-de-tennis-de-lest-lyonnais-est-ne\/\",\"name\":\"EST-LYONNAIS | Master Tour tennis Est Lyonnais est n\u00e9 ! - News Est Lyonnais\",\"isPartOf\":{\"@id\":\"https:\/\/newsestlyonnais.fr\/site\/#website\"},\"primaryImageOfPage\":{\"@id\":\"https:\/\/newsestlyonnais.fr\/site\/2020\/03\/29\/est-lyonnais-le-master-tour-de-tennis-de-lest-lyonnais-est-ne\/#primaryimage\"},\"image\":{\"@id\":\"https:\/\/newsestlyonnais.fr\/site\/2020\/03\/29\/est-lyonnais-le-master-tour-de-tennis-de-lest-lyonnais-est-ne\/#primaryimage\"},\"thumbnailUrl\":\"https:\/\/newsestlyonnais.fr\/site\/wp-content\/uploads\/2020\/03\/NEWSESTLYONNAIS-MASTER-TOUR-2020.jpg\",\"datePublished\":\"2020-03-29T06:46:06+00:00\",\"dateModified\":\"2020-11-11T10:23:19+00:00\",\"description\":\"EST-LYONNAIS | Le Master Tour de tennis de l'Est Lyonnais est n\u00e9 !\",\"breadcrumb\":{\"@id\":\"https:\/\/newsestlyonnais.fr\/site\/2020\/03\/29\/est-lyonnais-le-master-tour-de-tennis-de-lest-lyonnais-est-ne\/#breadcrumb\"},\"inLanguage\":\"fr-FR\",\"potentialAction\":[{\"@type\":\"ReadAction\",\"target\":[\"https:\/\/newsestlyonnais.fr\/site\/2020\/03\/29\/est-lyonnais-le-master-tour-de-tennis-de-lest-lyonnais-est-ne\/\"]}]},{\"@type\":\"ImageObject\",\"inLanguage\":\"fr-FR\",\"@id\":\"https:\/\/newsestlyonnais.fr\/site\/2020\/03\/29\/est-lyonnais-le-master-tour-de-tennis-de-lest-lyonnais-est-ne\/#primaryimage\",\"url\":\"https:\/\/newsestlyonnais.fr\/site\/wp-content\/uploads\/2020\/03\/NEWSESTLYONNAIS-MASTER-TOUR-2020.jpg\",\"contentUrl\":\"https:\/\/newsestlyonnais.fr\/site\/wp-content\/uploads\/2020\/03\/NEWSESTLYONNAIS-MASTER-TOUR-2020.jpg\",\"width\":595,\"height\":842},{\"@type\":\"BreadcrumbList\",\"@id\":\"https:\/\/newsestlyonnais.fr\/site\/2020\/03\/29\/est-lyonnais-le-master-tour-de-tennis-de-lest-lyonnais-est-ne\/#breadcrumb\",\"itemListElement\":[{\"@type\":\"ListItem\",\"position\":1,\"name\":\"Accueil\",\"item\":\"https:\/\/newsestlyonnais.fr\/site\/\"},{\"@type\":\"ListItem\",\"position\":2,\"name\":\"EST-LYONNAIS | Master Tour tennis Est Lyonnais est n\u00e9 !\"}]},{\"@type\":\"WebSite\",\"@id\":\"https:\/\/newsestlyonnais.fr\/site\/#website\",\"url\":\"https:\/\/newsestlyonnais.fr\/site\/\",\"name\":\"News Est Lyonnais\",\"description\":\"L&#039;actualit\u00e9 au plus pr\u00e8s\",\"publisher\":{\"@id\":\"https:\/\/newsestlyonnais.fr\/site\/#organization\"},\"potentialAction\":[{\"@type\":\"SearchAction\",\"target\":{\"@type\":\"EntryPoint\",\"urlTemplate\":\"https:\/\/newsestlyonnais.fr\/site\/?s={search_term_string}\"},\"query-input\":{\"@type\":\"PropertyValueSpecification\",\"valueRequired\":true,\"valueName\":\"search_term_string\"}}],\"inLanguage\":\"fr-FR\"},{\"@type\":\"Organization\",\"@id\":\"https:\/\/newsestlyonnais.fr\/site\/#organization\",\"name\":\"News EST LYONNAIS\",\"url\":\"https:\/\/newsestlyonnais.fr\/site\/\",\"logo\":{\"@type\":\"ImageObject\",\"inLanguage\":\"fr-FR\",\"@id\":\"https:\/\/newsestlyonnais.fr\/site\/#\/schema\/logo\/image\/\",\"url\":\"\",\"contentUrl\":\"\",\"caption\":\"News EST LYONNAIS\"},\"image\":{\"@id\":\"https:\/\/newsestlyonnais.fr\/site\/#\/schema\/logo\/image\/\"}},{\"@type\":\"Person\",\"@id\":\"https:\/\/newsestlyonnais.fr\/site\/#\/schema\/person\/3230d5615f390bb808365d673001e887\",\"name\":\"R\u00e9dac. NEWS\",\"sameAs\":[\"http:\/\/www.newsestlyonnais.fr\",\"https:\/\/www.facebook.com\/pascal.oberson.1?fref=ts\",\"https:\/\/fr.linkedin.com\/in\/pascal-oberson-b17045113\"],\"url\":\"https:\/\/newsestlyonnais.fr\/site\/author\/nel\/\"}]}<\/script>\n<!-- \/ Yoast SEO plugin. -->","yoast_head_json":{"title":"EST-LYONNAIS | Master Tour tennis Est Lyonnais est n\u00e9 ! - News Est Lyonnais","description":"EST-LYONNAIS | Le Master Tour de tennis de l'Est Lyonnais est n\u00e9 !","robots":{"index":"index","follow":"follow","max-snippet":"max-snippet:-1","max-image-preview":"max-image-preview:large","max-video-preview":"max-video-preview:-1"},"canonical":"https:\/\/newsestlyonnais.fr\/site\/2020\/03\/29\/est-lyonnais-le-master-tour-de-tennis-de-lest-lyonnais-est-ne\/","og_locale":"fr_FR","og_type":"article","og_title":"EST-LYONNAIS | Master Tour tennis Est Lyonnais est n\u00e9 ! - News Est Lyonnais","og_description":"EST-LYONNAIS | Le Master Tour de tennis de l'Est Lyonnais est n\u00e9 !","og_url":"https:\/\/newsestlyonnais.fr\/site\/2020\/03\/29\/est-lyonnais-le-master-tour-de-tennis-de-lest-lyonnais-est-ne\/","og_site_name":"News Est Lyonnais","article_author":"https:\/\/www.facebook.com\/pascal.oberson.1?fref=ts","article_published_time":"2020-03-29T06:46:06+00:00","article_modified_time":"2020-11-11T10:23:19+00:00","og_image":[{"width":595,"height":842,"url":"https:\/\/i1.wp.com\/newsestlyonnais.fr\/site\/wp-content\/uploads\/2020\/03\/NEWSESTLYONNAIS-MASTER-TOUR-2020.jpg?fit=595%2C842&ssl=1","type":"image\/jpeg"}],"author":"R\u00e9dac. NEWS","twitter_card":"summary_large_image","twitter_misc":{"\u00c9crit par":"R\u00e9dac. NEWS","Dur\u00e9e de lecture estim\u00e9e":"2 minutes"},"schema":{"@context":"https:\/\/schema.org","@graph":[{"@type":"Article","@id":"https:\/\/newsestlyonnais.fr\/site\/2020\/03\/29\/est-lyonnais-le-master-tour-de-tennis-de-lest-lyonnais-est-ne\/#article","isPartOf":{"@id":"https:\/\/newsestlyonnais.fr\/site\/2020\/03\/29\/est-lyonnais-le-master-tour-de-tennis-de-lest-lyonnais-est-ne\/"},"author":{"name":"R\u00e9dac. NEWS","@id":"https:\/\/newsestlyonnais.fr\/site\/#\/schema\/person\/3230d5615f390bb808365d673001e887"},"headline":"EST-LYONNAIS | Master Tour tennis Est Lyonnais est n\u00e9 !","datePublished":"2020-03-29T06:46:06+00:00","dateModified":"2020-11-11T10:23:19+00:00","mainEntityOfPage":{"@id":"https:\/\/newsestlyonnais.fr\/site\/2020\/03\/29\/est-lyonnais-le-master-tour-de-tennis-de-lest-lyonnais-est-ne\/"},"wordCount":405,"commentCount":0,"publisher":{"@id":"https:\/\/newsestlyonnais.fr\/site\/#organization"},"image":{"@id":"https:\/\/newsestlyonnais.fr\/site\/2020\/03\/29\/est-lyonnais-le-master-tour-de-tennis-de-lest-lyonnais-est-ne\/#primaryimage"},"thumbnailUrl":"https:\/\/newsestlyonnais.fr\/site\/wp-content\/uploads\/2020\/03\/NEWSESTLYONNAIS-MASTER-TOUR-2020.jpg","keywords":["ASPTT GRAND LYON","MEYZIEU TENNIS","TC GENAS","TENNIS","TENNIS CLUB DECINES"],"articleSection":["CCEL | Communes","D\u00e9cines-Charpieu","Genas","Meyzieu","Saint-Priest","Sports","Tennis | Padel","Tennis | Tennis de table"],"inLanguage":"fr-FR","potentialAction":[{"@type":"CommentAction","name":"Comment","target":["https:\/\/newsestlyonnais.fr\/site\/2020\/03\/29\/est-lyonnais-le-master-tour-de-tennis-de-lest-lyonnais-est-ne\/#respond"]}]},{"@type":"WebPage","@id":"https:\/\/newsestlyonnais.fr\/site\/2020\/03\/29\/est-lyonnais-le-master-tour-de-tennis-de-lest-lyonnais-est-ne\/","url":"https:\/\/newsestlyonnais.fr\/site\/2020\/03\/29\/est-lyonnais-le-master-tour-de-tennis-de-lest-lyonnais-est-ne\/","name":"EST-LYONNAIS | Master Tour tennis Est Lyonnais est n\u00e9 ! - News Est Lyonnais","isPartOf":{"@id":"https:\/\/newsestlyonnais.fr\/site\/#website"},"primaryImageOfPage":{"@id":"https:\/\/newsestlyonnais.fr\/site\/2020\/03\/29\/est-lyonnais-le-master-tour-de-tennis-de-lest-lyonnais-est-ne\/#primaryimage"},"image":{"@id":"https:\/\/newsestlyonnais.fr\/site\/2020\/03\/29\/est-lyonnais-le-master-tour-de-tennis-de-lest-lyonnais-est-ne\/#primaryimage"},"thumbnailUrl":"https:\/\/newsestlyonnais.fr\/site\/wp-content\/uploads\/2020\/03\/NEWSESTLYONNAIS-MASTER-TOUR-2020.jpg","datePublished":"2020-03-29T06:46:06+00:00","dateModified":"2020-11-11T10:23:19+00:00","description":"EST-LYONNAIS | Le Master Tour de tennis de l'Est Lyonnais est n\u00e9 !","breadcrumb":{"@id":"https:\/\/newsestlyonnais.fr\/site\/2020\/03\/29\/est-lyonnais-le-master-tour-de-tennis-de-lest-lyonnais-est-ne\/#breadcrumb"},"inLanguage":"fr-FR","potentialAction":[{"@type":"ReadAction","target":["https:\/\/newsestlyonnais.fr\/site\/2020\/03\/29\/est-lyonnais-le-master-tour-de-tennis-de-lest-lyonnais-est-ne\/"]}]},{"@type":"ImageObject","inLanguage":"fr-FR","@id":"https:\/\/newsestlyonnais.fr\/site\/2020\/03\/29\/est-lyonnais-le-master-tour-de-tennis-de-lest-lyonnais-est-ne\/#primaryimage","url":"https:\/\/newsestlyonnais.fr\/site\/wp-content\/uploads\/2020\/03\/NEWSESTLYONNAIS-MASTER-TOUR-2020.jpg","contentUrl":"https:\/\/newsestlyonnais.fr\/site\/wp-content\/uploads\/2020\/03\/NEWSESTLYONNAIS-MASTER-TOUR-2020.jpg","width":595,"height":842},{"@type":"BreadcrumbList","@id":"https:\/\/newsestlyonnais.fr\/site\/2020\/03\/29\/est-lyonnais-le-master-tour-de-tennis-de-lest-lyonnais-est-ne\/#breadcrumb","itemListElement":[{"@type":"ListItem","position":1,"name":"Accueil","item":"https:\/\/newsestlyonnais.fr\/site\/"},{"@type":"ListItem","position":2,"name":"EST-LYONNAIS | Master Tour tennis Est Lyonnais est n\u00e9 !"}]},{"@type":"WebSite","@id":"https:\/\/newsestlyonnais.fr\/site\/#website","url":"https:\/\/newsestlyonnais.fr\/site\/","name":"News Est Lyonnais","description":"L&#039;actualit\u00e9 au plus pr\u00e8s","publisher":{"@id":"https:\/\/newsestlyonnais.fr\/site\/#organization"},"potentialAction":[{"@type":"SearchAction","target":{"@type":"EntryPoint","urlTemplate":"https:\/\/newsestlyonnais.fr\/site\/?s={search_term_string}"},"query-input":{"@type":"PropertyValueSpecification","valueRequired":true,"valueName":"search_term_string"}}],"inLanguage":"fr-FR"},{"@type":"Organization","@id":"https:\/\/newsestlyonnais.fr\/site\/#organization","name":"News EST LYONNAIS","url":"https:\/\/newsestlyonnais.fr\/site\/","logo":{"@type":"ImageObject","inLanguage":"fr-FR","@id":"https:\/\/newsestlyonnais.fr\/site\/#\/schema\/logo\/image\/","url":"","contentUrl":"","caption":"News EST LYONNAIS"},"image":{"@id":"https:\/\/newsestlyonnais.fr\/site\/#\/schema\/logo\/image\/"}},{"@type":"Person","@id":"https:\/\/newsestlyonnais.fr\/site\/#\/schema\/person\/3230d5615f390bb808365d673001e887","name":"R\u00e9dac. NEWS","sameAs":["http:\/\/www.newsestlyonnais.fr","https:\/\/www.facebook.com\/pascal.oberson.1?fref=ts","https:\/\/fr.linkedin.com\/in\/pascal-oberson-b17045113"],"url":"https:\/\/newsestlyonnais.fr\/site\/author\/nel\/"}]}},"_links":{"self":[{"href":"https:\/\/newsestlyonnais.fr\/site\/wp-json\/wp\/v2\/posts\/98018","targetHints":{"allow":["GET"]}}],"collection":[{"href":"https:\/\/newsestlyonnais.fr\/site\/wp-json\/wp\/v2\/posts"}],"about":[{"href":"https:\/\/newsestlyonnais.fr\/site\/wp-json\/wp\/v2\/types\/post"}],"author":[{"embeddable":true,"href":"https:\/\/newsestlyonnais.fr\/site\/wp-json\/wp\/v2\/users\/4"}],"replies":[{"embeddable":true,"href":"https:\/\/newsestlyonnais.fr\/site\/wp-json\/wp\/v2\/comments?post=98018"}],"version-history":[{"count":0,"href":"https:\/\/newsestlyonnais.fr\/site\/wp-json\/wp\/v2\/posts\/98018\/revisions"}],"wp:featuredmedia":[{"embeddable":true,"href":"https:\/\/newsestlyonnais.fr\/site\/wp-json\/wp\/v2\/media\/98019"}],"wp:attachment":[{"href":"https:\/\/newsestlyonnais.fr\/site\/wp-json\/wp\/v2\/media?parent=98018"}],"wp:term":[{"taxonomy":"category","embeddable":true,"href":"https:\/\/newsestlyonnais.fr\/site\/wp-json\/wp\/v2\/categories?post=98018"},{"taxonomy":"post_tag","embeddable":true,"href":"https:\/\/newsestlyonnais.fr\/site\/wp-json\/wp\/v2\/tags?post=98018"}],"curies":[{"name":"wp","href":"https:\/\/api.w.org\/{rel}","templated":true}]}}