{"id":98293,"date":"2020-03-25T15:45:08","date_gmt":"2020-03-25T14:45:08","guid":{"rendered":"http:\/\/newsestlyonnais.fr\/site\/?p=98293"},"modified":"2020-04-10T08:27:13","modified_gmt":"2020-04-10T07:27:13","slug":"transports-tcl-ajuste-son-offre-a-partir-du-30-mars","status":"publish","type":"post","link":"https:\/\/newsestlyonnais.fr\/site\/2020\/03\/25\/transports-tcl-ajuste-son-offre-a-partir-du-30-mars\/","title":{"rendered":"TRANSPORTS | TCL ajuste son offre \u00e0 partir du 30 mars"},"content":{"rendered":"<p>Ceci en garantissant la desserte en transport en commun pour les personnes dont les d\u00e9placements sont indispensables, notamment dans le cadre de l\u2019exercice de leur fonction.<\/p>\n<p><strong>A partir du lundi 30 mars, l\u2019offre du r\u00e9seau est \u00e0 nouveau ajust\u00e9e. Le r\u00e9seau fonctionnera de 5 h (horaire habituel) \u00e0 23 h.<\/strong><\/p>\n<p>________________________________________________________________________________<br \/>\n<span style=\"text-decoration: underline\"><em><strong>Fr\u00e9quences lignes de m\u00e9tro<\/strong><\/em><\/span> :<\/p>\n<ul>\n<li>A : 9 \u00e0 10 min<\/li>\n<li>B : 9 \u00e0 10 min<\/li>\n<li>C : 11 min<\/li>\n<li>D : 6 \u00e0 9 min<\/li>\n<li>F1 : 12 min<\/li>\n<li>F2 : 10 min<\/li>\n<\/ul>\n<p>________________________________________________________________________________<\/p>\n<p><span style=\"text-decoration: underline\"><em><strong>Lignes de tramway<\/strong><\/em><\/span> :<\/p>\n<ul>\n<li>T1 : 12 \u00e0 15 min<\/li>\n<li>T2 : 13 \u00e0 15 min<\/li>\n<li>T3 : 15 \u00e0 20 min<\/li>\n<li>T4 : 12 \u00e0 16 min<\/li>\n<li>T5 : Ne circule pas<\/li>\n<li>T6 : 15 \u00e0 30 min<\/li>\n<\/ul>\n<p>________________________________________________________________________________<\/p>\n<p><span style=\"text-decoration: underline\"><em><strong>Lignes de bus<\/strong><\/em><\/span> :<\/p>\n<ul>\n<li>Ligne <strong>C<\/strong> : fr\u00e9quence moyenne \u00e0 15 \u00e0 20 minutes en journ\u00e9e.<\/li>\n<li><strong>Autres lignes<\/strong> : tout le d\u00e9tail sur : <a href=\"http:\/\/www.tcl.fr\">http:\/\/www.tcl.fr<\/a><\/li>\n<li><strong>15 lignes sont limit\u00e9es \u00e0 21 h<\/strong> : 3, 7, 8, 9, 15, 19, 20, 31, 40, 49, 52, 54, 63, 67 et 68<\/li>\n<li><strong>Lignes ne circulant pas<\/strong> : T5, C4, 4, 16, 22, 25, 26, 27, 29, 34, 39, 48, 50, 50 Ex, 57, 62, 65, 66, 69, 76, 81,<br \/>\n115, S1, S2, S3, S4, S6, S7, S9, S11, S12, S15, Zi 7, R\u00e9sago 2 et R\u00e9sago 3.<\/li>\n<li>Toutes les <strong>lignes scolaires \u00ab Junior Direct \u00bb<\/strong> ne circulent pas durant la p\u00e9riode de fermeture des \u00e9coles, coll\u00e8ges et lyc\u00e9es.<\/li>\n<li>Offre li\u00e9e \u00e0 la vie nocturne de l\u2019agglom\u00e9ration : <strong>suspension de <\/strong><strong>l\u2019extension du m\u00e9tro \u00e0 2 h du matin et des lignes Pleines Lunes.<\/strong><\/li>\n<\/ul>\n<p>________________________________________________________________________________<\/p>\n<p><strong>Le SYTRAL s\u2019est engag\u00e9 au remboursement des abonnements TCL pendant toute la p\u00e9riode de confinement.<\/strong><\/p>\n<ul>\n<li>Les abonn\u00e9s en pr\u00e9l\u00e8vement automatique verront leur pr\u00e9l\u00e8vement suspendu pour le mois d\u2019avril.<\/li>\n<li>Ceux ayant souscrit leur abonnement en agence, sur e-tecely, sur distributeur ou chez un d\u00e9positaire peuvent remplir le formulaire de remboursement sur <a href=\"http:\/\/tcl.fr\">http:\/\/tcl.fr<\/a><\/li>\n<\/ul>\n","protected":false},"excerpt":{"rendered":"<p>Le SYTRAL et Keolis Lyon mettent tout en \u0153uvre afin d\u2019assurer la continuit\u00e9 du service public.<\/p>\n","protected":false},"author":4,"featured_media":15454,"comment_status":"open","ping_status":"open","sticky":false,"template":"","format":"standard","meta":{"footnotes":""},"categories":[13],"tags":[2051,2050],"class_list":["post-98293","post","type-post","status-publish","format-standard","has-post-thumbnail","hentry","category-transports-circulation","tag-tcl","tag-transports"],"yoast_head":"<!-- This site is optimized with the Yoast SEO plugin v27.2 - https:\/\/yoast.com\/product\/yoast-seo-wordpress\/ -->\n<title>TRANSPORTS | TCL ajuste son offre \u00e0 partir du 30 mars - News Est Lyonnais<\/title>\n<meta name=\"description\" content=\"TRANSPORTS | TCL ajuste son offre \u00e0 partir du 30 mars\" \/>\n<meta name=\"robots\" content=\"index, follow, max-snippet:-1, max-image-preview:large, max-video-preview:-1\" \/>\n<link rel=\"canonical\" href=\"https:\/\/newsestlyonnais.fr\/site\/2020\/03\/25\/transports-tcl-ajuste-son-offre-a-partir-du-30-mars\/\" \/>\n<meta property=\"og:locale\" content=\"fr_FR\" \/>\n<meta property=\"og:type\" content=\"article\" \/>\n<meta property=\"og:title\" content=\"TRANSPORTS | TCL ajuste son offre \u00e0 partir du 30 mars - News Est Lyonnais\" \/>\n<meta property=\"og:description\" content=\"TRANSPORTS | TCL ajuste son offre \u00e0 partir du 30 mars\" \/>\n<meta property=\"og:url\" content=\"https:\/\/newsestlyonnais.fr\/site\/2020\/03\/25\/transports-tcl-ajuste-son-offre-a-partir-du-30-mars\/\" \/>\n<meta property=\"og:site_name\" content=\"News Est Lyonnais\" \/>\n<meta property=\"article:author\" content=\"https:\/\/www.facebook.com\/pascal.oberson.1?fref=ts\" \/>\n<meta property=\"article:published_time\" content=\"2020-03-25T14:45:08+00:00\" \/>\n<meta property=\"article:modified_time\" content=\"2020-04-10T07:27:13+00:00\" \/>\n<meta property=\"og:image\" content=\"https:\/\/i2.wp.com\/newsestlyonnais.fr\/site\/wp-content\/uploads\/2016\/11\/NEWSESTLYONNAIS-TCL-GBLANCHE.jpg?fit=1000%2C750&ssl=1\" \/>\n\t<meta property=\"og:image:width\" content=\"1000\" \/>\n\t<meta property=\"og:image:height\" content=\"750\" \/>\n\t<meta property=\"og:image:type\" content=\"image\/jpeg\" \/>\n<meta name=\"author\" content=\"R\u00e9dac. NEWS\" \/>\n<meta name=\"twitter:card\" content=\"summary_large_image\" \/>\n<meta name=\"twitter:label1\" content=\"\u00c9crit par\" \/>\n\t<meta name=\"twitter:data1\" content=\"R\u00e9dac. NEWS\" \/>\n\t<meta name=\"twitter:label2\" content=\"Dur\u00e9e de lecture estim\u00e9e\" \/>\n\t<meta name=\"twitter:data2\" content=\"1 minute\" \/>\n<script type=\"application\/ld+json\" class=\"yoast-schema-graph\">{\"@context\":\"https:\/\/schema.org\",\"@graph\":[{\"@type\":\"Article\",\"@id\":\"https:\/\/newsestlyonnais.fr\/site\/2020\/03\/25\/transports-tcl-ajuste-son-offre-a-partir-du-30-mars\/#article\",\"isPartOf\":{\"@id\":\"https:\/\/newsestlyonnais.fr\/site\/2020\/03\/25\/transports-tcl-ajuste-son-offre-a-partir-du-30-mars\/\"},\"author\":{\"name\":\"R\u00e9dac. NEWS\",\"@id\":\"https:\/\/newsestlyonnais.fr\/site\/#\/schema\/person\/3230d5615f390bb808365d673001e887\"},\"headline\":\"TRANSPORTS | TCL ajuste son offre \u00e0 partir du 30 mars\",\"datePublished\":\"2020-03-25T14:45:08+00:00\",\"dateModified\":\"2020-04-10T07:27:13+00:00\",\"mainEntityOfPage\":{\"@id\":\"https:\/\/newsestlyonnais.fr\/site\/2020\/03\/25\/transports-tcl-ajuste-son-offre-a-partir-du-30-mars\/\"},\"wordCount\":255,\"commentCount\":0,\"publisher\":{\"@id\":\"https:\/\/newsestlyonnais.fr\/site\/#organization\"},\"image\":{\"@id\":\"https:\/\/newsestlyonnais.fr\/site\/2020\/03\/25\/transports-tcl-ajuste-son-offre-a-partir-du-30-mars\/#primaryimage\"},\"thumbnailUrl\":\"https:\/\/newsestlyonnais.fr\/site\/wp-content\/uploads\/2016\/11\/NEWSESTLYONNAIS-TCL-GBLANCHE.jpg\",\"keywords\":[\"TCL\",\"TRANSPORTS\"],\"articleSection\":[\"Transports | Circulation\"],\"inLanguage\":\"fr-FR\",\"potentialAction\":[{\"@type\":\"CommentAction\",\"name\":\"Comment\",\"target\":[\"https:\/\/newsestlyonnais.fr\/site\/2020\/03\/25\/transports-tcl-ajuste-son-offre-a-partir-du-30-mars\/#respond\"]}]},{\"@type\":\"WebPage\",\"@id\":\"https:\/\/newsestlyonnais.fr\/site\/2020\/03\/25\/transports-tcl-ajuste-son-offre-a-partir-du-30-mars\/\",\"url\":\"https:\/\/newsestlyonnais.fr\/site\/2020\/03\/25\/transports-tcl-ajuste-son-offre-a-partir-du-30-mars\/\",\"name\":\"TRANSPORTS | TCL ajuste son offre \u00e0 partir du 30 mars - News Est Lyonnais\",\"isPartOf\":{\"@id\":\"https:\/\/newsestlyonnais.fr\/site\/#website\"},\"primaryImageOfPage\":{\"@id\":\"https:\/\/newsestlyonnais.fr\/site\/2020\/03\/25\/transports-tcl-ajuste-son-offre-a-partir-du-30-mars\/#primaryimage\"},\"image\":{\"@id\":\"https:\/\/newsestlyonnais.fr\/site\/2020\/03\/25\/transports-tcl-ajuste-son-offre-a-partir-du-30-mars\/#primaryimage\"},\"thumbnailUrl\":\"https:\/\/newsestlyonnais.fr\/site\/wp-content\/uploads\/2016\/11\/NEWSESTLYONNAIS-TCL-GBLANCHE.jpg\",\"datePublished\":\"2020-03-25T14:45:08+00:00\",\"dateModified\":\"2020-04-10T07:27:13+00:00\",\"description\":\"TRANSPORTS | TCL ajuste son offre \u00e0 partir du 30 mars\",\"breadcrumb\":{\"@id\":\"https:\/\/newsestlyonnais.fr\/site\/2020\/03\/25\/transports-tcl-ajuste-son-offre-a-partir-du-30-mars\/#breadcrumb\"},\"inLanguage\":\"fr-FR\",\"potentialAction\":[{\"@type\":\"ReadAction\",\"target\":[\"https:\/\/newsestlyonnais.fr\/site\/2020\/03\/25\/transports-tcl-ajuste-son-offre-a-partir-du-30-mars\/\"]}]},{\"@type\":\"ImageObject\",\"inLanguage\":\"fr-FR\",\"@id\":\"https:\/\/newsestlyonnais.fr\/site\/2020\/03\/25\/transports-tcl-ajuste-son-offre-a-partir-du-30-mars\/#primaryimage\",\"url\":\"https:\/\/newsestlyonnais.fr\/site\/wp-content\/uploads\/2016\/11\/NEWSESTLYONNAIS-TCL-GBLANCHE.jpg\",\"contentUrl\":\"https:\/\/newsestlyonnais.fr\/site\/wp-content\/uploads\/2016\/11\/NEWSESTLYONNAIS-TCL-GBLANCHE.jpg\",\"width\":1000,\"height\":750},{\"@type\":\"BreadcrumbList\",\"@id\":\"https:\/\/newsestlyonnais.fr\/site\/2020\/03\/25\/transports-tcl-ajuste-son-offre-a-partir-du-30-mars\/#breadcrumb\",\"itemListElement\":[{\"@type\":\"ListItem\",\"position\":1,\"name\":\"Accueil\",\"item\":\"https:\/\/newsestlyonnais.fr\/site\/\"},{\"@type\":\"ListItem\",\"position\":2,\"name\":\"TRANSPORTS | TCL ajuste son offre \u00e0 partir du 30 mars\"}]},{\"@type\":\"WebSite\",\"@id\":\"https:\/\/newsestlyonnais.fr\/site\/#website\",\"url\":\"https:\/\/newsestlyonnais.fr\/site\/\",\"name\":\"News Est Lyonnais\",\"description\":\"L&#039;actualit\u00e9 au plus pr\u00e8s\",\"publisher\":{\"@id\":\"https:\/\/newsestlyonnais.fr\/site\/#organization\"},\"potentialAction\":[{\"@type\":\"SearchAction\",\"target\":{\"@type\":\"EntryPoint\",\"urlTemplate\":\"https:\/\/newsestlyonnais.fr\/site\/?s={search_term_string}\"},\"query-input\":{\"@type\":\"PropertyValueSpecification\",\"valueRequired\":true,\"valueName\":\"search_term_string\"}}],\"inLanguage\":\"fr-FR\"},{\"@type\":\"Organization\",\"@id\":\"https:\/\/newsestlyonnais.fr\/site\/#organization\",\"name\":\"News EST LYONNAIS\",\"url\":\"https:\/\/newsestlyonnais.fr\/site\/\",\"logo\":{\"@type\":\"ImageObject\",\"inLanguage\":\"fr-FR\",\"@id\":\"https:\/\/newsestlyonnais.fr\/site\/#\/schema\/logo\/image\/\",\"url\":\"\",\"contentUrl\":\"\",\"caption\":\"News EST LYONNAIS\"},\"image\":{\"@id\":\"https:\/\/newsestlyonnais.fr\/site\/#\/schema\/logo\/image\/\"}},{\"@type\":\"Person\",\"@id\":\"https:\/\/newsestlyonnais.fr\/site\/#\/schema\/person\/3230d5615f390bb808365d673001e887\",\"name\":\"R\u00e9dac. NEWS\",\"sameAs\":[\"http:\/\/www.newsestlyonnais.fr\",\"https:\/\/www.facebook.com\/pascal.oberson.1?fref=ts\",\"https:\/\/fr.linkedin.com\/in\/pascal-oberson-b17045113\"],\"url\":\"https:\/\/newsestlyonnais.fr\/site\/author\/nel\/\"}]}<\/script>\n<!-- \/ Yoast SEO plugin. -->","yoast_head_json":{"title":"TRANSPORTS | TCL ajuste son offre \u00e0 partir du 30 mars - News Est Lyonnais","description":"TRANSPORTS | TCL ajuste son offre \u00e0 partir du 30 mars","robots":{"index":"index","follow":"follow","max-snippet":"max-snippet:-1","max-image-preview":"max-image-preview:large","max-video-preview":"max-video-preview:-1"},"canonical":"https:\/\/newsestlyonnais.fr\/site\/2020\/03\/25\/transports-tcl-ajuste-son-offre-a-partir-du-30-mars\/","og_locale":"fr_FR","og_type":"article","og_title":"TRANSPORTS | TCL ajuste son offre \u00e0 partir du 30 mars - News Est Lyonnais","og_description":"TRANSPORTS | TCL ajuste son offre \u00e0 partir du 30 mars","og_url":"https:\/\/newsestlyonnais.fr\/site\/2020\/03\/25\/transports-tcl-ajuste-son-offre-a-partir-du-30-mars\/","og_site_name":"News Est Lyonnais","article_author":"https:\/\/www.facebook.com\/pascal.oberson.1?fref=ts","article_published_time":"2020-03-25T14:45:08+00:00","article_modified_time":"2020-04-10T07:27:13+00:00","og_image":[{"width":1000,"height":750,"url":"https:\/\/i2.wp.com\/newsestlyonnais.fr\/site\/wp-content\/uploads\/2016\/11\/NEWSESTLYONNAIS-TCL-GBLANCHE.jpg?fit=1000%2C750&ssl=1","type":"image\/jpeg"}],"author":"R\u00e9dac. NEWS","twitter_card":"summary_large_image","twitter_misc":{"\u00c9crit par":"R\u00e9dac. NEWS","Dur\u00e9e de lecture estim\u00e9e":"1 minute"},"schema":{"@context":"https:\/\/schema.org","@graph":[{"@type":"Article","@id":"https:\/\/newsestlyonnais.fr\/site\/2020\/03\/25\/transports-tcl-ajuste-son-offre-a-partir-du-30-mars\/#article","isPartOf":{"@id":"https:\/\/newsestlyonnais.fr\/site\/2020\/03\/25\/transports-tcl-ajuste-son-offre-a-partir-du-30-mars\/"},"author":{"name":"R\u00e9dac. NEWS","@id":"https:\/\/newsestlyonnais.fr\/site\/#\/schema\/person\/3230d5615f390bb808365d673001e887"},"headline":"TRANSPORTS | TCL ajuste son offre \u00e0 partir du 30 mars","datePublished":"2020-03-25T14:45:08+00:00","dateModified":"2020-04-10T07:27:13+00:00","mainEntityOfPage":{"@id":"https:\/\/newsestlyonnais.fr\/site\/2020\/03\/25\/transports-tcl-ajuste-son-offre-a-partir-du-30-mars\/"},"wordCount":255,"commentCount":0,"publisher":{"@id":"https:\/\/newsestlyonnais.fr\/site\/#organization"},"image":{"@id":"https:\/\/newsestlyonnais.fr\/site\/2020\/03\/25\/transports-tcl-ajuste-son-offre-a-partir-du-30-mars\/#primaryimage"},"thumbnailUrl":"https:\/\/newsestlyonnais.fr\/site\/wp-content\/uploads\/2016\/11\/NEWSESTLYONNAIS-TCL-GBLANCHE.jpg","keywords":["TCL","TRANSPORTS"],"articleSection":["Transports | Circulation"],"inLanguage":"fr-FR","potentialAction":[{"@type":"CommentAction","name":"Comment","target":["https:\/\/newsestlyonnais.fr\/site\/2020\/03\/25\/transports-tcl-ajuste-son-offre-a-partir-du-30-mars\/#respond"]}]},{"@type":"WebPage","@id":"https:\/\/newsestlyonnais.fr\/site\/2020\/03\/25\/transports-tcl-ajuste-son-offre-a-partir-du-30-mars\/","url":"https:\/\/newsestlyonnais.fr\/site\/2020\/03\/25\/transports-tcl-ajuste-son-offre-a-partir-du-30-mars\/","name":"TRANSPORTS | TCL ajuste son offre \u00e0 partir du 30 mars - News Est Lyonnais","isPartOf":{"@id":"https:\/\/newsestlyonnais.fr\/site\/#website"},"primaryImageOfPage":{"@id":"https:\/\/newsestlyonnais.fr\/site\/2020\/03\/25\/transports-tcl-ajuste-son-offre-a-partir-du-30-mars\/#primaryimage"},"image":{"@id":"https:\/\/newsestlyonnais.fr\/site\/2020\/03\/25\/transports-tcl-ajuste-son-offre-a-partir-du-30-mars\/#primaryimage"},"thumbnailUrl":"https:\/\/newsestlyonnais.fr\/site\/wp-content\/uploads\/2016\/11\/NEWSESTLYONNAIS-TCL-GBLANCHE.jpg","datePublished":"2020-03-25T14:45:08+00:00","dateModified":"2020-04-10T07:27:13+00:00","description":"TRANSPORTS | TCL ajuste son offre \u00e0 partir du 30 mars","breadcrumb":{"@id":"https:\/\/newsestlyonnais.fr\/site\/2020\/03\/25\/transports-tcl-ajuste-son-offre-a-partir-du-30-mars\/#breadcrumb"},"inLanguage":"fr-FR","potentialAction":[{"@type":"ReadAction","target":["https:\/\/newsestlyonnais.fr\/site\/2020\/03\/25\/transports-tcl-ajuste-son-offre-a-partir-du-30-mars\/"]}]},{"@type":"ImageObject","inLanguage":"fr-FR","@id":"https:\/\/newsestlyonnais.fr\/site\/2020\/03\/25\/transports-tcl-ajuste-son-offre-a-partir-du-30-mars\/#primaryimage","url":"https:\/\/newsestlyonnais.fr\/site\/wp-content\/uploads\/2016\/11\/NEWSESTLYONNAIS-TCL-GBLANCHE.jpg","contentUrl":"https:\/\/newsestlyonnais.fr\/site\/wp-content\/uploads\/2016\/11\/NEWSESTLYONNAIS-TCL-GBLANCHE.jpg","width":1000,"height":750},{"@type":"BreadcrumbList","@id":"https:\/\/newsestlyonnais.fr\/site\/2020\/03\/25\/transports-tcl-ajuste-son-offre-a-partir-du-30-mars\/#breadcrumb","itemListElement":[{"@type":"ListItem","position":1,"name":"Accueil","item":"https:\/\/newsestlyonnais.fr\/site\/"},{"@type":"ListItem","position":2,"name":"TRANSPORTS | TCL ajuste son offre \u00e0 partir du 30 mars"}]},{"@type":"WebSite","@id":"https:\/\/newsestlyonnais.fr\/site\/#website","url":"https:\/\/newsestlyonnais.fr\/site\/","name":"News Est Lyonnais","description":"L&#039;actualit\u00e9 au plus pr\u00e8s","publisher":{"@id":"https:\/\/newsestlyonnais.fr\/site\/#organization"},"potentialAction":[{"@type":"SearchAction","target":{"@type":"EntryPoint","urlTemplate":"https:\/\/newsestlyonnais.fr\/site\/?s={search_term_string}"},"query-input":{"@type":"PropertyValueSpecification","valueRequired":true,"valueName":"search_term_string"}}],"inLanguage":"fr-FR"},{"@type":"Organization","@id":"https:\/\/newsestlyonnais.fr\/site\/#organization","name":"News EST LYONNAIS","url":"https:\/\/newsestlyonnais.fr\/site\/","logo":{"@type":"ImageObject","inLanguage":"fr-FR","@id":"https:\/\/newsestlyonnais.fr\/site\/#\/schema\/logo\/image\/","url":"","contentUrl":"","caption":"News EST LYONNAIS"},"image":{"@id":"https:\/\/newsestlyonnais.fr\/site\/#\/schema\/logo\/image\/"}},{"@type":"Person","@id":"https:\/\/newsestlyonnais.fr\/site\/#\/schema\/person\/3230d5615f390bb808365d673001e887","name":"R\u00e9dac. NEWS","sameAs":["http:\/\/www.newsestlyonnais.fr","https:\/\/www.facebook.com\/pascal.oberson.1?fref=ts","https:\/\/fr.linkedin.com\/in\/pascal-oberson-b17045113"],"url":"https:\/\/newsestlyonnais.fr\/site\/author\/nel\/"}]}},"_links":{"self":[{"href":"https:\/\/newsestlyonnais.fr\/site\/wp-json\/wp\/v2\/posts\/98293","targetHints":{"allow":["GET"]}}],"collection":[{"href":"https:\/\/newsestlyonnais.fr\/site\/wp-json\/wp\/v2\/posts"}],"about":[{"href":"https:\/\/newsestlyonnais.fr\/site\/wp-json\/wp\/v2\/types\/post"}],"author":[{"embeddable":true,"href":"https:\/\/newsestlyonnais.fr\/site\/wp-json\/wp\/v2\/users\/4"}],"replies":[{"embeddable":true,"href":"https:\/\/newsestlyonnais.fr\/site\/wp-json\/wp\/v2\/comments?post=98293"}],"version-history":[{"count":0,"href":"https:\/\/newsestlyonnais.fr\/site\/wp-json\/wp\/v2\/posts\/98293\/revisions"}],"wp:featuredmedia":[{"embeddable":true,"href":"https:\/\/newsestlyonnais.fr\/site\/wp-json\/wp\/v2\/media\/15454"}],"wp:attachment":[{"href":"https:\/\/newsestlyonnais.fr\/site\/wp-json\/wp\/v2\/media?parent=98293"}],"wp:term":[{"taxonomy":"category","embeddable":true,"href":"https:\/\/newsestlyonnais.fr\/site\/wp-json\/wp\/v2\/categories?post=98293"},{"taxonomy":"post_tag","embeddable":true,"href":"https:\/\/newsestlyonnais.fr\/site\/wp-json\/wp\/v2\/tags?post=98293"}],"curies":[{"name":"wp","href":"https:\/\/api.w.org\/{rel}","templated":true}]}}