{"id":98306,"date":"2020-03-27T15:30:40","date_gmt":"2020-03-27T14:30:40","guid":{"rendered":"http:\/\/newsestlyonnais.fr\/site\/?p=98306"},"modified":"2020-05-20T10:57:44","modified_gmt":"2020-05-20T09:57:44","slug":"bron-belle-initiative-du-comite-du-secours-populaire-francais","status":"publish","type":"post","link":"https:\/\/newsestlyonnais.fr\/site\/2020\/03\/27\/bron-belle-initiative-du-comite-du-secours-populaire-francais\/","title":{"rendered":"BRON | Belle initiative du Comit\u00e9 du Secours Populaire Fran\u00e7ais"},"content":{"rendered":"<p><span class=\"_5yl5\">Incendie d\u00e9clar\u00e9 au sein de la r\u00e9sidence de logement social des Sapins, g\u00e9r\u00e9 par LMH \u2013 Lyon M\u00e9tropole Habitat. <\/span><strong>12 familles sont actuellement relog\u00e9es<\/strong> ou en cours de relogement, apr\u00e8s avoir pass\u00e9 pour la plupart d\u2019entre-elles une semaine \u00e0 l\u2019h\u00f4tel. <strong>Sur ces 12 familles, 6 familles ont tout perdu et sont dans une situation sociale critique<\/strong>.<\/p>\n<p>Pour cela, le Secours Populaire a mis en place une <strong>collecte participative, via la plate-forme Helloasso,<\/strong> dans le but de recueillir des dons donnant droit \u00e0 d\u00e9duction fiscale, le Secours Populaire \u00e9tant association d\u00e9clar\u00e9e d\u2019utilit\u00e9 publique.<\/p>\n<p>Ces dons permettront de r\u00e9pondre aux besoins alimentaires, vestimentaires, d\u2019hygi\u00e8ne, et aussi de mobilier, etc\u2026 Bien \u00e9videmment, les services sociaux de la Ville, de la M\u00e9tropole et le bailleur LMH sont inform\u00e9s de cette initiative.<\/p>\n<p>A l\u2019issue de cette collecte, le Secours Populaire se rapprochera des services sociaux, afin d\u2019identifier les besoins des m\u00e9nages en difficult\u00e9. Le Secours Populaire fera un retour aux donateurs sur l\u2019utilisation des dons.<\/p>\n<p>________________________________________________________________________________<\/p>\n<p>Voici le lien :<\/p>\n<p><a href=\"https:\/\/www.helloasso.com\/associations\/secours-populaire-francais-bron\/formulaires\/1\/widget?fbclid=IwAR1YadQwC9-rgwVsmHayxHpahFigt2pJjWXk_SxaVVANjZ8GXefeh2J0-YA\" target=\"_blank\" rel=\"nofollow noopener noreferrer\" data-lynx-mode=\"hover\" data-lynx-uri=\"https:\/\/l.facebook.com\/l.php?u=https%3A%2F%2Fwww.helloasso.com%2Fassociations%2Fsecours-populaire-francais-bron%2Fformulaires%2F1%2Fwidget%3Ffbclid%3DIwAR1YadQwC9-rgwVsmHayxHpahFigt2pJjWXk_SxaVVANjZ8GXefeh2J0-YA&amp;h=AT1NyUWnGkjvyodeNA7nw_Zml-Y-01is-Q1gq0kj6pRQr8zkPgdx_hi1hGDaBKWkvgNmm0WOVBG_j5rc5qsvQTZpeaL5jTuADHMKg8kPHKZQ4xwvTx3acWlTmC5kj1xidVpRLhGEgu4CkYb5bDvP\">https:\/\/www.helloasso.com\/associations\/secours-populaire-francais-bron\/formulaires\/1\/widget<\/a><\/p>\n<p>________________________________________________________________________________<\/p>\n","protected":false},"excerpt":{"rendered":"<p>A la suite de l\u2019incendie survenu au 14 avenue Pierre Brossolette mercredi 18 mars en fin de matin\u00e9e.<\/p>\n","protected":false},"author":4,"featured_media":98308,"comment_status":"open","ping_status":"open","sticky":false,"template":"","format":"standard","meta":{"footnotes":""},"categories":[3344,2217,19,18,1753],"tags":[],"class_list":["post-98306","post","type-post","status-publish","format-standard","has-post-thumbnail","hentry","category-accidents-incendies","category-breves-de-lest-lyonnais","category-bron","category-sante-bien-etre-solidarite","category-secours-securite"],"yoast_head":"<!-- This site is optimized with the Yoast SEO plugin v27.2 - https:\/\/yoast.com\/product\/yoast-seo-wordpress\/ -->\n<title>BRON | Belle initiative du Comit\u00e9 du Secours Populaire Fran\u00e7ais - News Est Lyonnais<\/title>\n<meta name=\"description\" content=\"BRON | Belle initiative du Comit\u00e9 du Secours Populaire Fran\u00e7ais\" \/>\n<meta name=\"robots\" content=\"index, follow, max-snippet:-1, max-image-preview:large, max-video-preview:-1\" \/>\n<link rel=\"canonical\" href=\"https:\/\/newsestlyonnais.fr\/site\/2020\/03\/27\/bron-belle-initiative-du-comite-du-secours-populaire-francais\/\" \/>\n<meta property=\"og:locale\" content=\"fr_FR\" \/>\n<meta property=\"og:type\" content=\"article\" \/>\n<meta property=\"og:title\" content=\"BRON | Belle initiative du Comit\u00e9 du Secours Populaire Fran\u00e7ais - News Est Lyonnais\" \/>\n<meta property=\"og:description\" content=\"BRON | Belle initiative du Comit\u00e9 du Secours Populaire Fran\u00e7ais\" \/>\n<meta property=\"og:url\" content=\"https:\/\/newsestlyonnais.fr\/site\/2020\/03\/27\/bron-belle-initiative-du-comite-du-secours-populaire-francais\/\" \/>\n<meta property=\"og:site_name\" content=\"News Est Lyonnais\" \/>\n<meta property=\"article:author\" content=\"https:\/\/www.facebook.com\/pascal.oberson.1?fref=ts\" \/>\n<meta property=\"article:published_time\" content=\"2020-03-27T14:30:40+00:00\" \/>\n<meta property=\"article:modified_time\" content=\"2020-05-20T09:57:44+00:00\" \/>\n<meta property=\"og:image\" content=\"https:\/\/i2.wp.com\/newsestlyonnais.fr\/site\/wp-content\/uploads\/2020\/03\/NEWSESTLYONNAIS-INCENDIE-BRON.gif?fit=854%2C522&ssl=1\" \/>\n\t<meta property=\"og:image:width\" content=\"854\" \/>\n\t<meta property=\"og:image:height\" content=\"522\" \/>\n\t<meta property=\"og:image:type\" content=\"image\/gif\" \/>\n<meta name=\"author\" content=\"R\u00e9dac. NEWS\" \/>\n<meta name=\"twitter:card\" content=\"summary_large_image\" \/>\n<meta name=\"twitter:label1\" content=\"\u00c9crit par\" \/>\n\t<meta name=\"twitter:data1\" content=\"R\u00e9dac. NEWS\" \/>\n\t<meta name=\"twitter:label2\" content=\"Dur\u00e9e de lecture estim\u00e9e\" \/>\n\t<meta name=\"twitter:data2\" content=\"1 minute\" \/>\n<script type=\"application\/ld+json\" class=\"yoast-schema-graph\">{\"@context\":\"https:\/\/schema.org\",\"@graph\":[{\"@type\":\"Article\",\"@id\":\"https:\/\/newsestlyonnais.fr\/site\/2020\/03\/27\/bron-belle-initiative-du-comite-du-secours-populaire-francais\/#article\",\"isPartOf\":{\"@id\":\"https:\/\/newsestlyonnais.fr\/site\/2020\/03\/27\/bron-belle-initiative-du-comite-du-secours-populaire-francais\/\"},\"author\":{\"name\":\"R\u00e9dac. NEWS\",\"@id\":\"https:\/\/newsestlyonnais.fr\/site\/#\/schema\/person\/3230d5615f390bb808365d673001e887\"},\"headline\":\"BRON | Belle initiative du Comit\u00e9 du Secours Populaire Fran\u00e7ais\",\"datePublished\":\"2020-03-27T14:30:40+00:00\",\"dateModified\":\"2020-05-20T09:57:44+00:00\",\"mainEntityOfPage\":{\"@id\":\"https:\/\/newsestlyonnais.fr\/site\/2020\/03\/27\/bron-belle-initiative-du-comite-du-secours-populaire-francais\/\"},\"wordCount\":197,\"commentCount\":0,\"publisher\":{\"@id\":\"https:\/\/newsestlyonnais.fr\/site\/#organization\"},\"image\":{\"@id\":\"https:\/\/newsestlyonnais.fr\/site\/2020\/03\/27\/bron-belle-initiative-du-comite-du-secours-populaire-francais\/#primaryimage\"},\"thumbnailUrl\":\"https:\/\/newsestlyonnais.fr\/site\/wp-content\/uploads\/2020\/03\/NEWSESTLYONNAIS-INCENDIE-BRON.gif\",\"articleSection\":[\"Accidents | Incendies\",\"Br\u00e8ves de l'Est lyonnais\",\"Bron\",\"Sant\u00e9 | Bien Etre | Solidarit\u00e9\",\"Secours | S\u00e9curit\u00e9\"],\"inLanguage\":\"fr-FR\",\"potentialAction\":[{\"@type\":\"CommentAction\",\"name\":\"Comment\",\"target\":[\"https:\/\/newsestlyonnais.fr\/site\/2020\/03\/27\/bron-belle-initiative-du-comite-du-secours-populaire-francais\/#respond\"]}]},{\"@type\":\"WebPage\",\"@id\":\"https:\/\/newsestlyonnais.fr\/site\/2020\/03\/27\/bron-belle-initiative-du-comite-du-secours-populaire-francais\/\",\"url\":\"https:\/\/newsestlyonnais.fr\/site\/2020\/03\/27\/bron-belle-initiative-du-comite-du-secours-populaire-francais\/\",\"name\":\"BRON | Belle initiative du Comit\u00e9 du Secours Populaire Fran\u00e7ais - News Est Lyonnais\",\"isPartOf\":{\"@id\":\"https:\/\/newsestlyonnais.fr\/site\/#website\"},\"primaryImageOfPage\":{\"@id\":\"https:\/\/newsestlyonnais.fr\/site\/2020\/03\/27\/bron-belle-initiative-du-comite-du-secours-populaire-francais\/#primaryimage\"},\"image\":{\"@id\":\"https:\/\/newsestlyonnais.fr\/site\/2020\/03\/27\/bron-belle-initiative-du-comite-du-secours-populaire-francais\/#primaryimage\"},\"thumbnailUrl\":\"https:\/\/newsestlyonnais.fr\/site\/wp-content\/uploads\/2020\/03\/NEWSESTLYONNAIS-INCENDIE-BRON.gif\",\"datePublished\":\"2020-03-27T14:30:40+00:00\",\"dateModified\":\"2020-05-20T09:57:44+00:00\",\"description\":\"BRON | Belle initiative du Comit\u00e9 du Secours Populaire Fran\u00e7ais\",\"breadcrumb\":{\"@id\":\"https:\/\/newsestlyonnais.fr\/site\/2020\/03\/27\/bron-belle-initiative-du-comite-du-secours-populaire-francais\/#breadcrumb\"},\"inLanguage\":\"fr-FR\",\"potentialAction\":[{\"@type\":\"ReadAction\",\"target\":[\"https:\/\/newsestlyonnais.fr\/site\/2020\/03\/27\/bron-belle-initiative-du-comite-du-secours-populaire-francais\/\"]}]},{\"@type\":\"ImageObject\",\"inLanguage\":\"fr-FR\",\"@id\":\"https:\/\/newsestlyonnais.fr\/site\/2020\/03\/27\/bron-belle-initiative-du-comite-du-secours-populaire-francais\/#primaryimage\",\"url\":\"https:\/\/newsestlyonnais.fr\/site\/wp-content\/uploads\/2020\/03\/NEWSESTLYONNAIS-INCENDIE-BRON.gif\",\"contentUrl\":\"https:\/\/newsestlyonnais.fr\/site\/wp-content\/uploads\/2020\/03\/NEWSESTLYONNAIS-INCENDIE-BRON.gif\",\"width\":854,\"height\":522},{\"@type\":\"BreadcrumbList\",\"@id\":\"https:\/\/newsestlyonnais.fr\/site\/2020\/03\/27\/bron-belle-initiative-du-comite-du-secours-populaire-francais\/#breadcrumb\",\"itemListElement\":[{\"@type\":\"ListItem\",\"position\":1,\"name\":\"Accueil\",\"item\":\"https:\/\/newsestlyonnais.fr\/site\/\"},{\"@type\":\"ListItem\",\"position\":2,\"name\":\"BRON | Belle initiative du Comit\u00e9 du Secours Populaire Fran\u00e7ais\"}]},{\"@type\":\"WebSite\",\"@id\":\"https:\/\/newsestlyonnais.fr\/site\/#website\",\"url\":\"https:\/\/newsestlyonnais.fr\/site\/\",\"name\":\"News Est Lyonnais\",\"description\":\"L&#039;actualit\u00e9 au plus pr\u00e8s\",\"publisher\":{\"@id\":\"https:\/\/newsestlyonnais.fr\/site\/#organization\"},\"potentialAction\":[{\"@type\":\"SearchAction\",\"target\":{\"@type\":\"EntryPoint\",\"urlTemplate\":\"https:\/\/newsestlyonnais.fr\/site\/?s={search_term_string}\"},\"query-input\":{\"@type\":\"PropertyValueSpecification\",\"valueRequired\":true,\"valueName\":\"search_term_string\"}}],\"inLanguage\":\"fr-FR\"},{\"@type\":\"Organization\",\"@id\":\"https:\/\/newsestlyonnais.fr\/site\/#organization\",\"name\":\"News EST LYONNAIS\",\"url\":\"https:\/\/newsestlyonnais.fr\/site\/\",\"logo\":{\"@type\":\"ImageObject\",\"inLanguage\":\"fr-FR\",\"@id\":\"https:\/\/newsestlyonnais.fr\/site\/#\/schema\/logo\/image\/\",\"url\":\"\",\"contentUrl\":\"\",\"caption\":\"News EST LYONNAIS\"},\"image\":{\"@id\":\"https:\/\/newsestlyonnais.fr\/site\/#\/schema\/logo\/image\/\"}},{\"@type\":\"Person\",\"@id\":\"https:\/\/newsestlyonnais.fr\/site\/#\/schema\/person\/3230d5615f390bb808365d673001e887\",\"name\":\"R\u00e9dac. NEWS\",\"sameAs\":[\"http:\/\/www.newsestlyonnais.fr\",\"https:\/\/www.facebook.com\/pascal.oberson.1?fref=ts\",\"https:\/\/fr.linkedin.com\/in\/pascal-oberson-b17045113\"],\"url\":\"https:\/\/newsestlyonnais.fr\/site\/author\/nel\/\"}]}<\/script>\n<!-- \/ Yoast SEO plugin. -->","yoast_head_json":{"title":"BRON | Belle initiative du Comit\u00e9 du Secours Populaire Fran\u00e7ais - News Est Lyonnais","description":"BRON | Belle initiative du Comit\u00e9 du Secours Populaire Fran\u00e7ais","robots":{"index":"index","follow":"follow","max-snippet":"max-snippet:-1","max-image-preview":"max-image-preview:large","max-video-preview":"max-video-preview:-1"},"canonical":"https:\/\/newsestlyonnais.fr\/site\/2020\/03\/27\/bron-belle-initiative-du-comite-du-secours-populaire-francais\/","og_locale":"fr_FR","og_type":"article","og_title":"BRON | Belle initiative du Comit\u00e9 du Secours Populaire Fran\u00e7ais - News Est Lyonnais","og_description":"BRON | Belle initiative du Comit\u00e9 du Secours Populaire Fran\u00e7ais","og_url":"https:\/\/newsestlyonnais.fr\/site\/2020\/03\/27\/bron-belle-initiative-du-comite-du-secours-populaire-francais\/","og_site_name":"News Est Lyonnais","article_author":"https:\/\/www.facebook.com\/pascal.oberson.1?fref=ts","article_published_time":"2020-03-27T14:30:40+00:00","article_modified_time":"2020-05-20T09:57:44+00:00","og_image":[{"width":854,"height":522,"url":"https:\/\/i2.wp.com\/newsestlyonnais.fr\/site\/wp-content\/uploads\/2020\/03\/NEWSESTLYONNAIS-INCENDIE-BRON.gif?fit=854%2C522&ssl=1","type":"image\/gif"}],"author":"R\u00e9dac. NEWS","twitter_card":"summary_large_image","twitter_misc":{"\u00c9crit par":"R\u00e9dac. NEWS","Dur\u00e9e de lecture estim\u00e9e":"1 minute"},"schema":{"@context":"https:\/\/schema.org","@graph":[{"@type":"Article","@id":"https:\/\/newsestlyonnais.fr\/site\/2020\/03\/27\/bron-belle-initiative-du-comite-du-secours-populaire-francais\/#article","isPartOf":{"@id":"https:\/\/newsestlyonnais.fr\/site\/2020\/03\/27\/bron-belle-initiative-du-comite-du-secours-populaire-francais\/"},"author":{"name":"R\u00e9dac. NEWS","@id":"https:\/\/newsestlyonnais.fr\/site\/#\/schema\/person\/3230d5615f390bb808365d673001e887"},"headline":"BRON | Belle initiative du Comit\u00e9 du Secours Populaire Fran\u00e7ais","datePublished":"2020-03-27T14:30:40+00:00","dateModified":"2020-05-20T09:57:44+00:00","mainEntityOfPage":{"@id":"https:\/\/newsestlyonnais.fr\/site\/2020\/03\/27\/bron-belle-initiative-du-comite-du-secours-populaire-francais\/"},"wordCount":197,"commentCount":0,"publisher":{"@id":"https:\/\/newsestlyonnais.fr\/site\/#organization"},"image":{"@id":"https:\/\/newsestlyonnais.fr\/site\/2020\/03\/27\/bron-belle-initiative-du-comite-du-secours-populaire-francais\/#primaryimage"},"thumbnailUrl":"https:\/\/newsestlyonnais.fr\/site\/wp-content\/uploads\/2020\/03\/NEWSESTLYONNAIS-INCENDIE-BRON.gif","articleSection":["Accidents | Incendies","Br\u00e8ves de l'Est lyonnais","Bron","Sant\u00e9 | Bien Etre | Solidarit\u00e9","Secours | S\u00e9curit\u00e9"],"inLanguage":"fr-FR","potentialAction":[{"@type":"CommentAction","name":"Comment","target":["https:\/\/newsestlyonnais.fr\/site\/2020\/03\/27\/bron-belle-initiative-du-comite-du-secours-populaire-francais\/#respond"]}]},{"@type":"WebPage","@id":"https:\/\/newsestlyonnais.fr\/site\/2020\/03\/27\/bron-belle-initiative-du-comite-du-secours-populaire-francais\/","url":"https:\/\/newsestlyonnais.fr\/site\/2020\/03\/27\/bron-belle-initiative-du-comite-du-secours-populaire-francais\/","name":"BRON | Belle initiative du Comit\u00e9 du Secours Populaire Fran\u00e7ais - News Est Lyonnais","isPartOf":{"@id":"https:\/\/newsestlyonnais.fr\/site\/#website"},"primaryImageOfPage":{"@id":"https:\/\/newsestlyonnais.fr\/site\/2020\/03\/27\/bron-belle-initiative-du-comite-du-secours-populaire-francais\/#primaryimage"},"image":{"@id":"https:\/\/newsestlyonnais.fr\/site\/2020\/03\/27\/bron-belle-initiative-du-comite-du-secours-populaire-francais\/#primaryimage"},"thumbnailUrl":"https:\/\/newsestlyonnais.fr\/site\/wp-content\/uploads\/2020\/03\/NEWSESTLYONNAIS-INCENDIE-BRON.gif","datePublished":"2020-03-27T14:30:40+00:00","dateModified":"2020-05-20T09:57:44+00:00","description":"BRON | Belle initiative du Comit\u00e9 du Secours Populaire Fran\u00e7ais","breadcrumb":{"@id":"https:\/\/newsestlyonnais.fr\/site\/2020\/03\/27\/bron-belle-initiative-du-comite-du-secours-populaire-francais\/#breadcrumb"},"inLanguage":"fr-FR","potentialAction":[{"@type":"ReadAction","target":["https:\/\/newsestlyonnais.fr\/site\/2020\/03\/27\/bron-belle-initiative-du-comite-du-secours-populaire-francais\/"]}]},{"@type":"ImageObject","inLanguage":"fr-FR","@id":"https:\/\/newsestlyonnais.fr\/site\/2020\/03\/27\/bron-belle-initiative-du-comite-du-secours-populaire-francais\/#primaryimage","url":"https:\/\/newsestlyonnais.fr\/site\/wp-content\/uploads\/2020\/03\/NEWSESTLYONNAIS-INCENDIE-BRON.gif","contentUrl":"https:\/\/newsestlyonnais.fr\/site\/wp-content\/uploads\/2020\/03\/NEWSESTLYONNAIS-INCENDIE-BRON.gif","width":854,"height":522},{"@type":"BreadcrumbList","@id":"https:\/\/newsestlyonnais.fr\/site\/2020\/03\/27\/bron-belle-initiative-du-comite-du-secours-populaire-francais\/#breadcrumb","itemListElement":[{"@type":"ListItem","position":1,"name":"Accueil","item":"https:\/\/newsestlyonnais.fr\/site\/"},{"@type":"ListItem","position":2,"name":"BRON | Belle initiative du Comit\u00e9 du Secours Populaire Fran\u00e7ais"}]},{"@type":"WebSite","@id":"https:\/\/newsestlyonnais.fr\/site\/#website","url":"https:\/\/newsestlyonnais.fr\/site\/","name":"News Est Lyonnais","description":"L&#039;actualit\u00e9 au plus pr\u00e8s","publisher":{"@id":"https:\/\/newsestlyonnais.fr\/site\/#organization"},"potentialAction":[{"@type":"SearchAction","target":{"@type":"EntryPoint","urlTemplate":"https:\/\/newsestlyonnais.fr\/site\/?s={search_term_string}"},"query-input":{"@type":"PropertyValueSpecification","valueRequired":true,"valueName":"search_term_string"}}],"inLanguage":"fr-FR"},{"@type":"Organization","@id":"https:\/\/newsestlyonnais.fr\/site\/#organization","name":"News EST LYONNAIS","url":"https:\/\/newsestlyonnais.fr\/site\/","logo":{"@type":"ImageObject","inLanguage":"fr-FR","@id":"https:\/\/newsestlyonnais.fr\/site\/#\/schema\/logo\/image\/","url":"","contentUrl":"","caption":"News EST LYONNAIS"},"image":{"@id":"https:\/\/newsestlyonnais.fr\/site\/#\/schema\/logo\/image\/"}},{"@type":"Person","@id":"https:\/\/newsestlyonnais.fr\/site\/#\/schema\/person\/3230d5615f390bb808365d673001e887","name":"R\u00e9dac. NEWS","sameAs":["http:\/\/www.newsestlyonnais.fr","https:\/\/www.facebook.com\/pascal.oberson.1?fref=ts","https:\/\/fr.linkedin.com\/in\/pascal-oberson-b17045113"],"url":"https:\/\/newsestlyonnais.fr\/site\/author\/nel\/"}]}},"_links":{"self":[{"href":"https:\/\/newsestlyonnais.fr\/site\/wp-json\/wp\/v2\/posts\/98306","targetHints":{"allow":["GET"]}}],"collection":[{"href":"https:\/\/newsestlyonnais.fr\/site\/wp-json\/wp\/v2\/posts"}],"about":[{"href":"https:\/\/newsestlyonnais.fr\/site\/wp-json\/wp\/v2\/types\/post"}],"author":[{"embeddable":true,"href":"https:\/\/newsestlyonnais.fr\/site\/wp-json\/wp\/v2\/users\/4"}],"replies":[{"embeddable":true,"href":"https:\/\/newsestlyonnais.fr\/site\/wp-json\/wp\/v2\/comments?post=98306"}],"version-history":[{"count":0,"href":"https:\/\/newsestlyonnais.fr\/site\/wp-json\/wp\/v2\/posts\/98306\/revisions"}],"wp:featuredmedia":[{"embeddable":true,"href":"https:\/\/newsestlyonnais.fr\/site\/wp-json\/wp\/v2\/media\/98308"}],"wp:attachment":[{"href":"https:\/\/newsestlyonnais.fr\/site\/wp-json\/wp\/v2\/media?parent=98306"}],"wp:term":[{"taxonomy":"category","embeddable":true,"href":"https:\/\/newsestlyonnais.fr\/site\/wp-json\/wp\/v2\/categories?post=98306"},{"taxonomy":"post_tag","embeddable":true,"href":"https:\/\/newsestlyonnais.fr\/site\/wp-json\/wp\/v2\/tags?post=98306"}],"curies":[{"name":"wp","href":"https:\/\/api.w.org\/{rel}","templated":true}]}}