{"id":98355,"date":"2020-03-28T08:58:30","date_gmt":"2020-03-28T07:58:30","guid":{"rendered":"http:\/\/newsestlyonnais.fr\/site\/?p=98355"},"modified":"2020-03-28T08:58:30","modified_gmt":"2020-03-28T07:58:30","slug":"venissieux-covid19-la-mediatheque-lucie-aubrac-propose-un-eventail-de-services-numeriques","status":"publish","type":"post","link":"https:\/\/newsestlyonnais.fr\/site\/2020\/03\/28\/venissieux-covid19-la-mediatheque-lucie-aubrac-propose-un-eventail-de-services-numeriques\/","title":{"rendered":"VENISSIEUX | COVID19 : La M\u00e9diath\u00e8que Lucie Aubrac propose un \u00e9ventail de services num\u00e9riques"},"content":{"rendered":"<h4 class=\" text-justify\">Un \u00e9ventail de services\u00a0num\u00e9riques<b>\u00a0pour petits et grands.<\/b><\/h4>\n<p class=\" text-justify\"><em><strong>A compter du lundi 30 mars<\/strong><\/em>, inscrivez-vous en ligne, gr\u00e2ce au formulaire d\u00e9di\u00e9 sur les\u00a0 sites de la Ville de V\u00e9nissieux (<a href=\"http:\/\/www.ville-venissieux.fr\/\" target=\"_self\" rel=\"noopener noreferrer\">www.ville-venissieux.fr<\/a>) ou de la M\u00e9diath\u00e8que Lucie-Aubrac (<a href=\"http:\/\/www.bm-venissieux.fr\/\" target=\"_self\" rel=\"noopener noreferrer\">www.bm-venissieux.fr<\/a>) pour b\u00e9n\u00e9ficier gratuitement des services num\u00e9riques :<\/p>\n<ul>\n<li><b>Suivez toute l\u2019actualit\u00e9<\/b> avec plus de 1.000 journaux et magazines en ligne gr\u00e2ce au module \u00ab kiosk \u00bb : actualit\u00e9, culture, loisirs, sport, sciences, d\u00e9co, cuisine\u2026<\/li>\n<li><b>Divertissez-vous<\/b> avec plus de 5.000 films, s\u00e9ries, documentaires et spectacles accessibles en Streaming ou en t\u00e9l\u00e9chargement<\/li>\n<li><b>Proposez une multitude d\u2019activit\u00e9s pour les enfants de 3 \u00e0 12 ans<\/b> avec le module \u00ab\u00a0ma petite m\u00e9diath\u00e8que\u00a0\u00bb\u00a0: livres et dessins anim\u00e9s, musique, jeux et ateliers.<\/li>\n<li><b>Profitez de l\u2019apprentissage en ligne \u00e0 tous les \u00e2ges<\/b> : plus de 1.000 cours disponibles comme du soutien scolaire, des langues \u00e9trang\u00e8res, de l\u2019informatique, les codes et permis, les premiers secours, la vie professionnelle, le bien-\u00eatre, la musique.<\/li>\n<\/ul>\n<p>________________________________________________________________________________<\/p>\n<p><strong><em>\u00a0\u00a0\u00a0\u00a0\u00a0\u00a0\u00a0\u00a0\u00a0\u00a0\u00a0\u00a0\u00a0\u00a0\u00a0\u00a0\u00a0\u00a0\u00a0\u00a0 M\u00e9diath\u00e8que Lucie Aubrac \/ <span class=\"LrzXr\">2\/4 Avenue Marcel Houel<\/span> \/\u00a0 T\u00e9l : <span class=\"LrzXr zdqRlf kno-fv\">04 72 21 45 54<\/span><\/em><\/strong><\/p>\n<p>________________________________________________________________________________<\/p>\n","protected":false},"excerpt":{"rendered":"<p>Pendant la p\u00e9riode de confinement, la Ville de V\u00e9nissieux offre un acc\u00e8s gratuit \u00e0 l&rsquo;offre culturelle\u00a0en ligne\u00a0de la\u00a0M\u00e9diath\u00e8que.<\/p>\n","protected":false},"author":4,"featured_media":95972,"comment_status":"open","ping_status":"open","sticky":false,"template":"","format":"standard","meta":{"footnotes":""},"categories":[3003,2217,1298],"tags":[2096,2067],"class_list":["post-98355","post","type-post","status-publish","format-standard","has-post-thumbnail","hentry","category-bibliotheque-mediatheque-mjc","category-breves-de-lest-lyonnais","category-venissieux","tag-mediatheque","tag-venissieux"],"yoast_head":"<!-- This site is optimized with the Yoast SEO plugin v27.2 - https:\/\/yoast.com\/product\/yoast-seo-wordpress\/ -->\n<title>VENISSIEUX | COVID19 : La M\u00e9diath\u00e8que Lucie Aubrac propose un \u00e9ventail de services num\u00e9riques - News Est Lyonnais<\/title>\n<meta name=\"description\" content=\"VENISSIEUX | COVID19 : La M\u00e9diath\u00e8que Lucie Aubrac propose un \u00e9ventail de services num\u00e9riques\" \/>\n<meta name=\"robots\" content=\"index, follow, max-snippet:-1, max-image-preview:large, max-video-preview:-1\" \/>\n<link rel=\"canonical\" href=\"https:\/\/newsestlyonnais.fr\/site\/2020\/03\/28\/venissieux-covid19-la-mediatheque-lucie-aubrac-propose-un-eventail-de-services-numeriques\/\" \/>\n<meta property=\"og:locale\" content=\"fr_FR\" \/>\n<meta property=\"og:type\" content=\"article\" \/>\n<meta property=\"og:title\" content=\"VENISSIEUX | COVID19 : La M\u00e9diath\u00e8que Lucie Aubrac propose un \u00e9ventail de services num\u00e9riques - News Est Lyonnais\" \/>\n<meta property=\"og:description\" content=\"VENISSIEUX | COVID19 : La M\u00e9diath\u00e8que Lucie Aubrac propose un \u00e9ventail de services num\u00e9riques\" \/>\n<meta property=\"og:url\" content=\"https:\/\/newsestlyonnais.fr\/site\/2020\/03\/28\/venissieux-covid19-la-mediatheque-lucie-aubrac-propose-un-eventail-de-services-numeriques\/\" \/>\n<meta property=\"og:site_name\" content=\"News Est Lyonnais\" \/>\n<meta property=\"article:author\" content=\"https:\/\/www.facebook.com\/pascal.oberson.1?fref=ts\" \/>\n<meta property=\"article:published_time\" content=\"2020-03-28T07:58:30+00:00\" \/>\n<meta property=\"og:image\" content=\"https:\/\/i2.wp.com\/newsestlyonnais.fr\/site\/wp-content\/uploads\/2019\/11\/NEWSESTLYONNAIS-MAIRIE-VENX.jpg?fit=1200%2C800&ssl=1\" \/>\n\t<meta property=\"og:image:width\" content=\"1200\" \/>\n\t<meta property=\"og:image:height\" content=\"800\" \/>\n\t<meta property=\"og:image:type\" content=\"image\/jpeg\" \/>\n<meta name=\"author\" content=\"R\u00e9dac. NEWS\" \/>\n<meta name=\"twitter:card\" content=\"summary_large_image\" \/>\n<meta name=\"twitter:label1\" content=\"\u00c9crit par\" \/>\n\t<meta name=\"twitter:data1\" content=\"R\u00e9dac. NEWS\" \/>\n\t<meta name=\"twitter:label2\" content=\"Dur\u00e9e de lecture estim\u00e9e\" \/>\n\t<meta name=\"twitter:data2\" content=\"1 minute\" \/>\n<script type=\"application\/ld+json\" class=\"yoast-schema-graph\">{\"@context\":\"https:\/\/schema.org\",\"@graph\":[{\"@type\":\"Article\",\"@id\":\"https:\/\/newsestlyonnais.fr\/site\/2020\/03\/28\/venissieux-covid19-la-mediatheque-lucie-aubrac-propose-un-eventail-de-services-numeriques\/#article\",\"isPartOf\":{\"@id\":\"https:\/\/newsestlyonnais.fr\/site\/2020\/03\/28\/venissieux-covid19-la-mediatheque-lucie-aubrac-propose-un-eventail-de-services-numeriques\/\"},\"author\":{\"name\":\"R\u00e9dac. NEWS\",\"@id\":\"https:\/\/newsestlyonnais.fr\/site\/#\/schema\/person\/3230d5615f390bb808365d673001e887\"},\"headline\":\"VENISSIEUX | COVID19 : La M\u00e9diath\u00e8que Lucie Aubrac propose un \u00e9ventail de services num\u00e9riques\",\"datePublished\":\"2020-03-28T07:58:30+00:00\",\"mainEntityOfPage\":{\"@id\":\"https:\/\/newsestlyonnais.fr\/site\/2020\/03\/28\/venissieux-covid19-la-mediatheque-lucie-aubrac-propose-un-eventail-de-services-numeriques\/\"},\"wordCount\":190,\"commentCount\":0,\"publisher\":{\"@id\":\"https:\/\/newsestlyonnais.fr\/site\/#organization\"},\"image\":{\"@id\":\"https:\/\/newsestlyonnais.fr\/site\/2020\/03\/28\/venissieux-covid19-la-mediatheque-lucie-aubrac-propose-un-eventail-de-services-numeriques\/#primaryimage\"},\"thumbnailUrl\":\"https:\/\/newsestlyonnais.fr\/site\/wp-content\/uploads\/2019\/11\/NEWSESTLYONNAIS-MAIRIE-VENX.jpg\",\"keywords\":[\"MEDIATHEQUE\",\"VENISSIEUX\"],\"articleSection\":[\"Biblioth\u00e8que | M\u00e9diath\u00e8que | MJC\",\"Br\u00e8ves de l'Est lyonnais\",\"V\u00e9nissieux\"],\"inLanguage\":\"fr-FR\",\"potentialAction\":[{\"@type\":\"CommentAction\",\"name\":\"Comment\",\"target\":[\"https:\/\/newsestlyonnais.fr\/site\/2020\/03\/28\/venissieux-covid19-la-mediatheque-lucie-aubrac-propose-un-eventail-de-services-numeriques\/#respond\"]}]},{\"@type\":\"WebPage\",\"@id\":\"https:\/\/newsestlyonnais.fr\/site\/2020\/03\/28\/venissieux-covid19-la-mediatheque-lucie-aubrac-propose-un-eventail-de-services-numeriques\/\",\"url\":\"https:\/\/newsestlyonnais.fr\/site\/2020\/03\/28\/venissieux-covid19-la-mediatheque-lucie-aubrac-propose-un-eventail-de-services-numeriques\/\",\"name\":\"VENISSIEUX | COVID19 : La M\u00e9diath\u00e8que Lucie Aubrac propose un \u00e9ventail de services num\u00e9riques - News Est Lyonnais\",\"isPartOf\":{\"@id\":\"https:\/\/newsestlyonnais.fr\/site\/#website\"},\"primaryImageOfPage\":{\"@id\":\"https:\/\/newsestlyonnais.fr\/site\/2020\/03\/28\/venissieux-covid19-la-mediatheque-lucie-aubrac-propose-un-eventail-de-services-numeriques\/#primaryimage\"},\"image\":{\"@id\":\"https:\/\/newsestlyonnais.fr\/site\/2020\/03\/28\/venissieux-covid19-la-mediatheque-lucie-aubrac-propose-un-eventail-de-services-numeriques\/#primaryimage\"},\"thumbnailUrl\":\"https:\/\/newsestlyonnais.fr\/site\/wp-content\/uploads\/2019\/11\/NEWSESTLYONNAIS-MAIRIE-VENX.jpg\",\"datePublished\":\"2020-03-28T07:58:30+00:00\",\"description\":\"VENISSIEUX | COVID19 : La M\u00e9diath\u00e8que Lucie Aubrac propose un \u00e9ventail de services num\u00e9riques\",\"breadcrumb\":{\"@id\":\"https:\/\/newsestlyonnais.fr\/site\/2020\/03\/28\/venissieux-covid19-la-mediatheque-lucie-aubrac-propose-un-eventail-de-services-numeriques\/#breadcrumb\"},\"inLanguage\":\"fr-FR\",\"potentialAction\":[{\"@type\":\"ReadAction\",\"target\":[\"https:\/\/newsestlyonnais.fr\/site\/2020\/03\/28\/venissieux-covid19-la-mediatheque-lucie-aubrac-propose-un-eventail-de-services-numeriques\/\"]}]},{\"@type\":\"ImageObject\",\"inLanguage\":\"fr-FR\",\"@id\":\"https:\/\/newsestlyonnais.fr\/site\/2020\/03\/28\/venissieux-covid19-la-mediatheque-lucie-aubrac-propose-un-eventail-de-services-numeriques\/#primaryimage\",\"url\":\"https:\/\/newsestlyonnais.fr\/site\/wp-content\/uploads\/2019\/11\/NEWSESTLYONNAIS-MAIRIE-VENX.jpg\",\"contentUrl\":\"https:\/\/newsestlyonnais.fr\/site\/wp-content\/uploads\/2019\/11\/NEWSESTLYONNAIS-MAIRIE-VENX.jpg\",\"width\":1200,\"height\":800},{\"@type\":\"BreadcrumbList\",\"@id\":\"https:\/\/newsestlyonnais.fr\/site\/2020\/03\/28\/venissieux-covid19-la-mediatheque-lucie-aubrac-propose-un-eventail-de-services-numeriques\/#breadcrumb\",\"itemListElement\":[{\"@type\":\"ListItem\",\"position\":1,\"name\":\"Accueil\",\"item\":\"https:\/\/newsestlyonnais.fr\/site\/\"},{\"@type\":\"ListItem\",\"position\":2,\"name\":\"VENISSIEUX | COVID19 : La M\u00e9diath\u00e8que Lucie Aubrac propose un \u00e9ventail de services num\u00e9riques\"}]},{\"@type\":\"WebSite\",\"@id\":\"https:\/\/newsestlyonnais.fr\/site\/#website\",\"url\":\"https:\/\/newsestlyonnais.fr\/site\/\",\"name\":\"News Est Lyonnais\",\"description\":\"L&#039;actualit\u00e9 au plus pr\u00e8s\",\"publisher\":{\"@id\":\"https:\/\/newsestlyonnais.fr\/site\/#organization\"},\"potentialAction\":[{\"@type\":\"SearchAction\",\"target\":{\"@type\":\"EntryPoint\",\"urlTemplate\":\"https:\/\/newsestlyonnais.fr\/site\/?s={search_term_string}\"},\"query-input\":{\"@type\":\"PropertyValueSpecification\",\"valueRequired\":true,\"valueName\":\"search_term_string\"}}],\"inLanguage\":\"fr-FR\"},{\"@type\":\"Organization\",\"@id\":\"https:\/\/newsestlyonnais.fr\/site\/#organization\",\"name\":\"News EST LYONNAIS\",\"url\":\"https:\/\/newsestlyonnais.fr\/site\/\",\"logo\":{\"@type\":\"ImageObject\",\"inLanguage\":\"fr-FR\",\"@id\":\"https:\/\/newsestlyonnais.fr\/site\/#\/schema\/logo\/image\/\",\"url\":\"\",\"contentUrl\":\"\",\"caption\":\"News EST LYONNAIS\"},\"image\":{\"@id\":\"https:\/\/newsestlyonnais.fr\/site\/#\/schema\/logo\/image\/\"}},{\"@type\":\"Person\",\"@id\":\"https:\/\/newsestlyonnais.fr\/site\/#\/schema\/person\/3230d5615f390bb808365d673001e887\",\"name\":\"R\u00e9dac. NEWS\",\"sameAs\":[\"http:\/\/www.newsestlyonnais.fr\",\"https:\/\/www.facebook.com\/pascal.oberson.1?fref=ts\",\"https:\/\/fr.linkedin.com\/in\/pascal-oberson-b17045113\"],\"url\":\"https:\/\/newsestlyonnais.fr\/site\/author\/nel\/\"}]}<\/script>\n<!-- \/ Yoast SEO plugin. -->","yoast_head_json":{"title":"VENISSIEUX | COVID19 : La M\u00e9diath\u00e8que Lucie Aubrac propose un \u00e9ventail de services num\u00e9riques - News Est Lyonnais","description":"VENISSIEUX | COVID19 : La M\u00e9diath\u00e8que Lucie Aubrac propose un \u00e9ventail de services num\u00e9riques","robots":{"index":"index","follow":"follow","max-snippet":"max-snippet:-1","max-image-preview":"max-image-preview:large","max-video-preview":"max-video-preview:-1"},"canonical":"https:\/\/newsestlyonnais.fr\/site\/2020\/03\/28\/venissieux-covid19-la-mediatheque-lucie-aubrac-propose-un-eventail-de-services-numeriques\/","og_locale":"fr_FR","og_type":"article","og_title":"VENISSIEUX | COVID19 : La M\u00e9diath\u00e8que Lucie Aubrac propose un \u00e9ventail de services num\u00e9riques - News Est Lyonnais","og_description":"VENISSIEUX | COVID19 : La M\u00e9diath\u00e8que Lucie Aubrac propose un \u00e9ventail de services num\u00e9riques","og_url":"https:\/\/newsestlyonnais.fr\/site\/2020\/03\/28\/venissieux-covid19-la-mediatheque-lucie-aubrac-propose-un-eventail-de-services-numeriques\/","og_site_name":"News Est Lyonnais","article_author":"https:\/\/www.facebook.com\/pascal.oberson.1?fref=ts","article_published_time":"2020-03-28T07:58:30+00:00","og_image":[{"width":1200,"height":800,"url":"https:\/\/i2.wp.com\/newsestlyonnais.fr\/site\/wp-content\/uploads\/2019\/11\/NEWSESTLYONNAIS-MAIRIE-VENX.jpg?fit=1200%2C800&ssl=1","type":"image\/jpeg"}],"author":"R\u00e9dac. NEWS","twitter_card":"summary_large_image","twitter_misc":{"\u00c9crit par":"R\u00e9dac. NEWS","Dur\u00e9e de lecture estim\u00e9e":"1 minute"},"schema":{"@context":"https:\/\/schema.org","@graph":[{"@type":"Article","@id":"https:\/\/newsestlyonnais.fr\/site\/2020\/03\/28\/venissieux-covid19-la-mediatheque-lucie-aubrac-propose-un-eventail-de-services-numeriques\/#article","isPartOf":{"@id":"https:\/\/newsestlyonnais.fr\/site\/2020\/03\/28\/venissieux-covid19-la-mediatheque-lucie-aubrac-propose-un-eventail-de-services-numeriques\/"},"author":{"name":"R\u00e9dac. NEWS","@id":"https:\/\/newsestlyonnais.fr\/site\/#\/schema\/person\/3230d5615f390bb808365d673001e887"},"headline":"VENISSIEUX | COVID19 : La M\u00e9diath\u00e8que Lucie Aubrac propose un \u00e9ventail de services num\u00e9riques","datePublished":"2020-03-28T07:58:30+00:00","mainEntityOfPage":{"@id":"https:\/\/newsestlyonnais.fr\/site\/2020\/03\/28\/venissieux-covid19-la-mediatheque-lucie-aubrac-propose-un-eventail-de-services-numeriques\/"},"wordCount":190,"commentCount":0,"publisher":{"@id":"https:\/\/newsestlyonnais.fr\/site\/#organization"},"image":{"@id":"https:\/\/newsestlyonnais.fr\/site\/2020\/03\/28\/venissieux-covid19-la-mediatheque-lucie-aubrac-propose-un-eventail-de-services-numeriques\/#primaryimage"},"thumbnailUrl":"https:\/\/newsestlyonnais.fr\/site\/wp-content\/uploads\/2019\/11\/NEWSESTLYONNAIS-MAIRIE-VENX.jpg","keywords":["MEDIATHEQUE","VENISSIEUX"],"articleSection":["Biblioth\u00e8que | M\u00e9diath\u00e8que | MJC","Br\u00e8ves de l'Est lyonnais","V\u00e9nissieux"],"inLanguage":"fr-FR","potentialAction":[{"@type":"CommentAction","name":"Comment","target":["https:\/\/newsestlyonnais.fr\/site\/2020\/03\/28\/venissieux-covid19-la-mediatheque-lucie-aubrac-propose-un-eventail-de-services-numeriques\/#respond"]}]},{"@type":"WebPage","@id":"https:\/\/newsestlyonnais.fr\/site\/2020\/03\/28\/venissieux-covid19-la-mediatheque-lucie-aubrac-propose-un-eventail-de-services-numeriques\/","url":"https:\/\/newsestlyonnais.fr\/site\/2020\/03\/28\/venissieux-covid19-la-mediatheque-lucie-aubrac-propose-un-eventail-de-services-numeriques\/","name":"VENISSIEUX | COVID19 : La M\u00e9diath\u00e8que Lucie Aubrac propose un \u00e9ventail de services num\u00e9riques - News Est Lyonnais","isPartOf":{"@id":"https:\/\/newsestlyonnais.fr\/site\/#website"},"primaryImageOfPage":{"@id":"https:\/\/newsestlyonnais.fr\/site\/2020\/03\/28\/venissieux-covid19-la-mediatheque-lucie-aubrac-propose-un-eventail-de-services-numeriques\/#primaryimage"},"image":{"@id":"https:\/\/newsestlyonnais.fr\/site\/2020\/03\/28\/venissieux-covid19-la-mediatheque-lucie-aubrac-propose-un-eventail-de-services-numeriques\/#primaryimage"},"thumbnailUrl":"https:\/\/newsestlyonnais.fr\/site\/wp-content\/uploads\/2019\/11\/NEWSESTLYONNAIS-MAIRIE-VENX.jpg","datePublished":"2020-03-28T07:58:30+00:00","description":"VENISSIEUX | COVID19 : La M\u00e9diath\u00e8que Lucie Aubrac propose un \u00e9ventail de services num\u00e9riques","breadcrumb":{"@id":"https:\/\/newsestlyonnais.fr\/site\/2020\/03\/28\/venissieux-covid19-la-mediatheque-lucie-aubrac-propose-un-eventail-de-services-numeriques\/#breadcrumb"},"inLanguage":"fr-FR","potentialAction":[{"@type":"ReadAction","target":["https:\/\/newsestlyonnais.fr\/site\/2020\/03\/28\/venissieux-covid19-la-mediatheque-lucie-aubrac-propose-un-eventail-de-services-numeriques\/"]}]},{"@type":"ImageObject","inLanguage":"fr-FR","@id":"https:\/\/newsestlyonnais.fr\/site\/2020\/03\/28\/venissieux-covid19-la-mediatheque-lucie-aubrac-propose-un-eventail-de-services-numeriques\/#primaryimage","url":"https:\/\/newsestlyonnais.fr\/site\/wp-content\/uploads\/2019\/11\/NEWSESTLYONNAIS-MAIRIE-VENX.jpg","contentUrl":"https:\/\/newsestlyonnais.fr\/site\/wp-content\/uploads\/2019\/11\/NEWSESTLYONNAIS-MAIRIE-VENX.jpg","width":1200,"height":800},{"@type":"BreadcrumbList","@id":"https:\/\/newsestlyonnais.fr\/site\/2020\/03\/28\/venissieux-covid19-la-mediatheque-lucie-aubrac-propose-un-eventail-de-services-numeriques\/#breadcrumb","itemListElement":[{"@type":"ListItem","position":1,"name":"Accueil","item":"https:\/\/newsestlyonnais.fr\/site\/"},{"@type":"ListItem","position":2,"name":"VENISSIEUX | COVID19 : La M\u00e9diath\u00e8que Lucie Aubrac propose un \u00e9ventail de services num\u00e9riques"}]},{"@type":"WebSite","@id":"https:\/\/newsestlyonnais.fr\/site\/#website","url":"https:\/\/newsestlyonnais.fr\/site\/","name":"News Est Lyonnais","description":"L&#039;actualit\u00e9 au plus pr\u00e8s","publisher":{"@id":"https:\/\/newsestlyonnais.fr\/site\/#organization"},"potentialAction":[{"@type":"SearchAction","target":{"@type":"EntryPoint","urlTemplate":"https:\/\/newsestlyonnais.fr\/site\/?s={search_term_string}"},"query-input":{"@type":"PropertyValueSpecification","valueRequired":true,"valueName":"search_term_string"}}],"inLanguage":"fr-FR"},{"@type":"Organization","@id":"https:\/\/newsestlyonnais.fr\/site\/#organization","name":"News EST LYONNAIS","url":"https:\/\/newsestlyonnais.fr\/site\/","logo":{"@type":"ImageObject","inLanguage":"fr-FR","@id":"https:\/\/newsestlyonnais.fr\/site\/#\/schema\/logo\/image\/","url":"","contentUrl":"","caption":"News EST LYONNAIS"},"image":{"@id":"https:\/\/newsestlyonnais.fr\/site\/#\/schema\/logo\/image\/"}},{"@type":"Person","@id":"https:\/\/newsestlyonnais.fr\/site\/#\/schema\/person\/3230d5615f390bb808365d673001e887","name":"R\u00e9dac. NEWS","sameAs":["http:\/\/www.newsestlyonnais.fr","https:\/\/www.facebook.com\/pascal.oberson.1?fref=ts","https:\/\/fr.linkedin.com\/in\/pascal-oberson-b17045113"],"url":"https:\/\/newsestlyonnais.fr\/site\/author\/nel\/"}]}},"_links":{"self":[{"href":"https:\/\/newsestlyonnais.fr\/site\/wp-json\/wp\/v2\/posts\/98355","targetHints":{"allow":["GET"]}}],"collection":[{"href":"https:\/\/newsestlyonnais.fr\/site\/wp-json\/wp\/v2\/posts"}],"about":[{"href":"https:\/\/newsestlyonnais.fr\/site\/wp-json\/wp\/v2\/types\/post"}],"author":[{"embeddable":true,"href":"https:\/\/newsestlyonnais.fr\/site\/wp-json\/wp\/v2\/users\/4"}],"replies":[{"embeddable":true,"href":"https:\/\/newsestlyonnais.fr\/site\/wp-json\/wp\/v2\/comments?post=98355"}],"version-history":[{"count":0,"href":"https:\/\/newsestlyonnais.fr\/site\/wp-json\/wp\/v2\/posts\/98355\/revisions"}],"wp:featuredmedia":[{"embeddable":true,"href":"https:\/\/newsestlyonnais.fr\/site\/wp-json\/wp\/v2\/media\/95972"}],"wp:attachment":[{"href":"https:\/\/newsestlyonnais.fr\/site\/wp-json\/wp\/v2\/media?parent=98355"}],"wp:term":[{"taxonomy":"category","embeddable":true,"href":"https:\/\/newsestlyonnais.fr\/site\/wp-json\/wp\/v2\/categories?post=98355"},{"taxonomy":"post_tag","embeddable":true,"href":"https:\/\/newsestlyonnais.fr\/site\/wp-json\/wp\/v2\/tags?post=98355"}],"curies":[{"name":"wp","href":"https:\/\/api.w.org\/{rel}","templated":true}]}}