{"id":98370,"date":"2020-03-28T15:03:47","date_gmt":"2020-03-28T14:03:47","guid":{"rendered":"http:\/\/newsestlyonnais.fr\/site\/?p=98370"},"modified":"2020-04-04T19:56:14","modified_gmt":"2020-04-04T18:56:14","slug":"lyon-saintelyon-ouverture-des-inscriptions-repoussee-au-30-avril","status":"publish","type":"post","link":"https:\/\/newsestlyonnais.fr\/site\/2020\/03\/28\/lyon-saintelyon-ouverture-des-inscriptions-repoussee-au-30-avril\/","title":{"rendered":"SAINTELYON | Inscriptions repouss\u00e9es au 30 avril"},"content":{"rendered":"<p><strong><em>Retrouvez le communiqu\u00e9 publi\u00e9 ce jour sur la page officielle FB des organisateurs.<\/em> <\/strong><\/p>\n<p>________________________________________________________________________________<\/p>\n<p>***Saint\u00e9Lyon 2020***<\/p>\n<p>Il y a un temps pour se projeter et il y a un temps pour se prot\u00e9ger.<\/p>\n<p><strong>Initialement pr\u00e9vue le 1er avril, l\u2019ouverture des inscriptions pour la Saint\u00e9lyon 2020 est d\u00e9cal\u00e9e au 30 avril. <\/strong><span class=\"text_exposed_show\"><strong>Il y a actuellement d\u2019autres priorit\u00e9s.<\/strong><br \/>\nLes organisateurs tiennent d\u2019abord \u00e0 adresser leurs pens\u00e9es aux victimes du CO VID-19 et \u00e0 leurs proches et leur soutien aux personnels soignants, ainsi qu\u2019\u00e0 tous ceux qui sont en premie\u0300re ligne pour lutter contre cette \u00e9pid\u00e9mie.<\/span><\/p>\n<div class=\"text_exposed_show\">\n<p>On se laisse donc un mois de plus pour retrouver le sourire, le go\u00fbt du d\u00e9fi et les sentiers de l\u2019entra\u00eenement.<br \/>\nD\u2019ici l\u00e0, nous peaufinons le parcours et \u00e9galement un nouveau dispositif de d\u00e9part \u00e0 Saint-Etienne et \u00e0 Sainte-Catherine.<br \/>\nOn vous explique tout \u00e7a tr\u00e8s bient\u00f4t.<br \/>\nRestez patients, vous vous rattraperez en fin d\u2019ann\u00e9e.<\/p>\n<p>A bient\u00f4t.<\/p>\n<p>L\u2019organisation<\/p>\n<p><a class=\"_58cn\" href=\"https:\/\/www.facebook.com\/hashtag\/saint\u00e9lyon?source=feed_text&amp;epa=HASHTAG&amp;__xts__%5B0%5D=68.ARAUen3b19S8gjl81eaV0GwPCr8abfIFf8x89zLPZPIw-TkYZg1pKtSXzSGyZjiq33hqfwu8bmPe8gjUSdAd27xs6y34A5mDqG3M3joU58bxUoPsmqIEDq3jU30Dymz8iZRwErJE5lObmHgMCG5Zu0u0pXHkfbpAM_nEJHvLPAIdXIlEXlkJrsxXQhALBuiCowtvReOWQXGreJUEt-E7w4CILf4AZEtujZ4O9Tv6hoXQmKRScUYvkPvlFrA8VMbo0zMWYWnRAuyg7M0TDnRmteNWJSutW4leHj5fGWKO8KJQFPRA_GNuHluFxR28SJbHYPJqqKyW9RQtfuiBeMlJkm4KRQ&amp;__tn__=%2ANK-R\" data-ft=\"{&quot;type&quot;:104,&quot;tn&quot;:&quot;*N&quot;}\"><span class=\"_5afx\"><span class=\"_58cl _5afz\" aria-label=\"hashtag\">#<\/span><span class=\"_58cm\">saint\u00e9lyon<\/span><\/span><\/a> <a class=\"_58cn\" href=\"https:\/\/www.facebook.com\/hashtag\/pouramateurs\u00e9clair\u00e9s?source=feed_text&amp;epa=HASHTAG&amp;__xts__%5B0%5D=68.ARAUen3b19S8gjl81eaV0GwPCr8abfIFf8x89zLPZPIw-TkYZg1pKtSXzSGyZjiq33hqfwu8bmPe8gjUSdAd27xs6y34A5mDqG3M3joU58bxUoPsmqIEDq3jU30Dymz8iZRwErJE5lObmHgMCG5Zu0u0pXHkfbpAM_nEJHvLPAIdXIlEXlkJrsxXQhALBuiCowtvReOWQXGreJUEt-E7w4CILf4AZEtujZ4O9Tv6hoXQmKRScUYvkPvlFrA8VMbo0zMWYWnRAuyg7M0TDnRmteNWJSutW4leHj5fGWKO8KJQFPRA_GNuHluFxR28SJbHYPJqqKyW9RQtfuiBeMlJkm4KRQ&amp;__tn__=%2ANK-R\" data-ft=\"{&quot;type&quot;:104,&quot;tn&quot;:&quot;*N&quot;}\"><span class=\"_5afx\"><span class=\"_58cl _5afz\" aria-label=\"hashtag\">#<\/span><span class=\"_58cm\">pouramateurs\u00e9clair\u00e9s<\/span><\/span><\/a> <a class=\"_58cn\" href=\"https:\/\/www.facebook.com\/hashtag\/inlovesince1952?source=feed_text&amp;epa=HASHTAG&amp;__xts__%5B0%5D=68.ARAUen3b19S8gjl81eaV0GwPCr8abfIFf8x89zLPZPIw-TkYZg1pKtSXzSGyZjiq33hqfwu8bmPe8gjUSdAd27xs6y34A5mDqG3M3joU58bxUoPsmqIEDq3jU30Dymz8iZRwErJE5lObmHgMCG5Zu0u0pXHkfbpAM_nEJHvLPAIdXIlEXlkJrsxXQhALBuiCowtvReOWQXGreJUEt-E7w4CILf4AZEtujZ4O9Tv6hoXQmKRScUYvkPvlFrA8VMbo0zMWYWnRAuyg7M0TDnRmteNWJSutW4leHj5fGWKO8KJQFPRA_GNuHluFxR28SJbHYPJqqKyW9RQtfuiBeMlJkm4KRQ&amp;__tn__=%2ANK-R\" data-ft=\"{&quot;type&quot;:104,&quot;tn&quot;:&quot;*N&quot;}\"><span class=\"_5afx\"><span class=\"_58cl _5afz\" aria-label=\"hashtag\">#<\/span><span class=\"_58cm\">inlovesince1952<\/span><\/span><\/a> <a class=\"_58cn\" href=\"https:\/\/www.facebook.com\/hashtag\/lightmyway?source=feed_text&amp;epa=HASHTAG&amp;__xts__%5B0%5D=68.ARAUen3b19S8gjl81eaV0GwPCr8abfIFf8x89zLPZPIw-TkYZg1pKtSXzSGyZjiq33hqfwu8bmPe8gjUSdAd27xs6y34A5mDqG3M3joU58bxUoPsmqIEDq3jU30Dymz8iZRwErJE5lObmHgMCG5Zu0u0pXHkfbpAM_nEJHvLPAIdXIlEXlkJrsxXQhALBuiCowtvReOWQXGreJUEt-E7w4CILf4AZEtujZ4O9Tv6hoXQmKRScUYvkPvlFrA8VMbo0zMWYWnRAuyg7M0TDnRmteNWJSutW4leHj5fGWKO8KJQFPRA_GNuHluFxR28SJbHYPJqqKyW9RQtfuiBeMlJkm4KRQ&amp;__tn__=%2ANK-R\" data-ft=\"{&quot;type&quot;:104,&quot;tn&quot;:&quot;*N&quot;}\"><span class=\"_5afx\"><span class=\"_58cl _5afz\" aria-label=\"hashtag\">#<\/span><span class=\"_58cm\">lightmyway<\/span><\/span><\/a><\/p>\n<\/div>\n<hr \/>\n<ul>\n<li><em><strong>Plus d&rsquo;infos sur : <a href=\"https:\/\/www.facebook.com\/saintelyon.officielle\/\">https:\/\/www.facebook.com\/saintelyon.officielle<\/a><\/strong><\/em><\/li>\n<\/ul>\n<hr \/>\n<div id='gallery-1' class='gallery galleryid-98370 gallery-columns-3 gallery-size-thumbnail'><figure class='gallery-item'>\n\t\t\t<div class='gallery-icon landscape'>\n\t\t\t\t<a href='https:\/\/newsestlyonnais.fr\/site\/2020\/03\/28\/lyon-saintelyon-ouverture-des-inscriptions-repoussee-au-30-avril\/newsestlyonnais-ouv-insc-saintelyon\/'><img loading=\"lazy\" decoding=\"async\" width=\"150\" height=\"79\" src=\"https:\/\/newsestlyonnais.fr\/site\/wp-content\/uploads\/2020\/03\/NEWSESTLYONNAIS-OUV-INSC-SAINTELYON-250x131.jpg\" class=\"attachment-thumbnail size-thumbnail\" alt=\"\" srcset=\"https:\/\/newsestlyonnais.fr\/site\/wp-content\/uploads\/2020\/03\/NEWSESTLYONNAIS-OUV-INSC-SAINTELYON-250x131.jpg 250w, https:\/\/newsestlyonnais.fr\/site\/wp-content\/uploads\/2020\/03\/NEWSESTLYONNAIS-OUV-INSC-SAINTELYON-400x210.jpg 400w, https:\/\/newsestlyonnais.fr\/site\/wp-content\/uploads\/2020\/03\/NEWSESTLYONNAIS-OUV-INSC-SAINTELYON-650x341.jpg 650w, https:\/\/newsestlyonnais.fr\/site\/wp-content\/uploads\/2020\/03\/NEWSESTLYONNAIS-OUV-INSC-SAINTELYON-768x403.jpg 768w, https:\/\/newsestlyonnais.fr\/site\/wp-content\/uploads\/2020\/03\/NEWSESTLYONNAIS-OUV-INSC-SAINTELYON-150x79.jpg 150w, https:\/\/newsestlyonnais.fr\/site\/wp-content\/uploads\/2020\/03\/NEWSESTLYONNAIS-OUV-INSC-SAINTELYON-50x26.jpg 50w, https:\/\/newsestlyonnais.fr\/site\/wp-content\/uploads\/2020\/03\/NEWSESTLYONNAIS-OUV-INSC-SAINTELYON-100x53.jpg 100w, https:\/\/newsestlyonnais.fr\/site\/wp-content\/uploads\/2020\/03\/NEWSESTLYONNAIS-OUV-INSC-SAINTELYON-200x105.jpg 200w, https:\/\/newsestlyonnais.fr\/site\/wp-content\/uploads\/2020\/03\/NEWSESTLYONNAIS-OUV-INSC-SAINTELYON-300x158.jpg 300w, https:\/\/newsestlyonnais.fr\/site\/wp-content\/uploads\/2020\/03\/NEWSESTLYONNAIS-OUV-INSC-SAINTELYON-350x184.jpg 350w, https:\/\/newsestlyonnais.fr\/site\/wp-content\/uploads\/2020\/03\/NEWSESTLYONNAIS-OUV-INSC-SAINTELYON-450x236.jpg 450w, https:\/\/newsestlyonnais.fr\/site\/wp-content\/uploads\/2020\/03\/NEWSESTLYONNAIS-OUV-INSC-SAINTELYON-500x263.jpg 500w, https:\/\/newsestlyonnais.fr\/site\/wp-content\/uploads\/2020\/03\/NEWSESTLYONNAIS-OUV-INSC-SAINTELYON-550x289.jpg 550w, https:\/\/newsestlyonnais.fr\/site\/wp-content\/uploads\/2020\/03\/NEWSESTLYONNAIS-OUV-INSC-SAINTELYON-800x420.jpg 800w, https:\/\/newsestlyonnais.fr\/site\/wp-content\/uploads\/2020\/03\/NEWSESTLYONNAIS-OUV-INSC-SAINTELYON.jpg 960w\" sizes=\"auto, (max-width: 150px) 100vw, 150px\" \/><\/a>\n\t\t\t<\/div><\/figure><figure class='gallery-item'>\n\t\t\t<div class='gallery-icon landscape'>\n\t\t\t\t<a href='https:\/\/newsestlyonnais.fr\/site\/2020\/03\/28\/lyon-saintelyon-ouverture-des-inscriptions-repoussee-au-30-avril\/newsestlyonnais-saintelyon-2020\/'><img loading=\"lazy\" decoding=\"async\" width=\"150\" height=\"57\" src=\"https:\/\/newsestlyonnais.fr\/site\/wp-content\/uploads\/2020\/03\/NEWSESTLYONNAIS-SAINTELYON-2020-250x95.jpg\" class=\"attachment-thumbnail size-thumbnail\" alt=\"\" srcset=\"https:\/\/newsestlyonnais.fr\/site\/wp-content\/uploads\/2020\/03\/NEWSESTLYONNAIS-SAINTELYON-2020-250x95.jpg 250w, https:\/\/newsestlyonnais.fr\/site\/wp-content\/uploads\/2020\/03\/NEWSESTLYONNAIS-SAINTELYON-2020-400x152.jpg 400w, https:\/\/newsestlyonnais.fr\/site\/wp-content\/uploads\/2020\/03\/NEWSESTLYONNAIS-SAINTELYON-2020-650x247.jpg 650w, https:\/\/newsestlyonnais.fr\/site\/wp-content\/uploads\/2020\/03\/NEWSESTLYONNAIS-SAINTELYON-2020-768x292.jpg 768w, https:\/\/newsestlyonnais.fr\/site\/wp-content\/uploads\/2020\/03\/NEWSESTLYONNAIS-SAINTELYON-2020-150x57.jpg 150w, https:\/\/newsestlyonnais.fr\/site\/wp-content\/uploads\/2020\/03\/NEWSESTLYONNAIS-SAINTELYON-2020-50x19.jpg 50w, https:\/\/newsestlyonnais.fr\/site\/wp-content\/uploads\/2020\/03\/NEWSESTLYONNAIS-SAINTELYON-2020-100x38.jpg 100w, https:\/\/newsestlyonnais.fr\/site\/wp-content\/uploads\/2020\/03\/NEWSESTLYONNAIS-SAINTELYON-2020-200x76.jpg 200w, https:\/\/newsestlyonnais.fr\/site\/wp-content\/uploads\/2020\/03\/NEWSESTLYONNAIS-SAINTELYON-2020-300x114.jpg 300w, https:\/\/newsestlyonnais.fr\/site\/wp-content\/uploads\/2020\/03\/NEWSESTLYONNAIS-SAINTELYON-2020-350x133.jpg 350w, https:\/\/newsestlyonnais.fr\/site\/wp-content\/uploads\/2020\/03\/NEWSESTLYONNAIS-SAINTELYON-2020-450x171.jpg 450w, https:\/\/newsestlyonnais.fr\/site\/wp-content\/uploads\/2020\/03\/NEWSESTLYONNAIS-SAINTELYON-2020-500x190.jpg 500w, https:\/\/newsestlyonnais.fr\/site\/wp-content\/uploads\/2020\/03\/NEWSESTLYONNAIS-SAINTELYON-2020-550x209.jpg 550w, https:\/\/newsestlyonnais.fr\/site\/wp-content\/uploads\/2020\/03\/NEWSESTLYONNAIS-SAINTELYON-2020-800x304.jpg 800w, https:\/\/newsestlyonnais.fr\/site\/wp-content\/uploads\/2020\/03\/NEWSESTLYONNAIS-SAINTELYON-2020.jpg 960w\" sizes=\"auto, (max-width: 150px) 100vw, 150px\" \/><\/a>\n\t\t\t<\/div><\/figure>\n\t\t<\/div>\n\n","protected":false},"excerpt":{"rendered":"<p>Compte tenu de la situation actuelle les organisateurs de la prochaine \u00e9dition, pr\u00e9vue du 4 au 6 d\u00e9cembre ont d\u00e9cid\u00e9 de d\u00e9caler cette date.<\/p>\n","protected":false},"author":4,"featured_media":61036,"comment_status":"open","ping_status":"open","sticky":false,"template":"","format":"standard","meta":{"footnotes":""},"categories":[2968,1625,2],"tags":[2283,2077,2076],"class_list":["post-98370","post","type-post","status-publish","format-standard","has-post-thumbnail","hentry","category-athle-course-pied-marche","category-lyon","category-sports","tag-course-pedestre","tag-lyon","tag-saintelyon"],"yoast_head":"<!-- This site is optimized with the Yoast SEO plugin v27.2 - https:\/\/yoast.com\/product\/yoast-seo-wordpress\/ -->\n<title>SAINTELYON | Inscriptions repouss\u00e9es au 30 avril - News Est Lyonnais<\/title>\n<meta name=\"description\" content=\"LYON | SAINTELYON : ouverture des inscriptions repouss\u00e9e au 30 avril\" \/>\n<meta name=\"robots\" content=\"index, follow, max-snippet:-1, max-image-preview:large, max-video-preview:-1\" \/>\n<link rel=\"canonical\" href=\"https:\/\/newsestlyonnais.fr\/site\/2020\/03\/28\/lyon-saintelyon-ouverture-des-inscriptions-repoussee-au-30-avril\/\" \/>\n<meta property=\"og:locale\" content=\"fr_FR\" \/>\n<meta property=\"og:type\" content=\"article\" \/>\n<meta property=\"og:title\" content=\"SAINTELYON | Inscriptions repouss\u00e9es au 30 avril - News Est Lyonnais\" \/>\n<meta property=\"og:description\" content=\"LYON | SAINTELYON : ouverture des inscriptions repouss\u00e9e au 30 avril\" \/>\n<meta property=\"og:url\" content=\"https:\/\/newsestlyonnais.fr\/site\/2020\/03\/28\/lyon-saintelyon-ouverture-des-inscriptions-repoussee-au-30-avril\/\" \/>\n<meta property=\"og:site_name\" content=\"News Est Lyonnais\" \/>\n<meta property=\"article:author\" content=\"https:\/\/www.facebook.com\/pascal.oberson.1?fref=ts\" \/>\n<meta property=\"article:published_time\" content=\"2020-03-28T14:03:47+00:00\" \/>\n<meta property=\"article:modified_time\" content=\"2020-04-04T18:56:14+00:00\" \/>\n<meta property=\"og:image\" content=\"https:\/\/i0.wp.com\/newsestlyonnais.fr\/site\/wp-content\/uploads\/2018\/12\/NEWSESTLYONNAIS-SAINTELYON-2018-e1585402997528.jpg?fit=1200%2C900&ssl=1\" \/>\n\t<meta property=\"og:image:width\" content=\"1200\" \/>\n\t<meta property=\"og:image:height\" content=\"900\" \/>\n\t<meta property=\"og:image:type\" content=\"image\/jpeg\" \/>\n<meta name=\"author\" content=\"R\u00e9dac. NEWS\" \/>\n<meta name=\"twitter:card\" content=\"summary_large_image\" \/>\n<meta name=\"twitter:label1\" content=\"\u00c9crit par\" \/>\n\t<meta name=\"twitter:data1\" content=\"R\u00e9dac. NEWS\" \/>\n\t<meta name=\"twitter:label2\" content=\"Dur\u00e9e de lecture estim\u00e9e\" \/>\n\t<meta name=\"twitter:data2\" content=\"1 minute\" \/>\n<script type=\"application\/ld+json\" class=\"yoast-schema-graph\">{\"@context\":\"https:\/\/schema.org\",\"@graph\":[{\"@type\":\"Article\",\"@id\":\"https:\/\/newsestlyonnais.fr\/site\/2020\/03\/28\/lyon-saintelyon-ouverture-des-inscriptions-repoussee-au-30-avril\/#article\",\"isPartOf\":{\"@id\":\"https:\/\/newsestlyonnais.fr\/site\/2020\/03\/28\/lyon-saintelyon-ouverture-des-inscriptions-repoussee-au-30-avril\/\"},\"author\":{\"name\":\"R\u00e9dac. NEWS\",\"@id\":\"https:\/\/newsestlyonnais.fr\/site\/#\/schema\/person\/3230d5615f390bb808365d673001e887\"},\"headline\":\"SAINTELYON | Inscriptions repouss\u00e9es au 30 avril\",\"datePublished\":\"2020-03-28T14:03:47+00:00\",\"dateModified\":\"2020-04-04T18:56:14+00:00\",\"mainEntityOfPage\":{\"@id\":\"https:\/\/newsestlyonnais.fr\/site\/2020\/03\/28\/lyon-saintelyon-ouverture-des-inscriptions-repoussee-au-30-avril\/\"},\"wordCount\":194,\"commentCount\":0,\"publisher\":{\"@id\":\"https:\/\/newsestlyonnais.fr\/site\/#organization\"},\"image\":{\"@id\":\"https:\/\/newsestlyonnais.fr\/site\/2020\/03\/28\/lyon-saintelyon-ouverture-des-inscriptions-repoussee-au-30-avril\/#primaryimage\"},\"thumbnailUrl\":\"https:\/\/newsestlyonnais.fr\/site\/wp-content\/uploads\/2018\/12\/NEWSESTLYONNAIS-SAINTELYON-2018-e1585402997528.jpg\",\"keywords\":[\"course p\u00e9destre\",\"LYON\",\"SAINTELYON\"],\"articleSection\":[\"Athl\u00e9 | Course pied | Marche\",\"Lyon\",\"Sports\"],\"inLanguage\":\"fr-FR\",\"potentialAction\":[{\"@type\":\"CommentAction\",\"name\":\"Comment\",\"target\":[\"https:\/\/newsestlyonnais.fr\/site\/2020\/03\/28\/lyon-saintelyon-ouverture-des-inscriptions-repoussee-au-30-avril\/#respond\"]}]},{\"@type\":\"WebPage\",\"@id\":\"https:\/\/newsestlyonnais.fr\/site\/2020\/03\/28\/lyon-saintelyon-ouverture-des-inscriptions-repoussee-au-30-avril\/\",\"url\":\"https:\/\/newsestlyonnais.fr\/site\/2020\/03\/28\/lyon-saintelyon-ouverture-des-inscriptions-repoussee-au-30-avril\/\",\"name\":\"SAINTELYON | Inscriptions repouss\u00e9es au 30 avril - News Est Lyonnais\",\"isPartOf\":{\"@id\":\"https:\/\/newsestlyonnais.fr\/site\/#website\"},\"primaryImageOfPage\":{\"@id\":\"https:\/\/newsestlyonnais.fr\/site\/2020\/03\/28\/lyon-saintelyon-ouverture-des-inscriptions-repoussee-au-30-avril\/#primaryimage\"},\"image\":{\"@id\":\"https:\/\/newsestlyonnais.fr\/site\/2020\/03\/28\/lyon-saintelyon-ouverture-des-inscriptions-repoussee-au-30-avril\/#primaryimage\"},\"thumbnailUrl\":\"https:\/\/newsestlyonnais.fr\/site\/wp-content\/uploads\/2018\/12\/NEWSESTLYONNAIS-SAINTELYON-2018-e1585402997528.jpg\",\"datePublished\":\"2020-03-28T14:03:47+00:00\",\"dateModified\":\"2020-04-04T18:56:14+00:00\",\"description\":\"LYON | SAINTELYON : ouverture des inscriptions repouss\u00e9e au 30 avril\",\"breadcrumb\":{\"@id\":\"https:\/\/newsestlyonnais.fr\/site\/2020\/03\/28\/lyon-saintelyon-ouverture-des-inscriptions-repoussee-au-30-avril\/#breadcrumb\"},\"inLanguage\":\"fr-FR\",\"potentialAction\":[{\"@type\":\"ReadAction\",\"target\":[\"https:\/\/newsestlyonnais.fr\/site\/2020\/03\/28\/lyon-saintelyon-ouverture-des-inscriptions-repoussee-au-30-avril\/\"]}]},{\"@type\":\"ImageObject\",\"inLanguage\":\"fr-FR\",\"@id\":\"https:\/\/newsestlyonnais.fr\/site\/2020\/03\/28\/lyon-saintelyon-ouverture-des-inscriptions-repoussee-au-30-avril\/#primaryimage\",\"url\":\"https:\/\/newsestlyonnais.fr\/site\/wp-content\/uploads\/2018\/12\/NEWSESTLYONNAIS-SAINTELYON-2018-e1585402997528.jpg\",\"contentUrl\":\"https:\/\/newsestlyonnais.fr\/site\/wp-content\/uploads\/2018\/12\/NEWSESTLYONNAIS-SAINTELYON-2018-e1585402997528.jpg\",\"width\":1200,\"height\":900,\"caption\":\"NEWSESTLYONNAIS SAINTELYON 2018\"},{\"@type\":\"BreadcrumbList\",\"@id\":\"https:\/\/newsestlyonnais.fr\/site\/2020\/03\/28\/lyon-saintelyon-ouverture-des-inscriptions-repoussee-au-30-avril\/#breadcrumb\",\"itemListElement\":[{\"@type\":\"ListItem\",\"position\":1,\"name\":\"Accueil\",\"item\":\"https:\/\/newsestlyonnais.fr\/site\/\"},{\"@type\":\"ListItem\",\"position\":2,\"name\":\"SAINTELYON | Inscriptions repouss\u00e9es au 30 avril\"}]},{\"@type\":\"WebSite\",\"@id\":\"https:\/\/newsestlyonnais.fr\/site\/#website\",\"url\":\"https:\/\/newsestlyonnais.fr\/site\/\",\"name\":\"News Est Lyonnais\",\"description\":\"L&#039;actualit\u00e9 au plus pr\u00e8s\",\"publisher\":{\"@id\":\"https:\/\/newsestlyonnais.fr\/site\/#organization\"},\"potentialAction\":[{\"@type\":\"SearchAction\",\"target\":{\"@type\":\"EntryPoint\",\"urlTemplate\":\"https:\/\/newsestlyonnais.fr\/site\/?s={search_term_string}\"},\"query-input\":{\"@type\":\"PropertyValueSpecification\",\"valueRequired\":true,\"valueName\":\"search_term_string\"}}],\"inLanguage\":\"fr-FR\"},{\"@type\":\"Organization\",\"@id\":\"https:\/\/newsestlyonnais.fr\/site\/#organization\",\"name\":\"News EST LYONNAIS\",\"url\":\"https:\/\/newsestlyonnais.fr\/site\/\",\"logo\":{\"@type\":\"ImageObject\",\"inLanguage\":\"fr-FR\",\"@id\":\"https:\/\/newsestlyonnais.fr\/site\/#\/schema\/logo\/image\/\",\"url\":\"\",\"contentUrl\":\"\",\"caption\":\"News EST LYONNAIS\"},\"image\":{\"@id\":\"https:\/\/newsestlyonnais.fr\/site\/#\/schema\/logo\/image\/\"}},{\"@type\":\"Person\",\"@id\":\"https:\/\/newsestlyonnais.fr\/site\/#\/schema\/person\/3230d5615f390bb808365d673001e887\",\"name\":\"R\u00e9dac. NEWS\",\"sameAs\":[\"http:\/\/www.newsestlyonnais.fr\",\"https:\/\/www.facebook.com\/pascal.oberson.1?fref=ts\",\"https:\/\/fr.linkedin.com\/in\/pascal-oberson-b17045113\"],\"url\":\"https:\/\/newsestlyonnais.fr\/site\/author\/nel\/\"}]}<\/script>\n<!-- \/ Yoast SEO plugin. -->","yoast_head_json":{"title":"SAINTELYON | Inscriptions repouss\u00e9es au 30 avril - News Est Lyonnais","description":"LYON | SAINTELYON : ouverture des inscriptions repouss\u00e9e au 30 avril","robots":{"index":"index","follow":"follow","max-snippet":"max-snippet:-1","max-image-preview":"max-image-preview:large","max-video-preview":"max-video-preview:-1"},"canonical":"https:\/\/newsestlyonnais.fr\/site\/2020\/03\/28\/lyon-saintelyon-ouverture-des-inscriptions-repoussee-au-30-avril\/","og_locale":"fr_FR","og_type":"article","og_title":"SAINTELYON | Inscriptions repouss\u00e9es au 30 avril - News Est Lyonnais","og_description":"LYON | SAINTELYON : ouverture des inscriptions repouss\u00e9e au 30 avril","og_url":"https:\/\/newsestlyonnais.fr\/site\/2020\/03\/28\/lyon-saintelyon-ouverture-des-inscriptions-repoussee-au-30-avril\/","og_site_name":"News Est Lyonnais","article_author":"https:\/\/www.facebook.com\/pascal.oberson.1?fref=ts","article_published_time":"2020-03-28T14:03:47+00:00","article_modified_time":"2020-04-04T18:56:14+00:00","og_image":[{"width":1200,"height":900,"url":"https:\/\/i0.wp.com\/newsestlyonnais.fr\/site\/wp-content\/uploads\/2018\/12\/NEWSESTLYONNAIS-SAINTELYON-2018-e1585402997528.jpg?fit=1200%2C900&ssl=1","type":"image\/jpeg"}],"author":"R\u00e9dac. NEWS","twitter_card":"summary_large_image","twitter_misc":{"\u00c9crit par":"R\u00e9dac. NEWS","Dur\u00e9e de lecture estim\u00e9e":"1 minute"},"schema":{"@context":"https:\/\/schema.org","@graph":[{"@type":"Article","@id":"https:\/\/newsestlyonnais.fr\/site\/2020\/03\/28\/lyon-saintelyon-ouverture-des-inscriptions-repoussee-au-30-avril\/#article","isPartOf":{"@id":"https:\/\/newsestlyonnais.fr\/site\/2020\/03\/28\/lyon-saintelyon-ouverture-des-inscriptions-repoussee-au-30-avril\/"},"author":{"name":"R\u00e9dac. NEWS","@id":"https:\/\/newsestlyonnais.fr\/site\/#\/schema\/person\/3230d5615f390bb808365d673001e887"},"headline":"SAINTELYON | Inscriptions repouss\u00e9es au 30 avril","datePublished":"2020-03-28T14:03:47+00:00","dateModified":"2020-04-04T18:56:14+00:00","mainEntityOfPage":{"@id":"https:\/\/newsestlyonnais.fr\/site\/2020\/03\/28\/lyon-saintelyon-ouverture-des-inscriptions-repoussee-au-30-avril\/"},"wordCount":194,"commentCount":0,"publisher":{"@id":"https:\/\/newsestlyonnais.fr\/site\/#organization"},"image":{"@id":"https:\/\/newsestlyonnais.fr\/site\/2020\/03\/28\/lyon-saintelyon-ouverture-des-inscriptions-repoussee-au-30-avril\/#primaryimage"},"thumbnailUrl":"https:\/\/newsestlyonnais.fr\/site\/wp-content\/uploads\/2018\/12\/NEWSESTLYONNAIS-SAINTELYON-2018-e1585402997528.jpg","keywords":["course p\u00e9destre","LYON","SAINTELYON"],"articleSection":["Athl\u00e9 | Course pied | Marche","Lyon","Sports"],"inLanguage":"fr-FR","potentialAction":[{"@type":"CommentAction","name":"Comment","target":["https:\/\/newsestlyonnais.fr\/site\/2020\/03\/28\/lyon-saintelyon-ouverture-des-inscriptions-repoussee-au-30-avril\/#respond"]}]},{"@type":"WebPage","@id":"https:\/\/newsestlyonnais.fr\/site\/2020\/03\/28\/lyon-saintelyon-ouverture-des-inscriptions-repoussee-au-30-avril\/","url":"https:\/\/newsestlyonnais.fr\/site\/2020\/03\/28\/lyon-saintelyon-ouverture-des-inscriptions-repoussee-au-30-avril\/","name":"SAINTELYON | Inscriptions repouss\u00e9es au 30 avril - News Est Lyonnais","isPartOf":{"@id":"https:\/\/newsestlyonnais.fr\/site\/#website"},"primaryImageOfPage":{"@id":"https:\/\/newsestlyonnais.fr\/site\/2020\/03\/28\/lyon-saintelyon-ouverture-des-inscriptions-repoussee-au-30-avril\/#primaryimage"},"image":{"@id":"https:\/\/newsestlyonnais.fr\/site\/2020\/03\/28\/lyon-saintelyon-ouverture-des-inscriptions-repoussee-au-30-avril\/#primaryimage"},"thumbnailUrl":"https:\/\/newsestlyonnais.fr\/site\/wp-content\/uploads\/2018\/12\/NEWSESTLYONNAIS-SAINTELYON-2018-e1585402997528.jpg","datePublished":"2020-03-28T14:03:47+00:00","dateModified":"2020-04-04T18:56:14+00:00","description":"LYON | SAINTELYON : ouverture des inscriptions repouss\u00e9e au 30 avril","breadcrumb":{"@id":"https:\/\/newsestlyonnais.fr\/site\/2020\/03\/28\/lyon-saintelyon-ouverture-des-inscriptions-repoussee-au-30-avril\/#breadcrumb"},"inLanguage":"fr-FR","potentialAction":[{"@type":"ReadAction","target":["https:\/\/newsestlyonnais.fr\/site\/2020\/03\/28\/lyon-saintelyon-ouverture-des-inscriptions-repoussee-au-30-avril\/"]}]},{"@type":"ImageObject","inLanguage":"fr-FR","@id":"https:\/\/newsestlyonnais.fr\/site\/2020\/03\/28\/lyon-saintelyon-ouverture-des-inscriptions-repoussee-au-30-avril\/#primaryimage","url":"https:\/\/newsestlyonnais.fr\/site\/wp-content\/uploads\/2018\/12\/NEWSESTLYONNAIS-SAINTELYON-2018-e1585402997528.jpg","contentUrl":"https:\/\/newsestlyonnais.fr\/site\/wp-content\/uploads\/2018\/12\/NEWSESTLYONNAIS-SAINTELYON-2018-e1585402997528.jpg","width":1200,"height":900,"caption":"NEWSESTLYONNAIS SAINTELYON 2018"},{"@type":"BreadcrumbList","@id":"https:\/\/newsestlyonnais.fr\/site\/2020\/03\/28\/lyon-saintelyon-ouverture-des-inscriptions-repoussee-au-30-avril\/#breadcrumb","itemListElement":[{"@type":"ListItem","position":1,"name":"Accueil","item":"https:\/\/newsestlyonnais.fr\/site\/"},{"@type":"ListItem","position":2,"name":"SAINTELYON | Inscriptions repouss\u00e9es au 30 avril"}]},{"@type":"WebSite","@id":"https:\/\/newsestlyonnais.fr\/site\/#website","url":"https:\/\/newsestlyonnais.fr\/site\/","name":"News Est Lyonnais","description":"L&#039;actualit\u00e9 au plus pr\u00e8s","publisher":{"@id":"https:\/\/newsestlyonnais.fr\/site\/#organization"},"potentialAction":[{"@type":"SearchAction","target":{"@type":"EntryPoint","urlTemplate":"https:\/\/newsestlyonnais.fr\/site\/?s={search_term_string}"},"query-input":{"@type":"PropertyValueSpecification","valueRequired":true,"valueName":"search_term_string"}}],"inLanguage":"fr-FR"},{"@type":"Organization","@id":"https:\/\/newsestlyonnais.fr\/site\/#organization","name":"News EST LYONNAIS","url":"https:\/\/newsestlyonnais.fr\/site\/","logo":{"@type":"ImageObject","inLanguage":"fr-FR","@id":"https:\/\/newsestlyonnais.fr\/site\/#\/schema\/logo\/image\/","url":"","contentUrl":"","caption":"News EST LYONNAIS"},"image":{"@id":"https:\/\/newsestlyonnais.fr\/site\/#\/schema\/logo\/image\/"}},{"@type":"Person","@id":"https:\/\/newsestlyonnais.fr\/site\/#\/schema\/person\/3230d5615f390bb808365d673001e887","name":"R\u00e9dac. NEWS","sameAs":["http:\/\/www.newsestlyonnais.fr","https:\/\/www.facebook.com\/pascal.oberson.1?fref=ts","https:\/\/fr.linkedin.com\/in\/pascal-oberson-b17045113"],"url":"https:\/\/newsestlyonnais.fr\/site\/author\/nel\/"}]}},"_links":{"self":[{"href":"https:\/\/newsestlyonnais.fr\/site\/wp-json\/wp\/v2\/posts\/98370","targetHints":{"allow":["GET"]}}],"collection":[{"href":"https:\/\/newsestlyonnais.fr\/site\/wp-json\/wp\/v2\/posts"}],"about":[{"href":"https:\/\/newsestlyonnais.fr\/site\/wp-json\/wp\/v2\/types\/post"}],"author":[{"embeddable":true,"href":"https:\/\/newsestlyonnais.fr\/site\/wp-json\/wp\/v2\/users\/4"}],"replies":[{"embeddable":true,"href":"https:\/\/newsestlyonnais.fr\/site\/wp-json\/wp\/v2\/comments?post=98370"}],"version-history":[{"count":0,"href":"https:\/\/newsestlyonnais.fr\/site\/wp-json\/wp\/v2\/posts\/98370\/revisions"}],"wp:featuredmedia":[{"embeddable":true,"href":"https:\/\/newsestlyonnais.fr\/site\/wp-json\/wp\/v2\/media\/61036"}],"wp:attachment":[{"href":"https:\/\/newsestlyonnais.fr\/site\/wp-json\/wp\/v2\/media?parent=98370"}],"wp:term":[{"taxonomy":"category","embeddable":true,"href":"https:\/\/newsestlyonnais.fr\/site\/wp-json\/wp\/v2\/categories?post=98370"},{"taxonomy":"post_tag","embeddable":true,"href":"https:\/\/newsestlyonnais.fr\/site\/wp-json\/wp\/v2\/tags?post=98370"}],"curies":[{"name":"wp","href":"https:\/\/api.w.org\/{rel}","templated":true}]}}