{"id":98416,"date":"2020-03-29T09:00:28","date_gmt":"2020-03-29T08:00:28","guid":{"rendered":"http:\/\/newsestlyonnais.fr\/site\/?p=98416"},"modified":"2020-05-13T14:54:06","modified_gmt":"2020-05-13T13:54:06","slug":"linterview-du-jour-lyon-florent-tosello-comment-vivez-vous-ce-confinement","status":"publish","type":"post","link":"https:\/\/newsestlyonnais.fr\/site\/2020\/03\/29\/linterview-du-jour-lyon-florent-tosello-comment-vivez-vous-ce-confinement\/","title":{"rendered":"LYON &lt; Florent Tosello \u00ab\u00a0je t\u00e9l\u00e9travaille et joue avec les enfants\u00a0\u00bb"},"content":{"rendered":"<p><span class=\"ui-sortable-handle\" style=\"font-size: 14pt\"><strong>\u00a0<\/strong><\/span><span style=\"font-size: 14pt\"><strong class=\"ui-sortable-handle\">Pr\u00e9sentez vous<\/strong> : <span class=\"ui-sortable-handle\"><strong>Florent Tosello, Pr\u00e9sident de l&rsquo;<a href=\"https:\/\/www.oslyon.com\">Office des Sports de Lyon 4\u00b0<\/a>.<\/strong><\/span><\/span><\/p>\n<p>&#8212;&#8212;&#8212;&#8212;&#8212;&#8212;&#8212;&#8212;&#8212;&#8212;&#8212;&#8212;&#8212;&#8212;&#8212;&#8212;&#8212;&#8212;&#8212;&#8212;&#8212;&#8212;&#8212;&#8212;&#8212;&#8212;&#8212;&#8212;&#8212;&#8212;&#8212;&#8212;&#8212;&#8212;<\/p>\n<p><strong><span style=\"font-size: 14pt\">Comment vivez vous votre confinement<\/span> ? <\/strong>Je suis actuellement chez moi avec ma famille sur la commune de Caluire et Cuire.<\/p>\n<p><strong>Quel livre avez vous lu en priorit\u00e9 ? <\/strong>Je suis en train de lire \u00ab\u00a0Carnets d&rsquo;en haut, dans l&rsquo;intimit\u00e9 des cimes\u00a0\u00bb de Florent Grange.<\/p>\n<p><strong>Quel DVD avez vous regard\u00e9 ? <\/strong>J&rsquo;essaie d&rsquo;\u00e9viter de trop regarder la t\u00e9l\u00e9 en ce moment et de plut\u00f4t profiter d&rsquo;activit\u00e9s en famille.<\/p>\n<p><strong>Quel CD avez vous \u00e9cout\u00e9 ? <\/strong>L&rsquo;histoire du \u00ab\u00a0Petit Prince\u00a0\u00bb lors des temps calmes avec mes enfants.<\/p>\n<p><strong>Quel site internet avez vous d\u00e9couvert ? <\/strong>On va dire surtout les r\u00e9seaux sociaux en ce moment&#8230; Bien qu&rsquo;il faille faire le tri entre toutes les fakes news qui nous inondent les fils d&rsquo;actualit\u00e9s !<\/p>\n<p><strong>Quelle passion pouvez vous enfin assouvir avec plus de temps pour vous ? <\/strong>Passer du temps \u00e0 jouer avec mes enfants, m&rsquo;am\u00e9liorer aux kaplas ?. Prendre le temps \u00e9galement de faire quelques albums photos. Enfin j&rsquo;adore particuli\u00e8rement cuisiner de bons petits plats !<\/p>\n<p><strong>Professionnellement travaillez vous en t\u00e9l\u00e9travail ? <\/strong>Oui, mon employeur m&rsquo;a mis \u00e0 disposition tous les outils n\u00e9cessaires.<\/p>\n<p><strong>Au niveau associatif, comment se passe cette coupure forc\u00e9e ? <\/strong>Tr\u00e8s frustrante, mais il faut bien respecter les consignes des autorit\u00e9s pour venir \u00e0 bout de ce satan\u00e9 virus. Je trouve \u00e7a triste tous ces terrains, gymnases, vides de cris et sourires d&rsquo;enfants.<\/p>\n<p><strong>Vos priorit\u00e9s, une fois le confinement termin\u00e9 ? <\/strong>\u00c0 titre associatif pouvoir r\u00e9unir le comit\u00e9 de direction de l&rsquo;Office des Sports Lyon 4 \u00e8me arrondissement pour nous organiser sur les \u00e9v\u00e9nements \u00e0 venir. \u00c0 titre professionnel, retrouver avec grand plaisir mon service et mes coll\u00e8gues. \u00c0 titre personnel, permettre \u00e0 ma famille une transition la plus simple possible entre le confinement et le retour dans la vraie vie.<\/p>\n<p><strong>Vos projets d\u2019ici la fin d\u2019ann\u00e9e ? <\/strong>Nous avions pour projet d&rsquo;organiser la 5\u00b0 \u00e9dition de Cerisaie en sports fin juin, suivant la dur\u00e9e du confinement il faudra bien r\u00e9fl\u00e9chir pour envisager la suite et la faisabilit\u00e9 de cet \u00e9v\u00e8nement&#8230;<\/p>\n<p>&#8212;&#8212;&#8212;&#8212;&#8212;&#8212;&#8212;&#8212;&#8212;&#8212;&#8212;&#8212;&#8212;&#8212;&#8212;&#8212;&#8212;&#8212;&#8212;&#8212;&#8212;&#8212;&#8212;&#8212;&#8212;&#8212;&#8212;&#8212;<\/p>\n<p><strong>Et pour conclure ? <\/strong>Notre adjoint aux sports est infirmier \u00e0 l&rsquo;H\u00f4pital de la Croix-Rousse, \u00e9tant en contact avec lui quasi au quotidien, je suis extr\u00eamement pr\u00e9occup\u00e9 par la situation explosive dans les h\u00f4pitaux. Je suis admiratif par l&rsquo;engagement de ces femmes et hommes qui veillent sur notre sant\u00e9. Je suis \u00e9galement fier de nos concitoyens qui continuent \u00e0 s&rsquo;investir pour nous permettre de vivre :\u00a0 travailleurs dans l&rsquo;agro-alimentaire, l&rsquo;\u00e9nergie, les services publics, le ramassage des ordures et bien d&rsquo;autres. <strong>Nous devons les respecter, la meilleure mani\u00e8re de le faire c&rsquo;est de rester chez nous !! <\/strong><\/p>\n<hr \/>\n<p><em><strong>LUNDI : Interview de Thibault Gozzi (responsable boutique Terre Running D\u00e9cines).<\/strong><\/em><\/p>\n<p>&#8212;&#8212;&#8212;&#8212;&#8212;&#8212;&#8212;&#8212;&#8212;&#8212;&#8212;&#8212;&#8212;&#8212;&#8212;&#8212;&#8212;&#8212;&#8212;&#8212;&#8212;&#8212;&#8212;&#8212;&#8212;&#8212;&#8212;&#8212;&#8212;&#8212;&#8212;&#8212;&#8212;&#8212;&#8211;<\/p>\n","protected":false},"excerpt":{"rendered":"<p>Chaque jour, un habitant de l&rsquo;Est Lyonnais nous raconte comment il s&rsquo;occupe au quotidien durant cette p\u00e9riode particuli\u00e8re.<\/p>\n","protected":false},"author":4,"featured_media":98420,"comment_status":"open","ping_status":"open","sticky":false,"template":"","format":"standard","meta":{"footnotes":""},"categories":[3323,166,4,3016,1625],"tags":[3242,2836],"class_list":["post-98416","post","type-post","status-publish","format-standard","has-post-thumbnail","hentry","category-confinement-interviews","category-divers-sports","category-evenements-divers","category-institutions-trophees-jo","category-lyon","tag-florent-tosello","tag-office-sports-de-lyon"],"yoast_head":"<!-- This site is optimized with the Yoast SEO plugin v27.2 - https:\/\/yoast.com\/product\/yoast-seo-wordpress\/ -->\n<title>LYON &lt; Florent Tosello &quot;je t\u00e9l\u00e9travaille et joue avec les enfants&quot; - News Est Lyonnais<\/title>\n<meta name=\"description\" content=\"L\u2019interview du jour : LYON | Florent Tosello, comment vivez vous ce confinement ?\" \/>\n<meta name=\"robots\" content=\"index, follow, max-snippet:-1, max-image-preview:large, max-video-preview:-1\" \/>\n<link rel=\"canonical\" href=\"https:\/\/newsestlyonnais.fr\/site\/2020\/03\/29\/linterview-du-jour-lyon-florent-tosello-comment-vivez-vous-ce-confinement\/\" \/>\n<meta property=\"og:locale\" content=\"fr_FR\" \/>\n<meta property=\"og:type\" content=\"article\" \/>\n<meta property=\"og:title\" content=\"LYON &lt; Florent Tosello &quot;je t\u00e9l\u00e9travaille et joue avec les enfants&quot; - News Est Lyonnais\" \/>\n<meta property=\"og:description\" content=\"L\u2019interview du jour : LYON | Florent Tosello, comment vivez vous ce confinement ?\" \/>\n<meta property=\"og:url\" content=\"https:\/\/newsestlyonnais.fr\/site\/2020\/03\/29\/linterview-du-jour-lyon-florent-tosello-comment-vivez-vous-ce-confinement\/\" \/>\n<meta property=\"og:site_name\" content=\"News Est Lyonnais\" \/>\n<meta property=\"article:author\" content=\"https:\/\/www.facebook.com\/pascal.oberson.1?fref=ts\" \/>\n<meta property=\"article:published_time\" content=\"2020-03-29T08:00:28+00:00\" \/>\n<meta property=\"article:modified_time\" content=\"2020-05-13T13:54:06+00:00\" \/>\n<meta property=\"og:image\" content=\"https:\/\/i2.wp.com\/newsestlyonnais.fr\/site\/wp-content\/uploads\/2020\/03\/NEWSESTLYONNAIS-FLORENT-TOSELLO.jpg?fit=593%2C741&ssl=1\" \/>\n\t<meta property=\"og:image:width\" content=\"593\" \/>\n\t<meta property=\"og:image:height\" content=\"741\" \/>\n\t<meta property=\"og:image:type\" content=\"image\/jpeg\" \/>\n<meta name=\"author\" content=\"R\u00e9dac. NEWS\" \/>\n<meta name=\"twitter:card\" content=\"summary_large_image\" \/>\n<meta name=\"twitter:label1\" content=\"\u00c9crit par\" \/>\n\t<meta name=\"twitter:data1\" content=\"R\u00e9dac. NEWS\" \/>\n\t<meta name=\"twitter:label2\" content=\"Dur\u00e9e de lecture estim\u00e9e\" \/>\n\t<meta name=\"twitter:data2\" content=\"2 minutes\" \/>\n<script type=\"application\/ld+json\" class=\"yoast-schema-graph\">{\"@context\":\"https:\/\/schema.org\",\"@graph\":[{\"@type\":\"Article\",\"@id\":\"https:\/\/newsestlyonnais.fr\/site\/2020\/03\/29\/linterview-du-jour-lyon-florent-tosello-comment-vivez-vous-ce-confinement\/#article\",\"isPartOf\":{\"@id\":\"https:\/\/newsestlyonnais.fr\/site\/2020\/03\/29\/linterview-du-jour-lyon-florent-tosello-comment-vivez-vous-ce-confinement\/\"},\"author\":{\"name\":\"R\u00e9dac. NEWS\",\"@id\":\"https:\/\/newsestlyonnais.fr\/site\/#\/schema\/person\/3230d5615f390bb808365d673001e887\"},\"headline\":\"LYON &lt; Florent Tosello \u00ab\u00a0je t\u00e9l\u00e9travaille et joue avec les enfants\u00a0\u00bb\",\"datePublished\":\"2020-03-29T08:00:28+00:00\",\"dateModified\":\"2020-05-13T13:54:06+00:00\",\"mainEntityOfPage\":{\"@id\":\"https:\/\/newsestlyonnais.fr\/site\/2020\/03\/29\/linterview-du-jour-lyon-florent-tosello-comment-vivez-vous-ce-confinement\/\"},\"wordCount\":491,\"commentCount\":0,\"publisher\":{\"@id\":\"https:\/\/newsestlyonnais.fr\/site\/#organization\"},\"image\":{\"@id\":\"https:\/\/newsestlyonnais.fr\/site\/2020\/03\/29\/linterview-du-jour-lyon-florent-tosello-comment-vivez-vous-ce-confinement\/#primaryimage\"},\"thumbnailUrl\":\"https:\/\/newsestlyonnais.fr\/site\/wp-content\/uploads\/2020\/03\/NEWSESTLYONNAIS-FLORENT-TOSELLO.jpg\",\"keywords\":[\"Florent Tosello\",\"OFFICE SPORTS DE LYON\"],\"articleSection\":[\"Confinement (interviews)\",\"Divers Sports\",\"Ev\u00e8nements divers\",\"Institutions | Troph\u00e9es | J.O.\",\"Lyon\"],\"inLanguage\":\"fr-FR\",\"potentialAction\":[{\"@type\":\"CommentAction\",\"name\":\"Comment\",\"target\":[\"https:\/\/newsestlyonnais.fr\/site\/2020\/03\/29\/linterview-du-jour-lyon-florent-tosello-comment-vivez-vous-ce-confinement\/#respond\"]}]},{\"@type\":\"WebPage\",\"@id\":\"https:\/\/newsestlyonnais.fr\/site\/2020\/03\/29\/linterview-du-jour-lyon-florent-tosello-comment-vivez-vous-ce-confinement\/\",\"url\":\"https:\/\/newsestlyonnais.fr\/site\/2020\/03\/29\/linterview-du-jour-lyon-florent-tosello-comment-vivez-vous-ce-confinement\/\",\"name\":\"LYON &lt; Florent Tosello \\\"je t\u00e9l\u00e9travaille et joue avec les enfants\\\" - News Est Lyonnais\",\"isPartOf\":{\"@id\":\"https:\/\/newsestlyonnais.fr\/site\/#website\"},\"primaryImageOfPage\":{\"@id\":\"https:\/\/newsestlyonnais.fr\/site\/2020\/03\/29\/linterview-du-jour-lyon-florent-tosello-comment-vivez-vous-ce-confinement\/#primaryimage\"},\"image\":{\"@id\":\"https:\/\/newsestlyonnais.fr\/site\/2020\/03\/29\/linterview-du-jour-lyon-florent-tosello-comment-vivez-vous-ce-confinement\/#primaryimage\"},\"thumbnailUrl\":\"https:\/\/newsestlyonnais.fr\/site\/wp-content\/uploads\/2020\/03\/NEWSESTLYONNAIS-FLORENT-TOSELLO.jpg\",\"datePublished\":\"2020-03-29T08:00:28+00:00\",\"dateModified\":\"2020-05-13T13:54:06+00:00\",\"description\":\"L\u2019interview du jour : LYON | Florent Tosello, comment vivez vous ce confinement ?\",\"breadcrumb\":{\"@id\":\"https:\/\/newsestlyonnais.fr\/site\/2020\/03\/29\/linterview-du-jour-lyon-florent-tosello-comment-vivez-vous-ce-confinement\/#breadcrumb\"},\"inLanguage\":\"fr-FR\",\"potentialAction\":[{\"@type\":\"ReadAction\",\"target\":[\"https:\/\/newsestlyonnais.fr\/site\/2020\/03\/29\/linterview-du-jour-lyon-florent-tosello-comment-vivez-vous-ce-confinement\/\"]}]},{\"@type\":\"ImageObject\",\"inLanguage\":\"fr-FR\",\"@id\":\"https:\/\/newsestlyonnais.fr\/site\/2020\/03\/29\/linterview-du-jour-lyon-florent-tosello-comment-vivez-vous-ce-confinement\/#primaryimage\",\"url\":\"https:\/\/newsestlyonnais.fr\/site\/wp-content\/uploads\/2020\/03\/NEWSESTLYONNAIS-FLORENT-TOSELLO.jpg\",\"contentUrl\":\"https:\/\/newsestlyonnais.fr\/site\/wp-content\/uploads\/2020\/03\/NEWSESTLYONNAIS-FLORENT-TOSELLO.jpg\",\"width\":593,\"height\":741},{\"@type\":\"BreadcrumbList\",\"@id\":\"https:\/\/newsestlyonnais.fr\/site\/2020\/03\/29\/linterview-du-jour-lyon-florent-tosello-comment-vivez-vous-ce-confinement\/#breadcrumb\",\"itemListElement\":[{\"@type\":\"ListItem\",\"position\":1,\"name\":\"Accueil\",\"item\":\"https:\/\/newsestlyonnais.fr\/site\/\"},{\"@type\":\"ListItem\",\"position\":2,\"name\":\"LYON &lt; Florent Tosello \u00ab\u00a0je t\u00e9l\u00e9travaille et joue avec les enfants\u00a0\u00bb\"}]},{\"@type\":\"WebSite\",\"@id\":\"https:\/\/newsestlyonnais.fr\/site\/#website\",\"url\":\"https:\/\/newsestlyonnais.fr\/site\/\",\"name\":\"News Est Lyonnais\",\"description\":\"L&#039;actualit\u00e9 au plus pr\u00e8s\",\"publisher\":{\"@id\":\"https:\/\/newsestlyonnais.fr\/site\/#organization\"},\"potentialAction\":[{\"@type\":\"SearchAction\",\"target\":{\"@type\":\"EntryPoint\",\"urlTemplate\":\"https:\/\/newsestlyonnais.fr\/site\/?s={search_term_string}\"},\"query-input\":{\"@type\":\"PropertyValueSpecification\",\"valueRequired\":true,\"valueName\":\"search_term_string\"}}],\"inLanguage\":\"fr-FR\"},{\"@type\":\"Organization\",\"@id\":\"https:\/\/newsestlyonnais.fr\/site\/#organization\",\"name\":\"News EST LYONNAIS\",\"url\":\"https:\/\/newsestlyonnais.fr\/site\/\",\"logo\":{\"@type\":\"ImageObject\",\"inLanguage\":\"fr-FR\",\"@id\":\"https:\/\/newsestlyonnais.fr\/site\/#\/schema\/logo\/image\/\",\"url\":\"\",\"contentUrl\":\"\",\"caption\":\"News EST LYONNAIS\"},\"image\":{\"@id\":\"https:\/\/newsestlyonnais.fr\/site\/#\/schema\/logo\/image\/\"}},{\"@type\":\"Person\",\"@id\":\"https:\/\/newsestlyonnais.fr\/site\/#\/schema\/person\/3230d5615f390bb808365d673001e887\",\"name\":\"R\u00e9dac. NEWS\",\"sameAs\":[\"http:\/\/www.newsestlyonnais.fr\",\"https:\/\/www.facebook.com\/pascal.oberson.1?fref=ts\",\"https:\/\/fr.linkedin.com\/in\/pascal-oberson-b17045113\"],\"url\":\"https:\/\/newsestlyonnais.fr\/site\/author\/nel\/\"}]}<\/script>\n<!-- \/ Yoast SEO plugin. -->","yoast_head_json":{"title":"LYON &lt; Florent Tosello \"je t\u00e9l\u00e9travaille et joue avec les enfants\" - News Est Lyonnais","description":"L\u2019interview du jour : LYON | Florent Tosello, comment vivez vous ce confinement ?","robots":{"index":"index","follow":"follow","max-snippet":"max-snippet:-1","max-image-preview":"max-image-preview:large","max-video-preview":"max-video-preview:-1"},"canonical":"https:\/\/newsestlyonnais.fr\/site\/2020\/03\/29\/linterview-du-jour-lyon-florent-tosello-comment-vivez-vous-ce-confinement\/","og_locale":"fr_FR","og_type":"article","og_title":"LYON &lt; Florent Tosello \"je t\u00e9l\u00e9travaille et joue avec les enfants\" - News Est Lyonnais","og_description":"L\u2019interview du jour : LYON | Florent Tosello, comment vivez vous ce confinement ?","og_url":"https:\/\/newsestlyonnais.fr\/site\/2020\/03\/29\/linterview-du-jour-lyon-florent-tosello-comment-vivez-vous-ce-confinement\/","og_site_name":"News Est Lyonnais","article_author":"https:\/\/www.facebook.com\/pascal.oberson.1?fref=ts","article_published_time":"2020-03-29T08:00:28+00:00","article_modified_time":"2020-05-13T13:54:06+00:00","og_image":[{"width":593,"height":741,"url":"https:\/\/i2.wp.com\/newsestlyonnais.fr\/site\/wp-content\/uploads\/2020\/03\/NEWSESTLYONNAIS-FLORENT-TOSELLO.jpg?fit=593%2C741&ssl=1","type":"image\/jpeg"}],"author":"R\u00e9dac. NEWS","twitter_card":"summary_large_image","twitter_misc":{"\u00c9crit par":"R\u00e9dac. NEWS","Dur\u00e9e de lecture estim\u00e9e":"2 minutes"},"schema":{"@context":"https:\/\/schema.org","@graph":[{"@type":"Article","@id":"https:\/\/newsestlyonnais.fr\/site\/2020\/03\/29\/linterview-du-jour-lyon-florent-tosello-comment-vivez-vous-ce-confinement\/#article","isPartOf":{"@id":"https:\/\/newsestlyonnais.fr\/site\/2020\/03\/29\/linterview-du-jour-lyon-florent-tosello-comment-vivez-vous-ce-confinement\/"},"author":{"name":"R\u00e9dac. NEWS","@id":"https:\/\/newsestlyonnais.fr\/site\/#\/schema\/person\/3230d5615f390bb808365d673001e887"},"headline":"LYON &lt; Florent Tosello \u00ab\u00a0je t\u00e9l\u00e9travaille et joue avec les enfants\u00a0\u00bb","datePublished":"2020-03-29T08:00:28+00:00","dateModified":"2020-05-13T13:54:06+00:00","mainEntityOfPage":{"@id":"https:\/\/newsestlyonnais.fr\/site\/2020\/03\/29\/linterview-du-jour-lyon-florent-tosello-comment-vivez-vous-ce-confinement\/"},"wordCount":491,"commentCount":0,"publisher":{"@id":"https:\/\/newsestlyonnais.fr\/site\/#organization"},"image":{"@id":"https:\/\/newsestlyonnais.fr\/site\/2020\/03\/29\/linterview-du-jour-lyon-florent-tosello-comment-vivez-vous-ce-confinement\/#primaryimage"},"thumbnailUrl":"https:\/\/newsestlyonnais.fr\/site\/wp-content\/uploads\/2020\/03\/NEWSESTLYONNAIS-FLORENT-TOSELLO.jpg","keywords":["Florent Tosello","OFFICE SPORTS DE LYON"],"articleSection":["Confinement (interviews)","Divers Sports","Ev\u00e8nements divers","Institutions | Troph\u00e9es | J.O.","Lyon"],"inLanguage":"fr-FR","potentialAction":[{"@type":"CommentAction","name":"Comment","target":["https:\/\/newsestlyonnais.fr\/site\/2020\/03\/29\/linterview-du-jour-lyon-florent-tosello-comment-vivez-vous-ce-confinement\/#respond"]}]},{"@type":"WebPage","@id":"https:\/\/newsestlyonnais.fr\/site\/2020\/03\/29\/linterview-du-jour-lyon-florent-tosello-comment-vivez-vous-ce-confinement\/","url":"https:\/\/newsestlyonnais.fr\/site\/2020\/03\/29\/linterview-du-jour-lyon-florent-tosello-comment-vivez-vous-ce-confinement\/","name":"LYON &lt; Florent Tosello \"je t\u00e9l\u00e9travaille et joue avec les enfants\" - News Est Lyonnais","isPartOf":{"@id":"https:\/\/newsestlyonnais.fr\/site\/#website"},"primaryImageOfPage":{"@id":"https:\/\/newsestlyonnais.fr\/site\/2020\/03\/29\/linterview-du-jour-lyon-florent-tosello-comment-vivez-vous-ce-confinement\/#primaryimage"},"image":{"@id":"https:\/\/newsestlyonnais.fr\/site\/2020\/03\/29\/linterview-du-jour-lyon-florent-tosello-comment-vivez-vous-ce-confinement\/#primaryimage"},"thumbnailUrl":"https:\/\/newsestlyonnais.fr\/site\/wp-content\/uploads\/2020\/03\/NEWSESTLYONNAIS-FLORENT-TOSELLO.jpg","datePublished":"2020-03-29T08:00:28+00:00","dateModified":"2020-05-13T13:54:06+00:00","description":"L\u2019interview du jour : LYON | Florent Tosello, comment vivez vous ce confinement ?","breadcrumb":{"@id":"https:\/\/newsestlyonnais.fr\/site\/2020\/03\/29\/linterview-du-jour-lyon-florent-tosello-comment-vivez-vous-ce-confinement\/#breadcrumb"},"inLanguage":"fr-FR","potentialAction":[{"@type":"ReadAction","target":["https:\/\/newsestlyonnais.fr\/site\/2020\/03\/29\/linterview-du-jour-lyon-florent-tosello-comment-vivez-vous-ce-confinement\/"]}]},{"@type":"ImageObject","inLanguage":"fr-FR","@id":"https:\/\/newsestlyonnais.fr\/site\/2020\/03\/29\/linterview-du-jour-lyon-florent-tosello-comment-vivez-vous-ce-confinement\/#primaryimage","url":"https:\/\/newsestlyonnais.fr\/site\/wp-content\/uploads\/2020\/03\/NEWSESTLYONNAIS-FLORENT-TOSELLO.jpg","contentUrl":"https:\/\/newsestlyonnais.fr\/site\/wp-content\/uploads\/2020\/03\/NEWSESTLYONNAIS-FLORENT-TOSELLO.jpg","width":593,"height":741},{"@type":"BreadcrumbList","@id":"https:\/\/newsestlyonnais.fr\/site\/2020\/03\/29\/linterview-du-jour-lyon-florent-tosello-comment-vivez-vous-ce-confinement\/#breadcrumb","itemListElement":[{"@type":"ListItem","position":1,"name":"Accueil","item":"https:\/\/newsestlyonnais.fr\/site\/"},{"@type":"ListItem","position":2,"name":"LYON &lt; Florent Tosello \u00ab\u00a0je t\u00e9l\u00e9travaille et joue avec les enfants\u00a0\u00bb"}]},{"@type":"WebSite","@id":"https:\/\/newsestlyonnais.fr\/site\/#website","url":"https:\/\/newsestlyonnais.fr\/site\/","name":"News Est Lyonnais","description":"L&#039;actualit\u00e9 au plus pr\u00e8s","publisher":{"@id":"https:\/\/newsestlyonnais.fr\/site\/#organization"},"potentialAction":[{"@type":"SearchAction","target":{"@type":"EntryPoint","urlTemplate":"https:\/\/newsestlyonnais.fr\/site\/?s={search_term_string}"},"query-input":{"@type":"PropertyValueSpecification","valueRequired":true,"valueName":"search_term_string"}}],"inLanguage":"fr-FR"},{"@type":"Organization","@id":"https:\/\/newsestlyonnais.fr\/site\/#organization","name":"News EST LYONNAIS","url":"https:\/\/newsestlyonnais.fr\/site\/","logo":{"@type":"ImageObject","inLanguage":"fr-FR","@id":"https:\/\/newsestlyonnais.fr\/site\/#\/schema\/logo\/image\/","url":"","contentUrl":"","caption":"News EST LYONNAIS"},"image":{"@id":"https:\/\/newsestlyonnais.fr\/site\/#\/schema\/logo\/image\/"}},{"@type":"Person","@id":"https:\/\/newsestlyonnais.fr\/site\/#\/schema\/person\/3230d5615f390bb808365d673001e887","name":"R\u00e9dac. NEWS","sameAs":["http:\/\/www.newsestlyonnais.fr","https:\/\/www.facebook.com\/pascal.oberson.1?fref=ts","https:\/\/fr.linkedin.com\/in\/pascal-oberson-b17045113"],"url":"https:\/\/newsestlyonnais.fr\/site\/author\/nel\/"}]}},"_links":{"self":[{"href":"https:\/\/newsestlyonnais.fr\/site\/wp-json\/wp\/v2\/posts\/98416","targetHints":{"allow":["GET"]}}],"collection":[{"href":"https:\/\/newsestlyonnais.fr\/site\/wp-json\/wp\/v2\/posts"}],"about":[{"href":"https:\/\/newsestlyonnais.fr\/site\/wp-json\/wp\/v2\/types\/post"}],"author":[{"embeddable":true,"href":"https:\/\/newsestlyonnais.fr\/site\/wp-json\/wp\/v2\/users\/4"}],"replies":[{"embeddable":true,"href":"https:\/\/newsestlyonnais.fr\/site\/wp-json\/wp\/v2\/comments?post=98416"}],"version-history":[{"count":0,"href":"https:\/\/newsestlyonnais.fr\/site\/wp-json\/wp\/v2\/posts\/98416\/revisions"}],"wp:featuredmedia":[{"embeddable":true,"href":"https:\/\/newsestlyonnais.fr\/site\/wp-json\/wp\/v2\/media\/98420"}],"wp:attachment":[{"href":"https:\/\/newsestlyonnais.fr\/site\/wp-json\/wp\/v2\/media?parent=98416"}],"wp:term":[{"taxonomy":"category","embeddable":true,"href":"https:\/\/newsestlyonnais.fr\/site\/wp-json\/wp\/v2\/categories?post=98416"},{"taxonomy":"post_tag","embeddable":true,"href":"https:\/\/newsestlyonnais.fr\/site\/wp-json\/wp\/v2\/tags?post=98416"}],"curies":[{"name":"wp","href":"https:\/\/api.w.org\/{rel}","templated":true}]}}