{"id":98551,"date":"2020-05-06T08:55:21","date_gmt":"2020-05-06T07:55:21","guid":{"rendered":"http:\/\/newsestlyonnais.fr\/site\/?p=98551"},"modified":"2020-05-12T18:33:00","modified_gmt":"2020-05-12T17:33:00","slug":"courses-pedestres-quoi-de-neuf-pour-les-prochaines-epreuves","status":"publish","type":"post","link":"https:\/\/newsestlyonnais.fr\/site\/2020\/05\/06\/courses-pedestres-quoi-de-neuf-pour-les-prochaines-epreuves\/","title":{"rendered":"Courses p\u00e9destres | Quoi de neuf pour les prochaines \u00e9preuves ?"},"content":{"rendered":"<p>La F\u00e9d\u00e9ration Fran\u00e7aise d&rsquo;Athl\u00e9tisme a suspendu depuis le 13 mars dernier, l\u2019ensemble de ses comp\u00e9titions, rassemblements et entra\u00eenements en groupe. Les organisateurs ont ainsi \u00e9t\u00e9 contraints d&rsquo;annuler au fur et \u00e0 mesure leur \u00e9dition 2020, certains d&rsquo;entre eux commencent \u00e0 donner des INFOS pour des \u00e9preuves programm\u00e9es cet \u00e9t\u00e9 et \u00e0 l&rsquo;automne prochain.<\/p>\n<p><span style=\"text-decoration: underline\">Voici une liste non exhaustive d&rsquo;\u00e9v\u00e8nements prochains<\/span> :<\/p>\n<ul>\n<li><strong>10 kms de Corbas (samedi 27 juin 2020) : Le Corbas Running <\/strong>a annonc\u00e9 l\u2019<strong>annulation de l\u2019\u00e9dition 2020<\/strong> de la course : \u00a0\u00bb Nous gardions un mince espoir, mais compte tenu de la crise sanitaire que rencontre actuellement notre pays, il nous a paru impensable de vous mettre en danger, vous les coureurs, vos familles mais aussi tous les b\u00e9n\u00e9voles qui font de cette course un succ\u00e8s. Nous sommes d\u2019autant plus d\u00e9\u00e7us que, pour cette nouvelle \u00e9dition, nous vous avions pr\u00e9par\u00e9 une toute nouvelle formule : la \u00ab CCDC \u00bb (Course Concert De Corbas), avec les courses des enfants en fin de journ\u00e9e et le d\u00e9part du 10 km \u00e0 20 h.Rassurez-vous, nous garderons ce m\u00eame concept l\u2019ann\u00e9e prochaine, nous reviendrons encore plus motiv\u00e9s. Bloquez d\u00e8s \u00e0 pr\u00e9sent votre samedi 26 juin 2021 pour la \u00ab CCDC \u00bb \u00ab\u00a0.<\/li>\n<\/ul>\n<p>________________________________________________________________________________<\/p>\n<ul>\n<li><strong><img loading=\"lazy\" decoding=\"async\" class=\"size-thumbnail wp-image-100040 alignleft\" src=\"https:\/\/newsestlyonnais.fr\/site\/medias\/2020\/04\/NEWSESTLYONANIS-ANNUL-BRESSOL-LINE-250x355.jpg\" alt=\"\" width=\"106\" height=\"150\" srcset=\"https:\/\/newsestlyonnais.fr\/site\/wp-content\/uploads\/2020\/04\/NEWSESTLYONANIS-ANNUL-BRESSOL-LINE-250x355.jpg 250w, https:\/\/newsestlyonnais.fr\/site\/wp-content\/uploads\/2020\/04\/NEWSESTLYONANIS-ANNUL-BRESSOL-LINE-400x568.jpg 400w, https:\/\/newsestlyonnais.fr\/site\/wp-content\/uploads\/2020\/04\/NEWSESTLYONANIS-ANNUL-BRESSOL-LINE-650x923.jpg 650w, https:\/\/newsestlyonnais.fr\/site\/wp-content\/uploads\/2020\/04\/NEWSESTLYONANIS-ANNUL-BRESSOL-LINE-150x213.jpg 150w, https:\/\/newsestlyonnais.fr\/site\/wp-content\/uploads\/2020\/04\/NEWSESTLYONANIS-ANNUL-BRESSOL-LINE-50x71.jpg 50w, https:\/\/newsestlyonnais.fr\/site\/wp-content\/uploads\/2020\/04\/NEWSESTLYONANIS-ANNUL-BRESSOL-LINE-100x142.jpg 100w, https:\/\/newsestlyonnais.fr\/site\/wp-content\/uploads\/2020\/04\/NEWSESTLYONANIS-ANNUL-BRESSOL-LINE-200x284.jpg 200w, https:\/\/newsestlyonnais.fr\/site\/wp-content\/uploads\/2020\/04\/NEWSESTLYONANIS-ANNUL-BRESSOL-LINE-300x426.jpg 300w, https:\/\/newsestlyonnais.fr\/site\/wp-content\/uploads\/2020\/04\/NEWSESTLYONANIS-ANNUL-BRESSOL-LINE-350x497.jpg 350w, https:\/\/newsestlyonnais.fr\/site\/wp-content\/uploads\/2020\/04\/NEWSESTLYONANIS-ANNUL-BRESSOL-LINE-450x639.jpg 450w, https:\/\/newsestlyonnais.fr\/site\/wp-content\/uploads\/2020\/04\/NEWSESTLYONANIS-ANNUL-BRESSOL-LINE-500x710.jpg 500w, https:\/\/newsestlyonnais.fr\/site\/wp-content\/uploads\/2020\/04\/NEWSESTLYONANIS-ANNUL-BRESSOL-LINE-550x781.jpg 550w, https:\/\/newsestlyonnais.fr\/site\/wp-content\/uploads\/2020\/04\/NEWSESTLYONANIS-ANNUL-BRESSOL-LINE.jpg 676w\" sizes=\"auto, (max-width: 106px) 100vw, 106px\" \/>La 4\u00b0 Bressol&rsquo;Line (dimanche 28 juin 2020) : course annul\u00e9e<\/strong>: voir communiqu\u00e9 des organisateurs : \u00ab\u00a0Avec grand regret, nous ne pouvons pas maintenir la Bressol&rsquo;Line dans sa forme habituelle.On est bien affect\u00e9s car tous nos b\u00e9n\u00e9voles fourmillaient d\u2019\u00e9nergie pour cette manifestation si conviviale, mais surtout, nous ne pourrons peut-\u00eatre pas envisager tous nos projets envers les enfants gravement malades et\/ou atteints de handicap.C&rsquo;est pour cela que nous vous demandons de vous inscrire, comme vous l&rsquo;auriez fait en temps normal, sur notre site <a href=\"https:\/\/www.association-line.org\/?fbclid=IwAR1o8E4LOk-1wSoWrebPbDGMAqD0LT1B2mdGvVcsB9_LCN3qxLpJywxPPKo\" target=\"_blank\" rel=\"noopener nofollow noreferrer\" data-ft=\"{&quot;tn&quot;:&quot;-U&quot;}\" data-lynx-mode=\"async\" data-lynx-uri=\"https:\/\/l.facebook.com\/l.php?u=https%3A%2F%2Fwww.association-line.org%2F%3Ffbclid%3DIwAR1o8E4LOk-1wSoWrebPbDGMAqD0LT1B2mdGvVcsB9_LCN3qxLpJywxPPKo&amp;h=AT3Qv923q-nbepjZJQliiT12rjFIJBMacQeU5fJxEHhWi7WTUqK3AN2vXS13Sw0jjTt_N_yFgCRMgpm89jW2g-Iel_pIvF5ZeXmq1K6jgy-JUrxeazY15E-y0vmSnT8NqfdAE_kJO7qCtwBmyVqwQVFl5aPb2O_eENIz8Vut803mRie2J3TF1cpxOLqNpK8pZmpD2QbvzxkevyktfT2pBxh6suvBcgax2KziYWaNfxunQiZR6nMiMrYvNUTkS7eQnMw8MjAINXR6LS2YxbIYABvPnHLMEK61I-xHuUP_a9mm9DBn-MzFphVO7-Bki77mn7eyM8u6HnsrcwPV9C5pc8zGKC7vo3YngYDUFUN_rIOUnD41DOIyUPSf7M1c40j_g1VQCVy6jBgEfF6eKGx8mv7mrbayk1QSZgwYiOHEL0kkMCxQqAcb5zgGusT5EgvhfPU1YF7AV0b-TEuOIlUDpIv13VhYTuGyIbno0h7XDAlRDss-IWMuNQwGf0XywJ2FaHNFFimn9Y9keFISt6yMkv3xYljGkjTpp1O_hhU1wCYPM6aXkUrVq-U-CxPIVGnWWRIbeKHNztIWyX9LKdb_TK-LAuTYy_BCBETzQ2zCqzYeumx3IVVldiloyCIhwSxihLH7O8o6TvD7DuEcNYigRI0\">https:\/\/www.association-line.org.<\/a> Votre don ira directement en faveur des actions loisirs envers les enfants. Le montant d&rsquo;un dossard vendu = un enfant soutenu ! Nous vous remettrons un re\u00e7u de don.Cette formule sera la moins p\u00e9nalisante et la plus solidaire.Nous vous attendons donc nombreux sur notre site et gardons espoir parce que le c\u0153ur triomphera de tout !<br \/>\nA Partager sans mod\u00e9ration ! Muriel et Anne-Marie (Organisatrices de la Bressol&rsquo;Line, Pr\u00e9sidente et Tr\u00e9sori\u00e8re de l&rsquo;association Line)<\/li>\n<\/ul>\n<p>________________________________________________________________________________<\/p>\n<ul>\n<li><strong><img loading=\"lazy\" decoding=\"async\" class=\"alignleft wp-image-88817\" src=\"https:\/\/newsestlyonnais.fr\/site\/medias\/2019\/11\/NEWSESTLYONNAIS-SENTIER-LONES-2019.jpg\" alt=\"\" width=\"113\" height=\"150\" srcset=\"https:\/\/newsestlyonnais.fr\/site\/wp-content\/uploads\/2019\/11\/NEWSESTLYONNAIS-SENTIER-LONES-2019.jpg 188w, https:\/\/newsestlyonnais.fr\/site\/wp-content\/uploads\/2019\/11\/NEWSESTLYONNAIS-SENTIER-LONES-2019-150x199.jpg 150w, https:\/\/newsestlyonnais.fr\/site\/wp-content\/uploads\/2019\/11\/NEWSESTLYONNAIS-SENTIER-LONES-2019-50x66.jpg 50w, https:\/\/newsestlyonnais.fr\/site\/wp-content\/uploads\/2019\/11\/NEWSESTLYONNAIS-SENTIER-LONES-2019-100x133.jpg 100w\" sizes=\"auto, (max-width: 113px) 100vw, 113px\" \/>Sentier des Lones<\/strong> \u00e0 Balan (01) par l&rsquo;ASC Balan Athl\u00e9 : <strong>course annul\u00e9e du<\/strong> <strong><strong>dimanche 20 septembre 2020. <\/strong><\/strong>Communiqu\u00e9 du club : \u00bb Au regard des conditions exceptionnelles li\u00e9es \u00e0 la pand\u00e9mie en cours, le bureau de l\u2019ASC Balan a d\u00e9cid\u00e9 de ne pas maintenir l\u2019organisation de la course \u00ab Le Sentier des L\u00f4nes \u00bb qui devait se tenir le 20 septembre 2020 \u00e0 Balan.En effet, <strong>de nombreuses incertitudes en lien avec l\u2019\u00e9volution de la pand\u00e9mie, p\u00e8sent encore sur les modalit\u00e9s<\/strong> li\u00e9es \u00e0 l\u2019organisation d\u2019un tel \u00e9v\u00e8nement.Soucieux d\u2019organiser au mieux cette manifestation annuelle et souhaitant proposer une prestation de qualit\u00e9 \u00e0 tous les coureurs, nous pr\u00e9f\u00e9rons reporter cette course \u00e0 2021. Nous vous donnons donc rendez vous en 2021 pour remettre \u00e7a !! \u00ab<\/li>\n<\/ul>\n<p>________________________________________________________________________________<\/p>\n<ul>\n<li><strong><img loading=\"lazy\" decoding=\"async\" class=\"size-thumbnail wp-image-95710 alignleft\" src=\"https:\/\/newsestlyonnais.fr\/site\/medias\/2020\/02\/NEWSESTLYONNAIS-RUNIN2MURE-2020-250x167.jpg\" alt=\"\" width=\"150\" height=\"100\" srcset=\"https:\/\/newsestlyonnais.fr\/site\/wp-content\/uploads\/2020\/02\/NEWSESTLYONNAIS-RUNIN2MURE-2020-250x167.jpg 250w, https:\/\/newsestlyonnais.fr\/site\/wp-content\/uploads\/2020\/02\/NEWSESTLYONNAIS-RUNIN2MURE-2020-400x267.jpg 400w, https:\/\/newsestlyonnais.fr\/site\/wp-content\/uploads\/2020\/02\/NEWSESTLYONNAIS-RUNIN2MURE-2020-650x433.jpg 650w, https:\/\/newsestlyonnais.fr\/site\/wp-content\/uploads\/2020\/02\/NEWSESTLYONNAIS-RUNIN2MURE-2020-768x512.jpg 768w, https:\/\/newsestlyonnais.fr\/site\/wp-content\/uploads\/2020\/02\/NEWSESTLYONNAIS-RUNIN2MURE-2020-150x100.jpg 150w, https:\/\/newsestlyonnais.fr\/site\/wp-content\/uploads\/2020\/02\/NEWSESTLYONNAIS-RUNIN2MURE-2020-50x33.jpg 50w, https:\/\/newsestlyonnais.fr\/site\/wp-content\/uploads\/2020\/02\/NEWSESTLYONNAIS-RUNIN2MURE-2020-100x67.jpg 100w, https:\/\/newsestlyonnais.fr\/site\/wp-content\/uploads\/2020\/02\/NEWSESTLYONNAIS-RUNIN2MURE-2020-200x133.jpg 200w, https:\/\/newsestlyonnais.fr\/site\/wp-content\/uploads\/2020\/02\/NEWSESTLYONNAIS-RUNIN2MURE-2020-300x200.jpg 300w, https:\/\/newsestlyonnais.fr\/site\/wp-content\/uploads\/2020\/02\/NEWSESTLYONNAIS-RUNIN2MURE-2020-350x233.jpg 350w, https:\/\/newsestlyonnais.fr\/site\/wp-content\/uploads\/2020\/02\/NEWSESTLYONNAIS-RUNIN2MURE-2020-450x300.jpg 450w, https:\/\/newsestlyonnais.fr\/site\/wp-content\/uploads\/2020\/02\/NEWSESTLYONNAIS-RUNIN2MURE-2020-500x333.jpg 500w, https:\/\/newsestlyonnais.fr\/site\/wp-content\/uploads\/2020\/02\/NEWSESTLYONNAIS-RUNIN2MURE-2020-550x367.jpg 550w, https:\/\/newsestlyonnais.fr\/site\/wp-content\/uploads\/2020\/02\/NEWSESTLYONNAIS-RUNIN2MURE-2020-800x533.jpg 800w, https:\/\/newsestlyonnais.fr\/site\/wp-content\/uploads\/2020\/02\/NEWSESTLYONNAIS-RUNIN2MURE-2020.jpg 1200w\" sizes=\"auto, (max-width: 150px) 100vw, 150px\" \/>RUN IN 2 MURE<\/strong> : <strong>Course annul\u00e9e du dimanche 20 septembre 2020<\/strong> de la Foul\u00e9e Muroise. Communiqu\u00e9 des organisateurs : \u00ab\u00a0Au vu du contexte sanitaire de ces derni\u00e8res semaines, de nombreux \u00e9l\u00e9ments essentiels \u00e0 l\u2019organisation de la Ri2M en terme de s\u00e9curit\u00e9, de proc\u00e9dures administratives, de sponsoring, de mobilisation des b\u00e9n\u00e9voles, de communication, etc. ne peuvent pas \u00eatre mis en place. Ces \u00e9l\u00e9ments et le manque de visibilit\u00e9 sur l\u2019\u00e9volution de la situation ont oblig\u00e9 le bureau de la Foul\u00e9e Muroise \u00e0 prendre la d\u00e9cision d\u2019annuler l\u2019\u00e9dition 2020 de la Ri2M pr\u00e9vue initialement le 20 septembre. Nous remercions les b\u00e9n\u00e9voles et les partenaires qui avaient d\u00e9j\u00e0 r\u00e9pondu pr\u00e9sents. Nous vous donnons rendez-vous en septembre 2021 pour une nouvelle \u00e9dition toujours sportive, conviviale et solidaire ! \u00bb. ________________________________________________________________________________<\/li>\n<li><strong><img loading=\"lazy\" decoding=\"async\" class=\"wp-image-99968 size-thumbnail alignleft\" src=\"https:\/\/newsestlyonnais.fr\/site\/medias\/2020\/04\/NEWSESTLYONNAIS-SOIREE-PISTE--250x249.jpg\" alt=\"\" width=\"150\" height=\"150\" srcset=\"https:\/\/newsestlyonnais.fr\/site\/wp-content\/uploads\/2020\/04\/NEWSESTLYONNAIS-SOIREE-PISTE--250x249.jpg 250w, https:\/\/newsestlyonnais.fr\/site\/wp-content\/uploads\/2020\/04\/NEWSESTLYONNAIS-SOIREE-PISTE--400x398.jpg 400w, https:\/\/newsestlyonnais.fr\/site\/wp-content\/uploads\/2020\/04\/NEWSESTLYONNAIS-SOIREE-PISTE--650x647.jpg 650w, https:\/\/newsestlyonnais.fr\/site\/wp-content\/uploads\/2020\/04\/NEWSESTLYONNAIS-SOIREE-PISTE--150x149.jpg 150w, https:\/\/newsestlyonnais.fr\/site\/wp-content\/uploads\/2020\/04\/NEWSESTLYONNAIS-SOIREE-PISTE--50x50.jpg 50w, https:\/\/newsestlyonnais.fr\/site\/wp-content\/uploads\/2020\/04\/NEWSESTLYONNAIS-SOIREE-PISTE--100x100.jpg 100w, https:\/\/newsestlyonnais.fr\/site\/wp-content\/uploads\/2020\/04\/NEWSESTLYONNAIS-SOIREE-PISTE--200x199.jpg 200w, https:\/\/newsestlyonnais.fr\/site\/wp-content\/uploads\/2020\/04\/NEWSESTLYONNAIS-SOIREE-PISTE--300x299.jpg 300w, https:\/\/newsestlyonnais.fr\/site\/wp-content\/uploads\/2020\/04\/NEWSESTLYONNAIS-SOIREE-PISTE--350x348.jpg 350w, https:\/\/newsestlyonnais.fr\/site\/wp-content\/uploads\/2020\/04\/NEWSESTLYONNAIS-SOIREE-PISTE--450x448.jpg 450w, https:\/\/newsestlyonnais.fr\/site\/wp-content\/uploads\/2020\/04\/NEWSESTLYONNAIS-SOIREE-PISTE--500x498.jpg 500w, https:\/\/newsestlyonnais.fr\/site\/wp-content\/uploads\/2020\/04\/NEWSESTLYONNAIS-SOIREE-PISTE--550x548.jpg 550w, https:\/\/newsestlyonnais.fr\/site\/wp-content\/uploads\/2020\/04\/NEWSESTLYONNAIS-SOIREE-PISTE-.jpg 696w\" sizes=\"auto, (max-width: 150px) 100vw, 150px\" \/>Soir\u00e9e sur piste : 5.000 &amp; 10.000 m de Chassieu Athl\u00e9 (vendredi 9 octobre 2020)<\/strong> : Inscriptions gratuites d\u00e9j\u00e0 ouvertes : <a href=\"https:\/\/www.njuko.net\/soireepiste2020\/select_competition?fbclid=IwAR2eAb5tNL39vk8czsz_a-gF6moOtyHRMcS_gcfPagmNy7bStu1aH8n1gi8\">https:\/\/www.njuko.net\/soireepiste2020\/select_competition?fbclid=IwAR2eAb5tNL39vk8czsz_a-gF6moOtyHRMcS_gcfPagmNy7bStu1aH8n1gi8<\/a><\/li>\n<\/ul>\n<p>&nbsp;<\/p>\n<p>________________________________________________________________________________<\/p>\n<ul>\n<li><strong><img loading=\"lazy\" decoding=\"async\" class=\"size-thumbnail wp-image-98376 alignleft\" src=\"https:\/\/newsestlyonnais.fr\/site\/medias\/2020\/03\/NEWSESTLYONNAIS-SAINTELYON-2020-250x95.jpg\" alt=\"\" width=\"150\" height=\"57\" srcset=\"https:\/\/newsestlyonnais.fr\/site\/wp-content\/uploads\/2020\/03\/NEWSESTLYONNAIS-SAINTELYON-2020-250x95.jpg 250w, https:\/\/newsestlyonnais.fr\/site\/wp-content\/uploads\/2020\/03\/NEWSESTLYONNAIS-SAINTELYON-2020-400x152.jpg 400w, https:\/\/newsestlyonnais.fr\/site\/wp-content\/uploads\/2020\/03\/NEWSESTLYONNAIS-SAINTELYON-2020-650x247.jpg 650w, https:\/\/newsestlyonnais.fr\/site\/wp-content\/uploads\/2020\/03\/NEWSESTLYONNAIS-SAINTELYON-2020-768x292.jpg 768w, https:\/\/newsestlyonnais.fr\/site\/wp-content\/uploads\/2020\/03\/NEWSESTLYONNAIS-SAINTELYON-2020-150x57.jpg 150w, https:\/\/newsestlyonnais.fr\/site\/wp-content\/uploads\/2020\/03\/NEWSESTLYONNAIS-SAINTELYON-2020-50x19.jpg 50w, https:\/\/newsestlyonnais.fr\/site\/wp-content\/uploads\/2020\/03\/NEWSESTLYONNAIS-SAINTELYON-2020-100x38.jpg 100w, https:\/\/newsestlyonnais.fr\/site\/wp-content\/uploads\/2020\/03\/NEWSESTLYONNAIS-SAINTELYON-2020-200x76.jpg 200w, https:\/\/newsestlyonnais.fr\/site\/wp-content\/uploads\/2020\/03\/NEWSESTLYONNAIS-SAINTELYON-2020-300x114.jpg 300w, https:\/\/newsestlyonnais.fr\/site\/wp-content\/uploads\/2020\/03\/NEWSESTLYONNAIS-SAINTELYON-2020-350x133.jpg 350w, https:\/\/newsestlyonnais.fr\/site\/wp-content\/uploads\/2020\/03\/NEWSESTLYONNAIS-SAINTELYON-2020-450x171.jpg 450w, https:\/\/newsestlyonnais.fr\/site\/wp-content\/uploads\/2020\/03\/NEWSESTLYONNAIS-SAINTELYON-2020-500x190.jpg 500w, https:\/\/newsestlyonnais.fr\/site\/wp-content\/uploads\/2020\/03\/NEWSESTLYONNAIS-SAINTELYON-2020-550x209.jpg 550w, https:\/\/newsestlyonnais.fr\/site\/wp-content\/uploads\/2020\/03\/NEWSESTLYONNAIS-SAINTELYON-2020-800x304.jpg 800w, https:\/\/newsestlyonnais.fr\/site\/wp-content\/uploads\/2020\/03\/NEWSESTLYONNAIS-SAINTELYON-2020.jpg 960w\" sizes=\"auto, (max-width: 150px) 100vw, 150px\" \/>La Saint\u00e9lyon (4,5 &amp; 6 d\u00e9cembre 2020)<\/strong> : Pour la 67\u00b0 \u00e9dition, la distance majeure passera de 76 \u00e0 77 kms et le d\u00e9marrage des inscriptions pr\u00e9vu au 1\u00b0 avril a \u00e9t\u00e9 repouss\u00e9 au 30 avril. + d&rsquo;infos : <a href=\"https:\/\/www.saintelyon.com\">https:\/\/www.saintelyon.com<\/a><\/li>\n<\/ul>\n<p>________________________________________________________________________________<\/p>\n<p><em><strong>D&rsquo;autres informations seront donn\u00e9es au fur et \u00e0 mesure de l&rsquo;avanc\u00e9e de la tournure des \u00e9v\u00e8nements.<\/strong><\/em><\/p>\n<p>&nbsp;<\/p>\n<p>&nbsp;<\/p>\n","protected":false},"excerpt":{"rendered":"<p>Suite aux mesures gouvernementales interdisant tout rassemblement public puis imposant un confinement total, les \u00e9preuves sportives n&rsquo;ont pas \u00e9chapp\u00e9 \u00e0 la r\u00e8gle.<\/p>\n","protected":false},"author":4,"featured_media":99935,"comment_status":"open","ping_status":"open","sticky":false,"template":"","format":"standard","meta":{"footnotes":""},"categories":[2968,1287,1625,2],"tags":[2283],"class_list":["post-98551","post","type-post","status-publish","format-standard","has-post-thumbnail","hentry","category-athle-course-pied-marche","category-corbas-feyzin","category-lyon","category-sports","tag-course-pedestre"],"yoast_head":"<!-- This site is optimized with the Yoast SEO plugin v27.2 - https:\/\/yoast.com\/product\/yoast-seo-wordpress\/ -->\n<title>Courses p\u00e9destres | Quoi de neuf pour les prochaines \u00e9preuves ? - News Est Lyonnais<\/title>\n<meta name=\"description\" content=\"Courses p\u00e9destres | Quoi de neuf pour les prochaines \u00e9preuves ?\" \/>\n<meta name=\"robots\" content=\"index, follow, max-snippet:-1, max-image-preview:large, max-video-preview:-1\" \/>\n<link rel=\"canonical\" href=\"https:\/\/newsestlyonnais.fr\/site\/2020\/05\/06\/courses-pedestres-quoi-de-neuf-pour-les-prochaines-epreuves\/\" \/>\n<meta property=\"og:locale\" content=\"fr_FR\" \/>\n<meta property=\"og:type\" content=\"article\" \/>\n<meta property=\"og:title\" content=\"Courses p\u00e9destres | Quoi de neuf pour les prochaines \u00e9preuves ? - News Est Lyonnais\" \/>\n<meta property=\"og:description\" content=\"Courses p\u00e9destres | Quoi de neuf pour les prochaines \u00e9preuves ?\" \/>\n<meta property=\"og:url\" content=\"https:\/\/newsestlyonnais.fr\/site\/2020\/05\/06\/courses-pedestres-quoi-de-neuf-pour-les-prochaines-epreuves\/\" \/>\n<meta property=\"og:site_name\" content=\"News Est Lyonnais\" \/>\n<meta property=\"article:author\" content=\"https:\/\/www.facebook.com\/pascal.oberson.1?fref=ts\" \/>\n<meta property=\"article:published_time\" content=\"2020-05-06T07:55:21+00:00\" \/>\n<meta property=\"article:modified_time\" content=\"2020-05-12T17:33:00+00:00\" \/>\n<meta property=\"og:image\" content=\"https:\/\/i0.wp.com\/newsestlyonnais.fr\/site\/wp-content\/uploads\/2020\/04\/NEWSESTLYONNAIS-SAINTE2020.jpg?fit=1200%2C800&ssl=1\" \/>\n\t<meta property=\"og:image:width\" content=\"1200\" \/>\n\t<meta property=\"og:image:height\" content=\"800\" \/>\n\t<meta property=\"og:image:type\" content=\"image\/jpeg\" \/>\n<meta name=\"author\" content=\"R\u00e9dac. NEWS\" \/>\n<meta name=\"twitter:card\" content=\"summary_large_image\" \/>\n<meta name=\"twitter:label1\" content=\"\u00c9crit par\" \/>\n\t<meta name=\"twitter:data1\" content=\"R\u00e9dac. NEWS\" \/>\n\t<meta name=\"twitter:label2\" content=\"Dur\u00e9e de lecture estim\u00e9e\" \/>\n\t<meta name=\"twitter:data2\" content=\"4 minutes\" \/>\n<script type=\"application\/ld+json\" class=\"yoast-schema-graph\">{\"@context\":\"https:\/\/schema.org\",\"@graph\":[{\"@type\":\"Article\",\"@id\":\"https:\/\/newsestlyonnais.fr\/site\/2020\/05\/06\/courses-pedestres-quoi-de-neuf-pour-les-prochaines-epreuves\/#article\",\"isPartOf\":{\"@id\":\"https:\/\/newsestlyonnais.fr\/site\/2020\/05\/06\/courses-pedestres-quoi-de-neuf-pour-les-prochaines-epreuves\/\"},\"author\":{\"name\":\"R\u00e9dac. NEWS\",\"@id\":\"https:\/\/newsestlyonnais.fr\/site\/#\/schema\/person\/3230d5615f390bb808365d673001e887\"},\"headline\":\"Courses p\u00e9destres | Quoi de neuf pour les prochaines \u00e9preuves ?\",\"datePublished\":\"2020-05-06T07:55:21+00:00\",\"dateModified\":\"2020-05-12T17:33:00+00:00\",\"mainEntityOfPage\":{\"@id\":\"https:\/\/newsestlyonnais.fr\/site\/2020\/05\/06\/courses-pedestres-quoi-de-neuf-pour-les-prochaines-epreuves\/\"},\"wordCount\":749,\"commentCount\":0,\"publisher\":{\"@id\":\"https:\/\/newsestlyonnais.fr\/site\/#organization\"},\"image\":{\"@id\":\"https:\/\/newsestlyonnais.fr\/site\/2020\/05\/06\/courses-pedestres-quoi-de-neuf-pour-les-prochaines-epreuves\/#primaryimage\"},\"thumbnailUrl\":\"https:\/\/newsestlyonnais.fr\/site\/wp-content\/uploads\/2020\/04\/NEWSESTLYONNAIS-SAINTE2020.jpg\",\"keywords\":[\"course p\u00e9destre\"],\"articleSection\":[\"Athl\u00e9 | Course pied | Marche\",\"Corbas | Feyzin\",\"Lyon\",\"Sports\"],\"inLanguage\":\"fr-FR\",\"potentialAction\":[{\"@type\":\"CommentAction\",\"name\":\"Comment\",\"target\":[\"https:\/\/newsestlyonnais.fr\/site\/2020\/05\/06\/courses-pedestres-quoi-de-neuf-pour-les-prochaines-epreuves\/#respond\"]}]},{\"@type\":\"WebPage\",\"@id\":\"https:\/\/newsestlyonnais.fr\/site\/2020\/05\/06\/courses-pedestres-quoi-de-neuf-pour-les-prochaines-epreuves\/\",\"url\":\"https:\/\/newsestlyonnais.fr\/site\/2020\/05\/06\/courses-pedestres-quoi-de-neuf-pour-les-prochaines-epreuves\/\",\"name\":\"Courses p\u00e9destres | Quoi de neuf pour les prochaines \u00e9preuves ? - News Est Lyonnais\",\"isPartOf\":{\"@id\":\"https:\/\/newsestlyonnais.fr\/site\/#website\"},\"primaryImageOfPage\":{\"@id\":\"https:\/\/newsestlyonnais.fr\/site\/2020\/05\/06\/courses-pedestres-quoi-de-neuf-pour-les-prochaines-epreuves\/#primaryimage\"},\"image\":{\"@id\":\"https:\/\/newsestlyonnais.fr\/site\/2020\/05\/06\/courses-pedestres-quoi-de-neuf-pour-les-prochaines-epreuves\/#primaryimage\"},\"thumbnailUrl\":\"https:\/\/newsestlyonnais.fr\/site\/wp-content\/uploads\/2020\/04\/NEWSESTLYONNAIS-SAINTE2020.jpg\",\"datePublished\":\"2020-05-06T07:55:21+00:00\",\"dateModified\":\"2020-05-12T17:33:00+00:00\",\"description\":\"Courses p\u00e9destres | Quoi de neuf pour les prochaines \u00e9preuves ?\",\"breadcrumb\":{\"@id\":\"https:\/\/newsestlyonnais.fr\/site\/2020\/05\/06\/courses-pedestres-quoi-de-neuf-pour-les-prochaines-epreuves\/#breadcrumb\"},\"inLanguage\":\"fr-FR\",\"potentialAction\":[{\"@type\":\"ReadAction\",\"target\":[\"https:\/\/newsestlyonnais.fr\/site\/2020\/05\/06\/courses-pedestres-quoi-de-neuf-pour-les-prochaines-epreuves\/\"]}]},{\"@type\":\"ImageObject\",\"inLanguage\":\"fr-FR\",\"@id\":\"https:\/\/newsestlyonnais.fr\/site\/2020\/05\/06\/courses-pedestres-quoi-de-neuf-pour-les-prochaines-epreuves\/#primaryimage\",\"url\":\"https:\/\/newsestlyonnais.fr\/site\/wp-content\/uploads\/2020\/04\/NEWSESTLYONNAIS-SAINTE2020.jpg\",\"contentUrl\":\"https:\/\/newsestlyonnais.fr\/site\/wp-content\/uploads\/2020\/04\/NEWSESTLYONNAIS-SAINTE2020.jpg\",\"width\":1200,\"height\":800},{\"@type\":\"BreadcrumbList\",\"@id\":\"https:\/\/newsestlyonnais.fr\/site\/2020\/05\/06\/courses-pedestres-quoi-de-neuf-pour-les-prochaines-epreuves\/#breadcrumb\",\"itemListElement\":[{\"@type\":\"ListItem\",\"position\":1,\"name\":\"Accueil\",\"item\":\"https:\/\/newsestlyonnais.fr\/site\/\"},{\"@type\":\"ListItem\",\"position\":2,\"name\":\"Courses p\u00e9destres | Quoi de neuf pour les prochaines \u00e9preuves ?\"}]},{\"@type\":\"WebSite\",\"@id\":\"https:\/\/newsestlyonnais.fr\/site\/#website\",\"url\":\"https:\/\/newsestlyonnais.fr\/site\/\",\"name\":\"News Est Lyonnais\",\"description\":\"L&#039;actualit\u00e9 au plus pr\u00e8s\",\"publisher\":{\"@id\":\"https:\/\/newsestlyonnais.fr\/site\/#organization\"},\"potentialAction\":[{\"@type\":\"SearchAction\",\"target\":{\"@type\":\"EntryPoint\",\"urlTemplate\":\"https:\/\/newsestlyonnais.fr\/site\/?s={search_term_string}\"},\"query-input\":{\"@type\":\"PropertyValueSpecification\",\"valueRequired\":true,\"valueName\":\"search_term_string\"}}],\"inLanguage\":\"fr-FR\"},{\"@type\":\"Organization\",\"@id\":\"https:\/\/newsestlyonnais.fr\/site\/#organization\",\"name\":\"News EST LYONNAIS\",\"url\":\"https:\/\/newsestlyonnais.fr\/site\/\",\"logo\":{\"@type\":\"ImageObject\",\"inLanguage\":\"fr-FR\",\"@id\":\"https:\/\/newsestlyonnais.fr\/site\/#\/schema\/logo\/image\/\",\"url\":\"\",\"contentUrl\":\"\",\"caption\":\"News EST LYONNAIS\"},\"image\":{\"@id\":\"https:\/\/newsestlyonnais.fr\/site\/#\/schema\/logo\/image\/\"}},{\"@type\":\"Person\",\"@id\":\"https:\/\/newsestlyonnais.fr\/site\/#\/schema\/person\/3230d5615f390bb808365d673001e887\",\"name\":\"R\u00e9dac. NEWS\",\"sameAs\":[\"http:\/\/www.newsestlyonnais.fr\",\"https:\/\/www.facebook.com\/pascal.oberson.1?fref=ts\",\"https:\/\/fr.linkedin.com\/in\/pascal-oberson-b17045113\"],\"url\":\"https:\/\/newsestlyonnais.fr\/site\/author\/nel\/\"}]}<\/script>\n<!-- \/ Yoast SEO plugin. -->","yoast_head_json":{"title":"Courses p\u00e9destres | Quoi de neuf pour les prochaines \u00e9preuves ? - News Est Lyonnais","description":"Courses p\u00e9destres | Quoi de neuf pour les prochaines \u00e9preuves ?","robots":{"index":"index","follow":"follow","max-snippet":"max-snippet:-1","max-image-preview":"max-image-preview:large","max-video-preview":"max-video-preview:-1"},"canonical":"https:\/\/newsestlyonnais.fr\/site\/2020\/05\/06\/courses-pedestres-quoi-de-neuf-pour-les-prochaines-epreuves\/","og_locale":"fr_FR","og_type":"article","og_title":"Courses p\u00e9destres | Quoi de neuf pour les prochaines \u00e9preuves ? - News Est Lyonnais","og_description":"Courses p\u00e9destres | Quoi de neuf pour les prochaines \u00e9preuves ?","og_url":"https:\/\/newsestlyonnais.fr\/site\/2020\/05\/06\/courses-pedestres-quoi-de-neuf-pour-les-prochaines-epreuves\/","og_site_name":"News Est Lyonnais","article_author":"https:\/\/www.facebook.com\/pascal.oberson.1?fref=ts","article_published_time":"2020-05-06T07:55:21+00:00","article_modified_time":"2020-05-12T17:33:00+00:00","og_image":[{"width":1200,"height":800,"url":"https:\/\/i0.wp.com\/newsestlyonnais.fr\/site\/wp-content\/uploads\/2020\/04\/NEWSESTLYONNAIS-SAINTE2020.jpg?fit=1200%2C800&ssl=1","type":"image\/jpeg"}],"author":"R\u00e9dac. NEWS","twitter_card":"summary_large_image","twitter_misc":{"\u00c9crit par":"R\u00e9dac. NEWS","Dur\u00e9e de lecture estim\u00e9e":"4 minutes"},"schema":{"@context":"https:\/\/schema.org","@graph":[{"@type":"Article","@id":"https:\/\/newsestlyonnais.fr\/site\/2020\/05\/06\/courses-pedestres-quoi-de-neuf-pour-les-prochaines-epreuves\/#article","isPartOf":{"@id":"https:\/\/newsestlyonnais.fr\/site\/2020\/05\/06\/courses-pedestres-quoi-de-neuf-pour-les-prochaines-epreuves\/"},"author":{"name":"R\u00e9dac. NEWS","@id":"https:\/\/newsestlyonnais.fr\/site\/#\/schema\/person\/3230d5615f390bb808365d673001e887"},"headline":"Courses p\u00e9destres | Quoi de neuf pour les prochaines \u00e9preuves ?","datePublished":"2020-05-06T07:55:21+00:00","dateModified":"2020-05-12T17:33:00+00:00","mainEntityOfPage":{"@id":"https:\/\/newsestlyonnais.fr\/site\/2020\/05\/06\/courses-pedestres-quoi-de-neuf-pour-les-prochaines-epreuves\/"},"wordCount":749,"commentCount":0,"publisher":{"@id":"https:\/\/newsestlyonnais.fr\/site\/#organization"},"image":{"@id":"https:\/\/newsestlyonnais.fr\/site\/2020\/05\/06\/courses-pedestres-quoi-de-neuf-pour-les-prochaines-epreuves\/#primaryimage"},"thumbnailUrl":"https:\/\/newsestlyonnais.fr\/site\/wp-content\/uploads\/2020\/04\/NEWSESTLYONNAIS-SAINTE2020.jpg","keywords":["course p\u00e9destre"],"articleSection":["Athl\u00e9 | Course pied | Marche","Corbas | Feyzin","Lyon","Sports"],"inLanguage":"fr-FR","potentialAction":[{"@type":"CommentAction","name":"Comment","target":["https:\/\/newsestlyonnais.fr\/site\/2020\/05\/06\/courses-pedestres-quoi-de-neuf-pour-les-prochaines-epreuves\/#respond"]}]},{"@type":"WebPage","@id":"https:\/\/newsestlyonnais.fr\/site\/2020\/05\/06\/courses-pedestres-quoi-de-neuf-pour-les-prochaines-epreuves\/","url":"https:\/\/newsestlyonnais.fr\/site\/2020\/05\/06\/courses-pedestres-quoi-de-neuf-pour-les-prochaines-epreuves\/","name":"Courses p\u00e9destres | Quoi de neuf pour les prochaines \u00e9preuves ? - News Est Lyonnais","isPartOf":{"@id":"https:\/\/newsestlyonnais.fr\/site\/#website"},"primaryImageOfPage":{"@id":"https:\/\/newsestlyonnais.fr\/site\/2020\/05\/06\/courses-pedestres-quoi-de-neuf-pour-les-prochaines-epreuves\/#primaryimage"},"image":{"@id":"https:\/\/newsestlyonnais.fr\/site\/2020\/05\/06\/courses-pedestres-quoi-de-neuf-pour-les-prochaines-epreuves\/#primaryimage"},"thumbnailUrl":"https:\/\/newsestlyonnais.fr\/site\/wp-content\/uploads\/2020\/04\/NEWSESTLYONNAIS-SAINTE2020.jpg","datePublished":"2020-05-06T07:55:21+00:00","dateModified":"2020-05-12T17:33:00+00:00","description":"Courses p\u00e9destres | Quoi de neuf pour les prochaines \u00e9preuves ?","breadcrumb":{"@id":"https:\/\/newsestlyonnais.fr\/site\/2020\/05\/06\/courses-pedestres-quoi-de-neuf-pour-les-prochaines-epreuves\/#breadcrumb"},"inLanguage":"fr-FR","potentialAction":[{"@type":"ReadAction","target":["https:\/\/newsestlyonnais.fr\/site\/2020\/05\/06\/courses-pedestres-quoi-de-neuf-pour-les-prochaines-epreuves\/"]}]},{"@type":"ImageObject","inLanguage":"fr-FR","@id":"https:\/\/newsestlyonnais.fr\/site\/2020\/05\/06\/courses-pedestres-quoi-de-neuf-pour-les-prochaines-epreuves\/#primaryimage","url":"https:\/\/newsestlyonnais.fr\/site\/wp-content\/uploads\/2020\/04\/NEWSESTLYONNAIS-SAINTE2020.jpg","contentUrl":"https:\/\/newsestlyonnais.fr\/site\/wp-content\/uploads\/2020\/04\/NEWSESTLYONNAIS-SAINTE2020.jpg","width":1200,"height":800},{"@type":"BreadcrumbList","@id":"https:\/\/newsestlyonnais.fr\/site\/2020\/05\/06\/courses-pedestres-quoi-de-neuf-pour-les-prochaines-epreuves\/#breadcrumb","itemListElement":[{"@type":"ListItem","position":1,"name":"Accueil","item":"https:\/\/newsestlyonnais.fr\/site\/"},{"@type":"ListItem","position":2,"name":"Courses p\u00e9destres | Quoi de neuf pour les prochaines \u00e9preuves ?"}]},{"@type":"WebSite","@id":"https:\/\/newsestlyonnais.fr\/site\/#website","url":"https:\/\/newsestlyonnais.fr\/site\/","name":"News Est Lyonnais","description":"L&#039;actualit\u00e9 au plus pr\u00e8s","publisher":{"@id":"https:\/\/newsestlyonnais.fr\/site\/#organization"},"potentialAction":[{"@type":"SearchAction","target":{"@type":"EntryPoint","urlTemplate":"https:\/\/newsestlyonnais.fr\/site\/?s={search_term_string}"},"query-input":{"@type":"PropertyValueSpecification","valueRequired":true,"valueName":"search_term_string"}}],"inLanguage":"fr-FR"},{"@type":"Organization","@id":"https:\/\/newsestlyonnais.fr\/site\/#organization","name":"News EST LYONNAIS","url":"https:\/\/newsestlyonnais.fr\/site\/","logo":{"@type":"ImageObject","inLanguage":"fr-FR","@id":"https:\/\/newsestlyonnais.fr\/site\/#\/schema\/logo\/image\/","url":"","contentUrl":"","caption":"News EST LYONNAIS"},"image":{"@id":"https:\/\/newsestlyonnais.fr\/site\/#\/schema\/logo\/image\/"}},{"@type":"Person","@id":"https:\/\/newsestlyonnais.fr\/site\/#\/schema\/person\/3230d5615f390bb808365d673001e887","name":"R\u00e9dac. NEWS","sameAs":["http:\/\/www.newsestlyonnais.fr","https:\/\/www.facebook.com\/pascal.oberson.1?fref=ts","https:\/\/fr.linkedin.com\/in\/pascal-oberson-b17045113"],"url":"https:\/\/newsestlyonnais.fr\/site\/author\/nel\/"}]}},"_links":{"self":[{"href":"https:\/\/newsestlyonnais.fr\/site\/wp-json\/wp\/v2\/posts\/98551","targetHints":{"allow":["GET"]}}],"collection":[{"href":"https:\/\/newsestlyonnais.fr\/site\/wp-json\/wp\/v2\/posts"}],"about":[{"href":"https:\/\/newsestlyonnais.fr\/site\/wp-json\/wp\/v2\/types\/post"}],"author":[{"embeddable":true,"href":"https:\/\/newsestlyonnais.fr\/site\/wp-json\/wp\/v2\/users\/4"}],"replies":[{"embeddable":true,"href":"https:\/\/newsestlyonnais.fr\/site\/wp-json\/wp\/v2\/comments?post=98551"}],"version-history":[{"count":0,"href":"https:\/\/newsestlyonnais.fr\/site\/wp-json\/wp\/v2\/posts\/98551\/revisions"}],"wp:featuredmedia":[{"embeddable":true,"href":"https:\/\/newsestlyonnais.fr\/site\/wp-json\/wp\/v2\/media\/99935"}],"wp:attachment":[{"href":"https:\/\/newsestlyonnais.fr\/site\/wp-json\/wp\/v2\/media?parent=98551"}],"wp:term":[{"taxonomy":"category","embeddable":true,"href":"https:\/\/newsestlyonnais.fr\/site\/wp-json\/wp\/v2\/categories?post=98551"},{"taxonomy":"post_tag","embeddable":true,"href":"https:\/\/newsestlyonnais.fr\/site\/wp-json\/wp\/v2\/tags?post=98551"}],"curies":[{"name":"wp","href":"https:\/\/api.w.org\/{rel}","templated":true}]}}