{"id":99004,"date":"2020-04-06T08:49:42","date_gmt":"2020-04-06T07:49:42","guid":{"rendered":"http:\/\/newsestlyonnais.fr\/site\/?p=99004"},"modified":"2020-05-19T18:05:14","modified_gmt":"2020-05-19T17:05:14","slug":"covid-19-des-navettes-raccompagnent-les-personnels-hospitaliers-apres-23-h","status":"publish","type":"post","link":"https:\/\/newsestlyonnais.fr\/site\/2020\/04\/06\/covid-19-des-navettes-raccompagnent-les-personnels-hospitaliers-apres-23-h\/","title":{"rendered":"COVID-19 | Des navettes raccompagnent les personnels hospitaliers apr\u00e8s 23 h"},"content":{"rendered":"<p>Depuis le 17 mars, d\u00e9but de la p\u00e9riode de confinement, le SYTRAL et Keolis Lyon, d\u00e9l\u00e9gataire du r\u00e9seau TCL, s\u2019adaptent \u00e0 cette situation in\u00e9dite en affinant au quotidien la desserte de l\u2019ensemble des territoires et des p\u00f4les hospitaliers.<\/p>\n<p><strong>Les \u00e9tablissements de sant\u00e9 publics et priv\u00e9s sont desservis par 69 lignes de bus, m\u00e9tro et tramway<\/strong>. L\u2019offre a \u00e9t\u00e9 ajust\u00e9e en lien avec les diff\u00e9rentes structures, afin de r\u00e9pondre aux besoins et de s\u2019adapter aux horaires sp\u00e9cifiques du corps m\u00e9dical.<\/p>\n<hr \/>\n<p><em><strong><span style=\"text-decoration: underline\">Une offre de transport adapt\u00e9e aux besoins des \u00e9tablissements de sant\u00e9<\/span> :<\/strong> <\/em><\/p>\n<p>Afin de garantir au personnel hospitalier, une offre de transport adapt\u00e9e, apr\u00e8s la fermeture du r\u00e9seau TCL \u00e0 23 h, <strong>le SYTRAL d\u00e9ploie un nouveau service sur mesure<\/strong>.<\/p>\n<p><strong>D\u00e8s lundi 6 avril, des navettes seront mises en place au d\u00e9part de 4 p\u00f4les<\/strong> :<\/p>\n<ul>\n<li>l\u2019h\u00f4pital de la Croix-Rousse,<\/li>\n<li>l\u2019h\u00f4pital Edouard Herriot et le Vinatier,<\/li>\n<li>les h\u00f4pitaux Est<\/li>\n<li>l\u2019h\u00f4pital Lyon-Sud<\/li>\n<\/ul>\n<p><strong>\u00e0 23 heures et 23 heures 30<\/strong>, et raccompagneront les personnels jusqu\u2019\u00e0 leur domicile.<\/p>\n<p><strong>Ce dispositif,<\/strong> \u00e9labor\u00e9 en concertation avec les \u00e9tablissements, <strong>sera assur\u00e9 gr\u00e2ce \u00e0 8 v\u00e9hicules de 9 places<\/strong>. Afin de respecter les mesures sanitaires en vigueur, <strong>chaque navette transportera au maximum 2 passagers.<\/strong> <strong>R\u00e9servations obligatoires aupr\u00e8s d\u2019All\u00f4 TCL (04 26 10 12 12) jusqu\u2019\u00e0 18 h pour le soir-m\u00eame<\/strong>.<\/p>\n<p>&#8212;&#8212;&#8212;&#8212;&#8212;&#8212;&#8212;&#8212;&#8212;&#8212;&#8212;&#8212;&#8212;&#8212;&#8212;&#8212;&#8212;&#8212;&#8212;&#8212;&#8212;&#8212;&#8212;&#8212;&#8212;&#8212;&#8212;&#8212;&#8212;&#8212;&#8212;&#8212;&#8212;&#8212;&#8212;&#8212;&#8212;&#8212;&#8212;&#8212;&#8212;&#8212;&#8212;&#8212;&#8212;&#8211;<\/p>\n<p><span style=\"text-decoration: underline\"><strong>Le SYTRAL offre la gratuit\u00e9 aux personnels hospitaliers<\/strong><\/span> :<\/p>\n<p>Pour les accompagner au mieux dans leur mission, le SYTRAL a par ailleurs mis en place la gratuit\u00e9 pour l\u2019ensemble des personnels hospitaliers.Des cartes t\u00e9l\u00e9charg\u00e9es de 10 tickets sont d\u00e9sormais \u00e0 disposition des sites hospitaliers et des Ehpad. Informations et demandes aupr\u00e8s d\u2019All\u00f4 TCL, 04 26 10 12 12. Le SYTRAL r\u00e9affirme sa volont\u00e9 de tout mettre en \u0153uvre afin de garantir une desserte en transport en commun efficace et adapt\u00e9e, pour les personnes dont les d\u00e9placements sont indispensables. Le SYTRAL tient \u00e0 nouveau \u00e0 remercier Keolis Lyon et l\u2019ensemble des personnels pour leur flexibilit\u00e9 et leur implication au quotidien.<\/p>\n<hr \/>\n<p><span style=\"font-size: 14pt\"><strong><em>Source : communiqu\u00e9 de presse du Sytral du 3 avril 2020.<\/em> <\/strong><\/span><\/p>\n","protected":false},"excerpt":{"rendered":"<p>A compter de ce lundi 6 avril, des navettes seront mises en place au d\u00e9part de 4 grands p\u00f4les. <\/p>\n","protected":false},"author":4,"featured_media":25760,"comment_status":"open","ping_status":"open","sticky":false,"template":"","format":"standard","meta":{"footnotes":""},"categories":[2217,19,1625,18,13,29],"tags":[3228,2050],"class_list":["post-99004","post","type-post","status-publish","format-standard","has-post-thumbnail","hentry","category-breves-de-lest-lyonnais","category-bron","category-lyon","category-sante-bien-etre-solidarite","category-transports-circulation","category-villeurbanne","tag-covid-19","tag-transports"],"yoast_head":"<!-- This site is optimized with the Yoast SEO plugin v27.2 - https:\/\/yoast.com\/product\/yoast-seo-wordpress\/ -->\n<title>COVID-19 | Des navettes raccompagnent les personnels hospitaliers apr\u00e8s 23 h - News Est Lyonnais<\/title>\n<meta name=\"description\" content=\"COVID-19 | Des navettes raccompagnent les personnels hospitaliers apr\u00e8s 23 h\" \/>\n<meta name=\"robots\" content=\"index, follow, max-snippet:-1, max-image-preview:large, max-video-preview:-1\" \/>\n<link rel=\"canonical\" href=\"https:\/\/newsestlyonnais.fr\/site\/2020\/04\/06\/covid-19-des-navettes-raccompagnent-les-personnels-hospitaliers-apres-23-h\/\" \/>\n<meta property=\"og:locale\" content=\"fr_FR\" \/>\n<meta property=\"og:type\" content=\"article\" \/>\n<meta property=\"og:title\" content=\"COVID-19 | Des navettes raccompagnent les personnels hospitaliers apr\u00e8s 23 h - News Est Lyonnais\" \/>\n<meta property=\"og:description\" content=\"COVID-19 | Des navettes raccompagnent les personnels hospitaliers apr\u00e8s 23 h\" \/>\n<meta property=\"og:url\" content=\"https:\/\/newsestlyonnais.fr\/site\/2020\/04\/06\/covid-19-des-navettes-raccompagnent-les-personnels-hospitaliers-apres-23-h\/\" \/>\n<meta property=\"og:site_name\" content=\"News Est Lyonnais\" \/>\n<meta property=\"article:author\" content=\"https:\/\/www.facebook.com\/pascal.oberson.1?fref=ts\" \/>\n<meta property=\"article:published_time\" content=\"2020-04-06T07:49:42+00:00\" \/>\n<meta property=\"article:modified_time\" content=\"2020-05-19T17:05:14+00:00\" \/>\n<meta property=\"og:image\" content=\"https:\/\/i2.wp.com\/newsestlyonnais.fr\/site\/wp-content\/uploads\/2017\/04\/NewsEstLyonnais-Flash-Info.png?fit=1000%2C750&ssl=1\" \/>\n\t<meta property=\"og:image:width\" content=\"1000\" \/>\n\t<meta property=\"og:image:height\" content=\"750\" \/>\n\t<meta property=\"og:image:type\" content=\"image\/png\" \/>\n<meta name=\"author\" content=\"R\u00e9dac. NEWS\" \/>\n<meta name=\"twitter:card\" content=\"summary_large_image\" \/>\n<meta name=\"twitter:label1\" content=\"\u00c9crit par\" \/>\n\t<meta name=\"twitter:data1\" content=\"R\u00e9dac. NEWS\" \/>\n\t<meta name=\"twitter:label2\" content=\"Dur\u00e9e de lecture estim\u00e9e\" \/>\n\t<meta name=\"twitter:data2\" content=\"2 minutes\" \/>\n<script type=\"application\/ld+json\" class=\"yoast-schema-graph\">{\"@context\":\"https:\/\/schema.org\",\"@graph\":[{\"@type\":\"Article\",\"@id\":\"https:\/\/newsestlyonnais.fr\/site\/2020\/04\/06\/covid-19-des-navettes-raccompagnent-les-personnels-hospitaliers-apres-23-h\/#article\",\"isPartOf\":{\"@id\":\"https:\/\/newsestlyonnais.fr\/site\/2020\/04\/06\/covid-19-des-navettes-raccompagnent-les-personnels-hospitaliers-apres-23-h\/\"},\"author\":{\"name\":\"R\u00e9dac. NEWS\",\"@id\":\"https:\/\/newsestlyonnais.fr\/site\/#\/schema\/person\/3230d5615f390bb808365d673001e887\"},\"headline\":\"COVID-19 | Des navettes raccompagnent les personnels hospitaliers apr\u00e8s 23 h\",\"datePublished\":\"2020-04-06T07:49:42+00:00\",\"dateModified\":\"2020-05-19T17:05:14+00:00\",\"mainEntityOfPage\":{\"@id\":\"https:\/\/newsestlyonnais.fr\/site\/2020\/04\/06\/covid-19-des-navettes-raccompagnent-les-personnels-hospitaliers-apres-23-h\/\"},\"wordCount\":358,\"commentCount\":0,\"publisher\":{\"@id\":\"https:\/\/newsestlyonnais.fr\/site\/#organization\"},\"image\":{\"@id\":\"https:\/\/newsestlyonnais.fr\/site\/2020\/04\/06\/covid-19-des-navettes-raccompagnent-les-personnels-hospitaliers-apres-23-h\/#primaryimage\"},\"thumbnailUrl\":\"https:\/\/newsestlyonnais.fr\/site\/wp-content\/uploads\/2017\/04\/NewsEstLyonnais-Flash-Info.png\",\"keywords\":[\"COVID-19\",\"TRANSPORTS\"],\"articleSection\":[\"Br\u00e8ves de l'Est lyonnais\",\"Bron\",\"Lyon\",\"Sant\u00e9 | Bien Etre | Solidarit\u00e9\",\"Transports | Circulation\",\"Villeurbanne\"],\"inLanguage\":\"fr-FR\",\"potentialAction\":[{\"@type\":\"CommentAction\",\"name\":\"Comment\",\"target\":[\"https:\/\/newsestlyonnais.fr\/site\/2020\/04\/06\/covid-19-des-navettes-raccompagnent-les-personnels-hospitaliers-apres-23-h\/#respond\"]}]},{\"@type\":\"WebPage\",\"@id\":\"https:\/\/newsestlyonnais.fr\/site\/2020\/04\/06\/covid-19-des-navettes-raccompagnent-les-personnels-hospitaliers-apres-23-h\/\",\"url\":\"https:\/\/newsestlyonnais.fr\/site\/2020\/04\/06\/covid-19-des-navettes-raccompagnent-les-personnels-hospitaliers-apres-23-h\/\",\"name\":\"COVID-19 | Des navettes raccompagnent les personnels hospitaliers apr\u00e8s 23 h - News Est Lyonnais\",\"isPartOf\":{\"@id\":\"https:\/\/newsestlyonnais.fr\/site\/#website\"},\"primaryImageOfPage\":{\"@id\":\"https:\/\/newsestlyonnais.fr\/site\/2020\/04\/06\/covid-19-des-navettes-raccompagnent-les-personnels-hospitaliers-apres-23-h\/#primaryimage\"},\"image\":{\"@id\":\"https:\/\/newsestlyonnais.fr\/site\/2020\/04\/06\/covid-19-des-navettes-raccompagnent-les-personnels-hospitaliers-apres-23-h\/#primaryimage\"},\"thumbnailUrl\":\"https:\/\/newsestlyonnais.fr\/site\/wp-content\/uploads\/2017\/04\/NewsEstLyonnais-Flash-Info.png\",\"datePublished\":\"2020-04-06T07:49:42+00:00\",\"dateModified\":\"2020-05-19T17:05:14+00:00\",\"description\":\"COVID-19 | Des navettes raccompagnent les personnels hospitaliers apr\u00e8s 23 h\",\"breadcrumb\":{\"@id\":\"https:\/\/newsestlyonnais.fr\/site\/2020\/04\/06\/covid-19-des-navettes-raccompagnent-les-personnels-hospitaliers-apres-23-h\/#breadcrumb\"},\"inLanguage\":\"fr-FR\",\"potentialAction\":[{\"@type\":\"ReadAction\",\"target\":[\"https:\/\/newsestlyonnais.fr\/site\/2020\/04\/06\/covid-19-des-navettes-raccompagnent-les-personnels-hospitaliers-apres-23-h\/\"]}]},{\"@type\":\"ImageObject\",\"inLanguage\":\"fr-FR\",\"@id\":\"https:\/\/newsestlyonnais.fr\/site\/2020\/04\/06\/covid-19-des-navettes-raccompagnent-les-personnels-hospitaliers-apres-23-h\/#primaryimage\",\"url\":\"https:\/\/newsestlyonnais.fr\/site\/wp-content\/uploads\/2017\/04\/NewsEstLyonnais-Flash-Info.png\",\"contentUrl\":\"https:\/\/newsestlyonnais.fr\/site\/wp-content\/uploads\/2017\/04\/NewsEstLyonnais-Flash-Info.png\",\"width\":1000,\"height\":750,\"caption\":\"NewsEstLyonnais-Flash-Info\"},{\"@type\":\"BreadcrumbList\",\"@id\":\"https:\/\/newsestlyonnais.fr\/site\/2020\/04\/06\/covid-19-des-navettes-raccompagnent-les-personnels-hospitaliers-apres-23-h\/#breadcrumb\",\"itemListElement\":[{\"@type\":\"ListItem\",\"position\":1,\"name\":\"Accueil\",\"item\":\"https:\/\/newsestlyonnais.fr\/site\/\"},{\"@type\":\"ListItem\",\"position\":2,\"name\":\"COVID-19 | Des navettes raccompagnent les personnels hospitaliers apr\u00e8s 23 h\"}]},{\"@type\":\"WebSite\",\"@id\":\"https:\/\/newsestlyonnais.fr\/site\/#website\",\"url\":\"https:\/\/newsestlyonnais.fr\/site\/\",\"name\":\"News Est Lyonnais\",\"description\":\"L&#039;actualit\u00e9 au plus pr\u00e8s\",\"publisher\":{\"@id\":\"https:\/\/newsestlyonnais.fr\/site\/#organization\"},\"potentialAction\":[{\"@type\":\"SearchAction\",\"target\":{\"@type\":\"EntryPoint\",\"urlTemplate\":\"https:\/\/newsestlyonnais.fr\/site\/?s={search_term_string}\"},\"query-input\":{\"@type\":\"PropertyValueSpecification\",\"valueRequired\":true,\"valueName\":\"search_term_string\"}}],\"inLanguage\":\"fr-FR\"},{\"@type\":\"Organization\",\"@id\":\"https:\/\/newsestlyonnais.fr\/site\/#organization\",\"name\":\"News EST LYONNAIS\",\"url\":\"https:\/\/newsestlyonnais.fr\/site\/\",\"logo\":{\"@type\":\"ImageObject\",\"inLanguage\":\"fr-FR\",\"@id\":\"https:\/\/newsestlyonnais.fr\/site\/#\/schema\/logo\/image\/\",\"url\":\"\",\"contentUrl\":\"\",\"caption\":\"News EST LYONNAIS\"},\"image\":{\"@id\":\"https:\/\/newsestlyonnais.fr\/site\/#\/schema\/logo\/image\/\"}},{\"@type\":\"Person\",\"@id\":\"https:\/\/newsestlyonnais.fr\/site\/#\/schema\/person\/3230d5615f390bb808365d673001e887\",\"name\":\"R\u00e9dac. NEWS\",\"sameAs\":[\"http:\/\/www.newsestlyonnais.fr\",\"https:\/\/www.facebook.com\/pascal.oberson.1?fref=ts\",\"https:\/\/fr.linkedin.com\/in\/pascal-oberson-b17045113\"],\"url\":\"https:\/\/newsestlyonnais.fr\/site\/author\/nel\/\"}]}<\/script>\n<!-- \/ Yoast SEO plugin. -->","yoast_head_json":{"title":"COVID-19 | Des navettes raccompagnent les personnels hospitaliers apr\u00e8s 23 h - News Est Lyonnais","description":"COVID-19 | Des navettes raccompagnent les personnels hospitaliers apr\u00e8s 23 h","robots":{"index":"index","follow":"follow","max-snippet":"max-snippet:-1","max-image-preview":"max-image-preview:large","max-video-preview":"max-video-preview:-1"},"canonical":"https:\/\/newsestlyonnais.fr\/site\/2020\/04\/06\/covid-19-des-navettes-raccompagnent-les-personnels-hospitaliers-apres-23-h\/","og_locale":"fr_FR","og_type":"article","og_title":"COVID-19 | Des navettes raccompagnent les personnels hospitaliers apr\u00e8s 23 h - News Est Lyonnais","og_description":"COVID-19 | Des navettes raccompagnent les personnels hospitaliers apr\u00e8s 23 h","og_url":"https:\/\/newsestlyonnais.fr\/site\/2020\/04\/06\/covid-19-des-navettes-raccompagnent-les-personnels-hospitaliers-apres-23-h\/","og_site_name":"News Est Lyonnais","article_author":"https:\/\/www.facebook.com\/pascal.oberson.1?fref=ts","article_published_time":"2020-04-06T07:49:42+00:00","article_modified_time":"2020-05-19T17:05:14+00:00","og_image":[{"width":1000,"height":750,"url":"https:\/\/i2.wp.com\/newsestlyonnais.fr\/site\/wp-content\/uploads\/2017\/04\/NewsEstLyonnais-Flash-Info.png?fit=1000%2C750&ssl=1","type":"image\/png"}],"author":"R\u00e9dac. NEWS","twitter_card":"summary_large_image","twitter_misc":{"\u00c9crit par":"R\u00e9dac. NEWS","Dur\u00e9e de lecture estim\u00e9e":"2 minutes"},"schema":{"@context":"https:\/\/schema.org","@graph":[{"@type":"Article","@id":"https:\/\/newsestlyonnais.fr\/site\/2020\/04\/06\/covid-19-des-navettes-raccompagnent-les-personnels-hospitaliers-apres-23-h\/#article","isPartOf":{"@id":"https:\/\/newsestlyonnais.fr\/site\/2020\/04\/06\/covid-19-des-navettes-raccompagnent-les-personnels-hospitaliers-apres-23-h\/"},"author":{"name":"R\u00e9dac. NEWS","@id":"https:\/\/newsestlyonnais.fr\/site\/#\/schema\/person\/3230d5615f390bb808365d673001e887"},"headline":"COVID-19 | Des navettes raccompagnent les personnels hospitaliers apr\u00e8s 23 h","datePublished":"2020-04-06T07:49:42+00:00","dateModified":"2020-05-19T17:05:14+00:00","mainEntityOfPage":{"@id":"https:\/\/newsestlyonnais.fr\/site\/2020\/04\/06\/covid-19-des-navettes-raccompagnent-les-personnels-hospitaliers-apres-23-h\/"},"wordCount":358,"commentCount":0,"publisher":{"@id":"https:\/\/newsestlyonnais.fr\/site\/#organization"},"image":{"@id":"https:\/\/newsestlyonnais.fr\/site\/2020\/04\/06\/covid-19-des-navettes-raccompagnent-les-personnels-hospitaliers-apres-23-h\/#primaryimage"},"thumbnailUrl":"https:\/\/newsestlyonnais.fr\/site\/wp-content\/uploads\/2017\/04\/NewsEstLyonnais-Flash-Info.png","keywords":["COVID-19","TRANSPORTS"],"articleSection":["Br\u00e8ves de l'Est lyonnais","Bron","Lyon","Sant\u00e9 | Bien Etre | Solidarit\u00e9","Transports | Circulation","Villeurbanne"],"inLanguage":"fr-FR","potentialAction":[{"@type":"CommentAction","name":"Comment","target":["https:\/\/newsestlyonnais.fr\/site\/2020\/04\/06\/covid-19-des-navettes-raccompagnent-les-personnels-hospitaliers-apres-23-h\/#respond"]}]},{"@type":"WebPage","@id":"https:\/\/newsestlyonnais.fr\/site\/2020\/04\/06\/covid-19-des-navettes-raccompagnent-les-personnels-hospitaliers-apres-23-h\/","url":"https:\/\/newsestlyonnais.fr\/site\/2020\/04\/06\/covid-19-des-navettes-raccompagnent-les-personnels-hospitaliers-apres-23-h\/","name":"COVID-19 | Des navettes raccompagnent les personnels hospitaliers apr\u00e8s 23 h - News Est Lyonnais","isPartOf":{"@id":"https:\/\/newsestlyonnais.fr\/site\/#website"},"primaryImageOfPage":{"@id":"https:\/\/newsestlyonnais.fr\/site\/2020\/04\/06\/covid-19-des-navettes-raccompagnent-les-personnels-hospitaliers-apres-23-h\/#primaryimage"},"image":{"@id":"https:\/\/newsestlyonnais.fr\/site\/2020\/04\/06\/covid-19-des-navettes-raccompagnent-les-personnels-hospitaliers-apres-23-h\/#primaryimage"},"thumbnailUrl":"https:\/\/newsestlyonnais.fr\/site\/wp-content\/uploads\/2017\/04\/NewsEstLyonnais-Flash-Info.png","datePublished":"2020-04-06T07:49:42+00:00","dateModified":"2020-05-19T17:05:14+00:00","description":"COVID-19 | Des navettes raccompagnent les personnels hospitaliers apr\u00e8s 23 h","breadcrumb":{"@id":"https:\/\/newsestlyonnais.fr\/site\/2020\/04\/06\/covid-19-des-navettes-raccompagnent-les-personnels-hospitaliers-apres-23-h\/#breadcrumb"},"inLanguage":"fr-FR","potentialAction":[{"@type":"ReadAction","target":["https:\/\/newsestlyonnais.fr\/site\/2020\/04\/06\/covid-19-des-navettes-raccompagnent-les-personnels-hospitaliers-apres-23-h\/"]}]},{"@type":"ImageObject","inLanguage":"fr-FR","@id":"https:\/\/newsestlyonnais.fr\/site\/2020\/04\/06\/covid-19-des-navettes-raccompagnent-les-personnels-hospitaliers-apres-23-h\/#primaryimage","url":"https:\/\/newsestlyonnais.fr\/site\/wp-content\/uploads\/2017\/04\/NewsEstLyonnais-Flash-Info.png","contentUrl":"https:\/\/newsestlyonnais.fr\/site\/wp-content\/uploads\/2017\/04\/NewsEstLyonnais-Flash-Info.png","width":1000,"height":750,"caption":"NewsEstLyonnais-Flash-Info"},{"@type":"BreadcrumbList","@id":"https:\/\/newsestlyonnais.fr\/site\/2020\/04\/06\/covid-19-des-navettes-raccompagnent-les-personnels-hospitaliers-apres-23-h\/#breadcrumb","itemListElement":[{"@type":"ListItem","position":1,"name":"Accueil","item":"https:\/\/newsestlyonnais.fr\/site\/"},{"@type":"ListItem","position":2,"name":"COVID-19 | Des navettes raccompagnent les personnels hospitaliers apr\u00e8s 23 h"}]},{"@type":"WebSite","@id":"https:\/\/newsestlyonnais.fr\/site\/#website","url":"https:\/\/newsestlyonnais.fr\/site\/","name":"News Est Lyonnais","description":"L&#039;actualit\u00e9 au plus pr\u00e8s","publisher":{"@id":"https:\/\/newsestlyonnais.fr\/site\/#organization"},"potentialAction":[{"@type":"SearchAction","target":{"@type":"EntryPoint","urlTemplate":"https:\/\/newsestlyonnais.fr\/site\/?s={search_term_string}"},"query-input":{"@type":"PropertyValueSpecification","valueRequired":true,"valueName":"search_term_string"}}],"inLanguage":"fr-FR"},{"@type":"Organization","@id":"https:\/\/newsestlyonnais.fr\/site\/#organization","name":"News EST LYONNAIS","url":"https:\/\/newsestlyonnais.fr\/site\/","logo":{"@type":"ImageObject","inLanguage":"fr-FR","@id":"https:\/\/newsestlyonnais.fr\/site\/#\/schema\/logo\/image\/","url":"","contentUrl":"","caption":"News EST LYONNAIS"},"image":{"@id":"https:\/\/newsestlyonnais.fr\/site\/#\/schema\/logo\/image\/"}},{"@type":"Person","@id":"https:\/\/newsestlyonnais.fr\/site\/#\/schema\/person\/3230d5615f390bb808365d673001e887","name":"R\u00e9dac. NEWS","sameAs":["http:\/\/www.newsestlyonnais.fr","https:\/\/www.facebook.com\/pascal.oberson.1?fref=ts","https:\/\/fr.linkedin.com\/in\/pascal-oberson-b17045113"],"url":"https:\/\/newsestlyonnais.fr\/site\/author\/nel\/"}]}},"_links":{"self":[{"href":"https:\/\/newsestlyonnais.fr\/site\/wp-json\/wp\/v2\/posts\/99004","targetHints":{"allow":["GET"]}}],"collection":[{"href":"https:\/\/newsestlyonnais.fr\/site\/wp-json\/wp\/v2\/posts"}],"about":[{"href":"https:\/\/newsestlyonnais.fr\/site\/wp-json\/wp\/v2\/types\/post"}],"author":[{"embeddable":true,"href":"https:\/\/newsestlyonnais.fr\/site\/wp-json\/wp\/v2\/users\/4"}],"replies":[{"embeddable":true,"href":"https:\/\/newsestlyonnais.fr\/site\/wp-json\/wp\/v2\/comments?post=99004"}],"version-history":[{"count":0,"href":"https:\/\/newsestlyonnais.fr\/site\/wp-json\/wp\/v2\/posts\/99004\/revisions"}],"wp:featuredmedia":[{"embeddable":true,"href":"https:\/\/newsestlyonnais.fr\/site\/wp-json\/wp\/v2\/media\/25760"}],"wp:attachment":[{"href":"https:\/\/newsestlyonnais.fr\/site\/wp-json\/wp\/v2\/media?parent=99004"}],"wp:term":[{"taxonomy":"category","embeddable":true,"href":"https:\/\/newsestlyonnais.fr\/site\/wp-json\/wp\/v2\/categories?post=99004"},{"taxonomy":"post_tag","embeddable":true,"href":"https:\/\/newsestlyonnais.fr\/site\/wp-json\/wp\/v2\/tags?post=99004"}],"curies":[{"name":"wp","href":"https:\/\/api.w.org\/{rel}","templated":true}]}}