{"id":99037,"date":"2020-04-07T06:37:31","date_gmt":"2020-04-07T05:37:31","guid":{"rendered":"http:\/\/newsestlyonnais.fr\/site\/?p=99037"},"modified":"2020-05-13T14:29:13","modified_gmt":"2020-05-13T13:29:13","slug":"linterview-du-jour-bron-laure-rousselet-je-le-vis-de-la-facon-la-plus-positive-possible","status":"publish","type":"post","link":"https:\/\/newsestlyonnais.fr\/site\/2020\/04\/07\/linterview-du-jour-bron-laure-rousselet-je-le-vis-de-la-facon-la-plus-positive-possible\/","title":{"rendered":"BRON &gt; Laure Rousselet : \u00abJe le vis de la fa\u00e7on la plus positive possible\u00bb"},"content":{"rendered":"<p><strong>Pr\u00e9sentez vous : Laure Rousselet : architecte d\u2019int\u00e9rieur, fondatrice et dirigeante agence <span style=\"color: #0000ff\"><a style=\"color: #0000ff\" href=\"https:\/\/www.decovalor.fr\">Decovalor<\/a><\/span>.<\/strong><\/p>\n<p>&#8212;&#8212;&#8212;&#8212;&#8212;&#8212;&#8212;&#8212;&#8212;&#8212;&#8212;&#8212;&#8212;&#8212;&#8212;&#8212;&#8212;&#8212;&#8212;&#8212;&#8212;&#8212;&#8212;&#8212;&#8212;&#8212;&#8212;&#8212;&#8212;&#8212;&#8212;&#8212;&#8212;&#8212;&#8212;&#8212;&#8212;&#8212;&#8212;&#8212;&#8212;&#8212;&#8212;&#8212;&#8212;&#8211;<\/p>\n<p><strong>Comment vivez vous votre confinement ?<\/strong> J\u2019habite \u00e0 Bron dans une maison avec jardin. Ce qui repr\u00e9sentait d\u00e9j\u00e0 une chance tous les jours de l\u2019ann\u00e9e est devenu un grand privil\u00e8ge depuis que l\u2019on est pri\u00e9 de rester chez soi ! Je vis ce confinement de la fa\u00e7on la plus positive possible\u00a0: ma famille et moi-m\u00eame sommes en bonne sant\u00e9, nous ne manquons de rien et ne sommes pas dans des secteurs d\u2019activit\u00e9 qui nous placent en premi\u00e8re ligne face \u00e0 la maladie. J\u2019essaie de ne pas l\u2019oublier.<\/p>\n<p><strong>Quel livre avez vous lu en priorit\u00e9 ? <\/strong>Je lis r\u00e9guli\u00e8rement donc je ne parlerais pas de priorit\u00e9 mais je viens de finir un roman historique de Ken Follet, je bouquine des revues de design, d\u2019art et beaucoup d\u2019articles en tous genre sur le net.<\/p>\n<p><strong>Quel DVD avez vous regard\u00e9 ?<\/strong> Avec la multiplication des plateformes de VOD, cela fait bien longtemps que je n\u2019ai pas ouvert un DVD\u00a0!! Je l\u2019avoue, je suis addict aux s\u00e9ries\u00a0! Dystopies, faits r\u00e9els, historiques, fictions\u2026 c\u2019est un univers hyper cr\u00e9atif et les cin\u00e9mas \u00e9tant ferm\u00e9s\u2026j\u2019en profite\u00a0!<\/p>\n<p><strong>Quel CD avez vous \u00e9cout\u00e9 ?<\/strong> L\u00e0 encore j\u2019\u00e9coute de la musique en ligne. De tout : classique, jazz, musique du monde, rock, \u00e9lectro, vari\u00e9t\u00e9\u2026 Je suis \u00e9galement pianiste au Conservatoire Sup\u00e9rieur de Lyon et la musique fait partie de mon ADN !<\/p>\n<p><strong>Quel site internet avez vous d\u00e9couvert ? <\/strong><a href=\"https:\/\/reporterre.net\"><span style=\"color: #0000ff\">Reporterre.net<\/span><\/a>. Super site internet qui offre un regard diff\u00e9rent et pertinent (de mon point de vue\u00a0!) sur l\u2019actualit\u00e9 \u00e9cologique, sociale et sur le monde de mani\u00e8re g\u00e9n\u00e9rale.<\/p>\n<p><strong>Quelle passion pouvez vous enfin assouvir avec plus de temps pour vous ? <\/strong>Mes passions je les vis au quotidien avec l\u2019architecture int\u00e9rieure et le piano\u00a0! J\u2019ai la chance de ne pas vivre le travail comme un asservissement mais comme un \u00e9panouissement.<strong><br \/>\n<\/strong><\/p>\n<p><strong>Professionnellement travaillez vous en t\u00e9l\u00e9travail ? <\/strong>L\u00e0 encore mon cas est particulier. Je travaille \u00e0 domicile pour mon agence d\u2019architecture int\u00e9rieure donc cela ne me change gu\u00e8re. Ce qui change par-contre c\u2019est le creux d\u2019activit\u00e9 li\u00e9 \u00e0 cette crise : rendez-vous clients, fournisseurs, artisans\u2026tout est \u00e0 l\u2019arr\u00eat. Je propose d\u2019ailleurs, le temps que durera cette situation exceptionnelle, d\u2019offrir gracieusement mes conseils et propositions en am\u00e9nagement \u00e0 toutes les personnes confin\u00e9es, qui ont des projets plein la t\u00eate mais ne savent pas forc\u00e9ment par quel bout les prendre !! Un bon moyen de se projeter dans l\u2019apr\u00e8s-covid 19 ! Il suffit de me contacter via mon site internet ou ma page Facebook. Et en ce qui concerne mon activit\u00e9 de pianiste, le conservatoire \u00e9tant ferm\u00e9, je travaille mon instrument \u00e0 domicile en attendant impatiemment de revoir tout ce beau monde\u00a0!<strong>\u00a0<\/strong><\/p>\n<p><strong>Vos priorit\u00e9s, une fois le confinement termin\u00e9 ? <\/strong>Voir ma famille, mes amis, mes coll\u00e8gues, aller boire un verre en terrasse, d\u00e9ambuler librement, rouler sur mon deux-roues, vivre et ressentir la libert\u00e9.<strong><br \/>\n<\/strong><\/p>\n<p><strong>Enfin, vos projets d\u2019ici la fin d\u2019ann\u00e9e ? <\/strong>Des projets\u00a0d\u2019architecture int\u00e9rieure int\u00e9ressants et magnifiques ! du travail\u00a0par-dessus la t\u00eate ! et de belles rencontres, du lien social, des f\u00eates de quartier, de la culture et des \u00e9chapp\u00e9es\u2026 Bref, l\u2019ann\u00e9e ne suffira pas\u00a0!<\/p>\n<p>&#8212;&#8212;&#8212;&#8212;&#8212;&#8212;&#8212;&#8212;&#8212;&#8212;&#8212;&#8212;&#8212;&#8212;&#8212;&#8212;&#8212;&#8212;&#8212;&#8212;&#8212;&#8212;&#8212;&#8212;&#8212;&#8212;&#8212;&#8212;&#8212;&#8212;&#8212;&#8212;&#8212;&#8212;&#8212;&#8212;&#8212;&#8212;&#8212;&#8212;&#8212;&#8212;&#8212;&#8212;&#8212;&#8211;<\/p>\n<p><strong>Et pour conclure ?<\/strong> Je souhaite sinc\u00e8rement le meilleur \u00e0 chacun d\u2019entre vous. Force et courage dans ces moments pas \u00e9vidents. Je souhaite aussi que cette crise soit l\u2019occasion de r\u00e9fl\u00e9chir, m\u00eame \u00e0 sa toute petite \u00e9chelle personnelle, \u00e0 un monde diff\u00e9rent pour demain.<\/p>\n<p>\u2014\u2014\u2014\u2014\u2014\u2014\u2014\u2014\u2014\u2014\u2014\u2014\u2014\u2014\u2014\u2014\u2014\u2014\u2014\u2014\u2014\u2014\u2014\u2014\u2014\u2014\u2014\u2014\u2014\u2014\u2014\u2014\u2014\u2014\u2014\u2014\u2014\u2014\u2014\u2014\u2014\u2014\u2014\u2014\u2014\u2013<\/p>\n<p>&gt; <strong>MERCREDI : Interview de Bruno Darcet, <\/strong>ing\u00e9nieur en informatique, pr\u00e9sident <span style=\"color: #333333\">Genas Echecs<\/span> et tr\u00e9sorier du Club Pongiste de Pusignan.<strong><br \/>\n<\/strong><\/p>\n<p>&nbsp;<\/p>\n<p>&nbsp;<\/p>\n<p>&nbsp;<\/p>\n<p>&nbsp;<\/p>\n<p>&nbsp;<\/p>\n","protected":false},"excerpt":{"rendered":"<p>Chaque jour, un habitant de l&rsquo;Est Lyonnais nous raconte comment il s&rsquo;occupe au quotidien durant cette p\u00e9riode particuli\u00e8re.<\/p>\n","protected":false},"author":4,"featured_media":99059,"comment_status":"open","ping_status":"open","sticky":false,"template":"","format":"standard","meta":{"footnotes":""},"categories":[2970,19,3323,12,4,11],"tags":[2072,3199,3256],"class_list":["post-99037","post","type-post","status-publish","format-standard","has-post-thumbnail","hentry","category-artisans-commerces-economie","category-bron","category-confinement-interviews","category-entreprises","category-evenements-divers","category-immobilier-logement","tag-bron","tag-decovalor","tag-laure-rousselet"],"yoast_head":"<!-- This site is optimized with the Yoast SEO plugin v27.2 - https:\/\/yoast.com\/product\/yoast-seo-wordpress\/ -->\n<title>BRON &gt; Laure Rousselet : \u00abJe le vis de la fa\u00e7on la plus positive possible\u00bb - News Est Lyonnais<\/title>\n<meta name=\"description\" content=\"L\u2019interview du jour | BRON &gt; Laure Rousselet : \u00abJe le vis de la fa\u00e7on la plus positive possible\u00bb\" \/>\n<meta name=\"robots\" content=\"index, follow, max-snippet:-1, max-image-preview:large, max-video-preview:-1\" \/>\n<link rel=\"canonical\" href=\"https:\/\/newsestlyonnais.fr\/site\/2020\/04\/07\/linterview-du-jour-bron-laure-rousselet-je-le-vis-de-la-facon-la-plus-positive-possible\/\" \/>\n<meta property=\"og:locale\" content=\"fr_FR\" \/>\n<meta property=\"og:type\" content=\"article\" \/>\n<meta property=\"og:title\" content=\"BRON &gt; Laure Rousselet : \u00abJe le vis de la fa\u00e7on la plus positive possible\u00bb - News Est Lyonnais\" \/>\n<meta property=\"og:description\" content=\"L\u2019interview du jour | BRON &gt; Laure Rousselet : \u00abJe le vis de la fa\u00e7on la plus positive possible\u00bb\" \/>\n<meta property=\"og:url\" content=\"https:\/\/newsestlyonnais.fr\/site\/2020\/04\/07\/linterview-du-jour-bron-laure-rousselet-je-le-vis-de-la-facon-la-plus-positive-possible\/\" \/>\n<meta property=\"og:site_name\" content=\"News Est Lyonnais\" \/>\n<meta property=\"article:author\" content=\"https:\/\/www.facebook.com\/pascal.oberson.1?fref=ts\" \/>\n<meta property=\"article:published_time\" content=\"2020-04-07T05:37:31+00:00\" \/>\n<meta property=\"article:modified_time\" content=\"2020-05-13T13:29:13+00:00\" \/>\n<meta property=\"og:image\" content=\"https:\/\/i1.wp.com\/newsestlyonnais.fr\/site\/wp-content\/uploads\/2020\/04\/LAURE-R.-DECOVALOR.jpg?fit=998%2C664&ssl=1\" \/>\n\t<meta property=\"og:image:width\" content=\"998\" \/>\n\t<meta property=\"og:image:height\" content=\"664\" \/>\n\t<meta property=\"og:image:type\" content=\"image\/jpeg\" \/>\n<meta name=\"author\" content=\"R\u00e9dac. NEWS\" \/>\n<meta name=\"twitter:card\" content=\"summary_large_image\" \/>\n<meta name=\"twitter:label1\" content=\"\u00c9crit par\" \/>\n\t<meta name=\"twitter:data1\" content=\"R\u00e9dac. NEWS\" \/>\n\t<meta name=\"twitter:label2\" content=\"Dur\u00e9e de lecture estim\u00e9e\" \/>\n\t<meta name=\"twitter:data2\" content=\"3 minutes\" \/>\n<script type=\"application\/ld+json\" class=\"yoast-schema-graph\">{\"@context\":\"https:\/\/schema.org\",\"@graph\":[{\"@type\":\"Article\",\"@id\":\"https:\/\/newsestlyonnais.fr\/site\/2020\/04\/07\/linterview-du-jour-bron-laure-rousselet-je-le-vis-de-la-facon-la-plus-positive-possible\/#article\",\"isPartOf\":{\"@id\":\"https:\/\/newsestlyonnais.fr\/site\/2020\/04\/07\/linterview-du-jour-bron-laure-rousselet-je-le-vis-de-la-facon-la-plus-positive-possible\/\"},\"author\":{\"name\":\"R\u00e9dac. NEWS\",\"@id\":\"https:\/\/newsestlyonnais.fr\/site\/#\/schema\/person\/3230d5615f390bb808365d673001e887\"},\"headline\":\"BRON &gt; Laure Rousselet : \u00abJe le vis de la fa\u00e7on la plus positive possible\u00bb\",\"datePublished\":\"2020-04-07T05:37:31+00:00\",\"dateModified\":\"2020-05-13T13:29:13+00:00\",\"mainEntityOfPage\":{\"@id\":\"https:\/\/newsestlyonnais.fr\/site\/2020\/04\/07\/linterview-du-jour-bron-laure-rousselet-je-le-vis-de-la-facon-la-plus-positive-possible\/\"},\"wordCount\":665,\"commentCount\":0,\"publisher\":{\"@id\":\"https:\/\/newsestlyonnais.fr\/site\/#organization\"},\"image\":{\"@id\":\"https:\/\/newsestlyonnais.fr\/site\/2020\/04\/07\/linterview-du-jour-bron-laure-rousselet-je-le-vis-de-la-facon-la-plus-positive-possible\/#primaryimage\"},\"thumbnailUrl\":\"https:\/\/newsestlyonnais.fr\/site\/wp-content\/uploads\/2020\/04\/LAURE-R.-DECOVALOR.jpg\",\"keywords\":[\"BRON\",\"DECOVALOR\",\"LAURE ROUSSELET\"],\"articleSection\":[\"Artisans | Commerces\",\"Bron\",\"Confinement (interviews)\",\"Entreprises\",\"Ev\u00e8nements divers\",\"Immobilier | Logement\"],\"inLanguage\":\"fr-FR\",\"potentialAction\":[{\"@type\":\"CommentAction\",\"name\":\"Comment\",\"target\":[\"https:\/\/newsestlyonnais.fr\/site\/2020\/04\/07\/linterview-du-jour-bron-laure-rousselet-je-le-vis-de-la-facon-la-plus-positive-possible\/#respond\"]}]},{\"@type\":\"WebPage\",\"@id\":\"https:\/\/newsestlyonnais.fr\/site\/2020\/04\/07\/linterview-du-jour-bron-laure-rousselet-je-le-vis-de-la-facon-la-plus-positive-possible\/\",\"url\":\"https:\/\/newsestlyonnais.fr\/site\/2020\/04\/07\/linterview-du-jour-bron-laure-rousselet-je-le-vis-de-la-facon-la-plus-positive-possible\/\",\"name\":\"BRON &gt; Laure Rousselet : \u00abJe le vis de la fa\u00e7on la plus positive possible\u00bb - News Est Lyonnais\",\"isPartOf\":{\"@id\":\"https:\/\/newsestlyonnais.fr\/site\/#website\"},\"primaryImageOfPage\":{\"@id\":\"https:\/\/newsestlyonnais.fr\/site\/2020\/04\/07\/linterview-du-jour-bron-laure-rousselet-je-le-vis-de-la-facon-la-plus-positive-possible\/#primaryimage\"},\"image\":{\"@id\":\"https:\/\/newsestlyonnais.fr\/site\/2020\/04\/07\/linterview-du-jour-bron-laure-rousselet-je-le-vis-de-la-facon-la-plus-positive-possible\/#primaryimage\"},\"thumbnailUrl\":\"https:\/\/newsestlyonnais.fr\/site\/wp-content\/uploads\/2020\/04\/LAURE-R.-DECOVALOR.jpg\",\"datePublished\":\"2020-04-07T05:37:31+00:00\",\"dateModified\":\"2020-05-13T13:29:13+00:00\",\"description\":\"L\u2019interview du jour | BRON > Laure Rousselet : \u00abJe le vis de la fa\u00e7on la plus positive possible\u00bb\",\"breadcrumb\":{\"@id\":\"https:\/\/newsestlyonnais.fr\/site\/2020\/04\/07\/linterview-du-jour-bron-laure-rousselet-je-le-vis-de-la-facon-la-plus-positive-possible\/#breadcrumb\"},\"inLanguage\":\"fr-FR\",\"potentialAction\":[{\"@type\":\"ReadAction\",\"target\":[\"https:\/\/newsestlyonnais.fr\/site\/2020\/04\/07\/linterview-du-jour-bron-laure-rousselet-je-le-vis-de-la-facon-la-plus-positive-possible\/\"]}]},{\"@type\":\"ImageObject\",\"inLanguage\":\"fr-FR\",\"@id\":\"https:\/\/newsestlyonnais.fr\/site\/2020\/04\/07\/linterview-du-jour-bron-laure-rousselet-je-le-vis-de-la-facon-la-plus-positive-possible\/#primaryimage\",\"url\":\"https:\/\/newsestlyonnais.fr\/site\/wp-content\/uploads\/2020\/04\/LAURE-R.-DECOVALOR.jpg\",\"contentUrl\":\"https:\/\/newsestlyonnais.fr\/site\/wp-content\/uploads\/2020\/04\/LAURE-R.-DECOVALOR.jpg\",\"width\":998,\"height\":664},{\"@type\":\"BreadcrumbList\",\"@id\":\"https:\/\/newsestlyonnais.fr\/site\/2020\/04\/07\/linterview-du-jour-bron-laure-rousselet-je-le-vis-de-la-facon-la-plus-positive-possible\/#breadcrumb\",\"itemListElement\":[{\"@type\":\"ListItem\",\"position\":1,\"name\":\"Accueil\",\"item\":\"https:\/\/newsestlyonnais.fr\/site\/\"},{\"@type\":\"ListItem\",\"position\":2,\"name\":\"BRON &gt; Laure Rousselet : \u00abJe le vis de la fa\u00e7on la plus positive possible\u00bb\"}]},{\"@type\":\"WebSite\",\"@id\":\"https:\/\/newsestlyonnais.fr\/site\/#website\",\"url\":\"https:\/\/newsestlyonnais.fr\/site\/\",\"name\":\"News Est Lyonnais\",\"description\":\"L&#039;actualit\u00e9 au plus pr\u00e8s\",\"publisher\":{\"@id\":\"https:\/\/newsestlyonnais.fr\/site\/#organization\"},\"potentialAction\":[{\"@type\":\"SearchAction\",\"target\":{\"@type\":\"EntryPoint\",\"urlTemplate\":\"https:\/\/newsestlyonnais.fr\/site\/?s={search_term_string}\"},\"query-input\":{\"@type\":\"PropertyValueSpecification\",\"valueRequired\":true,\"valueName\":\"search_term_string\"}}],\"inLanguage\":\"fr-FR\"},{\"@type\":\"Organization\",\"@id\":\"https:\/\/newsestlyonnais.fr\/site\/#organization\",\"name\":\"News EST LYONNAIS\",\"url\":\"https:\/\/newsestlyonnais.fr\/site\/\",\"logo\":{\"@type\":\"ImageObject\",\"inLanguage\":\"fr-FR\",\"@id\":\"https:\/\/newsestlyonnais.fr\/site\/#\/schema\/logo\/image\/\",\"url\":\"\",\"contentUrl\":\"\",\"caption\":\"News EST LYONNAIS\"},\"image\":{\"@id\":\"https:\/\/newsestlyonnais.fr\/site\/#\/schema\/logo\/image\/\"}},{\"@type\":\"Person\",\"@id\":\"https:\/\/newsestlyonnais.fr\/site\/#\/schema\/person\/3230d5615f390bb808365d673001e887\",\"name\":\"R\u00e9dac. NEWS\",\"sameAs\":[\"http:\/\/www.newsestlyonnais.fr\",\"https:\/\/www.facebook.com\/pascal.oberson.1?fref=ts\",\"https:\/\/fr.linkedin.com\/in\/pascal-oberson-b17045113\"],\"url\":\"https:\/\/newsestlyonnais.fr\/site\/author\/nel\/\"}]}<\/script>\n<!-- \/ Yoast SEO plugin. -->","yoast_head_json":{"title":"BRON &gt; Laure Rousselet : \u00abJe le vis de la fa\u00e7on la plus positive possible\u00bb - News Est Lyonnais","description":"L\u2019interview du jour | BRON > Laure Rousselet : \u00abJe le vis de la fa\u00e7on la plus positive possible\u00bb","robots":{"index":"index","follow":"follow","max-snippet":"max-snippet:-1","max-image-preview":"max-image-preview:large","max-video-preview":"max-video-preview:-1"},"canonical":"https:\/\/newsestlyonnais.fr\/site\/2020\/04\/07\/linterview-du-jour-bron-laure-rousselet-je-le-vis-de-la-facon-la-plus-positive-possible\/","og_locale":"fr_FR","og_type":"article","og_title":"BRON &gt; Laure Rousselet : \u00abJe le vis de la fa\u00e7on la plus positive possible\u00bb - News Est Lyonnais","og_description":"L\u2019interview du jour | BRON > Laure Rousselet : \u00abJe le vis de la fa\u00e7on la plus positive possible\u00bb","og_url":"https:\/\/newsestlyonnais.fr\/site\/2020\/04\/07\/linterview-du-jour-bron-laure-rousselet-je-le-vis-de-la-facon-la-plus-positive-possible\/","og_site_name":"News Est Lyonnais","article_author":"https:\/\/www.facebook.com\/pascal.oberson.1?fref=ts","article_published_time":"2020-04-07T05:37:31+00:00","article_modified_time":"2020-05-13T13:29:13+00:00","og_image":[{"width":998,"height":664,"url":"https:\/\/i1.wp.com\/newsestlyonnais.fr\/site\/wp-content\/uploads\/2020\/04\/LAURE-R.-DECOVALOR.jpg?fit=998%2C664&ssl=1","type":"image\/jpeg"}],"author":"R\u00e9dac. NEWS","twitter_card":"summary_large_image","twitter_misc":{"\u00c9crit par":"R\u00e9dac. NEWS","Dur\u00e9e de lecture estim\u00e9e":"3 minutes"},"schema":{"@context":"https:\/\/schema.org","@graph":[{"@type":"Article","@id":"https:\/\/newsestlyonnais.fr\/site\/2020\/04\/07\/linterview-du-jour-bron-laure-rousselet-je-le-vis-de-la-facon-la-plus-positive-possible\/#article","isPartOf":{"@id":"https:\/\/newsestlyonnais.fr\/site\/2020\/04\/07\/linterview-du-jour-bron-laure-rousselet-je-le-vis-de-la-facon-la-plus-positive-possible\/"},"author":{"name":"R\u00e9dac. NEWS","@id":"https:\/\/newsestlyonnais.fr\/site\/#\/schema\/person\/3230d5615f390bb808365d673001e887"},"headline":"BRON &gt; Laure Rousselet : \u00abJe le vis de la fa\u00e7on la plus positive possible\u00bb","datePublished":"2020-04-07T05:37:31+00:00","dateModified":"2020-05-13T13:29:13+00:00","mainEntityOfPage":{"@id":"https:\/\/newsestlyonnais.fr\/site\/2020\/04\/07\/linterview-du-jour-bron-laure-rousselet-je-le-vis-de-la-facon-la-plus-positive-possible\/"},"wordCount":665,"commentCount":0,"publisher":{"@id":"https:\/\/newsestlyonnais.fr\/site\/#organization"},"image":{"@id":"https:\/\/newsestlyonnais.fr\/site\/2020\/04\/07\/linterview-du-jour-bron-laure-rousselet-je-le-vis-de-la-facon-la-plus-positive-possible\/#primaryimage"},"thumbnailUrl":"https:\/\/newsestlyonnais.fr\/site\/wp-content\/uploads\/2020\/04\/LAURE-R.-DECOVALOR.jpg","keywords":["BRON","DECOVALOR","LAURE ROUSSELET"],"articleSection":["Artisans | Commerces","Bron","Confinement (interviews)","Entreprises","Ev\u00e8nements divers","Immobilier | Logement"],"inLanguage":"fr-FR","potentialAction":[{"@type":"CommentAction","name":"Comment","target":["https:\/\/newsestlyonnais.fr\/site\/2020\/04\/07\/linterview-du-jour-bron-laure-rousselet-je-le-vis-de-la-facon-la-plus-positive-possible\/#respond"]}]},{"@type":"WebPage","@id":"https:\/\/newsestlyonnais.fr\/site\/2020\/04\/07\/linterview-du-jour-bron-laure-rousselet-je-le-vis-de-la-facon-la-plus-positive-possible\/","url":"https:\/\/newsestlyonnais.fr\/site\/2020\/04\/07\/linterview-du-jour-bron-laure-rousselet-je-le-vis-de-la-facon-la-plus-positive-possible\/","name":"BRON &gt; Laure Rousselet : \u00abJe le vis de la fa\u00e7on la plus positive possible\u00bb - News Est Lyonnais","isPartOf":{"@id":"https:\/\/newsestlyonnais.fr\/site\/#website"},"primaryImageOfPage":{"@id":"https:\/\/newsestlyonnais.fr\/site\/2020\/04\/07\/linterview-du-jour-bron-laure-rousselet-je-le-vis-de-la-facon-la-plus-positive-possible\/#primaryimage"},"image":{"@id":"https:\/\/newsestlyonnais.fr\/site\/2020\/04\/07\/linterview-du-jour-bron-laure-rousselet-je-le-vis-de-la-facon-la-plus-positive-possible\/#primaryimage"},"thumbnailUrl":"https:\/\/newsestlyonnais.fr\/site\/wp-content\/uploads\/2020\/04\/LAURE-R.-DECOVALOR.jpg","datePublished":"2020-04-07T05:37:31+00:00","dateModified":"2020-05-13T13:29:13+00:00","description":"L\u2019interview du jour | BRON > Laure Rousselet : \u00abJe le vis de la fa\u00e7on la plus positive possible\u00bb","breadcrumb":{"@id":"https:\/\/newsestlyonnais.fr\/site\/2020\/04\/07\/linterview-du-jour-bron-laure-rousselet-je-le-vis-de-la-facon-la-plus-positive-possible\/#breadcrumb"},"inLanguage":"fr-FR","potentialAction":[{"@type":"ReadAction","target":["https:\/\/newsestlyonnais.fr\/site\/2020\/04\/07\/linterview-du-jour-bron-laure-rousselet-je-le-vis-de-la-facon-la-plus-positive-possible\/"]}]},{"@type":"ImageObject","inLanguage":"fr-FR","@id":"https:\/\/newsestlyonnais.fr\/site\/2020\/04\/07\/linterview-du-jour-bron-laure-rousselet-je-le-vis-de-la-facon-la-plus-positive-possible\/#primaryimage","url":"https:\/\/newsestlyonnais.fr\/site\/wp-content\/uploads\/2020\/04\/LAURE-R.-DECOVALOR.jpg","contentUrl":"https:\/\/newsestlyonnais.fr\/site\/wp-content\/uploads\/2020\/04\/LAURE-R.-DECOVALOR.jpg","width":998,"height":664},{"@type":"BreadcrumbList","@id":"https:\/\/newsestlyonnais.fr\/site\/2020\/04\/07\/linterview-du-jour-bron-laure-rousselet-je-le-vis-de-la-facon-la-plus-positive-possible\/#breadcrumb","itemListElement":[{"@type":"ListItem","position":1,"name":"Accueil","item":"https:\/\/newsestlyonnais.fr\/site\/"},{"@type":"ListItem","position":2,"name":"BRON &gt; Laure Rousselet : \u00abJe le vis de la fa\u00e7on la plus positive possible\u00bb"}]},{"@type":"WebSite","@id":"https:\/\/newsestlyonnais.fr\/site\/#website","url":"https:\/\/newsestlyonnais.fr\/site\/","name":"News Est Lyonnais","description":"L&#039;actualit\u00e9 au plus pr\u00e8s","publisher":{"@id":"https:\/\/newsestlyonnais.fr\/site\/#organization"},"potentialAction":[{"@type":"SearchAction","target":{"@type":"EntryPoint","urlTemplate":"https:\/\/newsestlyonnais.fr\/site\/?s={search_term_string}"},"query-input":{"@type":"PropertyValueSpecification","valueRequired":true,"valueName":"search_term_string"}}],"inLanguage":"fr-FR"},{"@type":"Organization","@id":"https:\/\/newsestlyonnais.fr\/site\/#organization","name":"News EST LYONNAIS","url":"https:\/\/newsestlyonnais.fr\/site\/","logo":{"@type":"ImageObject","inLanguage":"fr-FR","@id":"https:\/\/newsestlyonnais.fr\/site\/#\/schema\/logo\/image\/","url":"","contentUrl":"","caption":"News EST LYONNAIS"},"image":{"@id":"https:\/\/newsestlyonnais.fr\/site\/#\/schema\/logo\/image\/"}},{"@type":"Person","@id":"https:\/\/newsestlyonnais.fr\/site\/#\/schema\/person\/3230d5615f390bb808365d673001e887","name":"R\u00e9dac. NEWS","sameAs":["http:\/\/www.newsestlyonnais.fr","https:\/\/www.facebook.com\/pascal.oberson.1?fref=ts","https:\/\/fr.linkedin.com\/in\/pascal-oberson-b17045113"],"url":"https:\/\/newsestlyonnais.fr\/site\/author\/nel\/"}]}},"_links":{"self":[{"href":"https:\/\/newsestlyonnais.fr\/site\/wp-json\/wp\/v2\/posts\/99037","targetHints":{"allow":["GET"]}}],"collection":[{"href":"https:\/\/newsestlyonnais.fr\/site\/wp-json\/wp\/v2\/posts"}],"about":[{"href":"https:\/\/newsestlyonnais.fr\/site\/wp-json\/wp\/v2\/types\/post"}],"author":[{"embeddable":true,"href":"https:\/\/newsestlyonnais.fr\/site\/wp-json\/wp\/v2\/users\/4"}],"replies":[{"embeddable":true,"href":"https:\/\/newsestlyonnais.fr\/site\/wp-json\/wp\/v2\/comments?post=99037"}],"version-history":[{"count":0,"href":"https:\/\/newsestlyonnais.fr\/site\/wp-json\/wp\/v2\/posts\/99037\/revisions"}],"wp:featuredmedia":[{"embeddable":true,"href":"https:\/\/newsestlyonnais.fr\/site\/wp-json\/wp\/v2\/media\/99059"}],"wp:attachment":[{"href":"https:\/\/newsestlyonnais.fr\/site\/wp-json\/wp\/v2\/media?parent=99037"}],"wp:term":[{"taxonomy":"category","embeddable":true,"href":"https:\/\/newsestlyonnais.fr\/site\/wp-json\/wp\/v2\/categories?post=99037"},{"taxonomy":"post_tag","embeddable":true,"href":"https:\/\/newsestlyonnais.fr\/site\/wp-json\/wp\/v2\/tags?post=99037"}],"curies":[{"name":"wp","href":"https:\/\/api.w.org\/{rel}","templated":true}]}}