{"id":99764,"date":"2020-04-16T16:14:25","date_gmt":"2020-04-16T15:14:25","guid":{"rendered":"http:\/\/newsestlyonnais.fr\/site\/?p=99764"},"modified":"2020-11-05T14:32:16","modified_gmt":"2020-11-05T13:32:16","slug":"genas-les-defis-de-laccueil-jeunesse","status":"publish","type":"post","link":"https:\/\/newsestlyonnais.fr\/site\/2020\/04\/16\/genas-les-defis-de-laccueil-jeunesse\/","title":{"rendered":"GENAS | Les d\u00e9fis de l&rsquo;accueil jeunesse"},"content":{"rendered":"<div>\n<div>\n<div>\n<div>\n<div style=\"font-family: Calibri,Arial,Helvetica,sans-serif;color: #000000;font-size: 12pt\">\n<div>\n<div>\n<div>\n<div dir=\"ltr\">\n<div lang=\"fr\">\n<div>\n<div>\n<div>\n<div>\n<div><\/div>\n<div>\n<p style=\"margin: 0px;font-family: Times New Roman,serif;font-size: 12pt\"><span style=\"font-family: Calibri,sans-serif;color: black\">Chaque jour, seront post\u00e9s 3 d\u00e9fis diff\u00e9rents. <\/span><\/p>\n<\/div>\n<div>\n<p style=\"margin: 0px;font-family: Times New Roman,serif;font-size: 12pt\"><span style=\"font-family: Calibri,sans-serif;color: black\">Il sera libre \u00e0 chaque jeune de choisir celui qu&rsquo;il souhaite r\u00e9aliser. Il peut bien entendu tous les r\u00e9aliser. <\/span><\/p>\n<\/div>\n<div><\/div>\n<div>\n<p style=\"margin: 0px 0px 12pt;font-family: Times New Roman,serif;font-size: 12pt\"><span style=\"font-family: Calibri,sans-serif;color: black\">Les d\u00e9fis seront post\u00e9s sur le site suivant : <a href=\"http:\/\/www.toutemonannee.com\" target=\"_blank\" rel=\"noopener noreferrer\"><span style=\"color: #0000ff\">www.toutemonannee.com<\/span><\/a> <\/span><\/p>\n<\/div>\n<div>\n<p style=\"margin: 0px;font-family: Times New Roman,serif;font-size: 12pt\"><u><span style=\"font-family: Calibri,sans-serif;color: black\">Fonctionnement<\/span><\/u><span style=\"font-family: Calibri,sans-serif;color: black\"> : <\/span><\/p>\n<\/div>\n<div>\n<ul type=\"disc\">\n<li style=\"margin: 0px;font-family: Times New Roman,serif;color: black;font-size: 12pt\"><span style=\"font-family: Calibri,sans-serif\">Chaque jour, les 3 d\u00e9fis seront annonc\u00e9s dans l&rsquo;onglet \u00ab\u00a0<b>Cahier de texte<\/b>\u00a0\u00bb et <b><span style=\"background-color: yellow\">\u00ab\u00a0publication\u00a0\u00bb<\/span><\/b><\/span><\/li>\n<\/ul>\n<\/div>\n<div>\n<ul type=\"disc\">\n<li style=\"margin: 0px;font-family: Times New Roman,serif;color: black;font-size: 12pt\"><span style=\"font-family: Calibri,sans-serif\">Pour montrer que le d\u00e9fi est correctement r\u00e9alis\u00e9, les jeunes devront poster la photo ou vid\u00e9o sur le site, en commentaire du post concern\u00e9. Les d\u00e9fis seront ensuite rang\u00e9s par cat\u00e9gories (ex : sport, activit\u00e9 manuelle, etc) dans l&rsquo;onglet<b> \u00ab\u00a0M\u00e9diath\u00e8que\u00a0\u00bb <\/b>par les animateurs. <\/span><\/li>\n<\/ul>\n<ul type=\"disc\">\n<li style=\"margin: 0px;font-family: Times New Roman,serif;font-size: 12pt\"><span style=\"font-family: Calibri,sans-serif;color: black\">Une question ? Une remarque ou une suggestion ? Vous pourrez nous joindre en nous laissant un message dans l&rsquo;onglet \u00ab\u00a0<b>Cahier de liaison<\/b>\u00ab\u00a0. Le message ne sera pas visible par les autres familles, uniquement par notre \u00e9quipe<\/span> <span style=\"background-color: #ffffff\">du secteur jeunesse<\/span><span style=\"background-color: #ffffff;font-family: Calibri,sans-serif;color: black\">. <\/span><\/li>\n<\/ul>\n<ul type=\"disc\">\n<li style=\"margin: 0px;font-family: Times New Roman,serif;color: black;font-size: 12pt\"><span style=\"font-family: Calibri,sans-serif\">Enfin, dans l&rsquo;onglet \u00ab\u00a0<b><span style=\"background-color: yellow\">Publications<\/span><\/b>\u00ab\u00a0, nous posterons chaque jour la blague ou citation du jour, ainsi que des information<\/span><span style=\"font-family: Calibri,sans-serif;color: #1f497d\">s<\/span><span style=\"font-family: Calibri,sans-serif\"> diverses si n\u00e9cessaire.<\/span><\/li>\n<\/ul>\n<\/div>\n<div>_____________________________________________________________________________________________<\/div>\n<div><\/div>\n<div>\n<p style=\"margin: 0px;font-family: Times New Roman,serif;font-size: 12pt\"><u><span style=\"font-family: Calibri,sans-serif;color: black\">Cr\u00e9ation de compte\/droit \u00e0 l&rsquo;image<\/span><\/u> :<\/p>\n<\/div>\n<div>\n<ul type=\"disc\">\n<li style=\"margin: 0px;font-family: Times New Roman,serif;color: black;font-size: 12pt\"><span style=\"font-family: Calibri,sans-serif\">Chaque parent doit se cr\u00e9er un compte sur le site pour avoir acc\u00e8s \u00e0 toutes les informations avec le code qui se trouve en pi\u00e8ce-jointe. De ce fait, lorsque vous cr\u00e9ez le compte <b>vous acceptez que votre enfant poste des photos et\/vid\u00e9os de lui sur le site<\/b>.<\/span><\/li>\n<\/ul>\n<ul type=\"disc\">\n<li style=\"margin: 0px;font-family: Times New Roman,serif;color: black;font-size: 12pt\"><span style=\"font-family: Calibri,sans-serif\">Les jeunes peuvent s&rsquo;amuser \u00e0 se d\u00e9guiser, se montrer avec des lunettes de soleil, rajouter des smileys,&#8230; afin de ne montrer leur visage que partielleme<\/span><span style=\"background-color: #ffffff;font-family: Calibri,sans-serif\">nt <\/span><span style=\"background-color: #ffffff;color: #000000\">ou pas du tout<\/span><span style=\"background-color: #ffffff;font-family: Calibri,sans-serif;color: #000000\">.<\/span><\/li>\n<\/ul>\n<ul type=\"disc\">\n<li style=\"margin: 0px;font-family: Times New Roman,serif;color: black;font-size: 12pt\"><span style=\"font-family: Calibri,sans-serif\">Si vous ne souhaitez pas que les autres jeunes voient les d\u00e9fis r\u00e9alis\u00e9s, vous pouvez toujours envoyer votre d\u00e9fi sur l&rsquo;adresse <\/span><i><span style=\"font-family: Calibri,sans-serif;color: #0c64c0\"><a href=\"mailto:jeunesse@ville-genas.fr\" target=\"_blank\" rel=\"noopener noreferrer\">jeunesse@ville-genas.fr<\/a> <\/span><\/i><i><span style=\"font-family: Calibri,sans-serif\">\u200b<\/span><\/i><span style=\"font-family: Calibri,sans-serif\">(seule l&rsquo;\u00e9quipe d&rsquo;animation y aura acc\u00e8s). <\/span><\/li>\n<\/ul>\n<ul type=\"disc\">\n<li style=\"margin: 0px;font-family: Times New Roman,serif;color: black;font-size: 12pt\"><span style=\"font-family: Calibri,sans-serif\">Le site <span style=\"color: #0000ff\"><a style=\"color: #0000ff\" href=\"http:\/\/toutemonann\u00e9e.com\">toutemonann\u00e9e.com<\/a><\/span> propose un service d&rsquo;achat de livre souvenir. Merci de ne pas en tenir compte. L&rsquo;inscription au site est gratuite et sans obligation d&rsquo;achat.<\/span><\/li>\n<\/ul>\n<ul type=\"disc\">\n<li style=\"margin: 0px;font-family: Times New Roman,serif;color: black;font-size: 12pt\"><span style=\"font-family: Calibri,sans-serif\">Le site est \u00e9galement disponible en application sur smartphone et tablettes.<\/span><\/li>\n<\/ul>\n<p><img loading=\"lazy\" decoding=\"async\" class=\"aligncenter size-full wp-image-99812\" src=\"https:\/\/newsestlyonnais.fr\/site\/medias\/2020\/04\/Inscription.png\" alt=\"\" width=\"790\" height=\"506\" srcset=\"https:\/\/newsestlyonnais.fr\/site\/wp-content\/uploads\/2020\/04\/Inscription.png 790w, https:\/\/newsestlyonnais.fr\/site\/wp-content\/uploads\/2020\/04\/Inscription-400x256.png 400w, https:\/\/newsestlyonnais.fr\/site\/wp-content\/uploads\/2020\/04\/Inscription-650x416.png 650w, https:\/\/newsestlyonnais.fr\/site\/wp-content\/uploads\/2020\/04\/Inscription-250x160.png 250w, https:\/\/newsestlyonnais.fr\/site\/wp-content\/uploads\/2020\/04\/Inscription-768x492.png 768w, https:\/\/newsestlyonnais.fr\/site\/wp-content\/uploads\/2020\/04\/Inscription-150x96.png 150w, https:\/\/newsestlyonnais.fr\/site\/wp-content\/uploads\/2020\/04\/Inscription-50x32.png 50w, https:\/\/newsestlyonnais.fr\/site\/wp-content\/uploads\/2020\/04\/Inscription-100x64.png 100w, https:\/\/newsestlyonnais.fr\/site\/wp-content\/uploads\/2020\/04\/Inscription-200x128.png 200w, https:\/\/newsestlyonnais.fr\/site\/wp-content\/uploads\/2020\/04\/Inscription-300x192.png 300w, https:\/\/newsestlyonnais.fr\/site\/wp-content\/uploads\/2020\/04\/Inscription-350x224.png 350w, https:\/\/newsestlyonnais.fr\/site\/wp-content\/uploads\/2020\/04\/Inscription-450x288.png 450w, https:\/\/newsestlyonnais.fr\/site\/wp-content\/uploads\/2020\/04\/Inscription-500x320.png 500w, https:\/\/newsestlyonnais.fr\/site\/wp-content\/uploads\/2020\/04\/Inscription-550x352.png 550w\" sizes=\"auto, (max-width: 790px) 100vw, 790px\" \/><\/p>\n<\/div>\n<\/div>\n<\/div>\n<\/div>\n<\/div>\n<\/div>\n<\/div>\n<\/div>\n<\/div>\n<\/div>\n<\/div>\n<\/div>\n<\/div>\n<\/div>\n<\/div>\n","protected":false},"excerpt":{"rendered":"<p>Le secteur jeunesse de la ville a souhait\u00e9 mettre en place pour la p\u00e9riode de confinement des d\u00e9fis et activit\u00e9s durant les vacances scolaires.<\/p>\n","protected":false},"author":4,"featured_media":84784,"comment_status":"open","ping_status":"open","sticky":false,"template":"","format":"standard","meta":{"footnotes":""},"categories":[270,3328,171,1598],"tags":[2005,2037],"class_list":["post-99764","post","type-post","status-publish","format-standard","has-post-thumbnail","hentry","category-cte-de-communes-c-c-e-l","category-concours-jeux-labels-lotos","category-enfance-jeunesse","category-genas","tag-genas","tag-jeunesse"],"yoast_head":"<!-- This site is optimized with the Yoast SEO plugin v27.2 - https:\/\/yoast.com\/product\/yoast-seo-wordpress\/ -->\n<title>GENAS | Les d\u00e9fis de l&#039;accueil jeunesse - News Est Lyonnais<\/title>\n<meta name=\"description\" content=\"GENAS | Les d\u00e9fis de l&#039;accueil jeunesse\" \/>\n<meta name=\"robots\" content=\"index, follow, max-snippet:-1, max-image-preview:large, max-video-preview:-1\" \/>\n<link rel=\"canonical\" href=\"https:\/\/newsestlyonnais.fr\/site\/2020\/04\/16\/genas-les-defis-de-laccueil-jeunesse\/\" \/>\n<meta property=\"og:locale\" content=\"fr_FR\" \/>\n<meta property=\"og:type\" content=\"article\" \/>\n<meta property=\"og:title\" content=\"GENAS | Les d\u00e9fis de l&#039;accueil jeunesse - News Est Lyonnais\" \/>\n<meta property=\"og:description\" content=\"GENAS | Les d\u00e9fis de l&#039;accueil jeunesse\" \/>\n<meta property=\"og:url\" content=\"https:\/\/newsestlyonnais.fr\/site\/2020\/04\/16\/genas-les-defis-de-laccueil-jeunesse\/\" \/>\n<meta property=\"og:site_name\" content=\"News Est Lyonnais\" \/>\n<meta property=\"article:author\" content=\"https:\/\/www.facebook.com\/pascal.oberson.1?fref=ts\" \/>\n<meta property=\"article:published_time\" content=\"2020-04-16T15:14:25+00:00\" \/>\n<meta property=\"article:modified_time\" content=\"2020-11-05T13:32:16+00:00\" \/>\n<meta property=\"og:image\" content=\"https:\/\/i2.wp.com\/newsestlyonnais.fr\/site\/wp-content\/uploads\/2019\/10\/NEWSESTLYONNAIS-HV-GENAS.jpg?fit=445%2C250&ssl=1\" \/>\n\t<meta property=\"og:image:width\" content=\"445\" \/>\n\t<meta property=\"og:image:height\" content=\"250\" \/>\n\t<meta property=\"og:image:type\" content=\"image\/jpeg\" \/>\n<meta name=\"author\" content=\"R\u00e9dac. NEWS\" \/>\n<meta name=\"twitter:card\" content=\"summary_large_image\" \/>\n<meta name=\"twitter:label1\" content=\"\u00c9crit par\" \/>\n\t<meta name=\"twitter:data1\" content=\"R\u00e9dac. NEWS\" \/>\n\t<meta name=\"twitter:label2\" content=\"Dur\u00e9e de lecture estim\u00e9e\" \/>\n\t<meta name=\"twitter:data2\" content=\"2 minutes\" \/>\n<script type=\"application\/ld+json\" class=\"yoast-schema-graph\">{\"@context\":\"https:\/\/schema.org\",\"@graph\":[{\"@type\":\"Article\",\"@id\":\"https:\/\/newsestlyonnais.fr\/site\/2020\/04\/16\/genas-les-defis-de-laccueil-jeunesse\/#article\",\"isPartOf\":{\"@id\":\"https:\/\/newsestlyonnais.fr\/site\/2020\/04\/16\/genas-les-defis-de-laccueil-jeunesse\/\"},\"author\":{\"name\":\"R\u00e9dac. NEWS\",\"@id\":\"https:\/\/newsestlyonnais.fr\/site\/#\/schema\/person\/3230d5615f390bb808365d673001e887\"},\"headline\":\"GENAS | Les d\u00e9fis de l&rsquo;accueil jeunesse\",\"datePublished\":\"2020-04-16T15:14:25+00:00\",\"dateModified\":\"2020-11-05T13:32:16+00:00\",\"mainEntityOfPage\":{\"@id\":\"https:\/\/newsestlyonnais.fr\/site\/2020\/04\/16\/genas-les-defis-de-laccueil-jeunesse\/\"},\"wordCount\":352,\"commentCount\":0,\"publisher\":{\"@id\":\"https:\/\/newsestlyonnais.fr\/site\/#organization\"},\"image\":{\"@id\":\"https:\/\/newsestlyonnais.fr\/site\/2020\/04\/16\/genas-les-defis-de-laccueil-jeunesse\/#primaryimage\"},\"thumbnailUrl\":\"https:\/\/newsestlyonnais.fr\/site\/wp-content\/uploads\/2019\/10\/NEWSESTLYONNAIS-HV-GENAS.jpg\",\"keywords\":[\"GENAS\",\"JEUNESSE\"],\"articleSection\":[\"CCEL | Communes\",\"Concours | Jeux | Labels | Lotos\",\"Enfance | Jeunesse\",\"Genas\"],\"inLanguage\":\"fr-FR\",\"potentialAction\":[{\"@type\":\"CommentAction\",\"name\":\"Comment\",\"target\":[\"https:\/\/newsestlyonnais.fr\/site\/2020\/04\/16\/genas-les-defis-de-laccueil-jeunesse\/#respond\"]}]},{\"@type\":\"WebPage\",\"@id\":\"https:\/\/newsestlyonnais.fr\/site\/2020\/04\/16\/genas-les-defis-de-laccueil-jeunesse\/\",\"url\":\"https:\/\/newsestlyonnais.fr\/site\/2020\/04\/16\/genas-les-defis-de-laccueil-jeunesse\/\",\"name\":\"GENAS | Les d\u00e9fis de l'accueil jeunesse - News Est Lyonnais\",\"isPartOf\":{\"@id\":\"https:\/\/newsestlyonnais.fr\/site\/#website\"},\"primaryImageOfPage\":{\"@id\":\"https:\/\/newsestlyonnais.fr\/site\/2020\/04\/16\/genas-les-defis-de-laccueil-jeunesse\/#primaryimage\"},\"image\":{\"@id\":\"https:\/\/newsestlyonnais.fr\/site\/2020\/04\/16\/genas-les-defis-de-laccueil-jeunesse\/#primaryimage\"},\"thumbnailUrl\":\"https:\/\/newsestlyonnais.fr\/site\/wp-content\/uploads\/2019\/10\/NEWSESTLYONNAIS-HV-GENAS.jpg\",\"datePublished\":\"2020-04-16T15:14:25+00:00\",\"dateModified\":\"2020-11-05T13:32:16+00:00\",\"description\":\"GENAS | Les d\u00e9fis de l'accueil jeunesse\",\"breadcrumb\":{\"@id\":\"https:\/\/newsestlyonnais.fr\/site\/2020\/04\/16\/genas-les-defis-de-laccueil-jeunesse\/#breadcrumb\"},\"inLanguage\":\"fr-FR\",\"potentialAction\":[{\"@type\":\"ReadAction\",\"target\":[\"https:\/\/newsestlyonnais.fr\/site\/2020\/04\/16\/genas-les-defis-de-laccueil-jeunesse\/\"]}]},{\"@type\":\"ImageObject\",\"inLanguage\":\"fr-FR\",\"@id\":\"https:\/\/newsestlyonnais.fr\/site\/2020\/04\/16\/genas-les-defis-de-laccueil-jeunesse\/#primaryimage\",\"url\":\"https:\/\/newsestlyonnais.fr\/site\/wp-content\/uploads\/2019\/10\/NEWSESTLYONNAIS-HV-GENAS.jpg\",\"contentUrl\":\"https:\/\/newsestlyonnais.fr\/site\/wp-content\/uploads\/2019\/10\/NEWSESTLYONNAIS-HV-GENAS.jpg\",\"width\":445,\"height\":250},{\"@type\":\"BreadcrumbList\",\"@id\":\"https:\/\/newsestlyonnais.fr\/site\/2020\/04\/16\/genas-les-defis-de-laccueil-jeunesse\/#breadcrumb\",\"itemListElement\":[{\"@type\":\"ListItem\",\"position\":1,\"name\":\"Accueil\",\"item\":\"https:\/\/newsestlyonnais.fr\/site\/\"},{\"@type\":\"ListItem\",\"position\":2,\"name\":\"GENAS | Les d\u00e9fis de l&rsquo;accueil jeunesse\"}]},{\"@type\":\"WebSite\",\"@id\":\"https:\/\/newsestlyonnais.fr\/site\/#website\",\"url\":\"https:\/\/newsestlyonnais.fr\/site\/\",\"name\":\"News Est Lyonnais\",\"description\":\"L&#039;actualit\u00e9 au plus pr\u00e8s\",\"publisher\":{\"@id\":\"https:\/\/newsestlyonnais.fr\/site\/#organization\"},\"potentialAction\":[{\"@type\":\"SearchAction\",\"target\":{\"@type\":\"EntryPoint\",\"urlTemplate\":\"https:\/\/newsestlyonnais.fr\/site\/?s={search_term_string}\"},\"query-input\":{\"@type\":\"PropertyValueSpecification\",\"valueRequired\":true,\"valueName\":\"search_term_string\"}}],\"inLanguage\":\"fr-FR\"},{\"@type\":\"Organization\",\"@id\":\"https:\/\/newsestlyonnais.fr\/site\/#organization\",\"name\":\"News EST LYONNAIS\",\"url\":\"https:\/\/newsestlyonnais.fr\/site\/\",\"logo\":{\"@type\":\"ImageObject\",\"inLanguage\":\"fr-FR\",\"@id\":\"https:\/\/newsestlyonnais.fr\/site\/#\/schema\/logo\/image\/\",\"url\":\"\",\"contentUrl\":\"\",\"caption\":\"News EST LYONNAIS\"},\"image\":{\"@id\":\"https:\/\/newsestlyonnais.fr\/site\/#\/schema\/logo\/image\/\"}},{\"@type\":\"Person\",\"@id\":\"https:\/\/newsestlyonnais.fr\/site\/#\/schema\/person\/3230d5615f390bb808365d673001e887\",\"name\":\"R\u00e9dac. NEWS\",\"sameAs\":[\"http:\/\/www.newsestlyonnais.fr\",\"https:\/\/www.facebook.com\/pascal.oberson.1?fref=ts\",\"https:\/\/fr.linkedin.com\/in\/pascal-oberson-b17045113\"],\"url\":\"https:\/\/newsestlyonnais.fr\/site\/author\/nel\/\"}]}<\/script>\n<!-- \/ Yoast SEO plugin. -->","yoast_head_json":{"title":"GENAS | Les d\u00e9fis de l'accueil jeunesse - News Est Lyonnais","description":"GENAS | Les d\u00e9fis de l'accueil jeunesse","robots":{"index":"index","follow":"follow","max-snippet":"max-snippet:-1","max-image-preview":"max-image-preview:large","max-video-preview":"max-video-preview:-1"},"canonical":"https:\/\/newsestlyonnais.fr\/site\/2020\/04\/16\/genas-les-defis-de-laccueil-jeunesse\/","og_locale":"fr_FR","og_type":"article","og_title":"GENAS | Les d\u00e9fis de l'accueil jeunesse - News Est Lyonnais","og_description":"GENAS | Les d\u00e9fis de l'accueil jeunesse","og_url":"https:\/\/newsestlyonnais.fr\/site\/2020\/04\/16\/genas-les-defis-de-laccueil-jeunesse\/","og_site_name":"News Est Lyonnais","article_author":"https:\/\/www.facebook.com\/pascal.oberson.1?fref=ts","article_published_time":"2020-04-16T15:14:25+00:00","article_modified_time":"2020-11-05T13:32:16+00:00","og_image":[{"width":445,"height":250,"url":"https:\/\/i2.wp.com\/newsestlyonnais.fr\/site\/wp-content\/uploads\/2019\/10\/NEWSESTLYONNAIS-HV-GENAS.jpg?fit=445%2C250&ssl=1","type":"image\/jpeg"}],"author":"R\u00e9dac. NEWS","twitter_card":"summary_large_image","twitter_misc":{"\u00c9crit par":"R\u00e9dac. NEWS","Dur\u00e9e de lecture estim\u00e9e":"2 minutes"},"schema":{"@context":"https:\/\/schema.org","@graph":[{"@type":"Article","@id":"https:\/\/newsestlyonnais.fr\/site\/2020\/04\/16\/genas-les-defis-de-laccueil-jeunesse\/#article","isPartOf":{"@id":"https:\/\/newsestlyonnais.fr\/site\/2020\/04\/16\/genas-les-defis-de-laccueil-jeunesse\/"},"author":{"name":"R\u00e9dac. NEWS","@id":"https:\/\/newsestlyonnais.fr\/site\/#\/schema\/person\/3230d5615f390bb808365d673001e887"},"headline":"GENAS | Les d\u00e9fis de l&rsquo;accueil jeunesse","datePublished":"2020-04-16T15:14:25+00:00","dateModified":"2020-11-05T13:32:16+00:00","mainEntityOfPage":{"@id":"https:\/\/newsestlyonnais.fr\/site\/2020\/04\/16\/genas-les-defis-de-laccueil-jeunesse\/"},"wordCount":352,"commentCount":0,"publisher":{"@id":"https:\/\/newsestlyonnais.fr\/site\/#organization"},"image":{"@id":"https:\/\/newsestlyonnais.fr\/site\/2020\/04\/16\/genas-les-defis-de-laccueil-jeunesse\/#primaryimage"},"thumbnailUrl":"https:\/\/newsestlyonnais.fr\/site\/wp-content\/uploads\/2019\/10\/NEWSESTLYONNAIS-HV-GENAS.jpg","keywords":["GENAS","JEUNESSE"],"articleSection":["CCEL | Communes","Concours | Jeux | Labels | Lotos","Enfance | Jeunesse","Genas"],"inLanguage":"fr-FR","potentialAction":[{"@type":"CommentAction","name":"Comment","target":["https:\/\/newsestlyonnais.fr\/site\/2020\/04\/16\/genas-les-defis-de-laccueil-jeunesse\/#respond"]}]},{"@type":"WebPage","@id":"https:\/\/newsestlyonnais.fr\/site\/2020\/04\/16\/genas-les-defis-de-laccueil-jeunesse\/","url":"https:\/\/newsestlyonnais.fr\/site\/2020\/04\/16\/genas-les-defis-de-laccueil-jeunesse\/","name":"GENAS | Les d\u00e9fis de l'accueil jeunesse - News Est Lyonnais","isPartOf":{"@id":"https:\/\/newsestlyonnais.fr\/site\/#website"},"primaryImageOfPage":{"@id":"https:\/\/newsestlyonnais.fr\/site\/2020\/04\/16\/genas-les-defis-de-laccueil-jeunesse\/#primaryimage"},"image":{"@id":"https:\/\/newsestlyonnais.fr\/site\/2020\/04\/16\/genas-les-defis-de-laccueil-jeunesse\/#primaryimage"},"thumbnailUrl":"https:\/\/newsestlyonnais.fr\/site\/wp-content\/uploads\/2019\/10\/NEWSESTLYONNAIS-HV-GENAS.jpg","datePublished":"2020-04-16T15:14:25+00:00","dateModified":"2020-11-05T13:32:16+00:00","description":"GENAS | Les d\u00e9fis de l'accueil jeunesse","breadcrumb":{"@id":"https:\/\/newsestlyonnais.fr\/site\/2020\/04\/16\/genas-les-defis-de-laccueil-jeunesse\/#breadcrumb"},"inLanguage":"fr-FR","potentialAction":[{"@type":"ReadAction","target":["https:\/\/newsestlyonnais.fr\/site\/2020\/04\/16\/genas-les-defis-de-laccueil-jeunesse\/"]}]},{"@type":"ImageObject","inLanguage":"fr-FR","@id":"https:\/\/newsestlyonnais.fr\/site\/2020\/04\/16\/genas-les-defis-de-laccueil-jeunesse\/#primaryimage","url":"https:\/\/newsestlyonnais.fr\/site\/wp-content\/uploads\/2019\/10\/NEWSESTLYONNAIS-HV-GENAS.jpg","contentUrl":"https:\/\/newsestlyonnais.fr\/site\/wp-content\/uploads\/2019\/10\/NEWSESTLYONNAIS-HV-GENAS.jpg","width":445,"height":250},{"@type":"BreadcrumbList","@id":"https:\/\/newsestlyonnais.fr\/site\/2020\/04\/16\/genas-les-defis-de-laccueil-jeunesse\/#breadcrumb","itemListElement":[{"@type":"ListItem","position":1,"name":"Accueil","item":"https:\/\/newsestlyonnais.fr\/site\/"},{"@type":"ListItem","position":2,"name":"GENAS | Les d\u00e9fis de l&rsquo;accueil jeunesse"}]},{"@type":"WebSite","@id":"https:\/\/newsestlyonnais.fr\/site\/#website","url":"https:\/\/newsestlyonnais.fr\/site\/","name":"News Est Lyonnais","description":"L&#039;actualit\u00e9 au plus pr\u00e8s","publisher":{"@id":"https:\/\/newsestlyonnais.fr\/site\/#organization"},"potentialAction":[{"@type":"SearchAction","target":{"@type":"EntryPoint","urlTemplate":"https:\/\/newsestlyonnais.fr\/site\/?s={search_term_string}"},"query-input":{"@type":"PropertyValueSpecification","valueRequired":true,"valueName":"search_term_string"}}],"inLanguage":"fr-FR"},{"@type":"Organization","@id":"https:\/\/newsestlyonnais.fr\/site\/#organization","name":"News EST LYONNAIS","url":"https:\/\/newsestlyonnais.fr\/site\/","logo":{"@type":"ImageObject","inLanguage":"fr-FR","@id":"https:\/\/newsestlyonnais.fr\/site\/#\/schema\/logo\/image\/","url":"","contentUrl":"","caption":"News EST LYONNAIS"},"image":{"@id":"https:\/\/newsestlyonnais.fr\/site\/#\/schema\/logo\/image\/"}},{"@type":"Person","@id":"https:\/\/newsestlyonnais.fr\/site\/#\/schema\/person\/3230d5615f390bb808365d673001e887","name":"R\u00e9dac. NEWS","sameAs":["http:\/\/www.newsestlyonnais.fr","https:\/\/www.facebook.com\/pascal.oberson.1?fref=ts","https:\/\/fr.linkedin.com\/in\/pascal-oberson-b17045113"],"url":"https:\/\/newsestlyonnais.fr\/site\/author\/nel\/"}]}},"_links":{"self":[{"href":"https:\/\/newsestlyonnais.fr\/site\/wp-json\/wp\/v2\/posts\/99764","targetHints":{"allow":["GET"]}}],"collection":[{"href":"https:\/\/newsestlyonnais.fr\/site\/wp-json\/wp\/v2\/posts"}],"about":[{"href":"https:\/\/newsestlyonnais.fr\/site\/wp-json\/wp\/v2\/types\/post"}],"author":[{"embeddable":true,"href":"https:\/\/newsestlyonnais.fr\/site\/wp-json\/wp\/v2\/users\/4"}],"replies":[{"embeddable":true,"href":"https:\/\/newsestlyonnais.fr\/site\/wp-json\/wp\/v2\/comments?post=99764"}],"version-history":[{"count":0,"href":"https:\/\/newsestlyonnais.fr\/site\/wp-json\/wp\/v2\/posts\/99764\/revisions"}],"wp:featuredmedia":[{"embeddable":true,"href":"https:\/\/newsestlyonnais.fr\/site\/wp-json\/wp\/v2\/media\/84784"}],"wp:attachment":[{"href":"https:\/\/newsestlyonnais.fr\/site\/wp-json\/wp\/v2\/media?parent=99764"}],"wp:term":[{"taxonomy":"category","embeddable":true,"href":"https:\/\/newsestlyonnais.fr\/site\/wp-json\/wp\/v2\/categories?post=99764"},{"taxonomy":"post_tag","embeddable":true,"href":"https:\/\/newsestlyonnais.fr\/site\/wp-json\/wp\/v2\/tags?post=99764"}],"curies":[{"name":"wp","href":"https:\/\/api.w.org\/{rel}","templated":true}]}}