{"id":99797,"date":"2020-04-17T14:22:54","date_gmt":"2020-04-17T13:22:54","guid":{"rendered":"http:\/\/newsestlyonnais.fr\/site\/?p=99797"},"modified":"2020-05-28T12:01:45","modified_gmt":"2020-05-28T11:01:45","slug":"une-francaise-a-letranger-julia-smith-en-australie-la-situation-est-moins-stricte-quen-france","status":"publish","type":"post","link":"https:\/\/newsestlyonnais.fr\/site\/2020\/04\/17\/une-francaise-a-letranger-julia-smith-en-australie-la-situation-est-moins-stricte-quen-france\/","title":{"rendered":"Julia Smith en Australie \u00ab la situation est moins stricte qu\u2019en France \u00bb"},"content":{"rendered":"<div>\n<div>\n<p><strong>Pr\u00e9sentez vous<\/strong> : Julia Smith, r\u00e9sidente australienne \u00e0 Warrnambool dans l&rsquo;\u00e9tat du Victoria \u00e0 300 kilom\u00e8tres au Sud-Ouest de Melbourne, ville c\u00f4ti\u00e8re de 30.000 habitants. ________________________________________________________________________________<\/p>\n<p><strong>Depuis quand \u00eates-vous l\u00e0-bas et pour quelle raison ? <\/strong>Je suis mari\u00e9e et suis enseignante de fran\u00e7ais en secondaire. Dur\u00e9e ind\u00e9termin\u00e9e&#8230;<\/p>\n<p><strong>Comment \u00eates-vous log\u00e9e ? <\/strong>Dans une grande maison en bord de mer avec mon mari et nos 2 enfants : Th\u00e9odore (7 ans) et Xavier (8 ans). Malheureusement pas de jardin mais une petite cour.<\/p>\n<p><strong>Depuis quand \u00eates vous confin\u00e9s, comment cela se passe t il ? <\/strong>Depuis 3 semaines mais la situation est moins stricte qu&rsquo;en France. Nous ne devons pas fournir d&rsquo;attestation pour sortir par exemple mais comme en France, les sorties sont seulement autoris\u00e9es pour faire les courses, aller chez le m\u00e9decin, travailler (beaucoup de personnes travaillent encore) ou faire de l&rsquo;exercice. \u00c0 ce jour, en Australie, 6.447 cas et 63 d\u00e9c\u00e8s reli\u00e9s au Covid-19.<strong><br \/>\n<\/strong><\/p>\n<p><strong>Comment vivez-vous votre confinement ? <\/strong>Jusqu&rsquo;\u00e0 maintenant, les enfants et moi \u00e9tions en vacances scolaires de P\u00e2ques donc \u00e7a allait&#8230; Nous avons repris l&rsquo;\u00e9cole depuis la maison mercredi 15 avril. Moi j&rsquo;enseigne en ligne et les enfants font leur travail \u00e0 la maison. Mon mari est chauffeur de bus et son travail est consid\u00e9r\u00e9 essentiel. C&rsquo;est compliqu\u00e9 mais comme tout le monde, nous n&rsquo;avons pas le choix alors il faut se faire \u00e0 l&rsquo;id\u00e9e&#8230;<\/p>\n<p><strong>Etes vous bloqu\u00e9s o\u00f9 aviez vous pr\u00e9vu de rester de toute fa\u00e7on jusqu\u2019\u00e0 la fin de votre s\u00e9jour. \u200b<\/strong>Nous sommes r\u00e9sidents australiens.<\/p>\n<p><strong>En contacts r\u00e9guliers avec la France ? <\/strong>Oui toute ma famille ainsi que beaucoup d&rsquo;amis vivent en France. Je suis en contact r\u00e9gulier avec mes parents et mes fr\u00e8res et leurs familles par WhatsApp et Skype et les r\u00e9seaux sociaux aident beaucoup aussi \u00e0 rester connect\u00e9s avec les amis et \u00e0 se tenir au courant.<\/p>\n<p><strong>Professionnellement travaillez-vous en t\u00e9l\u00e9travail ? <\/strong>Oui j&rsquo;enseigne le fran\u00e7ais depuis la maison.<\/p>\n<p><strong>Pouvez vous faire du sport ? quels sont vos loisirs ou occupations ? <\/strong>Nous avons la chance de vivre en bord de mer alors beaucoup de promenades \u00e0 pied sur la plage et \u00e0 v\u00e9lo aussi. Mon mari et les gar\u00e7ons continuent de surfer.<\/p>\n<p><strong>Quel livre avez vous lu en priorit\u00e9 ? <\/strong>Un roman de Fiona McIntosh en anglais.<strong><br \/>\n<\/strong><\/p>\n<p><strong>Quel DVD avez vous regard\u00e9 ? <\/strong>Une s\u00e9rie sur Netfllix qui s&rsquo;appelle Virgin River.<strong><br \/>\n<\/strong><\/p>\n<p><strong>Au niveau associatif, comment se passe cette coupure forc\u00e9e ? <\/strong>Tout est arr\u00eat\u00e9: football australien, club de surf, football, basketball. Pour nous les parents \u00e7a passe mais c&rsquo;est vraiment les enfants qui en p\u00e2tissent le plus&#8230; Pour eux il n&rsquo;y a vraiment plus rien. Plus d&rsquo;\u00e9cole, de copains, de visites de membres de la famille et plus aucune activit\u00e9 extracurriculaire donc plus aucun lien social. Ils ne s&rsquo;en plaignent mais on verra apr\u00e8s quelques semaines voire quelques mois&#8230;<strong><br \/>\n<\/strong><\/p>\n<p><strong>Vos priorit\u00e9s, une fois le confinement termin\u00e9 et v<\/strong><strong>os projets d\u2019ici la fin d\u2019ann\u00e9e ? <\/strong>De reprendre une vie normale autant que possible et de pr\u00e9voir un voyage en France pour pouvoir rendre visite \u00e0 la famille.<\/p>\n<div>\n<div><strong>Vos projets d\u2019ici la fin d\u2019ann\u00e9e ?<\/strong> On ne se permet pas de faire des projets dans ce climat incertain malheureusement&#8230;<\/div>\n<\/div>\n<p>________________________________________________________________________________<\/p>\n<p><strong>Et pour conclure ?<\/strong> On a la \u00ab\u00a0chance\u00a0\u00bb d&rsquo;avoir vu les choses venir et se doutait de ce qui nous attendait&#8230; Cela nous permet quand m\u00eame d&rsquo;\u00eatre dans une situation bien meilleure qu&rsquo;en France et on en est conscients et reconnaissants.<strong><br \/>\n<\/strong><\/p>\n<\/div>\n<div><\/div>\n<div style=\"background-color: #ffffff;margin: 0px;font-family: Calibri\"><\/div>\n<div style=\"background-color: #ffffff;margin: 0px;font-family: Calibri\"><\/div>\n<div style=\"background-color: #ffffff;margin: 0px;font-family: Calibri\">\n<p>&nbsp;<\/p>\n<\/div>\n<div style=\"background-color: #ffffff;margin: 0px;font-family: Calibri\"><\/div>\n<div style=\"background-color: #ffffff;margin: 0px;font-family: Calibri\"><span style=\"font-family: Times New Roman\">\u00a0<\/span><\/div>\n<div><\/div>\n<div><\/div>\n<\/div>\n<div>\n<div>\n<p>&nbsp;<\/p>\n<\/div>\n<div><\/div>\n<div>\n<p>&nbsp;<\/p>\n<\/div>\n<\/div>\n","protected":false},"excerpt":{"rendered":"<p>Cette enseignante de fran\u00e7ais vit en famille dans l&rsquo;\u00e9tat du Victoria. <\/p>\n","protected":false},"author":4,"featured_media":99807,"comment_status":"open","ping_status":"open","sticky":false,"template":"","format":"standard","meta":{"footnotes":""},"categories":[3323,18],"tags":[3280,3281],"class_list":["post-99797","post","type-post","status-publish","format-standard","has-post-thumbnail","hentry","category-confinement-interviews","category-sante-bien-etre-solidarite","tag-australie","tag-julia-smith"],"yoast_head":"<!-- This site is optimized with the Yoast SEO plugin v27.2 - https:\/\/yoast.com\/product\/yoast-seo-wordpress\/ -->\n<title>Julia Smith en Australie \u00ab la situation est moins stricte qu\u2019en France \u00bb - News Est Lyonnais<\/title>\n<meta name=\"description\" content=\"Une fran\u00e7aise \u00e0 l\u2019\u00e9tranger &gt; Julia Smith en Australie : \u00abla situation est moins stricte qu\u2019en France\u00bb\" \/>\n<meta name=\"robots\" content=\"index, follow, max-snippet:-1, max-image-preview:large, max-video-preview:-1\" \/>\n<link rel=\"canonical\" href=\"https:\/\/newsestlyonnais.fr\/site\/2020\/04\/17\/une-francaise-a-letranger-julia-smith-en-australie-la-situation-est-moins-stricte-quen-france\/\" \/>\n<meta property=\"og:locale\" content=\"fr_FR\" \/>\n<meta property=\"og:type\" content=\"article\" \/>\n<meta property=\"og:title\" content=\"Julia Smith en Australie \u00ab la situation est moins stricte qu\u2019en France \u00bb - News Est Lyonnais\" \/>\n<meta property=\"og:description\" content=\"Une fran\u00e7aise \u00e0 l\u2019\u00e9tranger &gt; Julia Smith en Australie : \u00abla situation est moins stricte qu\u2019en France\u00bb\" \/>\n<meta property=\"og:url\" content=\"https:\/\/newsestlyonnais.fr\/site\/2020\/04\/17\/une-francaise-a-letranger-julia-smith-en-australie-la-situation-est-moins-stricte-quen-france\/\" \/>\n<meta property=\"og:site_name\" content=\"News Est Lyonnais\" \/>\n<meta property=\"article:author\" content=\"https:\/\/www.facebook.com\/pascal.oberson.1?fref=ts\" \/>\n<meta property=\"article:published_time\" content=\"2020-04-17T13:22:54+00:00\" \/>\n<meta property=\"article:modified_time\" content=\"2020-05-28T11:01:45+00:00\" \/>\n<meta property=\"og:image\" content=\"https:\/\/i1.wp.com\/newsestlyonnais.fr\/site\/wp-content\/uploads\/2020\/04\/NEWSESTLYONNAIS-JULIASMITH.jpg?fit=958%2C960&ssl=1\" \/>\n\t<meta property=\"og:image:width\" content=\"958\" \/>\n\t<meta property=\"og:image:height\" content=\"960\" \/>\n\t<meta property=\"og:image:type\" content=\"image\/jpeg\" \/>\n<meta name=\"author\" content=\"R\u00e9dac. NEWS\" \/>\n<meta name=\"twitter:card\" content=\"summary_large_image\" \/>\n<meta name=\"twitter:label1\" content=\"\u00c9crit par\" \/>\n\t<meta name=\"twitter:data1\" content=\"R\u00e9dac. NEWS\" \/>\n\t<meta name=\"twitter:label2\" content=\"Dur\u00e9e de lecture estim\u00e9e\" \/>\n\t<meta name=\"twitter:data2\" content=\"3 minutes\" \/>\n<script type=\"application\/ld+json\" class=\"yoast-schema-graph\">{\"@context\":\"https:\/\/schema.org\",\"@graph\":[{\"@type\":\"Article\",\"@id\":\"https:\/\/newsestlyonnais.fr\/site\/2020\/04\/17\/une-francaise-a-letranger-julia-smith-en-australie-la-situation-est-moins-stricte-quen-france\/#article\",\"isPartOf\":{\"@id\":\"https:\/\/newsestlyonnais.fr\/site\/2020\/04\/17\/une-francaise-a-letranger-julia-smith-en-australie-la-situation-est-moins-stricte-quen-france\/\"},\"author\":{\"name\":\"R\u00e9dac. NEWS\",\"@id\":\"https:\/\/newsestlyonnais.fr\/site\/#\/schema\/person\/3230d5615f390bb808365d673001e887\"},\"headline\":\"Julia Smith en Australie \u00ab la situation est moins stricte qu\u2019en France \u00bb\",\"datePublished\":\"2020-04-17T13:22:54+00:00\",\"dateModified\":\"2020-05-28T11:01:45+00:00\",\"mainEntityOfPage\":{\"@id\":\"https:\/\/newsestlyonnais.fr\/site\/2020\/04\/17\/une-francaise-a-letranger-julia-smith-en-australie-la-situation-est-moins-stricte-quen-france\/\"},\"wordCount\":618,\"commentCount\":0,\"publisher\":{\"@id\":\"https:\/\/newsestlyonnais.fr\/site\/#organization\"},\"image\":{\"@id\":\"https:\/\/newsestlyonnais.fr\/site\/2020\/04\/17\/une-francaise-a-letranger-julia-smith-en-australie-la-situation-est-moins-stricte-quen-france\/#primaryimage\"},\"thumbnailUrl\":\"https:\/\/newsestlyonnais.fr\/site\/wp-content\/uploads\/2020\/04\/NEWSESTLYONNAIS-JULIASMITH.jpg\",\"keywords\":[\"AUSTRALIE\",\"Julia Smith\"],\"articleSection\":[\"Confinement (interviews)\",\"Sant\u00e9 | Bien Etre | Solidarit\u00e9\"],\"inLanguage\":\"fr-FR\",\"potentialAction\":[{\"@type\":\"CommentAction\",\"name\":\"Comment\",\"target\":[\"https:\/\/newsestlyonnais.fr\/site\/2020\/04\/17\/une-francaise-a-letranger-julia-smith-en-australie-la-situation-est-moins-stricte-quen-france\/#respond\"]}]},{\"@type\":\"WebPage\",\"@id\":\"https:\/\/newsestlyonnais.fr\/site\/2020\/04\/17\/une-francaise-a-letranger-julia-smith-en-australie-la-situation-est-moins-stricte-quen-france\/\",\"url\":\"https:\/\/newsestlyonnais.fr\/site\/2020\/04\/17\/une-francaise-a-letranger-julia-smith-en-australie-la-situation-est-moins-stricte-quen-france\/\",\"name\":\"Julia Smith en Australie \u00ab la situation est moins stricte qu\u2019en France \u00bb - News Est Lyonnais\",\"isPartOf\":{\"@id\":\"https:\/\/newsestlyonnais.fr\/site\/#website\"},\"primaryImageOfPage\":{\"@id\":\"https:\/\/newsestlyonnais.fr\/site\/2020\/04\/17\/une-francaise-a-letranger-julia-smith-en-australie-la-situation-est-moins-stricte-quen-france\/#primaryimage\"},\"image\":{\"@id\":\"https:\/\/newsestlyonnais.fr\/site\/2020\/04\/17\/une-francaise-a-letranger-julia-smith-en-australie-la-situation-est-moins-stricte-quen-france\/#primaryimage\"},\"thumbnailUrl\":\"https:\/\/newsestlyonnais.fr\/site\/wp-content\/uploads\/2020\/04\/NEWSESTLYONNAIS-JULIASMITH.jpg\",\"datePublished\":\"2020-04-17T13:22:54+00:00\",\"dateModified\":\"2020-05-28T11:01:45+00:00\",\"description\":\"Une fran\u00e7aise \u00e0 l\u2019\u00e9tranger > Julia Smith en Australie : \u00abla situation est moins stricte qu\u2019en France\u00bb\",\"breadcrumb\":{\"@id\":\"https:\/\/newsestlyonnais.fr\/site\/2020\/04\/17\/une-francaise-a-letranger-julia-smith-en-australie-la-situation-est-moins-stricte-quen-france\/#breadcrumb\"},\"inLanguage\":\"fr-FR\",\"potentialAction\":[{\"@type\":\"ReadAction\",\"target\":[\"https:\/\/newsestlyonnais.fr\/site\/2020\/04\/17\/une-francaise-a-letranger-julia-smith-en-australie-la-situation-est-moins-stricte-quen-france\/\"]}]},{\"@type\":\"ImageObject\",\"inLanguage\":\"fr-FR\",\"@id\":\"https:\/\/newsestlyonnais.fr\/site\/2020\/04\/17\/une-francaise-a-letranger-julia-smith-en-australie-la-situation-est-moins-stricte-quen-france\/#primaryimage\",\"url\":\"https:\/\/newsestlyonnais.fr\/site\/wp-content\/uploads\/2020\/04\/NEWSESTLYONNAIS-JULIASMITH.jpg\",\"contentUrl\":\"https:\/\/newsestlyonnais.fr\/site\/wp-content\/uploads\/2020\/04\/NEWSESTLYONNAIS-JULIASMITH.jpg\",\"width\":958,\"height\":960},{\"@type\":\"BreadcrumbList\",\"@id\":\"https:\/\/newsestlyonnais.fr\/site\/2020\/04\/17\/une-francaise-a-letranger-julia-smith-en-australie-la-situation-est-moins-stricte-quen-france\/#breadcrumb\",\"itemListElement\":[{\"@type\":\"ListItem\",\"position\":1,\"name\":\"Accueil\",\"item\":\"https:\/\/newsestlyonnais.fr\/site\/\"},{\"@type\":\"ListItem\",\"position\":2,\"name\":\"Julia Smith en Australie \u00ab la situation est moins stricte qu\u2019en France \u00bb\"}]},{\"@type\":\"WebSite\",\"@id\":\"https:\/\/newsestlyonnais.fr\/site\/#website\",\"url\":\"https:\/\/newsestlyonnais.fr\/site\/\",\"name\":\"News Est Lyonnais\",\"description\":\"L&#039;actualit\u00e9 au plus pr\u00e8s\",\"publisher\":{\"@id\":\"https:\/\/newsestlyonnais.fr\/site\/#organization\"},\"potentialAction\":[{\"@type\":\"SearchAction\",\"target\":{\"@type\":\"EntryPoint\",\"urlTemplate\":\"https:\/\/newsestlyonnais.fr\/site\/?s={search_term_string}\"},\"query-input\":{\"@type\":\"PropertyValueSpecification\",\"valueRequired\":true,\"valueName\":\"search_term_string\"}}],\"inLanguage\":\"fr-FR\"},{\"@type\":\"Organization\",\"@id\":\"https:\/\/newsestlyonnais.fr\/site\/#organization\",\"name\":\"News EST LYONNAIS\",\"url\":\"https:\/\/newsestlyonnais.fr\/site\/\",\"logo\":{\"@type\":\"ImageObject\",\"inLanguage\":\"fr-FR\",\"@id\":\"https:\/\/newsestlyonnais.fr\/site\/#\/schema\/logo\/image\/\",\"url\":\"\",\"contentUrl\":\"\",\"caption\":\"News EST LYONNAIS\"},\"image\":{\"@id\":\"https:\/\/newsestlyonnais.fr\/site\/#\/schema\/logo\/image\/\"}},{\"@type\":\"Person\",\"@id\":\"https:\/\/newsestlyonnais.fr\/site\/#\/schema\/person\/3230d5615f390bb808365d673001e887\",\"name\":\"R\u00e9dac. NEWS\",\"sameAs\":[\"http:\/\/www.newsestlyonnais.fr\",\"https:\/\/www.facebook.com\/pascal.oberson.1?fref=ts\",\"https:\/\/fr.linkedin.com\/in\/pascal-oberson-b17045113\"],\"url\":\"https:\/\/newsestlyonnais.fr\/site\/author\/nel\/\"}]}<\/script>\n<!-- \/ Yoast SEO plugin. -->","yoast_head_json":{"title":"Julia Smith en Australie \u00ab la situation est moins stricte qu\u2019en France \u00bb - News Est Lyonnais","description":"Une fran\u00e7aise \u00e0 l\u2019\u00e9tranger > Julia Smith en Australie : \u00abla situation est moins stricte qu\u2019en France\u00bb","robots":{"index":"index","follow":"follow","max-snippet":"max-snippet:-1","max-image-preview":"max-image-preview:large","max-video-preview":"max-video-preview:-1"},"canonical":"https:\/\/newsestlyonnais.fr\/site\/2020\/04\/17\/une-francaise-a-letranger-julia-smith-en-australie-la-situation-est-moins-stricte-quen-france\/","og_locale":"fr_FR","og_type":"article","og_title":"Julia Smith en Australie \u00ab la situation est moins stricte qu\u2019en France \u00bb - News Est Lyonnais","og_description":"Une fran\u00e7aise \u00e0 l\u2019\u00e9tranger > Julia Smith en Australie : \u00abla situation est moins stricte qu\u2019en France\u00bb","og_url":"https:\/\/newsestlyonnais.fr\/site\/2020\/04\/17\/une-francaise-a-letranger-julia-smith-en-australie-la-situation-est-moins-stricte-quen-france\/","og_site_name":"News Est Lyonnais","article_author":"https:\/\/www.facebook.com\/pascal.oberson.1?fref=ts","article_published_time":"2020-04-17T13:22:54+00:00","article_modified_time":"2020-05-28T11:01:45+00:00","og_image":[{"width":958,"height":960,"url":"https:\/\/i1.wp.com\/newsestlyonnais.fr\/site\/wp-content\/uploads\/2020\/04\/NEWSESTLYONNAIS-JULIASMITH.jpg?fit=958%2C960&ssl=1","type":"image\/jpeg"}],"author":"R\u00e9dac. NEWS","twitter_card":"summary_large_image","twitter_misc":{"\u00c9crit par":"R\u00e9dac. NEWS","Dur\u00e9e de lecture estim\u00e9e":"3 minutes"},"schema":{"@context":"https:\/\/schema.org","@graph":[{"@type":"Article","@id":"https:\/\/newsestlyonnais.fr\/site\/2020\/04\/17\/une-francaise-a-letranger-julia-smith-en-australie-la-situation-est-moins-stricte-quen-france\/#article","isPartOf":{"@id":"https:\/\/newsestlyonnais.fr\/site\/2020\/04\/17\/une-francaise-a-letranger-julia-smith-en-australie-la-situation-est-moins-stricte-quen-france\/"},"author":{"name":"R\u00e9dac. NEWS","@id":"https:\/\/newsestlyonnais.fr\/site\/#\/schema\/person\/3230d5615f390bb808365d673001e887"},"headline":"Julia Smith en Australie \u00ab la situation est moins stricte qu\u2019en France \u00bb","datePublished":"2020-04-17T13:22:54+00:00","dateModified":"2020-05-28T11:01:45+00:00","mainEntityOfPage":{"@id":"https:\/\/newsestlyonnais.fr\/site\/2020\/04\/17\/une-francaise-a-letranger-julia-smith-en-australie-la-situation-est-moins-stricte-quen-france\/"},"wordCount":618,"commentCount":0,"publisher":{"@id":"https:\/\/newsestlyonnais.fr\/site\/#organization"},"image":{"@id":"https:\/\/newsestlyonnais.fr\/site\/2020\/04\/17\/une-francaise-a-letranger-julia-smith-en-australie-la-situation-est-moins-stricte-quen-france\/#primaryimage"},"thumbnailUrl":"https:\/\/newsestlyonnais.fr\/site\/wp-content\/uploads\/2020\/04\/NEWSESTLYONNAIS-JULIASMITH.jpg","keywords":["AUSTRALIE","Julia Smith"],"articleSection":["Confinement (interviews)","Sant\u00e9 | Bien Etre | Solidarit\u00e9"],"inLanguage":"fr-FR","potentialAction":[{"@type":"CommentAction","name":"Comment","target":["https:\/\/newsestlyonnais.fr\/site\/2020\/04\/17\/une-francaise-a-letranger-julia-smith-en-australie-la-situation-est-moins-stricte-quen-france\/#respond"]}]},{"@type":"WebPage","@id":"https:\/\/newsestlyonnais.fr\/site\/2020\/04\/17\/une-francaise-a-letranger-julia-smith-en-australie-la-situation-est-moins-stricte-quen-france\/","url":"https:\/\/newsestlyonnais.fr\/site\/2020\/04\/17\/une-francaise-a-letranger-julia-smith-en-australie-la-situation-est-moins-stricte-quen-france\/","name":"Julia Smith en Australie \u00ab la situation est moins stricte qu\u2019en France \u00bb - News Est Lyonnais","isPartOf":{"@id":"https:\/\/newsestlyonnais.fr\/site\/#website"},"primaryImageOfPage":{"@id":"https:\/\/newsestlyonnais.fr\/site\/2020\/04\/17\/une-francaise-a-letranger-julia-smith-en-australie-la-situation-est-moins-stricte-quen-france\/#primaryimage"},"image":{"@id":"https:\/\/newsestlyonnais.fr\/site\/2020\/04\/17\/une-francaise-a-letranger-julia-smith-en-australie-la-situation-est-moins-stricte-quen-france\/#primaryimage"},"thumbnailUrl":"https:\/\/newsestlyonnais.fr\/site\/wp-content\/uploads\/2020\/04\/NEWSESTLYONNAIS-JULIASMITH.jpg","datePublished":"2020-04-17T13:22:54+00:00","dateModified":"2020-05-28T11:01:45+00:00","description":"Une fran\u00e7aise \u00e0 l\u2019\u00e9tranger > Julia Smith en Australie : \u00abla situation est moins stricte qu\u2019en France\u00bb","breadcrumb":{"@id":"https:\/\/newsestlyonnais.fr\/site\/2020\/04\/17\/une-francaise-a-letranger-julia-smith-en-australie-la-situation-est-moins-stricte-quen-france\/#breadcrumb"},"inLanguage":"fr-FR","potentialAction":[{"@type":"ReadAction","target":["https:\/\/newsestlyonnais.fr\/site\/2020\/04\/17\/une-francaise-a-letranger-julia-smith-en-australie-la-situation-est-moins-stricte-quen-france\/"]}]},{"@type":"ImageObject","inLanguage":"fr-FR","@id":"https:\/\/newsestlyonnais.fr\/site\/2020\/04\/17\/une-francaise-a-letranger-julia-smith-en-australie-la-situation-est-moins-stricte-quen-france\/#primaryimage","url":"https:\/\/newsestlyonnais.fr\/site\/wp-content\/uploads\/2020\/04\/NEWSESTLYONNAIS-JULIASMITH.jpg","contentUrl":"https:\/\/newsestlyonnais.fr\/site\/wp-content\/uploads\/2020\/04\/NEWSESTLYONNAIS-JULIASMITH.jpg","width":958,"height":960},{"@type":"BreadcrumbList","@id":"https:\/\/newsestlyonnais.fr\/site\/2020\/04\/17\/une-francaise-a-letranger-julia-smith-en-australie-la-situation-est-moins-stricte-quen-france\/#breadcrumb","itemListElement":[{"@type":"ListItem","position":1,"name":"Accueil","item":"https:\/\/newsestlyonnais.fr\/site\/"},{"@type":"ListItem","position":2,"name":"Julia Smith en Australie \u00ab la situation est moins stricte qu\u2019en France \u00bb"}]},{"@type":"WebSite","@id":"https:\/\/newsestlyonnais.fr\/site\/#website","url":"https:\/\/newsestlyonnais.fr\/site\/","name":"News Est Lyonnais","description":"L&#039;actualit\u00e9 au plus pr\u00e8s","publisher":{"@id":"https:\/\/newsestlyonnais.fr\/site\/#organization"},"potentialAction":[{"@type":"SearchAction","target":{"@type":"EntryPoint","urlTemplate":"https:\/\/newsestlyonnais.fr\/site\/?s={search_term_string}"},"query-input":{"@type":"PropertyValueSpecification","valueRequired":true,"valueName":"search_term_string"}}],"inLanguage":"fr-FR"},{"@type":"Organization","@id":"https:\/\/newsestlyonnais.fr\/site\/#organization","name":"News EST LYONNAIS","url":"https:\/\/newsestlyonnais.fr\/site\/","logo":{"@type":"ImageObject","inLanguage":"fr-FR","@id":"https:\/\/newsestlyonnais.fr\/site\/#\/schema\/logo\/image\/","url":"","contentUrl":"","caption":"News EST LYONNAIS"},"image":{"@id":"https:\/\/newsestlyonnais.fr\/site\/#\/schema\/logo\/image\/"}},{"@type":"Person","@id":"https:\/\/newsestlyonnais.fr\/site\/#\/schema\/person\/3230d5615f390bb808365d673001e887","name":"R\u00e9dac. NEWS","sameAs":["http:\/\/www.newsestlyonnais.fr","https:\/\/www.facebook.com\/pascal.oberson.1?fref=ts","https:\/\/fr.linkedin.com\/in\/pascal-oberson-b17045113"],"url":"https:\/\/newsestlyonnais.fr\/site\/author\/nel\/"}]}},"_links":{"self":[{"href":"https:\/\/newsestlyonnais.fr\/site\/wp-json\/wp\/v2\/posts\/99797","targetHints":{"allow":["GET"]}}],"collection":[{"href":"https:\/\/newsestlyonnais.fr\/site\/wp-json\/wp\/v2\/posts"}],"about":[{"href":"https:\/\/newsestlyonnais.fr\/site\/wp-json\/wp\/v2\/types\/post"}],"author":[{"embeddable":true,"href":"https:\/\/newsestlyonnais.fr\/site\/wp-json\/wp\/v2\/users\/4"}],"replies":[{"embeddable":true,"href":"https:\/\/newsestlyonnais.fr\/site\/wp-json\/wp\/v2\/comments?post=99797"}],"version-history":[{"count":0,"href":"https:\/\/newsestlyonnais.fr\/site\/wp-json\/wp\/v2\/posts\/99797\/revisions"}],"wp:featuredmedia":[{"embeddable":true,"href":"https:\/\/newsestlyonnais.fr\/site\/wp-json\/wp\/v2\/media\/99807"}],"wp:attachment":[{"href":"https:\/\/newsestlyonnais.fr\/site\/wp-json\/wp\/v2\/media?parent=99797"}],"wp:term":[{"taxonomy":"category","embeddable":true,"href":"https:\/\/newsestlyonnais.fr\/site\/wp-json\/wp\/v2\/categories?post=99797"},{"taxonomy":"post_tag","embeddable":true,"href":"https:\/\/newsestlyonnais.fr\/site\/wp-json\/wp\/v2\/tags?post=99797"}],"curies":[{"name":"wp","href":"https:\/\/api.w.org\/{rel}","templated":true}]}}