{"id":99874,"date":"2020-04-18T08:40:20","date_gmt":"2020-04-18T07:40:20","guid":{"rendered":"http:\/\/newsestlyonnais.fr\/site\/?p=99874"},"modified":"2020-05-19T18:01:17","modified_gmt":"2020-05-19T17:01:17","slug":"meyzieu-une-page-facebook-pour-les-majolans-par-les-agents-de-la-ville","status":"publish","type":"post","link":"https:\/\/newsestlyonnais.fr\/site\/2020\/04\/18\/meyzieu-une-page-facebook-pour-les-majolans-par-les-agents-de-la-ville\/","title":{"rendered":"MEYZIEU | Une page Facebook pour les majolans par les agents de la ville"},"content":{"rendered":"<p>Dans cette p\u00e9riode si particuli\u00e8re, un certain nombre d\u2019agents de la collectivit\u00e9 sont en t\u00e9l\u00e9travail. Ils ont su s\u2019adapter et r\u00e9inventer leurs m\u00e9tiers et leurs pratiques professionnelles.<\/p>\n<p>Cette adaptation et ce volontarisme ont permis \u00e0 la Ville de Meyzieu de <strong>lancer une nouvelle page facebook pour accompagner les Majolans le temps du confinement<\/strong> : Meyzieu pleine vi(ll)e.<span style=\"color: #0000ff\"><a style=\"color: #0000ff\" href=\"https:\/\/www.facebook.com\/MeyzieuPleineVille\"> https:\/\/www.facebook.com\/MeyzieuPleineVille<\/a><\/span><\/p>\n<p>________________________________________________________________________________<\/p>\n<p>Les contenus de cette page sont cr\u00e9\u00e9s par des agents de la collectivit\u00e9 sur leurs lieux de confinement. Cette page est anim\u00e9e par le service communication de la Ville.<\/p>\n<p>________________________________________________________________________________<\/p>\n<p>L\u2019objectif est simple : partager le dynamisme, le volontarisme et la cr\u00e9ativit\u00e9 des agents de la collectivit\u00e9 et maintenir un lien avec les citoyens en leur proposant des contenus ludiques divers et vari\u00e9s. Des agents de toutes les directions de la collectivit\u00e9 participent \u00e0 ce projet.<\/p>\n<p>Chacun proposera des contenus en lien avec son m\u00e9tier, mais pas seulement : d\u00e9fis, tutoriels, quizz, bons plans se succ\u00e8deront ainsi chaque jour jusqu\u2019\u00e0 la fin du confinement.<\/p>\n","protected":false},"excerpt":{"rendered":"<p>Vendredi gr\u00e2ce aux talents et \u00e0 l\u2019engagement des agents de la collectivit\u00e9, une nouvelle page facebook pour les Majolan(e)s est n\u00e9e !<\/p>\n","protected":false},"author":4,"featured_media":99877,"comment_status":"open","ping_status":"open","sticky":false,"template":"","format":"standard","meta":{"footnotes":""},"categories":[2217,2172,24],"tags":[3283,2081],"class_list":["post-99874","post","type-post","status-publish","format-standard","has-post-thumbnail","hentry","category-breves-de-lest-lyonnais","category-informatique-numerique","category-meyzieu","tag-facebook","tag-meyzieu"],"yoast_head":"<!-- This site is optimized with the Yoast SEO plugin v27.2 - https:\/\/yoast.com\/product\/yoast-seo-wordpress\/ -->\n<title>MEYZIEU | Une page Facebook pour les majolans par les agents de la ville - News Est Lyonnais<\/title>\n<meta name=\"description\" content=\"MEYZIEU | Une page Facebook pour les majolans par les agents de la ville\" \/>\n<meta name=\"robots\" content=\"index, follow, max-snippet:-1, max-image-preview:large, max-video-preview:-1\" \/>\n<link rel=\"canonical\" href=\"https:\/\/newsestlyonnais.fr\/site\/2020\/04\/18\/meyzieu-une-page-facebook-pour-les-majolans-par-les-agents-de-la-ville\/\" \/>\n<meta property=\"og:locale\" content=\"fr_FR\" \/>\n<meta property=\"og:type\" content=\"article\" \/>\n<meta property=\"og:title\" content=\"MEYZIEU | Une page Facebook pour les majolans par les agents de la ville - News Est Lyonnais\" \/>\n<meta property=\"og:description\" content=\"MEYZIEU | Une page Facebook pour les majolans par les agents de la ville\" \/>\n<meta property=\"og:url\" content=\"https:\/\/newsestlyonnais.fr\/site\/2020\/04\/18\/meyzieu-une-page-facebook-pour-les-majolans-par-les-agents-de-la-ville\/\" \/>\n<meta property=\"og:site_name\" content=\"News Est Lyonnais\" \/>\n<meta property=\"article:author\" content=\"https:\/\/www.facebook.com\/pascal.oberson.1?fref=ts\" \/>\n<meta property=\"article:published_time\" content=\"2020-04-18T07:40:20+00:00\" \/>\n<meta property=\"article:modified_time\" content=\"2020-05-19T17:01:17+00:00\" \/>\n<meta property=\"og:image\" content=\"https:\/\/i0.wp.com\/newsestlyonnais.fr\/site\/wp-content\/uploads\/2020\/04\/NEWSESTLYONNAIS-MEYZIEU-PLEINE-VILLE.png?fit=960%2C355&ssl=1\" \/>\n\t<meta property=\"og:image:width\" content=\"960\" \/>\n\t<meta property=\"og:image:height\" content=\"355\" \/>\n\t<meta property=\"og:image:type\" content=\"image\/png\" \/>\n<meta name=\"author\" content=\"R\u00e9dac. NEWS\" \/>\n<meta name=\"twitter:card\" content=\"summary_large_image\" \/>\n<meta name=\"twitter:label1\" content=\"\u00c9crit par\" \/>\n\t<meta name=\"twitter:data1\" content=\"R\u00e9dac. NEWS\" \/>\n\t<meta name=\"twitter:label2\" content=\"Dur\u00e9e de lecture estim\u00e9e\" \/>\n\t<meta name=\"twitter:data2\" content=\"1 minute\" \/>\n<script type=\"application\/ld+json\" class=\"yoast-schema-graph\">{\"@context\":\"https:\/\/schema.org\",\"@graph\":[{\"@type\":\"Article\",\"@id\":\"https:\/\/newsestlyonnais.fr\/site\/2020\/04\/18\/meyzieu-une-page-facebook-pour-les-majolans-par-les-agents-de-la-ville\/#article\",\"isPartOf\":{\"@id\":\"https:\/\/newsestlyonnais.fr\/site\/2020\/04\/18\/meyzieu-une-page-facebook-pour-les-majolans-par-les-agents-de-la-ville\/\"},\"author\":{\"name\":\"R\u00e9dac. NEWS\",\"@id\":\"https:\/\/newsestlyonnais.fr\/site\/#\/schema\/person\/3230d5615f390bb808365d673001e887\"},\"headline\":\"MEYZIEU | Une page Facebook pour les majolans par les agents de la ville\",\"datePublished\":\"2020-04-18T07:40:20+00:00\",\"dateModified\":\"2020-05-19T17:01:17+00:00\",\"mainEntityOfPage\":{\"@id\":\"https:\/\/newsestlyonnais.fr\/site\/2020\/04\/18\/meyzieu-une-page-facebook-pour-les-majolans-par-les-agents-de-la-ville\/\"},\"wordCount\":191,\"commentCount\":0,\"publisher\":{\"@id\":\"https:\/\/newsestlyonnais.fr\/site\/#organization\"},\"image\":{\"@id\":\"https:\/\/newsestlyonnais.fr\/site\/2020\/04\/18\/meyzieu-une-page-facebook-pour-les-majolans-par-les-agents-de-la-ville\/#primaryimage\"},\"thumbnailUrl\":\"https:\/\/newsestlyonnais.fr\/site\/wp-content\/uploads\/2020\/04\/NEWSESTLYONNAIS-MEYZIEU-PLEINE-VILLE.png\",\"keywords\":[\"FACEBOOK\",\"MEYZIEU\"],\"articleSection\":[\"Br\u00e8ves de l'Est lyonnais\",\"Informatique | Num\u00e9rique\",\"Meyzieu\"],\"inLanguage\":\"fr-FR\",\"potentialAction\":[{\"@type\":\"CommentAction\",\"name\":\"Comment\",\"target\":[\"https:\/\/newsestlyonnais.fr\/site\/2020\/04\/18\/meyzieu-une-page-facebook-pour-les-majolans-par-les-agents-de-la-ville\/#respond\"]}]},{\"@type\":\"WebPage\",\"@id\":\"https:\/\/newsestlyonnais.fr\/site\/2020\/04\/18\/meyzieu-une-page-facebook-pour-les-majolans-par-les-agents-de-la-ville\/\",\"url\":\"https:\/\/newsestlyonnais.fr\/site\/2020\/04\/18\/meyzieu-une-page-facebook-pour-les-majolans-par-les-agents-de-la-ville\/\",\"name\":\"MEYZIEU | Une page Facebook pour les majolans par les agents de la ville - News Est Lyonnais\",\"isPartOf\":{\"@id\":\"https:\/\/newsestlyonnais.fr\/site\/#website\"},\"primaryImageOfPage\":{\"@id\":\"https:\/\/newsestlyonnais.fr\/site\/2020\/04\/18\/meyzieu-une-page-facebook-pour-les-majolans-par-les-agents-de-la-ville\/#primaryimage\"},\"image\":{\"@id\":\"https:\/\/newsestlyonnais.fr\/site\/2020\/04\/18\/meyzieu-une-page-facebook-pour-les-majolans-par-les-agents-de-la-ville\/#primaryimage\"},\"thumbnailUrl\":\"https:\/\/newsestlyonnais.fr\/site\/wp-content\/uploads\/2020\/04\/NEWSESTLYONNAIS-MEYZIEU-PLEINE-VILLE.png\",\"datePublished\":\"2020-04-18T07:40:20+00:00\",\"dateModified\":\"2020-05-19T17:01:17+00:00\",\"description\":\"MEYZIEU | Une page Facebook pour les majolans par les agents de la ville\",\"breadcrumb\":{\"@id\":\"https:\/\/newsestlyonnais.fr\/site\/2020\/04\/18\/meyzieu-une-page-facebook-pour-les-majolans-par-les-agents-de-la-ville\/#breadcrumb\"},\"inLanguage\":\"fr-FR\",\"potentialAction\":[{\"@type\":\"ReadAction\",\"target\":[\"https:\/\/newsestlyonnais.fr\/site\/2020\/04\/18\/meyzieu-une-page-facebook-pour-les-majolans-par-les-agents-de-la-ville\/\"]}]},{\"@type\":\"ImageObject\",\"inLanguage\":\"fr-FR\",\"@id\":\"https:\/\/newsestlyonnais.fr\/site\/2020\/04\/18\/meyzieu-une-page-facebook-pour-les-majolans-par-les-agents-de-la-ville\/#primaryimage\",\"url\":\"https:\/\/newsestlyonnais.fr\/site\/wp-content\/uploads\/2020\/04\/NEWSESTLYONNAIS-MEYZIEU-PLEINE-VILLE.png\",\"contentUrl\":\"https:\/\/newsestlyonnais.fr\/site\/wp-content\/uploads\/2020\/04\/NEWSESTLYONNAIS-MEYZIEU-PLEINE-VILLE.png\",\"width\":960,\"height\":355},{\"@type\":\"BreadcrumbList\",\"@id\":\"https:\/\/newsestlyonnais.fr\/site\/2020\/04\/18\/meyzieu-une-page-facebook-pour-les-majolans-par-les-agents-de-la-ville\/#breadcrumb\",\"itemListElement\":[{\"@type\":\"ListItem\",\"position\":1,\"name\":\"Accueil\",\"item\":\"https:\/\/newsestlyonnais.fr\/site\/\"},{\"@type\":\"ListItem\",\"position\":2,\"name\":\"MEYZIEU | Une page Facebook pour les majolans par les agents de la ville\"}]},{\"@type\":\"WebSite\",\"@id\":\"https:\/\/newsestlyonnais.fr\/site\/#website\",\"url\":\"https:\/\/newsestlyonnais.fr\/site\/\",\"name\":\"News Est Lyonnais\",\"description\":\"L&#039;actualit\u00e9 au plus pr\u00e8s\",\"publisher\":{\"@id\":\"https:\/\/newsestlyonnais.fr\/site\/#organization\"},\"potentialAction\":[{\"@type\":\"SearchAction\",\"target\":{\"@type\":\"EntryPoint\",\"urlTemplate\":\"https:\/\/newsestlyonnais.fr\/site\/?s={search_term_string}\"},\"query-input\":{\"@type\":\"PropertyValueSpecification\",\"valueRequired\":true,\"valueName\":\"search_term_string\"}}],\"inLanguage\":\"fr-FR\"},{\"@type\":\"Organization\",\"@id\":\"https:\/\/newsestlyonnais.fr\/site\/#organization\",\"name\":\"News EST LYONNAIS\",\"url\":\"https:\/\/newsestlyonnais.fr\/site\/\",\"logo\":{\"@type\":\"ImageObject\",\"inLanguage\":\"fr-FR\",\"@id\":\"https:\/\/newsestlyonnais.fr\/site\/#\/schema\/logo\/image\/\",\"url\":\"\",\"contentUrl\":\"\",\"caption\":\"News EST LYONNAIS\"},\"image\":{\"@id\":\"https:\/\/newsestlyonnais.fr\/site\/#\/schema\/logo\/image\/\"}},{\"@type\":\"Person\",\"@id\":\"https:\/\/newsestlyonnais.fr\/site\/#\/schema\/person\/3230d5615f390bb808365d673001e887\",\"name\":\"R\u00e9dac. NEWS\",\"sameAs\":[\"http:\/\/www.newsestlyonnais.fr\",\"https:\/\/www.facebook.com\/pascal.oberson.1?fref=ts\",\"https:\/\/fr.linkedin.com\/in\/pascal-oberson-b17045113\"],\"url\":\"https:\/\/newsestlyonnais.fr\/site\/author\/nel\/\"}]}<\/script>\n<!-- \/ Yoast SEO plugin. -->","yoast_head_json":{"title":"MEYZIEU | Une page Facebook pour les majolans par les agents de la ville - News Est Lyonnais","description":"MEYZIEU | Une page Facebook pour les majolans par les agents de la ville","robots":{"index":"index","follow":"follow","max-snippet":"max-snippet:-1","max-image-preview":"max-image-preview:large","max-video-preview":"max-video-preview:-1"},"canonical":"https:\/\/newsestlyonnais.fr\/site\/2020\/04\/18\/meyzieu-une-page-facebook-pour-les-majolans-par-les-agents-de-la-ville\/","og_locale":"fr_FR","og_type":"article","og_title":"MEYZIEU | Une page Facebook pour les majolans par les agents de la ville - News Est Lyonnais","og_description":"MEYZIEU | Une page Facebook pour les majolans par les agents de la ville","og_url":"https:\/\/newsestlyonnais.fr\/site\/2020\/04\/18\/meyzieu-une-page-facebook-pour-les-majolans-par-les-agents-de-la-ville\/","og_site_name":"News Est Lyonnais","article_author":"https:\/\/www.facebook.com\/pascal.oberson.1?fref=ts","article_published_time":"2020-04-18T07:40:20+00:00","article_modified_time":"2020-05-19T17:01:17+00:00","og_image":[{"width":960,"height":355,"url":"https:\/\/i0.wp.com\/newsestlyonnais.fr\/site\/wp-content\/uploads\/2020\/04\/NEWSESTLYONNAIS-MEYZIEU-PLEINE-VILLE.png?fit=960%2C355&ssl=1","type":"image\/png"}],"author":"R\u00e9dac. NEWS","twitter_card":"summary_large_image","twitter_misc":{"\u00c9crit par":"R\u00e9dac. NEWS","Dur\u00e9e de lecture estim\u00e9e":"1 minute"},"schema":{"@context":"https:\/\/schema.org","@graph":[{"@type":"Article","@id":"https:\/\/newsestlyonnais.fr\/site\/2020\/04\/18\/meyzieu-une-page-facebook-pour-les-majolans-par-les-agents-de-la-ville\/#article","isPartOf":{"@id":"https:\/\/newsestlyonnais.fr\/site\/2020\/04\/18\/meyzieu-une-page-facebook-pour-les-majolans-par-les-agents-de-la-ville\/"},"author":{"name":"R\u00e9dac. NEWS","@id":"https:\/\/newsestlyonnais.fr\/site\/#\/schema\/person\/3230d5615f390bb808365d673001e887"},"headline":"MEYZIEU | Une page Facebook pour les majolans par les agents de la ville","datePublished":"2020-04-18T07:40:20+00:00","dateModified":"2020-05-19T17:01:17+00:00","mainEntityOfPage":{"@id":"https:\/\/newsestlyonnais.fr\/site\/2020\/04\/18\/meyzieu-une-page-facebook-pour-les-majolans-par-les-agents-de-la-ville\/"},"wordCount":191,"commentCount":0,"publisher":{"@id":"https:\/\/newsestlyonnais.fr\/site\/#organization"},"image":{"@id":"https:\/\/newsestlyonnais.fr\/site\/2020\/04\/18\/meyzieu-une-page-facebook-pour-les-majolans-par-les-agents-de-la-ville\/#primaryimage"},"thumbnailUrl":"https:\/\/newsestlyonnais.fr\/site\/wp-content\/uploads\/2020\/04\/NEWSESTLYONNAIS-MEYZIEU-PLEINE-VILLE.png","keywords":["FACEBOOK","MEYZIEU"],"articleSection":["Br\u00e8ves de l'Est lyonnais","Informatique | Num\u00e9rique","Meyzieu"],"inLanguage":"fr-FR","potentialAction":[{"@type":"CommentAction","name":"Comment","target":["https:\/\/newsestlyonnais.fr\/site\/2020\/04\/18\/meyzieu-une-page-facebook-pour-les-majolans-par-les-agents-de-la-ville\/#respond"]}]},{"@type":"WebPage","@id":"https:\/\/newsestlyonnais.fr\/site\/2020\/04\/18\/meyzieu-une-page-facebook-pour-les-majolans-par-les-agents-de-la-ville\/","url":"https:\/\/newsestlyonnais.fr\/site\/2020\/04\/18\/meyzieu-une-page-facebook-pour-les-majolans-par-les-agents-de-la-ville\/","name":"MEYZIEU | Une page Facebook pour les majolans par les agents de la ville - News Est Lyonnais","isPartOf":{"@id":"https:\/\/newsestlyonnais.fr\/site\/#website"},"primaryImageOfPage":{"@id":"https:\/\/newsestlyonnais.fr\/site\/2020\/04\/18\/meyzieu-une-page-facebook-pour-les-majolans-par-les-agents-de-la-ville\/#primaryimage"},"image":{"@id":"https:\/\/newsestlyonnais.fr\/site\/2020\/04\/18\/meyzieu-une-page-facebook-pour-les-majolans-par-les-agents-de-la-ville\/#primaryimage"},"thumbnailUrl":"https:\/\/newsestlyonnais.fr\/site\/wp-content\/uploads\/2020\/04\/NEWSESTLYONNAIS-MEYZIEU-PLEINE-VILLE.png","datePublished":"2020-04-18T07:40:20+00:00","dateModified":"2020-05-19T17:01:17+00:00","description":"MEYZIEU | Une page Facebook pour les majolans par les agents de la ville","breadcrumb":{"@id":"https:\/\/newsestlyonnais.fr\/site\/2020\/04\/18\/meyzieu-une-page-facebook-pour-les-majolans-par-les-agents-de-la-ville\/#breadcrumb"},"inLanguage":"fr-FR","potentialAction":[{"@type":"ReadAction","target":["https:\/\/newsestlyonnais.fr\/site\/2020\/04\/18\/meyzieu-une-page-facebook-pour-les-majolans-par-les-agents-de-la-ville\/"]}]},{"@type":"ImageObject","inLanguage":"fr-FR","@id":"https:\/\/newsestlyonnais.fr\/site\/2020\/04\/18\/meyzieu-une-page-facebook-pour-les-majolans-par-les-agents-de-la-ville\/#primaryimage","url":"https:\/\/newsestlyonnais.fr\/site\/wp-content\/uploads\/2020\/04\/NEWSESTLYONNAIS-MEYZIEU-PLEINE-VILLE.png","contentUrl":"https:\/\/newsestlyonnais.fr\/site\/wp-content\/uploads\/2020\/04\/NEWSESTLYONNAIS-MEYZIEU-PLEINE-VILLE.png","width":960,"height":355},{"@type":"BreadcrumbList","@id":"https:\/\/newsestlyonnais.fr\/site\/2020\/04\/18\/meyzieu-une-page-facebook-pour-les-majolans-par-les-agents-de-la-ville\/#breadcrumb","itemListElement":[{"@type":"ListItem","position":1,"name":"Accueil","item":"https:\/\/newsestlyonnais.fr\/site\/"},{"@type":"ListItem","position":2,"name":"MEYZIEU | Une page Facebook pour les majolans par les agents de la ville"}]},{"@type":"WebSite","@id":"https:\/\/newsestlyonnais.fr\/site\/#website","url":"https:\/\/newsestlyonnais.fr\/site\/","name":"News Est Lyonnais","description":"L&#039;actualit\u00e9 au plus pr\u00e8s","publisher":{"@id":"https:\/\/newsestlyonnais.fr\/site\/#organization"},"potentialAction":[{"@type":"SearchAction","target":{"@type":"EntryPoint","urlTemplate":"https:\/\/newsestlyonnais.fr\/site\/?s={search_term_string}"},"query-input":{"@type":"PropertyValueSpecification","valueRequired":true,"valueName":"search_term_string"}}],"inLanguage":"fr-FR"},{"@type":"Organization","@id":"https:\/\/newsestlyonnais.fr\/site\/#organization","name":"News EST LYONNAIS","url":"https:\/\/newsestlyonnais.fr\/site\/","logo":{"@type":"ImageObject","inLanguage":"fr-FR","@id":"https:\/\/newsestlyonnais.fr\/site\/#\/schema\/logo\/image\/","url":"","contentUrl":"","caption":"News EST LYONNAIS"},"image":{"@id":"https:\/\/newsestlyonnais.fr\/site\/#\/schema\/logo\/image\/"}},{"@type":"Person","@id":"https:\/\/newsestlyonnais.fr\/site\/#\/schema\/person\/3230d5615f390bb808365d673001e887","name":"R\u00e9dac. NEWS","sameAs":["http:\/\/www.newsestlyonnais.fr","https:\/\/www.facebook.com\/pascal.oberson.1?fref=ts","https:\/\/fr.linkedin.com\/in\/pascal-oberson-b17045113"],"url":"https:\/\/newsestlyonnais.fr\/site\/author\/nel\/"}]}},"_links":{"self":[{"href":"https:\/\/newsestlyonnais.fr\/site\/wp-json\/wp\/v2\/posts\/99874","targetHints":{"allow":["GET"]}}],"collection":[{"href":"https:\/\/newsestlyonnais.fr\/site\/wp-json\/wp\/v2\/posts"}],"about":[{"href":"https:\/\/newsestlyonnais.fr\/site\/wp-json\/wp\/v2\/types\/post"}],"author":[{"embeddable":true,"href":"https:\/\/newsestlyonnais.fr\/site\/wp-json\/wp\/v2\/users\/4"}],"replies":[{"embeddable":true,"href":"https:\/\/newsestlyonnais.fr\/site\/wp-json\/wp\/v2\/comments?post=99874"}],"version-history":[{"count":0,"href":"https:\/\/newsestlyonnais.fr\/site\/wp-json\/wp\/v2\/posts\/99874\/revisions"}],"wp:featuredmedia":[{"embeddable":true,"href":"https:\/\/newsestlyonnais.fr\/site\/wp-json\/wp\/v2\/media\/99877"}],"wp:attachment":[{"href":"https:\/\/newsestlyonnais.fr\/site\/wp-json\/wp\/v2\/media?parent=99874"}],"wp:term":[{"taxonomy":"category","embeddable":true,"href":"https:\/\/newsestlyonnais.fr\/site\/wp-json\/wp\/v2\/categories?post=99874"},{"taxonomy":"post_tag","embeddable":true,"href":"https:\/\/newsestlyonnais.fr\/site\/wp-json\/wp\/v2\/tags?post=99874"}],"curies":[{"name":"wp","href":"https:\/\/api.w.org\/{rel}","templated":true}]}}