{"id":99880,"date":"2020-04-19T06:29:05","date_gmt":"2020-04-19T05:29:05","guid":{"rendered":"http:\/\/newsestlyonnais.fr\/site\/?p=99880"},"modified":"2020-05-13T14:24:17","modified_gmt":"2020-05-13T13:24:17","slug":"linterview-du-jour-meyzieu-yoan-sarafian-je-le-vis-sereinement","status":"publish","type":"post","link":"https:\/\/newsestlyonnais.fr\/site\/2020\/04\/19\/linterview-du-jour-meyzieu-yoan-sarafian-je-le-vis-sereinement\/","title":{"rendered":"MEYZIEU &gt; Yoan Sarafian \u00abje vis ce confinement sereinement\u00bb"},"content":{"rendered":"<div dir=\"ltr\" style=\"font-family: 'Calibri', 'Segoe UI', 'Meiryo', 'Microsoft YaHei UI', 'Microsoft JhengHei UI', 'Malgun Gothic', 'sans-serif';font-size: 12pt\" data-externalstyle=\"false\">\n<p><span style=\"font-family: georgia, palatino, serif\"><strong>Pr\u00e9sentez vous<\/strong> : <strong>Yoan Sarafian, Watch specialist.<\/strong><\/span><\/p>\n<p><span style=\"font-family: georgia, palatino, serif\">_________________________________________________________________<\/span><\/p>\n<p><span style=\"font-family: georgia, palatino, serif\"><strong>Comment vivez vous votre confinement ? <\/strong>Je le vis sereinement, on a la chance d\u2019avoir une m\u00e9t\u00e9o radieuse. Je prends environ 1 heure chaque jour pour une activit\u00e9 physique, j\u2019ai la chance d\u2019\u00eatre en maison sur la commune de Meyzieu.<\/span><\/p>\n<p><span style=\"font-family: georgia, palatino, serif\"><strong>Quel livre avez vous lu en priorit\u00e9 ? <\/strong>Je ne lis pas\u2026<\/span><\/p>\n<p><span style=\"font-family: georgia, palatino, serif\"><strong>Quel DVD avez vous regard\u00e9 ? <\/strong>Quelques soir\u00e9es films.<\/span><\/p>\n<p><span style=\"font-family: georgia, palatino, serif\"><strong>Quel CD \u00e9cout\u00e9 ? <\/strong>J\u2019aime prendre du temps pour \u00e9couter de la musique, dernier titre coup de c\u0153ur : \u00a0\u00bb Ilomilo \u00a0\u00bb de Billie Eilish.<\/span><\/p>\n<p><span style=\"font-family: georgia, palatino, serif\"><strong>Quel site internet d\u00e9couvert ?<\/strong> Je suis le fil internet habituel comme Les Rhabilleurs, Le Petit Poussoir.<\/span><\/p>\n<p><span style=\"font-family: georgia, palatino, serif\"><strong>Quelle passion pouvez vous enfin assouvir avec plus de temps pour vous ? <\/strong>Ce n\u2019est pas une passion mais j\u2019aime \u00eatre en ext\u00e9rieur, je passe donc une bonne partie de ma journ\u00e9e \u00e0 bricoler, jardiner.<\/span><\/p>\n<p><span style=\"font-family: georgia, palatino, serif\"><strong>Professionnellement travaillez vous en t\u00e9l\u00e9travail ? <\/strong>Mon job ne me permet pas le t\u00e9l\u00e9travail.<\/span><\/p>\n<p><span style=\"font-family: georgia, palatino, serif\"><strong>Au niveau associatif, comment se passe cette coupure forc\u00e9e ? <\/strong>Pas sp\u00e9cialement de r\u00e9seau associatif.<\/span><\/p>\n<p><span style=\"font-family: georgia, palatino, serif\"><strong>Vos priorit\u00e9s, une fois le confinement termin\u00e9 ? <\/strong>Prendre du bon temps avec mes amis et retrouver nos si belles montagnes.<\/span><\/p>\n<p><span style=\"font-family: georgia, palatino, serif\"><strong>Vos projets d\u2019ici fin d\u2019ann\u00e9e ? <\/strong>Si la forme le permet quelques comp\u00e9titions de running pour le fun ! <strong><br \/>\n<\/strong><\/span><\/p>\n<p><span style=\"font-family: georgia, palatino, serif\">_________________________________________________________________<\/span><\/p>\n<p><span style=\"font-family: georgia, palatino, serif\"><strong><em> \u00a0 &gt; LUNDI : Interview d&rsquo;Anne-Marie Aubert, copr\u00e9sidente du <\/em><\/strong><strong>Volley Bron Lyon Lumi\u00e8re<\/strong>.<\/span><\/p>\n<p>_____________________________________________________________________________________<\/p>\n<\/div>\n<p><img loading=\"lazy\" decoding=\"async\" class=\"aligncenter size-full wp-image-99893\" src=\"https:\/\/newsestlyonnais.fr\/site\/medias\/2020\/04\/NEWSESTLYONNAIS-YOAN-2.jpg\" alt=\"\" width=\"1200\" height=\"800\" srcset=\"https:\/\/newsestlyonnais.fr\/site\/wp-content\/uploads\/2020\/04\/NEWSESTLYONNAIS-YOAN-2.jpg 1200w, https:\/\/newsestlyonnais.fr\/site\/wp-content\/uploads\/2020\/04\/NEWSESTLYONNAIS-YOAN-2-400x267.jpg 400w, https:\/\/newsestlyonnais.fr\/site\/wp-content\/uploads\/2020\/04\/NEWSESTLYONNAIS-YOAN-2-650x433.jpg 650w, https:\/\/newsestlyonnais.fr\/site\/wp-content\/uploads\/2020\/04\/NEWSESTLYONNAIS-YOAN-2-250x167.jpg 250w, https:\/\/newsestlyonnais.fr\/site\/wp-content\/uploads\/2020\/04\/NEWSESTLYONNAIS-YOAN-2-768x512.jpg 768w, https:\/\/newsestlyonnais.fr\/site\/wp-content\/uploads\/2020\/04\/NEWSESTLYONNAIS-YOAN-2-150x100.jpg 150w, https:\/\/newsestlyonnais.fr\/site\/wp-content\/uploads\/2020\/04\/NEWSESTLYONNAIS-YOAN-2-50x33.jpg 50w, https:\/\/newsestlyonnais.fr\/site\/wp-content\/uploads\/2020\/04\/NEWSESTLYONNAIS-YOAN-2-100x67.jpg 100w, https:\/\/newsestlyonnais.fr\/site\/wp-content\/uploads\/2020\/04\/NEWSESTLYONNAIS-YOAN-2-200x133.jpg 200w, https:\/\/newsestlyonnais.fr\/site\/wp-content\/uploads\/2020\/04\/NEWSESTLYONNAIS-YOAN-2-300x200.jpg 300w, https:\/\/newsestlyonnais.fr\/site\/wp-content\/uploads\/2020\/04\/NEWSESTLYONNAIS-YOAN-2-350x233.jpg 350w, https:\/\/newsestlyonnais.fr\/site\/wp-content\/uploads\/2020\/04\/NEWSESTLYONNAIS-YOAN-2-450x300.jpg 450w, https:\/\/newsestlyonnais.fr\/site\/wp-content\/uploads\/2020\/04\/NEWSESTLYONNAIS-YOAN-2-500x333.jpg 500w, https:\/\/newsestlyonnais.fr\/site\/wp-content\/uploads\/2020\/04\/NEWSESTLYONNAIS-YOAN-2-550x367.jpg 550w, https:\/\/newsestlyonnais.fr\/site\/wp-content\/uploads\/2020\/04\/NEWSESTLYONNAIS-YOAN-2-800x533.jpg 800w\" sizes=\"auto, (max-width: 1200px) 100vw, 1200px\" \/><\/p>\n<p>&nbsp;<\/p>\n<p>&nbsp;<\/p>\n<div dir=\"ltr\" style=\"font-family: 'Calibri', 'Segoe UI', 'Meiryo', 'Microsoft YaHei UI', 'Microsoft JhengHei UI', 'Malgun Gothic', 'sans-serif';font-size: 12pt\" data-externalstyle=\"false\">\n<p>&nbsp;<\/p>\n<\/div>\n<div style=\"font-family: 'Color Emoji', 'Calibri', 'Segoe UI', 'Meiryo', 'Microsoft YaHei UI', 'Microsoft JhengHei UI', 'Malgun Gothic', 'sans-serif';color: #000000;font-size: 16px\"><\/div>\n<div><\/div>\n","protected":false},"excerpt":{"rendered":"<p>Chaque jour, un habitant de l&rsquo;Est Lyonnais nous raconte comment il s&rsquo;occupe au quotidien durant cette p\u00e9riode particuli\u00e8re.<\/p>\n","protected":false},"author":4,"featured_media":99885,"comment_status":"open","ping_status":"open","sticky":false,"template":"","format":"standard","meta":{"footnotes":""},"categories":[3323,24,18],"tags":[2081,3251],"class_list":["post-99880","post","type-post","status-publish","format-standard","has-post-thumbnail","hentry","category-confinement-interviews","category-meyzieu","category-sante-bien-etre-solidarite","tag-meyzieu","tag-yoan-sarafian"],"yoast_head":"<!-- This site is optimized with the Yoast SEO plugin v27.2 - https:\/\/yoast.com\/product\/yoast-seo-wordpress\/ -->\n<title>MEYZIEU &gt; Yoan Sarafian \u00abje vis ce confinement sereinement\u00bb - News Est Lyonnais<\/title>\n<meta name=\"description\" content=\"L\u2019INTERVIEW DU JOUR : MEYZIEU &gt; Yoan Sarafian \u00abje le vis sereinement\u00bb\" \/>\n<meta name=\"robots\" content=\"index, follow, max-snippet:-1, max-image-preview:large, max-video-preview:-1\" \/>\n<link rel=\"canonical\" href=\"https:\/\/newsestlyonnais.fr\/site\/2020\/04\/19\/linterview-du-jour-meyzieu-yoan-sarafian-je-le-vis-sereinement\/\" \/>\n<meta property=\"og:locale\" content=\"fr_FR\" \/>\n<meta property=\"og:type\" content=\"article\" \/>\n<meta property=\"og:title\" content=\"MEYZIEU &gt; Yoan Sarafian \u00abje vis ce confinement sereinement\u00bb - News Est Lyonnais\" \/>\n<meta property=\"og:description\" content=\"L\u2019INTERVIEW DU JOUR : MEYZIEU &gt; Yoan Sarafian \u00abje le vis sereinement\u00bb\" \/>\n<meta property=\"og:url\" content=\"https:\/\/newsestlyonnais.fr\/site\/2020\/04\/19\/linterview-du-jour-meyzieu-yoan-sarafian-je-le-vis-sereinement\/\" \/>\n<meta property=\"og:site_name\" content=\"News Est Lyonnais\" \/>\n<meta property=\"article:author\" content=\"https:\/\/www.facebook.com\/pascal.oberson.1?fref=ts\" \/>\n<meta property=\"article:published_time\" content=\"2020-04-19T05:29:05+00:00\" \/>\n<meta property=\"article:modified_time\" content=\"2020-05-13T13:24:17+00:00\" \/>\n<meta property=\"og:image\" content=\"https:\/\/i0.wp.com\/newsestlyonnais.fr\/site\/wp-content\/uploads\/2020\/04\/NEWSESTLYONNAIS-YOAN-S..png?fit=560%2C311&ssl=1\" \/>\n\t<meta property=\"og:image:width\" content=\"560\" \/>\n\t<meta property=\"og:image:height\" content=\"311\" \/>\n\t<meta property=\"og:image:type\" content=\"image\/png\" \/>\n<meta name=\"author\" content=\"R\u00e9dac. NEWS\" \/>\n<meta name=\"twitter:card\" content=\"summary_large_image\" \/>\n<meta name=\"twitter:label1\" content=\"\u00c9crit par\" \/>\n\t<meta name=\"twitter:data1\" content=\"R\u00e9dac. NEWS\" \/>\n\t<meta name=\"twitter:label2\" content=\"Dur\u00e9e de lecture estim\u00e9e\" \/>\n\t<meta name=\"twitter:data2\" content=\"1 minute\" \/>\n<script type=\"application\/ld+json\" class=\"yoast-schema-graph\">{\"@context\":\"https:\/\/schema.org\",\"@graph\":[{\"@type\":\"Article\",\"@id\":\"https:\/\/newsestlyonnais.fr\/site\/2020\/04\/19\/linterview-du-jour-meyzieu-yoan-sarafian-je-le-vis-sereinement\/#article\",\"isPartOf\":{\"@id\":\"https:\/\/newsestlyonnais.fr\/site\/2020\/04\/19\/linterview-du-jour-meyzieu-yoan-sarafian-je-le-vis-sereinement\/\"},\"author\":{\"name\":\"R\u00e9dac. NEWS\",\"@id\":\"https:\/\/newsestlyonnais.fr\/site\/#\/schema\/person\/3230d5615f390bb808365d673001e887\"},\"headline\":\"MEYZIEU &gt; Yoan Sarafian \u00abje vis ce confinement sereinement\u00bb\",\"datePublished\":\"2020-04-19T05:29:05+00:00\",\"dateModified\":\"2020-05-13T13:24:17+00:00\",\"mainEntityOfPage\":{\"@id\":\"https:\/\/newsestlyonnais.fr\/site\/2020\/04\/19\/linterview-du-jour-meyzieu-yoan-sarafian-je-le-vis-sereinement\/\"},\"wordCount\":249,\"commentCount\":0,\"publisher\":{\"@id\":\"https:\/\/newsestlyonnais.fr\/site\/#organization\"},\"image\":{\"@id\":\"https:\/\/newsestlyonnais.fr\/site\/2020\/04\/19\/linterview-du-jour-meyzieu-yoan-sarafian-je-le-vis-sereinement\/#primaryimage\"},\"thumbnailUrl\":\"https:\/\/newsestlyonnais.fr\/site\/wp-content\/uploads\/2020\/04\/NEWSESTLYONNAIS-YOAN-S..png\",\"keywords\":[\"MEYZIEU\",\"Yoan Sarafian\"],\"articleSection\":[\"Confinement (interviews)\",\"Meyzieu\",\"Sant\u00e9 | Bien Etre | Solidarit\u00e9\"],\"inLanguage\":\"fr-FR\",\"potentialAction\":[{\"@type\":\"CommentAction\",\"name\":\"Comment\",\"target\":[\"https:\/\/newsestlyonnais.fr\/site\/2020\/04\/19\/linterview-du-jour-meyzieu-yoan-sarafian-je-le-vis-sereinement\/#respond\"]}]},{\"@type\":\"WebPage\",\"@id\":\"https:\/\/newsestlyonnais.fr\/site\/2020\/04\/19\/linterview-du-jour-meyzieu-yoan-sarafian-je-le-vis-sereinement\/\",\"url\":\"https:\/\/newsestlyonnais.fr\/site\/2020\/04\/19\/linterview-du-jour-meyzieu-yoan-sarafian-je-le-vis-sereinement\/\",\"name\":\"MEYZIEU &gt; Yoan Sarafian \u00abje vis ce confinement sereinement\u00bb - News Est Lyonnais\",\"isPartOf\":{\"@id\":\"https:\/\/newsestlyonnais.fr\/site\/#website\"},\"primaryImageOfPage\":{\"@id\":\"https:\/\/newsestlyonnais.fr\/site\/2020\/04\/19\/linterview-du-jour-meyzieu-yoan-sarafian-je-le-vis-sereinement\/#primaryimage\"},\"image\":{\"@id\":\"https:\/\/newsestlyonnais.fr\/site\/2020\/04\/19\/linterview-du-jour-meyzieu-yoan-sarafian-je-le-vis-sereinement\/#primaryimage\"},\"thumbnailUrl\":\"https:\/\/newsestlyonnais.fr\/site\/wp-content\/uploads\/2020\/04\/NEWSESTLYONNAIS-YOAN-S..png\",\"datePublished\":\"2020-04-19T05:29:05+00:00\",\"dateModified\":\"2020-05-13T13:24:17+00:00\",\"description\":\"L\u2019INTERVIEW DU JOUR : MEYZIEU > Yoan Sarafian \u00abje le vis sereinement\u00bb\",\"breadcrumb\":{\"@id\":\"https:\/\/newsestlyonnais.fr\/site\/2020\/04\/19\/linterview-du-jour-meyzieu-yoan-sarafian-je-le-vis-sereinement\/#breadcrumb\"},\"inLanguage\":\"fr-FR\",\"potentialAction\":[{\"@type\":\"ReadAction\",\"target\":[\"https:\/\/newsestlyonnais.fr\/site\/2020\/04\/19\/linterview-du-jour-meyzieu-yoan-sarafian-je-le-vis-sereinement\/\"]}]},{\"@type\":\"ImageObject\",\"inLanguage\":\"fr-FR\",\"@id\":\"https:\/\/newsestlyonnais.fr\/site\/2020\/04\/19\/linterview-du-jour-meyzieu-yoan-sarafian-je-le-vis-sereinement\/#primaryimage\",\"url\":\"https:\/\/newsestlyonnais.fr\/site\/wp-content\/uploads\/2020\/04\/NEWSESTLYONNAIS-YOAN-S..png\",\"contentUrl\":\"https:\/\/newsestlyonnais.fr\/site\/wp-content\/uploads\/2020\/04\/NEWSESTLYONNAIS-YOAN-S..png\",\"width\":560,\"height\":311},{\"@type\":\"BreadcrumbList\",\"@id\":\"https:\/\/newsestlyonnais.fr\/site\/2020\/04\/19\/linterview-du-jour-meyzieu-yoan-sarafian-je-le-vis-sereinement\/#breadcrumb\",\"itemListElement\":[{\"@type\":\"ListItem\",\"position\":1,\"name\":\"Accueil\",\"item\":\"https:\/\/newsestlyonnais.fr\/site\/\"},{\"@type\":\"ListItem\",\"position\":2,\"name\":\"MEYZIEU &gt; Yoan Sarafian \u00abje vis ce confinement sereinement\u00bb\"}]},{\"@type\":\"WebSite\",\"@id\":\"https:\/\/newsestlyonnais.fr\/site\/#website\",\"url\":\"https:\/\/newsestlyonnais.fr\/site\/\",\"name\":\"News Est Lyonnais\",\"description\":\"L&#039;actualit\u00e9 au plus pr\u00e8s\",\"publisher\":{\"@id\":\"https:\/\/newsestlyonnais.fr\/site\/#organization\"},\"potentialAction\":[{\"@type\":\"SearchAction\",\"target\":{\"@type\":\"EntryPoint\",\"urlTemplate\":\"https:\/\/newsestlyonnais.fr\/site\/?s={search_term_string}\"},\"query-input\":{\"@type\":\"PropertyValueSpecification\",\"valueRequired\":true,\"valueName\":\"search_term_string\"}}],\"inLanguage\":\"fr-FR\"},{\"@type\":\"Organization\",\"@id\":\"https:\/\/newsestlyonnais.fr\/site\/#organization\",\"name\":\"News EST LYONNAIS\",\"url\":\"https:\/\/newsestlyonnais.fr\/site\/\",\"logo\":{\"@type\":\"ImageObject\",\"inLanguage\":\"fr-FR\",\"@id\":\"https:\/\/newsestlyonnais.fr\/site\/#\/schema\/logo\/image\/\",\"url\":\"\",\"contentUrl\":\"\",\"caption\":\"News EST LYONNAIS\"},\"image\":{\"@id\":\"https:\/\/newsestlyonnais.fr\/site\/#\/schema\/logo\/image\/\"}},{\"@type\":\"Person\",\"@id\":\"https:\/\/newsestlyonnais.fr\/site\/#\/schema\/person\/3230d5615f390bb808365d673001e887\",\"name\":\"R\u00e9dac. NEWS\",\"sameAs\":[\"http:\/\/www.newsestlyonnais.fr\",\"https:\/\/www.facebook.com\/pascal.oberson.1?fref=ts\",\"https:\/\/fr.linkedin.com\/in\/pascal-oberson-b17045113\"],\"url\":\"https:\/\/newsestlyonnais.fr\/site\/author\/nel\/\"}]}<\/script>\n<!-- \/ Yoast SEO plugin. -->","yoast_head_json":{"title":"MEYZIEU &gt; Yoan Sarafian \u00abje vis ce confinement sereinement\u00bb - News Est Lyonnais","description":"L\u2019INTERVIEW DU JOUR : MEYZIEU > Yoan Sarafian \u00abje le vis sereinement\u00bb","robots":{"index":"index","follow":"follow","max-snippet":"max-snippet:-1","max-image-preview":"max-image-preview:large","max-video-preview":"max-video-preview:-1"},"canonical":"https:\/\/newsestlyonnais.fr\/site\/2020\/04\/19\/linterview-du-jour-meyzieu-yoan-sarafian-je-le-vis-sereinement\/","og_locale":"fr_FR","og_type":"article","og_title":"MEYZIEU &gt; Yoan Sarafian \u00abje vis ce confinement sereinement\u00bb - News Est Lyonnais","og_description":"L\u2019INTERVIEW DU JOUR : MEYZIEU > Yoan Sarafian \u00abje le vis sereinement\u00bb","og_url":"https:\/\/newsestlyonnais.fr\/site\/2020\/04\/19\/linterview-du-jour-meyzieu-yoan-sarafian-je-le-vis-sereinement\/","og_site_name":"News Est Lyonnais","article_author":"https:\/\/www.facebook.com\/pascal.oberson.1?fref=ts","article_published_time":"2020-04-19T05:29:05+00:00","article_modified_time":"2020-05-13T13:24:17+00:00","og_image":[{"width":560,"height":311,"url":"https:\/\/i0.wp.com\/newsestlyonnais.fr\/site\/wp-content\/uploads\/2020\/04\/NEWSESTLYONNAIS-YOAN-S..png?fit=560%2C311&ssl=1","type":"image\/png"}],"author":"R\u00e9dac. NEWS","twitter_card":"summary_large_image","twitter_misc":{"\u00c9crit par":"R\u00e9dac. NEWS","Dur\u00e9e de lecture estim\u00e9e":"1 minute"},"schema":{"@context":"https:\/\/schema.org","@graph":[{"@type":"Article","@id":"https:\/\/newsestlyonnais.fr\/site\/2020\/04\/19\/linterview-du-jour-meyzieu-yoan-sarafian-je-le-vis-sereinement\/#article","isPartOf":{"@id":"https:\/\/newsestlyonnais.fr\/site\/2020\/04\/19\/linterview-du-jour-meyzieu-yoan-sarafian-je-le-vis-sereinement\/"},"author":{"name":"R\u00e9dac. NEWS","@id":"https:\/\/newsestlyonnais.fr\/site\/#\/schema\/person\/3230d5615f390bb808365d673001e887"},"headline":"MEYZIEU &gt; Yoan Sarafian \u00abje vis ce confinement sereinement\u00bb","datePublished":"2020-04-19T05:29:05+00:00","dateModified":"2020-05-13T13:24:17+00:00","mainEntityOfPage":{"@id":"https:\/\/newsestlyonnais.fr\/site\/2020\/04\/19\/linterview-du-jour-meyzieu-yoan-sarafian-je-le-vis-sereinement\/"},"wordCount":249,"commentCount":0,"publisher":{"@id":"https:\/\/newsestlyonnais.fr\/site\/#organization"},"image":{"@id":"https:\/\/newsestlyonnais.fr\/site\/2020\/04\/19\/linterview-du-jour-meyzieu-yoan-sarafian-je-le-vis-sereinement\/#primaryimage"},"thumbnailUrl":"https:\/\/newsestlyonnais.fr\/site\/wp-content\/uploads\/2020\/04\/NEWSESTLYONNAIS-YOAN-S..png","keywords":["MEYZIEU","Yoan Sarafian"],"articleSection":["Confinement (interviews)","Meyzieu","Sant\u00e9 | Bien Etre | Solidarit\u00e9"],"inLanguage":"fr-FR","potentialAction":[{"@type":"CommentAction","name":"Comment","target":["https:\/\/newsestlyonnais.fr\/site\/2020\/04\/19\/linterview-du-jour-meyzieu-yoan-sarafian-je-le-vis-sereinement\/#respond"]}]},{"@type":"WebPage","@id":"https:\/\/newsestlyonnais.fr\/site\/2020\/04\/19\/linterview-du-jour-meyzieu-yoan-sarafian-je-le-vis-sereinement\/","url":"https:\/\/newsestlyonnais.fr\/site\/2020\/04\/19\/linterview-du-jour-meyzieu-yoan-sarafian-je-le-vis-sereinement\/","name":"MEYZIEU &gt; Yoan Sarafian \u00abje vis ce confinement sereinement\u00bb - News Est Lyonnais","isPartOf":{"@id":"https:\/\/newsestlyonnais.fr\/site\/#website"},"primaryImageOfPage":{"@id":"https:\/\/newsestlyonnais.fr\/site\/2020\/04\/19\/linterview-du-jour-meyzieu-yoan-sarafian-je-le-vis-sereinement\/#primaryimage"},"image":{"@id":"https:\/\/newsestlyonnais.fr\/site\/2020\/04\/19\/linterview-du-jour-meyzieu-yoan-sarafian-je-le-vis-sereinement\/#primaryimage"},"thumbnailUrl":"https:\/\/newsestlyonnais.fr\/site\/wp-content\/uploads\/2020\/04\/NEWSESTLYONNAIS-YOAN-S..png","datePublished":"2020-04-19T05:29:05+00:00","dateModified":"2020-05-13T13:24:17+00:00","description":"L\u2019INTERVIEW DU JOUR : MEYZIEU > Yoan Sarafian \u00abje le vis sereinement\u00bb","breadcrumb":{"@id":"https:\/\/newsestlyonnais.fr\/site\/2020\/04\/19\/linterview-du-jour-meyzieu-yoan-sarafian-je-le-vis-sereinement\/#breadcrumb"},"inLanguage":"fr-FR","potentialAction":[{"@type":"ReadAction","target":["https:\/\/newsestlyonnais.fr\/site\/2020\/04\/19\/linterview-du-jour-meyzieu-yoan-sarafian-je-le-vis-sereinement\/"]}]},{"@type":"ImageObject","inLanguage":"fr-FR","@id":"https:\/\/newsestlyonnais.fr\/site\/2020\/04\/19\/linterview-du-jour-meyzieu-yoan-sarafian-je-le-vis-sereinement\/#primaryimage","url":"https:\/\/newsestlyonnais.fr\/site\/wp-content\/uploads\/2020\/04\/NEWSESTLYONNAIS-YOAN-S..png","contentUrl":"https:\/\/newsestlyonnais.fr\/site\/wp-content\/uploads\/2020\/04\/NEWSESTLYONNAIS-YOAN-S..png","width":560,"height":311},{"@type":"BreadcrumbList","@id":"https:\/\/newsestlyonnais.fr\/site\/2020\/04\/19\/linterview-du-jour-meyzieu-yoan-sarafian-je-le-vis-sereinement\/#breadcrumb","itemListElement":[{"@type":"ListItem","position":1,"name":"Accueil","item":"https:\/\/newsestlyonnais.fr\/site\/"},{"@type":"ListItem","position":2,"name":"MEYZIEU &gt; Yoan Sarafian \u00abje vis ce confinement sereinement\u00bb"}]},{"@type":"WebSite","@id":"https:\/\/newsestlyonnais.fr\/site\/#website","url":"https:\/\/newsestlyonnais.fr\/site\/","name":"News Est Lyonnais","description":"L&#039;actualit\u00e9 au plus pr\u00e8s","publisher":{"@id":"https:\/\/newsestlyonnais.fr\/site\/#organization"},"potentialAction":[{"@type":"SearchAction","target":{"@type":"EntryPoint","urlTemplate":"https:\/\/newsestlyonnais.fr\/site\/?s={search_term_string}"},"query-input":{"@type":"PropertyValueSpecification","valueRequired":true,"valueName":"search_term_string"}}],"inLanguage":"fr-FR"},{"@type":"Organization","@id":"https:\/\/newsestlyonnais.fr\/site\/#organization","name":"News EST LYONNAIS","url":"https:\/\/newsestlyonnais.fr\/site\/","logo":{"@type":"ImageObject","inLanguage":"fr-FR","@id":"https:\/\/newsestlyonnais.fr\/site\/#\/schema\/logo\/image\/","url":"","contentUrl":"","caption":"News EST LYONNAIS"},"image":{"@id":"https:\/\/newsestlyonnais.fr\/site\/#\/schema\/logo\/image\/"}},{"@type":"Person","@id":"https:\/\/newsestlyonnais.fr\/site\/#\/schema\/person\/3230d5615f390bb808365d673001e887","name":"R\u00e9dac. NEWS","sameAs":["http:\/\/www.newsestlyonnais.fr","https:\/\/www.facebook.com\/pascal.oberson.1?fref=ts","https:\/\/fr.linkedin.com\/in\/pascal-oberson-b17045113"],"url":"https:\/\/newsestlyonnais.fr\/site\/author\/nel\/"}]}},"_links":{"self":[{"href":"https:\/\/newsestlyonnais.fr\/site\/wp-json\/wp\/v2\/posts\/99880","targetHints":{"allow":["GET"]}}],"collection":[{"href":"https:\/\/newsestlyonnais.fr\/site\/wp-json\/wp\/v2\/posts"}],"about":[{"href":"https:\/\/newsestlyonnais.fr\/site\/wp-json\/wp\/v2\/types\/post"}],"author":[{"embeddable":true,"href":"https:\/\/newsestlyonnais.fr\/site\/wp-json\/wp\/v2\/users\/4"}],"replies":[{"embeddable":true,"href":"https:\/\/newsestlyonnais.fr\/site\/wp-json\/wp\/v2\/comments?post=99880"}],"version-history":[{"count":0,"href":"https:\/\/newsestlyonnais.fr\/site\/wp-json\/wp\/v2\/posts\/99880\/revisions"}],"wp:featuredmedia":[{"embeddable":true,"href":"https:\/\/newsestlyonnais.fr\/site\/wp-json\/wp\/v2\/media\/99885"}],"wp:attachment":[{"href":"https:\/\/newsestlyonnais.fr\/site\/wp-json\/wp\/v2\/media?parent=99880"}],"wp:term":[{"taxonomy":"category","embeddable":true,"href":"https:\/\/newsestlyonnais.fr\/site\/wp-json\/wp\/v2\/categories?post=99880"},{"taxonomy":"post_tag","embeddable":true,"href":"https:\/\/newsestlyonnais.fr\/site\/wp-json\/wp\/v2\/tags?post=99880"}],"curies":[{"name":"wp","href":"https:\/\/api.w.org\/{rel}","templated":true}]}}