{"id":99980,"date":"2020-04-20T07:47:35","date_gmt":"2020-04-20T06:47:35","guid":{"rendered":"http:\/\/newsestlyonnais.fr\/site\/?p=99980"},"modified":"2020-05-19T18:00:52","modified_gmt":"2020-05-19T17:00:52","slug":"villeurbanne-les-dernieres-actus-de-la-ville","status":"publish","type":"post","link":"https:\/\/newsestlyonnais.fr\/site\/2020\/04\/20\/villeurbanne-les-dernieres-actus-de-la-ville\/","title":{"rendered":"VILLEURBANNE | Les derni\u00e8res actus de la ville"},"content":{"rendered":"<p><strong><a href=\"https:\/\/viva.villeurbanne.fr\/l-essentiel\/2020\/avril\/des-maraudes-pour-venir-en-aide-aux-sans-abri\"><span style=\"color: #0000ff\">Des maraudes pour venir en aide aux personnes sans-abri<\/span><\/a> :<br \/>\n<\/strong><\/p>\n<p>Le Centre communal d\u2019action sociale de Villeurbanne, avec l\u2019appui des associations du territoire, met en place une maraude par semaine pour venir en aide aux personnes et familles sans abri..<\/p>\n<p>________________________________________________________________________________<\/p>\n<p><a href=\"https:\/\/viva.villeurbanne.fr\/l-essentiel\/2020\/avril\/un-accueil-de-loisirs-pour-les-enfants-des-personnels-dits-prioritaires\"><span style=\"color: #0000ff\"><strong>Vacances scolaires : Un accueil de loisirs pour les enfants des personnels dits \u00ab prioritaires \u00bb<\/strong><\/span><\/a> :<\/p>\n<p>Durant toutes les vacances de printemps, la ville de Villeurbanne propose un accueil de loisirs au sein de l\u2019\u00e9cole Anatole-France pour les enfants des personnels dits \u00ab prioritaires \u00bb.<\/p>\n<p>________________________________________________________________________________<\/p>\n<p><a href=\"https:\/\/viva.villeurbanne.fr\/l-essentiel\/2020\/avril\/un-arrete-pour-limiter-les-nuisances\"><span style=\"color: #0000ff\"><strong>Chantiers tr\u00e8s bruyants : Villeurbanne prend un arr\u00eat\u00e9 pour limiter les nuisances<\/strong><\/span><\/a> :<\/p>\n<p>La ville de Villeurbanne vient de prendre un arr\u00eat\u00e9 pour limiter, durant la p\u00e9riode de confinement, les nuisances provoqu\u00e9es par les chantiers tr\u00e8s bruyants.<\/p>\n<p>________________________________________________________________________________<\/p>\n<p><a href=\"https:\/\/viva.villeurbanne.fr\/l-essentiel\/2020\/avril\/gregory-cuilleron-cuisine-pour-le-personnel-du-medipole\"><span style=\"color: #0000ff\"><strong>Gr\u00e9gory Cuilleron cuisine pour le personnel du M\u00e9dip\u00f4le<\/strong><\/span><\/a> :<\/p>\n<p>Le m\u00e9diatique cuisinier lyonnais Gr\u00e9gory Cuilleron s&rsquo;engage aux c\u00f4t\u00e9s des professionnels de sant\u00e9 du M\u00e9dip\u00f4le de Villeurbanne. Il a d\u00e9cid\u00e9 de leur pr\u00e9parer des repas afin de les soutenir face \u00e0 la crise du Covid-19.<\/p>\n<p>________________________________________________________________________________<\/p>\n<p><a href=\"https:\/\/viva.villeurbanne.fr\/l-essentiel\/2020\/avril\/allo-loisirs-vacances-!-une-offre-d-animations-sur-le-web-ou-par-telephone\"><span style=\"color: #0000ff\">\u00ab\u00a0Allo loisirs vacances !\u00a0\u00bb<\/span><\/a> : une offre d\u2019animations sur le web ou par t\u00e9l\u00e9phone.<\/p>\n<p>________________________________________________________________________________<\/p>\n<p><strong><span style=\"font-size: 18pt\"><span style=\"text-decoration: underline\">Appel \u00e0 photos et t\u00e9moignages<\/span> :<\/span><\/strong><\/p>\n<p>Moments de solidarit\u00e9 entre voisins, s\u00e9ance de devoirs avec les enfants, cuisine, jeux en famille, entre colocataires&#8230; Envoyez vos photos et t\u00e9moignages de votre confinement au quotidien, pour publication dans le prochain num\u00e9ro de Viva Magazine.\u00a0 <strong>Ecrivez sur la page <span style=\"color: #0000ff\"><a style=\"color: #0000ff\" href=\"https:\/\/www.facebook.com\/Villeurbanne\">Facebook<\/a><\/span> ou utilisez ce <\/strong><span style=\"color: #0000ff\"><strong><a style=\"color: #0000ff\" href=\"https:\/\/villeurbanne.us8.list-manage.com\/track\/click?u=743ec20bee2ef936c73a7ece4&amp;id=f20e7e2ba9&amp;e=5302bc367a\">formulaire<\/a> . <\/strong><\/span><\/p>\n<p>________________________________________________________________________________<\/p>\n<ul>\n<li><em><strong>Toute l\u2019ACTU de la commune est sur : <span style=\"color: #0000ff\"><a style=\"color: #0000ff\" href=\"https:\/\/www.villeurbanne.fr\">https:\/\/www.villeurbanne.fr<\/a><\/span><\/strong><\/em><\/li>\n<\/ul>\n","protected":false},"excerpt":{"rendered":"<p>La publication hebdomadaire \u00ab Que faire ce week-end ?\u00bb suspendue, la ville propose de suivre les derni\u00e8res actualit\u00e9s et recommandations concernant le confinement.<\/p>\n","protected":false},"author":4,"featured_media":93755,"comment_status":"open","ping_status":"open","sticky":false,"template":"","format":"standard","meta":{"footnotes":""},"categories":[2217,18,29],"tags":[2091],"class_list":["post-99980","post","type-post","status-publish","format-standard","has-post-thumbnail","hentry","category-breves-de-lest-lyonnais","category-sante-bien-etre-solidarite","category-villeurbanne","tag-villeurbanne"],"yoast_head":"<!-- This site is optimized with the Yoast SEO plugin v27.2 - https:\/\/yoast.com\/product\/yoast-seo-wordpress\/ -->\n<title>VILLEURBANNE | Les derni\u00e8res actus de la ville - News Est Lyonnais<\/title>\n<meta name=\"description\" content=\"VILLEURBANNE | Les derni\u00e8res actus de la ville\" \/>\n<meta name=\"robots\" content=\"index, follow, max-snippet:-1, max-image-preview:large, max-video-preview:-1\" \/>\n<link rel=\"canonical\" href=\"https:\/\/newsestlyonnais.fr\/site\/2020\/04\/20\/villeurbanne-les-dernieres-actus-de-la-ville\/\" \/>\n<meta property=\"og:locale\" content=\"fr_FR\" \/>\n<meta property=\"og:type\" content=\"article\" \/>\n<meta property=\"og:title\" content=\"VILLEURBANNE | Les derni\u00e8res actus de la ville - News Est Lyonnais\" \/>\n<meta property=\"og:description\" content=\"VILLEURBANNE | Les derni\u00e8res actus de la ville\" \/>\n<meta property=\"og:url\" content=\"https:\/\/newsestlyonnais.fr\/site\/2020\/04\/20\/villeurbanne-les-dernieres-actus-de-la-ville\/\" \/>\n<meta property=\"og:site_name\" content=\"News Est Lyonnais\" \/>\n<meta property=\"article:author\" content=\"https:\/\/www.facebook.com\/pascal.oberson.1?fref=ts\" \/>\n<meta property=\"article:published_time\" content=\"2020-04-20T06:47:35+00:00\" \/>\n<meta property=\"article:modified_time\" content=\"2020-05-19T17:00:52+00:00\" \/>\n<meta property=\"og:image\" content=\"https:\/\/i1.wp.com\/newsestlyonnais.fr\/site\/wp-content\/uploads\/2020\/01\/NEWSESTLYONNAIS-GRATTE-CIEL-BIS-.jpg?fit=1200%2C800&ssl=1\" \/>\n\t<meta property=\"og:image:width\" content=\"1200\" \/>\n\t<meta property=\"og:image:height\" content=\"800\" \/>\n\t<meta property=\"og:image:type\" content=\"image\/jpeg\" \/>\n<meta name=\"author\" content=\"R\u00e9dac. NEWS\" \/>\n<meta name=\"twitter:card\" content=\"summary_large_image\" \/>\n<meta name=\"twitter:label1\" content=\"\u00c9crit par\" \/>\n\t<meta name=\"twitter:data1\" content=\"R\u00e9dac. NEWS\" \/>\n\t<meta name=\"twitter:label2\" content=\"Dur\u00e9e de lecture estim\u00e9e\" \/>\n\t<meta name=\"twitter:data2\" content=\"1 minute\" \/>\n<script type=\"application\/ld+json\" class=\"yoast-schema-graph\">{\"@context\":\"https:\/\/schema.org\",\"@graph\":[{\"@type\":\"Article\",\"@id\":\"https:\/\/newsestlyonnais.fr\/site\/2020\/04\/20\/villeurbanne-les-dernieres-actus-de-la-ville\/#article\",\"isPartOf\":{\"@id\":\"https:\/\/newsestlyonnais.fr\/site\/2020\/04\/20\/villeurbanne-les-dernieres-actus-de-la-ville\/\"},\"author\":{\"name\":\"R\u00e9dac. NEWS\",\"@id\":\"https:\/\/newsestlyonnais.fr\/site\/#\/schema\/person\/3230d5615f390bb808365d673001e887\"},\"headline\":\"VILLEURBANNE | Les derni\u00e8res actus de la ville\",\"datePublished\":\"2020-04-20T06:47:35+00:00\",\"dateModified\":\"2020-05-19T17:00:52+00:00\",\"mainEntityOfPage\":{\"@id\":\"https:\/\/newsestlyonnais.fr\/site\/2020\/04\/20\/villeurbanne-les-dernieres-actus-de-la-ville\/\"},\"wordCount\":265,\"commentCount\":0,\"publisher\":{\"@id\":\"https:\/\/newsestlyonnais.fr\/site\/#organization\"},\"image\":{\"@id\":\"https:\/\/newsestlyonnais.fr\/site\/2020\/04\/20\/villeurbanne-les-dernieres-actus-de-la-ville\/#primaryimage\"},\"thumbnailUrl\":\"https:\/\/newsestlyonnais.fr\/site\/wp-content\/uploads\/2020\/01\/NEWSESTLYONNAIS-GRATTE-CIEL-BIS-.jpg\",\"keywords\":[\"VILLEURBANNE\"],\"articleSection\":[\"Br\u00e8ves de l'Est lyonnais\",\"Sant\u00e9 | Bien Etre | Solidarit\u00e9\",\"Villeurbanne\"],\"inLanguage\":\"fr-FR\",\"potentialAction\":[{\"@type\":\"CommentAction\",\"name\":\"Comment\",\"target\":[\"https:\/\/newsestlyonnais.fr\/site\/2020\/04\/20\/villeurbanne-les-dernieres-actus-de-la-ville\/#respond\"]}]},{\"@type\":\"WebPage\",\"@id\":\"https:\/\/newsestlyonnais.fr\/site\/2020\/04\/20\/villeurbanne-les-dernieres-actus-de-la-ville\/\",\"url\":\"https:\/\/newsestlyonnais.fr\/site\/2020\/04\/20\/villeurbanne-les-dernieres-actus-de-la-ville\/\",\"name\":\"VILLEURBANNE | Les derni\u00e8res actus de la ville - News Est Lyonnais\",\"isPartOf\":{\"@id\":\"https:\/\/newsestlyonnais.fr\/site\/#website\"},\"primaryImageOfPage\":{\"@id\":\"https:\/\/newsestlyonnais.fr\/site\/2020\/04\/20\/villeurbanne-les-dernieres-actus-de-la-ville\/#primaryimage\"},\"image\":{\"@id\":\"https:\/\/newsestlyonnais.fr\/site\/2020\/04\/20\/villeurbanne-les-dernieres-actus-de-la-ville\/#primaryimage\"},\"thumbnailUrl\":\"https:\/\/newsestlyonnais.fr\/site\/wp-content\/uploads\/2020\/01\/NEWSESTLYONNAIS-GRATTE-CIEL-BIS-.jpg\",\"datePublished\":\"2020-04-20T06:47:35+00:00\",\"dateModified\":\"2020-05-19T17:00:52+00:00\",\"description\":\"VILLEURBANNE | Les derni\u00e8res actus de la ville\",\"breadcrumb\":{\"@id\":\"https:\/\/newsestlyonnais.fr\/site\/2020\/04\/20\/villeurbanne-les-dernieres-actus-de-la-ville\/#breadcrumb\"},\"inLanguage\":\"fr-FR\",\"potentialAction\":[{\"@type\":\"ReadAction\",\"target\":[\"https:\/\/newsestlyonnais.fr\/site\/2020\/04\/20\/villeurbanne-les-dernieres-actus-de-la-ville\/\"]}]},{\"@type\":\"ImageObject\",\"inLanguage\":\"fr-FR\",\"@id\":\"https:\/\/newsestlyonnais.fr\/site\/2020\/04\/20\/villeurbanne-les-dernieres-actus-de-la-ville\/#primaryimage\",\"url\":\"https:\/\/newsestlyonnais.fr\/site\/wp-content\/uploads\/2020\/01\/NEWSESTLYONNAIS-GRATTE-CIEL-BIS-.jpg\",\"contentUrl\":\"https:\/\/newsestlyonnais.fr\/site\/wp-content\/uploads\/2020\/01\/NEWSESTLYONNAIS-GRATTE-CIEL-BIS-.jpg\",\"width\":1200,\"height\":800},{\"@type\":\"BreadcrumbList\",\"@id\":\"https:\/\/newsestlyonnais.fr\/site\/2020\/04\/20\/villeurbanne-les-dernieres-actus-de-la-ville\/#breadcrumb\",\"itemListElement\":[{\"@type\":\"ListItem\",\"position\":1,\"name\":\"Accueil\",\"item\":\"https:\/\/newsestlyonnais.fr\/site\/\"},{\"@type\":\"ListItem\",\"position\":2,\"name\":\"VILLEURBANNE | Les derni\u00e8res actus de la ville\"}]},{\"@type\":\"WebSite\",\"@id\":\"https:\/\/newsestlyonnais.fr\/site\/#website\",\"url\":\"https:\/\/newsestlyonnais.fr\/site\/\",\"name\":\"News Est Lyonnais\",\"description\":\"L&#039;actualit\u00e9 au plus pr\u00e8s\",\"publisher\":{\"@id\":\"https:\/\/newsestlyonnais.fr\/site\/#organization\"},\"potentialAction\":[{\"@type\":\"SearchAction\",\"target\":{\"@type\":\"EntryPoint\",\"urlTemplate\":\"https:\/\/newsestlyonnais.fr\/site\/?s={search_term_string}\"},\"query-input\":{\"@type\":\"PropertyValueSpecification\",\"valueRequired\":true,\"valueName\":\"search_term_string\"}}],\"inLanguage\":\"fr-FR\"},{\"@type\":\"Organization\",\"@id\":\"https:\/\/newsestlyonnais.fr\/site\/#organization\",\"name\":\"News EST LYONNAIS\",\"url\":\"https:\/\/newsestlyonnais.fr\/site\/\",\"logo\":{\"@type\":\"ImageObject\",\"inLanguage\":\"fr-FR\",\"@id\":\"https:\/\/newsestlyonnais.fr\/site\/#\/schema\/logo\/image\/\",\"url\":\"\",\"contentUrl\":\"\",\"caption\":\"News EST LYONNAIS\"},\"image\":{\"@id\":\"https:\/\/newsestlyonnais.fr\/site\/#\/schema\/logo\/image\/\"}},{\"@type\":\"Person\",\"@id\":\"https:\/\/newsestlyonnais.fr\/site\/#\/schema\/person\/3230d5615f390bb808365d673001e887\",\"name\":\"R\u00e9dac. NEWS\",\"sameAs\":[\"http:\/\/www.newsestlyonnais.fr\",\"https:\/\/www.facebook.com\/pascal.oberson.1?fref=ts\",\"https:\/\/fr.linkedin.com\/in\/pascal-oberson-b17045113\"],\"url\":\"https:\/\/newsestlyonnais.fr\/site\/author\/nel\/\"}]}<\/script>\n<!-- \/ Yoast SEO plugin. -->","yoast_head_json":{"title":"VILLEURBANNE | Les derni\u00e8res actus de la ville - News Est Lyonnais","description":"VILLEURBANNE | Les derni\u00e8res actus de la ville","robots":{"index":"index","follow":"follow","max-snippet":"max-snippet:-1","max-image-preview":"max-image-preview:large","max-video-preview":"max-video-preview:-1"},"canonical":"https:\/\/newsestlyonnais.fr\/site\/2020\/04\/20\/villeurbanne-les-dernieres-actus-de-la-ville\/","og_locale":"fr_FR","og_type":"article","og_title":"VILLEURBANNE | Les derni\u00e8res actus de la ville - News Est Lyonnais","og_description":"VILLEURBANNE | Les derni\u00e8res actus de la ville","og_url":"https:\/\/newsestlyonnais.fr\/site\/2020\/04\/20\/villeurbanne-les-dernieres-actus-de-la-ville\/","og_site_name":"News Est Lyonnais","article_author":"https:\/\/www.facebook.com\/pascal.oberson.1?fref=ts","article_published_time":"2020-04-20T06:47:35+00:00","article_modified_time":"2020-05-19T17:00:52+00:00","og_image":[{"width":1200,"height":800,"url":"https:\/\/i1.wp.com\/newsestlyonnais.fr\/site\/wp-content\/uploads\/2020\/01\/NEWSESTLYONNAIS-GRATTE-CIEL-BIS-.jpg?fit=1200%2C800&ssl=1","type":"image\/jpeg"}],"author":"R\u00e9dac. NEWS","twitter_card":"summary_large_image","twitter_misc":{"\u00c9crit par":"R\u00e9dac. NEWS","Dur\u00e9e de lecture estim\u00e9e":"1 minute"},"schema":{"@context":"https:\/\/schema.org","@graph":[{"@type":"Article","@id":"https:\/\/newsestlyonnais.fr\/site\/2020\/04\/20\/villeurbanne-les-dernieres-actus-de-la-ville\/#article","isPartOf":{"@id":"https:\/\/newsestlyonnais.fr\/site\/2020\/04\/20\/villeurbanne-les-dernieres-actus-de-la-ville\/"},"author":{"name":"R\u00e9dac. NEWS","@id":"https:\/\/newsestlyonnais.fr\/site\/#\/schema\/person\/3230d5615f390bb808365d673001e887"},"headline":"VILLEURBANNE | Les derni\u00e8res actus de la ville","datePublished":"2020-04-20T06:47:35+00:00","dateModified":"2020-05-19T17:00:52+00:00","mainEntityOfPage":{"@id":"https:\/\/newsestlyonnais.fr\/site\/2020\/04\/20\/villeurbanne-les-dernieres-actus-de-la-ville\/"},"wordCount":265,"commentCount":0,"publisher":{"@id":"https:\/\/newsestlyonnais.fr\/site\/#organization"},"image":{"@id":"https:\/\/newsestlyonnais.fr\/site\/2020\/04\/20\/villeurbanne-les-dernieres-actus-de-la-ville\/#primaryimage"},"thumbnailUrl":"https:\/\/newsestlyonnais.fr\/site\/wp-content\/uploads\/2020\/01\/NEWSESTLYONNAIS-GRATTE-CIEL-BIS-.jpg","keywords":["VILLEURBANNE"],"articleSection":["Br\u00e8ves de l'Est lyonnais","Sant\u00e9 | Bien Etre | Solidarit\u00e9","Villeurbanne"],"inLanguage":"fr-FR","potentialAction":[{"@type":"CommentAction","name":"Comment","target":["https:\/\/newsestlyonnais.fr\/site\/2020\/04\/20\/villeurbanne-les-dernieres-actus-de-la-ville\/#respond"]}]},{"@type":"WebPage","@id":"https:\/\/newsestlyonnais.fr\/site\/2020\/04\/20\/villeurbanne-les-dernieres-actus-de-la-ville\/","url":"https:\/\/newsestlyonnais.fr\/site\/2020\/04\/20\/villeurbanne-les-dernieres-actus-de-la-ville\/","name":"VILLEURBANNE | Les derni\u00e8res actus de la ville - News Est Lyonnais","isPartOf":{"@id":"https:\/\/newsestlyonnais.fr\/site\/#website"},"primaryImageOfPage":{"@id":"https:\/\/newsestlyonnais.fr\/site\/2020\/04\/20\/villeurbanne-les-dernieres-actus-de-la-ville\/#primaryimage"},"image":{"@id":"https:\/\/newsestlyonnais.fr\/site\/2020\/04\/20\/villeurbanne-les-dernieres-actus-de-la-ville\/#primaryimage"},"thumbnailUrl":"https:\/\/newsestlyonnais.fr\/site\/wp-content\/uploads\/2020\/01\/NEWSESTLYONNAIS-GRATTE-CIEL-BIS-.jpg","datePublished":"2020-04-20T06:47:35+00:00","dateModified":"2020-05-19T17:00:52+00:00","description":"VILLEURBANNE | Les derni\u00e8res actus de la ville","breadcrumb":{"@id":"https:\/\/newsestlyonnais.fr\/site\/2020\/04\/20\/villeurbanne-les-dernieres-actus-de-la-ville\/#breadcrumb"},"inLanguage":"fr-FR","potentialAction":[{"@type":"ReadAction","target":["https:\/\/newsestlyonnais.fr\/site\/2020\/04\/20\/villeurbanne-les-dernieres-actus-de-la-ville\/"]}]},{"@type":"ImageObject","inLanguage":"fr-FR","@id":"https:\/\/newsestlyonnais.fr\/site\/2020\/04\/20\/villeurbanne-les-dernieres-actus-de-la-ville\/#primaryimage","url":"https:\/\/newsestlyonnais.fr\/site\/wp-content\/uploads\/2020\/01\/NEWSESTLYONNAIS-GRATTE-CIEL-BIS-.jpg","contentUrl":"https:\/\/newsestlyonnais.fr\/site\/wp-content\/uploads\/2020\/01\/NEWSESTLYONNAIS-GRATTE-CIEL-BIS-.jpg","width":1200,"height":800},{"@type":"BreadcrumbList","@id":"https:\/\/newsestlyonnais.fr\/site\/2020\/04\/20\/villeurbanne-les-dernieres-actus-de-la-ville\/#breadcrumb","itemListElement":[{"@type":"ListItem","position":1,"name":"Accueil","item":"https:\/\/newsestlyonnais.fr\/site\/"},{"@type":"ListItem","position":2,"name":"VILLEURBANNE | Les derni\u00e8res actus de la ville"}]},{"@type":"WebSite","@id":"https:\/\/newsestlyonnais.fr\/site\/#website","url":"https:\/\/newsestlyonnais.fr\/site\/","name":"News Est Lyonnais","description":"L&#039;actualit\u00e9 au plus pr\u00e8s","publisher":{"@id":"https:\/\/newsestlyonnais.fr\/site\/#organization"},"potentialAction":[{"@type":"SearchAction","target":{"@type":"EntryPoint","urlTemplate":"https:\/\/newsestlyonnais.fr\/site\/?s={search_term_string}"},"query-input":{"@type":"PropertyValueSpecification","valueRequired":true,"valueName":"search_term_string"}}],"inLanguage":"fr-FR"},{"@type":"Organization","@id":"https:\/\/newsestlyonnais.fr\/site\/#organization","name":"News EST LYONNAIS","url":"https:\/\/newsestlyonnais.fr\/site\/","logo":{"@type":"ImageObject","inLanguage":"fr-FR","@id":"https:\/\/newsestlyonnais.fr\/site\/#\/schema\/logo\/image\/","url":"","contentUrl":"","caption":"News EST LYONNAIS"},"image":{"@id":"https:\/\/newsestlyonnais.fr\/site\/#\/schema\/logo\/image\/"}},{"@type":"Person","@id":"https:\/\/newsestlyonnais.fr\/site\/#\/schema\/person\/3230d5615f390bb808365d673001e887","name":"R\u00e9dac. NEWS","sameAs":["http:\/\/www.newsestlyonnais.fr","https:\/\/www.facebook.com\/pascal.oberson.1?fref=ts","https:\/\/fr.linkedin.com\/in\/pascal-oberson-b17045113"],"url":"https:\/\/newsestlyonnais.fr\/site\/author\/nel\/"}]}},"_links":{"self":[{"href":"https:\/\/newsestlyonnais.fr\/site\/wp-json\/wp\/v2\/posts\/99980","targetHints":{"allow":["GET"]}}],"collection":[{"href":"https:\/\/newsestlyonnais.fr\/site\/wp-json\/wp\/v2\/posts"}],"about":[{"href":"https:\/\/newsestlyonnais.fr\/site\/wp-json\/wp\/v2\/types\/post"}],"author":[{"embeddable":true,"href":"https:\/\/newsestlyonnais.fr\/site\/wp-json\/wp\/v2\/users\/4"}],"replies":[{"embeddable":true,"href":"https:\/\/newsestlyonnais.fr\/site\/wp-json\/wp\/v2\/comments?post=99980"}],"version-history":[{"count":0,"href":"https:\/\/newsestlyonnais.fr\/site\/wp-json\/wp\/v2\/posts\/99980\/revisions"}],"wp:featuredmedia":[{"embeddable":true,"href":"https:\/\/newsestlyonnais.fr\/site\/wp-json\/wp\/v2\/media\/93755"}],"wp:attachment":[{"href":"https:\/\/newsestlyonnais.fr\/site\/wp-json\/wp\/v2\/media?parent=99980"}],"wp:term":[{"taxonomy":"category","embeddable":true,"href":"https:\/\/newsestlyonnais.fr\/site\/wp-json\/wp\/v2\/categories?post=99980"},{"taxonomy":"post_tag","embeddable":true,"href":"https:\/\/newsestlyonnais.fr\/site\/wp-json\/wp\/v2\/tags?post=99980"}],"curies":[{"name":"wp","href":"https:\/\/api.w.org\/{rel}","templated":true}]}}